{"id":994,"date":"2025-05-21T20:23:12","date_gmt":"2025-05-21T20:23:12","guid":{"rendered":"https:\/\/kaizen-blog.org\/?p=994"},"modified":"2025-05-25T12:22:32","modified_gmt":"2025-05-25T12:22:32","slug":"bekommen-jetzt-alle-abgeschobenen-im-cecot-ein-telekom-handy-gratis-dazu-are-all-deportees-at-cecot-now-getting-a-free-telekom-phone","status":"publish","type":"post","link":"https:\/\/kaizen-blog.org\/en\/bekommen-jetzt-alle-abgeschobenen-im-cecot-ein-telekom-handy-gratis-dazu-are-all-deportees-at-cecot-now-getting-a-free-telekom-phone\/","title":{"rendered":"Are All Deportees at CECOT Now Getting a Free Telekom Phone?"},"content":{"rendered":"<p>How Corporate Executives Like H\u00f6ttges Indulge in Trump\u2019s Illusions.<\/p>\n\n\n\n<p>It is a statement that defies comprehension. Timotheus H\u00f6ttges, CEO of Deutsche Telekom, has publicly praised Donald Trump's reindustrialization policy. During the company\u2019s quarterly earnings presentation on May 15, 2025, he stated that one must recognize that the U.S. is proceeding \u201cstrategically\u201d \u2013 with a focus on energy security, data centers, and reshoring of manufacturing. Europe, he said, should take a page from that playbook. What H\u00f6ttges didn\u2019t mention: the economic indicators underlying this assessment are far from stable under Trump \u2013 they are alarming.<\/p>\n\n\n\n<p>While democratic institutions are under pressure in the U.S. during Trump\u2019s second term, migrants are being deported without legal hearings, and human rights are being systematically violated, it is the CEO of a DAX-listed company who appears impressed by what is increasingly described internationally as the economic fa\u00e7ade of an authoritarian power apparatus. What comes next? A free Telekom phone for every deportee in Nayib Bukele\u2019s CECOT prison?<\/p>\n\n\n\n<p>H\u00f6ttges, whose company profits massively from the American market through T-Mobile USA, not only ignores the actual market realities with his statements \u2013 he also turns a blind eye to the political consequences of the policies he is praising. While hundreds of thousands from Venezuela, Haiti, or El Salvador are deported through questionable fast-track procedures \u2013 many of them to mega-prisons like CECOT near San Salvador \u2013 H\u00f6ttges speaks of competitiveness and strategic foresight. But the economic facts tell a different story.<\/p>\n\n\n\n<p>Industrial production in the U.S. declined by 0.7% in March 2025. The economy contracted by -0.3% in the first quarter. Energy prices are highly volatile, and unemployment is rising in rural regions despite grandiose infrastructure programs. The $200 billion in investments announced by Trump largely exist only on paper \u2013 concrete allocation plans are still missing. At the same time, the federal deficit has surpassed the eight percent mark of GDP, according to the Congressional Budget Office.<\/p>\n\n\n\n<p>Particularly hard hit is agriculture. To prevent a mass extinction of farming businesses \u2013 triggered by Trump\u2019s protectionist tariff policies \u2013 the White House announced $14 billion in direct payments to prevent bankruptcies. It is a paradoxical policy: Trump\u2019s \u201cAmerica First\u201d is costing the American public billions without delivering long-term stability.<\/p>\n\n\n\n<p>H\u00f6ttges\u2019 comments do not come across as a sober assessment, but rather as an expression of economic opportunism \u2013 driven by a company that depends heavily on government approvals and market access in the U.S. The merger with Sprint, approved under Trump\u2019s Justice Department, cemented Deutsche Telekom\u2019s influence in the American market \u2013 now with around 120 million customers.<\/p>\n\n\n\n<p>Especially critical: Deutsche Telekom is partially state-owned. The German federal government holds approximately 30 percent of the company\u2019s shares, directly and indirectly through KfW. That a CEO of such a company would publicly express support for a government that operates through mass deportations, authoritarian decrees, and systemic disenfranchisement raises fundamental questions \u2013 not only about economic judgment but also about moral integrity.<\/p>\n\n\n\n<p>At the same time, tensions exist between corporations like Walmart and the Trump administration, due to announced cuts to social programs and Trump\u2019s demand that companies not pass on price increases caused by new tariffs to consumers. And \u2013 egg prices remain high.<\/p>\n\n\n\n<p>It is this dangerous mix of economic denial and political ignorance that makes executives like H\u00f6ttges a risk \u2013 not only to their own companies but to the very idea of corporate responsibility in a democracy. In a time when court decisions are ignored, minorities are disenfranchised, and people are deported without due process, anyone who holds up Trump as an economic role model disqualifies themselves as a credible leader.<\/p>\n\n\n\n<p>Deutsche Telekom is not just any company. It also stands for European values, the rule of law, and social responsibility. A CEO who becomes intoxicated by the illusion of authoritarian power fails to meet that standard \u2013 he endangers it.<\/p>\n\n\n\n<p>What is needed now is not image repair. What is needed is principle. And consequence. Anyone who praises Trump in this situation is not rising above the debate \u2013 they are placing themselves on the wrong side of history and need to be replaced.<\/p>\n<div class=\"gsp_post_data\" \r\n\t            data-post_type=\"post\" \r\n\t            data-cat=\"eu-news,topstory\" \r\n\t            data-modified=\"120\"\r\n\t            data-created=\"1747858992\"\r\n\t            data-title=\"Bekommen jetzt alle Abgeschobenen im CECOT ein Telekom-Handy gratis dazu?\" \r\n\t            data-home=\"https:\/\/kaizen-blog.org\/en\/\"><\/div>","protected":false},"excerpt":{"rendered":"<p>Wie sich Konzernmanager wie H\u00f6ttges an Trumps Illusionen berauschen. Es ist eine Aussage, die jegliches Verst\u00e4ndnis \u00fcbersteigt. Timotheus H\u00f6ttges, Vorstandsvorsitzender der Deutschen Telekom, hat \u00f6ffentlich Donald Trumps Reindustrialisierungspolitik gelobt. Bei der Pr\u00e4sentation der Quartalszahlen am 15. Mai 2025 erkl\u00e4rte er, man m\u00fcsse anerkennen, dass die USA \u201estrategisch\u201c vorgingen \u2013 mit Fokus auf Energiesicherheit, Datenzentren und [&hellip;]<\/p>\n","protected":false},"author":1,"featured_media":995,"comment_status":"open","ping_status":"open","sticky":false,"template":"","format":"standard","meta":{"_jetpack_memberships_contains_paid_content":false,"footnotes":"","jetpack_publicize_message":"","jetpack_publicize_feature_enabled":true,"jetpack_social_post_already_shared":false,"jetpack_social_options":{"image_generator_settings":{"template":"highway","default_image_id":0,"font":"","enabled":false},"version":2}},"categories":[42,7],"tags":[],"class_list":["post-994","post","type-post","status-publish","format-standard","has-post-thumbnail","hentry","category-eu-news","category-topstory"],"featured_image_src":"https:\/\/i0.wp.com\/kaizen-blog.org\/wp-content\/uploads\/2025\/05\/hoettkes-telekom-trump.webp?fit=988%2C492&ssl=1","author_info":{"display_name":"Rainer Hofmann","author_link":"https:\/\/kaizen-blog.org\/en\/author\/admin\/"},"yoast_head":"<!-- This site is optimized with the Yoast SEO plugin v27.5 - https:\/\/yoast.com\/product\/yoast-seo-wordpress\/ -->\n<title>Bekommen jetzt alle Abgeschobenen im CECOT ein Telekom-Handy gratis dazu? - The Kaizen Blog<\/title>\n<meta name=\"robots\" content=\"index, follow, max-snippet:-1, max-image-preview:large, max-video-preview:-1\" \/>\n<link rel=\"canonical\" href=\"https:\/\/kaizen-blog.org\/en\/bekommen-jetzt-alle-abgeschobenen-im-cecot-ein-telekom-handy-gratis-dazu-are-all-deportees-at-cecot-now-getting-a-free-telekom-phone\/\" \/>\n<meta property=\"og:locale\" content=\"en_US\" \/>\n<meta property=\"og:type\" content=\"article\" \/>\n<meta property=\"og:title\" content=\"Bekommen jetzt alle Abgeschobenen im CECOT ein Telekom-Handy gratis dazu? \/ Are All Deportees at CECOT Now Getting a Free Telekom Phone?\" \/>\n<meta property=\"og:description\" content=\"Wie sich Konzernmanager wie H\u00f6ttges an Trumps Illusionen berauschen. Es ist eine Aussage, die jegliches Verst\u00e4ndnis \u00fcbersteigt. Timotheus H\u00f6ttges, Vorstandsvorsitzender der Deutschen Telekom, hat \u00f6ffentlich Donald Trumps Reindustrialisierungspolitik gelobt. Bei der Pr\u00e4sentation der Quartalszahlen am 15. Mai 2025 erkl\u00e4rte er, man m\u00fcsse anerkennen, dass die USA \u201estrategisch\u201c vorgingen \u2013 mit Fokus auf Energiesicherheit, Datenzentren und [&hellip;]\" \/>\n<meta property=\"og:url\" content=\"https:\/\/kaizen-blog.org\/en\/bekommen-jetzt-alle-abgeschobenen-im-cecot-ein-telekom-handy-gratis-dazu-are-all-deportees-at-cecot-now-getting-a-free-telekom-phone\/\" \/>\n<meta property=\"og:site_name\" content=\"The Kaizen Blog\" \/>\n<meta property=\"article:publisher\" content=\"https:\/\/www.facebook.com\/rainer.hofmann.2025\/\" \/>\n<meta property=\"article:published_time\" content=\"2025-05-21T20:23:12+00:00\" \/>\n<meta property=\"article:modified_time\" content=\"2025-05-25T12:22:32+00:00\" \/>\n<meta property=\"og:image\" content=\"https:\/\/kaizen-blog.org\/wp-content\/uploads\/2025\/05\/hoettkes-telekom-trump.webp\" \/>\n\t<meta property=\"og:image:width\" content=\"988\" \/>\n\t<meta property=\"og:image:height\" content=\"492\" \/>\n\t<meta property=\"og:image:type\" content=\"image\/webp\" \/>\n<meta name=\"author\" content=\"Rainer Hofmann\" \/>\n<meta name=\"twitter:card\" content=\"summary_large_image\" \/>\n<meta name=\"twitter:label1\" content=\"Written by\" \/>\n\t<meta name=\"twitter:data1\" content=\"Rainer Hofmann\" \/>\n\t<meta name=\"twitter:label2\" content=\"Est. reading time\" \/>\n\t<meta name=\"twitter:data2\" content=\"4 minutes\" \/>\n<script type=\"application\/ld+json\" class=\"yoast-schema-graph\">{\"@context\":\"https:\\\/\\\/schema.org\",\"@graph\":[{\"@type\":\"Article\",\"@id\":\"https:\\\/\\\/kaizen-blog.org\\\/bekommen-jetzt-alle-abgeschobenen-im-cecot-ein-telekom-handy-gratis-dazu-are-all-deportees-at-cecot-now-getting-a-free-telekom-phone\\\/#article\",\"isPartOf\":{\"@id\":\"https:\\\/\\\/kaizen-blog.org\\\/bekommen-jetzt-alle-abgeschobenen-im-cecot-ein-telekom-handy-gratis-dazu-are-all-deportees-at-cecot-now-getting-a-free-telekom-phone\\\/\"},\"author\":{\"name\":\"Rainer Hofmann\",\"@id\":\"https:\\\/\\\/kaizen-blog.org\\\/#\\\/schema\\\/person\\\/7d3fc7346e2501a389ea3daa48b99ad0\"},\"headline\":\"Bekommen jetzt alle Abgeschobenen im CECOT ein Telekom-Handy gratis dazu?\",\"datePublished\":\"2025-05-21T20:23:12+00:00\",\"dateModified\":\"2025-05-25T12:22:32+00:00\",\"mainEntityOfPage\":{\"@id\":\"https:\\\/\\\/kaizen-blog.org\\\/bekommen-jetzt-alle-abgeschobenen-im-cecot-ein-telekom-handy-gratis-dazu-are-all-deportees-at-cecot-now-getting-a-free-telekom-phone\\\/\"},\"wordCount\":695,\"commentCount\":0,\"image\":{\"@id\":\"https:\\\/\\\/kaizen-blog.org\\\/bekommen-jetzt-alle-abgeschobenen-im-cecot-ein-telekom-handy-gratis-dazu-are-all-deportees-at-cecot-now-getting-a-free-telekom-phone\\\/#primaryimage\"},\"thumbnailUrl\":\"https:\\\/\\\/i0.wp.com\\\/kaizen-blog.org\\\/wp-content\\\/uploads\\\/2025\\\/05\\\/hoettkes-telekom-trump.webp?fit=988%2C492&ssl=1\",\"articleSection\":[\"EU News\",\"Topstory\"],\"inLanguage\":\"en-US\",\"potentialAction\":[{\"@type\":\"CommentAction\",\"name\":\"Comment\",\"target\":[\"https:\\\/\\\/kaizen-blog.org\\\/bekommen-jetzt-alle-abgeschobenen-im-cecot-ein-telekom-handy-gratis-dazu-are-all-deportees-at-cecot-now-getting-a-free-telekom-phone\\\/#respond\"]}]},{\"@type\":\"WebPage\",\"@id\":\"https:\\\/\\\/kaizen-blog.org\\\/bekommen-jetzt-alle-abgeschobenen-im-cecot-ein-telekom-handy-gratis-dazu-are-all-deportees-at-cecot-now-getting-a-free-telekom-phone\\\/\",\"url\":\"https:\\\/\\\/kaizen-blog.org\\\/bekommen-jetzt-alle-abgeschobenen-im-cecot-ein-telekom-handy-gratis-dazu-are-all-deportees-at-cecot-now-getting-a-free-telekom-phone\\\/\",\"name\":\"Bekommen jetzt alle Abgeschobenen im CECOT ein Telekom-Handy gratis dazu? - The Kaizen Blog\",\"isPartOf\":{\"@id\":\"https:\\\/\\\/kaizen-blog.org\\\/#website\"},\"primaryImageOfPage\":{\"@id\":\"https:\\\/\\\/kaizen-blog.org\\\/bekommen-jetzt-alle-abgeschobenen-im-cecot-ein-telekom-handy-gratis-dazu-are-all-deportees-at-cecot-now-getting-a-free-telekom-phone\\\/#primaryimage\"},\"image\":{\"@id\":\"https:\\\/\\\/kaizen-blog.org\\\/bekommen-jetzt-alle-abgeschobenen-im-cecot-ein-telekom-handy-gratis-dazu-are-all-deportees-at-cecot-now-getting-a-free-telekom-phone\\\/#primaryimage\"},\"thumbnailUrl\":\"https:\\\/\\\/i0.wp.com\\\/kaizen-blog.org\\\/wp-content\\\/uploads\\\/2025\\\/05\\\/hoettkes-telekom-trump.webp?fit=988%2C492&ssl=1\",\"datePublished\":\"2025-05-21T20:23:12+00:00\",\"dateModified\":\"2025-05-25T12:22:32+00:00\",\"author\":{\"@id\":\"https:\\\/\\\/kaizen-blog.org\\\/#\\\/schema\\\/person\\\/7d3fc7346e2501a389ea3daa48b99ad0\"},\"breadcrumb\":{\"@id\":\"https:\\\/\\\/kaizen-blog.org\\\/bekommen-jetzt-alle-abgeschobenen-im-cecot-ein-telekom-handy-gratis-dazu-are-all-deportees-at-cecot-now-getting-a-free-telekom-phone\\\/#breadcrumb\"},\"inLanguage\":\"en-US\",\"potentialAction\":[{\"@type\":\"ReadAction\",\"target\":[\"https:\\\/\\\/kaizen-blog.org\\\/bekommen-jetzt-alle-abgeschobenen-im-cecot-ein-telekom-handy-gratis-dazu-are-all-deportees-at-cecot-now-getting-a-free-telekom-phone\\\/\"]}]},{\"@type\":\"ImageObject\",\"inLanguage\":\"en-US\",\"@id\":\"https:\\\/\\\/kaizen-blog.org\\\/bekommen-jetzt-alle-abgeschobenen-im-cecot-ein-telekom-handy-gratis-dazu-are-all-deportees-at-cecot-now-getting-a-free-telekom-phone\\\/#primaryimage\",\"url\":\"https:\\\/\\\/i0.wp.com\\\/kaizen-blog.org\\\/wp-content\\\/uploads\\\/2025\\\/05\\\/hoettkes-telekom-trump.webp?fit=988%2C492&ssl=1\",\"contentUrl\":\"https:\\\/\\\/i0.wp.com\\\/kaizen-blog.org\\\/wp-content\\\/uploads\\\/2025\\\/05\\\/hoettkes-telekom-trump.webp?fit=988%2C492&ssl=1\",\"width\":988,\"height\":492},{\"@type\":\"BreadcrumbList\",\"@id\":\"https:\\\/\\\/kaizen-blog.org\\\/bekommen-jetzt-alle-abgeschobenen-im-cecot-ein-telekom-handy-gratis-dazu-are-all-deportees-at-cecot-now-getting-a-free-telekom-phone\\\/#breadcrumb\",\"itemListElement\":[{\"@type\":\"ListItem\",\"position\":1,\"name\":\"Startseite\",\"item\":\"https:\\\/\\\/kaizen-blog.org\\\/\"},{\"@type\":\"ListItem\",\"position\":2,\"name\":\"Bekommen jetzt alle Abgeschobenen im CECOT ein Telekom-Handy gratis dazu?\"}]},{\"@type\":\"WebSite\",\"@id\":\"https:\\\/\\\/kaizen-blog.org\\\/#website\",\"url\":\"https:\\\/\\\/kaizen-blog.org\\\/\",\"name\":\"The Kaizen Blog\",\"description\":\"Investigativer Journalismus\",\"potentialAction\":[{\"@type\":\"SearchAction\",\"target\":{\"@type\":\"EntryPoint\",\"urlTemplate\":\"https:\\\/\\\/kaizen-blog.org\\\/?s={search_term_string}\"},\"query-input\":{\"@type\":\"PropertyValueSpecification\",\"valueRequired\":true,\"valueName\":\"search_term_string\"}}],\"inLanguage\":\"en-US\"},{\"@type\":\"Person\",\"@id\":\"https:\\\/\\\/kaizen-blog.org\\\/#\\\/schema\\\/person\\\/7d3fc7346e2501a389ea3daa48b99ad0\",\"name\":\"Rainer Hofmann\",\"image\":{\"@type\":\"ImageObject\",\"inLanguage\":\"en-US\",\"@id\":\"\\\/\\\/www.gravatar.com\\\/avatar\\\/21e5b26d4f12b21206d8094d7aea4ab6?s=96&#038;r=g&#038;d=initials\",\"url\":\"\\\/\\\/www.gravatar.com\\\/avatar\\\/21e5b26d4f12b21206d8094d7aea4ab6?s=96&#038;r=g&#038;d=initials\",\"contentUrl\":\"\\\/\\\/www.gravatar.com\\\/avatar\\\/21e5b26d4f12b21206d8094d7aea4ab6?s=96&#038;r=g&#038;d=initials\",\"caption\":\"Rainer Hofmann\"},\"sameAs\":[\"https:\\\/\\\/kaizen-blog.org\"],\"url\":\"https:\\\/\\\/kaizen-blog.org\\\/en\\\/author\\\/admin\\\/\"}]}<\/script>\n<!-- \/ Yoast SEO plugin. -->","yoast_head_json":{"title":"Bekommen jetzt alle Abgeschobenen im CECOT ein Telekom-Handy gratis dazu? - The Kaizen Blog","robots":{"index":"index","follow":"follow","max-snippet":"max-snippet:-1","max-image-preview":"max-image-preview:large","max-video-preview":"max-video-preview:-1"},"canonical":"https:\/\/kaizen-blog.org\/en\/bekommen-jetzt-alle-abgeschobenen-im-cecot-ein-telekom-handy-gratis-dazu-are-all-deportees-at-cecot-now-getting-a-free-telekom-phone\/","og_locale":"en_US","og_type":"article","og_title":"Bekommen jetzt alle Abgeschobenen im CECOT ein Telekom-Handy gratis dazu? \/ Are All Deportees at CECOT Now Getting a Free Telekom Phone?","og_description":"Wie sich Konzernmanager wie H\u00f6ttges an Trumps Illusionen berauschen. Es ist eine Aussage, die jegliches Verst\u00e4ndnis \u00fcbersteigt. Timotheus H\u00f6ttges, Vorstandsvorsitzender der Deutschen Telekom, hat \u00f6ffentlich Donald Trumps Reindustrialisierungspolitik gelobt. Bei der Pr\u00e4sentation der Quartalszahlen am 15. Mai 2025 erkl\u00e4rte er, man m\u00fcsse anerkennen, dass die USA \u201estrategisch\u201c vorgingen \u2013 mit Fokus auf Energiesicherheit, Datenzentren und [&hellip;]","og_url":"https:\/\/kaizen-blog.org\/en\/bekommen-jetzt-alle-abgeschobenen-im-cecot-ein-telekom-handy-gratis-dazu-are-all-deportees-at-cecot-now-getting-a-free-telekom-phone\/","og_site_name":"The Kaizen Blog","article_publisher":"https:\/\/www.facebook.com\/rainer.hofmann.2025\/","article_published_time":"2025-05-21T20:23:12+00:00","article_modified_time":"2025-05-25T12:22:32+00:00","og_image":[{"width":988,"height":492,"url":"https:\/\/kaizen-blog.org\/wp-content\/uploads\/2025\/05\/hoettkes-telekom-trump.webp","type":"image\/webp"}],"author":"Rainer Hofmann","twitter_card":"summary_large_image","twitter_misc":{"Written by":"Rainer Hofmann","Est. reading time":"4 minutes"},"schema":{"@context":"https:\/\/schema.org","@graph":[{"@type":"Article","@id":"https:\/\/kaizen-blog.org\/bekommen-jetzt-alle-abgeschobenen-im-cecot-ein-telekom-handy-gratis-dazu-are-all-deportees-at-cecot-now-getting-a-free-telekom-phone\/#article","isPartOf":{"@id":"https:\/\/kaizen-blog.org\/bekommen-jetzt-alle-abgeschobenen-im-cecot-ein-telekom-handy-gratis-dazu-are-all-deportees-at-cecot-now-getting-a-free-telekom-phone\/"},"author":{"name":"Rainer Hofmann","@id":"https:\/\/kaizen-blog.org\/#\/schema\/person\/7d3fc7346e2501a389ea3daa48b99ad0"},"headline":"Bekommen jetzt alle Abgeschobenen im CECOT ein Telekom-Handy gratis dazu?","datePublished":"2025-05-21T20:23:12+00:00","dateModified":"2025-05-25T12:22:32+00:00","mainEntityOfPage":{"@id":"https:\/\/kaizen-blog.org\/bekommen-jetzt-alle-abgeschobenen-im-cecot-ein-telekom-handy-gratis-dazu-are-all-deportees-at-cecot-now-getting-a-free-telekom-phone\/"},"wordCount":695,"commentCount":0,"image":{"@id":"https:\/\/kaizen-blog.org\/bekommen-jetzt-alle-abgeschobenen-im-cecot-ein-telekom-handy-gratis-dazu-are-all-deportees-at-cecot-now-getting-a-free-telekom-phone\/#primaryimage"},"thumbnailUrl":"https:\/\/i0.wp.com\/kaizen-blog.org\/wp-content\/uploads\/2025\/05\/hoettkes-telekom-trump.webp?fit=988%2C492&ssl=1","articleSection":["EU News","Topstory"],"inLanguage":"en-US","potentialAction":[{"@type":"CommentAction","name":"Comment","target":["https:\/\/kaizen-blog.org\/bekommen-jetzt-alle-abgeschobenen-im-cecot-ein-telekom-handy-gratis-dazu-are-all-deportees-at-cecot-now-getting-a-free-telekom-phone\/#respond"]}]},{"@type":"WebPage","@id":"https:\/\/kaizen-blog.org\/bekommen-jetzt-alle-abgeschobenen-im-cecot-ein-telekom-handy-gratis-dazu-are-all-deportees-at-cecot-now-getting-a-free-telekom-phone\/","url":"https:\/\/kaizen-blog.org\/bekommen-jetzt-alle-abgeschobenen-im-cecot-ein-telekom-handy-gratis-dazu-are-all-deportees-at-cecot-now-getting-a-free-telekom-phone\/","name":"Bekommen jetzt alle Abgeschobenen im CECOT ein Telekom-Handy gratis dazu? - The Kaizen Blog","isPartOf":{"@id":"https:\/\/kaizen-blog.org\/#website"},"primaryImageOfPage":{"@id":"https:\/\/kaizen-blog.org\/bekommen-jetzt-alle-abgeschobenen-im-cecot-ein-telekom-handy-gratis-dazu-are-all-deportees-at-cecot-now-getting-a-free-telekom-phone\/#primaryimage"},"image":{"@id":"https:\/\/kaizen-blog.org\/bekommen-jetzt-alle-abgeschobenen-im-cecot-ein-telekom-handy-gratis-dazu-are-all-deportees-at-cecot-now-getting-a-free-telekom-phone\/#primaryimage"},"thumbnailUrl":"https:\/\/i0.wp.com\/kaizen-blog.org\/wp-content\/uploads\/2025\/05\/hoettkes-telekom-trump.webp?fit=988%2C492&ssl=1","datePublished":"2025-05-21T20:23:12+00:00","dateModified":"2025-05-25T12:22:32+00:00","author":{"@id":"https:\/\/kaizen-blog.org\/#\/schema\/person\/7d3fc7346e2501a389ea3daa48b99ad0"},"breadcrumb":{"@id":"https:\/\/kaizen-blog.org\/bekommen-jetzt-alle-abgeschobenen-im-cecot-ein-telekom-handy-gratis-dazu-are-all-deportees-at-cecot-now-getting-a-free-telekom-phone\/#breadcrumb"},"inLanguage":"en-US","potentialAction":[{"@type":"ReadAction","target":["https:\/\/kaizen-blog.org\/bekommen-jetzt-alle-abgeschobenen-im-cecot-ein-telekom-handy-gratis-dazu-are-all-deportees-at-cecot-now-getting-a-free-telekom-phone\/"]}]},{"@type":"ImageObject","inLanguage":"en-US","@id":"https:\/\/kaizen-blog.org\/bekommen-jetzt-alle-abgeschobenen-im-cecot-ein-telekom-handy-gratis-dazu-are-all-deportees-at-cecot-now-getting-a-free-telekom-phone\/#primaryimage","url":"https:\/\/i0.wp.com\/kaizen-blog.org\/wp-content\/uploads\/2025\/05\/hoettkes-telekom-trump.webp?fit=988%2C492&ssl=1","contentUrl":"https:\/\/i0.wp.com\/kaizen-blog.org\/wp-content\/uploads\/2025\/05\/hoettkes-telekom-trump.webp?fit=988%2C492&ssl=1","width":988,"height":492},{"@type":"BreadcrumbList","@id":"https:\/\/kaizen-blog.org\/bekommen-jetzt-alle-abgeschobenen-im-cecot-ein-telekom-handy-gratis-dazu-are-all-deportees-at-cecot-now-getting-a-free-telekom-phone\/#breadcrumb","itemListElement":[{"@type":"ListItem","position":1,"name":"Startseite","item":"https:\/\/kaizen-blog.org\/"},{"@type":"ListItem","position":2,"name":"Bekommen jetzt alle Abgeschobenen im CECOT ein Telekom-Handy gratis dazu?"}]},{"@type":"WebSite","@id":"https:\/\/kaizen-blog.org\/#website","url":"https:\/\/kaizen-blog.org\/","name":"The Kaizen Blog","description":"Investigative Journalism","potentialAction":[{"@type":"SearchAction","target":{"@type":"EntryPoint","urlTemplate":"https:\/\/kaizen-blog.org\/?s={search_term_string}"},"query-input":{"@type":"PropertyValueSpecification","valueRequired":true,"valueName":"search_term_string"}}],"inLanguage":"en-US"},{"@type":"Person","@id":"https:\/\/kaizen-blog.org\/#\/schema\/person\/7d3fc7346e2501a389ea3daa48b99ad0","name":"Rainer Hofmann","image":{"@type":"ImageObject","inLanguage":"en-US","@id":"\/\/www.gravatar.com\/avatar\/21e5b26d4f12b21206d8094d7aea4ab6?s=96&#038;r=g&#038;d=initials","url":"\/\/www.gravatar.com\/avatar\/21e5b26d4f12b21206d8094d7aea4ab6?s=96&#038;r=g&#038;d=initials","contentUrl":"\/\/www.gravatar.com\/avatar\/21e5b26d4f12b21206d8094d7aea4ab6?s=96&#038;r=g&#038;d=initials","caption":"Rainer Hofmann"},"sameAs":["https:\/\/kaizen-blog.org"],"url":"https:\/\/kaizen-blog.org\/en\/author\/admin\/"}]}},"jetpack_publicize_connections":[],"jetpack_featured_media_url":"https:\/\/i0.wp.com\/kaizen-blog.org\/wp-content\/uploads\/2025\/05\/hoettkes-telekom-trump.webp?fit=988%2C492&ssl=1","jetpack_sharing_enabled":true,"jetpack-related-posts":[{"id":6017,"url":"https:\/\/kaizen-blog.org\/en\/waffenstillstand-oder-wunschdenken-trumps-triumphansage-trifft-auf-iranisches-dementi\/","url_meta":{"origin":994,"position":0},"title":"Ceasefire or Wishful Thinking? - Trump's Triumphant Claim Meets Iranian Denial","author":"Rainer Hofmann","date":"June 24, 2025","format":false,"excerpt":"Washington \/ Teheran \/ Tel Aviv \u2013 In den fr\u00fchen Morgenstunden des 24. Juni 2025 schien der Krieg zwischen Israel und Iran an einem Wendepunkt angelangt \u2013 zumindest nach den Worten von US-Pr\u00e4sident Donald Trump. Auf seiner Plattform Truth Social verk\u00fcndete er feierlich, Israel und Iran h\u00e4tten einem \u201evollst\u00e4ndigen und\u2026","rel":"","context":"In &quot;Topstory&quot;","block_context":{"text":"Topstory","link":"https:\/\/kaizen-blog.org\/en\/category\/topstory\/"},"img":{"alt_text":"","src":"https:\/\/i0.wp.com\/kaizen-blog.org\/wp-content\/uploads\/2025\/06\/irancase.webp?fit=850%2C508&ssl=1&resize=350%2C200","width":350,"height":200,"srcset":"https:\/\/i0.wp.com\/kaizen-blog.org\/wp-content\/uploads\/2025\/06\/irancase.webp?fit=850%2C508&ssl=1&resize=350%2C200 1x, https:\/\/i0.wp.com\/kaizen-blog.org\/wp-content\/uploads\/2025\/06\/irancase.webp?fit=850%2C508&ssl=1&resize=525%2C300 1.5x, https:\/\/i0.wp.com\/kaizen-blog.org\/wp-content\/uploads\/2025\/06\/irancase.webp?fit=850%2C508&ssl=1&resize=700%2C400 2x"},"classes":[]},{"id":5295,"url":"https:\/\/kaizen-blog.org\/en\/vertraut-mir-trumps-stille-botschaften-im-tobenden-maga-buergerkrieg\/","url_meta":{"origin":994,"position":1},"title":"\"Trust Me\" \u2013 Trump's Quiet Messages Amid the Raging MAGA Civil War","author":"Rainer Hofmann","date":"June 19, 2025","format":false,"excerpt":"Washington, 19. Juni 2025 \u2013 In einem Wei\u00dfen Haus, das derzeit mehr an einen Streichelzoo mit Tollwutverdacht erinnert als an eine pr\u00e4sidiale Schaltzentrale, l\u00e4uft eine diskrete Operation zur Schadensbegrenzung: Donald Trump versucht, die zersplitterte MAGA-Gemeinde mit leisen Botschaften und geheimen Telefonaten wieder auf Linie zu bringen. Es ist ein Versuch,\u2026","rel":"","context":"In &quot;Topstory&quot;","block_context":{"text":"Topstory","link":"https:\/\/kaizen-blog.org\/en\/category\/topstory\/"},"img":{"alt_text":"","src":"https:\/\/i0.wp.com\/kaizen-blog.org\/wp-content\/uploads\/2025\/06\/big.webp?fit=850%2C508&ssl=1&resize=350%2C200","width":350,"height":200,"srcset":"https:\/\/i0.wp.com\/kaizen-blog.org\/wp-content\/uploads\/2025\/06\/big.webp?fit=850%2C508&ssl=1&resize=350%2C200 1x, https:\/\/i0.wp.com\/kaizen-blog.org\/wp-content\/uploads\/2025\/06\/big.webp?fit=850%2C508&ssl=1&resize=525%2C300 1.5x, https:\/\/i0.wp.com\/kaizen-blog.org\/wp-content\/uploads\/2025\/06\/big.webp?fit=850%2C508&ssl=1&resize=700%2C400 2x"},"classes":[]},{"id":4664,"url":"https:\/\/kaizen-blog.org\/en\/trumps-nahost-fantasie-trifft-auf-die-realitaet-der-g7-geburtswuensche-von-putin\/","url_meta":{"origin":994,"position":2},"title":"Trump\u2019s Middle East Fantasy Meets the Reality of the G7 - Birthday Wishes from Putin","author":"Rainer Hofmann","date":"June 15, 2025","format":false,"excerpt":"Als Donald Trump am 15. Juni 2025 zum G7-Gipfel in den kanadischen Rockies eintraf, traf er auf eine g\u00e4nzlich andere Agenda, als er sich ausgemalt hatte. W\u00e4hrend der US-Pr\u00e4sident auf Truth Social erneut vollmundig erkl\u00e4rte, \u201eFrieden zwischen Israel und Iran\u201c st\u00fcnde kurz bevor, versuchen europ\u00e4ische Staats- und Regierungschefs seither, ihn\u2026","rel":"","context":"In &quot;Topstory&quot;","block_context":{"text":"Topstory","link":"https:\/\/kaizen-blog.org\/en\/category\/topstory\/"},"img":{"alt_text":"","src":"https:\/\/i0.wp.com\/kaizen-blog.org\/wp-content\/uploads\/2025\/06\/groupofseven.webp?fit=850%2C508&ssl=1&resize=350%2C200","width":350,"height":200,"srcset":"https:\/\/i0.wp.com\/kaizen-blog.org\/wp-content\/uploads\/2025\/06\/groupofseven.webp?fit=850%2C508&ssl=1&resize=350%2C200 1x, https:\/\/i0.wp.com\/kaizen-blog.org\/wp-content\/uploads\/2025\/06\/groupofseven.webp?fit=850%2C508&ssl=1&resize=525%2C300 1.5x, https:\/\/i0.wp.com\/kaizen-blog.org\/wp-content\/uploads\/2025\/06\/groupofseven.webp?fit=850%2C508&ssl=1&resize=700%2C400 2x"},"classes":[]},{"id":15963,"url":"https:\/\/kaizen-blog.org\/en\/zwischen-angriff-und-treueschwur-trumps-peinlicher-auftritt-bei-den-vereinten-nationen\/","url_meta":{"origin":994,"position":3},"title":"Between Attack and Pledge of Loyalty - Trump\u2019s Embarrassing Appearance at the United Nations","author":"Rainer Hofmann","date":"September 23, 2025","format":false,"excerpt":"Am 23. September 2025 verwandelte Donald Trump die Generaldebatte der Vereinten Nationen in New York in ein Schauspiel zwischen Provokation und Beschwichtigung. Sein Auftritt war mehr als eine Rede, er war eine Inszenierung der Widerspr\u00fcche, die seine Politik seit Jahren pr\u00e4gen \u2013 lautstarke Angriffe auf multilaterale Strukturen, gefolgt von einem\u2026","rel":"","context":"In &quot;Topstory&quot;","block_context":{"text":"Topstory","link":"https:\/\/kaizen-blog.org\/en\/category\/topstory\/"},"img":{"alt_text":"","src":"https:\/\/i0.wp.com\/kaizen-blog.org\/wp-content\/uploads\/2025\/09\/Dein-Abschnittstext21.jpg?fit=905%2C505&ssl=1&resize=350%2C200","width":350,"height":200,"srcset":"https:\/\/i0.wp.com\/kaizen-blog.org\/wp-content\/uploads\/2025\/09\/Dein-Abschnittstext21.jpg?fit=905%2C505&ssl=1&resize=350%2C200 1x, https:\/\/i0.wp.com\/kaizen-blog.org\/wp-content\/uploads\/2025\/09\/Dein-Abschnittstext21.jpg?fit=905%2C505&ssl=1&resize=525%2C300 1.5x, https:\/\/i0.wp.com\/kaizen-blog.org\/wp-content\/uploads\/2025\/09\/Dein-Abschnittstext21.jpg?fit=905%2C505&ssl=1&resize=700%2C400 2x"},"classes":[]},{"id":5156,"url":"https:\/\/kaizen-blog.org\/en\/ultimatum-an-die-welt-wie-trumps-neues-einreise-diktat-36-laender-unter-druck-setzt\/","url_meta":{"origin":994,"position":4},"title":"Ultimatum to the World - How Trump's New Entry Decree Puts 36 Countries Under Pressure","author":"Rainer Hofmann","date":"June 18, 2025","format":false,"excerpt":"Es ist ein Schreiben, das wirkt wie aus einer anderen \u00c4ra \u2013 aus der Zeit der Kolonialm\u00e4chte oder der Drohbriefe des Kalten Krieges. Am Wochenende verschickte das US-Au\u00dfenministerium im Auftrag von Pr\u00e4sident Donald Trump ein diplomatisches Kabel an die Botschaften und Konsulate in 36 L\u00e4ndern \u2013 die meisten davon in\u2026","rel":"","context":"In &quot;Deportations Under Trump&quot;","block_context":{"text":"Deportations Under Trump","link":"https:\/\/kaizen-blog.org\/en\/category\/deportations-under-trump\/"},"img":{"alt_text":"","src":"https:\/\/i0.wp.com\/kaizen-blog.org\/wp-content\/uploads\/2025\/06\/trump36.webp?fit=850%2C508&ssl=1&resize=350%2C200","width":350,"height":200,"srcset":"https:\/\/i0.wp.com\/kaizen-blog.org\/wp-content\/uploads\/2025\/06\/trump36.webp?fit=850%2C508&ssl=1&resize=350%2C200 1x, https:\/\/i0.wp.com\/kaizen-blog.org\/wp-content\/uploads\/2025\/06\/trump36.webp?fit=850%2C508&ssl=1&resize=525%2C300 1.5x, https:\/\/i0.wp.com\/kaizen-blog.org\/wp-content\/uploads\/2025\/06\/trump36.webp?fit=850%2C508&ssl=1&resize=700%2C400 2x"},"classes":[]},{"id":9123,"url":"https:\/\/kaizen-blog.org\/en\/ein-befreiungsschlag-der-keiner-ist-trumps-vorstoss-zu-den-epstein-akten-offenbart-politische-panik\/","url_meta":{"origin":994,"position":5},"title":"A Strike for Liberation That Isn't One \u2013 Trump's Push for the Epstein Files Reveals Political Panic","author":"Rainer Hofmann","date":"July 18, 2025","format":false,"excerpt":"Es war ein Versuch, die Kontrolle zur\u00fcckzugewinnen \u2013 doch er verr\u00e4t vor allem, wie sehr sie dem Pr\u00e4sidenten entgleitet. Donald Trump hat am Donnerstagabend angek\u00fcndigt, Justizministerin Pam Bondi zu autorisieren, beim Bundesgericht die Freigabe der Aussagen aus der Grand Jury im Fall Jeffrey Epstein zu beantragen. Was auf den ersten\u2026","rel":"","context":"In &quot;Topstory&quot;","block_context":{"text":"Topstory","link":"https:\/\/kaizen-blog.org\/en\/category\/topstory\/"},"img":{"alt_text":"","src":"https:\/\/i0.wp.com\/kaizen-blog.org\/wp-content\/uploads\/2025\/07\/Kopie-von-Social-Kaizen10.webp?fit=900%2C508&ssl=1&resize=350%2C200","width":350,"height":200,"srcset":"https:\/\/i0.wp.com\/kaizen-blog.org\/wp-content\/uploads\/2025\/07\/Kopie-von-Social-Kaizen10.webp?fit=900%2C508&ssl=1&resize=350%2C200 1x, https:\/\/i0.wp.com\/kaizen-blog.org\/wp-content\/uploads\/2025\/07\/Kopie-von-Social-Kaizen10.webp?fit=900%2C508&ssl=1&resize=525%2C300 1.5x, https:\/\/i0.wp.com\/kaizen-blog.org\/wp-content\/uploads\/2025\/07\/Kopie-von-Social-Kaizen10.webp?fit=900%2C508&ssl=1&resize=700%2C400 2x"},"classes":[]}],"_links":{"self":[{"href":"https:\/\/kaizen-blog.org\/en\/wp-json\/wp\/v2\/posts\/994","targetHints":{"allow":["GET"]}}],"collection":[{"href":"https:\/\/kaizen-blog.org\/en\/wp-json\/wp\/v2\/posts"}],"about":[{"href":"https:\/\/kaizen-blog.org\/en\/wp-json\/wp\/v2\/types\/post"}],"author":[{"embeddable":true,"href":"https:\/\/kaizen-blog.org\/en\/wp-json\/wp\/v2\/users\/1"}],"replies":[{"embeddable":true,"href":"https:\/\/kaizen-blog.org\/en\/wp-json\/wp\/v2\/comments?post=994"}],"version-history":[{"count":0,"href":"https:\/\/kaizen-blog.org\/en\/wp-json\/wp\/v2\/posts\/994\/revisions"}],"wp:featuredmedia":[{"embeddable":true,"href":"https:\/\/kaizen-blog.org\/en\/wp-json\/wp\/v2\/media\/995"}],"wp:attachment":[{"href":"https:\/\/kaizen-blog.org\/en\/wp-json\/wp\/v2\/media?parent=994"}],"wp:term":[{"taxonomy":"category","embeddable":true,"href":"https:\/\/kaizen-blog.org\/en\/wp-json\/wp\/v2\/categories?post=994"},{"taxonomy":"post_tag","embeddable":true,"href":"https:\/\/kaizen-blog.org\/en\/wp-json\/wp\/v2\/tags?post=994"}],"curies":[{"name":"wp","href":"https:\/\/api.w.org\/{rel}","templated":true}]}}