{"id":968,"date":"2025-05-21T16:07:30","date_gmt":"2025-05-21T16:07:30","guid":{"rendered":"https:\/\/kaizen-blog.org\/?p=968"},"modified":"2025-05-25T13:17:45","modified_gmt":"2025-05-25T13:17:45","slug":"jetzt-zeigt-euer-gesicht-der-moment-der-wahrheit-fuer-die-afd-waehler-now-show-your-face-the-moment-of-truth-for-afd-voters","status":"publish","type":"post","link":"https:\/\/kaizen-blog.org\/en\/jetzt-zeigt-euer-gesicht-der-moment-der-wahrheit-fuer-die-afd-waehler-now-show-your-face-the-moment-of-truth-for-afd-voters\/","title":{"rendered":"\"Now Show Your Face\" \u2013 The Moment of Truth for AfD Voters"},"content":{"rendered":"<p class=\"wp-block-paragraph\">A quiet but unmistakable crack is running through the republic. A report from the Office for the Protection of the Constitution, dry in tone, unambiguous in consequence: the Alternative for Germany has been classified as proven right-wing extremist in several federal states - and nationwide as a suspected right-wing extremist case. In the end, I believe it will be the Federal Constitutional Court that delivers the final ruling on the intelligence agency's assessment. A legal diagnosis, yes. But also a moral mirror. Because with it, a political gut feeling becomes an official diagnosis. And a protest voter suddenly becomes someone who has to show their true colors.<\/p>\n\n\n\n<p class=\"wp-block-paragraph\">Now show your face.<\/p>\n\n\n\n<p class=\"wp-block-paragraph\">Until now, it was easy. You could vote for the AfD and hide behind it - behind frustration over refugee policy, COVID measures, or \"gender madness.\" Behind the sentence: \"I'm not a Nazi, but ...\" But that sentence no longer holds. Anyone who votes for the AfD today is making a conscious decision. For a party whose leading figures defamed the Holocaust Memorial as a \"monument of shame,\" that mocks democratic institutions and seeks to disenfranchise entire population groups. Whoever still checks the AfD box now knows exactly what they're doing.<\/p>\n\n\n\n<p class=\"wp-block-paragraph\">You\u2019ll have to decide: Do I stand on the side of democracy - or do I align with those who want to destroy it?<\/p>\n\n\n\n<p class=\"wp-block-paragraph\">The Social Mask Falls<\/p>\n\n\n\n<p class=\"wp-block-paragraph\">The impact of the report doesn\u2019t just unfold on paper. It is social. Professional. Personal. No one will be able to say: \u201cI didn\u2019t know.\u201d Voting for the AfD becomes a public act - with consequences. Colleagues will look more closely. Circles of friends will grow more alert. Employers will begin to ask: Do I want to employ someone who supports a right-wing extremist party?<\/p>\n\n\n\n<p class=\"wp-block-paragraph\">History knows these tipping points. In the 1950s, it was the banning of the SRP, the Socialist Reich Party - a haven for old Nazis. When the Federal Constitutional Court banned it in 1952 as unconstitutional, it ended the attempt to establish Nazi ideology under a new name. And with the ban came social ostracism.<\/p>\n\n\n\n<p class=\"wp-block-paragraph\">An even more fitting example, however, is the NPD.<br>There were two attempts to ban it - most recently in 2017. The Constitutional Court reached a clear conclusion: the NPD is racist, v\u00f6lkisch, anti-constitutional. Merely too insignificant to be dangerous. Yet even without a ban, the effect was devastating: the party was politically isolated, socially shunned, legally disarmed.<\/p>\n\n\n\n<p class=\"wp-block-paragraph\">Anyone who publicly aligned with the NPD placed themselves on the fringe. The term \"Nazi\" was clearly assigned. The party fell - not legally, but socially.<\/p>\n\n\n\n<p class=\"wp-block-paragraph\">And that is exactly where the AfD now stands - on the threshold of the same isolation. The difference? It is larger, more successful, more dangerous. But it too could fall - once the mask has finally slipped.<\/p>\n\n\n\n<p class=\"wp-block-paragraph\">The Silent Withdrawal \u2013 and the Silence of the Functionaries<\/p>\n\n\n\n<p class=\"wp-block-paragraph\">Already, the first local politicians are leaving the party. Quietly. Without press releases. Not out of remorse, but because the cost is rising. Suddenly, it's no longer enough to just rage against \"those at the top.\" Now it's about personal responsibility. About what remains when the protest vocabulary is stripped away - and the bare resentment becomes visible underneath.<\/p>\n\n\n\n<p class=\"wp-block-paragraph\">Whoever puts up AfD posters these days wears a label: follower or true believer. Both are dangerous. But the followers who still hope right-wing extremism can be downplayed or sugar-coated may now jump ship - if they find the courage.<\/p>\n\n\n\n<p class=\"wp-block-paragraph\">A Party Without a Mask<\/p>\n\n\n\n<p class=\"wp-block-paragraph\">The AfD has radicalized. Not in backrooms, but on open stages. With H\u00f6cke, Krah, Bystron, 2x Kotr\u00e9......  With its alignment with the New Right, with identitarian circles, with enemies of democracy. The bourgeois mask has fallen. What remains is a hard ideological core - and a frightening echo on the marketplaces of the East. But that echo is not inevitable. It can be shaped. Because even in Thuringia, Saxony, and Brandenburg, there are people who refuse to give up the democratic consensus.<\/p>\n\n\n\n<p class=\"wp-block-paragraph\">The question is: How many people really want to be seen as Nazis?<\/p>\n\n\n\n<p class=\"wp-block-paragraph\">How many will continue to carry this party - and how many will turn away once they realize that they themselves are suddenly the ones being meant?<\/p>\n\n\n\n<p class=\"wp-block-paragraph\">\"It is the hour of decision. For voters. For functionaries. For everyone who believes the AfD is something good. But then take off the mask - good luck explaining that. Even to your neighbor.\"<\/p>\n<div class=\"gsp_post_data\" \r\n\t            data-post_type=\"post\" \r\n\t            data-cat=\"afd-no-thanks\" \r\n\t            data-modified=\"120\"\r\n\t            data-created=\"1747843650\"\r\n\t            data-title=\"\u201eJetzt zeigt euer Gesicht\u201c \u2013 Der Moment der Wahrheit f\u00fcr die AfD-W\u00e4hler\" \r\n\t            data-home=\"https:\/\/kaizen-blog.org\/en\/\"><\/div>","protected":false},"excerpt":{"rendered":"<p>Es ist ein leiser, aber un\u00fcberh\u00f6rbarer Riss, der durch die Republik geht. Ein Gutachten des Verfassungsschutzes, trocken im Ton, eindeutig in der Konsequenz: Die Alternative f\u00fcr Deutschland ist in mehreren Bundesl\u00e4ndern als erwiesen rechtsextrem eingestuft \u2013 und bundesweit ein rechtsextremer Verdachtsfall. Das Bundesverfassungsgericht wird endg\u00fcltig am Ende \u00fcber das Gutachten des Verfassungsschutzes entscheiden, davon gehe [&hellip;]<\/p>\n","protected":false},"author":1,"featured_media":969,"comment_status":"open","ping_status":"open","sticky":false,"template":"","format":"standard","meta":{"_jetpack_newsletter_access":"","_jetpack_dont_email_post_to_subs":false,"_jetpack_newsletter_tier_id":0,"_jetpack_memberships_contains_paywalled_content":false,"iawp_total_views":0,"_jetpack_feature_clip_id":0,"_jetpack_memberships_contains_paid_content":false,"footnotes":"","jetpack_post_was_ever_published":false},"categories":[33],"tags":[],"class_list":["post-968","post","type-post","status-publish","format-standard","has-post-thumbnail","hentry","category-afd-no-thanks"],"yoast_head":"<!-- This site is optimized with the Yoast SEO plugin v28.3 - https:\/\/yoast.com\/product\/yoast-seo-wordpress\/ -->\n<title>\u201eJetzt zeigt euer Gesicht\u201c \u2013 Der Moment der Wahrheit f\u00fcr die AfD-W\u00e4hler - The Kaizen Blog<\/title>\n<meta name=\"robots\" content=\"index, follow, max-snippet:-1, max-image-preview:large, max-video-preview:-1\" \/>\n<link rel=\"canonical\" href=\"https:\/\/kaizen-blog.org\/en\/jetzt-zeigt-euer-gesicht-der-moment-der-wahrheit-fuer-die-afd-waehler-now-show-your-face-the-moment-of-truth-for-afd-voters\/\" \/>\n<meta property=\"og:locale\" content=\"en_US\" \/>\n<meta property=\"og:type\" content=\"article\" \/>\n<meta property=\"og:title\" content=\"\u201eJetzt zeigt euer Gesicht\u201c \u2013 Der Moment der Wahrheit f\u00fcr die AfD-W\u00e4hler \/ &quot;Now Show Your Face&quot; \u2013 The Moment of Truth for AfD Voters\" \/>\n<meta property=\"og:description\" content=\"Es ist ein leiser, aber un\u00fcberh\u00f6rbarer Riss, der durch die Republik geht. Ein Gutachten des Verfassungsschutzes, trocken im Ton, eindeutig in der Konsequenz: Die Alternative f\u00fcr Deutschland ist in mehreren Bundesl\u00e4ndern als erwiesen rechtsextrem eingestuft \u2013 und bundesweit ein rechtsextremer Verdachtsfall. Das Bundesverfassungsgericht wird endg\u00fcltig am Ende \u00fcber das Gutachten des Verfassungsschutzes entscheiden, davon gehe [&hellip;]\" \/>\n<meta property=\"og:url\" content=\"https:\/\/kaizen-blog.org\/en\/jetzt-zeigt-euer-gesicht-der-moment-der-wahrheit-fuer-die-afd-waehler-now-show-your-face-the-moment-of-truth-for-afd-voters\/\" \/>\n<meta property=\"og:site_name\" content=\"The Kaizen Blog\" \/>\n<meta property=\"article:publisher\" content=\"https:\/\/www.facebook.com\/rainer.hofmann.2025\/\" \/>\n<meta property=\"article:published_time\" content=\"2025-05-21T16:07:30+00:00\" \/>\n<meta property=\"article:modified_time\" content=\"2025-05-25T13:17:45+00:00\" \/>\n<meta property=\"og:image\" content=\"https:\/\/kaizen-blog.org\/wp-content\/uploads\/2025\/05\/afd-maske.webp\" \/>\n\t<meta property=\"og:image:width\" content=\"1536\" \/>\n\t<meta property=\"og:image:height\" content=\"1024\" \/>\n\t<meta property=\"og:image:type\" content=\"image\/webp\" \/>\n<meta name=\"author\" content=\"Rainer Hofmann\" \/>\n<meta name=\"twitter:card\" content=\"summary_large_image\" \/>\n<meta name=\"twitter:label1\" content=\"Written by\" \/>\n\t<meta name=\"twitter:data1\" content=\"Rainer Hofmann\" \/>\n\t<meta name=\"twitter:label2\" content=\"Est. reading time\" \/>\n\t<meta name=\"twitter:data2\" content=\"4 minutes\" \/>\n<script type=\"application\/ld+json\" class=\"yoast-schema-graph\">{\"@context\":\"https:\\\/\\\/schema.org\",\"@graph\":[{\"@type\":\"Article\",\"@id\":\"https:\\\/\\\/kaizen-blog.org\\\/jetzt-zeigt-euer-gesicht-der-moment-der-wahrheit-fuer-die-afd-waehler-now-show-your-face-the-moment-of-truth-for-afd-voters\\\/#article\",\"isPartOf\":{\"@id\":\"https:\\\/\\\/kaizen-blog.org\\\/jetzt-zeigt-euer-gesicht-der-moment-der-wahrheit-fuer-die-afd-waehler-now-show-your-face-the-moment-of-truth-for-afd-voters\\\/\"},\"author\":{\"name\":\"Rainer Hofmann\",\"@id\":\"https:\\\/\\\/kaizen-blog.org\\\/#\\\/schema\\\/person\\\/7d3fc7346e2501a389ea3daa48b99ad0\"},\"headline\":\"\u201eJetzt zeigt euer Gesicht\u201c \u2013 Der Moment der Wahrheit f\u00fcr die AfD-W\u00e4hler\",\"datePublished\":\"2025-05-21T16:07:30+00:00\",\"dateModified\":\"2025-05-25T13:17:45+00:00\",\"mainEntityOfPage\":{\"@id\":\"https:\\\/\\\/kaizen-blog.org\\\/jetzt-zeigt-euer-gesicht-der-moment-der-wahrheit-fuer-die-afd-waehler-now-show-your-face-the-moment-of-truth-for-afd-voters\\\/\"},\"wordCount\":718,\"commentCount\":0,\"image\":{\"@id\":\"https:\\\/\\\/kaizen-blog.org\\\/jetzt-zeigt-euer-gesicht-der-moment-der-wahrheit-fuer-die-afd-waehler-now-show-your-face-the-moment-of-truth-for-afd-voters\\\/#primaryimage\"},\"thumbnailUrl\":\"https:\\\/\\\/i0.wp.com\\\/kaizen-blog.org\\\/wp-content\\\/uploads\\\/2025\\\/05\\\/afd-maske.webp?fit=1536%2C1024&ssl=1\",\"articleSection\":[\"AFD - \\\"No Thanks\\\"\"],\"inLanguage\":\"en-US\",\"potentialAction\":[{\"@type\":\"CommentAction\",\"name\":\"Comment\",\"target\":[\"https:\\\/\\\/kaizen-blog.org\\\/jetzt-zeigt-euer-gesicht-der-moment-der-wahrheit-fuer-die-afd-waehler-now-show-your-face-the-moment-of-truth-for-afd-voters\\\/#respond\"]}]},{\"@type\":\"WebPage\",\"@id\":\"https:\\\/\\\/kaizen-blog.org\\\/jetzt-zeigt-euer-gesicht-der-moment-der-wahrheit-fuer-die-afd-waehler-now-show-your-face-the-moment-of-truth-for-afd-voters\\\/\",\"url\":\"https:\\\/\\\/kaizen-blog.org\\\/jetzt-zeigt-euer-gesicht-der-moment-der-wahrheit-fuer-die-afd-waehler-now-show-your-face-the-moment-of-truth-for-afd-voters\\\/\",\"name\":\"\u201eJetzt zeigt euer Gesicht\u201c \u2013 Der Moment der Wahrheit f\u00fcr die AfD-W\u00e4hler - The Kaizen Blog\",\"isPartOf\":{\"@id\":\"https:\\\/\\\/kaizen-blog.org\\\/#website\"},\"primaryImageOfPage\":{\"@id\":\"https:\\\/\\\/kaizen-blog.org\\\/jetzt-zeigt-euer-gesicht-der-moment-der-wahrheit-fuer-die-afd-waehler-now-show-your-face-the-moment-of-truth-for-afd-voters\\\/#primaryimage\"},\"image\":{\"@id\":\"https:\\\/\\\/kaizen-blog.org\\\/jetzt-zeigt-euer-gesicht-der-moment-der-wahrheit-fuer-die-afd-waehler-now-show-your-face-the-moment-of-truth-for-afd-voters\\\/#primaryimage\"},\"thumbnailUrl\":\"https:\\\/\\\/i0.wp.com\\\/kaizen-blog.org\\\/wp-content\\\/uploads\\\/2025\\\/05\\\/afd-maske.webp?fit=1536%2C1024&ssl=1\",\"datePublished\":\"2025-05-21T16:07:30+00:00\",\"dateModified\":\"2025-05-25T13:17:45+00:00\",\"author\":{\"@id\":\"https:\\\/\\\/kaizen-blog.org\\\/#\\\/schema\\\/person\\\/7d3fc7346e2501a389ea3daa48b99ad0\"},\"breadcrumb\":{\"@id\":\"https:\\\/\\\/kaizen-blog.org\\\/jetzt-zeigt-euer-gesicht-der-moment-der-wahrheit-fuer-die-afd-waehler-now-show-your-face-the-moment-of-truth-for-afd-voters\\\/#breadcrumb\"},\"inLanguage\":\"en-US\",\"potentialAction\":[{\"@type\":\"ReadAction\",\"target\":[\"https:\\\/\\\/kaizen-blog.org\\\/jetzt-zeigt-euer-gesicht-der-moment-der-wahrheit-fuer-die-afd-waehler-now-show-your-face-the-moment-of-truth-for-afd-voters\\\/\"]}]},{\"@type\":\"ImageObject\",\"inLanguage\":\"en-US\",\"@id\":\"https:\\\/\\\/kaizen-blog.org\\\/jetzt-zeigt-euer-gesicht-der-moment-der-wahrheit-fuer-die-afd-waehler-now-show-your-face-the-moment-of-truth-for-afd-voters\\\/#primaryimage\",\"url\":\"https:\\\/\\\/i0.wp.com\\\/kaizen-blog.org\\\/wp-content\\\/uploads\\\/2025\\\/05\\\/afd-maske.webp?fit=1536%2C1024&ssl=1\",\"contentUrl\":\"https:\\\/\\\/i0.wp.com\\\/kaizen-blog.org\\\/wp-content\\\/uploads\\\/2025\\\/05\\\/afd-maske.webp?fit=1536%2C1024&ssl=1\",\"width\":1536,\"height\":1024},{\"@type\":\"BreadcrumbList\",\"@id\":\"https:\\\/\\\/kaizen-blog.org\\\/jetzt-zeigt-euer-gesicht-der-moment-der-wahrheit-fuer-die-afd-waehler-now-show-your-face-the-moment-of-truth-for-afd-voters\\\/#breadcrumb\",\"itemListElement\":[{\"@type\":\"ListItem\",\"position\":1,\"name\":\"Startseite\",\"item\":\"https:\\\/\\\/kaizen-blog.org\\\/\"},{\"@type\":\"ListItem\",\"position\":2,\"name\":\"\u201eJetzt zeigt euer Gesicht\u201c \u2013 Der Moment der Wahrheit f\u00fcr die AfD-W\u00e4hler\"}]},{\"@type\":\"WebSite\",\"@id\":\"https:\\\/\\\/kaizen-blog.org\\\/#website\",\"url\":\"https:\\\/\\\/kaizen-blog.org\\\/\",\"name\":\"The Kaizen Blog\",\"description\":\"Investigativer Journalismus\",\"potentialAction\":[{\"@type\":\"SearchAction\",\"target\":{\"@type\":\"EntryPoint\",\"urlTemplate\":\"https:\\\/\\\/kaizen-blog.org\\\/?s={search_term_string}\"},\"query-input\":{\"@type\":\"PropertyValueSpecification\",\"valueRequired\":true,\"valueName\":\"search_term_string\"}}],\"inLanguage\":\"en-US\"},{\"@type\":\"Person\",\"@id\":\"https:\\\/\\\/kaizen-blog.org\\\/#\\\/schema\\\/person\\\/7d3fc7346e2501a389ea3daa48b99ad0\",\"name\":\"Rainer Hofmann\",\"image\":{\"@type\":\"ImageObject\",\"inLanguage\":\"en-US\",\"@id\":\"\\\/\\\/www.gravatar.com\\\/avatar\\\/21e5b26d4f12b21206d8094d7aea4ab6?s=96&#038;r=g&#038;d=initials\",\"url\":\"\\\/\\\/www.gravatar.com\\\/avatar\\\/21e5b26d4f12b21206d8094d7aea4ab6?s=96&#038;r=g&#038;d=initials\",\"contentUrl\":\"\\\/\\\/www.gravatar.com\\\/avatar\\\/21e5b26d4f12b21206d8094d7aea4ab6?s=96&#038;r=g&#038;d=initials\",\"caption\":\"Rainer Hofmann\"},\"sameAs\":[\"https:\\\/\\\/kaizen-blog.org\"],\"url\":\"https:\\\/\\\/kaizen-blog.org\\\/en\\\/author\\\/admin\\\/\"}]}<\/script>\n<!-- \/ Yoast SEO plugin. -->","yoast_head_json":{"title":"\u201eJetzt zeigt euer Gesicht\u201c \u2013 Der Moment der Wahrheit f\u00fcr die AfD-W\u00e4hler - The Kaizen Blog","robots":{"index":"index","follow":"follow","max-snippet":"max-snippet:-1","max-image-preview":"max-image-preview:large","max-video-preview":"max-video-preview:-1"},"canonical":"https:\/\/kaizen-blog.org\/en\/jetzt-zeigt-euer-gesicht-der-moment-der-wahrheit-fuer-die-afd-waehler-now-show-your-face-the-moment-of-truth-for-afd-voters\/","og_locale":"en_US","og_type":"article","og_title":"\u201eJetzt zeigt euer Gesicht\u201c \u2013 Der Moment der Wahrheit f\u00fcr die AfD-W\u00e4hler \/ \"Now Show Your Face\" \u2013 The Moment of Truth for AfD Voters","og_description":"Es ist ein leiser, aber un\u00fcberh\u00f6rbarer Riss, der durch die Republik geht. Ein Gutachten des Verfassungsschutzes, trocken im Ton, eindeutig in der Konsequenz: Die Alternative f\u00fcr Deutschland ist in mehreren Bundesl\u00e4ndern als erwiesen rechtsextrem eingestuft \u2013 und bundesweit ein rechtsextremer Verdachtsfall. Das Bundesverfassungsgericht wird endg\u00fcltig am Ende \u00fcber das Gutachten des Verfassungsschutzes entscheiden, davon gehe [&hellip;]","og_url":"https:\/\/kaizen-blog.org\/en\/jetzt-zeigt-euer-gesicht-der-moment-der-wahrheit-fuer-die-afd-waehler-now-show-your-face-the-moment-of-truth-for-afd-voters\/","og_site_name":"The Kaizen Blog","article_publisher":"https:\/\/www.facebook.com\/rainer.hofmann.2025\/","article_published_time":"2025-05-21T16:07:30+00:00","article_modified_time":"2025-05-25T13:17:45+00:00","og_image":[{"width":1536,"height":1024,"url":"https:\/\/kaizen-blog.org\/wp-content\/uploads\/2025\/05\/afd-maske.webp","type":"image\/webp"}],"author":"Rainer Hofmann","twitter_card":"summary_large_image","twitter_misc":{"Written by":"Rainer Hofmann","Est. reading time":"4 minutes"},"schema":{"@context":"https:\/\/schema.org","@graph":[{"@type":"Article","@id":"https:\/\/kaizen-blog.org\/jetzt-zeigt-euer-gesicht-der-moment-der-wahrheit-fuer-die-afd-waehler-now-show-your-face-the-moment-of-truth-for-afd-voters\/#article","isPartOf":{"@id":"https:\/\/kaizen-blog.org\/jetzt-zeigt-euer-gesicht-der-moment-der-wahrheit-fuer-die-afd-waehler-now-show-your-face-the-moment-of-truth-for-afd-voters\/"},"author":{"name":"Rainer Hofmann","@id":"https:\/\/kaizen-blog.org\/#\/schema\/person\/7d3fc7346e2501a389ea3daa48b99ad0"},"headline":"\u201eJetzt zeigt euer Gesicht\u201c \u2013 Der Moment der Wahrheit f\u00fcr die AfD-W\u00e4hler","datePublished":"2025-05-21T16:07:30+00:00","dateModified":"2025-05-25T13:17:45+00:00","mainEntityOfPage":{"@id":"https:\/\/kaizen-blog.org\/jetzt-zeigt-euer-gesicht-der-moment-der-wahrheit-fuer-die-afd-waehler-now-show-your-face-the-moment-of-truth-for-afd-voters\/"},"wordCount":718,"commentCount":0,"image":{"@id":"https:\/\/kaizen-blog.org\/jetzt-zeigt-euer-gesicht-der-moment-der-wahrheit-fuer-die-afd-waehler-now-show-your-face-the-moment-of-truth-for-afd-voters\/#primaryimage"},"thumbnailUrl":"https:\/\/i0.wp.com\/kaizen-blog.org\/wp-content\/uploads\/2025\/05\/afd-maske.webp?fit=1536%2C1024&ssl=1","articleSection":["AFD - \"No Thanks\""],"inLanguage":"en-US","potentialAction":[{"@type":"CommentAction","name":"Comment","target":["https:\/\/kaizen-blog.org\/jetzt-zeigt-euer-gesicht-der-moment-der-wahrheit-fuer-die-afd-waehler-now-show-your-face-the-moment-of-truth-for-afd-voters\/#respond"]}]},{"@type":"WebPage","@id":"https:\/\/kaizen-blog.org\/jetzt-zeigt-euer-gesicht-der-moment-der-wahrheit-fuer-die-afd-waehler-now-show-your-face-the-moment-of-truth-for-afd-voters\/","url":"https:\/\/kaizen-blog.org\/jetzt-zeigt-euer-gesicht-der-moment-der-wahrheit-fuer-die-afd-waehler-now-show-your-face-the-moment-of-truth-for-afd-voters\/","name":"\u201eJetzt zeigt euer Gesicht\u201c \u2013 Der Moment der Wahrheit f\u00fcr die AfD-W\u00e4hler - The Kaizen Blog","isPartOf":{"@id":"https:\/\/kaizen-blog.org\/#website"},"primaryImageOfPage":{"@id":"https:\/\/kaizen-blog.org\/jetzt-zeigt-euer-gesicht-der-moment-der-wahrheit-fuer-die-afd-waehler-now-show-your-face-the-moment-of-truth-for-afd-voters\/#primaryimage"},"image":{"@id":"https:\/\/kaizen-blog.org\/jetzt-zeigt-euer-gesicht-der-moment-der-wahrheit-fuer-die-afd-waehler-now-show-your-face-the-moment-of-truth-for-afd-voters\/#primaryimage"},"thumbnailUrl":"https:\/\/i0.wp.com\/kaizen-blog.org\/wp-content\/uploads\/2025\/05\/afd-maske.webp?fit=1536%2C1024&ssl=1","datePublished":"2025-05-21T16:07:30+00:00","dateModified":"2025-05-25T13:17:45+00:00","author":{"@id":"https:\/\/kaizen-blog.org\/#\/schema\/person\/7d3fc7346e2501a389ea3daa48b99ad0"},"breadcrumb":{"@id":"https:\/\/kaizen-blog.org\/jetzt-zeigt-euer-gesicht-der-moment-der-wahrheit-fuer-die-afd-waehler-now-show-your-face-the-moment-of-truth-for-afd-voters\/#breadcrumb"},"inLanguage":"en-US","potentialAction":[{"@type":"ReadAction","target":["https:\/\/kaizen-blog.org\/jetzt-zeigt-euer-gesicht-der-moment-der-wahrheit-fuer-die-afd-waehler-now-show-your-face-the-moment-of-truth-for-afd-voters\/"]}]},{"@type":"ImageObject","inLanguage":"en-US","@id":"https:\/\/kaizen-blog.org\/jetzt-zeigt-euer-gesicht-der-moment-der-wahrheit-fuer-die-afd-waehler-now-show-your-face-the-moment-of-truth-for-afd-voters\/#primaryimage","url":"https:\/\/i0.wp.com\/kaizen-blog.org\/wp-content\/uploads\/2025\/05\/afd-maske.webp?fit=1536%2C1024&ssl=1","contentUrl":"https:\/\/i0.wp.com\/kaizen-blog.org\/wp-content\/uploads\/2025\/05\/afd-maske.webp?fit=1536%2C1024&ssl=1","width":1536,"height":1024},{"@type":"BreadcrumbList","@id":"https:\/\/kaizen-blog.org\/jetzt-zeigt-euer-gesicht-der-moment-der-wahrheit-fuer-die-afd-waehler-now-show-your-face-the-moment-of-truth-for-afd-voters\/#breadcrumb","itemListElement":[{"@type":"ListItem","position":1,"name":"Startseite","item":"https:\/\/kaizen-blog.org\/"},{"@type":"ListItem","position":2,"name":"\u201eJetzt zeigt euer Gesicht\u201c \u2013 Der Moment der Wahrheit f\u00fcr die AfD-W\u00e4hler"}]},{"@type":"WebSite","@id":"https:\/\/kaizen-blog.org\/#website","url":"https:\/\/kaizen-blog.org\/","name":"The Kaizen Blog","description":"Investigative Journalism","potentialAction":[{"@type":"SearchAction","target":{"@type":"EntryPoint","urlTemplate":"https:\/\/kaizen-blog.org\/?s={search_term_string}"},"query-input":{"@type":"PropertyValueSpecification","valueRequired":true,"valueName":"search_term_string"}}],"inLanguage":"en-US"},{"@type":"Person","@id":"https:\/\/kaizen-blog.org\/#\/schema\/person\/7d3fc7346e2501a389ea3daa48b99ad0","name":"Rainer Hofmann","image":{"@type":"ImageObject","inLanguage":"en-US","@id":"\/\/www.gravatar.com\/avatar\/21e5b26d4f12b21206d8094d7aea4ab6?s=96&#038;r=g&#038;d=initials","url":"\/\/www.gravatar.com\/avatar\/21e5b26d4f12b21206d8094d7aea4ab6?s=96&#038;r=g&#038;d=initials","contentUrl":"\/\/www.gravatar.com\/avatar\/21e5b26d4f12b21206d8094d7aea4ab6?s=96&#038;r=g&#038;d=initials","caption":"Rainer Hofmann"},"sameAs":["https:\/\/kaizen-blog.org"],"url":"https:\/\/kaizen-blog.org\/en\/author\/admin\/"}]}},"jetpack_sharing_enabled":true,"jetpack-related-posts":[{"id":6597,"url":"https:\/\/kaizen-blog.org\/en\/der-preis-der-verblendung-wie-billig-alice-weidel-deutschland-verkauft\/","url_meta":{"origin":968,"position":0},"title":"The Price of Delusion \u2013 How Cheaply Alice Weidel Sells Out Germany","author":"Rainer Hofmann","date":"28. June 2025","format":false,"excerpt":"Es ist ein Schauspiel der politischen Zersetzung, das sich t\u00e4glich auf dem Account von Alice Weidel abspielt \u2013 der Co-Vorsitzenden einer Partei, die sich l\u00e4ngst nicht mehr mit demokratischem Anstand, sondern mit kalkulierter Eskalation inszeniert. Mit Rhetorik aus dem Giftschrank der Geschichte, mit Angst statt Argumenten, mit Hass statt Haltung.\u2026","rel":"","context":"In &quot;AFD - \"No Thanks\"&quot;","block_context":{"text":"AFD - \"No Thanks\"","link":"https:\/\/kaizen-blog.org\/en\/category\/afd-no-thanks\/"},"img":{"alt_text":"","src":"https:\/\/i0.wp.com\/kaizen-blog.org\/wp-content\/uploads\/2025\/06\/Kopie-von-Photo-by-ZVG132.webp?fit=850%2C508&ssl=1&resize=350%2C200","width":350,"height":200,"srcset":"https:\/\/i0.wp.com\/kaizen-blog.org\/wp-content\/uploads\/2025\/06\/Kopie-von-Photo-by-ZVG132.webp?fit=850%2C508&ssl=1&resize=350%2C200 1x, https:\/\/i0.wp.com\/kaizen-blog.org\/wp-content\/uploads\/2025\/06\/Kopie-von-Photo-by-ZVG132.webp?fit=850%2C508&ssl=1&resize=525%2C300 1.5x, https:\/\/i0.wp.com\/kaizen-blog.org\/wp-content\/uploads\/2025\/06\/Kopie-von-Photo-by-ZVG132.webp?fit=850%2C508&ssl=1&resize=700%2C400 2x"},"classes":[]},{"id":2203,"url":"https:\/\/kaizen-blog.org\/en\/eine-klimaaktivistin-ist-zu-gefaehrlich-fuer-das-klassenzimmer-und-rechte-sind-jetzt-die-neuen-kuschelbaeren\/","url_meta":{"origin":968,"position":1},"title":"\"A climate activist is too dangerous for the classroom - and the far right are now the new teddy bears\"","author":"Rainer Hofmann","date":"13. February 2025","format":false,"excerpt":"Es gibt Momente, da fragt man sich, ob in diesem Land \u00fcberhaupt noch jemand hinschaut. W\u00e4hrend eine Klimaaktivistin in Bayern nicht Lehrerin werden darf, weil ihr Engagement angeblich nicht mit der Verfassung vereinbar sei, unterrichtet ein Bj\u00f6rn H\u00f6cke einst als Lehrer Geschichte und darf heute ungehindert in der Politik den\u2026","rel":"","context":"In &quot;AFD - \"No Thanks\"&quot;","block_context":{"text":"AFD - \"No Thanks\"","link":"https:\/\/kaizen-blog.org\/en\/category\/afd-no-thanks\/"},"img":{"alt_text":"","src":"https:\/\/i0.wp.com\/kaizen-blog.org\/wp-content\/uploads\/2025\/05\/Klimaaktivistin-Rechte-Kuschelbaeren.webp?fit=998%2C524&ssl=1&resize=350%2C200","width":350,"height":200,"srcset":"https:\/\/i0.wp.com\/kaizen-blog.org\/wp-content\/uploads\/2025\/05\/Klimaaktivistin-Rechte-Kuschelbaeren.webp?fit=998%2C524&ssl=1&resize=350%2C200 1x, https:\/\/i0.wp.com\/kaizen-blog.org\/wp-content\/uploads\/2025\/05\/Klimaaktivistin-Rechte-Kuschelbaeren.webp?fit=998%2C524&ssl=1&resize=525%2C300 1.5x, https:\/\/i0.wp.com\/kaizen-blog.org\/wp-content\/uploads\/2025\/05\/Klimaaktivistin-Rechte-Kuschelbaeren.webp?fit=998%2C524&ssl=1&resize=700%2C400 2x"},"classes":[]},{"id":30298,"url":"https:\/\/kaizen-blog.org\/en\/weidel-und-die-organisierte-taeuschung\/","url_meta":{"origin":968,"position":2},"title":"Weidel and the Organized Deception","author":"Rainer Hofmann","date":"27. February 2026","format":false,"excerpt":"Man m\u00fcsste blind sein, um es zu \u00fcbersehen: Die Schlagzeile schreibt sich selbst, w\u00e4hrend sie dich anl\u00fcgt. \u201eBundesverfassungsschutz verliert\" \u2013 das klingt nach endg\u00fcltiger Niederlage, nach juristischem Kollaps, nach einer Partie, die zu Ende ist. Aber eine Eilentscheidung ist keine Partie. Eine Eilentscheidung ist eine Pause im Spiel. Die Verwechslung\u2026","rel":"","context":"In &quot;AFD - \"No Thanks\"&quot;","block_context":{"text":"AFD - \"No Thanks\"","link":"https:\/\/kaizen-blog.org\/en\/category\/afd-no-thanks\/"},"img":{"alt_text":"","src":"https:\/\/i0.wp.com\/kaizen-blog.org\/wp-content\/uploads\/2026\/02\/kaizennewsday-2026-02-27T125630.718.webp?fit=905%2C500&ssl=1&resize=350%2C200","width":350,"height":200,"srcset":"https:\/\/i0.wp.com\/kaizen-blog.org\/wp-content\/uploads\/2026\/02\/kaizennewsday-2026-02-27T125630.718.webp?fit=905%2C500&ssl=1&resize=350%2C200 1x, https:\/\/i0.wp.com\/kaizen-blog.org\/wp-content\/uploads\/2026\/02\/kaizennewsday-2026-02-27T125630.718.webp?fit=905%2C500&ssl=1&resize=525%2C300 1.5x, https:\/\/i0.wp.com\/kaizen-blog.org\/wp-content\/uploads\/2026\/02\/kaizennewsday-2026-02-27T125630.718.webp?fit=905%2C500&ssl=1&resize=700%2C400 2x"},"classes":[]},{"id":24173,"url":"https:\/\/kaizen-blog.org\/en\/ein-verlorenes-verfahren-und-eine-bewusst-erzaehlte-unwahrheit-von-klar-alice-weidel\/","url_meta":{"origin":968,"position":3},"title":"A Lost Case \u2013 and a Deliberately Told Untruth by \u2026, clearly, Alice Weidel","author":"Rainer Hofmann","date":"20. December 2025","format":false,"excerpt":"Was Alice Weidel derzeit als Triumph verkauft, ist bei genauer Betrachtung das Gegenteil. Das Urteil vom 18. Dezember 2025, des Verwaltungsgerichts Weimar, AZ 8 K 1271\/23 We ist klar, n\u00fcchtern und deutlich \u2013 und es widerspricht dem Bild, das Weidel \u00f6ffentlich zeichnet. Die AfD hat ihre Klage in fast allen\u2026","rel":"","context":"In &quot;EU News&quot;","block_context":{"text":"EU News","link":"https:\/\/kaizen-blog.org\/en\/category\/eu-news\/"},"img":{"alt_text":"","src":"https:\/\/i0.wp.com\/kaizen-blog.org\/wp-content\/uploads\/2025\/12\/batch_kaizennewsday-2025-12-20T033058.551.webp?fit=905%2C500&ssl=1&resize=350%2C200","width":350,"height":200,"srcset":"https:\/\/i0.wp.com\/kaizen-blog.org\/wp-content\/uploads\/2025\/12\/batch_kaizennewsday-2025-12-20T033058.551.webp?fit=905%2C500&ssl=1&resize=350%2C200 1x, https:\/\/i0.wp.com\/kaizen-blog.org\/wp-content\/uploads\/2025\/12\/batch_kaizennewsday-2025-12-20T033058.551.webp?fit=905%2C500&ssl=1&resize=525%2C300 1.5x, https:\/\/i0.wp.com\/kaizen-blog.org\/wp-content\/uploads\/2025\/12\/batch_kaizennewsday-2025-12-20T033058.551.webp?fit=905%2C500&ssl=1&resize=700%2C400 2x"},"classes":[]},{"id":230,"url":"https:\/\/kaizen-blog.org\/en\/230-2\/","url_meta":{"origin":968,"position":4},"title":"The Irony of Democracy","author":"Rainer Hofmann","date":"8. May 2025","format":false,"excerpt":"AfD und die Stille des Verfassungsschutzes Es sind manchmal gerade die leisen Ereignisse, die mit besonders lautem Echo nachhallen. So auch jene Entscheidung, mit der das Bundesamt f\u00fcr Verfassungsschutz (BfV) j\u00fcngst die Einstufung der AfD als \"gesichert rechtsextremistisch\" vorerst auf Eis legte. Eine \"Stillhaltezusage\" nennt man das, ein beh\u00f6rdlicher Begriff,\u2026","rel":"","context":"In &quot;AFD - \"No Thanks\"&quot;","block_context":{"text":"AFD - \"No Thanks\"","link":"https:\/\/kaizen-blog.org\/en\/category\/afd-no-thanks\/"},"img":{"alt_text":"","src":"https:\/\/i0.wp.com\/kaizen-blog.org\/wp-content\/uploads\/2025\/05\/AFD-Verfassungsschutz-ausgesetzt.png?fit=984%2C510&ssl=1&resize=350%2C200","width":350,"height":200,"srcset":"https:\/\/i0.wp.com\/kaizen-blog.org\/wp-content\/uploads\/2025\/05\/AFD-Verfassungsschutz-ausgesetzt.png?fit=984%2C510&ssl=1&resize=350%2C200 1x, https:\/\/i0.wp.com\/kaizen-blog.org\/wp-content\/uploads\/2025\/05\/AFD-Verfassungsschutz-ausgesetzt.png?fit=984%2C510&ssl=1&resize=525%2C300 1.5x, https:\/\/i0.wp.com\/kaizen-blog.org\/wp-content\/uploads\/2025\/05\/AFD-Verfassungsschutz-ausgesetzt.png?fit=984%2C510&ssl=1&resize=700%2C400 2x"},"classes":[]},{"id":26403,"url":"https:\/\/kaizen-blog.org\/en\/von-butterpreisen-zu-brandstiftern-wie-offen-rechtsextreme-heute-hofiert-werden\/","url_meta":{"origin":968,"position":5},"title":"From butter prices to arsonists \u2013 how openly far-right extremists are being courted today","author":"Rainer Hofmann","date":"17. January 2026","format":false,"excerpt":"Man muss sich das einmal wirklich vor Augen f\u00fchren. Eine AfD-Landtagsabgeordnete sagt ihre eigene Veranstaltung ab \u2013 und tritt stattdessen gemeinsam mit Martin Sellner auf, einem der bekanntesten Gesichter der Identit\u00e4ren Bewegung. \u00d6ffentlich angek\u00fcndigt, offen beworben, mit direkter Einladung an Unterst\u00fctzer. Lena Kotr\u00e9 bedankt sich f\u00fcr die Einladung, nimmt sie\u2026","rel":"","context":"In &quot;AFD - \"No Thanks\"&quot;","block_context":{"text":"AFD - \"No Thanks\"","link":"https:\/\/kaizen-blog.org\/en\/category\/afd-no-thanks\/"},"img":{"alt_text":"","src":"https:\/\/i0.wp.com\/kaizen-blog.org\/wp-content\/uploads\/2026\/01\/kaizennewsday-2026-01-17T021452.052.webp?fit=905%2C500&ssl=1&resize=350%2C200","width":350,"height":200,"srcset":"https:\/\/i0.wp.com\/kaizen-blog.org\/wp-content\/uploads\/2026\/01\/kaizennewsday-2026-01-17T021452.052.webp?fit=905%2C500&ssl=1&resize=350%2C200 1x, https:\/\/i0.wp.com\/kaizen-blog.org\/wp-content\/uploads\/2026\/01\/kaizennewsday-2026-01-17T021452.052.webp?fit=905%2C500&ssl=1&resize=525%2C300 1.5x, https:\/\/i0.wp.com\/kaizen-blog.org\/wp-content\/uploads\/2026\/01\/kaizennewsday-2026-01-17T021452.052.webp?fit=905%2C500&ssl=1&resize=700%2C400 2x"},"classes":[]}],"jetpack_featured_media_url":"https:\/\/i0.wp.com\/kaizen-blog.org\/wp-content\/uploads\/2025\/05\/afd-maske.webp?fit=1536%2C1024&ssl=1","_links":{"self":[{"href":"https:\/\/kaizen-blog.org\/en\/wp-json\/wp\/v2\/posts\/968","targetHints":{"allow":["GET"]}}],"collection":[{"href":"https:\/\/kaizen-blog.org\/en\/wp-json\/wp\/v2\/posts"}],"about":[{"href":"https:\/\/kaizen-blog.org\/en\/wp-json\/wp\/v2\/types\/post"}],"author":[{"embeddable":true,"href":"https:\/\/kaizen-blog.org\/en\/wp-json\/wp\/v2\/users\/1"}],"replies":[{"embeddable":true,"href":"https:\/\/kaizen-blog.org\/en\/wp-json\/wp\/v2\/comments?post=968"}],"version-history":[{"count":0,"href":"https:\/\/kaizen-blog.org\/en\/wp-json\/wp\/v2\/posts\/968\/revisions"}],"wp:featuredmedia":[{"embeddable":true,"href":"https:\/\/kaizen-blog.org\/en\/wp-json\/wp\/v2\/media\/969"}],"wp:attachment":[{"href":"https:\/\/kaizen-blog.org\/en\/wp-json\/wp\/v2\/media?parent=968"}],"wp:term":[{"taxonomy":"category","embeddable":true,"href":"https:\/\/kaizen-blog.org\/en\/wp-json\/wp\/v2\/categories?post=968"},{"taxonomy":"post_tag","embeddable":true,"href":"https:\/\/kaizen-blog.org\/en\/wp-json\/wp\/v2\/tags?post=968"}],"curies":[{"name":"wp","href":"https:\/\/api.w.org\/{rel}","templated":true}]}}