{"id":5801,"date":"2025-06-22T18:15:30","date_gmt":"2025-06-22T18:15:30","guid":{"rendered":"https:\/\/kaizen-blog.org\/?p=5801"},"modified":"2025-06-22T18:15:32","modified_gmt":"2025-06-22T18:15:32","slug":"weidel-blamiert-sich-erneut-warum-fluechtlinge-nicht-schuld-an-steigenden-krankenkassenbeitraegen-sind","status":"publish","type":"post","link":"https:\/\/kaizen-blog.org\/en\/weidel-blamiert-sich-erneut-warum-fluechtlinge-nicht-schuld-an-steigenden-krankenkassenbeitraegen-sind\/","title":{"rendered":"Weidel embarrasses herself again: Why refugees are not to blame for rising health insurance contributions"},"content":{"rendered":"<p class=\"wp-block-paragraph\">The claim that refugees are pushing the German healthcare system into crisis remains persistent \u2013 especially within AfD circles. She also repeated this stance on X (formerly Twitter) on June 20, 2025, in stark terms: A long-overdue step that the AfD has been demanding for a long time. But it is not enough: Mass immigration into our social systems must finally be stopped, or an imminent collapse is looming. Welfare state and open borders are mutually exclusive!<\/p>\n\n\n<div class=\"wp-block-image\">\n<figure class=\"aligncenter size-large\"><img data-recalc-dims=\"1\" fetchpriority=\"high\" decoding=\"async\" width=\"640\" height=\"445\" src=\"https:\/\/i0.wp.com\/kaizen-blog.org\/wp-content\/uploads\/2025\/06\/xweidel.webp?resize=640%2C445&#038;ssl=1\" alt=\"\" class=\"wp-image-5802\" srcset=\"https:\/\/i0.wp.com\/kaizen-blog.org\/wp-content\/uploads\/2025\/06\/xweidel.webp?resize=1024%2C712&amp;ssl=1 1024w, https:\/\/i0.wp.com\/kaizen-blog.org\/wp-content\/uploads\/2025\/06\/xweidel.webp?resize=18%2C12&amp;ssl=1 18w, https:\/\/i0.wp.com\/kaizen-blog.org\/wp-content\/uploads\/2025\/06\/xweidel.webp?resize=300%2C209&amp;ssl=1 300w, https:\/\/i0.wp.com\/kaizen-blog.org\/wp-content\/uploads\/2025\/06\/xweidel.webp?resize=768%2C534&amp;ssl=1 768w, https:\/\/i0.wp.com\/kaizen-blog.org\/wp-content\/uploads\/2025\/06\/xweidel.webp?w=1202&amp;ssl=1 1202w\" sizes=\"(max-width: 640px) 100vw, 640px\" \/><\/figure>\n<\/div>\n\n\n<p class=\"wp-block-paragraph\"><\/p>\n\n\n\n<p class=\"wp-block-paragraph\">But Weidel\u2019s portrayal is not only populist \u2013 it is simply false. Refugees are not regularly insured under the statutory health insurance system.<\/p>\n\n\n\n<p class=\"wp-block-paragraph\">How are refugees provided with medical care?<\/p>\n\n\n\n<p class=\"wp-block-paragraph\">Special regulations apply to refugees in Germany. Their medical care is not handled through the statutory health insurance system but through the Asylum Seekers' Benefits Act (AsylbLG). This law stipulates that asylum seekers are entitled to basic medical care \u2013 including:<\/p>\n\n\n\n<p class=\"wp-block-paragraph\">Treatment of acute illnesses<br>Care during pregnancy and childbirth<br>Necessary vaccinations<\/p>\n\n\n\n<p class=\"wp-block-paragraph\">But unlike regular insured individuals, refugees do not pay contributions to a health insurance fund \u2013 they are not members of the statutory health insurance system. Although they receive a health insurance card after a certain waiting period, the costs are not covered by the insurance fund itself but by the municipal social welfare offices. This also means that refugees do not pay into long-term care or pension insurance and therefore have no entitlement to these benefits. Only certain groups \u2013 such as children, apprentices, or refugees from Ukraine \u2013 receive direct access to statutory health insurance through the citizen\u2019s benefit (B\u00fcrgergeld). In addition, according to the Fifth Book of the Social Code (SGB V), there may be special regulations in some federal states if the respective state governments enter into agreements with health insurance providers.<\/p>\n\n\n\n<p class=\"wp-block-paragraph\">Why are health insurance contributions really rising?<\/p>\n\n\n\n<p class=\"wp-block-paragraph\">The thesis that refugees are responsible for rising health insurance contributions does not hold up. The health insurance funds themselves cite completely different reasons for the financial shortfalls:<\/p>\n\n\n\n<p class=\"wp-block-paragraph\">Exhausted reserves: Under former Health Minister Jens Spahn (CDU), health insurers were forced to deplete their reserves to avoid a contribution increase during his term.\nUnderfunded social benefits: The health insurance funds receive too little tax money for the medical care of citizen\u2019s benefit recipients and pensioners.<\/p>\n\n\n\n<p class=\"wp-block-paragraph\">Hospital reform: The reform became legally binding at the start of 2025 and is being rolled out gradually through 2029. It is financed half by the statutory health insurance system \u2013 a model that is legally and politically controversial. Legal challenges to this GKV-based financing are ongoing \u2013 final clarity has yet to be reached.<\/p>\n\n\n\n<p class=\"wp-block-paragraph\">In fact, working migrants even help stabilize the health insurance system. As many of them are integrated into the labor market and pay regular contributions, they relieve the system rather than burden it.<\/p>\n\n\n\n<p class=\"wp-block-paragraph\">A populist fairy tale<\/p>\n\n\n\n<p class=\"wp-block-paragraph\">Alice Weidel\u2019s claim that refugees are the main reason for rising health insurance contributions is not only false but a deliberate attempt to stoke resentment. The real causes lie in political decisions and structural financial problems within the healthcare system. The facts are clear: refugees are not regularly insured under statutory health insurance, they do not pay health insurance contributions \u2013 and therefore are not responsible for rising contributions.<\/p>\n<div class=\"gsp_post_data\" \r\n\t            data-post_type=\"post\" \r\n\t            data-cat=\"afd-no-thanks,topstory\" \r\n\t            data-modified=\"120\"\r\n\t            data-created=\"1750616130\"\r\n\t            data-title=\"Weidel blamiert sich erneut: Warum Fl\u00fcchtlinge nicht schuld an steigenden Krankenkassenbeitr\u00e4gen sind\" \r\n\t            data-home=\"https:\/\/kaizen-blog.org\/en\/\"><\/div>","protected":false},"excerpt":{"rendered":"<p>Die Behauptung, Gefl\u00fcchtete w\u00fcrden das deutsche Gesundheitssystem in die Krise st\u00fcrzen, h\u00e4lt sich hartn\u00e4ckig \u2013 besonders in AfD-Kreisen. Auch auf X (ehemals Twitter) wiederholte sie diese Linie am 20. Juni 2025 in drastischen Worten: L\u00e4ngst \u00fcberf\u00e4lliger und von der AfD seit langem geforderter Schritt. Aber es reicht nicht: Die Masseneinwanderung in unsere Sozialsysteme muss endlich [&hellip;]<\/p>\n","protected":false},"author":1,"featured_media":5803,"comment_status":"open","ping_status":"open","sticky":false,"template":"","format":"standard","meta":{"_jetpack_newsletter_access":"","_jetpack_dont_email_post_to_subs":false,"_jetpack_newsletter_tier_id":0,"_jetpack_memberships_contains_paywalled_content":false,"iawp_total_views":0,"_jetpack_feature_clip_id":0,"_jetpack_memberships_contains_paid_content":false,"footnotes":"","jetpack_post_was_ever_published":false},"categories":[33,7],"tags":[],"class_list":["post-5801","post","type-post","status-publish","format-standard","has-post-thumbnail","hentry","category-afd-no-thanks","category-topstory"],"yoast_head":"<!-- This site is optimized with the Yoast SEO plugin v28.3 - https:\/\/yoast.com\/product\/yoast-seo-wordpress\/ -->\n<title>Weidel blamiert sich erneut: Warum Fl\u00fcchtlinge nicht schuld an steigenden Krankenkassenbeitr\u00e4gen sind - The Kaizen Blog<\/title>\n<meta name=\"robots\" content=\"index, follow, max-snippet:-1, max-image-preview:large, max-video-preview:-1\" \/>\n<link rel=\"canonical\" href=\"https:\/\/kaizen-blog.org\/en\/weidel-blamiert-sich-erneut-warum-fluechtlinge-nicht-schuld-an-steigenden-krankenkassenbeitraegen-sind\/\" \/>\n<meta property=\"og:locale\" content=\"en_US\" \/>\n<meta property=\"og:type\" content=\"article\" \/>\n<meta property=\"og:title\" content=\"Weidel blamiert sich erneut: Warum Fl\u00fcchtlinge nicht schuld an steigenden Krankenkassenbeitr\u00e4gen sind\" \/>\n<meta property=\"og:description\" content=\"Die Behauptung, Gefl\u00fcchtete w\u00fcrden das deutsche Gesundheitssystem in die Krise st\u00fcrzen, h\u00e4lt sich hartn\u00e4ckig \u2013 besonders in AfD-Kreisen. Auch auf X (ehemals Twitter) wiederholte sie diese Linie am 20. Juni 2025 in drastischen Worten: L\u00e4ngst \u00fcberf\u00e4lliger und von der AfD seit langem geforderter Schritt. Aber es reicht nicht: Die Masseneinwanderung in unsere Sozialsysteme muss endlich [&hellip;]\" \/>\n<meta property=\"og:url\" content=\"https:\/\/kaizen-blog.org\/en\/weidel-blamiert-sich-erneut-warum-fluechtlinge-nicht-schuld-an-steigenden-krankenkassenbeitraegen-sind\/\" \/>\n<meta property=\"og:site_name\" content=\"The Kaizen Blog\" \/>\n<meta property=\"article:publisher\" content=\"https:\/\/www.facebook.com\/rainer.hofmann.2025\/\" \/>\n<meta property=\"article:published_time\" content=\"2025-06-22T18:15:30+00:00\" \/>\n<meta property=\"article:modified_time\" content=\"2025-06-22T18:15:32+00:00\" \/>\n<meta property=\"og:image\" content=\"https:\/\/kaizen-blog.org\/wp-content\/uploads\/2025\/06\/weidelx.webp\" \/>\n\t<meta property=\"og:image:width\" content=\"850\" \/>\n\t<meta property=\"og:image:height\" content=\"508\" \/>\n\t<meta property=\"og:image:type\" content=\"image\/webp\" \/>\n<meta name=\"author\" content=\"Rainer Hofmann\" \/>\n<meta name=\"twitter:card\" content=\"summary_large_image\" \/>\n<meta name=\"twitter:label1\" content=\"Written by\" \/>\n\t<meta name=\"twitter:data1\" content=\"Rainer Hofmann\" \/>\n\t<meta name=\"twitter:label2\" content=\"Est. reading time\" \/>\n\t<meta name=\"twitter:data2\" content=\"3 minutes\" \/>\n<script type=\"application\/ld+json\" class=\"yoast-schema-graph\">{\"@context\":\"https:\\\/\\\/schema.org\",\"@graph\":[{\"@type\":\"Article\",\"@id\":\"https:\\\/\\\/kaizen-blog.org\\\/weidel-blamiert-sich-erneut-warum-fluechtlinge-nicht-schuld-an-steigenden-krankenkassenbeitraegen-sind\\\/#article\",\"isPartOf\":{\"@id\":\"https:\\\/\\\/kaizen-blog.org\\\/weidel-blamiert-sich-erneut-warum-fluechtlinge-nicht-schuld-an-steigenden-krankenkassenbeitraegen-sind\\\/\"},\"author\":{\"name\":\"Rainer Hofmann\",\"@id\":\"https:\\\/\\\/kaizen-blog.org\\\/#\\\/schema\\\/person\\\/7d3fc7346e2501a389ea3daa48b99ad0\"},\"headline\":\"Weidel blamiert sich erneut: Warum Fl\u00fcchtlinge nicht schuld an steigenden Krankenkassenbeitr\u00e4gen sind\",\"datePublished\":\"2025-06-22T18:15:30+00:00\",\"dateModified\":\"2025-06-22T18:15:32+00:00\",\"mainEntityOfPage\":{\"@id\":\"https:\\\/\\\/kaizen-blog.org\\\/weidel-blamiert-sich-erneut-warum-fluechtlinge-nicht-schuld-an-steigenden-krankenkassenbeitraegen-sind\\\/\"},\"wordCount\":509,\"commentCount\":0,\"image\":{\"@id\":\"https:\\\/\\\/kaizen-blog.org\\\/weidel-blamiert-sich-erneut-warum-fluechtlinge-nicht-schuld-an-steigenden-krankenkassenbeitraegen-sind\\\/#primaryimage\"},\"thumbnailUrl\":\"https:\\\/\\\/i0.wp.com\\\/kaizen-blog.org\\\/wp-content\\\/uploads\\\/2025\\\/06\\\/weidelx.webp?fit=850%2C508&ssl=1\",\"articleSection\":[\"AFD - \\\"No Thanks\\\"\",\"Topstory\"],\"inLanguage\":\"en-US\",\"potentialAction\":[{\"@type\":\"CommentAction\",\"name\":\"Comment\",\"target\":[\"https:\\\/\\\/kaizen-blog.org\\\/weidel-blamiert-sich-erneut-warum-fluechtlinge-nicht-schuld-an-steigenden-krankenkassenbeitraegen-sind\\\/#respond\"]}]},{\"@type\":\"WebPage\",\"@id\":\"https:\\\/\\\/kaizen-blog.org\\\/weidel-blamiert-sich-erneut-warum-fluechtlinge-nicht-schuld-an-steigenden-krankenkassenbeitraegen-sind\\\/\",\"url\":\"https:\\\/\\\/kaizen-blog.org\\\/weidel-blamiert-sich-erneut-warum-fluechtlinge-nicht-schuld-an-steigenden-krankenkassenbeitraegen-sind\\\/\",\"name\":\"Weidel blamiert sich erneut: Warum Fl\u00fcchtlinge nicht schuld an steigenden Krankenkassenbeitr\u00e4gen sind - The Kaizen Blog\",\"isPartOf\":{\"@id\":\"https:\\\/\\\/kaizen-blog.org\\\/#website\"},\"primaryImageOfPage\":{\"@id\":\"https:\\\/\\\/kaizen-blog.org\\\/weidel-blamiert-sich-erneut-warum-fluechtlinge-nicht-schuld-an-steigenden-krankenkassenbeitraegen-sind\\\/#primaryimage\"},\"image\":{\"@id\":\"https:\\\/\\\/kaizen-blog.org\\\/weidel-blamiert-sich-erneut-warum-fluechtlinge-nicht-schuld-an-steigenden-krankenkassenbeitraegen-sind\\\/#primaryimage\"},\"thumbnailUrl\":\"https:\\\/\\\/i0.wp.com\\\/kaizen-blog.org\\\/wp-content\\\/uploads\\\/2025\\\/06\\\/weidelx.webp?fit=850%2C508&ssl=1\",\"datePublished\":\"2025-06-22T18:15:30+00:00\",\"dateModified\":\"2025-06-22T18:15:32+00:00\",\"author\":{\"@id\":\"https:\\\/\\\/kaizen-blog.org\\\/#\\\/schema\\\/person\\\/7d3fc7346e2501a389ea3daa48b99ad0\"},\"breadcrumb\":{\"@id\":\"https:\\\/\\\/kaizen-blog.org\\\/weidel-blamiert-sich-erneut-warum-fluechtlinge-nicht-schuld-an-steigenden-krankenkassenbeitraegen-sind\\\/#breadcrumb\"},\"inLanguage\":\"en-US\",\"potentialAction\":[{\"@type\":\"ReadAction\",\"target\":[\"https:\\\/\\\/kaizen-blog.org\\\/weidel-blamiert-sich-erneut-warum-fluechtlinge-nicht-schuld-an-steigenden-krankenkassenbeitraegen-sind\\\/\"]}]},{\"@type\":\"ImageObject\",\"inLanguage\":\"en-US\",\"@id\":\"https:\\\/\\\/kaizen-blog.org\\\/weidel-blamiert-sich-erneut-warum-fluechtlinge-nicht-schuld-an-steigenden-krankenkassenbeitraegen-sind\\\/#primaryimage\",\"url\":\"https:\\\/\\\/i0.wp.com\\\/kaizen-blog.org\\\/wp-content\\\/uploads\\\/2025\\\/06\\\/weidelx.webp?fit=850%2C508&ssl=1\",\"contentUrl\":\"https:\\\/\\\/i0.wp.com\\\/kaizen-blog.org\\\/wp-content\\\/uploads\\\/2025\\\/06\\\/weidelx.webp?fit=850%2C508&ssl=1\",\"width\":850,\"height\":508},{\"@type\":\"BreadcrumbList\",\"@id\":\"https:\\\/\\\/kaizen-blog.org\\\/weidel-blamiert-sich-erneut-warum-fluechtlinge-nicht-schuld-an-steigenden-krankenkassenbeitraegen-sind\\\/#breadcrumb\",\"itemListElement\":[{\"@type\":\"ListItem\",\"position\":1,\"name\":\"Startseite\",\"item\":\"https:\\\/\\\/kaizen-blog.org\\\/\"},{\"@type\":\"ListItem\",\"position\":2,\"name\":\"Weidel blamiert sich erneut: Warum Fl\u00fcchtlinge nicht schuld an steigenden Krankenkassenbeitr\u00e4gen sind\"}]},{\"@type\":\"WebSite\",\"@id\":\"https:\\\/\\\/kaizen-blog.org\\\/#website\",\"url\":\"https:\\\/\\\/kaizen-blog.org\\\/\",\"name\":\"The Kaizen Blog\",\"description\":\"Investigativer Journalismus\",\"potentialAction\":[{\"@type\":\"SearchAction\",\"target\":{\"@type\":\"EntryPoint\",\"urlTemplate\":\"https:\\\/\\\/kaizen-blog.org\\\/?s={search_term_string}\"},\"query-input\":{\"@type\":\"PropertyValueSpecification\",\"valueRequired\":true,\"valueName\":\"search_term_string\"}}],\"inLanguage\":\"en-US\"},{\"@type\":\"Person\",\"@id\":\"https:\\\/\\\/kaizen-blog.org\\\/#\\\/schema\\\/person\\\/7d3fc7346e2501a389ea3daa48b99ad0\",\"name\":\"Rainer Hofmann\",\"image\":{\"@type\":\"ImageObject\",\"inLanguage\":\"en-US\",\"@id\":\"\\\/\\\/www.gravatar.com\\\/avatar\\\/21e5b26d4f12b21206d8094d7aea4ab6?s=96&#038;r=g&#038;d=initials\",\"url\":\"\\\/\\\/www.gravatar.com\\\/avatar\\\/21e5b26d4f12b21206d8094d7aea4ab6?s=96&#038;r=g&#038;d=initials\",\"contentUrl\":\"\\\/\\\/www.gravatar.com\\\/avatar\\\/21e5b26d4f12b21206d8094d7aea4ab6?s=96&#038;r=g&#038;d=initials\",\"caption\":\"Rainer Hofmann\"},\"sameAs\":[\"https:\\\/\\\/kaizen-blog.org\"],\"url\":\"https:\\\/\\\/kaizen-blog.org\\\/en\\\/author\\\/admin\\\/\"}]}<\/script>\n<!-- \/ Yoast SEO plugin. -->","yoast_head_json":{"title":"Weidel blamiert sich erneut: Warum Fl\u00fcchtlinge nicht schuld an steigenden Krankenkassenbeitr\u00e4gen sind - The Kaizen Blog","robots":{"index":"index","follow":"follow","max-snippet":"max-snippet:-1","max-image-preview":"max-image-preview:large","max-video-preview":"max-video-preview:-1"},"canonical":"https:\/\/kaizen-blog.org\/en\/weidel-blamiert-sich-erneut-warum-fluechtlinge-nicht-schuld-an-steigenden-krankenkassenbeitraegen-sind\/","og_locale":"en_US","og_type":"article","og_title":"Weidel blamiert sich erneut: Warum Fl\u00fcchtlinge nicht schuld an steigenden Krankenkassenbeitr\u00e4gen sind","og_description":"Die Behauptung, Gefl\u00fcchtete w\u00fcrden das deutsche Gesundheitssystem in die Krise st\u00fcrzen, h\u00e4lt sich hartn\u00e4ckig \u2013 besonders in AfD-Kreisen. Auch auf X (ehemals Twitter) wiederholte sie diese Linie am 20. Juni 2025 in drastischen Worten: L\u00e4ngst \u00fcberf\u00e4lliger und von der AfD seit langem geforderter Schritt. Aber es reicht nicht: Die Masseneinwanderung in unsere Sozialsysteme muss endlich [&hellip;]","og_url":"https:\/\/kaizen-blog.org\/en\/weidel-blamiert-sich-erneut-warum-fluechtlinge-nicht-schuld-an-steigenden-krankenkassenbeitraegen-sind\/","og_site_name":"The Kaizen Blog","article_publisher":"https:\/\/www.facebook.com\/rainer.hofmann.2025\/","article_published_time":"2025-06-22T18:15:30+00:00","article_modified_time":"2025-06-22T18:15:32+00:00","og_image":[{"width":850,"height":508,"url":"https:\/\/kaizen-blog.org\/wp-content\/uploads\/2025\/06\/weidelx.webp","type":"image\/webp"}],"author":"Rainer Hofmann","twitter_card":"summary_large_image","twitter_misc":{"Written by":"Rainer Hofmann","Est. reading time":"3 minutes"},"schema":{"@context":"https:\/\/schema.org","@graph":[{"@type":"Article","@id":"https:\/\/kaizen-blog.org\/weidel-blamiert-sich-erneut-warum-fluechtlinge-nicht-schuld-an-steigenden-krankenkassenbeitraegen-sind\/#article","isPartOf":{"@id":"https:\/\/kaizen-blog.org\/weidel-blamiert-sich-erneut-warum-fluechtlinge-nicht-schuld-an-steigenden-krankenkassenbeitraegen-sind\/"},"author":{"name":"Rainer Hofmann","@id":"https:\/\/kaizen-blog.org\/#\/schema\/person\/7d3fc7346e2501a389ea3daa48b99ad0"},"headline":"Weidel blamiert sich erneut: Warum Fl\u00fcchtlinge nicht schuld an steigenden Krankenkassenbeitr\u00e4gen sind","datePublished":"2025-06-22T18:15:30+00:00","dateModified":"2025-06-22T18:15:32+00:00","mainEntityOfPage":{"@id":"https:\/\/kaizen-blog.org\/weidel-blamiert-sich-erneut-warum-fluechtlinge-nicht-schuld-an-steigenden-krankenkassenbeitraegen-sind\/"},"wordCount":509,"commentCount":0,"image":{"@id":"https:\/\/kaizen-blog.org\/weidel-blamiert-sich-erneut-warum-fluechtlinge-nicht-schuld-an-steigenden-krankenkassenbeitraegen-sind\/#primaryimage"},"thumbnailUrl":"https:\/\/i0.wp.com\/kaizen-blog.org\/wp-content\/uploads\/2025\/06\/weidelx.webp?fit=850%2C508&ssl=1","articleSection":["AFD - \"No Thanks\"","Topstory"],"inLanguage":"en-US","potentialAction":[{"@type":"CommentAction","name":"Comment","target":["https:\/\/kaizen-blog.org\/weidel-blamiert-sich-erneut-warum-fluechtlinge-nicht-schuld-an-steigenden-krankenkassenbeitraegen-sind\/#respond"]}]},{"@type":"WebPage","@id":"https:\/\/kaizen-blog.org\/weidel-blamiert-sich-erneut-warum-fluechtlinge-nicht-schuld-an-steigenden-krankenkassenbeitraegen-sind\/","url":"https:\/\/kaizen-blog.org\/weidel-blamiert-sich-erneut-warum-fluechtlinge-nicht-schuld-an-steigenden-krankenkassenbeitraegen-sind\/","name":"Weidel blamiert sich erneut: Warum Fl\u00fcchtlinge nicht schuld an steigenden Krankenkassenbeitr\u00e4gen sind - The Kaizen Blog","isPartOf":{"@id":"https:\/\/kaizen-blog.org\/#website"},"primaryImageOfPage":{"@id":"https:\/\/kaizen-blog.org\/weidel-blamiert-sich-erneut-warum-fluechtlinge-nicht-schuld-an-steigenden-krankenkassenbeitraegen-sind\/#primaryimage"},"image":{"@id":"https:\/\/kaizen-blog.org\/weidel-blamiert-sich-erneut-warum-fluechtlinge-nicht-schuld-an-steigenden-krankenkassenbeitraegen-sind\/#primaryimage"},"thumbnailUrl":"https:\/\/i0.wp.com\/kaizen-blog.org\/wp-content\/uploads\/2025\/06\/weidelx.webp?fit=850%2C508&ssl=1","datePublished":"2025-06-22T18:15:30+00:00","dateModified":"2025-06-22T18:15:32+00:00","author":{"@id":"https:\/\/kaizen-blog.org\/#\/schema\/person\/7d3fc7346e2501a389ea3daa48b99ad0"},"breadcrumb":{"@id":"https:\/\/kaizen-blog.org\/weidel-blamiert-sich-erneut-warum-fluechtlinge-nicht-schuld-an-steigenden-krankenkassenbeitraegen-sind\/#breadcrumb"},"inLanguage":"en-US","potentialAction":[{"@type":"ReadAction","target":["https:\/\/kaizen-blog.org\/weidel-blamiert-sich-erneut-warum-fluechtlinge-nicht-schuld-an-steigenden-krankenkassenbeitraegen-sind\/"]}]},{"@type":"ImageObject","inLanguage":"en-US","@id":"https:\/\/kaizen-blog.org\/weidel-blamiert-sich-erneut-warum-fluechtlinge-nicht-schuld-an-steigenden-krankenkassenbeitraegen-sind\/#primaryimage","url":"https:\/\/i0.wp.com\/kaizen-blog.org\/wp-content\/uploads\/2025\/06\/weidelx.webp?fit=850%2C508&ssl=1","contentUrl":"https:\/\/i0.wp.com\/kaizen-blog.org\/wp-content\/uploads\/2025\/06\/weidelx.webp?fit=850%2C508&ssl=1","width":850,"height":508},{"@type":"BreadcrumbList","@id":"https:\/\/kaizen-blog.org\/weidel-blamiert-sich-erneut-warum-fluechtlinge-nicht-schuld-an-steigenden-krankenkassenbeitraegen-sind\/#breadcrumb","itemListElement":[{"@type":"ListItem","position":1,"name":"Startseite","item":"https:\/\/kaizen-blog.org\/"},{"@type":"ListItem","position":2,"name":"Weidel blamiert sich erneut: Warum Fl\u00fcchtlinge nicht schuld an steigenden Krankenkassenbeitr\u00e4gen sind"}]},{"@type":"WebSite","@id":"https:\/\/kaizen-blog.org\/#website","url":"https:\/\/kaizen-blog.org\/","name":"The Kaizen Blog","description":"Investigative Journalism","potentialAction":[{"@type":"SearchAction","target":{"@type":"EntryPoint","urlTemplate":"https:\/\/kaizen-blog.org\/?s={search_term_string}"},"query-input":{"@type":"PropertyValueSpecification","valueRequired":true,"valueName":"search_term_string"}}],"inLanguage":"en-US"},{"@type":"Person","@id":"https:\/\/kaizen-blog.org\/#\/schema\/person\/7d3fc7346e2501a389ea3daa48b99ad0","name":"Rainer Hofmann","image":{"@type":"ImageObject","inLanguage":"en-US","@id":"\/\/www.gravatar.com\/avatar\/21e5b26d4f12b21206d8094d7aea4ab6?s=96&#038;r=g&#038;d=initials","url":"\/\/www.gravatar.com\/avatar\/21e5b26d4f12b21206d8094d7aea4ab6?s=96&#038;r=g&#038;d=initials","contentUrl":"\/\/www.gravatar.com\/avatar\/21e5b26d4f12b21206d8094d7aea4ab6?s=96&#038;r=g&#038;d=initials","caption":"Rainer Hofmann"},"sameAs":["https:\/\/kaizen-blog.org"],"url":"https:\/\/kaizen-blog.org\/en\/author\/admin\/"}]}},"jetpack_sharing_enabled":true,"jetpack-related-posts":[{"id":6597,"url":"https:\/\/kaizen-blog.org\/en\/der-preis-der-verblendung-wie-billig-alice-weidel-deutschland-verkauft\/","url_meta":{"origin":5801,"position":0},"title":"The Price of Delusion \u2013 How Cheaply Alice Weidel Sells Out Germany","author":"Rainer Hofmann","date":"28. June 2025","format":false,"excerpt":"Es ist ein Schauspiel der politischen Zersetzung, das sich t\u00e4glich auf dem Account von Alice Weidel abspielt \u2013 der Co-Vorsitzenden einer Partei, die sich l\u00e4ngst nicht mehr mit demokratischem Anstand, sondern mit kalkulierter Eskalation inszeniert. Mit Rhetorik aus dem Giftschrank der Geschichte, mit Angst statt Argumenten, mit Hass statt Haltung.\u2026","rel":"","context":"In &quot;AFD - \"No Thanks\"&quot;","block_context":{"text":"AFD - \"No Thanks\"","link":"https:\/\/kaizen-blog.org\/en\/category\/afd-no-thanks\/"},"img":{"alt_text":"","src":"https:\/\/i0.wp.com\/kaizen-blog.org\/wp-content\/uploads\/2025\/06\/Kopie-von-Photo-by-ZVG132.webp?fit=850%2C508&ssl=1&resize=350%2C200","width":350,"height":200,"srcset":"https:\/\/i0.wp.com\/kaizen-blog.org\/wp-content\/uploads\/2025\/06\/Kopie-von-Photo-by-ZVG132.webp?fit=850%2C508&ssl=1&resize=350%2C200 1x, https:\/\/i0.wp.com\/kaizen-blog.org\/wp-content\/uploads\/2025\/06\/Kopie-von-Photo-by-ZVG132.webp?fit=850%2C508&ssl=1&resize=525%2C300 1.5x, https:\/\/i0.wp.com\/kaizen-blog.org\/wp-content\/uploads\/2025\/06\/Kopie-von-Photo-by-ZVG132.webp?fit=850%2C508&ssl=1&resize=700%2C400 2x"},"classes":[]},{"id":1843,"url":"https:\/\/kaizen-blog.org\/en\/weidel-und-orban-wenn-demokratieverachtung-auf-autokratenbewunderung-trifft\/","url_meta":{"origin":5801,"position":1},"title":"Weidel and Orb\u00e1n - When Contempt for Democracy Meets Admiration for Autocracy","author":"Rainer Hofmann","date":"12. February 2025","format":false,"excerpt":"Alice Weidel h\u00e4lt dich aktuell in Ungarn auf, um sich mit Viktor Orb\u00e1n auszutauschen \u2013 und statt f\u00fcr deutsche Interessen einzutreten, nutzte sie die Gelegenheit, um Deutschland vor der ungarischen Presse schlechtzureden. Sie sprach von eingeschr\u00e4nkter Meinungsfreiheit und Korruption in Deutschland, lobt Orb\u00e1n als Retter Europas vor Migranten und preist\u2026","rel":"","context":"In &quot;AFD - \"No Thanks\"&quot;","block_context":{"text":"AFD - \"No Thanks\"","link":"https:\/\/kaizen-blog.org\/en\/category\/afd-no-thanks\/"},"img":{"alt_text":"","src":"https:\/\/i0.wp.com\/kaizen-blog.org\/wp-content\/uploads\/2025\/05\/weidel-orban-budapest-afd.webp?fit=990%2C506&ssl=1&resize=350%2C200","width":350,"height":200,"srcset":"https:\/\/i0.wp.com\/kaizen-blog.org\/wp-content\/uploads\/2025\/05\/weidel-orban-budapest-afd.webp?fit=990%2C506&ssl=1&resize=350%2C200 1x, https:\/\/i0.wp.com\/kaizen-blog.org\/wp-content\/uploads\/2025\/05\/weidel-orban-budapest-afd.webp?fit=990%2C506&ssl=1&resize=525%2C300 1.5x, https:\/\/i0.wp.com\/kaizen-blog.org\/wp-content\/uploads\/2025\/05\/weidel-orban-budapest-afd.webp?fit=990%2C506&ssl=1&resize=700%2C400 2x"},"classes":[]},{"id":6294,"url":"https:\/\/kaizen-blog.org\/en\/propaganda-mit-familienfoto-die-perfide-inszenierung-der-afd-und-weidel-im-osten\/","url_meta":{"origin":5801,"position":2},"title":"Propaganda with a Family Photo \u2013 The Perfidious Staging of the AfD and Weidel in the East","author":"Rainer Hofmann","date":"26. June 2025","format":false,"excerpt":"Sie nennen es einen Umfragerekord \u2013 dabei ist es eher ein Offenbarungseid. 32\u202fProzent f\u00fcr die AfD in Brandenburg, gemessen von Infratest dimap im Auftrag des RBB, sind nicht blo\u00df ein politisches Signal, sie sind ein Alarmzeichen f\u00fcr das demokratische Gef\u00fcge eines Landes, das gerade versucht, sich nach rechts zu immunisieren\u2026","rel":"","context":"In &quot;AFD - \"No Thanks\"&quot;","block_context":{"text":"AFD - \"No Thanks\"","link":"https:\/\/kaizen-blog.org\/en\/category\/afd-no-thanks\/"},"img":{"alt_text":"","src":"https:\/\/i0.wp.com\/kaizen-blog.org\/wp-content\/uploads\/2025\/06\/batch_Kopie-von-Photo-by-ZVG102.webp?fit=850%2C508&ssl=1&resize=350%2C200","width":350,"height":200,"srcset":"https:\/\/i0.wp.com\/kaizen-blog.org\/wp-content\/uploads\/2025\/06\/batch_Kopie-von-Photo-by-ZVG102.webp?fit=850%2C508&ssl=1&resize=350%2C200 1x, https:\/\/i0.wp.com\/kaizen-blog.org\/wp-content\/uploads\/2025\/06\/batch_Kopie-von-Photo-by-ZVG102.webp?fit=850%2C508&ssl=1&resize=525%2C300 1.5x, https:\/\/i0.wp.com\/kaizen-blog.org\/wp-content\/uploads\/2025\/06\/batch_Kopie-von-Photo-by-ZVG102.webp?fit=850%2C508&ssl=1&resize=700%2C400 2x"},"classes":[]},{"id":1837,"url":"https:\/\/kaizen-blog.org\/en\/alice-weidel-in-farbe-bekennen-ein-offenbarungseid-der-inkompetenz\/","url_meta":{"origin":5801,"position":3},"title":"Alice Weidel on \u201cFarbe bekennen\u201d: A Declaration of Incompetence","author":"Rainer Hofmann","date":"18. February 2025","format":false,"excerpt":"Wer sich noch gefragt hat, ob die AfD eine ernstzunehmende politische Kraft oder doch nur eine Ansammlung von Realit\u00e4tsverweigerern ist, bekam in der ARD-Sendung Farbe bekennen mit Alice Weidel eine klare Antwort. Das, was dort zu sehen war, war nicht einfach nur ein schlechter Auftritt \u2013 es war eine absolute\u2026","rel":"","context":"In &quot;AFD - \"No Thanks\"&quot;","block_context":{"text":"AFD - \"No Thanks\"","link":"https:\/\/kaizen-blog.org\/en\/category\/afd-no-thanks\/"},"img":{"alt_text":"","src":"https:\/\/i0.wp.com\/kaizen-blog.org\/wp-content\/uploads\/2025\/05\/weidel-zdf-studio.webp?fit=984%2C506&ssl=1&resize=350%2C200","width":350,"height":200,"srcset":"https:\/\/i0.wp.com\/kaizen-blog.org\/wp-content\/uploads\/2025\/05\/weidel-zdf-studio.webp?fit=984%2C506&ssl=1&resize=350%2C200 1x, https:\/\/i0.wp.com\/kaizen-blog.org\/wp-content\/uploads\/2025\/05\/weidel-zdf-studio.webp?fit=984%2C506&ssl=1&resize=525%2C300 1.5x, https:\/\/i0.wp.com\/kaizen-blog.org\/wp-content\/uploads\/2025\/05\/weidel-zdf-studio.webp?fit=984%2C506&ssl=1&resize=700%2C400 2x"},"classes":[]},{"id":2337,"url":"https:\/\/kaizen-blog.org\/en\/ich-liebe-viktor-orban-wenn-alice-weidel-faellt-dann-tief\/","url_meta":{"origin":5801,"position":4},"title":"\u201cI love Viktor Orb\u00e1n\u201d \u2013 When Alice Weidel falls, she falls hard","author":"Rainer Hofmann","date":"31. May 2025","format":false,"excerpt":"Es sind nur vier Worte, aber sie verraten alles: \u201eIch liebe Viktor Orb\u00e1n.\u201c Mit diesem Satz hat Alice Weidel, Fraktionsvorsitzende der AfD, bei der diesj\u00e4hrigen CPAC 2025 in Budapest endg\u00fcltig den letzten Rest demokratischer Maske fallen lassen. Die B\u00fchne: eine rechte Jahrmarktsveranstaltung im Glanz autorit\u00e4rer Selbstverliebtheit. Die Kulisse: Viktor Orb\u00e1ns\u2026","rel":"","context":"In &quot;AFD - \"No Thanks\"&quot;","block_context":{"text":"AFD - \"No Thanks\"","link":"https:\/\/kaizen-blog.org\/en\/category\/afd-no-thanks\/"},"img":{"alt_text":"","src":"https:\/\/i0.wp.com\/kaizen-blog.org\/wp-content\/uploads\/2025\/05\/weidel-cpac-2025.webp?fit=1200%2C753&ssl=1&resize=350%2C200","width":350,"height":200,"srcset":"https:\/\/i0.wp.com\/kaizen-blog.org\/wp-content\/uploads\/2025\/05\/weidel-cpac-2025.webp?fit=1200%2C753&ssl=1&resize=350%2C200 1x, https:\/\/i0.wp.com\/kaizen-blog.org\/wp-content\/uploads\/2025\/05\/weidel-cpac-2025.webp?fit=1200%2C753&ssl=1&resize=525%2C300 1.5x, https:\/\/i0.wp.com\/kaizen-blog.org\/wp-content\/uploads\/2025\/05\/weidel-cpac-2025.webp?fit=1200%2C753&ssl=1&resize=700%2C400 2x, https:\/\/i0.wp.com\/kaizen-blog.org\/wp-content\/uploads\/2025\/05\/weidel-cpac-2025.webp?fit=1200%2C753&ssl=1&resize=1050%2C600 3x"},"classes":[]},{"id":3017,"url":"https:\/\/kaizen-blog.org\/en\/afd-grenell-und-merz-wer-hier-noch-schweigt-der-will-genau-das\/","url_meta":{"origin":5801,"position":5},"title":"AfD, Grenell and Merz \u2013 Whoever stays silent now clearly wants exactly this !","author":"Rainer Hofmann","date":"5. June 2025","format":false,"excerpt":"Es war nur ein Wort: \"Richtig!\" Doch es reichte, um ein politisches Bekenntnis in seiner Klarheit zu zeigen, wie man es selten sieht. Alice Weidel, Fraktionsvorsitzende der AfD im Bundestag, kommentierte damit den Angriff Richard Grenells auf Friedrich Merz. Ein kurzer Tweet, ein eindeutiges Signal: Die AfD wei\u00df, wo sie\u2026","rel":"","context":"In &quot;AFD - \"No Thanks\"&quot;","block_context":{"text":"AFD - \"No Thanks\"","link":"https:\/\/kaizen-blog.org\/en\/category\/afd-no-thanks\/"},"img":{"alt_text":"","src":"https:\/\/i0.wp.com\/kaizen-blog.org\/wp-content\/uploads\/2025\/06\/weidel-grenell.webp?fit=982%2C502&ssl=1&resize=350%2C200","width":350,"height":200,"srcset":"https:\/\/i0.wp.com\/kaizen-blog.org\/wp-content\/uploads\/2025\/06\/weidel-grenell.webp?fit=982%2C502&ssl=1&resize=350%2C200 1x, https:\/\/i0.wp.com\/kaizen-blog.org\/wp-content\/uploads\/2025\/06\/weidel-grenell.webp?fit=982%2C502&ssl=1&resize=525%2C300 1.5x, https:\/\/i0.wp.com\/kaizen-blog.org\/wp-content\/uploads\/2025\/06\/weidel-grenell.webp?fit=982%2C502&ssl=1&resize=700%2C400 2x"},"classes":[]}],"jetpack_featured_media_url":"https:\/\/i0.wp.com\/kaizen-blog.org\/wp-content\/uploads\/2025\/06\/weidelx.webp?fit=850%2C508&ssl=1","_links":{"self":[{"href":"https:\/\/kaizen-blog.org\/en\/wp-json\/wp\/v2\/posts\/5801","targetHints":{"allow":["GET"]}}],"collection":[{"href":"https:\/\/kaizen-blog.org\/en\/wp-json\/wp\/v2\/posts"}],"about":[{"href":"https:\/\/kaizen-blog.org\/en\/wp-json\/wp\/v2\/types\/post"}],"author":[{"embeddable":true,"href":"https:\/\/kaizen-blog.org\/en\/wp-json\/wp\/v2\/users\/1"}],"replies":[{"embeddable":true,"href":"https:\/\/kaizen-blog.org\/en\/wp-json\/wp\/v2\/comments?post=5801"}],"version-history":[{"count":0,"href":"https:\/\/kaizen-blog.org\/en\/wp-json\/wp\/v2\/posts\/5801\/revisions"}],"wp:featuredmedia":[{"embeddable":true,"href":"https:\/\/kaizen-blog.org\/en\/wp-json\/wp\/v2\/media\/5803"}],"wp:attachment":[{"href":"https:\/\/kaizen-blog.org\/en\/wp-json\/wp\/v2\/media?parent=5801"}],"wp:term":[{"taxonomy":"category","embeddable":true,"href":"https:\/\/kaizen-blog.org\/en\/wp-json\/wp\/v2\/categories?post=5801"},{"taxonomy":"post_tag","embeddable":true,"href":"https:\/\/kaizen-blog.org\/en\/wp-json\/wp\/v2\/tags?post=5801"}],"curies":[{"name":"wp","href":"https:\/\/api.w.org\/{rel}","templated":true}]}}