{"id":44760,"date":"2026-09-03T20:36:45","date_gmt":"2026-09-03T18:36:45","guid":{"rendered":"https:\/\/kaizen-blog.org\/?p=44760"},"modified":"2026-09-03T20:41:20","modified_gmt":"2026-09-03T18:41:20","slug":"der-bund-klagt-den-ice-beamten-fuers-luegen-an-den-haerteren-vorwurf-zum-schuss-blockiert-das-justizministerium","status":"publish","type":"post","link":"https:\/\/kaizen-blog.org\/en\/der-bund-klagt-den-ice-beamten-fuers-luegen-an-den-haerteren-vorwurf-zum-schuss-blockiert-das-justizministerium\/","title":{"rendered":"The federal government charges the ICE officer with lying, while the Justice Department blocks the more serious charge over the shooting"},"content":{"rendered":"<p class=\"wp-block-paragraph\">Federal prosecutors have charged ICE officer Christian Castro because he allegedly lied to investigators about the shooting that injured a Venezuelan man during the immigration raids in Minneapolis earlier this year. On paper, the charge is making false statements, while the bullet in Julio Cesar Sosa-Celis\u2019s leg moves into the background. The federal indictment remains under seal for now. That is how a case begins in which talking about the act carries more weight than the act itself. A justice system that turns the bullet into a side issue and the words about it into the main issue reveals what it holds sacred. The charge is about the sentence he spoke, not the finger on the trigger.<\/p>\n\n\n\n<p class=\"has-medium-font-size wp-block-paragraph\"><strong>Read also our article: <a href=\"https:\/\/kaizen-blog.org\/en\/weitere-erfolge-gegen-ice-erste-festnahme-von-ice-beamten-der-fall-christian-castro\/\" data-type=\"link\" data-id=\"https:\/\/kaizen-blog.org\/weitere-erfolge-gegen-ice-erste-festnahme-von-ice-beamten-der-fall-christian-castro\/\">Further Successes Against ICE - The Christian Castro Case and the Cracks in Trump\u2019s Deportation Crackdown<\/a><\/strong><\/p>\n\n\n\n<p class=\"wp-block-paragraph\">What happened is on the record in Minnesota. Authorities there accuse the 52-year-old Castro of firing through the front door of a house in January and shooting Sosa-Celis in the thigh. Before that, he and another officer allegedly chased a man named Alfredo Alejandro Aljorna to a duplex where he lived with Sosa-Celis. Afterward, the officer allegedly falsely accused Sosa-Celis and another man of attacking an ICE officer with a broom handle and a snow shovel. The broom and the shovel were the invention meant to turn the people who were shot at into the attackers. A household item is declared a weapon so the shooting can pass as self-defense. The fiction was supposed to carry what the act itself could not.<\/p>\n\n\n\n<figure class=\"wp-block-image alignwide size-full\"><img data-recalc-dims=\"1\" fetchpriority=\"high\" decoding=\"async\" width=\"640\" height=\"354\" src=\"https:\/\/i0.wp.com\/kaizen-blog.org\/wp-content\/uploads\/2026\/05\/batch_kaizennewsday5.webp?resize=640%2C354&#038;ssl=1\" alt=\"\" class=\"wp-image-37415\" srcset=\"https:\/\/i0.wp.com\/kaizen-blog.org\/wp-content\/uploads\/2026\/05\/batch_kaizennewsday5.webp?w=905&amp;ssl=1 905w, https:\/\/i0.wp.com\/kaizen-blog.org\/wp-content\/uploads\/2026\/05\/batch_kaizennewsday5.webp?resize=18%2C10&amp;ssl=1 18w, https:\/\/i0.wp.com\/kaizen-blog.org\/wp-content\/uploads\/2026\/05\/batch_kaizennewsday5.webp?resize=300%2C166&amp;ssl=1 300w, https:\/\/i0.wp.com\/kaizen-blog.org\/wp-content\/uploads\/2026\/05\/batch_kaizennewsday5.webp?resize=768%2C424&amp;ssl=1 768w\" sizes=\"(max-width: 640px) 100vw, 640px\" \/><figcaption class=\"wp-element-caption\"><strong>Julio Cesar Sosa-Celis<\/strong><\/figcaption><\/figure>\n\n\n\n<div style=\"height:10px\" aria-hidden=\"true\" class=\"wp-block-spacer\"><\/div>\n\n\n\n<p class=\"wp-block-paragraph\">Video footage blew the story apart. The camera saw what the report left out. After the footage suggested that the officers may have lied about the incident, federal prosecutors dropped the charges against the two men and opened an investigation. This week, a federal prosecutor involved in the case told lawyers for those affected that the Justice Department had blocked his attempt to bring a more serious civil rights charge against the officer, according to consistent reports. A person familiar with the case disputes that account: The civil rights investigation is continuing, and no final decision has been made on additional charges. Prosecutor Matthew Evans was fired on Thursday and is now suspected of obstructing a grand jury investigation; his official email account says he is on leave. The prosecutor becomes the accused in his own case. The man in the dock is the one who wanted to pursue the shooter, while the shooter is already out. That is how the roles are reversed, quietly and in full compliance with procedure.<\/p>\n\n\n\n<figure class=\"wp-block-video alignwide\"><video height=\"540\" style=\"aspect-ratio: 540 \/ 540;\" width=\"540\" controls src=\"https:\/\/kaizen-blog.org\/wp-content\/uploads\/2026\/05\/sosaminneapolis26-1.mp4\"><\/video><\/figure>\n\n\n\n<div style=\"height:10px\" aria-hidden=\"true\" class=\"wp-block-spacer\"><\/div>\n\n\n\n<p class=\"wp-block-paragraph\">The federal indictment comes after Castro\u2019s release last week. Texas Governor Greg Abbott had refused to immediately sign the extradition warrant to Minnesota, where Castro is charged with assault and filing a false crime report in the same case. Abbott cited investigations into fraud involving social service programs in Minnesota, which Donald Trump had used to justify his crackdown on immigrants there. When a federal judge declined to force Texas to extradite him, Castro walked free. A fraud allegation in an unrelated matter thus became a free pass. A governor who delays extradition turns federalism into a hiding place. Federal law and state law stood against each other, and the accused used the gap.<\/p>\n\n\n\n<div style=\"    max-width: 700px;    margin: 24px auto;    padding: 22px 24px;    background: #e7f8ef;    border: 1px solid #c9ebd8;    border-radius: 16px;    font-family: Arial, Helvetica, sans-serif;    color: #111;    box-shadow: 0 4px 14px rgba(0,0,0,0.08);\">\n\n    <div style=\"        font-size: 21px;        font-weight: 700;        margin-bottom: 10px;    \">\n        The Kaizen Blog is now on WhatsApp\n    <\/div>\n\n    <div style=\"        font-size: 16px;        line-height: 1.55;        margin-bottom: 18px;    \">\n        All new articles, investigations and ongoing News Updates directly in our new WhatsApp channel.\n    <\/div>\n\n    <a href=\"https:\/\/whatsapp.com\/channel\/0029Vb6ZOrCIXnlmX6xMHk28\" target=\"_blank\" rel=\"noopener noreferrer\" style=\"           display: inline-block;           padding: 12px 20px;           background: #25D366;           color: #fff;           text-decoration: none;           font-size: 16px;           font-weight: 700;           border-radius: 24px;       \">\n        Open the WhatsApp channel\n    <\/a>\n\n<\/div>\n\n\n\n<div style=\"height:4px\" aria-hidden=\"true\" class=\"wp-block-spacer\"><\/div>\n\n\n\n<p class=\"wp-block-paragraph\">He had been arrested in May and held in Brownsville near the Mexican border while Minnesota sought his extradition. Authorities there tried to stop the Cameron County sheriff from releasing him because they feared he might flee to Mexico; according to a lawsuit filed by Minnesota, Castro spoke while in custody about marrying a woman and buying a house in Mexico after his release. The Department of Homeland Security called Minnesota\u2019s prosecution \u201cunlawful and nothing more than a political stunt\u201d and said only the federal government had jurisdiction. An officer dreaming about marriage and a house across the border while he was under investigation was apparently no reason for urgency. The concern was his departure, not the man who was shot.<\/p>\n\n\n\n<p class=\"wp-block-paragraph\">Castro had already been suspended without pay in February while the federal government investigated. Then-acting ICE Director Todd Lyons spoke of the highest standards to which the agency\u2019s men and women were held and said violations of \u201cthis sacred sworn oath\u201d would not be tolerated, while ICE remained committed to \u201ctransparency, accountability and the fair enforcement\u201d of the law. The sacred oath here serves as a wreath laid over a process it cannot cover. What accountability was supposed to mean ends as a formula. The bullet becomes a footnote, the charge is lying. The man who wanted a tougher investigation is now himself under suspicion. The federal government protects its man, the state cannot get him, and the man who was shot is left with a wound and a case number.<\/p>\n\n\n\n<div class=\"kz-ad-root\"><style>@import url('https:\/\/fonts.googleapis.com\/css2?family=Bebas+Neue&family=Source+Sans+3:ital,wght@0,400;0,700;1,400&display=swap');.kz-ad-root{margin:28px 0}.kz-ad{font-family:'Source Sans 3','Segoe UI',Arial,sans-serif;background:#fff;border:1px solid #DEDEDE;border-radius:4px;overflow:hidden;max-width:100%;box-sizing:border-box}.kz-top{background:#111;padding:12px 18px;display:flex;align-items:center;gap:10px}.kz-eyebrow-line{width:22px;height:2px;background:#E50082;flex-shrink:0}.kz-badge{font-size:13px;font-weight:700;letter-spacing:.14em;text-transform:uppercase;color:#fff}.kz-inner{padding:22px 18px 20px}.kz-headline{font-family:'Bebas Neue',Impact,Arial Narrow,sans-serif;font-size:2.4rem;font-weight:400;color:#111;line-height:1.1;margin:0 0 16px;letter-spacing:.03em}.kz-text{font-size:1.05rem;line-height:1.75;color:#333;margin:0 0 16px}.kz-callout{font-size:1.05rem;line-height:1.65;color:#111;font-weight:700;border-left:3px solid #BDBDBD;padding:12px 14px;margin:0 0 22px;background:#FAFAFA;border-radius:0 2px 2px 0}.kz-btn{display:flex;align-items:center;justify-content:center;gap:9px;width:100%;box-sizing:border-box;padding:16px 20px;background:#E50082;color:#fff;font-family:'Source Sans 3',sans-serif;font-weight:700;font-size:1.1rem;text-decoration:none;border-radius:2px;transition:background .18s,transform .15s;letter-spacing:.03em;text-transform:uppercase;margin-bottom:16px}.kz-btn:hover{background:#CB006F;transform:translateY(-1px)}.kz-btn svg{transition:transform .18s}.kz-btn:hover svg{transform:translateX(3px)}.kz-footer{display:flex;align-items:center;justify-content:center;padding-bottom:2px}.kz-more{font-size:1.05rem;color:#444;text-decoration:none;transition:color .15s,border-color .15s;font-style:italic;border-bottom:1px solid #CCC;padding-bottom:2px}.kz-more:hover{color:#E50082;border-color:#E50082}@media(min-width:540px){.kz-inner{padding:24px 26px 22px}.kz-headline{font-size:2.8rem}.kz-btn{width:auto;display:inline-flex;padding:15px 36px}.kz-btn-wrap{display:flex;align-items:center;justify-content:space-between;gap:16px}.kz-footer{justify-content:flex-end}}<\/style><div class=\"kz-ad\"><div class=\"kz-top\"><div class=\"kz-eyebrow-line\"><\/div><span class=\"kz-badge\">Independent Journalism \u00b7 Kaizen Blog<\/span><\/div><div class=\"kz-inner\"><h3 class=\"kz-headline\">We are where,<br>it hurts<\/h3><p class=\"kz-text\">We do not sit comfortably indoors writing about the world - and we do not stop once the writing ends. Our help goes where it is needed. We are a small team. No investors, no millionaires, no giant newsroom behind us. What we do have is heart, determination, and the commitment to expose the things many others prefer to overlook. If you want this work to continue, support Kaizen Blog.<\/p><div class=\"kz-callout\">Our work survives because of those who pay attention - and who stand up for making that possible.<\/div><div class=\"kz-btn-wrap\"><a class=\"kz-btn\" href=\"https:\/\/buy.stripe.com\/bJe5kD0KYggG04A2Pw3VC01\" target=\"_blank\" rel=\"noopener\">Make Kaizen possible<svg width=\"17\" height=\"17\" viewbox=\"0 0 14 14\" fill=\"none\"><path d=\"M2 7h10M8 3l4 4-4 4\" stroke=\"#fff\" stroke-width=\"1.8\" stroke-linecap=\"round\" stroke-linejoin=\"round\"><\/path><\/svg><\/a><div class=\"kz-footer\"><a class=\"kz-more\" href=\"https:\/\/kaizen-blog.org\/en\/unterstuetzen-sie-unser-arbeit\/\" target=\"_blank\" rel=\"noopener\">About our work \u2192<\/a><\/div><\/div><\/div><\/div><\/div>\n\n\n\n<div class=\"kb-news-update-box\" style=\"    max-width: 650px;    margin: 2rem auto;    padding: 1.25rem 1.5rem;    border-radius: 12px;    border: 1px solid rgba(120,120,120,0.4);    background: rgba(15,15,20,0.03);    backdrop-filter: blur(4px);    font-family: system-ui, -apple-system, BlinkMacSystemFont, 'Segoe UI', sans-serif;\">\n  <style>\n    @media (prefers-color-scheme: dark) {\n      .kb-news-update-box {\n        background: rgba(15,15,20,0.9) !important;\n        border-color: rgba(160,160,160,0.4) !important;\n      }\n\n      .kb-news-update-box h3 {\n        color: #f5f5f5 !important;\n      }\n\n      .kb-news-update-box p {\n        color: #e0e0e0 !important;\n      }\n\n      .kb-news-update-box a.kb-news-link {\n        color: #ffb347 !important;\n        border-color: rgba(255,179,71,0.4) !important;\n      }\n\n      .kb-news-update-box a.kb-news-link:hover {\n        background: rgba(255,179,71,0.12) !important;\n      }\n    }\n  <\/style>\n\n  <h3 style=\"      margin: 0 0 0.5rem 0;      font-size: 1.15rem;      letter-spacing: 0.02em;      text-transform: uppercase;  \">\n    Updates \u2013 Kaizen News Brief\n  <\/h3>\n\n  <p style=\"      margin: 0 0 0.9rem 0;      font-size: 0.95rem;      line-height: 1.5;  \">\n    Alle aktuellen ausgesuchten Tagesmeldungen findet ihr\n    in den Kaizen Kurznachrichten.\n  <\/p>\n\n  <!-- Deutscher Button -->\n  <a class=\"kb-news-link\"\n     href=\"https:\/\/kaizen-blog.org\/en\/ausderganzenwelt-september-dr\/\"\n     style=\"        display: inline-flex;        align-items: center;        gap: 0.4rem;        padding: 0.45rem 0.9rem;        border-radius: 999px;        border: 1px solid rgba(0,0,0,0.12);        font-size: 0.95rem;        text-decoration: none;        color: #004b8d;        transition: background 0.15s ease, transform 0.1s ease, border-color 0.15s ease;        margin-bottom: 0.5rem;        margin-right: 0.5rem;     \">\n    <span style=\"font-weight: 600;\">To the Kaizen News Brief<\/span>\n    <span aria-hidden=\"true\" style=\"font-size: 1.1rem;\">\u2197<\/span>\n  <\/a>\n\n  <!-- Englischer Button -->\n  <a class=\"kb-news-link\"\n     href=\"https:\/\/kaizen-blog.org\/en\/ausderganzenwelt-september-dr\/\"\n     style=\"        display: inline-flex;        align-items: center;        gap: 0.4rem;        padding: 0.45rem 0.9rem;        border-radius: 999px;        border: 1px solid rgba(0,0,0,0.12);        font-size: 0.95rem;        text-decoration: none;        color: #004b8d;        transition: background 0.15s ease, transform 0.1s ease, border-color 0.15s ease;        margin-bottom: 0.5rem;     \">\n    <span style=\"font-weight: 600;\">In English<\/span>\n    <span aria-hidden=\"true\" style=\"font-size: 1.1rem;\">\u2197<\/span>\n  <\/a>\n\n<\/div>\n\n\n\n<div style=\"height:25px\" aria-hidden=\"true\" class=\"wp-block-spacer\"><\/div>\n<div class=\"gsp_post_data\" \r\n\t            data-post_type=\"post\" \r\n\t            data-cat=\"dark-america,deportations-under-trump,topstory,trump-s-world\" \r\n\t            data-modified=\"-12\"\r\n\t            data-created=\"1788467805\"\r\n\t            data-title=\"Der Bund klagt den ICE-Beamten f\u00fcrs L\u00fcgen an, den h\u00e4rteren Vorwurf zum Schuss blockiert das Justizministerium\" \r\n\t            data-home=\"https:\/\/kaizen-blog.org\/en\/\"><\/div>","protected":false},"excerpt":{"rendered":"<p>Bundesstaatsanw\u00e4lte haben den ICE-Beamten Christian Castro angeklagt, weil er Ermittler \u00fcber den Schuss belogen haben soll, der Anfang des Jahres bei den Einwanderungsrazzien in Minneapolis einen Venezolaner verletzte. Auf dem Papier steht die Falschaussage, die Kugel im Bein von Julio Cesar Sosa-Celis r\u00fcckt in den Hintergrund. Die Bundesanklage bleibt vorerst unter Verschluss. So beginnt ein [&hellip;]<\/p>\n","protected":false},"author":4,"featured_media":44761,"comment_status":"open","ping_status":"open","sticky":false,"template":"","format":"standard","meta":{"_jetpack_newsletter_access":"","_jetpack_dont_email_post_to_subs":false,"_jetpack_newsletter_tier_id":0,"_jetpack_memberships_contains_paywalled_content":false,"iawp_total_views":70,"_jetpack_feature_clip_id":0,"_jetpack_memberships_contains_paid_content":false,"footnotes":"","jetpack_post_was_ever_published":false},"categories":[46,38,7,41],"tags":[],"class_list":["post-44760","post","type-post","status-publish","format-standard","has-post-thumbnail","hentry","category-dark-america","category-deportations-under-trump","category-topstory","category-trump-s-world"],"yoast_head":"<!-- This site is optimized with the Yoast SEO plugin v28.4 - https:\/\/yoast.com\/product\/yoast-seo-wordpress\/ -->\n<title>Der Bund klagt den ICE-Beamten f\u00fcrs L\u00fcgen an, den h\u00e4rteren Vorwurf zum Schuss blockiert das Justizministerium - The Kaizen Blog<\/title>\n<meta name=\"description\" content=\"Bundesstaatsanw\u00e4lte haben den ICE-Beamten Christian Castro angeklagt, weil er Ermittler \u00fcber den Schuss belogen haben soll, der Anfang des Jahres bei den Einwanderungsrazzien in Minneapolis einen Venezolaner verletzte. Auf dem Papier steht die Falschaussage, die Kugel im Bein von Julio Cesar Sosa-Celis r\u00fcckt in den Hintergrund. Die Bundesanklage bleibt vorerst unter Verschluss. So beginnt ein Verfahren, in dem das Reden \u00fcber die Tat schwerer wiegt als die Tat. Ein Rechtsstaat, der die Kugel zur Randfrage macht und das Reden dar\u00fcber zur Hauptsache, verr\u00e4t, was ihm heilig ist. Angeklagt ist der Satz, den er sagte, nicht der Finger am Abzug.\" \/>\n<meta name=\"robots\" content=\"index, follow, max-snippet:-1, max-image-preview:large, max-video-preview:-1\" \/>\n<link rel=\"canonical\" href=\"https:\/\/kaizen-blog.org\/en\/der-bund-klagt-den-ice-beamten-fuers-luegen-an-den-haerteren-vorwurf-zum-schuss-blockiert-das-justizministerium\/\" \/>\n<meta property=\"og:locale\" content=\"en_US\" \/>\n<meta property=\"og:type\" content=\"article\" \/>\n<meta property=\"og:title\" content=\"Der Bund klagt den ICE-Beamten f\u00fcrs L\u00fcgen an, den h\u00e4rteren Vorwurf zum Schuss blockiert das Justizministerium\" \/>\n<meta property=\"og:description\" content=\"Bundesstaatsanw\u00e4lte haben den ICE-Beamten Christian Castro angeklagt, weil er Ermittler \u00fcber den Schuss belogen haben soll, der Anfang des Jahres bei den Einwanderungsrazzien in Minneapolis einen Venezolaner verletzte. Auf dem Papier steht die Falschaussage, die Kugel im Bein von Julio Cesar Sosa-Celis r\u00fcckt in den Hintergrund. Die Bundesanklage bleibt vorerst unter Verschluss. So beginnt ein Verfahren, in dem das Reden \u00fcber die Tat schwerer wiegt als die Tat. Ein Rechtsstaat, der die Kugel zur Randfrage macht und das Reden dar\u00fcber zur Hauptsache, verr\u00e4t, was ihm heilig ist. Angeklagt ist der Satz, den er sagte, nicht der Finger am Abzug.\" \/>\n<meta property=\"og:url\" content=\"https:\/\/kaizen-blog.org\/en\/der-bund-klagt-den-ice-beamten-fuers-luegen-an-den-haerteren-vorwurf-zum-schuss-blockiert-das-justizministerium\/\" \/>\n<meta property=\"og:site_name\" content=\"The Kaizen Blog\" \/>\n<meta property=\"article:publisher\" content=\"https:\/\/www.facebook.com\/rainer.hofmann.2025\/\" \/>\n<meta property=\"article:published_time\" content=\"2026-09-03T18:36:45+00:00\" \/>\n<meta property=\"article:modified_time\" content=\"2026-09-03T18:41:20+00:00\" \/>\n<meta property=\"og:image\" content=\"https:\/\/kaizen-blog.org\/wp-content\/uploads\/2026\/09\/batch_kaizennewsday3.webp\" \/>\n\t<meta property=\"og:image:width\" content=\"905\" \/>\n\t<meta property=\"og:image:height\" content=\"500\" \/>\n\t<meta property=\"og:image:type\" content=\"image\/webp\" \/>\n<meta name=\"author\" content=\"TEAM KAIZEN BLOG\" \/>\n<meta name=\"twitter:card\" content=\"summary_large_image\" \/>\n<meta name=\"twitter:label1\" content=\"Written by\" \/>\n\t<meta name=\"twitter:data1\" content=\"TEAM KAIZEN BLOG\" \/>\n\t<meta name=\"twitter:label2\" content=\"Est. reading time\" \/>\n\t<meta name=\"twitter:data2\" content=\"6 minutes\" \/>\n<script type=\"application\/ld+json\" class=\"yoast-schema-graph\">{\"@context\":\"https:\\\/\\\/schema.org\",\"@graph\":[{\"@type\":\"Article\",\"@id\":\"https:\\\/\\\/kaizen-blog.org\\\/der-bund-klagt-den-ice-beamten-fuers-luegen-an-den-haerteren-vorwurf-zum-schuss-blockiert-das-justizministerium\\\/#article\",\"isPartOf\":{\"@id\":\"https:\\\/\\\/kaizen-blog.org\\\/der-bund-klagt-den-ice-beamten-fuers-luegen-an-den-haerteren-vorwurf-zum-schuss-blockiert-das-justizministerium\\\/\"},\"author\":{\"name\":\"TEAM KAIZEN BLOG\",\"@id\":\"https:\\\/\\\/kaizen-blog.org\\\/#\\\/schema\\\/person\\\/2350bb6dc34529fb49a12895a8a76096\"},\"headline\":\"Der Bund klagt den ICE-Beamten f\u00fcrs L\u00fcgen an, den h\u00e4rteren Vorwurf zum Schuss blockiert das Justizministerium\",\"datePublished\":\"2026-09-03T18:36:45+00:00\",\"dateModified\":\"2026-09-03T18:41:20+00:00\",\"mainEntityOfPage\":{\"@id\":\"https:\\\/\\\/kaizen-blog.org\\\/der-bund-klagt-den-ice-beamten-fuers-luegen-an-den-haerteren-vorwurf-zum-schuss-blockiert-das-justizministerium\\\/\"},\"wordCount\":931,\"commentCount\":0,\"image\":{\"@id\":\"https:\\\/\\\/kaizen-blog.org\\\/der-bund-klagt-den-ice-beamten-fuers-luegen-an-den-haerteren-vorwurf-zum-schuss-blockiert-das-justizministerium\\\/#primaryimage\"},\"thumbnailUrl\":\"https:\\\/\\\/i0.wp.com\\\/kaizen-blog.org\\\/wp-content\\\/uploads\\\/2026\\\/09\\\/batch_kaizennewsday3.webp?fit=905%2C500&ssl=1\",\"articleSection\":[\"Dark America\",\"Deportations &amp; ICE\",\"Topstory\",\"Trumpland\"],\"inLanguage\":\"en-US\",\"potentialAction\":[{\"@type\":\"CommentAction\",\"name\":\"Comment\",\"target\":[\"https:\\\/\\\/kaizen-blog.org\\\/der-bund-klagt-den-ice-beamten-fuers-luegen-an-den-haerteren-vorwurf-zum-schuss-blockiert-das-justizministerium\\\/#respond\"]}]},{\"@type\":\"WebPage\",\"@id\":\"https:\\\/\\\/kaizen-blog.org\\\/der-bund-klagt-den-ice-beamten-fuers-luegen-an-den-haerteren-vorwurf-zum-schuss-blockiert-das-justizministerium\\\/\",\"url\":\"https:\\\/\\\/kaizen-blog.org\\\/der-bund-klagt-den-ice-beamten-fuers-luegen-an-den-haerteren-vorwurf-zum-schuss-blockiert-das-justizministerium\\\/\",\"name\":\"Der Bund klagt den ICE-Beamten f\u00fcrs L\u00fcgen an, den h\u00e4rteren Vorwurf zum Schuss blockiert das Justizministerium - The Kaizen Blog\",\"isPartOf\":{\"@id\":\"https:\\\/\\\/kaizen-blog.org\\\/#website\"},\"primaryImageOfPage\":{\"@id\":\"https:\\\/\\\/kaizen-blog.org\\\/der-bund-klagt-den-ice-beamten-fuers-luegen-an-den-haerteren-vorwurf-zum-schuss-blockiert-das-justizministerium\\\/#primaryimage\"},\"image\":{\"@id\":\"https:\\\/\\\/kaizen-blog.org\\\/der-bund-klagt-den-ice-beamten-fuers-luegen-an-den-haerteren-vorwurf-zum-schuss-blockiert-das-justizministerium\\\/#primaryimage\"},\"thumbnailUrl\":\"https:\\\/\\\/i0.wp.com\\\/kaizen-blog.org\\\/wp-content\\\/uploads\\\/2026\\\/09\\\/batch_kaizennewsday3.webp?fit=905%2C500&ssl=1\",\"datePublished\":\"2026-09-03T18:36:45+00:00\",\"dateModified\":\"2026-09-03T18:41:20+00:00\",\"author\":{\"@id\":\"https:\\\/\\\/kaizen-blog.org\\\/#\\\/schema\\\/person\\\/2350bb6dc34529fb49a12895a8a76096\"},\"description\":\"Bundesstaatsanw\u00e4lte haben den ICE-Beamten Christian Castro angeklagt, weil er Ermittler \u00fcber den Schuss belogen haben soll, der Anfang des Jahres bei den Einwanderungsrazzien in Minneapolis einen Venezolaner verletzte. Auf dem Papier steht die Falschaussage, die Kugel im Bein von Julio Cesar Sosa-Celis r\u00fcckt in den Hintergrund. Die Bundesanklage bleibt vorerst unter Verschluss. So beginnt ein Verfahren, in dem das Reden \u00fcber die Tat schwerer wiegt als die Tat. Ein Rechtsstaat, der die Kugel zur Randfrage macht und das Reden dar\u00fcber zur Hauptsache, verr\u00e4t, was ihm heilig ist. Angeklagt ist der Satz, den er sagte, nicht der Finger am Abzug.\",\"breadcrumb\":{\"@id\":\"https:\\\/\\\/kaizen-blog.org\\\/der-bund-klagt-den-ice-beamten-fuers-luegen-an-den-haerteren-vorwurf-zum-schuss-blockiert-das-justizministerium\\\/#breadcrumb\"},\"inLanguage\":\"en-US\",\"potentialAction\":[{\"@type\":\"ReadAction\",\"target\":[\"https:\\\/\\\/kaizen-blog.org\\\/der-bund-klagt-den-ice-beamten-fuers-luegen-an-den-haerteren-vorwurf-zum-schuss-blockiert-das-justizministerium\\\/\"]}]},{\"@type\":\"ImageObject\",\"inLanguage\":\"en-US\",\"@id\":\"https:\\\/\\\/kaizen-blog.org\\\/der-bund-klagt-den-ice-beamten-fuers-luegen-an-den-haerteren-vorwurf-zum-schuss-blockiert-das-justizministerium\\\/#primaryimage\",\"url\":\"https:\\\/\\\/i0.wp.com\\\/kaizen-blog.org\\\/wp-content\\\/uploads\\\/2026\\\/09\\\/batch_kaizennewsday3.webp?fit=905%2C500&ssl=1\",\"contentUrl\":\"https:\\\/\\\/i0.wp.com\\\/kaizen-blog.org\\\/wp-content\\\/uploads\\\/2026\\\/09\\\/batch_kaizennewsday3.webp?fit=905%2C500&ssl=1\",\"width\":905,\"height\":500},{\"@type\":\"BreadcrumbList\",\"@id\":\"https:\\\/\\\/kaizen-blog.org\\\/der-bund-klagt-den-ice-beamten-fuers-luegen-an-den-haerteren-vorwurf-zum-schuss-blockiert-das-justizministerium\\\/#breadcrumb\",\"itemListElement\":[{\"@type\":\"ListItem\",\"position\":1,\"name\":\"Startseite\",\"item\":\"https:\\\/\\\/kaizen-blog.org\\\/\"},{\"@type\":\"ListItem\",\"position\":2,\"name\":\"Der Bund klagt den ICE-Beamten f\u00fcrs L\u00fcgen an, den h\u00e4rteren Vorwurf zum Schuss blockiert das Justizministerium\"}]},{\"@type\":\"WebSite\",\"@id\":\"https:\\\/\\\/kaizen-blog.org\\\/#website\",\"url\":\"https:\\\/\\\/kaizen-blog.org\\\/\",\"name\":\"The Kaizen Blog\",\"description\":\"Investigativer Journalismus\",\"potentialAction\":[{\"@type\":\"SearchAction\",\"target\":{\"@type\":\"EntryPoint\",\"urlTemplate\":\"https:\\\/\\\/kaizen-blog.org\\\/?s={search_term_string}\"},\"query-input\":{\"@type\":\"PropertyValueSpecification\",\"valueRequired\":true,\"valueName\":\"search_term_string\"}}],\"inLanguage\":\"en-US\"},{\"@type\":\"Person\",\"@id\":\"https:\\\/\\\/kaizen-blog.org\\\/#\\\/schema\\\/person\\\/2350bb6dc34529fb49a12895a8a76096\",\"name\":\"TEAM KAIZEN BLOG\",\"image\":{\"@type\":\"ImageObject\",\"inLanguage\":\"en-US\",\"@id\":\"https:\\\/\\\/kaizen-blog.org\\\/wp-content\\\/uploads\\\/avatars\\\/4\\\/1762994133-bpfull.jpg\",\"url\":\"https:\\\/\\\/kaizen-blog.org\\\/wp-content\\\/uploads\\\/avatars\\\/4\\\/1762994133-bpfull.jpg\",\"contentUrl\":\"https:\\\/\\\/kaizen-blog.org\\\/wp-content\\\/uploads\\\/avatars\\\/4\\\/1762994133-bpfull.jpg\",\"caption\":\"TEAM KAIZEN BLOG\"},\"url\":\"https:\\\/\\\/kaizen-blog.org\\\/en\\\/author\\\/team-kaizen-2\\\/\"}]}<\/script>\n<!-- \/ Yoast SEO plugin. -->","yoast_head_json":{"title":"Der Bund klagt den ICE-Beamten f\u00fcrs L\u00fcgen an, den h\u00e4rteren Vorwurf zum Schuss blockiert das Justizministerium - The Kaizen Blog","description":"Federal prosecutors have charged ICE officer Christian Castro because he allegedly lied to investigators about the shooting that injured a Venezuelan man during the immigration raids in Minneapolis earlier this year. On paper, the charge is making false statements, while the bullet in Julio Cesar Sosa-Celis\u2019s leg moves into the background. The federal indictment remains under seal for now. That is how a case begins in which talking about the act carries more weight than the act itself. A justice system that turns the bullet into a side issue and the words about it into the main issue reveals what it holds sacred. The charge is about the sentence he spoke, not the finger on the trigger.","robots":{"index":"index","follow":"follow","max-snippet":"max-snippet:-1","max-image-preview":"max-image-preview:large","max-video-preview":"max-video-preview:-1"},"canonical":"https:\/\/kaizen-blog.org\/en\/der-bund-klagt-den-ice-beamten-fuers-luegen-an-den-haerteren-vorwurf-zum-schuss-blockiert-das-justizministerium\/","og_locale":"en_US","og_type":"article","og_title":"Der Bund klagt den ICE-Beamten f\u00fcrs L\u00fcgen an, den h\u00e4rteren Vorwurf zum Schuss blockiert das Justizministerium","og_description":"Bundesstaatsanw\u00e4lte haben den ICE-Beamten Christian Castro angeklagt, weil er Ermittler \u00fcber den Schuss belogen haben soll, der Anfang des Jahres bei den Einwanderungsrazzien in Minneapolis einen Venezolaner verletzte. Auf dem Papier steht die Falschaussage, die Kugel im Bein von Julio Cesar Sosa-Celis r\u00fcckt in den Hintergrund. Die Bundesanklage bleibt vorerst unter Verschluss. So beginnt ein Verfahren, in dem das Reden \u00fcber die Tat schwerer wiegt als die Tat. Ein Rechtsstaat, der die Kugel zur Randfrage macht und das Reden dar\u00fcber zur Hauptsache, verr\u00e4t, was ihm heilig ist. Angeklagt ist der Satz, den er sagte, nicht der Finger am Abzug.","og_url":"https:\/\/kaizen-blog.org\/en\/der-bund-klagt-den-ice-beamten-fuers-luegen-an-den-haerteren-vorwurf-zum-schuss-blockiert-das-justizministerium\/","og_site_name":"The Kaizen Blog","article_publisher":"https:\/\/www.facebook.com\/rainer.hofmann.2025\/","article_published_time":"2026-09-03T18:36:45+00:00","article_modified_time":"2026-09-03T18:41:20+00:00","og_image":[{"width":905,"height":500,"url":"https:\/\/kaizen-blog.org\/wp-content\/uploads\/2026\/09\/batch_kaizennewsday3.webp","type":"image\/webp"}],"author":"TEAM KAIZEN BLOG","twitter_card":"summary_large_image","twitter_misc":{"Written by":"TEAM KAIZEN BLOG","Est. reading time":"6 minutes"},"schema":{"@context":"https:\/\/schema.org","@graph":[{"@type":"Article","@id":"https:\/\/kaizen-blog.org\/der-bund-klagt-den-ice-beamten-fuers-luegen-an-den-haerteren-vorwurf-zum-schuss-blockiert-das-justizministerium\/#article","isPartOf":{"@id":"https:\/\/kaizen-blog.org\/der-bund-klagt-den-ice-beamten-fuers-luegen-an-den-haerteren-vorwurf-zum-schuss-blockiert-das-justizministerium\/"},"author":{"name":"TEAM KAIZEN BLOG","@id":"https:\/\/kaizen-blog.org\/#\/schema\/person\/2350bb6dc34529fb49a12895a8a76096"},"headline":"Der Bund klagt den ICE-Beamten f\u00fcrs L\u00fcgen an, den h\u00e4rteren Vorwurf zum Schuss blockiert das Justizministerium","datePublished":"2026-09-03T18:36:45+00:00","dateModified":"2026-09-03T18:41:20+00:00","mainEntityOfPage":{"@id":"https:\/\/kaizen-blog.org\/der-bund-klagt-den-ice-beamten-fuers-luegen-an-den-haerteren-vorwurf-zum-schuss-blockiert-das-justizministerium\/"},"wordCount":931,"commentCount":0,"image":{"@id":"https:\/\/kaizen-blog.org\/der-bund-klagt-den-ice-beamten-fuers-luegen-an-den-haerteren-vorwurf-zum-schuss-blockiert-das-justizministerium\/#primaryimage"},"thumbnailUrl":"https:\/\/i0.wp.com\/kaizen-blog.org\/wp-content\/uploads\/2026\/09\/batch_kaizennewsday3.webp?fit=905%2C500&ssl=1","articleSection":["Dark America","Deportations &amp; ICE","Topstory","Trumpland"],"inLanguage":"en-US","potentialAction":[{"@type":"CommentAction","name":"Comment","target":["https:\/\/kaizen-blog.org\/der-bund-klagt-den-ice-beamten-fuers-luegen-an-den-haerteren-vorwurf-zum-schuss-blockiert-das-justizministerium\/#respond"]}]},{"@type":"WebPage","@id":"https:\/\/kaizen-blog.org\/der-bund-klagt-den-ice-beamten-fuers-luegen-an-den-haerteren-vorwurf-zum-schuss-blockiert-das-justizministerium\/","url":"https:\/\/kaizen-blog.org\/der-bund-klagt-den-ice-beamten-fuers-luegen-an-den-haerteren-vorwurf-zum-schuss-blockiert-das-justizministerium\/","name":"Der Bund klagt den ICE-Beamten f\u00fcrs L\u00fcgen an, den h\u00e4rteren Vorwurf zum Schuss blockiert das Justizministerium - The Kaizen Blog","isPartOf":{"@id":"https:\/\/kaizen-blog.org\/#website"},"primaryImageOfPage":{"@id":"https:\/\/kaizen-blog.org\/der-bund-klagt-den-ice-beamten-fuers-luegen-an-den-haerteren-vorwurf-zum-schuss-blockiert-das-justizministerium\/#primaryimage"},"image":{"@id":"https:\/\/kaizen-blog.org\/der-bund-klagt-den-ice-beamten-fuers-luegen-an-den-haerteren-vorwurf-zum-schuss-blockiert-das-justizministerium\/#primaryimage"},"thumbnailUrl":"https:\/\/i0.wp.com\/kaizen-blog.org\/wp-content\/uploads\/2026\/09\/batch_kaizennewsday3.webp?fit=905%2C500&ssl=1","datePublished":"2026-09-03T18:36:45+00:00","dateModified":"2026-09-03T18:41:20+00:00","author":{"@id":"https:\/\/kaizen-blog.org\/#\/schema\/person\/2350bb6dc34529fb49a12895a8a76096"},"description":"Federal prosecutors have charged ICE officer Christian Castro because he allegedly lied to investigators about the shooting that injured a Venezuelan man during the immigration raids in Minneapolis earlier this year. On paper, the charge is making false statements, while the bullet in Julio Cesar Sosa-Celis\u2019s leg moves into the background. The federal indictment remains under seal for now. That is how a case begins in which talking about the act carries more weight than the act itself. A justice system that turns the bullet into a side issue and the words about it into the main issue reveals what it holds sacred. The charge is about the sentence he spoke, not the finger on the trigger.","breadcrumb":{"@id":"https:\/\/kaizen-blog.org\/der-bund-klagt-den-ice-beamten-fuers-luegen-an-den-haerteren-vorwurf-zum-schuss-blockiert-das-justizministerium\/#breadcrumb"},"inLanguage":"en-US","potentialAction":[{"@type":"ReadAction","target":["https:\/\/kaizen-blog.org\/der-bund-klagt-den-ice-beamten-fuers-luegen-an-den-haerteren-vorwurf-zum-schuss-blockiert-das-justizministerium\/"]}]},{"@type":"ImageObject","inLanguage":"en-US","@id":"https:\/\/kaizen-blog.org\/der-bund-klagt-den-ice-beamten-fuers-luegen-an-den-haerteren-vorwurf-zum-schuss-blockiert-das-justizministerium\/#primaryimage","url":"https:\/\/i0.wp.com\/kaizen-blog.org\/wp-content\/uploads\/2026\/09\/batch_kaizennewsday3.webp?fit=905%2C500&ssl=1","contentUrl":"https:\/\/i0.wp.com\/kaizen-blog.org\/wp-content\/uploads\/2026\/09\/batch_kaizennewsday3.webp?fit=905%2C500&ssl=1","width":905,"height":500},{"@type":"BreadcrumbList","@id":"https:\/\/kaizen-blog.org\/der-bund-klagt-den-ice-beamten-fuers-luegen-an-den-haerteren-vorwurf-zum-schuss-blockiert-das-justizministerium\/#breadcrumb","itemListElement":[{"@type":"ListItem","position":1,"name":"Startseite","item":"https:\/\/kaizen-blog.org\/"},{"@type":"ListItem","position":2,"name":"Der Bund klagt den ICE-Beamten f\u00fcrs L\u00fcgen an, den h\u00e4rteren Vorwurf zum Schuss blockiert das Justizministerium"}]},{"@type":"WebSite","@id":"https:\/\/kaizen-blog.org\/#website","url":"https:\/\/kaizen-blog.org\/","name":"The Kaizen Blog","description":"Investigative Journalism","potentialAction":[{"@type":"SearchAction","target":{"@type":"EntryPoint","urlTemplate":"https:\/\/kaizen-blog.org\/?s={search_term_string}"},"query-input":{"@type":"PropertyValueSpecification","valueRequired":true,"valueName":"search_term_string"}}],"inLanguage":"en-US"},{"@type":"Person","@id":"https:\/\/kaizen-blog.org\/#\/schema\/person\/2350bb6dc34529fb49a12895a8a76096","name":"TEAM KAIZEN BLOG","image":{"@type":"ImageObject","inLanguage":"en-US","@id":"https:\/\/kaizen-blog.org\/wp-content\/uploads\/avatars\/4\/1762994133-bpfull.jpg","url":"https:\/\/kaizen-blog.org\/wp-content\/uploads\/avatars\/4\/1762994133-bpfull.jpg","contentUrl":"https:\/\/kaizen-blog.org\/wp-content\/uploads\/avatars\/4\/1762994133-bpfull.jpg","caption":"TEAM KAIZEN BLOG"},"url":"https:\/\/kaizen-blog.org\/en\/author\/team-kaizen-2\/"}]}},"jetpack_sharing_enabled":true,"jetpack-related-posts":[{"id":37408,"url":"https:\/\/kaizen-blog.org\/en\/weitere-erfolge-gegen-ice-erste-festnahme-von-ice-beamten-der-fall-christian-castro\/","url_meta":{"origin":44760,"position":0},"title":"Further Successes Against ICE - The Christian Castro Case and the Cracks in Trump\u2019s Deportation Crackdown","author":"Rainer Hofmann","date":"30. May 2026","format":false,"excerpt":"Die Festnahme von Christian Castro ist weit mehr als die Verhaftung eines einzelnen ICE-Beamten. Sie steht f\u00fcr einen Fall, der inzwischen zu einem der gr\u00f6\u00dften politischen und juristischen Probleme der Trump-Regierung im Zusammenhang mit ihrer Abschiebeoffensive in Minnesota geworden ist. Nach monatelangen Ermittlungen wurde der 52-J\u00e4hrige nun im texanischen Cameron\u2026","rel":"","context":"In &quot;Deportations &amp; ICE&quot;","block_context":{"text":"Deportations &amp; ICE","link":"https:\/\/kaizen-blog.org\/en\/category\/deportations-under-trump\/"},"img":{"alt_text":"","src":"https:\/\/i0.wp.com\/kaizen-blog.org\/wp-content\/uploads\/2026\/05\/batch_kaizennewsday4.webp?fit=905%2C500&ssl=1&resize=350%2C200","width":350,"height":200,"srcset":"https:\/\/i0.wp.com\/kaizen-blog.org\/wp-content\/uploads\/2026\/05\/batch_kaizennewsday4.webp?fit=905%2C500&ssl=1&resize=350%2C200 1x, https:\/\/i0.wp.com\/kaizen-blog.org\/wp-content\/uploads\/2026\/05\/batch_kaizennewsday4.webp?fit=905%2C500&ssl=1&resize=525%2C300 1.5x, https:\/\/i0.wp.com\/kaizen-blog.org\/wp-content\/uploads\/2026\/05\/batch_kaizennewsday4.webp?fit=905%2C500&ssl=1&resize=700%2C400 2x"},"classes":[]},{"id":26112,"url":"https:\/\/kaizen-blog.org\/en\/wenn-kontrolle-verweigert-wird-ruecktritte-im-us-justizministerium-nach-toedlichem-ice-schuss\/","url_meta":{"origin":44760,"position":1},"title":"When Oversight Is Denied: Resignations at the US Justice Department After a Deadly ICE Shooting","author":"Rainer Hofmann","date":"13. January 2026","format":false,"excerpt":"One of the most serious internal upheavals in months has shaken the US Justice Department. Following further reporting, at least four senior attorneys from the Criminal Section within the Civil Rights Division have resigned ...","rel":"","context":"In &quot;Daylight&quot;","block_context":{"text":"Daylight","link":"https:\/\/kaizen-blog.org\/en\/category\/daylight\/"},"img":{"alt_text":"","src":"https:\/\/i0.wp.com\/kaizen-blog.org\/wp-content\/uploads\/2026\/01\/kaizennewsday-2026-01-13T182749.497.webp?fit=905%2C500&ssl=1&resize=350%2C200","width":350,"height":200,"srcset":"https:\/\/i0.wp.com\/kaizen-blog.org\/wp-content\/uploads\/2026\/01\/kaizennewsday-2026-01-13T182749.497.webp?fit=905%2C500&ssl=1&resize=350%2C200 1x, https:\/\/i0.wp.com\/kaizen-blog.org\/wp-content\/uploads\/2026\/01\/kaizennewsday-2026-01-13T182749.497.webp?fit=905%2C500&ssl=1&resize=525%2C300 1.5x, https:\/\/i0.wp.com\/kaizen-blog.org\/wp-content\/uploads\/2026\/01\/kaizennewsday-2026-01-13T182749.497.webp?fit=905%2C500&ssl=1&resize=700%2C400 2x"},"classes":[]},{"id":27265,"url":"https:\/\/kaizen-blog.org\/en\/26-januar-2026-kurznachrichten\/","url_meta":{"origin":44760,"position":2},"title":"January 26, 2026 \u2013 Short News","author":"TEAM KAIZEN BLOG","date":"26. January 2026","format":false,"excerpt":"Tausende gehen in New York f\u00fcr Alex Jeffrey Pretti auf die Stra\u00dfe! In New York haben sich Tausende Menschen versammelt, um gegen die Erschie\u00dfung von Alex Jeffrey Pretti durch Bundesbeamte zu protestieren. Die Demonstration zog durch mehrere Stadtteile und richtete sich direkt gegen den Einsatz von ICE und die Ausweitung\u2026","rel":"","context":"In &quot;+++ Kaizen News Ticker +++&quot;","block_context":{"text":"+++ Kaizen News Ticker +++","link":"https:\/\/kaizen-blog.org\/en\/category\/ticker\/"},"img":{"alt_text":"","src":"https:\/\/i0.wp.com\/kaizen-blog.org\/wp-content\/uploads\/2026\/01\/kaizenlive-2026-01-25T215605.888.webp?fit=905%2C500&ssl=1&resize=350%2C200","width":350,"height":200,"srcset":"https:\/\/i0.wp.com\/kaizen-blog.org\/wp-content\/uploads\/2026\/01\/kaizenlive-2026-01-25T215605.888.webp?fit=905%2C500&ssl=1&resize=350%2C200 1x, https:\/\/i0.wp.com\/kaizen-blog.org\/wp-content\/uploads\/2026\/01\/kaizenlive-2026-01-25T215605.888.webp?fit=905%2C500&ssl=1&resize=525%2C300 1.5x, https:\/\/i0.wp.com\/kaizen-blog.org\/wp-content\/uploads\/2026\/01\/kaizenlive-2026-01-25T215605.888.webp?fit=905%2C500&ssl=1&resize=700%2C400 2x"},"classes":[]},{"id":27132,"url":"https:\/\/kaizen-blog.org\/en\/live-toedlicher-ice-einsatz-in-minneapolis\/","url_meta":{"origin":44760,"position":3},"title":"Live: Fatal ICE Operation in Minneapolis","author":"TEAM KAIZEN BLOG","date":"25. January 2026","format":false,"excerpt":"Zum Artikel: Sch\u00fcsse im Gedr\u00e4nge \u2013 Minneapolis am Rand der Eskalation \u2013 Das war Mord Dieses Bild der New York Times ist eine Mahnung, eine Mahnung, dass ein unschuldiger Mensch erschossen wurde und keine \u00e4rztliche Versorgung erhielt. Dieses Bild ist eine Mahnung, was Rechtspopulismus und Faschismus bedeuten. Daf\u00fcr gibt es\u2026","rel":"","context":"In &quot;Kaizen Live&quot;","block_context":{"text":"Kaizen Live","link":"https:\/\/kaizen-blog.org\/en\/category\/kaizen-live\/"},"img":{"alt_text":"","src":"https:\/\/i0.wp.com\/kaizen-blog.org\/wp-content\/uploads\/2026\/01\/kaizennewsday-2026-01-23T205303.470.webp?fit=905%2C500&ssl=1&resize=350%2C200","width":350,"height":200,"srcset":"https:\/\/i0.wp.com\/kaizen-blog.org\/wp-content\/uploads\/2026\/01\/kaizennewsday-2026-01-23T205303.470.webp?fit=905%2C500&ssl=1&resize=350%2C200 1x, https:\/\/i0.wp.com\/kaizen-blog.org\/wp-content\/uploads\/2026\/01\/kaizennewsday-2026-01-23T205303.470.webp?fit=905%2C500&ssl=1&resize=525%2C300 1.5x, https:\/\/i0.wp.com\/kaizen-blog.org\/wp-content\/uploads\/2026\/01\/kaizennewsday-2026-01-23T205303.470.webp?fit=905%2C500&ssl=1&resize=700%2C400 2x"},"classes":[]},{"id":25810,"url":"https:\/\/kaizen-blog.org\/en\/die-luege-vom-angriff-wie-sicherheitskameras-recherchen-und-videos-den-toedlichen-ice-einsatz-entlarven\/","url_meta":{"origin":44760,"position":4},"title":"The Lie of an Attack - How Security Cameras, Investigations and Videos Expose the Deadly ICE Operation","author":"Rainer Hofmann","date":"9. January 2026","format":false,"excerpt":"Mehrere Aufnahmen aus privaten Sicherheitskameras und unterschiedlichen Blickwinkeln zeichnen inzwischen ein klares, in sich stimmiges Bild der Ereignisse in Minneapolis. Sie zeigen, dass Renee Nicole Good nicht versuchte, einen Beamten der Immigration and Customs Enforcement zu \u00fcberfahren. Der entscheidende neue Kamerawinkel h\u00e4lt die Sekunden vor der Schussabgabe fest und widerspricht\u2026","rel":"","context":"In &quot;Kaizen Flashpoint&quot;","block_context":{"text":"Kaizen Flashpoint","link":"https:\/\/kaizen-blog.org\/en\/category\/madness\/"},"img":{"alt_text":"","src":"https:\/\/i0.wp.com\/kaizen-blog.org\/wp-content\/uploads\/2026\/01\/batch_kaizennewsday-2026-01-08T041620.879.webp?fit=905%2C500&ssl=1&resize=350%2C200","width":350,"height":200,"srcset":"https:\/\/i0.wp.com\/kaizen-blog.org\/wp-content\/uploads\/2026\/01\/batch_kaizennewsday-2026-01-08T041620.879.webp?fit=905%2C500&ssl=1&resize=350%2C200 1x, https:\/\/i0.wp.com\/kaizen-blog.org\/wp-content\/uploads\/2026\/01\/batch_kaizennewsday-2026-01-08T041620.879.webp?fit=905%2C500&ssl=1&resize=525%2C300 1.5x, https:\/\/i0.wp.com\/kaizen-blog.org\/wp-content\/uploads\/2026\/01\/batch_kaizennewsday-2026-01-08T041620.879.webp?fit=905%2C500&ssl=1&resize=700%2C400 2x"},"classes":[]},{"id":25669,"url":"https:\/\/kaizen-blog.org\/en\/schuesse-auf-offener-strasse-ein-ice-einsatz-toetet-eine-mutter-und-macht-ein-kind-zur-vollwaise\/","url_meta":{"origin":44760,"position":5},"title":"Shots Fired on a Public Street \u2013 An ICE Operation Kills a Mother and Leaves a Child an Orphan","author":"Rainer Hofmann","date":"8. January 2026","format":false,"excerpt":"Minneapolis - In einem Wohnviertel im S\u00fcden von Minneapolis ist am Mittwoch Renee Nicole Good, 37 Jahre alt, von einem Beamten der US-Einwanderungsbeh\u00f6rde ICE grundlos erschossen worden. Der Vorfall ereignete sich w\u00e4hrend einer gro\u00df angelegten Einwanderungsoperation der Trump-Regierung, die seit Tagen die Stadt und ihr Umland in Alarmzustand versetzt. Was\u2026","rel":"","context":"In &quot;Deportations &amp; ICE&quot;","block_context":{"text":"Deportations &amp; ICE","link":"https:\/\/kaizen-blog.org\/en\/category\/deportations-under-trump\/"},"img":{"alt_text":"","src":"https:\/\/i0.wp.com\/kaizen-blog.org\/wp-content\/uploads\/2026\/01\/batch_kaizennewsday-2026-01-08T041655.955.webp?fit=905%2C500&ssl=1&resize=350%2C200","width":350,"height":200,"srcset":"https:\/\/i0.wp.com\/kaizen-blog.org\/wp-content\/uploads\/2026\/01\/batch_kaizennewsday-2026-01-08T041655.955.webp?fit=905%2C500&ssl=1&resize=350%2C200 1x, https:\/\/i0.wp.com\/kaizen-blog.org\/wp-content\/uploads\/2026\/01\/batch_kaizennewsday-2026-01-08T041655.955.webp?fit=905%2C500&ssl=1&resize=525%2C300 1.5x, https:\/\/i0.wp.com\/kaizen-blog.org\/wp-content\/uploads\/2026\/01\/batch_kaizennewsday-2026-01-08T041655.955.webp?fit=905%2C500&ssl=1&resize=700%2C400 2x"},"classes":[]}],"jetpack_featured_media_url":"https:\/\/i0.wp.com\/kaizen-blog.org\/wp-content\/uploads\/2026\/09\/batch_kaizennewsday3.webp?fit=905%2C500&ssl=1","_links":{"self":[{"href":"https:\/\/kaizen-blog.org\/en\/wp-json\/wp\/v2\/posts\/44760","targetHints":{"allow":["GET"]}}],"collection":[{"href":"https:\/\/kaizen-blog.org\/en\/wp-json\/wp\/v2\/posts"}],"about":[{"href":"https:\/\/kaizen-blog.org\/en\/wp-json\/wp\/v2\/types\/post"}],"author":[{"embeddable":true,"href":"https:\/\/kaizen-blog.org\/en\/wp-json\/wp\/v2\/users\/4"}],"replies":[{"embeddable":true,"href":"https:\/\/kaizen-blog.org\/en\/wp-json\/wp\/v2\/comments?post=44760"}],"version-history":[{"count":0,"href":"https:\/\/kaizen-blog.org\/en\/wp-json\/wp\/v2\/posts\/44760\/revisions"}],"wp:featuredmedia":[{"embeddable":true,"href":"https:\/\/kaizen-blog.org\/en\/wp-json\/wp\/v2\/media\/44761"}],"wp:attachment":[{"href":"https:\/\/kaizen-blog.org\/en\/wp-json\/wp\/v2\/media?parent=44760"}],"wp:term":[{"taxonomy":"category","embeddable":true,"href":"https:\/\/kaizen-blog.org\/en\/wp-json\/wp\/v2\/categories?post=44760"},{"taxonomy":"post_tag","embeddable":true,"href":"https:\/\/kaizen-blog.org\/en\/wp-json\/wp\/v2\/tags?post=44760"}],"curies":[{"name":"wp","href":"https:\/\/api.w.org\/{rel}","templated":true}]}}