{"id":44646,"date":"2026-09-02T05:57:42","date_gmt":"2026-09-02T03:57:42","guid":{"rendered":"https:\/\/kaizen-blog.org\/?p=44646"},"modified":"2026-09-02T06:55:40","modified_gmt":"2026-09-02T04:55:40","slug":"wir-haben-den-zdf-artikel-zum-dexit-ueberprueft-was-stimmt-was-fehlt-und-wo-er-falsch-liegt","status":"publish","type":"post","link":"https:\/\/kaizen-blog.org\/en\/wir-haben-den-zdf-artikel-zum-dexit-ueberprueft-was-stimmt-was-fehlt-und-wo-er-falsch-liegt\/","title":{"rendered":"We fact-checked the ZDF article on \"Dexit\": What checks out, what's missing, and where it gets it wrong"},"content":{"rendered":"<p class=\"wp-block-paragraph\" style=\"font-size:18px\"><strong>Why we're doing this fact-check:<\/strong><br>Anyone who wants to explain the consequences of an AfD government has to be especially careful. Imprecise terms, mixed-up scenarios, or factual errors do not weaken the AfD, but ultimately the credibility of the criticism directed at it. That is why we checked the ZDF article in full. We are not doing this out of arrogance. Right-wing populism can only be fought with a shared, credible strategy - and that starts with reporting that draws clear distinctions, uses precise language, and is bulletproof on the facts.<\/p>\n\n\n\n<p class=\"wp-block-paragraph\">The AfD wants to take Germany out of the euro. That is explicitly stated in its federal election platform, along with the demand for a national currency. Alice Weidel went one step further at the end of August and said in ZDF's summer interview that Germany would, if necessary, also have to leave the Schengen Area. Turning that into a \"Dexit,\" as ZDF does in its headline, is sloppy. A Dexit refers to Germany's complete withdrawal from the European Union. Instead, the AfD platform calls for moving from today's EU to a newly created European economic and interest-based community, a \"Federation of European Nations.\" (AfD platform. On pages 139\/140, it states that the AfD seeks a \"Federation of European Nations\" and a newly created economic and interest-based community; the \"transition from the European Union to the Federation of European Nations\" should take place in a planned manner.)<\/p>\n\n\n\n<figure class=\"wp-block-image alignwide size-full\"><img data-recalc-dims=\"1\" fetchpriority=\"high\" decoding=\"async\" width=\"640\" height=\"354\" src=\"https:\/\/i0.wp.com\/kaizen-blog.org\/wp-content\/uploads\/2026\/09\/batch_kaizenlive-news20398.webp?resize=640%2C354&#038;ssl=1\" alt=\"\" class=\"wp-image-44648\" srcset=\"https:\/\/i0.wp.com\/kaizen-blog.org\/wp-content\/uploads\/2026\/09\/batch_kaizenlive-news20398.webp?w=905&amp;ssl=1 905w, https:\/\/i0.wp.com\/kaizen-blog.org\/wp-content\/uploads\/2026\/09\/batch_kaizenlive-news20398.webp?resize=18%2C10&amp;ssl=1 18w, https:\/\/i0.wp.com\/kaizen-blog.org\/wp-content\/uploads\/2026\/09\/batch_kaizenlive-news20398.webp?resize=300%2C166&amp;ssl=1 300w, https:\/\/i0.wp.com\/kaizen-blog.org\/wp-content\/uploads\/2026\/09\/batch_kaizenlive-news20398.webp?resize=768%2C424&amp;ssl=1 768w\" sizes=\"(max-width: 640px) 100vw, 640px\" \/><\/figure>\n\n\n\n<p class=\"wp-block-paragraph\">Leaving the euro, leaving Schengen, and leaving the EU are three different things legally and economically. There is also something that is practically lost in the ZDF article: The EU treaties contain no separate procedure for a euro member state to leave the currency union while remaining a member of the EU. A mutually agreed withdrawal would be possible through a contractual agreement and an amendment to the EU treaties; a unilateral withdrawal is considered unlawful under EU law according to the prevailing legal view. Economically, the move would still be enormous. According to a Prognos study commissioned by the Bavarian Industry Association and based on data from 2022, around 7.2 million jobs in Germany are supported by demand from other EU countries. That explicitly does not mean that 7.2 million jobs would automatically disappear if Germany left the euro. <\/p>\n\n\n\n<figure class=\"wp-block-pullquote has-text-align-left\"><blockquote><p>The AfD is dangerous enough - anyone reporting on the consequences of an AfD government\nmust not play into its hands with false or sloppy facts on top of that.<\/p><\/blockquote><\/figure>\n\n\n\n<p class=\"wp-block-paragraph\">But it does show how closely Germany's economy is tied to the European market. More than half of German exports go to the EU. What is striking is that ZDF uses these figures in the section about leaving the euro. The Prognos figures, however, refer to Germany's economic ties with the European Union as a whole, not the eurozone. The EU single market and the currency union are not the same thing. A new German currency could appreciate significantly against the euro. Imported goods and foreign travel could become cheaper as a result, while German cars, machinery, chemical products, and other exports could become more expensive abroad. Companies would have to adjust prices, accept lower profits, or deal with weaker demand.<\/p>\n\n\n\n<p class=\"has-medium-font-size wp-block-paragraph\"><strong>ZDF article: <a href=\"https:\/\/www.zdfheute.de\/wirtschaft\/afd-dexit-deutschland-euro-austritt-schengen-100.html?utm_source=firefox-newtab-de-de\">https:\/\/www.zdfheute.de\/wirtschaft\/afd-dexit-deutschland-euro-austritt-schengen-100.html?utm_source=firefox-newtab-de-de<\/a><\/strong><\/p>\n\n\n\n<p class=\"wp-block-paragraph\">At one crucial point, however, the ZDF article is factually wrong. It says loans could become more expensive after Germany leaves the euro because the European Central Bank would probably try to stabilize the new currency by raising interest rates. That is exactly what the ECB could not do. It sets monetary policy for the eurozone and the euro. If Germany introduced its own currency and left the euro, the ECB would not be responsible for its key interest rate. What role the already existing Bundesbank would take on afterward and how the new monetary policy would be organized would first have to be worked out. Higher interest rates would not automatically follow either. That would depend on inflation, the exchange rate, capital flows, and the overall economic situation. <\/p>\n\n\n\n<p class=\"wp-block-paragraph\">ZDF also gives far too little attention to the question of what would happen to the billions in contracts and assets currently denominated in euros. Checking accounts, savings, wages, pensions, mortgages, government bonds, and corporate contracts would in some cases have to be converted into a new currency. For contracts governed by foreign law, Germany could not simply impose such a conversion unilaterally. That could trigger major movements of money even before the actual withdrawal. Banks, companies, and investors would try to prepare for the expected exchange rate. TARGET is part of that equation as well. At the end of July 2026, the Bundesbank had a TARGET claim against the ECB of just over 1.037 trillion euros. That amount would not simply be lost if Germany left the euro. For the hypothetical withdrawal of a member state, the Bundesbank explicitly points out that all claims and liabilities within the Eurosystem would have to be considered together. The TARGET balance alone therefore says nothing about what financial losses Germany would actually face in the event of a withdrawal.<\/p>\n\n\n\n<figure class=\"wp-block-image alignwide size-full\"><img data-recalc-dims=\"1\" decoding=\"async\" width=\"640\" height=\"354\" src=\"https:\/\/i0.wp.com\/kaizen-blog.org\/wp-content\/uploads\/2026\/09\/batch_kaizenlive-news20399.webp?resize=640%2C354&#038;ssl=1\" alt=\"\" class=\"wp-image-44649\" srcset=\"https:\/\/i0.wp.com\/kaizen-blog.org\/wp-content\/uploads\/2026\/09\/batch_kaizenlive-news20399.webp?w=905&amp;ssl=1 905w, https:\/\/i0.wp.com\/kaizen-blog.org\/wp-content\/uploads\/2026\/09\/batch_kaizenlive-news20399.webp?resize=18%2C10&amp;ssl=1 18w, https:\/\/i0.wp.com\/kaizen-blog.org\/wp-content\/uploads\/2026\/09\/batch_kaizenlive-news20399.webp?resize=300%2C166&amp;ssl=1 300w, https:\/\/i0.wp.com\/kaizen-blog.org\/wp-content\/uploads\/2026\/09\/batch_kaizenlive-news20399.webp?resize=768%2C424&amp;ssl=1 768w\" sizes=\"(max-width: 640px) 100vw, 640px\" \/><\/figure>\n\n\n\n<div style=\"height:10px\" aria-hidden=\"true\" class=\"wp-block-spacer\"><\/div>\n\n\n\n<p class=\"wp-block-paragraph\">When it comes to leaving Schengen, the ZDF article also blurs important distinctions. Germany already controls its land borders today, and those controls have also been registered for the coming months. When ZDF writes that Germans would notice a Schengen withdrawal \"when border controls are introduced again,\" that simply does not fit the current situation. A permanent withdrawal would still be something different from today's temporary controls. Schengen is part of EU law, and there is no simple withdrawal clause modeled on leaving the EU. Just as important: Leaving Schengen would not automatically mean tariffs on French, Polish, or Dutch goods. Schengen and the EU customs union are not the same thing. The right of German citizens to live and work in other EU countries would not automatically disappear with Schengen either, because freedom of movement is a separate EU right. Permanent controls could still be expensive. Prognos estimates the annual economic cost of comprehensive border controls for Germany at around 1.5 to two billion euros. Then there is security cooperation. Through the Schengen Information System, police and border authorities exchange wanted-person data and information on vehicles and documents. Leaving would not necessarily mean that Germany would lose all access - Ireland shows that participation in parts of this cooperation is possible even outside the border-free Schengen Area. But Germany would have to clarify and negotiate which systems it would still be allowed to take part in. <\/p>\n\n\n\n<p class=\"wp-block-paragraph\">When it comes to the often cited loss of 690 billion euros and 2.5 million jobs at risk, ZDF does make the necessary distinction. Those figures come from a 2024 IW study modeling a German withdrawal from the EU along the lines of Brexit. ZDF cites them in the section about a full \"Dexit\" and therefore places them correctly at that point. The figures do not, however, tell us what leaving Schengen alone or leaving the euro alone would cost. A more recent study on Brexit now points to even more serious consequences for the United Kingdom: By the end of 2025, British gross domestic product may have been six to eight percent lower, investment twelve to thirteen percent lower, and employment and productivity each three to four percent lower. People can politically oppose the euro, Schengen, or the EU. But when discussing what a German withdrawal would actually mean, the different scenarios have to be kept separate. That is exactly where the ZDF article fails in several places: One statement about the ECB is wrong, different withdrawal scenarios are mixed together, existing border controls are barely taken into account, and some of the most difficult questions involving banks, contracts, payments, and security authorities are almost entirely missing.<\/p>\n\n\n\n<p class=\"wp-block-paragraph\">The AfD's policies would be economically disastrous for Germany. Leaving the euro, breaking with Schengen, and especially completely leaving the European Union would hit a country whose prosperity depends on trade, shared markets, and open economic relations to a degree matched by few others in Europe. Millions of jobs, banks, companies, savers, and consumers would be affected by decisions whose consequences cannot be dealt with in a few sentences about cheaper vacations and more expensive exports. That is precisely why the public explanation has to be accurate. When a public broadcaster mixes different withdrawal scenarios, treats existing border controls as though they would first have to be reintroduced, and assigns the European Central Bank a role after Germany leaves the euro that it would no longer have, it backfires. Anyone trying to rebut the AfD with false or sloppy arguments ultimately hands it exactly the material it needs to dismiss every legitimate criticism as manipulation. In the worst case, public education then turns into unintended campaign advertising for exactly the party whose policies were supposed to be explained and scrutinized.<\/p>\n\n\n\n<h3 class=\"wp-block-heading\"><strong>Bottom line of our fact-check of the ZDF article<\/strong><\/h3>\n\n\n\n<p class=\"wp-block-paragraph\"><strong>1 major factual error:<\/strong><\/p>\n\n\n\n<p class=\"wp-block-paragraph\">After Germany leaves the euro, the ECB could not stabilize the new German currency by raising interest rates. The ECB would not be responsible for monetary policy for a new German currency.<\/p>\n\n\n\n<p class=\"wp-block-paragraph\"><strong>4 serious inaccuracies and mixed-up scenarios:<\/strong><\/p>\n\n\n\n<ol class=\"wp-block-list\">\n<li>Leaving the euro and leaving Schengen are treated under the term \"Dexit,\" even though Dexit means a complete withdrawal from the EU.<\/li>\n\n\n\n<li>Figures on Germany's economic ties with the entire EU are used as evidence of its dependence on the euro currency union. The EU and the eurozone are not the same thing.<\/li>\n\n\n\n<li>The consequences of leaving the euro are partly mixed with possible trade barriers resulting from leaving the EU.<\/li>\n\n\n\n<li>ZDF writes about border controls being \"reintroduced\" after leaving Schengen, even though Germany already controls all of its land borders.<\/li>\n<\/ol>\n\n\n\n<p class=\"wp-block-paragraph\"><strong>At least 6 major omissions:<\/strong><\/p>\n\n\n\n<ol class=\"wp-block-list\">\n<li>A separate German withdrawal from the euro is not provided for under the current EU treaty framework.<\/li>\n\n\n\n<li>Schengen, the EU customs union, and freedom of movement are not clearly distinguished from one another.<\/li>\n\n\n\n<li>The conversion of checking accounts, savings, loans, pensions, and contracts into a new currency is missing.<\/li>\n\n\n\n<li>The consequences for banks and possible massive capital movements are not addressed.<\/li>\n\n\n\n<li>TARGET claims and the financial settlement within the Eurosystem are completely missing.<\/li>\n\n\n\n<li>The consequences for the Schengen Information System and European police and security cooperation are barely addressed at all.<\/li>\n<\/ol>\n\n\n\n<div class=\"kz-ad-root\"><style>@import url('https:\/\/fonts.googleapis.com\/css2?family=Bebas+Neue&family=Source+Sans+3:ital,wght@0,400;0,700;1,400&display=swap');.kz-ad-root{margin:28px 0}.kz-ad{font-family:'Source Sans 3','Segoe UI',Arial,sans-serif;background:#fff;border:1px solid #DEDEDE;border-radius:4px;overflow:hidden;max-width:100%;box-sizing:border-box}.kz-top{background:#111;padding:12px 18px;display:flex;align-items:center;gap:10px}.kz-eyebrow-line{width:22px;height:2px;background:#E50082;flex-shrink:0}.kz-badge{font-size:13px;font-weight:700;letter-spacing:.14em;text-transform:uppercase;color:#fff}.kz-inner{padding:22px 18px 20px}.kz-headline{font-family:'Bebas Neue',Impact,Arial Narrow,sans-serif;font-size:2.4rem;font-weight:400;color:#111;line-height:1.1;margin:0 0 16px;letter-spacing:.03em}.kz-text{font-size:1.05rem;line-height:1.75;color:#333;margin:0 0 16px}.kz-callout{font-size:1.05rem;line-height:1.65;color:#111;font-weight:700;border-left:3px solid #BDBDBD;padding:12px 14px;margin:0 0 22px;background:#FAFAFA;border-radius:0 2px 2px 0}.kz-btn{display:flex;align-items:center;justify-content:center;gap:9px;width:100%;box-sizing:border-box;padding:16px 20px;background:#E50082;color:#fff;font-family:'Source Sans 3',sans-serif;font-weight:700;font-size:1.1rem;text-decoration:none;border-radius:2px;transition:background .18s,transform .15s;letter-spacing:.03em;text-transform:uppercase;margin-bottom:16px}.kz-btn:hover{background:#CB006F;transform:translateY(-1px)}.kz-btn svg{transition:transform .18s}.kz-btn:hover svg{transform:translateX(3px)}.kz-footer{display:flex;align-items:center;justify-content:center;padding-bottom:2px}.kz-more{font-size:1.05rem;color:#444;text-decoration:none;transition:color .15s,border-color .15s;font-style:italic;border-bottom:1px solid #CCC;padding-bottom:2px}.kz-more:hover{color:#E50082;border-color:#E50082}@media(min-width:540px){.kz-inner{padding:24px 26px 22px}.kz-headline{font-size:2.8rem}.kz-btn{width:auto;display:inline-flex;padding:15px 36px}.kz-btn-wrap{display:flex;align-items:center;justify-content:space-between;gap:16px}.kz-footer{justify-content:flex-end}}<\/style><div class=\"kz-ad\"><div class=\"kz-top\"><div class=\"kz-eyebrow-line\"><\/div><span class=\"kz-badge\">Independent Journalism \u00b7 Kaizen Blog<\/span><\/div><div class=\"kz-inner\"><h3 class=\"kz-headline\">We are where,<br>it hurts<\/h3><p class=\"kz-text\">We do not sit comfortably indoors writing about the world - and we do not stop once the writing ends. Our help goes where it is needed. We are a small team. No investors, no millionaires, no giant newsroom behind us. What we do have is heart, determination, and the commitment to expose the things many others prefer to overlook. If you want this work to continue, support Kaizen Blog.<\/p><div class=\"kz-callout\">Our work survives because of those who pay attention - and who stand up for making that possible.<\/div><div class=\"kz-btn-wrap\"><a class=\"kz-btn\" href=\"https:\/\/buy.stripe.com\/bJe5kD0KYggG04A2Pw3VC01\" target=\"_blank\" rel=\"noopener\">Make Kaizen possible<svg width=\"17\" height=\"17\" viewbox=\"0 0 14 14\" fill=\"none\"><path d=\"M2 7h10M8 3l4 4-4 4\" stroke=\"#fff\" stroke-width=\"1.8\" stroke-linecap=\"round\" stroke-linejoin=\"round\"><\/path><\/svg><\/a><div class=\"kz-footer\"><a class=\"kz-more\" href=\"https:\/\/kaizen-blog.org\/en\/unterstuetzen-sie-unser-arbeit\/\" target=\"_blank\" rel=\"noopener\">About our work \u2192<\/a><\/div><\/div><\/div><\/div><\/div>\n\n\n\n<div class=\"kb-news-update-box\" style=\"    max-width: 650px;    margin: 2rem auto;    padding: 1.25rem 1.5rem;    border-radius: 12px;    border: 1px solid rgba(120,120,120,0.4);    background: rgba(15,15,20,0.03);    backdrop-filter: blur(4px);    font-family: system-ui, -apple-system, BlinkMacSystemFont, 'Segoe UI', sans-serif;\">\n  <style>\n    @media (prefers-color-scheme: dark) {\n      .kb-news-update-box {\n        background: rgba(15,15,20,0.9) !important;\n        border-color: rgba(160,160,160,0.4) !important;\n      }\n\n      .kb-news-update-box h3 {\n        color: #f5f5f5 !important;\n      }\n\n      .kb-news-update-box p {\n        color: #e0e0e0 !important;\n      }\n\n      .kb-news-update-box a.kb-news-link {\n        color: #ffb347 !important;\n        border-color: rgba(255,179,71,0.4) !important;\n      }\n\n      .kb-news-update-box a.kb-news-link:hover {\n        background: rgba(255,179,71,0.12) !important;\n      }\n    }\n  <\/style>\n\n  <h3 style=\"      margin: 0 0 0.5rem 0;      font-size: 1.15rem;      letter-spacing: 0.02em;      text-transform: uppercase;  \">\n    Updates \u2013 Kaizen News Brief\n  <\/h3>\n\n  <p style=\"      margin: 0 0 0.9rem 0;      font-size: 0.95rem;      line-height: 1.5;  \">\n    Alle aktuellen ausgesuchten Tagesmeldungen findet ihr\n    in den Kaizen Kurznachrichten.\n  <\/p>\n\n  <!-- Deutscher Button -->\n  <a class=\"kb-news-link\"\n     href=\"https:\/\/kaizen-blog.org\/en\/ausderweltammittwoch\/\"\n     style=\"        display: inline-flex;        align-items: center;        gap: 0.4rem;        padding: 0.45rem 0.9rem;        border-radius: 999px;        border: 1px solid rgba(0,0,0,0.12);        font-size: 0.95rem;        text-decoration: none;        color: #004b8d;        transition: background 0.15s ease, transform 0.1s ease, border-color 0.15s ease;        margin-bottom: 0.5rem;        margin-right: 0.5rem;     \">\n    <span style=\"font-weight: 600;\">To the Kaizen News Brief<\/span>\n    <span aria-hidden=\"true\" style=\"font-size: 1.1rem;\">\u2197<\/span>\n  <\/a>\n\n  <!-- Englischer Button -->\n  <a class=\"kb-news-link\"\n     href=\"https:\/\/kaizen-blog.org\/en\/ausderweltammittwoch\/\"\n     style=\"        display: inline-flex;        align-items: center;        gap: 0.4rem;        padding: 0.45rem 0.9rem;        border-radius: 999px;        border: 1px solid rgba(0,0,0,0.12);        font-size: 0.95rem;        text-decoration: none;        color: #004b8d;        transition: background 0.15s ease, transform 0.1s ease, border-color 0.15s ease;        margin-bottom: 0.5rem;     \">\n    <span style=\"font-weight: 600;\">In English<\/span>\n    <span aria-hidden=\"true\" style=\"font-size: 1.1rem;\">\u2197<\/span>\n  <\/a>\n\n<\/div>\n\n\n\n<div style=\"height:25px\" aria-hidden=\"true\" class=\"wp-block-spacer\"><\/div>\n<div class=\"gsp_post_data\" \r\n\t            data-post_type=\"post\" \r\n\t            data-cat=\"eu-news,us-business,topstory\" \r\n\t            data-modified=\"120\"\r\n\t            data-created=\"1788328662\"\r\n\t            data-title=\"Wir haben den ZDF-Artikel zum \u201eDexit\u201c \u00fcberpr\u00fcft: Was stimmt, was fehlt und wo er falsch liegt\" \r\n\t            data-home=\"https:\/\/kaizen-blog.org\/en\/\"><\/div>","protected":false},"excerpt":{"rendered":"<p>Warum wir diesen Faktencheck machen:Wer die Folgen einer AfD-Regierung erkl\u00e4ren will, muss besonders sauber arbeiten. Ungenaue Begriffe, vermischte Szenarien oder sachliche Fehler schw\u00e4chen nicht die AfD, sondern am Ende die Glaubw\u00fcrdigkeit der Kritik an ihr. Deshalb haben wir den ZDF-Beitrag vollst\u00e4ndig \u00fcberpr\u00fcft. Das geschieht nicht aus Arroganz. Rechtspopulismus l\u00e4sst sich nur mit einer gemeinsamen, glaubw\u00fcrdigen [&hellip;]<\/p>\n","protected":false},"author":4,"featured_media":44663,"comment_status":"open","ping_status":"open","sticky":false,"template":"","format":"standard","meta":{"_jetpack_newsletter_access":"","_jetpack_dont_email_post_to_subs":false,"_jetpack_newsletter_tier_id":0,"_jetpack_memberships_contains_paywalled_content":false,"iawp_total_views":210,"_jetpack_feature_clip_id":0,"_jetpack_memberships_contains_paid_content":false,"footnotes":"","jetpack_post_was_ever_published":false},"categories":[42,47,7],"tags":[],"class_list":["post-44646","post","type-post","status-publish","format-standard","has-post-thumbnail","hentry","category-eu-news","category-us-business","category-topstory"],"yoast_head":"<!-- This site is optimized with the Yoast SEO plugin v28.4 - https:\/\/yoast.com\/product\/yoast-seo-wordpress\/ -->\n<title>Wir haben den ZDF-Artikel zum \u201eDexit\u201c \u00fcberpr\u00fcft: Was stimmt, was fehlt und wo er falsch liegt - The Kaizen Blog<\/title>\n<meta name=\"description\" content=\"Warum wir diesen Faktencheck machen:Wer die Folgen einer AfD-Regierung erkl\u00e4ren will, muss besonders sauber arbeiten. Ungenaue Begriffe, vermischte Szenarien oder sachliche Fehler schw\u00e4chen nicht die AfD, sondern am Ende die Glaubw\u00fcrdigkeit der Kritik an ihr. Deshalb haben wir den ZDF-Beitrag vollst\u00e4ndig \u00fcberpr\u00fcft.\" \/>\n<meta name=\"robots\" content=\"index, follow, max-snippet:-1, max-image-preview:large, max-video-preview:-1\" \/>\n<link rel=\"canonical\" href=\"https:\/\/kaizen-blog.org\/en\/wir-haben-den-zdf-artikel-zum-dexit-ueberprueft-was-stimmt-was-fehlt-und-wo-er-falsch-liegt\/\" \/>\n<meta property=\"og:locale\" content=\"en_US\" \/>\n<meta property=\"og:type\" content=\"article\" \/>\n<meta property=\"og:title\" content=\"Wir haben den ZDF-Artikel zum \u201eDexit\u201c \u00fcberpr\u00fcft: Was stimmt, was fehlt und wo er falsch liegt\" \/>\n<meta property=\"og:description\" content=\"Warum wir diesen Faktencheck machen:Wer die Folgen einer AfD-Regierung erkl\u00e4ren will, muss besonders sauber arbeiten. Ungenaue Begriffe, vermischte Szenarien oder sachliche Fehler schw\u00e4chen nicht die AfD, sondern am Ende die Glaubw\u00fcrdigkeit der Kritik an ihr. Deshalb haben wir den ZDF-Beitrag vollst\u00e4ndig \u00fcberpr\u00fcft.\" \/>\n<meta property=\"og:url\" content=\"https:\/\/kaizen-blog.org\/en\/wir-haben-den-zdf-artikel-zum-dexit-ueberprueft-was-stimmt-was-fehlt-und-wo-er-falsch-liegt\/\" \/>\n<meta property=\"og:site_name\" content=\"The Kaizen Blog\" \/>\n<meta property=\"article:publisher\" content=\"https:\/\/www.facebook.com\/rainer.hofmann.2025\/\" \/>\n<meta property=\"article:published_time\" content=\"2026-09-02T03:57:42+00:00\" \/>\n<meta property=\"article:modified_time\" content=\"2026-09-02T04:55:40+00:00\" \/>\n<meta property=\"og:image\" content=\"https:\/\/kaizen-blog.org\/wp-content\/uploads\/2026\/09\/kaizenfactzdex.webp\" \/>\n\t<meta property=\"og:image:width\" content=\"905\" \/>\n\t<meta property=\"og:image:height\" content=\"500\" \/>\n\t<meta property=\"og:image:type\" content=\"image\/webp\" \/>\n<meta name=\"author\" content=\"TEAM KAIZEN BLOG\" \/>\n<meta name=\"twitter:card\" content=\"summary_large_image\" \/>\n<meta name=\"twitter:label1\" content=\"Written by\" \/>\n\t<meta name=\"twitter:data1\" content=\"TEAM KAIZEN BLOG\" \/>\n\t<meta name=\"twitter:label2\" content=\"Est. reading time\" \/>\n\t<meta name=\"twitter:data2\" content=\"10 minutes\" \/>\n<script type=\"application\/ld+json\" class=\"yoast-schema-graph\">{\"@context\":\"https:\\\/\\\/schema.org\",\"@graph\":[{\"@type\":\"Article\",\"@id\":\"https:\\\/\\\/kaizen-blog.org\\\/wir-haben-den-zdf-artikel-zum-dexit-ueberprueft-was-stimmt-was-fehlt-und-wo-er-falsch-liegt\\\/#article\",\"isPartOf\":{\"@id\":\"https:\\\/\\\/kaizen-blog.org\\\/wir-haben-den-zdf-artikel-zum-dexit-ueberprueft-was-stimmt-was-fehlt-und-wo-er-falsch-liegt\\\/\"},\"author\":{\"name\":\"TEAM KAIZEN BLOG\",\"@id\":\"https:\\\/\\\/kaizen-blog.org\\\/#\\\/schema\\\/person\\\/2350bb6dc34529fb49a12895a8a76096\"},\"headline\":\"Wir haben den ZDF-Artikel zum \u201eDexit\u201c \u00fcberpr\u00fcft: Was stimmt, was fehlt und wo er falsch liegt\",\"datePublished\":\"2026-09-02T03:57:42+00:00\",\"dateModified\":\"2026-09-02T04:55:40+00:00\",\"mainEntityOfPage\":{\"@id\":\"https:\\\/\\\/kaizen-blog.org\\\/wir-haben-den-zdf-artikel-zum-dexit-ueberprueft-was-stimmt-was-fehlt-und-wo-er-falsch-liegt\\\/\"},\"wordCount\":1768,\"commentCount\":0,\"image\":{\"@id\":\"https:\\\/\\\/kaizen-blog.org\\\/wir-haben-den-zdf-artikel-zum-dexit-ueberprueft-was-stimmt-was-fehlt-und-wo-er-falsch-liegt\\\/#primaryimage\"},\"thumbnailUrl\":\"https:\\\/\\\/i0.wp.com\\\/kaizen-blog.org\\\/wp-content\\\/uploads\\\/2026\\\/09\\\/kaizenfactzdex.webp?fit=905%2C500&ssl=1\",\"articleSection\":[\"EU News\",\"Social &amp; Politics\",\"Topstory\"],\"inLanguage\":\"en-US\",\"potentialAction\":[{\"@type\":\"CommentAction\",\"name\":\"Comment\",\"target\":[\"https:\\\/\\\/kaizen-blog.org\\\/wir-haben-den-zdf-artikel-zum-dexit-ueberprueft-was-stimmt-was-fehlt-und-wo-er-falsch-liegt\\\/#respond\"]}]},{\"@type\":\"WebPage\",\"@id\":\"https:\\\/\\\/kaizen-blog.org\\\/wir-haben-den-zdf-artikel-zum-dexit-ueberprueft-was-stimmt-was-fehlt-und-wo-er-falsch-liegt\\\/\",\"url\":\"https:\\\/\\\/kaizen-blog.org\\\/wir-haben-den-zdf-artikel-zum-dexit-ueberprueft-was-stimmt-was-fehlt-und-wo-er-falsch-liegt\\\/\",\"name\":\"Wir haben den ZDF-Artikel zum \u201eDexit\u201c \u00fcberpr\u00fcft: Was stimmt, was fehlt und wo er falsch liegt - The Kaizen Blog\",\"isPartOf\":{\"@id\":\"https:\\\/\\\/kaizen-blog.org\\\/#website\"},\"primaryImageOfPage\":{\"@id\":\"https:\\\/\\\/kaizen-blog.org\\\/wir-haben-den-zdf-artikel-zum-dexit-ueberprueft-was-stimmt-was-fehlt-und-wo-er-falsch-liegt\\\/#primaryimage\"},\"image\":{\"@id\":\"https:\\\/\\\/kaizen-blog.org\\\/wir-haben-den-zdf-artikel-zum-dexit-ueberprueft-was-stimmt-was-fehlt-und-wo-er-falsch-liegt\\\/#primaryimage\"},\"thumbnailUrl\":\"https:\\\/\\\/i0.wp.com\\\/kaizen-blog.org\\\/wp-content\\\/uploads\\\/2026\\\/09\\\/kaizenfactzdex.webp?fit=905%2C500&ssl=1\",\"datePublished\":\"2026-09-02T03:57:42+00:00\",\"dateModified\":\"2026-09-02T04:55:40+00:00\",\"author\":{\"@id\":\"https:\\\/\\\/kaizen-blog.org\\\/#\\\/schema\\\/person\\\/2350bb6dc34529fb49a12895a8a76096\"},\"description\":\"Warum wir diesen Faktencheck machen:Wer die Folgen einer AfD-Regierung erkl\u00e4ren will, muss besonders sauber arbeiten. Ungenaue Begriffe, vermischte Szenarien oder sachliche Fehler schw\u00e4chen nicht die AfD, sondern am Ende die Glaubw\u00fcrdigkeit der Kritik an ihr. Deshalb haben wir den ZDF-Beitrag vollst\u00e4ndig \u00fcberpr\u00fcft.\",\"breadcrumb\":{\"@id\":\"https:\\\/\\\/kaizen-blog.org\\\/wir-haben-den-zdf-artikel-zum-dexit-ueberprueft-was-stimmt-was-fehlt-und-wo-er-falsch-liegt\\\/#breadcrumb\"},\"inLanguage\":\"en-US\",\"potentialAction\":[{\"@type\":\"ReadAction\",\"target\":[\"https:\\\/\\\/kaizen-blog.org\\\/wir-haben-den-zdf-artikel-zum-dexit-ueberprueft-was-stimmt-was-fehlt-und-wo-er-falsch-liegt\\\/\"]}]},{\"@type\":\"ImageObject\",\"inLanguage\":\"en-US\",\"@id\":\"https:\\\/\\\/kaizen-blog.org\\\/wir-haben-den-zdf-artikel-zum-dexit-ueberprueft-was-stimmt-was-fehlt-und-wo-er-falsch-liegt\\\/#primaryimage\",\"url\":\"https:\\\/\\\/i0.wp.com\\\/kaizen-blog.org\\\/wp-content\\\/uploads\\\/2026\\\/09\\\/kaizenfactzdex.webp?fit=905%2C500&ssl=1\",\"contentUrl\":\"https:\\\/\\\/i0.wp.com\\\/kaizen-blog.org\\\/wp-content\\\/uploads\\\/2026\\\/09\\\/kaizenfactzdex.webp?fit=905%2C500&ssl=1\",\"width\":905,\"height\":500},{\"@type\":\"BreadcrumbList\",\"@id\":\"https:\\\/\\\/kaizen-blog.org\\\/wir-haben-den-zdf-artikel-zum-dexit-ueberprueft-was-stimmt-was-fehlt-und-wo-er-falsch-liegt\\\/#breadcrumb\",\"itemListElement\":[{\"@type\":\"ListItem\",\"position\":1,\"name\":\"Startseite\",\"item\":\"https:\\\/\\\/kaizen-blog.org\\\/\"},{\"@type\":\"ListItem\",\"position\":2,\"name\":\"Wir haben den ZDF-Artikel zum \u201eDexit\u201c \u00fcberpr\u00fcft: Was stimmt, was fehlt und wo er falsch liegt\"}]},{\"@type\":\"WebSite\",\"@id\":\"https:\\\/\\\/kaizen-blog.org\\\/#website\",\"url\":\"https:\\\/\\\/kaizen-blog.org\\\/\",\"name\":\"The Kaizen Blog\",\"description\":\"Investigativer Journalismus\",\"potentialAction\":[{\"@type\":\"SearchAction\",\"target\":{\"@type\":\"EntryPoint\",\"urlTemplate\":\"https:\\\/\\\/kaizen-blog.org\\\/?s={search_term_string}\"},\"query-input\":{\"@type\":\"PropertyValueSpecification\",\"valueRequired\":true,\"valueName\":\"search_term_string\"}}],\"inLanguage\":\"en-US\"},{\"@type\":\"Person\",\"@id\":\"https:\\\/\\\/kaizen-blog.org\\\/#\\\/schema\\\/person\\\/2350bb6dc34529fb49a12895a8a76096\",\"name\":\"TEAM KAIZEN BLOG\",\"image\":{\"@type\":\"ImageObject\",\"inLanguage\":\"en-US\",\"@id\":\"https:\\\/\\\/kaizen-blog.org\\\/wp-content\\\/uploads\\\/avatars\\\/4\\\/1762994133-bpfull.jpg\",\"url\":\"https:\\\/\\\/kaizen-blog.org\\\/wp-content\\\/uploads\\\/avatars\\\/4\\\/1762994133-bpfull.jpg\",\"contentUrl\":\"https:\\\/\\\/kaizen-blog.org\\\/wp-content\\\/uploads\\\/avatars\\\/4\\\/1762994133-bpfull.jpg\",\"caption\":\"TEAM KAIZEN BLOG\"},\"url\":\"https:\\\/\\\/kaizen-blog.org\\\/en\\\/author\\\/team-kaizen-2\\\/\"}]}<\/script>\n<!-- \/ Yoast SEO plugin. -->","yoast_head_json":{"title":"Wir haben den ZDF-Artikel zum \u201eDexit\u201c \u00fcberpr\u00fcft: Was stimmt, was fehlt und wo er falsch liegt - The Kaizen Blog","description":"Warum wir diesen Faktencheck machen:Wer die Folgen einer AfD-Regierung erkl\u00e4ren will, muss besonders sauber arbeiten. Ungenaue Begriffe, vermischte Szenarien oder sachliche Fehler schw\u00e4chen nicht die AfD, sondern am Ende die Glaubw\u00fcrdigkeit der Kritik an ihr. Deshalb haben wir den ZDF-Beitrag vollst\u00e4ndig \u00fcberpr\u00fcft.","robots":{"index":"index","follow":"follow","max-snippet":"max-snippet:-1","max-image-preview":"max-image-preview:large","max-video-preview":"max-video-preview:-1"},"canonical":"https:\/\/kaizen-blog.org\/en\/wir-haben-den-zdf-artikel-zum-dexit-ueberprueft-was-stimmt-was-fehlt-und-wo-er-falsch-liegt\/","og_locale":"en_US","og_type":"article","og_title":"Wir haben den ZDF-Artikel zum \u201eDexit\u201c \u00fcberpr\u00fcft: Was stimmt, was fehlt und wo er falsch liegt","og_description":"Warum wir diesen Faktencheck machen:Wer die Folgen einer AfD-Regierung erkl\u00e4ren will, muss besonders sauber arbeiten. Ungenaue Begriffe, vermischte Szenarien oder sachliche Fehler schw\u00e4chen nicht die AfD, sondern am Ende die Glaubw\u00fcrdigkeit der Kritik an ihr. Deshalb haben wir den ZDF-Beitrag vollst\u00e4ndig \u00fcberpr\u00fcft.","og_url":"https:\/\/kaizen-blog.org\/en\/wir-haben-den-zdf-artikel-zum-dexit-ueberprueft-was-stimmt-was-fehlt-und-wo-er-falsch-liegt\/","og_site_name":"The Kaizen Blog","article_publisher":"https:\/\/www.facebook.com\/rainer.hofmann.2025\/","article_published_time":"2026-09-02T03:57:42+00:00","article_modified_time":"2026-09-02T04:55:40+00:00","og_image":[{"width":905,"height":500,"url":"https:\/\/kaizen-blog.org\/wp-content\/uploads\/2026\/09\/kaizenfactzdex.webp","type":"image\/webp"}],"author":"TEAM KAIZEN BLOG","twitter_card":"summary_large_image","twitter_misc":{"Written by":"TEAM KAIZEN BLOG","Est. reading time":"10 minutes"},"schema":{"@context":"https:\/\/schema.org","@graph":[{"@type":"Article","@id":"https:\/\/kaizen-blog.org\/wir-haben-den-zdf-artikel-zum-dexit-ueberprueft-was-stimmt-was-fehlt-und-wo-er-falsch-liegt\/#article","isPartOf":{"@id":"https:\/\/kaizen-blog.org\/wir-haben-den-zdf-artikel-zum-dexit-ueberprueft-was-stimmt-was-fehlt-und-wo-er-falsch-liegt\/"},"author":{"name":"TEAM KAIZEN BLOG","@id":"https:\/\/kaizen-blog.org\/#\/schema\/person\/2350bb6dc34529fb49a12895a8a76096"},"headline":"Wir haben den ZDF-Artikel zum \u201eDexit\u201c \u00fcberpr\u00fcft: Was stimmt, was fehlt und wo er falsch liegt","datePublished":"2026-09-02T03:57:42+00:00","dateModified":"2026-09-02T04:55:40+00:00","mainEntityOfPage":{"@id":"https:\/\/kaizen-blog.org\/wir-haben-den-zdf-artikel-zum-dexit-ueberprueft-was-stimmt-was-fehlt-und-wo-er-falsch-liegt\/"},"wordCount":1768,"commentCount":0,"image":{"@id":"https:\/\/kaizen-blog.org\/wir-haben-den-zdf-artikel-zum-dexit-ueberprueft-was-stimmt-was-fehlt-und-wo-er-falsch-liegt\/#primaryimage"},"thumbnailUrl":"https:\/\/i0.wp.com\/kaizen-blog.org\/wp-content\/uploads\/2026\/09\/kaizenfactzdex.webp?fit=905%2C500&ssl=1","articleSection":["EU News","Social &amp; Politics","Topstory"],"inLanguage":"en-US","potentialAction":[{"@type":"CommentAction","name":"Comment","target":["https:\/\/kaizen-blog.org\/wir-haben-den-zdf-artikel-zum-dexit-ueberprueft-was-stimmt-was-fehlt-und-wo-er-falsch-liegt\/#respond"]}]},{"@type":"WebPage","@id":"https:\/\/kaizen-blog.org\/wir-haben-den-zdf-artikel-zum-dexit-ueberprueft-was-stimmt-was-fehlt-und-wo-er-falsch-liegt\/","url":"https:\/\/kaizen-blog.org\/wir-haben-den-zdf-artikel-zum-dexit-ueberprueft-was-stimmt-was-fehlt-und-wo-er-falsch-liegt\/","name":"Wir haben den ZDF-Artikel zum \u201eDexit\u201c \u00fcberpr\u00fcft: Was stimmt, was fehlt und wo er falsch liegt - The Kaizen Blog","isPartOf":{"@id":"https:\/\/kaizen-blog.org\/#website"},"primaryImageOfPage":{"@id":"https:\/\/kaizen-blog.org\/wir-haben-den-zdf-artikel-zum-dexit-ueberprueft-was-stimmt-was-fehlt-und-wo-er-falsch-liegt\/#primaryimage"},"image":{"@id":"https:\/\/kaizen-blog.org\/wir-haben-den-zdf-artikel-zum-dexit-ueberprueft-was-stimmt-was-fehlt-und-wo-er-falsch-liegt\/#primaryimage"},"thumbnailUrl":"https:\/\/i0.wp.com\/kaizen-blog.org\/wp-content\/uploads\/2026\/09\/kaizenfactzdex.webp?fit=905%2C500&ssl=1","datePublished":"2026-09-02T03:57:42+00:00","dateModified":"2026-09-02T04:55:40+00:00","author":{"@id":"https:\/\/kaizen-blog.org\/#\/schema\/person\/2350bb6dc34529fb49a12895a8a76096"},"description":"Warum wir diesen Faktencheck machen:Wer die Folgen einer AfD-Regierung erkl\u00e4ren will, muss besonders sauber arbeiten. Ungenaue Begriffe, vermischte Szenarien oder sachliche Fehler schw\u00e4chen nicht die AfD, sondern am Ende die Glaubw\u00fcrdigkeit der Kritik an ihr. Deshalb haben wir den ZDF-Beitrag vollst\u00e4ndig \u00fcberpr\u00fcft.","breadcrumb":{"@id":"https:\/\/kaizen-blog.org\/wir-haben-den-zdf-artikel-zum-dexit-ueberprueft-was-stimmt-was-fehlt-und-wo-er-falsch-liegt\/#breadcrumb"},"inLanguage":"en-US","potentialAction":[{"@type":"ReadAction","target":["https:\/\/kaizen-blog.org\/wir-haben-den-zdf-artikel-zum-dexit-ueberprueft-was-stimmt-was-fehlt-und-wo-er-falsch-liegt\/"]}]},{"@type":"ImageObject","inLanguage":"en-US","@id":"https:\/\/kaizen-blog.org\/wir-haben-den-zdf-artikel-zum-dexit-ueberprueft-was-stimmt-was-fehlt-und-wo-er-falsch-liegt\/#primaryimage","url":"https:\/\/i0.wp.com\/kaizen-blog.org\/wp-content\/uploads\/2026\/09\/kaizenfactzdex.webp?fit=905%2C500&ssl=1","contentUrl":"https:\/\/i0.wp.com\/kaizen-blog.org\/wp-content\/uploads\/2026\/09\/kaizenfactzdex.webp?fit=905%2C500&ssl=1","width":905,"height":500},{"@type":"BreadcrumbList","@id":"https:\/\/kaizen-blog.org\/wir-haben-den-zdf-artikel-zum-dexit-ueberprueft-was-stimmt-was-fehlt-und-wo-er-falsch-liegt\/#breadcrumb","itemListElement":[{"@type":"ListItem","position":1,"name":"Startseite","item":"https:\/\/kaizen-blog.org\/"},{"@type":"ListItem","position":2,"name":"Wir haben den ZDF-Artikel zum \u201eDexit\u201c \u00fcberpr\u00fcft: Was stimmt, was fehlt und wo er falsch liegt"}]},{"@type":"WebSite","@id":"https:\/\/kaizen-blog.org\/#website","url":"https:\/\/kaizen-blog.org\/","name":"The Kaizen Blog","description":"Investigative Journalism","potentialAction":[{"@type":"SearchAction","target":{"@type":"EntryPoint","urlTemplate":"https:\/\/kaizen-blog.org\/?s={search_term_string}"},"query-input":{"@type":"PropertyValueSpecification","valueRequired":true,"valueName":"search_term_string"}}],"inLanguage":"en-US"},{"@type":"Person","@id":"https:\/\/kaizen-blog.org\/#\/schema\/person\/2350bb6dc34529fb49a12895a8a76096","name":"TEAM KAIZEN BLOG","image":{"@type":"ImageObject","inLanguage":"en-US","@id":"https:\/\/kaizen-blog.org\/wp-content\/uploads\/avatars\/4\/1762994133-bpfull.jpg","url":"https:\/\/kaizen-blog.org\/wp-content\/uploads\/avatars\/4\/1762994133-bpfull.jpg","contentUrl":"https:\/\/kaizen-blog.org\/wp-content\/uploads\/avatars\/4\/1762994133-bpfull.jpg","caption":"TEAM KAIZEN BLOG"},"url":"https:\/\/kaizen-blog.org\/en\/author\/team-kaizen-2\/"}]}},"jetpack_sharing_enabled":true,"jetpack-related-posts":[{"id":41148,"url":"https:\/\/kaizen-blog.org\/en\/wer-plakate-faelscht-hilft-der-afd-die-unbedarftheit-von-social-media-besiegelt-es\/","url_meta":{"origin":44646,"position":0},"title":"Forging Campaign Posters Helps the AfD - Social Media's Gullibility Seals the Deal","author":"TEAM KAIZEN BLOG","date":"13. July 2026","format":false,"excerpt":"Die Kritik an der AfD braucht keine Zusatzmunition. Ihre Programme, ihre Wortwahl und ihre Auftritte in Landtagen und Aussch\u00fcssen liefern genug Stoff f\u00fcr scharfe, belegbare Berichterstattung. Wer trotzdem zur F\u00e4lschung greift, um den politischen Gegner zu \u00fcberf\u00fchren, verl\u00e4sst den Boden der Aufkl\u00e4rung und betritt jene Ebene, die er eigentlich bek\u00e4mpfen\u2026","rel":"","context":"In &quot;AFD - \"No Thanks\"&quot;","block_context":{"text":"AFD - \"No Thanks\"","link":"https:\/\/kaizen-blog.org\/en\/category\/afd-no-thanks\/"},"img":{"alt_text":"","src":"https:\/\/i0.wp.com\/kaizen-blog.org\/wp-content\/uploads\/2026\/07\/batch_Kopie-von-Kopie-von-kaizennewsday5.webp?fit=905%2C500&ssl=1&resize=350%2C200","width":350,"height":200,"srcset":"https:\/\/i0.wp.com\/kaizen-blog.org\/wp-content\/uploads\/2026\/07\/batch_Kopie-von-Kopie-von-kaizennewsday5.webp?fit=905%2C500&ssl=1&resize=350%2C200 1x, https:\/\/i0.wp.com\/kaizen-blog.org\/wp-content\/uploads\/2026\/07\/batch_Kopie-von-Kopie-von-kaizennewsday5.webp?fit=905%2C500&ssl=1&resize=525%2C300 1.5x, https:\/\/i0.wp.com\/kaizen-blog.org\/wp-content\/uploads\/2026\/07\/batch_Kopie-von-Kopie-von-kaizennewsday5.webp?fit=905%2C500&ssl=1&resize=700%2C400 2x"},"classes":[]},{"id":9904,"url":"https:\/\/kaizen-blog.org\/en\/mit-der-braunen-glaskugel-was-25-prozent-ueber-dieses-land-aussagen\/","url_meta":{"origin":44646,"position":1},"title":"With the Brown Crystal Ball - What 25 Percent Say About This Country","author":"Rainer Hofmann","date":"24. July 2025","format":false,"excerpt":"Manchmal reicht ein Blick auf eine Umfrage, und man fragt sich, ob da nicht im Leben irgendetwas fundamental schiefgelaufen ist. 25 Prozent f\u00fcr die AfD. Ein Viertel der Bev\u00f6lkerung entscheidet sich also freiwillig f\u00fcr eine Partei, deren Spitzenpersonal Klimaziele ablehnt, internationale Gerichtsh\u00f6fe verachtet, Kinderbetreuung als linksversifft brandmarkt \u2013 und deren\u2026","rel":"","context":"In &quot;AFD - \"No Thanks\"&quot;","block_context":{"text":"AFD - \"No Thanks\"","link":"https:\/\/kaizen-blog.org\/en\/category\/afd-no-thanks\/"},"img":{"alt_text":"","src":"https:\/\/i0.wp.com\/kaizen-blog.org\/wp-content\/uploads\/2025\/07\/batch_Kopie-von-Kopie-von-Kopie-von-Social-Kaizen57.webp?fit=900%2C508&ssl=1&resize=350%2C200","width":350,"height":200,"srcset":"https:\/\/i0.wp.com\/kaizen-blog.org\/wp-content\/uploads\/2025\/07\/batch_Kopie-von-Kopie-von-Kopie-von-Social-Kaizen57.webp?fit=900%2C508&ssl=1&resize=350%2C200 1x, https:\/\/i0.wp.com\/kaizen-blog.org\/wp-content\/uploads\/2025\/07\/batch_Kopie-von-Kopie-von-Kopie-von-Social-Kaizen57.webp?fit=900%2C508&ssl=1&resize=525%2C300 1.5x, https:\/\/i0.wp.com\/kaizen-blog.org\/wp-content\/uploads\/2025\/07\/batch_Kopie-von-Kopie-von-Kopie-von-Social-Kaizen57.webp?fit=900%2C508&ssl=1&resize=700%2C400 2x"},"classes":[]},{"id":9008,"url":"https:\/\/kaizen-blog.org\/en\/unwaehlbar-wie-alice-weidel-und-ein-rechtskonservatives-portal-eine-verfassungsrichterin-zur-zielscheibe-machten\/","url_meta":{"origin":44646,"position":2},"title":"\"Unfit for Office!\" - How Alice Weidel and a Right-Wing Conservative Platform Targeted a Constitutional Judge","author":"Rainer Hofmann","date":"17. July 2025","format":false,"excerpt":"Es war keine gew\u00f6hnliche Talkshow. Es war ein Kreuzverh\u00f6r. Ein Lehrst\u00fcck dar\u00fcber, wie sich politische Kampagnen in pers\u00f6nlichen Angriffen verdichten \u2013 und wie sich eine Juristin, die ihr ganzes Leben der Wissenschaft gewidmet hat, gegen den Strudel aus Halbwahrheiten, emotionaler Aufladung und kalkulierter Skandalisierung behaupten muss. Frauke Brosius-Gersdorf, Professorin f\u00fcr\u2026","rel":"","context":"In &quot;EU News&quot;","block_context":{"text":"EU News","link":"https:\/\/kaizen-blog.org\/en\/category\/eu-news\/"},"img":{"alt_text":"","src":"https:\/\/i0.wp.com\/kaizen-blog.org\/wp-content\/uploads\/2025\/07\/batch_Kopie-von-Social-Kaizen.webp?fit=900%2C508&ssl=1&resize=350%2C200","width":350,"height":200,"srcset":"https:\/\/i0.wp.com\/kaizen-blog.org\/wp-content\/uploads\/2025\/07\/batch_Kopie-von-Social-Kaizen.webp?fit=900%2C508&ssl=1&resize=350%2C200 1x, https:\/\/i0.wp.com\/kaizen-blog.org\/wp-content\/uploads\/2025\/07\/batch_Kopie-von-Social-Kaizen.webp?fit=900%2C508&ssl=1&resize=525%2C300 1.5x, https:\/\/i0.wp.com\/kaizen-blog.org\/wp-content\/uploads\/2025\/07\/batch_Kopie-von-Social-Kaizen.webp?fit=900%2C508&ssl=1&resize=700%2C400 2x"},"classes":[]},{"id":19789,"url":"https:\/\/kaizen-blog.org\/en\/die-erfundene-naehe-wie-die-afd-mit-einem-trump-berater-wirbt-den-es-so-gar-nicht-gibt\/","url_meta":{"origin":44646,"position":3},"title":"The Invented Proximity \u2013 How the AfD Promotes a \u201cTrump Advisor\u201d Who Does Not Actually Exist","author":"Rainer Hofmann","date":"9. November 2025","format":false,"excerpt":"Es ist ein Bild, das wirken soll: Zwei M\u00e4nner, zwei Anz\u00fcge, die US-Flagge im Hintergrund, dar\u00fcber in gro\u00dfen Lettern: \u201eThank you, Mr. Bruesewitz! Social-Media-Berater von US-Pr\u00e4sident Trump\u201c. So pr\u00e4sentiert die AfD ihre vermeintliche transatlantische Verbindung \u2013 ein H\u00e4ndedruck mit dem Mann, der, so behauptet es Markus Frohnmaier, \u201ema\u00dfgeblich zu Trumps\u2026","rel":"","context":"In &quot;AFD - \"No Thanks\"&quot;","block_context":{"text":"AFD - \"No Thanks\"","link":"https:\/\/kaizen-blog.org\/en\/category\/afd-no-thanks\/"},"img":{"alt_text":"","src":"https:\/\/i0.wp.com\/kaizen-blog.org\/wp-content\/uploads\/2025\/11\/Kopie-von-Kopie-von-Kopie-von-Kaizen-Blog-77.webp?fit=905%2C500&ssl=1&resize=350%2C200","width":350,"height":200,"srcset":"https:\/\/i0.wp.com\/kaizen-blog.org\/wp-content\/uploads\/2025\/11\/Kopie-von-Kopie-von-Kopie-von-Kaizen-Blog-77.webp?fit=905%2C500&ssl=1&resize=350%2C200 1x, https:\/\/i0.wp.com\/kaizen-blog.org\/wp-content\/uploads\/2025\/11\/Kopie-von-Kopie-von-Kopie-von-Kaizen-Blog-77.webp?fit=905%2C500&ssl=1&resize=525%2C300 1.5x, https:\/\/i0.wp.com\/kaizen-blog.org\/wp-content\/uploads\/2025\/11\/Kopie-von-Kopie-von-Kopie-von-Kaizen-Blog-77.webp?fit=905%2C500&ssl=1&resize=700%2C400 2x"},"classes":[]},{"id":23511,"url":"https:\/\/kaizen-blog.org\/en\/afd-ueber-alles-wie-aus-einem-privatclub-in-new-york-politische-weltmacht-konstruiert-wird\/","url_meta":{"origin":44646,"position":4},"title":"\u201cAfD above all\u201d \u2013 How political world power is constructed from a private club in New York","author":"Rainer Hofmann","date":"12. December 2025","format":false,"excerpt":"In mehreren Berichten in Deutschland der vergangenen Tage wird auch ein Satz besonders hervorgehoben: \u201eAfD \u00fcber alles\u201c. Er steht am Ende eines Papiers, verfasst von US-amerikanischen Akteuren, die eine \u201eneue Gesellschaftsordnung in Deutschland\u201c fordern. Schon diese Setzung entfaltet maximale Wirkung \u2013 sie suggeriert internationale Bedeutung, transatlantische Einflussnahme und eine politische\u2026","rel":"","context":"In &quot;AFD - \"No Thanks\"&quot;","block_context":{"text":"AFD - \"No Thanks\"","link":"https:\/\/kaizen-blog.org\/en\/category\/afd-no-thanks\/"},"img":{"alt_text":"","src":"https:\/\/i0.wp.com\/kaizen-blog.org\/wp-content\/uploads\/2025\/12\/kaizennewsday-2025-12-12T154101.808.webp?fit=905%2C500&ssl=1&resize=350%2C200","width":350,"height":200,"srcset":"https:\/\/i0.wp.com\/kaizen-blog.org\/wp-content\/uploads\/2025\/12\/kaizennewsday-2025-12-12T154101.808.webp?fit=905%2C500&ssl=1&resize=350%2C200 1x, https:\/\/i0.wp.com\/kaizen-blog.org\/wp-content\/uploads\/2025\/12\/kaizennewsday-2025-12-12T154101.808.webp?fit=905%2C500&ssl=1&resize=525%2C300 1.5x, https:\/\/i0.wp.com\/kaizen-blog.org\/wp-content\/uploads\/2025\/12\/kaizennewsday-2025-12-12T154101.808.webp?fit=905%2C500&ssl=1&resize=700%2C400 2x"},"classes":[]},{"id":20284,"url":"https:\/\/kaizen-blog.org\/en\/wie-dumm-ist-die-afd-eigentlich\/","url_meta":{"origin":44646,"position":5},"title":"How Stupid Is the AfD, Actually?","author":"Rainer Hofmann","date":"14. November 2025","format":false,"excerpt":"Es gibt politische Versprechen, die sind so k\u00fchn, dass man immerhin den Mut dahinter anerkennen k\u00f6nnte. Und dann gibt es die AfD, die mit einer Mischung aus Ahnungslosigkeit und Chuzpe Wahlversprechen verteilt, die selbst im M\u00e4rchenwald beleidigt die T\u00fcr knallen w\u00fcrden. Ulrich Siegmund, Spitzenkandidat in Sachsen-Anhalt, verspricht in seiner \u201eersten\u2026","rel":"","context":"In &quot;AFD - \"No Thanks\"&quot;","block_context":{"text":"AFD - \"No Thanks\"","link":"https:\/\/kaizen-blog.org\/en\/category\/afd-no-thanks\/"},"img":{"alt_text":"","src":"https:\/\/i0.wp.com\/kaizen-blog.org\/wp-content\/uploads\/2025\/11\/Kaizen-News-33.webp?fit=905%2C500&ssl=1&resize=350%2C200","width":350,"height":200,"srcset":"https:\/\/i0.wp.com\/kaizen-blog.org\/wp-content\/uploads\/2025\/11\/Kaizen-News-33.webp?fit=905%2C500&ssl=1&resize=350%2C200 1x, https:\/\/i0.wp.com\/kaizen-blog.org\/wp-content\/uploads\/2025\/11\/Kaizen-News-33.webp?fit=905%2C500&ssl=1&resize=525%2C300 1.5x, https:\/\/i0.wp.com\/kaizen-blog.org\/wp-content\/uploads\/2025\/11\/Kaizen-News-33.webp?fit=905%2C500&ssl=1&resize=700%2C400 2x"},"classes":[]}],"jetpack_featured_media_url":"https:\/\/i0.wp.com\/kaizen-blog.org\/wp-content\/uploads\/2026\/09\/kaizenfactzdex.webp?fit=905%2C500&ssl=1","_links":{"self":[{"href":"https:\/\/kaizen-blog.org\/en\/wp-json\/wp\/v2\/posts\/44646","targetHints":{"allow":["GET"]}}],"collection":[{"href":"https:\/\/kaizen-blog.org\/en\/wp-json\/wp\/v2\/posts"}],"about":[{"href":"https:\/\/kaizen-blog.org\/en\/wp-json\/wp\/v2\/types\/post"}],"author":[{"embeddable":true,"href":"https:\/\/kaizen-blog.org\/en\/wp-json\/wp\/v2\/users\/4"}],"replies":[{"embeddable":true,"href":"https:\/\/kaizen-blog.org\/en\/wp-json\/wp\/v2\/comments?post=44646"}],"version-history":[{"count":0,"href":"https:\/\/kaizen-blog.org\/en\/wp-json\/wp\/v2\/posts\/44646\/revisions"}],"wp:featuredmedia":[{"embeddable":true,"href":"https:\/\/kaizen-blog.org\/en\/wp-json\/wp\/v2\/media\/44663"}],"wp:attachment":[{"href":"https:\/\/kaizen-blog.org\/en\/wp-json\/wp\/v2\/media?parent=44646"}],"wp:term":[{"taxonomy":"category","embeddable":true,"href":"https:\/\/kaizen-blog.org\/en\/wp-json\/wp\/v2\/categories?post=44646"},{"taxonomy":"post_tag","embeddable":true,"href":"https:\/\/kaizen-blog.org\/en\/wp-json\/wp\/v2\/tags?post=44646"}],"curies":[{"name":"wp","href":"https:\/\/api.w.org\/{rel}","templated":true}]}}