{"id":44595,"date":"2026-09-01T08:00:03","date_gmt":"2026-09-01T06:00:03","guid":{"rendered":"https:\/\/kaizen-blog.org\/?p=44595"},"modified":"2026-09-01T08:00:08","modified_gmt":"2026-09-01T06:00:08","slug":"der-praesident-schlaeft-das-team-prahlt-und-die-frage-nach-seiner-handlungsfaehigkeit-schlaeft-nicht","status":"publish","type":"post","link":"https:\/\/kaizen-blog.org\/en\/der-praesident-schlaeft-das-team-prahlt-und-die-frage-nach-seiner-handlungsfaehigkeit-schlaeft-nicht\/","title":{"rendered":"The President Sleeps, the Team Brags, and the Question of His Ability to Function Does Not"},"content":{"rendered":"<p class=\"wp-block-paragraph\">The 80-year-old president of the United States cannot keep his eyes open, and his bouts of sleep in public are getting longer and longer. On Monday afternoon, cameras caught him nodding off at the White House, right in the middle of a health care announcement. Surrounded by Cabinet members and health care executives, Donald Trump sank deeper and deeper into his chair after finishing his own remarks. The Cabinet members stared straight ahead, the cameras kept rolling, and the host drifted off. When Health Secretary Robert F. Kennedy Jr. stepped in front of the cameras, the president's eyes closed. Around him, the speeches continued and the numbers were celebrated, while the man the celebration was about was no longer part of it. As if in mockery, the subject was affordable health care for an aging country, led by an aging man who could not make it through his own meeting. Everyone around him acted as though everything was perfectly fine. The subject of the day was affordable health care, and their host slept through the good news.<\/p>\n\n\n\n<figure class=\"wp-block-video alignwide\"><video height=\"360\" style=\"aspect-ratio: 638 \/ 360;\" width=\"638\" controls src=\"https:\/\/kaizen-blog.org\/wp-content\/uploads\/2026\/09\/slepsleepdon.mp4\"><\/video><\/figure>\n\n\n\n<div style=\"height:10px\" aria-hidden=\"true\" class=\"wp-block-spacer\"><\/div>\n\n\n\n<p class=\"wp-block-paragraph\">Sleep would not leave him alone. Again and again, Trump jolted awake like a chicken at Taco Bell and quickly looked around the room, then sank back into his collapsed posture, his hands resting on the Resolute Desk, slowly nodding along to the rhythm of his team's speeches, with barely any movement from his eyelids. The man who is supposed to govern struggled to hold himself up against the tabletop. The image of a government talking over its own center leaves a deeper impression than any message about affordability. A country watched its president drift off in real time and without a filter.<\/p>\n\n\n\n<p class=\"wp-block-paragraph\">His inner circle has spent years bragging about his supposedly endless energy. He works deep into the night, they say, and even surprises his own staff with how little sleep he needs. Between the image of the tireless nighttime worker and the nodding head in the bright afternoon lies a gap no press release can close. The nights his camp loves to boast about leave their marks in broad daylight. Strength can be claimed. Wakefulness can be seen.<\/p>\n\n\n\n<p class=\"wp-block-paragraph\">The often strange behavior of the leader of the MAGA movement has triggered calls for a medical examination. Doctors and politicians are concerned about possible signs of cognitive decline. Many voters are asking the same question. What was once staged as strength is now being examined with growing unease even by well-meaning observers. During his first year alone, appearances piled up that no one could dismiss anymore as simply having an off day. In his second year in office, his speeches became more erratic and disconnected. His behavior seemed more unpredictable, his public appearances more reluctant. What used to be sold as stamina now looks like exhaustion that can no longer be hidden. The concern has long since spread beyond his opponents and reached his own ranks.<\/p>\n\n\n\n<p class=\"wp-block-paragraph\">The list of incidents is long and disturbing. Trump spent hours at Walter Reed Military Medical Center and fell asleep during more than a dozen important meetings. During meetings with foreign heads of state, he appeared lost and disoriented. He often slurred his speech and was repeatedly seen with discolored, bloodshot skin. Hospital visits and closed eyes in the presidential chair together form a sober chronology, not a caricature. The lapses are getting longer, and minutes of dozing off have turned into entire stretches of speeches that he sleeps through. Anyone can have one tired afternoon, but an office depends on being awake when it matters. Every governing power rests on the quiet assumption that someone at the top is awake, and a president's calendar has no rest periods.<\/p>\n\n\n\n<p class=\"wp-block-paragraph\">Big things are decided while he sleeps. This year alone, Trump has undermined several of the oldest alliances of the United States and started a dispute with Pope Leo XIV. On top of that, he led the country into a war with Iran without a workable plan. A fight with the pope and a war carry the same signature as the damaged alliances. Decisions of this magnitude require a clear head, and that clear head is exactly what the public is questioning. The war he started continues whether he is awake or not. Troops and deadlines do not wait for the man at the top to look up again. A tired man sleeps through a meeting. A tired president may sleep through a decision.<\/p>\n\n\n\n<p class=\"wp-block-paragraph\">The administration talks over the sleeping man in its midst as though the question hanging in the room could simply be ignored. Doctors are calling for an examination, while the White House remains silent or dodges the issue. When the president falls asleep during his own announcement and his advisers proudly announce the good numbers, the question of who is actually governing quietly begins to shift. The advisers can fill the podium, but they cannot take responsibility away from him. As long as the cameras are running, the sleep can still be interpreted as a pause, but behind closed doors the question becomes harder. The answer does not affect him alone. It affects everyone whose safety depends on that desk. The legend of endless strength is asleep at the Resolute Desk. The question of his ability to function is not.<\/p>\n\n\n\n<div class=\"kz-ad-root\"><style>@import url('https:\/\/fonts.googleapis.com\/css2?family=Bebas+Neue&family=Source+Sans+3:ital,wght@0,400;0,700;1,400&display=swap');.kz-ad-root{margin:28px 0}.kz-ad{font-family:'Source Sans 3','Segoe UI',Arial,sans-serif;background:#fff;border:1px solid #DEDEDE;border-radius:4px;overflow:hidden;max-width:100%;box-sizing:border-box}.kz-top{background:#111;padding:12px 18px;display:flex;align-items:center;gap:10px}.kz-eyebrow-line{width:22px;height:2px;background:#E50082;flex-shrink:0}.kz-badge{font-size:13px;font-weight:700;letter-spacing:.14em;text-transform:uppercase;color:#fff}.kz-inner{padding:22px 18px 20px}.kz-headline{font-family:'Bebas Neue',Impact,Arial Narrow,sans-serif;font-size:2.4rem;font-weight:400;color:#111;line-height:1.1;margin:0 0 16px;letter-spacing:.03em}.kz-text{font-size:1.05rem;line-height:1.75;color:#333;margin:0 0 16px}.kz-callout{font-size:1.05rem;line-height:1.65;color:#111;font-weight:700;border-left:3px solid #BDBDBD;padding:12px 14px;margin:0 0 22px;background:#FAFAFA;border-radius:0 2px 2px 0}.kz-btn{display:flex;align-items:center;justify-content:center;gap:9px;width:100%;box-sizing:border-box;padding:16px 20px;background:#E50082;color:#fff;font-family:'Source Sans 3',sans-serif;font-weight:700;font-size:1.1rem;text-decoration:none;border-radius:2px;transition:background .18s,transform .15s;letter-spacing:.03em;text-transform:uppercase;margin-bottom:16px}.kz-btn:hover{background:#CB006F;transform:translateY(-1px)}.kz-btn svg{transition:transform .18s}.kz-btn:hover svg{transform:translateX(3px)}.kz-footer{display:flex;align-items:center;justify-content:center;padding-bottom:2px}.kz-more{font-size:1.05rem;color:#444;text-decoration:none;transition:color .15s,border-color .15s;font-style:italic;border-bottom:1px solid #CCC;padding-bottom:2px}.kz-more:hover{color:#E50082;border-color:#E50082}@media(min-width:540px){.kz-inner{padding:24px 26px 22px}.kz-headline{font-size:2.8rem}.kz-btn{width:auto;display:inline-flex;padding:15px 36px}.kz-btn-wrap{display:flex;align-items:center;justify-content:space-between;gap:16px}.kz-footer{justify-content:flex-end}}<\/style><div class=\"kz-ad\"><div class=\"kz-top\"><div class=\"kz-eyebrow-line\"><\/div><span class=\"kz-badge\">Independent Journalism \u00b7 Kaizen Blog<\/span><\/div><div class=\"kz-inner\"><h3 class=\"kz-headline\">We are where,<br>it hurts<\/h3><p class=\"kz-text\">We do not sit comfortably indoors writing about the world - and we do not stop once the writing ends. Our help goes where it is needed. We are a small team. No investors, no millionaires, no giant newsroom behind us. What we do have is heart, determination, and the commitment to expose the things many others prefer to overlook. If you want this work to continue, support Kaizen Blog.<\/p><div class=\"kz-callout\">Our work survives because of those who pay attention - and who stand up for making that possible.<\/div><div class=\"kz-btn-wrap\"><a class=\"kz-btn\" href=\"https:\/\/buy.stripe.com\/bJe5kD0KYggG04A2Pw3VC01\" target=\"_blank\" rel=\"noopener\">Make Kaizen possible<svg width=\"17\" height=\"17\" viewbox=\"0 0 14 14\" fill=\"none\"><path d=\"M2 7h10M8 3l4 4-4 4\" stroke=\"#fff\" stroke-width=\"1.8\" stroke-linecap=\"round\" stroke-linejoin=\"round\"><\/path><\/svg><\/a><div class=\"kz-footer\"><a class=\"kz-more\" href=\"https:\/\/kaizen-blog.org\/en\/unterstuetzen-sie-unser-arbeit\/\" target=\"_blank\" rel=\"noopener\">About our work \u2192<\/a><\/div><\/div><\/div><\/div><\/div>\n\n\n\n<div class=\"kb-news-update-box\" style=\"    max-width: 650px;    margin: 2rem auto;    padding: 1.25rem 1.5rem;    border-radius: 12px;    border: 1px solid rgba(120,120,120,0.4);    background: rgba(15,15,20,0.03);    backdrop-filter: blur(4px);    font-family: system-ui, -apple-system, BlinkMacSystemFont, 'Segoe UI', sans-serif;\">\n  <style>\n    @media (prefers-color-scheme: dark) {\n      .kb-news-update-box {\n        background: rgba(15,15,20,0.9) !important;\n        border-color: rgba(160,160,160,0.4) !important;\n      }\n\n      .kb-news-update-box h3 {\n        color: #f5f5f5 !important;\n      }\n\n      .kb-news-update-box p {\n        color: #e0e0e0 !important;\n      }\n\n      .kb-news-update-box a.kb-news-link {\n        color: #ffb347 !important;\n        border-color: rgba(255,179,71,0.4) !important;\n      }\n\n      .kb-news-update-box a.kb-news-link:hover {\n        background: rgba(255,179,71,0.12) !important;\n      }\n    }\n  <\/style>\n\n  <h3 style=\"      margin: 0 0 0.5rem 0;      font-size: 1.15rem;      letter-spacing: 0.02em;      text-transform: uppercase;  \">\n    Updates \u2013 Kaizen News Brief\n  <\/h3>\n\n  <p style=\"      margin: 0 0 0.9rem 0;      font-size: 0.95rem;      line-height: 1.5;  \">\n    Alle aktuellen ausgesuchten Tagesmeldungen findet ihr\n    in den Kaizen Kurznachrichten.\n  <\/p>\n\n  <!-- Deutscher Button -->\n  <a class=\"kb-news-link\"\n     href=\"https:\/\/kaizen-blog.org\/en\/ausderweltimseptember\/\"\n     style=\"        display: inline-flex;        align-items: center;        gap: 0.4rem;        padding: 0.45rem 0.9rem;        border-radius: 999px;        border: 1px solid rgba(0,0,0,0.12);        font-size: 0.95rem;        text-decoration: none;        color: #004b8d;        transition: background 0.15s ease, transform 0.1s ease, border-color 0.15s ease;        margin-bottom: 0.5rem;        margin-right: 0.5rem;     \">\n    <span style=\"font-weight: 600;\">To the Kaizen News Brief<\/span>\n    <span aria-hidden=\"true\" style=\"font-size: 1.1rem;\">\u2197<\/span>\n  <\/a>\n\n  <!-- Englischer Button -->\n  <a class=\"kb-news-link\"\n     href=\"https:\/\/kaizen-blog.org\/en\/ausderweltimseptember\/\"\n     style=\"        display: inline-flex;        align-items: center;        gap: 0.4rem;        padding: 0.45rem 0.9rem;        border-radius: 999px;        border: 1px solid rgba(0,0,0,0.12);        font-size: 0.95rem;        text-decoration: none;        color: #004b8d;        transition: background 0.15s ease, transform 0.1s ease, border-color 0.15s ease;        margin-bottom: 0.5rem;     \">\n    <span style=\"font-weight: 600;\">In English<\/span>\n    <span aria-hidden=\"true\" style=\"font-size: 1.1rem;\">\u2197<\/span>\n  <\/a>\n\n<\/div>\n\n\n\n<div style=\"height:25px\" aria-hidden=\"true\" class=\"wp-block-spacer\"><\/div>\n<div class=\"gsp_post_data\" \r\n\t            data-post_type=\"post\" \r\n\t            data-cat=\"us-business,topstory,trump-s-world\" \r\n\t            data-modified=\"120\"\r\n\t            data-created=\"1788249603\"\r\n\t            data-title=\"Der Pr\u00e4sident schl\u00e4ft, das Team prahlt, und die Frage nach seiner Handlungsf\u00e4higkeit schl\u00e4ft nicht\" \r\n\t            data-home=\"https:\/\/kaizen-blog.org\/en\/\"><\/div>","protected":false},"excerpt":{"rendered":"<p>Der 80-j\u00e4hrige Pr\u00e4sident der Vereinigten Staaten bekommt die Augen nicht auf, und seine Schlafphasen in der \u00d6ffentlichkeit werden immer l\u00e4nger. Am Montagnachmittag hielten ihn die Aufnahmen fest, wie er im Wei\u00dfen Haus wegnickte, mitten in einer Ank\u00fcndigung zur Gesundheitspolitik. Umgeben von Kabinettsmitgliedern und F\u00fchrungskr\u00e4ften aus dem Gesundheitswesen sackte Donald Trump nach seiner eigenen Rede immer [&hellip;]<\/p>\n","protected":false},"author":1,"featured_media":44596,"comment_status":"open","ping_status":"open","sticky":false,"template":"","format":"standard","meta":{"_jetpack_newsletter_access":"","_jetpack_dont_email_post_to_subs":false,"_jetpack_newsletter_tier_id":0,"_jetpack_memberships_contains_paywalled_content":false,"iawp_total_views":342,"_jetpack_feature_clip_id":0,"_jetpack_memberships_contains_paid_content":false,"footnotes":"","jetpack_post_was_ever_published":false},"categories":[47,7,41],"tags":[],"class_list":["post-44595","post","type-post","status-publish","format-standard","has-post-thumbnail","hentry","category-us-business","category-topstory","category-trump-s-world"],"yoast_head":"<!-- This site is optimized with the Yoast SEO plugin v28.3 - https:\/\/yoast.com\/product\/yoast-seo-wordpress\/ -->\n<title>Der Pr\u00e4sident schl\u00e4ft, das Team prahlt, und die Frage nach seiner Handlungsf\u00e4higkeit schl\u00e4ft nicht - The Kaizen Blog<\/title>\n<meta name=\"description\" content=\"Der 80-j\u00e4hrige Pr\u00e4sident der Vereinigten Staaten bekommt die Augen nicht auf, und seine Schlafphasen in der \u00d6ffentlichkeit werden immer l\u00e4nger. Am Montagnachmittag hielten ihn die Aufnahmen fest, wie er im Wei\u00dfen Haus wegnickte, mitten in einer Ank\u00fcndigung zur Gesundheitspolitik.\" \/>\n<meta name=\"robots\" content=\"index, follow, max-snippet:-1, max-image-preview:large, max-video-preview:-1\" \/>\n<link rel=\"canonical\" href=\"https:\/\/kaizen-blog.org\/en\/der-praesident-schlaeft-das-team-prahlt-und-die-frage-nach-seiner-handlungsfaehigkeit-schlaeft-nicht\/\" \/>\n<meta property=\"og:locale\" content=\"en_US\" \/>\n<meta property=\"og:type\" content=\"article\" \/>\n<meta property=\"og:title\" content=\"Der Pr\u00e4sident schl\u00e4ft, das Team prahlt, und die Frage nach seiner Handlungsf\u00e4higkeit schl\u00e4ft nicht\" \/>\n<meta property=\"og:description\" content=\"Der 80-j\u00e4hrige Pr\u00e4sident der Vereinigten Staaten bekommt die Augen nicht auf, und seine Schlafphasen in der \u00d6ffentlichkeit werden immer l\u00e4nger. Am Montagnachmittag hielten ihn die Aufnahmen fest, wie er im Wei\u00dfen Haus wegnickte, mitten in einer Ank\u00fcndigung zur Gesundheitspolitik.\" \/>\n<meta property=\"og:url\" content=\"https:\/\/kaizen-blog.org\/en\/der-praesident-schlaeft-das-team-prahlt-und-die-frage-nach-seiner-handlungsfaehigkeit-schlaeft-nicht\/\" \/>\n<meta property=\"og:site_name\" content=\"The Kaizen Blog\" \/>\n<meta property=\"article:publisher\" content=\"https:\/\/www.facebook.com\/rainer.hofmann.2025\/\" \/>\n<meta property=\"article:published_time\" content=\"2026-09-01T06:00:03+00:00\" \/>\n<meta property=\"article:modified_time\" content=\"2026-09-01T06:00:08+00:00\" \/>\n<meta property=\"og:image\" content=\"https:\/\/kaizen-blog.org\/wp-content\/uploads\/2026\/09\/batch_kaizenlive-news20389.webp\" \/>\n\t<meta property=\"og:image:width\" content=\"905\" \/>\n\t<meta property=\"og:image:height\" content=\"500\" \/>\n\t<meta property=\"og:image:type\" content=\"image\/webp\" \/>\n<meta name=\"author\" content=\"Rainer Hofmann\" \/>\n<meta name=\"twitter:card\" content=\"summary_large_image\" \/>\n<meta name=\"twitter:label1\" content=\"Written by\" \/>\n\t<meta name=\"twitter:data1\" content=\"Rainer Hofmann\" \/>\n\t<meta name=\"twitter:label2\" content=\"Est. reading time\" \/>\n\t<meta name=\"twitter:data2\" content=\"6 minutes\" \/>\n<script type=\"application\/ld+json\" class=\"yoast-schema-graph\">{\"@context\":\"https:\\\/\\\/schema.org\",\"@graph\":[{\"@type\":\"Article\",\"@id\":\"https:\\\/\\\/kaizen-blog.org\\\/der-praesident-schlaeft-das-team-prahlt-und-die-frage-nach-seiner-handlungsfaehigkeit-schlaeft-nicht\\\/#article\",\"isPartOf\":{\"@id\":\"https:\\\/\\\/kaizen-blog.org\\\/der-praesident-schlaeft-das-team-prahlt-und-die-frage-nach-seiner-handlungsfaehigkeit-schlaeft-nicht\\\/\"},\"author\":{\"name\":\"Rainer Hofmann\",\"@id\":\"https:\\\/\\\/kaizen-blog.org\\\/#\\\/schema\\\/person\\\/7d3fc7346e2501a389ea3daa48b99ad0\"},\"headline\":\"Der Pr\u00e4sident schl\u00e4ft, das Team prahlt, und die Frage nach seiner Handlungsf\u00e4higkeit schl\u00e4ft nicht\",\"datePublished\":\"2026-09-01T06:00:03+00:00\",\"dateModified\":\"2026-09-01T06:00:08+00:00\",\"mainEntityOfPage\":{\"@id\":\"https:\\\/\\\/kaizen-blog.org\\\/der-praesident-schlaeft-das-team-prahlt-und-die-frage-nach-seiner-handlungsfaehigkeit-schlaeft-nicht\\\/\"},\"wordCount\":1010,\"commentCount\":0,\"image\":{\"@id\":\"https:\\\/\\\/kaizen-blog.org\\\/der-praesident-schlaeft-das-team-prahlt-und-die-frage-nach-seiner-handlungsfaehigkeit-schlaeft-nicht\\\/#primaryimage\"},\"thumbnailUrl\":\"https:\\\/\\\/i0.wp.com\\\/kaizen-blog.org\\\/wp-content\\\/uploads\\\/2026\\\/09\\\/batch_kaizenlive-news20389.webp?fit=905%2C500&ssl=1\",\"articleSection\":[\"Social &amp; Politics\",\"Topstory\",\"Trumpland\"],\"inLanguage\":\"en-US\",\"potentialAction\":[{\"@type\":\"CommentAction\",\"name\":\"Comment\",\"target\":[\"https:\\\/\\\/kaizen-blog.org\\\/der-praesident-schlaeft-das-team-prahlt-und-die-frage-nach-seiner-handlungsfaehigkeit-schlaeft-nicht\\\/#respond\"]}]},{\"@type\":\"WebPage\",\"@id\":\"https:\\\/\\\/kaizen-blog.org\\\/der-praesident-schlaeft-das-team-prahlt-und-die-frage-nach-seiner-handlungsfaehigkeit-schlaeft-nicht\\\/\",\"url\":\"https:\\\/\\\/kaizen-blog.org\\\/der-praesident-schlaeft-das-team-prahlt-und-die-frage-nach-seiner-handlungsfaehigkeit-schlaeft-nicht\\\/\",\"name\":\"Der Pr\u00e4sident schl\u00e4ft, das Team prahlt, und die Frage nach seiner Handlungsf\u00e4higkeit schl\u00e4ft nicht - The Kaizen Blog\",\"isPartOf\":{\"@id\":\"https:\\\/\\\/kaizen-blog.org\\\/#website\"},\"primaryImageOfPage\":{\"@id\":\"https:\\\/\\\/kaizen-blog.org\\\/der-praesident-schlaeft-das-team-prahlt-und-die-frage-nach-seiner-handlungsfaehigkeit-schlaeft-nicht\\\/#primaryimage\"},\"image\":{\"@id\":\"https:\\\/\\\/kaizen-blog.org\\\/der-praesident-schlaeft-das-team-prahlt-und-die-frage-nach-seiner-handlungsfaehigkeit-schlaeft-nicht\\\/#primaryimage\"},\"thumbnailUrl\":\"https:\\\/\\\/i0.wp.com\\\/kaizen-blog.org\\\/wp-content\\\/uploads\\\/2026\\\/09\\\/batch_kaizenlive-news20389.webp?fit=905%2C500&ssl=1\",\"datePublished\":\"2026-09-01T06:00:03+00:00\",\"dateModified\":\"2026-09-01T06:00:08+00:00\",\"author\":{\"@id\":\"https:\\\/\\\/kaizen-blog.org\\\/#\\\/schema\\\/person\\\/7d3fc7346e2501a389ea3daa48b99ad0\"},\"description\":\"Der 80-j\u00e4hrige Pr\u00e4sident der Vereinigten Staaten bekommt die Augen nicht auf, und seine Schlafphasen in der \u00d6ffentlichkeit werden immer l\u00e4nger. Am Montagnachmittag hielten ihn die Aufnahmen fest, wie er im Wei\u00dfen Haus wegnickte, mitten in einer Ank\u00fcndigung zur Gesundheitspolitik.\",\"breadcrumb\":{\"@id\":\"https:\\\/\\\/kaizen-blog.org\\\/der-praesident-schlaeft-das-team-prahlt-und-die-frage-nach-seiner-handlungsfaehigkeit-schlaeft-nicht\\\/#breadcrumb\"},\"inLanguage\":\"en-US\",\"potentialAction\":[{\"@type\":\"ReadAction\",\"target\":[\"https:\\\/\\\/kaizen-blog.org\\\/der-praesident-schlaeft-das-team-prahlt-und-die-frage-nach-seiner-handlungsfaehigkeit-schlaeft-nicht\\\/\"]}]},{\"@type\":\"ImageObject\",\"inLanguage\":\"en-US\",\"@id\":\"https:\\\/\\\/kaizen-blog.org\\\/der-praesident-schlaeft-das-team-prahlt-und-die-frage-nach-seiner-handlungsfaehigkeit-schlaeft-nicht\\\/#primaryimage\",\"url\":\"https:\\\/\\\/i0.wp.com\\\/kaizen-blog.org\\\/wp-content\\\/uploads\\\/2026\\\/09\\\/batch_kaizenlive-news20389.webp?fit=905%2C500&ssl=1\",\"contentUrl\":\"https:\\\/\\\/i0.wp.com\\\/kaizen-blog.org\\\/wp-content\\\/uploads\\\/2026\\\/09\\\/batch_kaizenlive-news20389.webp?fit=905%2C500&ssl=1\",\"width\":905,\"height\":500},{\"@type\":\"BreadcrumbList\",\"@id\":\"https:\\\/\\\/kaizen-blog.org\\\/der-praesident-schlaeft-das-team-prahlt-und-die-frage-nach-seiner-handlungsfaehigkeit-schlaeft-nicht\\\/#breadcrumb\",\"itemListElement\":[{\"@type\":\"ListItem\",\"position\":1,\"name\":\"Startseite\",\"item\":\"https:\\\/\\\/kaizen-blog.org\\\/\"},{\"@type\":\"ListItem\",\"position\":2,\"name\":\"Der Pr\u00e4sident schl\u00e4ft, das Team prahlt, und die Frage nach seiner Handlungsf\u00e4higkeit schl\u00e4ft nicht\"}]},{\"@type\":\"WebSite\",\"@id\":\"https:\\\/\\\/kaizen-blog.org\\\/#website\",\"url\":\"https:\\\/\\\/kaizen-blog.org\\\/\",\"name\":\"The Kaizen Blog\",\"description\":\"Investigativer Journalismus\",\"potentialAction\":[{\"@type\":\"SearchAction\",\"target\":{\"@type\":\"EntryPoint\",\"urlTemplate\":\"https:\\\/\\\/kaizen-blog.org\\\/?s={search_term_string}\"},\"query-input\":{\"@type\":\"PropertyValueSpecification\",\"valueRequired\":true,\"valueName\":\"search_term_string\"}}],\"inLanguage\":\"en-US\"},{\"@type\":\"Person\",\"@id\":\"https:\\\/\\\/kaizen-blog.org\\\/#\\\/schema\\\/person\\\/7d3fc7346e2501a389ea3daa48b99ad0\",\"name\":\"Rainer Hofmann\",\"image\":{\"@type\":\"ImageObject\",\"inLanguage\":\"en-US\",\"@id\":\"\\\/\\\/www.gravatar.com\\\/avatar\\\/21e5b26d4f12b21206d8094d7aea4ab6?s=96&#038;r=g&#038;d=initials\",\"url\":\"\\\/\\\/www.gravatar.com\\\/avatar\\\/21e5b26d4f12b21206d8094d7aea4ab6?s=96&#038;r=g&#038;d=initials\",\"contentUrl\":\"\\\/\\\/www.gravatar.com\\\/avatar\\\/21e5b26d4f12b21206d8094d7aea4ab6?s=96&#038;r=g&#038;d=initials\",\"caption\":\"Rainer Hofmann\"},\"sameAs\":[\"https:\\\/\\\/kaizen-blog.org\"],\"url\":\"https:\\\/\\\/kaizen-blog.org\\\/en\\\/author\\\/admin\\\/\"}]}<\/script>\n<!-- \/ Yoast SEO plugin. -->","yoast_head_json":{"title":"Der Pr\u00e4sident schl\u00e4ft, das Team prahlt, und die Frage nach seiner Handlungsf\u00e4higkeit schl\u00e4ft nicht - The Kaizen Blog","description":"Der 80-j\u00e4hrige Pr\u00e4sident der Vereinigten Staaten bekommt die Augen nicht auf, und seine Schlafphasen in der \u00d6ffentlichkeit werden immer l\u00e4nger. Am Montagnachmittag hielten ihn die Aufnahmen fest, wie er im Wei\u00dfen Haus wegnickte, mitten in einer Ank\u00fcndigung zur Gesundheitspolitik.","robots":{"index":"index","follow":"follow","max-snippet":"max-snippet:-1","max-image-preview":"max-image-preview:large","max-video-preview":"max-video-preview:-1"},"canonical":"https:\/\/kaizen-blog.org\/en\/der-praesident-schlaeft-das-team-prahlt-und-die-frage-nach-seiner-handlungsfaehigkeit-schlaeft-nicht\/","og_locale":"en_US","og_type":"article","og_title":"Der Pr\u00e4sident schl\u00e4ft, das Team prahlt, und die Frage nach seiner Handlungsf\u00e4higkeit schl\u00e4ft nicht","og_description":"Der 80-j\u00e4hrige Pr\u00e4sident der Vereinigten Staaten bekommt die Augen nicht auf, und seine Schlafphasen in der \u00d6ffentlichkeit werden immer l\u00e4nger. Am Montagnachmittag hielten ihn die Aufnahmen fest, wie er im Wei\u00dfen Haus wegnickte, mitten in einer Ank\u00fcndigung zur Gesundheitspolitik.","og_url":"https:\/\/kaizen-blog.org\/en\/der-praesident-schlaeft-das-team-prahlt-und-die-frage-nach-seiner-handlungsfaehigkeit-schlaeft-nicht\/","og_site_name":"The Kaizen Blog","article_publisher":"https:\/\/www.facebook.com\/rainer.hofmann.2025\/","article_published_time":"2026-09-01T06:00:03+00:00","article_modified_time":"2026-09-01T06:00:08+00:00","og_image":[{"width":905,"height":500,"url":"https:\/\/kaizen-blog.org\/wp-content\/uploads\/2026\/09\/batch_kaizenlive-news20389.webp","type":"image\/webp"}],"author":"Rainer Hofmann","twitter_card":"summary_large_image","twitter_misc":{"Written by":"Rainer Hofmann","Est. reading time":"6 minutes"},"schema":{"@context":"https:\/\/schema.org","@graph":[{"@type":"Article","@id":"https:\/\/kaizen-blog.org\/der-praesident-schlaeft-das-team-prahlt-und-die-frage-nach-seiner-handlungsfaehigkeit-schlaeft-nicht\/#article","isPartOf":{"@id":"https:\/\/kaizen-blog.org\/der-praesident-schlaeft-das-team-prahlt-und-die-frage-nach-seiner-handlungsfaehigkeit-schlaeft-nicht\/"},"author":{"name":"Rainer Hofmann","@id":"https:\/\/kaizen-blog.org\/#\/schema\/person\/7d3fc7346e2501a389ea3daa48b99ad0"},"headline":"Der Pr\u00e4sident schl\u00e4ft, das Team prahlt, und die Frage nach seiner Handlungsf\u00e4higkeit schl\u00e4ft nicht","datePublished":"2026-09-01T06:00:03+00:00","dateModified":"2026-09-01T06:00:08+00:00","mainEntityOfPage":{"@id":"https:\/\/kaizen-blog.org\/der-praesident-schlaeft-das-team-prahlt-und-die-frage-nach-seiner-handlungsfaehigkeit-schlaeft-nicht\/"},"wordCount":1010,"commentCount":0,"image":{"@id":"https:\/\/kaizen-blog.org\/der-praesident-schlaeft-das-team-prahlt-und-die-frage-nach-seiner-handlungsfaehigkeit-schlaeft-nicht\/#primaryimage"},"thumbnailUrl":"https:\/\/i0.wp.com\/kaizen-blog.org\/wp-content\/uploads\/2026\/09\/batch_kaizenlive-news20389.webp?fit=905%2C500&ssl=1","articleSection":["Social &amp; Politics","Topstory","Trumpland"],"inLanguage":"en-US","potentialAction":[{"@type":"CommentAction","name":"Comment","target":["https:\/\/kaizen-blog.org\/der-praesident-schlaeft-das-team-prahlt-und-die-frage-nach-seiner-handlungsfaehigkeit-schlaeft-nicht\/#respond"]}]},{"@type":"WebPage","@id":"https:\/\/kaizen-blog.org\/der-praesident-schlaeft-das-team-prahlt-und-die-frage-nach-seiner-handlungsfaehigkeit-schlaeft-nicht\/","url":"https:\/\/kaizen-blog.org\/der-praesident-schlaeft-das-team-prahlt-und-die-frage-nach-seiner-handlungsfaehigkeit-schlaeft-nicht\/","name":"Der Pr\u00e4sident schl\u00e4ft, das Team prahlt, und die Frage nach seiner Handlungsf\u00e4higkeit schl\u00e4ft nicht - The Kaizen Blog","isPartOf":{"@id":"https:\/\/kaizen-blog.org\/#website"},"primaryImageOfPage":{"@id":"https:\/\/kaizen-blog.org\/der-praesident-schlaeft-das-team-prahlt-und-die-frage-nach-seiner-handlungsfaehigkeit-schlaeft-nicht\/#primaryimage"},"image":{"@id":"https:\/\/kaizen-blog.org\/der-praesident-schlaeft-das-team-prahlt-und-die-frage-nach-seiner-handlungsfaehigkeit-schlaeft-nicht\/#primaryimage"},"thumbnailUrl":"https:\/\/i0.wp.com\/kaizen-blog.org\/wp-content\/uploads\/2026\/09\/batch_kaizenlive-news20389.webp?fit=905%2C500&ssl=1","datePublished":"2026-09-01T06:00:03+00:00","dateModified":"2026-09-01T06:00:08+00:00","author":{"@id":"https:\/\/kaizen-blog.org\/#\/schema\/person\/7d3fc7346e2501a389ea3daa48b99ad0"},"description":"Der 80-j\u00e4hrige Pr\u00e4sident der Vereinigten Staaten bekommt die Augen nicht auf, und seine Schlafphasen in der \u00d6ffentlichkeit werden immer l\u00e4nger. Am Montagnachmittag hielten ihn die Aufnahmen fest, wie er im Wei\u00dfen Haus wegnickte, mitten in einer Ank\u00fcndigung zur Gesundheitspolitik.","breadcrumb":{"@id":"https:\/\/kaizen-blog.org\/der-praesident-schlaeft-das-team-prahlt-und-die-frage-nach-seiner-handlungsfaehigkeit-schlaeft-nicht\/#breadcrumb"},"inLanguage":"en-US","potentialAction":[{"@type":"ReadAction","target":["https:\/\/kaizen-blog.org\/der-praesident-schlaeft-das-team-prahlt-und-die-frage-nach-seiner-handlungsfaehigkeit-schlaeft-nicht\/"]}]},{"@type":"ImageObject","inLanguage":"en-US","@id":"https:\/\/kaizen-blog.org\/der-praesident-schlaeft-das-team-prahlt-und-die-frage-nach-seiner-handlungsfaehigkeit-schlaeft-nicht\/#primaryimage","url":"https:\/\/i0.wp.com\/kaizen-blog.org\/wp-content\/uploads\/2026\/09\/batch_kaizenlive-news20389.webp?fit=905%2C500&ssl=1","contentUrl":"https:\/\/i0.wp.com\/kaizen-blog.org\/wp-content\/uploads\/2026\/09\/batch_kaizenlive-news20389.webp?fit=905%2C500&ssl=1","width":905,"height":500},{"@type":"BreadcrumbList","@id":"https:\/\/kaizen-blog.org\/der-praesident-schlaeft-das-team-prahlt-und-die-frage-nach-seiner-handlungsfaehigkeit-schlaeft-nicht\/#breadcrumb","itemListElement":[{"@type":"ListItem","position":1,"name":"Startseite","item":"https:\/\/kaizen-blog.org\/"},{"@type":"ListItem","position":2,"name":"Der Pr\u00e4sident schl\u00e4ft, das Team prahlt, und die Frage nach seiner Handlungsf\u00e4higkeit schl\u00e4ft nicht"}]},{"@type":"WebSite","@id":"https:\/\/kaizen-blog.org\/#website","url":"https:\/\/kaizen-blog.org\/","name":"The Kaizen Blog","description":"Investigative Journalism","potentialAction":[{"@type":"SearchAction","target":{"@type":"EntryPoint","urlTemplate":"https:\/\/kaizen-blog.org\/?s={search_term_string}"},"query-input":{"@type":"PropertyValueSpecification","valueRequired":true,"valueName":"search_term_string"}}],"inLanguage":"en-US"},{"@type":"Person","@id":"https:\/\/kaizen-blog.org\/#\/schema\/person\/7d3fc7346e2501a389ea3daa48b99ad0","name":"Rainer Hofmann","image":{"@type":"ImageObject","inLanguage":"en-US","@id":"\/\/www.gravatar.com\/avatar\/21e5b26d4f12b21206d8094d7aea4ab6?s=96&#038;r=g&#038;d=initials","url":"\/\/www.gravatar.com\/avatar\/21e5b26d4f12b21206d8094d7aea4ab6?s=96&#038;r=g&#038;d=initials","contentUrl":"\/\/www.gravatar.com\/avatar\/21e5b26d4f12b21206d8094d7aea4ab6?s=96&#038;r=g&#038;d=initials","caption":"Rainer Hofmann"},"sameAs":["https:\/\/kaizen-blog.org"],"url":"https:\/\/kaizen-blog.org\/en\/author\/admin\/"}]}},"jetpack_sharing_enabled":true,"jetpack-related-posts":[{"id":13139,"url":"https:\/\/kaizen-blog.org\/en\/am-rand-des-rechtsstaats-unfassbar-wie-die-trump-regierung-kilmar-abrego-garcia-verfolgt-und-eine-verfassungskrise-riskiert\/","url_meta":{"origin":44595,"position":0},"title":"At the Edge of the Rule of Law - Unbelievable - How the Trump Administration Persecutes Kilmar Abrego Garcia and Risks a Constitutional Crisis","author":"Rainer Hofmann","date":"25. August 2025","format":false,"excerpt":"Die Geschichte von Kilmar Armando Abrego Garcia ist l\u00e4ngst mehr als ein Einzelschicksal. Sie ist zum Sinnbild daf\u00fcr geworden, wie weit die Trump-Regierung bereit ist zu gehen, um ihre Migrationspolitik mit H\u00e4rte und Willk\u00fcr durchzusetzen \u2013 und wie skrupellos dabei grundlegende rechtsstaatliche Prinzipien missachtet werden. Heute, nur drei Tage nach\u2026","rel":"","context":"In &quot;Deportations &amp; ICE&quot;","block_context":{"text":"Deportations &amp; ICE","link":"https:\/\/kaizen-blog.org\/en\/category\/deportations-under-trump\/"},"img":{"alt_text":"","src":"https:\/\/i0.wp.com\/kaizen-blog.org\/wp-content\/uploads\/2025\/08\/Kopie-von-Kopie-von-Kopie-von-The-Kaizen-Blog-Online-Magazin140.webp?fit=900%2C508&ssl=1&resize=350%2C200","width":350,"height":200,"srcset":"https:\/\/i0.wp.com\/kaizen-blog.org\/wp-content\/uploads\/2025\/08\/Kopie-von-Kopie-von-Kopie-von-The-Kaizen-Blog-Online-Magazin140.webp?fit=900%2C508&ssl=1&resize=350%2C200 1x, https:\/\/i0.wp.com\/kaizen-blog.org\/wp-content\/uploads\/2025\/08\/Kopie-von-Kopie-von-Kopie-von-The-Kaizen-Blog-Online-Magazin140.webp?fit=900%2C508&ssl=1&resize=525%2C300 1.5x, https:\/\/i0.wp.com\/kaizen-blog.org\/wp-content\/uploads\/2025\/08\/Kopie-von-Kopie-von-Kopie-von-The-Kaizen-Blog-Online-Magazin140.webp?fit=900%2C508&ssl=1&resize=700%2C400 2x"},"classes":[]},{"id":3839,"url":"https:\/\/kaizen-blog.org\/en\/trumps-traumwelt-ein-praesident-im-spiegel-seiner-eigenen-mythen\/","url_meta":{"origin":44595,"position":1},"title":"Trump\u2019s Dreamworld: A President in the Mirror of His Own Myths","author":"Tamzee Zadah","date":"10. June 2025","format":false,"excerpt":"In der digitalen Agora des 21. Jahrhunderts, wo Worte wie Pfeile durch die L\u00fcfte der sozialen Medien schwirren, erhebt sich erneut die Stimme eines Mannes, der nie aufgeh\u00f6rt hat, sich selbst als Retter einer untergehenden Welt zu inszenieren: Donald J. Trump. Sein j\u00fcngster Tweet, ein rhetorisches Monument aus Pathos, Polemik\u2026","rel":"","context":"In &quot;NEWS&quot;","block_context":{"text":"NEWS","link":"https:\/\/kaizen-blog.org\/en\/category\/news\/"},"img":{"alt_text":"","src":"https:\/\/i0.wp.com\/kaizen-blog.org\/wp-content\/uploads\/2025\/06\/trum-military.webp?fit=850%2C508&ssl=1&resize=350%2C200","width":350,"height":200,"srcset":"https:\/\/i0.wp.com\/kaizen-blog.org\/wp-content\/uploads\/2025\/06\/trum-military.webp?fit=850%2C508&ssl=1&resize=350%2C200 1x, https:\/\/i0.wp.com\/kaizen-blog.org\/wp-content\/uploads\/2025\/06\/trum-military.webp?fit=850%2C508&ssl=1&resize=525%2C300 1.5x, https:\/\/i0.wp.com\/kaizen-blog.org\/wp-content\/uploads\/2025\/06\/trum-military.webp?fit=850%2C508&ssl=1&resize=700%2C400 2x"},"classes":[]},{"id":37965,"url":"https:\/\/kaizen-blog.org\/en\/der-praesident-schlaeft-sein-hofstaat-lobt\/","url_meta":{"origin":44595,"position":2},"title":"The President Falls Asleep, His Court Praises Him - Doctor Warns","author":"Rainer Hofmann","date":"5. June 2026","format":false,"excerpt":"W\u00e4hrend seine Minister die sch\u00f6ne, saubere Kohle priesen und sein Sprecher ihn den energischsten Pr\u00e4sidenten der Geschichte nannte, fielen dem Pr\u00e4sidenten im Oval Office die Augen zu. Ein Kardiologe warnt und fragt, warum die \u00e4rztliche Untersuchung dazu schweigt! Es gibt eine Grenze, an der jede Sprachregelung endet, und sie verl\u00e4uft\u2026","rel":"","context":"In &quot;Topstory&quot;","block_context":{"text":"Topstory","link":"https:\/\/kaizen-blog.org\/en\/category\/topstory\/"},"img":{"alt_text":"","src":"https:\/\/i0.wp.com\/kaizen-blog.org\/wp-content\/uploads\/2026\/06\/batch_kaizennewsday-2026-06-05T152426.408.webp?fit=905%2C500&ssl=1&resize=350%2C200","width":350,"height":200,"srcset":"https:\/\/i0.wp.com\/kaizen-blog.org\/wp-content\/uploads\/2026\/06\/batch_kaizennewsday-2026-06-05T152426.408.webp?fit=905%2C500&ssl=1&resize=350%2C200 1x, https:\/\/i0.wp.com\/kaizen-blog.org\/wp-content\/uploads\/2026\/06\/batch_kaizennewsday-2026-06-05T152426.408.webp?fit=905%2C500&ssl=1&resize=525%2C300 1.5x, https:\/\/i0.wp.com\/kaizen-blog.org\/wp-content\/uploads\/2026\/06\/batch_kaizennewsday-2026-06-05T152426.408.webp?fit=905%2C500&ssl=1&resize=700%2C400 2x"},"classes":[]},{"id":9671,"url":"https:\/\/kaizen-blog.org\/en\/naechtliche-telefonate-aus-dem-oval-office-wie-donald-trump-seinen-handelsminister-zur-hotline-fuer-eitelkeit-und-eigensinn-macht\/","url_meta":{"origin":44595,"position":3},"title":"Late-Night Phone Calls From the Oval Office - How Donald Trump Turned His Commerce Secretary Into a Hotline for Vanity and Self-Regard","author":"Rainer Hofmann","date":"21. July 2025","format":false,"excerpt":"Es ist kurz nach eins in der Nacht, wenn das Telefon bei Howard Lutnick klingelt. Nicht immer, aber h\u00e4ufig genug, um daraus ein Ritual zu machen. Am anderen Ende der Leitung: der Pr\u00e4sident der Vereinigten Staaten. Donald J. Trump, 79 Jahre alt, unerm\u00fcdlich in seiner Selbstbespiegelung, braucht zu dieser Stunde\u2026","rel":"","context":"In &quot;Popcorn Panic&quot;","block_context":{"text":"Popcorn Panic","link":"https:\/\/kaizen-blog.org\/en\/category\/popcorn-panic\/"},"img":{"alt_text":"","src":"https:\/\/i0.wp.com\/kaizen-blog.org\/wp-content\/uploads\/2025\/07\/Kopie-von-Kopie-von-Kopie-von-Social-Kaizen27.webp?fit=900%2C508&ssl=1&resize=350%2C200","width":350,"height":200,"srcset":"https:\/\/i0.wp.com\/kaizen-blog.org\/wp-content\/uploads\/2025\/07\/Kopie-von-Kopie-von-Kopie-von-Social-Kaizen27.webp?fit=900%2C508&ssl=1&resize=350%2C200 1x, https:\/\/i0.wp.com\/kaizen-blog.org\/wp-content\/uploads\/2025\/07\/Kopie-von-Kopie-von-Kopie-von-Social-Kaizen27.webp?fit=900%2C508&ssl=1&resize=525%2C300 1.5x, https:\/\/i0.wp.com\/kaizen-blog.org\/wp-content\/uploads\/2025\/07\/Kopie-von-Kopie-von-Kopie-von-Social-Kaizen27.webp?fit=900%2C508&ssl=1&resize=700%2C400 2x"},"classes":[]},{"id":12214,"url":"https:\/\/kaizen-blog.org\/en\/countdown-in-alaska-die-stunde-der-wahrheit-fuer-trump-putin-und-die-ukraine\/","url_meta":{"origin":44595,"position":4},"title":"Countdown in Alaska - The hour of truth for Trump, Putin and Ukraine","author":"Rainer Hofmann","date":"15. August 2025","format":false,"excerpt":"In Anchorage, Alaska, liegen an diesem Freitag die Temperaturen knapp im zweistelligen Bereich \u2013 aber politisch ist es ein Tag, an dem das Thermometer in den roten Bereich klettert. In wenigen Stunden treffen sich US-Pr\u00e4sident Donald Trump und der russische Pr\u00e4sident Wladimir Putin zu einem Gipfel, dessen Ausgang weit \u00fcber\u2026","rel":"","context":"In &quot;Inferno Ukraine&quot;","block_context":{"text":"Inferno Ukraine","link":"https:\/\/kaizen-blog.org\/en\/category\/inferno-ukraine\/"},"img":{"alt_text":"","src":"https:\/\/i0.wp.com\/kaizen-blog.org\/wp-content\/uploads\/2025\/08\/Kopie-von-The-Kaizen-Blog-Online-Magazin76.webp?fit=900%2C508&ssl=1&resize=350%2C200","width":350,"height":200,"srcset":"https:\/\/i0.wp.com\/kaizen-blog.org\/wp-content\/uploads\/2025\/08\/Kopie-von-The-Kaizen-Blog-Online-Magazin76.webp?fit=900%2C508&ssl=1&resize=350%2C200 1x, https:\/\/i0.wp.com\/kaizen-blog.org\/wp-content\/uploads\/2025\/08\/Kopie-von-The-Kaizen-Blog-Online-Magazin76.webp?fit=900%2C508&ssl=1&resize=525%2C300 1.5x, https:\/\/i0.wp.com\/kaizen-blog.org\/wp-content\/uploads\/2025\/08\/Kopie-von-The-Kaizen-Blog-Online-Magazin76.webp?fit=900%2C508&ssl=1&resize=700%2C400 2x"},"classes":[]},{"id":9227,"url":"https:\/\/kaizen-blog.org\/en\/der-praesident-der-sich-selbst-verklagt-trumps-10-milliarden-klage-gegen-murdoch-und-das-schweigen-um-epstein\/","url_meta":{"origin":44595,"position":5},"title":"The President Who Sues Himself - Trump's $10 Billion Lawsuit Against Murdoch and the Silence Around Epstein","author":"Rainer Hofmann","date":"19. July 2025","format":false,"excerpt":"Es war ein Paukenschlag, wie ihn selbst das amerikanische Mediensystem nur selten erlebt: Donald J. Trump, 45. und 47. Pr\u00e4sident der Vereinigten Staaten, hat den Medienmogul Rupert Murdoch und dessen Flaggschiff \u201eWall Street Journal\u201c auf mindestens zehn Milliarden Dollar verklagt \u2013 wegen eines Artikels, der ihn enger mit Jeffrey Epstein\u2026","rel":"","context":"In &quot;Popcorn Panic&quot;","block_context":{"text":"Popcorn Panic","link":"https:\/\/kaizen-blog.org\/en\/category\/popcorn-panic\/"},"img":{"alt_text":"","src":"https:\/\/i0.wp.com\/kaizen-blog.org\/wp-content\/uploads\/2025\/07\/Kopie-von-Social-Kaizen33.webp?fit=900%2C508&ssl=1&resize=350%2C200","width":350,"height":200,"srcset":"https:\/\/i0.wp.com\/kaizen-blog.org\/wp-content\/uploads\/2025\/07\/Kopie-von-Social-Kaizen33.webp?fit=900%2C508&ssl=1&resize=350%2C200 1x, https:\/\/i0.wp.com\/kaizen-blog.org\/wp-content\/uploads\/2025\/07\/Kopie-von-Social-Kaizen33.webp?fit=900%2C508&ssl=1&resize=525%2C300 1.5x, https:\/\/i0.wp.com\/kaizen-blog.org\/wp-content\/uploads\/2025\/07\/Kopie-von-Social-Kaizen33.webp?fit=900%2C508&ssl=1&resize=700%2C400 2x"},"classes":[]}],"jetpack_featured_media_url":"https:\/\/i0.wp.com\/kaizen-blog.org\/wp-content\/uploads\/2026\/09\/batch_kaizenlive-news20389.webp?fit=905%2C500&ssl=1","_links":{"self":[{"href":"https:\/\/kaizen-blog.org\/en\/wp-json\/wp\/v2\/posts\/44595","targetHints":{"allow":["GET"]}}],"collection":[{"href":"https:\/\/kaizen-blog.org\/en\/wp-json\/wp\/v2\/posts"}],"about":[{"href":"https:\/\/kaizen-blog.org\/en\/wp-json\/wp\/v2\/types\/post"}],"author":[{"embeddable":true,"href":"https:\/\/kaizen-blog.org\/en\/wp-json\/wp\/v2\/users\/1"}],"replies":[{"embeddable":true,"href":"https:\/\/kaizen-blog.org\/en\/wp-json\/wp\/v2\/comments?post=44595"}],"version-history":[{"count":0,"href":"https:\/\/kaizen-blog.org\/en\/wp-json\/wp\/v2\/posts\/44595\/revisions"}],"wp:featuredmedia":[{"embeddable":true,"href":"https:\/\/kaizen-blog.org\/en\/wp-json\/wp\/v2\/media\/44596"}],"wp:attachment":[{"href":"https:\/\/kaizen-blog.org\/en\/wp-json\/wp\/v2\/media?parent=44595"}],"wp:term":[{"taxonomy":"category","embeddable":true,"href":"https:\/\/kaizen-blog.org\/en\/wp-json\/wp\/v2\/categories?post=44595"},{"taxonomy":"post_tag","embeddable":true,"href":"https:\/\/kaizen-blog.org\/en\/wp-json\/wp\/v2\/tags?post=44595"}],"curies":[{"name":"wp","href":"https:\/\/api.w.org\/{rel}","templated":true}]}}