{"id":41424,"date":"2026-07-16T21:38:34","date_gmt":"2026-07-16T19:38:34","guid":{"rendered":"https:\/\/kaizen-blog.org\/?p=41424"},"modified":"2026-07-16T22:03:30","modified_gmt":"2026-07-16T20:03:30","slug":"antifa-auf-die-terrorliste-neonazis-auf-keine-was-washington-europa-gerade-anbietet-ist-verfolgungswahn","status":"publish","type":"post","link":"https:\/\/kaizen-blog.org\/en\/antifa-auf-die-terrorliste-neonazis-auf-keine-was-washington-europa-gerade-anbietet-ist-verfolgungswahn\/","title":{"rendered":"Antifa on the Terror List, Neo-Nazis on None: What Washington Is Really Offering Europe Is Political Paranoia"},"content":{"rendered":"<p class=\"wp-block-paragraph\">On Thursday, representatives from more than 60 countries, most of them from Europe and Latin America, gathered in Washington and listened as the U.S. secretary of state explained what he called the real terrorist threat of our time. Marco Rubio spoke of an alarming rise in left-wing political violence and of communists and Marxists whose defeat, he claimed, would determine what the future looks like. Counterterrorism, he said, had suffered from a blind spot for far too long, and he invited those in attendance to help close it.<\/p>\n\n\n\n<figure class=\"wp-block-video alignwide\"><video height=\"360\" style=\"aspect-ratio: 640 \/ 360;\" width=\"640\" controls src=\"https:\/\/kaizen-blog.org\/wp-content\/uploads\/2026\/07\/leftparano11.mp4\"><\/video><\/figure>\n\n\n\n<blockquote class=\"wp-block-quote is-layout-flow wp-block-quote-is-layout-flow\">\n<p class=\"wp-block-paragraph\">\"In one 18 month period between 1971 and 1972, the FBI counted some 2,500 bombings on American soil\u2014a rate of nearly 5 a day. The overwhelming share of that violence came from Left-Wing extremists... these are numbers that would shock most Americans today because we've been taught to believe that this kind of political violence, it simply doesn't exist or it's being exaggerated\u2014but it does exist, and we're actually underestimating it.\"<\/p>\n<\/blockquote>\n\n\n\n<blockquote class=\"wp-block-quote is-layout-flow wp-block-quote-is-layout-flow\">\n<p class=\"has-background has-medium-font-size wp-block-paragraph\" style=\"background-color:#d7f925\"><strong>America is falling back into the 1960s in 2026. Anyone who stands against it already knows the price. Journalists are working under enormous pressure, and Europe keeps watching without realizing that this work has long been about them too.<\/strong><\/p>\n<\/blockquote>\n\n\n\n<p class=\"wp-block-paragraph\">The numbers Rubio relies on come from a study published last year, and they do not support the conclusion he is drawing. As of July 4, 2025, the report states, left-wing attacks had outnumbered right-wing attacks for the first time in more than three decades. Between 1994 and 2000, the average was 0.6 left-wing incidents per year compared to 20.6 right-wing incidents. From 2016 through 2024, the numbers stood at 4 versus 22.7. By the summer of 2025, they stood at 5 versus 1. The increase is largely explained by an almost nonexistent starting point on the left combined with a sharp decline on the right. The authors themselves explicitly warn that right-wing terrorism could return at any time and conclude that both sides deserve continued attention.<\/p>\n\n\n\n<figure class=\"wp-block-pullquote\"><blockquote><p>\"What is happening here is not madness. Madness would not know exactly what it is doing.\"<\/p><\/blockquote><\/figure>\n\n\n\n<p class=\"wp-block-paragraph\">Rubio accused political leaders of having tolerated left-wing violence for far too long and illustrated his point with a comparison. A bomb planted by neo-Nazis, he said, is universally described as an evil act of murder. A bomb planted by Marxists is too often dismissed as a tragic excess of idealism. The first half of that sentence is beyond dispute. The second is not. A bomb is still a bomb, no matter who builds it, and whoever plants it belongs in court. But Rubio's own department contradicts his claim. Last November, the State Department designated four anti-fascist groups in Europe as foreign terrorist organizations. No neo-Nazi organizations appear on that list. There is, in fact, leniency toward one side - just not the side Rubio claims.<\/p>\n\n\n\n<figure class=\"wp-block-video alignwide\"><video height=\"360\" style=\"aspect-ratio: 640 \/ 360;\" width=\"640\" controls src=\"https:\/\/kaizen-blog.org\/wp-content\/uploads\/2026\/07\/fiveposru.mp4\"><\/video><\/figure>\n\n\n\n<blockquote class=\"wp-block-quote is-layout-flow wp-block-quote-is-layout-flow\">\n<p class=\"wp-block-paragraph\">\"You are here because two weeks ago, a 72-year-old woman was BURNED on over 80% of her body in her own home, in Greece, and she died, executed by a fire bomb because her daughter dared to stand for office!\"<\/p>\n\n\n\n<p class=\"wp-block-paragraph\">\"Far-left political terrorism is NOT a recent day modern novelty. It is NOT a fiction manufactured by conservative politicians. For most of the modern era, it was in fact the DOMINANT form of political violence.\"<\/p>\n\n\n\n<p class=\"wp-block-paragraph\">\"You are here today because for five days this winter, the lights went out in Berlin. The longest blackout in the city since the Second World War sparked by an attack that left tens of thousands of households without power in the freezing cold and left an 83-year-old woman dead.\"<\/p>\n\n\n\n<p class=\"wp-block-paragraph\">\"You are here and you came because a month after that Berlin blackout, a French 23-year-old succumbed to traumatic brain injuries beaten to death on the streets of Lyon by a group of far-left militant thugs.\"<\/p>\n\n\n\n<p class=\"wp-block-paragraph\">\"You are here because your political leaders are being attacked and stabbed and shot in your streets \u2014 because your businesses have been bombed, because your railways have been sabotaged, because your police officers have been beaten and burned!\"'<\/p>\n\n\n\n<p class=\"wp-block-paragraph\">\"You are here because this is real and it is getting worse and it can no longer be denied and it can no longer be ignored because it is time to crush this evil forever!\"<\/p>\n<\/blockquote>\n\n\n\n<p class=\"wp-block-paragraph\"><strong>The individual incidents Rubio refers to are, for the most part, real. What the available evidence does not support, however, is the conclusion that they add up to a dominant far-left terrorist threat across the Western world. <\/strong><\/p>\n\n\n\n<blockquote class=\"wp-block-quote is-layout-flow wp-block-quote-is-layout-flow\">\n<p class=\"has-background wp-block-paragraph\" style=\"background-color:#f1cbe1\"><strong>Even the latest CSIS analysis that Rubio himself relies on explicitly states that while left-wing attacks outnumbered right-wing attacks for the first time in 2025 - including incidents as minor as handing someone a box of photographs - their deadly impact remained very limited. Between 2016 and 2025, 13 people were killed in left-wing attacks, compared to 112 in right-wing attacks and 82 in jihadist attacks.<\/strong><\/p>\n<\/blockquote>\n\n\n\n<p class=\"wp-block-paragraph\"><strong>One thing also deserves attention. What exactly has been placed on those lists? Antifa is not an organization with members, officers, and a headquarters. It is a political label. You cannot place a political label on a terrorist list. So instead, governments select identifiable groups and treat them as stand-ins for something much broader.<\/strong><\/p>\n\n\n\n<p class=\"wp-block-paragraph\">Carl Schmitt, the chief legal theorist of Nazi Germany, described exactly how this works. Politics, he argued, begins with the distinction between friend and enemy, and sovereignty belongs to whoever decides when an exception exists. No attack has to occur first. It is enough for someone to make the classification. Once a person has been placed on the wrong side, they remain there until the machinery of the state is finished with them. Schmitt wrote those words for a regime that first identified its enemies and then rounded them up.<\/p>\n\n\n\n<p class=\"wp-block-paragraph\">Stephen Miller, the architect of the administration's deportation policy, stepped to the microphone after Rubio and delivered the operational message. If civilization is your home, he said, then you must defend it with the same determination and force you would use if an enemy had broken into the house where your family lives. That level of commitment and urgency, he argued, is now required. The people he was talking about are fellow citizens who run for office and get elected.<\/p>\n\n\n\n<figure class=\"wp-block-video alignwide\"><video height=\"360\" style=\"aspect-ratio: 640 \/ 360;\" width=\"640\" controls src=\"https:\/\/kaizen-blog.org\/wp-content\/uploads\/2026\/07\/millerleftrac.mp4\"><\/video><\/figure>\n\n\n\n<blockquote class=\"wp-block-quote is-layout-flow wp-block-quote-is-layout-flow\">\n<p class=\"wp-block-paragraph\"><strong>\"The leftist is fundamentally motivated by envy, by hatred, by jealousy. The leftist looks at what is beautiful and what is good and what is natural and is filled with envy and hatred.\"<\/strong><\/p>\n<\/blockquote>\n\n\n\n<p class=\"wp-block-paragraph\">Who belongs to it is decided by an equation that does not survive even the most basic scrutiny. Democratic socialism, as represented by the American left, calls for universal health care, higher taxes on the wealthy, and stricter rules for corporations. Under communism, private property largely disappears. Here, the two are thrown into the same pot. The president describes the growing left wing of the Democratic Party as communists who want to completely destroy the traditional American way of life and are even prepared to carry out assassinations. Vice President JD Vance calls communism a turning point unlike anything the United States has ever experienced. House Speaker Mike Johnson warns of radical candidates who openly describe themselves as Marxists.<\/p>\n\n\n\n<figure class=\"wp-block-pullquote has-text-align-left\"><blockquote><p><strong>No European country publicly contradicted Rubio during the event.<\/strong>.<\/p><\/blockquote><\/figure>\n\n\n\n<p class=\"wp-block-paragraph\">The sharper tone of recent months has a reason, and it can be attached to a name. Democratic socialist Zohran Mamdani became mayor of New York, and several of his political prot\u00e9g\u00e9s defeated incumbents in last month's primaries there. Since then, Washington has treated election results as a security threat. Rubio's own family history supplies the basic tune. His parents left Cuba and arrived in Miami in May 1956, several years before Fidel Castro came to power in Havana. That very government, the former Florida senator said on Thursday, used its far-reaching intelligence and ideological networks to help build the extreme left in the United States and across the hemisphere. A family's biography becomes an explanation of the world, one in which every American citizen who calls for health care for all is hanging from a string tied to Havana.<\/p>\n\n\n\n<p class=\"wp-block-paragraph\">The treasury secretary made clear just how serious this administration is. For decades, Scott Bessent told the guests, the United States had developed the most sophisticated financial counterterrorism tools in the world, and it was now mobilizing some of those same tools used against terrorists abroad to confront this emerging threat at home. He said it in a subordinate clause, and that subordinate clause contains the entire matter. A system built for bombers is now being turned against the domestic political opposition, four months before an election in which that very opposition is running.<\/p>\n\n\n\n<p class=\"wp-block-paragraph\">That leaves one question: What exactly were those 60 delegations doing there? They were not being briefed. They were being recruited. Washington is offering a procedure for export in which the political classification of an act helps determine whether it is called terrorism and whether the accounts of those involved are frozen. Europe has experience with where it leads when a state first names the internal enemy and then reshapes the procedures around that name. Anyone in Berlin, Paris, or Rome considering this offer should look at the numbers used to justify it. There are five cases. And a country that uses five cases as a reason to summon 60 governments is not looking for perpetrators.<\/p>\n\n\n\n<div class=\"kz-ad-root\"><style>@import url('https:\/\/fonts.googleapis.com\/css2?family=Bebas+Neue&family=Source+Sans+3:ital,wght@0,400;0,700;1,400&display=swap');.kz-ad-root{margin:28px 0}.kz-ad{font-family:'Source Sans 3','Segoe UI',Arial,sans-serif;background:#fff;border:1px solid #DEDEDE;border-radius:4px;overflow:hidden;max-width:100%;box-sizing:border-box}.kz-top{background:#111;padding:12px 18px;display:flex;align-items:center;gap:10px}.kz-eyebrow-line{width:22px;height:2px;background:#E50082;flex-shrink:0}.kz-badge{font-size:13px;font-weight:700;letter-spacing:.14em;text-transform:uppercase;color:#fff}.kz-inner{padding:22px 18px 20px}.kz-headline{font-family:'Bebas Neue',Impact,Arial Narrow,sans-serif;font-size:2.4rem;font-weight:400;color:#111;line-height:1.1;margin:0 0 16px;letter-spacing:.03em}.kz-text{font-size:1.05rem;line-height:1.75;color:#333;margin:0 0 16px}.kz-callout{font-size:1.05rem;line-height:1.65;color:#111;font-weight:700;border-left:3px solid #BDBDBD;padding:12px 14px;margin:0 0 22px;background:#FAFAFA;border-radius:0 2px 2px 0}.kz-btn{display:flex;align-items:center;justify-content:center;gap:9px;width:100%;box-sizing:border-box;padding:16px 20px;background:#E50082;color:#fff;font-family:'Source Sans 3',sans-serif;font-weight:700;font-size:1.1rem;text-decoration:none;border-radius:2px;transition:background .18s,transform .15s;letter-spacing:.03em;text-transform:uppercase;margin-bottom:16px}.kz-btn:hover{background:#CB006F;transform:translateY(-1px)}.kz-btn svg{transition:transform .18s}.kz-btn:hover svg{transform:translateX(3px)}.kz-footer{display:flex;align-items:center;justify-content:center;padding-bottom:2px}.kz-more{font-size:1.05rem;color:#444;text-decoration:none;transition:color .15s,border-color .15s;font-style:italic;border-bottom:1px solid #CCC;padding-bottom:2px}.kz-more:hover{color:#E50082;border-color:#E50082}@media(min-width:540px){.kz-inner{padding:24px 26px 22px}.kz-headline{font-size:2.8rem}.kz-btn{width:auto;display:inline-flex;padding:15px 36px}.kz-btn-wrap{display:flex;align-items:center;justify-content:space-between;gap:16px}.kz-footer{justify-content:flex-end}}<\/style><div class=\"kz-ad\"><div class=\"kz-top\"><div class=\"kz-eyebrow-line\"><\/div><span class=\"kz-badge\">Independent Journalism \u00b7 Kaizen Blog<\/span><\/div><div class=\"kz-inner\"><h3 class=\"kz-headline\">We are where,<br>it hurts<\/h3><p class=\"kz-text\">We do not sit comfortably indoors writing about the world - and we do not stop once the writing ends. Our help goes where it is needed. We are a small team. No investors, no millionaires, no giant newsroom behind us. What we do have is heart, determination, and the commitment to expose the things many others prefer to overlook. If you want this work to continue, support Kaizen Blog.<\/p><div class=\"kz-callout\">Our work survives because of those who pay attention - and who stand up for making that possible.<\/div><div class=\"kz-btn-wrap\"><a class=\"kz-btn\" href=\"https:\/\/buy.stripe.com\/bJe5kD0KYggG04A2Pw3VC01\" target=\"_blank\" rel=\"noopener\">Make Kaizen possible<svg width=\"17\" height=\"17\" viewbox=\"0 0 14 14\" fill=\"none\"><path d=\"M2 7h10M8 3l4 4-4 4\" stroke=\"#fff\" stroke-width=\"1.8\" stroke-linecap=\"round\" stroke-linejoin=\"round\"><\/path><\/svg><\/a><div class=\"kz-footer\"><a class=\"kz-more\" href=\"https:\/\/kaizen-blog.org\/en\/unterstuetzen-sie-unser-arbeit\/\" target=\"_blank\" rel=\"noopener\">About our work \u2192<\/a><\/div><\/div><\/div><\/div><\/div>\n\n\n\n<div class=\"kb-news-update-box\" style=\"    max-width: 650px;    margin: 2rem auto;    padding: 1.25rem 1.5rem;    border-radius: 12px;    border: 1px solid rgba(120,120,120,0.4);    background: rgba(15,15,20,0.03);    backdrop-filter: blur(4px);    font-family: system-ui, -apple-system, BlinkMacSystemFont, 'Segoe UI', sans-serif;\">\n  <style>\n    @media (prefers-color-scheme: dark) {\n      .kb-news-update-box {\n        background: rgba(15,15,20,0.9) !important;\n        border-color: rgba(160,160,160,0.4) !important;\n      }\n      .kb-news-update-box h3 {\n        color: #f5f5f5 !important;\n      }\n      .kb-news-update-box p {\n        color: #e0e0e0 !important;\n      }\n      .kb-news-update-box a.kb-news-link {\n        color: #ffb347 !important;\n        border-color: rgba(255,179,71,0.4) !important;\n      }\n      .kb-news-update-box a.kb-news-link:hover {\n        background: rgba(255,179,71,0.12) !important;\n      }\n    }\n  <\/style>\n\n  <h3 style=\"      margin: 0 0 0.5rem 0;      font-size: 1.15rem;      letter-spacing: 0.02em;      text-transform: uppercase;  \">\n    Updates \u2013 Kaizen News Brief\n  <\/h3>\n\n  <p style=\"      margin: 0 0 0.9rem 0;      font-size: 0.95rem;      line-height: 1.5;  \">\n    All current curated daily updates can be found in the Kaizen News Brief. \n  <\/p>\n\n  <!-- Deutscher Button -->\n  <a class=\"kb-news-link\" href=\"https:\/\/kaizen-blog.org\/en\/16-juli-2026-kurznachrichten\/\" style=\"      display: inline-flex;      align-items: center;      gap: 0.4rem;      padding: 0.45rem 0.9rem;      border-radius: 999px;      border: 1px solid rgba(0,0,0,0.12);      font-size: 0.9rem;      text-decoration: none;      color: #004b8d;      transition: background 0.15s ease, transform 0.1s ease, border-color 0.15s ease;      margin-bottom: 0.5rem;      margin-right: 0.4rem;  \">\n    <span style=\"font-weight: 600;\">To the Kaizen News Brief<\/span>\n    <span aria-hidden=\"true\" style=\"font-size: 1.1rem;\">\u2197<\/span>\n  <\/a>\n\n  <!-- Englischer Button -->\n  <a class=\"kb-news-link\" href=\"https:\/\/kaizen-blog.org\/en\/16-juli-2026-kurznachrichten\/\" style=\"      display: inline-flex;      align-items: center;      gap: 0.4rem;      padding: 0.45rem 0.9rem;      border-radius: 999px;      border: 1px solid rgba(0,0,0,0.12);      font-size: 0.9rem;      text-decoration: none;      color: #004b8d;      transition: background 0.15s ease, transform 0.1s ease, border-color 0.15s ease;  \">\n    <span style=\"font-weight: 600;\">In English<\/span>\n    <span aria-hidden=\"true\" style=\"font-size: 1.1rem;\">\u2197<\/span>\n  <\/a>\n\n<\/div>\n<div class=\"gsp_post_data\" \r\n\t            data-post_type=\"post\" \r\n\t            data-cat=\"dark-america,eu-news,topstory,trump-s-world\" \r\n\t            data-modified=\"120\"\r\n\t            data-created=\"1784237914\"\r\n\t            data-title=\"Antifa auf die Terrorliste, Neonazis auf keine: Was Washington Europa gerade anbietet, ist Verfolgungswahn\" \r\n\t            data-home=\"https:\/\/kaizen-blog.org\/en\/\"><\/div>","protected":false},"excerpt":{"rendered":"<p>Am Donnerstag sa\u00dfen in Washington Vertreter aus mehr als 60 L\u00e4ndern beisammen, \u00fcberwiegend aus Europa und Lateinamerika, und h\u00f6rten dem amerikanischen Au\u00dfenminister zu, der ihnen die eigentliche Terrorgefahr dieser Jahre erl\u00e4uterte. Marco Rubio sprach von einem alarmierenden Anstieg linker politischer Gewalt und von Kommunisten und Marxisten, deren Niederlage dar\u00fcber entscheide, wie die Zukunft aussehe. Die [&hellip;]<\/p>\n","protected":false},"author":4,"featured_media":41427,"comment_status":"open","ping_status":"open","sticky":false,"template":"","format":"standard","meta":{"_jetpack_newsletter_access":"","_jetpack_dont_email_post_to_subs":false,"_jetpack_newsletter_tier_id":0,"_jetpack_memberships_contains_paywalled_content":false,"iawp_total_views":1,"_jetpack_feature_clip_id":0,"_jetpack_memberships_contains_paid_content":false,"footnotes":"","jetpack_post_was_ever_published":false},"categories":[46,42,7,41],"tags":[],"class_list":["post-41424","post","type-post","status-publish","format-standard","has-post-thumbnail","hentry","category-dark-america","category-eu-news","category-topstory","category-trump-s-world"],"yoast_head":"<!-- This site is optimized with the Yoast SEO plugin v28.3 - https:\/\/yoast.com\/product\/yoast-seo-wordpress\/ -->\n<title>Antifa auf die Terrorliste, Neonazis auf keine: Was Washington Europa gerade anbietet, ist Verfolgungswahn - The Kaizen Blog<\/title>\n<meta name=\"description\" content=\"Am Donnerstag sa\u00dfen in Washington Vertreter aus mehr als 60 L\u00e4ndern beisammen, \u00fcberwiegend aus Europa und Lateinamerika, und h\u00f6rten dem amerikanischen Au\u00dfenminister zu, der ihnen die eigentliche Terrorgefahr dieser Jahre erl\u00e4uterte. Marco Rubio sprach von einem alarmierenden Anstieg linker politischer Gewalt und von Kommunisten und Marxisten, deren Niederlage dar\u00fcber entscheide, wie die Zukunft aussehe. Die Terrorabwehr habe hier bislang einen blinden Fleck gehabt, sagte er, und lud die Anwesenden ein, ihn gemeinsam zu schlie\u00dfen.\" \/>\n<meta name=\"robots\" content=\"index, follow, max-snippet:-1, max-image-preview:large, max-video-preview:-1\" \/>\n<link rel=\"canonical\" href=\"https:\/\/kaizen-blog.org\/en\/antifa-auf-die-terrorliste-neonazis-auf-keine-was-washington-europa-gerade-anbietet-ist-verfolgungswahn\/\" \/>\n<meta property=\"og:locale\" content=\"en_US\" \/>\n<meta property=\"og:type\" content=\"article\" \/>\n<meta property=\"og:title\" content=\"Antifa auf die Terrorliste, Neonazis auf keine: Was Washington Europa gerade anbietet, ist Verfolgungswahn\" \/>\n<meta property=\"og:description\" content=\"Am Donnerstag sa\u00dfen in Washington Vertreter aus mehr als 60 L\u00e4ndern beisammen, \u00fcberwiegend aus Europa und Lateinamerika, und h\u00f6rten dem amerikanischen Au\u00dfenminister zu, der ihnen die eigentliche Terrorgefahr dieser Jahre erl\u00e4uterte. Marco Rubio sprach von einem alarmierenden Anstieg linker politischer Gewalt und von Kommunisten und Marxisten, deren Niederlage dar\u00fcber entscheide, wie die Zukunft aussehe. Die Terrorabwehr habe hier bislang einen blinden Fleck gehabt, sagte er, und lud die Anwesenden ein, ihn gemeinsam zu schlie\u00dfen.\" \/>\n<meta property=\"og:url\" content=\"https:\/\/kaizen-blog.org\/en\/antifa-auf-die-terrorliste-neonazis-auf-keine-was-washington-europa-gerade-anbietet-ist-verfolgungswahn\/\" \/>\n<meta property=\"og:site_name\" content=\"The Kaizen Blog\" \/>\n<meta property=\"article:publisher\" content=\"https:\/\/www.facebook.com\/rainer.hofmann.2025\/\" \/>\n<meta property=\"article:published_time\" content=\"2026-07-16T19:38:34+00:00\" \/>\n<meta property=\"article:modified_time\" content=\"2026-07-16T20:03:30+00:00\" \/>\n<meta property=\"og:image\" content=\"https:\/\/kaizen-blog.org\/wp-content\/uploads\/2026\/07\/batch_Kopie-von-Kopie-von-kaizennewsday77.webp\" \/>\n\t<meta property=\"og:image:width\" content=\"905\" \/>\n\t<meta property=\"og:image:height\" content=\"500\" \/>\n\t<meta property=\"og:image:type\" content=\"image\/webp\" \/>\n<meta name=\"author\" content=\"TEAM KAIZEN BLOG\" \/>\n<meta name=\"twitter:card\" content=\"summary_large_image\" \/>\n<meta name=\"twitter:label1\" content=\"Written by\" \/>\n\t<meta name=\"twitter:data1\" content=\"TEAM KAIZEN BLOG\" \/>\n\t<meta name=\"twitter:label2\" content=\"Est. reading time\" \/>\n\t<meta name=\"twitter:data2\" content=\"7 minutes\" \/>\n<script type=\"application\/ld+json\" class=\"yoast-schema-graph\">{\"@context\":\"https:\\\/\\\/schema.org\",\"@graph\":[{\"@type\":\"Article\",\"@id\":\"https:\\\/\\\/kaizen-blog.org\\\/antifa-auf-die-terrorliste-neonazis-auf-keine-was-washington-europa-gerade-anbietet-ist-verfolgungswahn\\\/#article\",\"isPartOf\":{\"@id\":\"https:\\\/\\\/kaizen-blog.org\\\/antifa-auf-die-terrorliste-neonazis-auf-keine-was-washington-europa-gerade-anbietet-ist-verfolgungswahn\\\/\"},\"author\":{\"name\":\"TEAM KAIZEN BLOG\",\"@id\":\"https:\\\/\\\/kaizen-blog.org\\\/#\\\/schema\\\/person\\\/2350bb6dc34529fb49a12895a8a76096\"},\"headline\":\"Antifa auf die Terrorliste, Neonazis auf keine: Was Washington Europa gerade anbietet, ist Verfolgungswahn\",\"datePublished\":\"2026-07-16T19:38:34+00:00\",\"dateModified\":\"2026-07-16T20:03:30+00:00\",\"mainEntityOfPage\":{\"@id\":\"https:\\\/\\\/kaizen-blog.org\\\/antifa-auf-die-terrorliste-neonazis-auf-keine-was-washington-europa-gerade-anbietet-ist-verfolgungswahn\\\/\"},\"wordCount\":1558,\"commentCount\":6,\"image\":{\"@id\":\"https:\\\/\\\/kaizen-blog.org\\\/antifa-auf-die-terrorliste-neonazis-auf-keine-was-washington-europa-gerade-anbietet-ist-verfolgungswahn\\\/#primaryimage\"},\"thumbnailUrl\":\"https:\\\/\\\/i0.wp.com\\\/kaizen-blog.org\\\/wp-content\\\/uploads\\\/2026\\\/07\\\/batch_Kopie-von-Kopie-von-kaizennewsday77.webp?fit=905%2C500&ssl=1\",\"articleSection\":[\"Dark America\",\"EU News\",\"Topstory\",\"Trumpland\"],\"inLanguage\":\"en-US\",\"potentialAction\":[{\"@type\":\"CommentAction\",\"name\":\"Comment\",\"target\":[\"https:\\\/\\\/kaizen-blog.org\\\/antifa-auf-die-terrorliste-neonazis-auf-keine-was-washington-europa-gerade-anbietet-ist-verfolgungswahn\\\/#respond\"]}]},{\"@type\":\"WebPage\",\"@id\":\"https:\\\/\\\/kaizen-blog.org\\\/antifa-auf-die-terrorliste-neonazis-auf-keine-was-washington-europa-gerade-anbietet-ist-verfolgungswahn\\\/\",\"url\":\"https:\\\/\\\/kaizen-blog.org\\\/antifa-auf-die-terrorliste-neonazis-auf-keine-was-washington-europa-gerade-anbietet-ist-verfolgungswahn\\\/\",\"name\":\"Antifa auf die Terrorliste, Neonazis auf keine: Was Washington Europa gerade anbietet, ist Verfolgungswahn - The Kaizen Blog\",\"isPartOf\":{\"@id\":\"https:\\\/\\\/kaizen-blog.org\\\/#website\"},\"primaryImageOfPage\":{\"@id\":\"https:\\\/\\\/kaizen-blog.org\\\/antifa-auf-die-terrorliste-neonazis-auf-keine-was-washington-europa-gerade-anbietet-ist-verfolgungswahn\\\/#primaryimage\"},\"image\":{\"@id\":\"https:\\\/\\\/kaizen-blog.org\\\/antifa-auf-die-terrorliste-neonazis-auf-keine-was-washington-europa-gerade-anbietet-ist-verfolgungswahn\\\/#primaryimage\"},\"thumbnailUrl\":\"https:\\\/\\\/i0.wp.com\\\/kaizen-blog.org\\\/wp-content\\\/uploads\\\/2026\\\/07\\\/batch_Kopie-von-Kopie-von-kaizennewsday77.webp?fit=905%2C500&ssl=1\",\"datePublished\":\"2026-07-16T19:38:34+00:00\",\"dateModified\":\"2026-07-16T20:03:30+00:00\",\"author\":{\"@id\":\"https:\\\/\\\/kaizen-blog.org\\\/#\\\/schema\\\/person\\\/2350bb6dc34529fb49a12895a8a76096\"},\"description\":\"Am Donnerstag sa\u00dfen in Washington Vertreter aus mehr als 60 L\u00e4ndern beisammen, \u00fcberwiegend aus Europa und Lateinamerika, und h\u00f6rten dem amerikanischen Au\u00dfenminister zu, der ihnen die eigentliche Terrorgefahr dieser Jahre erl\u00e4uterte. Marco Rubio sprach von einem alarmierenden Anstieg linker politischer Gewalt und von Kommunisten und Marxisten, deren Niederlage dar\u00fcber entscheide, wie die Zukunft aussehe. Die Terrorabwehr habe hier bislang einen blinden Fleck gehabt, sagte er, und lud die Anwesenden ein, ihn gemeinsam zu schlie\u00dfen.\",\"breadcrumb\":{\"@id\":\"https:\\\/\\\/kaizen-blog.org\\\/antifa-auf-die-terrorliste-neonazis-auf-keine-was-washington-europa-gerade-anbietet-ist-verfolgungswahn\\\/#breadcrumb\"},\"inLanguage\":\"en-US\",\"potentialAction\":[{\"@type\":\"ReadAction\",\"target\":[\"https:\\\/\\\/kaizen-blog.org\\\/antifa-auf-die-terrorliste-neonazis-auf-keine-was-washington-europa-gerade-anbietet-ist-verfolgungswahn\\\/\"]}]},{\"@type\":\"ImageObject\",\"inLanguage\":\"en-US\",\"@id\":\"https:\\\/\\\/kaizen-blog.org\\\/antifa-auf-die-terrorliste-neonazis-auf-keine-was-washington-europa-gerade-anbietet-ist-verfolgungswahn\\\/#primaryimage\",\"url\":\"https:\\\/\\\/i0.wp.com\\\/kaizen-blog.org\\\/wp-content\\\/uploads\\\/2026\\\/07\\\/batch_Kopie-von-Kopie-von-kaizennewsday77.webp?fit=905%2C500&ssl=1\",\"contentUrl\":\"https:\\\/\\\/i0.wp.com\\\/kaizen-blog.org\\\/wp-content\\\/uploads\\\/2026\\\/07\\\/batch_Kopie-von-Kopie-von-kaizennewsday77.webp?fit=905%2C500&ssl=1\",\"width\":905,\"height\":500},{\"@type\":\"BreadcrumbList\",\"@id\":\"https:\\\/\\\/kaizen-blog.org\\\/antifa-auf-die-terrorliste-neonazis-auf-keine-was-washington-europa-gerade-anbietet-ist-verfolgungswahn\\\/#breadcrumb\",\"itemListElement\":[{\"@type\":\"ListItem\",\"position\":1,\"name\":\"Startseite\",\"item\":\"https:\\\/\\\/kaizen-blog.org\\\/\"},{\"@type\":\"ListItem\",\"position\":2,\"name\":\"Antifa auf die Terrorliste, Neonazis auf keine: Was Washington Europa gerade anbietet, ist Verfolgungswahn\"}]},{\"@type\":\"WebSite\",\"@id\":\"https:\\\/\\\/kaizen-blog.org\\\/#website\",\"url\":\"https:\\\/\\\/kaizen-blog.org\\\/\",\"name\":\"The Kaizen Blog\",\"description\":\"Investigativer Journalismus\",\"potentialAction\":[{\"@type\":\"SearchAction\",\"target\":{\"@type\":\"EntryPoint\",\"urlTemplate\":\"https:\\\/\\\/kaizen-blog.org\\\/?s={search_term_string}\"},\"query-input\":{\"@type\":\"PropertyValueSpecification\",\"valueRequired\":true,\"valueName\":\"search_term_string\"}}],\"inLanguage\":\"en-US\"},{\"@type\":\"Person\",\"@id\":\"https:\\\/\\\/kaizen-blog.org\\\/#\\\/schema\\\/person\\\/2350bb6dc34529fb49a12895a8a76096\",\"name\":\"TEAM KAIZEN BLOG\",\"image\":{\"@type\":\"ImageObject\",\"inLanguage\":\"en-US\",\"@id\":\"https:\\\/\\\/kaizen-blog.org\\\/wp-content\\\/uploads\\\/avatars\\\/4\\\/1762994133-bpfull.jpg\",\"url\":\"https:\\\/\\\/kaizen-blog.org\\\/wp-content\\\/uploads\\\/avatars\\\/4\\\/1762994133-bpfull.jpg\",\"contentUrl\":\"https:\\\/\\\/kaizen-blog.org\\\/wp-content\\\/uploads\\\/avatars\\\/4\\\/1762994133-bpfull.jpg\",\"caption\":\"TEAM KAIZEN BLOG\"},\"url\":\"https:\\\/\\\/kaizen-blog.org\\\/en\\\/author\\\/team-kaizen-2\\\/\"}]}<\/script>\n<!-- \/ Yoast SEO plugin. -->","yoast_head_json":{"title":"Antifa auf die Terrorliste, Neonazis auf keine: Was Washington Europa gerade anbietet, ist Verfolgungswahn - The Kaizen Blog","description":"On Thursday, representatives from more than 60 countries, most of them from Europe and Latin America, gathered in Washington and listened as the U.S. secretary of state explained what he called the real terrorist threat of our time. Marco Rubio spoke of an alarming rise in left-wing political violence and of communists and Marxists whose defeat, he claimed, would determine what the future looks like. Counterterrorism, he said, had suffered from a blind spot for far too long, and he invited those in attendance to help close it.","robots":{"index":"index","follow":"follow","max-snippet":"max-snippet:-1","max-image-preview":"max-image-preview:large","max-video-preview":"max-video-preview:-1"},"canonical":"https:\/\/kaizen-blog.org\/en\/antifa-auf-die-terrorliste-neonazis-auf-keine-was-washington-europa-gerade-anbietet-ist-verfolgungswahn\/","og_locale":"en_US","og_type":"article","og_title":"Antifa auf die Terrorliste, Neonazis auf keine: Was Washington Europa gerade anbietet, ist Verfolgungswahn","og_description":"Am Donnerstag sa\u00dfen in Washington Vertreter aus mehr als 60 L\u00e4ndern beisammen, \u00fcberwiegend aus Europa und Lateinamerika, und h\u00f6rten dem amerikanischen Au\u00dfenminister zu, der ihnen die eigentliche Terrorgefahr dieser Jahre erl\u00e4uterte. Marco Rubio sprach von einem alarmierenden Anstieg linker politischer Gewalt und von Kommunisten und Marxisten, deren Niederlage dar\u00fcber entscheide, wie die Zukunft aussehe. Die Terrorabwehr habe hier bislang einen blinden Fleck gehabt, sagte er, und lud die Anwesenden ein, ihn gemeinsam zu schlie\u00dfen.","og_url":"https:\/\/kaizen-blog.org\/en\/antifa-auf-die-terrorliste-neonazis-auf-keine-was-washington-europa-gerade-anbietet-ist-verfolgungswahn\/","og_site_name":"The Kaizen Blog","article_publisher":"https:\/\/www.facebook.com\/rainer.hofmann.2025\/","article_published_time":"2026-07-16T19:38:34+00:00","article_modified_time":"2026-07-16T20:03:30+00:00","og_image":[{"width":905,"height":500,"url":"https:\/\/kaizen-blog.org\/wp-content\/uploads\/2026\/07\/batch_Kopie-von-Kopie-von-kaizennewsday77.webp","type":"image\/webp"}],"author":"TEAM KAIZEN BLOG","twitter_card":"summary_large_image","twitter_misc":{"Written by":"TEAM KAIZEN BLOG","Est. reading time":"7 minutes"},"schema":{"@context":"https:\/\/schema.org","@graph":[{"@type":"Article","@id":"https:\/\/kaizen-blog.org\/antifa-auf-die-terrorliste-neonazis-auf-keine-was-washington-europa-gerade-anbietet-ist-verfolgungswahn\/#article","isPartOf":{"@id":"https:\/\/kaizen-blog.org\/antifa-auf-die-terrorliste-neonazis-auf-keine-was-washington-europa-gerade-anbietet-ist-verfolgungswahn\/"},"author":{"name":"TEAM KAIZEN BLOG","@id":"https:\/\/kaizen-blog.org\/#\/schema\/person\/2350bb6dc34529fb49a12895a8a76096"},"headline":"Antifa auf die Terrorliste, Neonazis auf keine: Was Washington Europa gerade anbietet, ist Verfolgungswahn","datePublished":"2026-07-16T19:38:34+00:00","dateModified":"2026-07-16T20:03:30+00:00","mainEntityOfPage":{"@id":"https:\/\/kaizen-blog.org\/antifa-auf-die-terrorliste-neonazis-auf-keine-was-washington-europa-gerade-anbietet-ist-verfolgungswahn\/"},"wordCount":1558,"commentCount":6,"image":{"@id":"https:\/\/kaizen-blog.org\/antifa-auf-die-terrorliste-neonazis-auf-keine-was-washington-europa-gerade-anbietet-ist-verfolgungswahn\/#primaryimage"},"thumbnailUrl":"https:\/\/i0.wp.com\/kaizen-blog.org\/wp-content\/uploads\/2026\/07\/batch_Kopie-von-Kopie-von-kaizennewsday77.webp?fit=905%2C500&ssl=1","articleSection":["Dark America","EU News","Topstory","Trumpland"],"inLanguage":"en-US","potentialAction":[{"@type":"CommentAction","name":"Comment","target":["https:\/\/kaizen-blog.org\/antifa-auf-die-terrorliste-neonazis-auf-keine-was-washington-europa-gerade-anbietet-ist-verfolgungswahn\/#respond"]}]},{"@type":"WebPage","@id":"https:\/\/kaizen-blog.org\/antifa-auf-die-terrorliste-neonazis-auf-keine-was-washington-europa-gerade-anbietet-ist-verfolgungswahn\/","url":"https:\/\/kaizen-blog.org\/antifa-auf-die-terrorliste-neonazis-auf-keine-was-washington-europa-gerade-anbietet-ist-verfolgungswahn\/","name":"Antifa auf die Terrorliste, Neonazis auf keine: Was Washington Europa gerade anbietet, ist Verfolgungswahn - The Kaizen Blog","isPartOf":{"@id":"https:\/\/kaizen-blog.org\/#website"},"primaryImageOfPage":{"@id":"https:\/\/kaizen-blog.org\/antifa-auf-die-terrorliste-neonazis-auf-keine-was-washington-europa-gerade-anbietet-ist-verfolgungswahn\/#primaryimage"},"image":{"@id":"https:\/\/kaizen-blog.org\/antifa-auf-die-terrorliste-neonazis-auf-keine-was-washington-europa-gerade-anbietet-ist-verfolgungswahn\/#primaryimage"},"thumbnailUrl":"https:\/\/i0.wp.com\/kaizen-blog.org\/wp-content\/uploads\/2026\/07\/batch_Kopie-von-Kopie-von-kaizennewsday77.webp?fit=905%2C500&ssl=1","datePublished":"2026-07-16T19:38:34+00:00","dateModified":"2026-07-16T20:03:30+00:00","author":{"@id":"https:\/\/kaizen-blog.org\/#\/schema\/person\/2350bb6dc34529fb49a12895a8a76096"},"description":"On Thursday, representatives from more than 60 countries, most of them from Europe and Latin America, gathered in Washington and listened as the U.S. secretary of state explained what he called the real terrorist threat of our time. Marco Rubio spoke of an alarming rise in left-wing political violence and of communists and Marxists whose defeat, he claimed, would determine what the future looks like. Counterterrorism, he said, had suffered from a blind spot for far too long, and he invited those in attendance to help close it.","breadcrumb":{"@id":"https:\/\/kaizen-blog.org\/antifa-auf-die-terrorliste-neonazis-auf-keine-was-washington-europa-gerade-anbietet-ist-verfolgungswahn\/#breadcrumb"},"inLanguage":"en-US","potentialAction":[{"@type":"ReadAction","target":["https:\/\/kaizen-blog.org\/antifa-auf-die-terrorliste-neonazis-auf-keine-was-washington-europa-gerade-anbietet-ist-verfolgungswahn\/"]}]},{"@type":"ImageObject","inLanguage":"en-US","@id":"https:\/\/kaizen-blog.org\/antifa-auf-die-terrorliste-neonazis-auf-keine-was-washington-europa-gerade-anbietet-ist-verfolgungswahn\/#primaryimage","url":"https:\/\/i0.wp.com\/kaizen-blog.org\/wp-content\/uploads\/2026\/07\/batch_Kopie-von-Kopie-von-kaizennewsday77.webp?fit=905%2C500&ssl=1","contentUrl":"https:\/\/i0.wp.com\/kaizen-blog.org\/wp-content\/uploads\/2026\/07\/batch_Kopie-von-Kopie-von-kaizennewsday77.webp?fit=905%2C500&ssl=1","width":905,"height":500},{"@type":"BreadcrumbList","@id":"https:\/\/kaizen-blog.org\/antifa-auf-die-terrorliste-neonazis-auf-keine-was-washington-europa-gerade-anbietet-ist-verfolgungswahn\/#breadcrumb","itemListElement":[{"@type":"ListItem","position":1,"name":"Startseite","item":"https:\/\/kaizen-blog.org\/"},{"@type":"ListItem","position":2,"name":"Antifa auf die Terrorliste, Neonazis auf keine: Was Washington Europa gerade anbietet, ist Verfolgungswahn"}]},{"@type":"WebSite","@id":"https:\/\/kaizen-blog.org\/#website","url":"https:\/\/kaizen-blog.org\/","name":"The Kaizen Blog","description":"Investigative Journalism","potentialAction":[{"@type":"SearchAction","target":{"@type":"EntryPoint","urlTemplate":"https:\/\/kaizen-blog.org\/?s={search_term_string}"},"query-input":{"@type":"PropertyValueSpecification","valueRequired":true,"valueName":"search_term_string"}}],"inLanguage":"en-US"},{"@type":"Person","@id":"https:\/\/kaizen-blog.org\/#\/schema\/person\/2350bb6dc34529fb49a12895a8a76096","name":"TEAM KAIZEN BLOG","image":{"@type":"ImageObject","inLanguage":"en-US","@id":"https:\/\/kaizen-blog.org\/wp-content\/uploads\/avatars\/4\/1762994133-bpfull.jpg","url":"https:\/\/kaizen-blog.org\/wp-content\/uploads\/avatars\/4\/1762994133-bpfull.jpg","contentUrl":"https:\/\/kaizen-blog.org\/wp-content\/uploads\/avatars\/4\/1762994133-bpfull.jpg","caption":"TEAM KAIZEN BLOG"},"url":"https:\/\/kaizen-blog.org\/en\/author\/team-kaizen-2\/"}]}},"jetpack_sharing_enabled":true,"jetpack-related-posts":[{"id":7650,"url":"https:\/\/kaizen-blog.org\/en\/ein-gefaehrliches-spiel-mit-der-wirtschaft-trumps-eu-zoelle-und-die-drohende-spaltung-des-welthandels\/","url_meta":{"origin":41424,"position":0},"title":"A Dangerous Game with the Economy \u2013 Trump's EU Tariffs and the Looming Fragmentation of Global Trade","author":"Rainer Hofmann","date":"6. July 2025","format":false,"excerpt":"Frankfurt \u2013 Es ist die gr\u00f6\u00dfte Handelsbeziehung der Welt \u2013 und sie steht am Abgrund. Am Montag will die Europ\u00e4ische Union erfahren, ob US-Pr\u00e4sident Donald Trump seine angedrohten Strafz\u00f6lle auf europ\u00e4ische Produkte wahr macht. Die Entscheidung k\u00f6nnte die wirtschaftlichen Beziehungen zwischen den USA und Europa tief ersch\u00fcttern \u2013 mit massiven\u2026","rel":"","context":"In &quot;Social &amp; Politics&quot;","block_context":{"text":"Social &amp; Politics","link":"https:\/\/kaizen-blog.org\/en\/category\/us-business\/"},"img":{"alt_text":"","src":"https:\/\/i0.wp.com\/kaizen-blog.org\/wp-content\/uploads\/2025\/07\/eutrade.webp?fit=900%2C508&ssl=1&resize=350%2C200","width":350,"height":200,"srcset":"https:\/\/i0.wp.com\/kaizen-blog.org\/wp-content\/uploads\/2025\/07\/eutrade.webp?fit=900%2C508&ssl=1&resize=350%2C200 1x, https:\/\/i0.wp.com\/kaizen-blog.org\/wp-content\/uploads\/2025\/07\/eutrade.webp?fit=900%2C508&ssl=1&resize=525%2C300 1.5x, https:\/\/i0.wp.com\/kaizen-blog.org\/wp-content\/uploads\/2025\/07\/eutrade.webp?fit=900%2C508&ssl=1&resize=700%2C400 2x"},"classes":[]},{"id":479,"url":"https:\/\/kaizen-blog.org\/en\/artikel-72-ein-schutzschild-gegen-menschlichkeit-article-72-a-shield-against-humanity\/","url_meta":{"origin":41424,"position":1},"title":"Article 72: A Shield Against Humanity","author":"Rainer Hofmann","date":"11. May 2025","format":false,"excerpt":"Wie Europa seine Grenzen abschottet und dabei die Menschenrechte opfert Es beginnt mit einem Paragrafen \u2013 einem juristischen Text, der nichts von der K\u00e4lte verr\u00e4t, die er in die Welt bringt. Artikel 72 des Vertrags \u00fcber die Arbeitsweise der Europ\u00e4ischen Union (AEUV) ist ein Satz aus juristischen Formeln, n\u00fcchtern und\u2026","rel":"","context":"In &quot;EU News&quot;","block_context":{"text":"EU News","link":"https:\/\/kaizen-blog.org\/en\/category\/eu-news\/"},"img":{"alt_text":"","src":"https:\/\/i0.wp.com\/kaizen-blog.org\/wp-content\/uploads\/2025\/05\/artikel72-eu-kaizen-blog.webp?fit=990%2C496&ssl=1&resize=350%2C200","width":350,"height":200,"srcset":"https:\/\/i0.wp.com\/kaizen-blog.org\/wp-content\/uploads\/2025\/05\/artikel72-eu-kaizen-blog.webp?fit=990%2C496&ssl=1&resize=350%2C200 1x, https:\/\/i0.wp.com\/kaizen-blog.org\/wp-content\/uploads\/2025\/05\/artikel72-eu-kaizen-blog.webp?fit=990%2C496&ssl=1&resize=525%2C300 1.5x, https:\/\/i0.wp.com\/kaizen-blog.org\/wp-content\/uploads\/2025\/05\/artikel72-eu-kaizen-blog.webp?fit=990%2C496&ssl=1&resize=700%2C400 2x"},"classes":[]},{"id":29071,"url":"https:\/\/kaizen-blog.org\/en\/der-groenland-moment-wie-europa-in-muenchen-lernt-ohne-amerika-zu-planen\/","url_meta":{"origin":41424,"position":2},"title":"The \u201cGreenland Moment\u201d - How Europe in Munich Learns to Plan Without America","author":"Rainer Hofmann","date":"14. February 2026","format":false,"excerpt":"Vor einem Jahr stand auf derselben B\u00fchne der M\u00fcnchner Sicherheitskonferenz ein amerikanischer Vizepr\u00e4sident, der Europa offen belehrte, br\u00fcskierte und ideologisch attackierte. Die Rede von JD Vance markierte damals den Beginn einer Phase, in der das transatlantische Verh\u00e4ltnis nicht nur politisch, sondern atmosph\u00e4risch zerfiel. Handelsstreit, Spott, offene Verachtung, Drohungen gegen\u00fcber Verb\u00fcndeten\u2026","rel":"","context":"In &quot;EU News&quot;","block_context":{"text":"EU News","link":"https:\/\/kaizen-blog.org\/en\/category\/eu-news\/"},"img":{"alt_text":"","src":"https:\/\/i0.wp.com\/kaizen-blog.org\/wp-content\/uploads\/2026\/02\/kaizennewsday-2026-02-14T045513.752.webp?fit=905%2C500&ssl=1&resize=350%2C200","width":350,"height":200,"srcset":"https:\/\/i0.wp.com\/kaizen-blog.org\/wp-content\/uploads\/2026\/02\/kaizennewsday-2026-02-14T045513.752.webp?fit=905%2C500&ssl=1&resize=350%2C200 1x, https:\/\/i0.wp.com\/kaizen-blog.org\/wp-content\/uploads\/2026\/02\/kaizennewsday-2026-02-14T045513.752.webp?fit=905%2C500&ssl=1&resize=525%2C300 1.5x, https:\/\/i0.wp.com\/kaizen-blog.org\/wp-content\/uploads\/2026\/02\/kaizennewsday-2026-02-14T045513.752.webp?fit=905%2C500&ssl=1&resize=700%2C400 2x"},"classes":[]},{"id":29139,"url":"https:\/\/kaizen-blog.org\/en\/als-amerika-zoegert-ruestet-europa-innerlich-auf-muenchen-zwischen-russland-trump-und-der-angst-vor-einem-falschen-frieden\/","url_meta":{"origin":41424,"position":3},"title":"As America Hesitates, Europe Arms Itself Internally - Munich Between Russia, Trump and the Fear of a False Peace","author":"Rainer Hofmann","date":"15. February 2026","format":false,"excerpt":"Vor vier Jahren reisten amerikanische Regierungsvertreter mit Satellitenbildern und abgefangenen Funkspr\u00fcchen nach M\u00fcnchen. Sie warnten vor einem unmittelbar bevorstehenden russischen Angriff auf die Ukraine. Viele europ\u00e4ische Spitzenpolitiker winkten ab. Wladimir Putin bluffe, hie\u00df es damals. Wenige Tage sp\u00e4ter begann der Krieg, der nun in sein f\u00fcnftes Jahr geht. In diesem\u2026","rel":"","context":"In &quot;EU News&quot;","block_context":{"text":"EU News","link":"https:\/\/kaizen-blog.org\/en\/category\/eu-news\/"},"img":{"alt_text":"","src":"https:\/\/i0.wp.com\/kaizen-blog.org\/wp-content\/uploads\/2026\/02\/kaizennewsday-2026-02-15T041352.281.webp?fit=905%2C500&ssl=1&resize=350%2C200","width":350,"height":200,"srcset":"https:\/\/i0.wp.com\/kaizen-blog.org\/wp-content\/uploads\/2026\/02\/kaizennewsday-2026-02-15T041352.281.webp?fit=905%2C500&ssl=1&resize=350%2C200 1x, https:\/\/i0.wp.com\/kaizen-blog.org\/wp-content\/uploads\/2026\/02\/kaizennewsday-2026-02-15T041352.281.webp?fit=905%2C500&ssl=1&resize=525%2C300 1.5x, https:\/\/i0.wp.com\/kaizen-blog.org\/wp-content\/uploads\/2026\/02\/kaizennewsday-2026-02-15T041352.281.webp?fit=905%2C500&ssl=1&resize=700%2C400 2x"},"classes":[]},{"id":817,"url":"https:\/\/kaizen-blog.org\/en\/trumps-zolloffensive-bremst-europas-wirtschaft-trumps-tariff-offensive-slows-europes-economy\/","url_meta":{"origin":41424,"position":4},"title":"Trump's Tariff Offensive Slows Europe's Economy","author":"Rainer Hofmann","date":"19. May 2025","format":false,"excerpt":"Deutschland am Rande der Stagnation. Es ist ein leiser Donner, das sich durch die europ\u00e4ischen M\u00e4rkte zieht \u2013 keine Katastrophe, keine Panik, aber eine sp\u00fcrbare K\u00fchle. Es ist der kalte Hauch protektionistischer Politik, der aus Washington \u00fcber den Atlantik weht. US-Pr\u00e4sident Donald Trump, ein Meister der Eskalation, hat die Z\u00f6lle\u2026","rel":"","context":"In &quot;EU News&quot;","block_context":{"text":"EU News","link":"https:\/\/kaizen-blog.org\/en\/category\/eu-news\/"},"img":{"alt_text":"","src":"https:\/\/i0.wp.com\/kaizen-blog.org\/wp-content\/uploads\/2025\/05\/trumps-tariffs-europe-kaizen-blog.webp?fit=1000%2C500&ssl=1&resize=350%2C200","width":350,"height":200,"srcset":"https:\/\/i0.wp.com\/kaizen-blog.org\/wp-content\/uploads\/2025\/05\/trumps-tariffs-europe-kaizen-blog.webp?fit=1000%2C500&ssl=1&resize=350%2C200 1x, https:\/\/i0.wp.com\/kaizen-blog.org\/wp-content\/uploads\/2025\/05\/trumps-tariffs-europe-kaizen-blog.webp?fit=1000%2C500&ssl=1&resize=525%2C300 1.5x, https:\/\/i0.wp.com\/kaizen-blog.org\/wp-content\/uploads\/2025\/05\/trumps-tariffs-europe-kaizen-blog.webp?fit=1000%2C500&ssl=1&resize=700%2C400 2x"},"classes":[]},{"id":1055,"url":"https:\/\/kaizen-blog.org\/en\/blutige-botschaft-das-attentat-am-juedischen-museum-von-washington-bloody-message-the-attack-at-the-jewish-museum-in-washington\/","url_meta":{"origin":41424,"position":5},"title":"Bloody Message \u2013 The Attack at the Jewish Museum in Washington","author":"Rainer Hofmann","date":"22. May 2025","format":false,"excerpt":"Es war ein lauer Maiabend in Washington, ein Abend, der h\u00e4tte enden sollen mit Wein, Gespr\u00e4chen und Hoffnung. Stattdessen endete er mit zwei t\u00f6dlichen Sch\u00fcssen. Zwei junge Menschen, Sarah Milgrim und Yaron Lischinsky, wurden vor dem Capital Jewish Museum erschossen \u2013 von einem Mann, der \u201eFree, free Palestine\u201c rief, als\u2026","rel":"","context":"In &quot;Topstory&quot;","block_context":{"text":"Topstory","link":"https:\/\/kaizen-blog.org\/en\/category\/topstory\/"},"img":{"alt_text":"","src":"https:\/\/i0.wp.com\/kaizen-blog.org\/wp-content\/uploads\/2025\/05\/attentat-washington.webp?fit=992%2C504&ssl=1&resize=350%2C200","width":350,"height":200,"srcset":"https:\/\/i0.wp.com\/kaizen-blog.org\/wp-content\/uploads\/2025\/05\/attentat-washington.webp?fit=992%2C504&ssl=1&resize=350%2C200 1x, https:\/\/i0.wp.com\/kaizen-blog.org\/wp-content\/uploads\/2025\/05\/attentat-washington.webp?fit=992%2C504&ssl=1&resize=525%2C300 1.5x, https:\/\/i0.wp.com\/kaizen-blog.org\/wp-content\/uploads\/2025\/05\/attentat-washington.webp?fit=992%2C504&ssl=1&resize=700%2C400 2x"},"classes":[]}],"jetpack_featured_media_url":"https:\/\/i0.wp.com\/kaizen-blog.org\/wp-content\/uploads\/2026\/07\/batch_Kopie-von-Kopie-von-kaizennewsday77.webp?fit=905%2C500&ssl=1","_links":{"self":[{"href":"https:\/\/kaizen-blog.org\/en\/wp-json\/wp\/v2\/posts\/41424","targetHints":{"allow":["GET"]}}],"collection":[{"href":"https:\/\/kaizen-blog.org\/en\/wp-json\/wp\/v2\/posts"}],"about":[{"href":"https:\/\/kaizen-blog.org\/en\/wp-json\/wp\/v2\/types\/post"}],"author":[{"embeddable":true,"href":"https:\/\/kaizen-blog.org\/en\/wp-json\/wp\/v2\/users\/4"}],"replies":[{"embeddable":true,"href":"https:\/\/kaizen-blog.org\/en\/wp-json\/wp\/v2\/comments?post=41424"}],"version-history":[{"count":0,"href":"https:\/\/kaizen-blog.org\/en\/wp-json\/wp\/v2\/posts\/41424\/revisions"}],"wp:featuredmedia":[{"embeddable":true,"href":"https:\/\/kaizen-blog.org\/en\/wp-json\/wp\/v2\/media\/41427"}],"wp:attachment":[{"href":"https:\/\/kaizen-blog.org\/en\/wp-json\/wp\/v2\/media?parent=41424"}],"wp:term":[{"taxonomy":"category","embeddable":true,"href":"https:\/\/kaizen-blog.org\/en\/wp-json\/wp\/v2\/categories?post=41424"},{"taxonomy":"post_tag","embeddable":true,"href":"https:\/\/kaizen-blog.org\/en\/wp-json\/wp\/v2\/tags?post=41424"}],"curies":[{"name":"wp","href":"https:\/\/api.w.org\/{rel}","templated":true}]}}