{"id":37908,"date":"2026-06-05T03:59:58","date_gmt":"2026-06-05T02:59:58","guid":{"rendered":"https:\/\/kaizen-blog.org\/?p=37908"},"modified":"2026-06-05T04:00:01","modified_gmt":"2026-06-05T03:00:01","slug":"kennedy-zentrum-donald-trump-oder-die-geschichte-der-kurze-unsterblichkeit","status":"publish","type":"post","link":"https:\/\/kaizen-blog.org\/en\/kennedy-zentrum-donald-trump-oder-die-geschichte-der-kurze-unsterblichkeit\/","title":{"rendered":"The Kennedy Center: Donald Trump or the History of Brief Immortality"},"content":{"rendered":"<h3 class=\"wp-block-heading\"><strong>One week after a ruling declared his name had been added unlawfully, the Kennedy Center is removing the president\u2019s traces, and it must be completed by June 12!<\/strong><\/h3>\n\n\n\n<figure class=\"wp-block-image alignwide size-full\"><img data-recalc-dims=\"1\" fetchpriority=\"high\" decoding=\"async\" width=\"640\" height=\"354\" src=\"https:\/\/i0.wp.com\/kaizen-blog.org\/wp-content\/uploads\/2026\/06\/batch_kaizennewsday-2026-06-05T031427.022.webp?resize=640%2C354&#038;ssl=1\" alt=\"\" class=\"wp-image-37912\" srcset=\"https:\/\/i0.wp.com\/kaizen-blog.org\/wp-content\/uploads\/2026\/06\/batch_kaizennewsday-2026-06-05T031427.022.webp?w=905&amp;ssl=1 905w, https:\/\/i0.wp.com\/kaizen-blog.org\/wp-content\/uploads\/2026\/06\/batch_kaizennewsday-2026-06-05T031427.022.webp?resize=18%2C10&amp;ssl=1 18w, https:\/\/i0.wp.com\/kaizen-blog.org\/wp-content\/uploads\/2026\/06\/batch_kaizennewsday-2026-06-05T031427.022.webp?resize=300%2C166&amp;ssl=1 300w, https:\/\/i0.wp.com\/kaizen-blog.org\/wp-content\/uploads\/2026\/06\/batch_kaizennewsday-2026-06-05T031427.022.webp?resize=768%2C424&amp;ssl=1 768w\" sizes=\"(max-width: 640px) 100vw, 640px\" \/><\/figure>\n\n\n\n<div style=\"height:20px\" aria-hidden=\"true\" class=\"wp-block-spacer\"><\/div>\n\n\n\n<p class=\"wp-block-paragraph\">Washington, D.C. \u2013 The Kennedy Center has begun removing the president\u2019s name again, one week after a federal court ruled that Donald Trump\u2019s name had been attached to the performing arts institution unlawfully. It is a rare event, immortality with an expiration date. By June 12, according to a memo from the institution\u2019s legal department sent to staff, email signatures, letterheads, and all other documents must once again carry the name that had been there from the beginning, the John F. Kennedy Center for the Performing Arts, or simply the Kennedy Center. The kingdom of the added name, it turns out, extended in the end as far as the email signature and not one step further. One should consider the entire process in all of its peculiar character. A building dedicated to the memory of a former president who was killed in office was overwritten by a living president with his own name. <\/p>\n\n\n\n<p class=\"has-medium-font-size wp-block-paragraph\"><strong>The memory of one man was meant to serve the glory of another, and a court brought that to an end by stating something that should never have required a ruling at all, that you cannot simply write your own name onto someone else\u2019s building.<\/strong><\/p>\n\n\n\n<figure class=\"wp-block-image alignwide size-full\"><img data-recalc-dims=\"1\" decoding=\"async\" width=\"640\" height=\"354\" src=\"https:\/\/i0.wp.com\/kaizen-blog.org\/wp-content\/uploads\/2026\/06\/batch_kaizennewsday-2026-06-05T030443.234.webp?resize=640%2C354&#038;ssl=1\" alt=\"\" class=\"wp-image-37910\" srcset=\"https:\/\/i0.wp.com\/kaizen-blog.org\/wp-content\/uploads\/2026\/06\/batch_kaizennewsday-2026-06-05T030443.234.webp?w=905&amp;ssl=1 905w, https:\/\/i0.wp.com\/kaizen-blog.org\/wp-content\/uploads\/2026\/06\/batch_kaizennewsday-2026-06-05T030443.234.webp?resize=18%2C10&amp;ssl=1 18w, https:\/\/i0.wp.com\/kaizen-blog.org\/wp-content\/uploads\/2026\/06\/batch_kaizennewsday-2026-06-05T030443.234.webp?resize=300%2C166&amp;ssl=1 300w, https:\/\/i0.wp.com\/kaizen-blog.org\/wp-content\/uploads\/2026\/06\/batch_kaizennewsday-2026-06-05T030443.234.webp?resize=768%2C424&amp;ssl=1 768w\" sizes=\"(max-width: 640px) 100vw, 640px\" \/><\/figure>\n\n\n\n<div style=\"height:20px\" aria-hidden=\"true\" class=\"wp-block-spacer\"><\/div>\n\n\n\n<p class=\"wp-block-paragraph\">How one accompanies the inevitable is reflected in the institution\u2019s statement. The center would comply with the court\u2019s order, said Roma Daravi, who oversees public affairs for the institution, while also reviewing all legal options to \u201cpreserve this renewal and honor President Trump\u2019s leadership.\u201d It is the subtle art of removing a name with one hand while praising it with the other, obeying the ruling and in the same breath searching for ways to escape it anyway. Obedience disguised as admiration obeys only halfway.<\/p>\n\n\n\n<p class=\"wp-block-paragraph\">The ruling of May 29 concerned more than the name alone. It also prohibited the administration from closing the arts and cultural institution for extensive renovations that had been scheduled to begin in July. Hours later, Trump declared that he was withdrawing from the project and making arrangements to transfer oversight of the institution back to Congress, the same institution that until his second term had been the John F. Kennedy Center for the Performing Arts and now once again is. As quickly as the name had arrived, the plan intended to carry it disappeared as well.<\/p>\n\n\n\n<figure class=\"wp-block-image alignwide size-full\"><img data-recalc-dims=\"1\" decoding=\"async\" width=\"640\" height=\"354\" src=\"https:\/\/i0.wp.com\/kaizen-blog.org\/wp-content\/uploads\/2026\/06\/batch_kaizennewsday-2026-06-05T030518.389.webp?resize=640%2C354&#038;ssl=1\" alt=\"\" class=\"wp-image-37909\" srcset=\"https:\/\/i0.wp.com\/kaizen-blog.org\/wp-content\/uploads\/2026\/06\/batch_kaizennewsday-2026-06-05T030518.389.webp?w=905&amp;ssl=1 905w, https:\/\/i0.wp.com\/kaizen-blog.org\/wp-content\/uploads\/2026\/06\/batch_kaizennewsday-2026-06-05T030518.389.webp?resize=18%2C10&amp;ssl=1 18w, https:\/\/i0.wp.com\/kaizen-blog.org\/wp-content\/uploads\/2026\/06\/batch_kaizennewsday-2026-06-05T030518.389.webp?resize=300%2C166&amp;ssl=1 300w, https:\/\/i0.wp.com\/kaizen-blog.org\/wp-content\/uploads\/2026\/06\/batch_kaizennewsday-2026-06-05T030518.389.webp?resize=768%2C424&amp;ssl=1 768w\" sizes=\"(max-width: 640px) 100vw, 640px\" \/><\/figure>\n\n\n\n<div style=\"height:20px\" aria-hidden=\"true\" class=\"wp-block-spacer\"><\/div>\n\n\n\n<p class=\"wp-block-paragraph\">What remains is the question of what a name on a building actually is. It is the desire to borrow the permanence of the structure, to remain in memory by attaching oneself to what already remains. But being remembered cannot simply be installed, it must be earned, and what power writes onto stone, law can remove again. Kennedy\u2019s name stands there because he came to represent something. The added name lasted only as long as the ink and the patience of the courts allowed. It is the same man who elsewhere wants a triumphal arch built in his own honor, and here he is learning the difference between an honor one receives and one one takes for oneself. The first outlives the person. The second comes with a date by which it must be removed, and in this case it reads: by June 12.<\/p>\n\n\n\n<div style=\"height:25px\" aria-hidden=\"true\" class=\"wp-block-spacer\"><\/div>\n\n\n\n<div class=\"kz-ad-root\">\n<style>\n@import url('https:\/\/fonts.googleapis.com\/css2?family=Bebas+Neue&family=Source+Sans+3:ital,wght@0,400;0,700;1,400&display=swap');\n\n.kz-ad-root { \n  margin: 28px 0; \n}\n\n.kz-ad {\n  font-family: 'Source Sans 3', 'Segoe UI', Arial, sans-serif;\n  background: #ffffff;\n  border: 1px solid #DEDEDE;\n  border-radius: 4px;\n  overflow: hidden;\n  max-width: 100%;\n  box-sizing: border-box;\n}\n\n.kz-top {\n  background: #111111;\n  padding: 12px 18px;\n  display: flex;\n  align-items: center;\n  gap: 10px;\n}\n\n.kz-eyebrow-line {\n  width: 22px;\n  height: 2px;\n  background: #007BFF;\n  flex-shrink: 0;\n}\n\n.kz-badge {\n  font-size: 13px;\n  font-weight: 700;\n  letter-spacing: 0.14em;\n  text-transform: uppercase;\n  color: #ffffff;\n}\n\n.kz-inner {\n  padding: 22px 18px 20px;\n}\n\n.kz-headline {\n  font-family: 'Bebas Neue', Impact, Arial Narrow, sans-serif;\n  font-size: 2.4rem;\n  font-weight: 400;\n  color: #111111;\n  line-height: 1.1;\n  margin: 0 0 16px 0;\n  letter-spacing: 0.03em;\n}\n\n.kz-text {\n  font-size: 1.05rem;\n  line-height: 1.75;\n  color: #333333;\n  margin: 0 0 16px 0;\n}\n\n.kz-callout {\n  font-size: 1.05rem;\n  line-height: 1.65;\n  color: #111111;\n  font-weight: 700;\n  border-left: 3px solid #007BFF;\n  padding: 12px 14px;\n  margin: 0 0 22px 0;\n  background: #F7FBFF;\n  border-radius: 0 2px 2px 0;\n}\n\n.kz-btn {\n  display: flex;\n  align-items: center;\n  justify-content: center;\n  gap: 9px;\n  width: 100%;\n  box-sizing: border-box;\n  padding: 16px 20px;\n  background: #007BFF;\n  color: #ffffff;\n  font-family: 'Source Sans 3', sans-serif;\n  font-weight: 700;\n  font-size: 1.1rem;\n  text-decoration: none;\n  border-radius: 2px;\n  transition: background 0.18s, transform 0.15s;\n  letter-spacing: 0.03em;\n  text-transform: uppercase;\n  margin-bottom: 16px;\n}\n\n.kz-btn:hover {\n  background: #005ED9;\n  transform: translateY(-1px);\n}\n\n.kz-btn svg { \n  transition: transform 0.18s; \n}\n\n.kz-btn:hover svg { \n  transform: translateX(3px); \n}\n\n.kz-footer {\n  display: flex;\n  align-items: center;\n  justify-content: center;\n  padding-bottom: 2px;\n}\n\n.kz-more {\n  font-size: 1.05rem;\n  color: #444444;\n  text-decoration: none;\n  transition: color 0.15s, border-color 0.15s;\n  font-style: italic;\n  border-bottom: 1px solid #CCCCCC;\n  padding-bottom: 2px;\n}\n\n.kz-more:hover { \n  color: #007BFF; \n  border-color: #007BFF; \n}\n\n@media (min-width: 540px) {\n\n  .kz-inner { \n    padding: 24px 26px 22px; \n  }\n\n  .kz-headline { \n    font-size: 2.8rem; \n  }\n\n  .kz-btn {\n    width: auto;\n    display: inline-flex;\n    padding: 15px 36px;\n  }\n\n  .kz-btn-wrap {\n    display: flex;\n    align-items: center;\n    justify-content: space-between;\n    gap: 16px;\n  }\n\n  .kz-footer {\n    justify-content: flex-end;\n  }\n}\n<\/style>\n\n<div class=\"kz-ad\">\n\n<div class=\"kz-top\">\n<div class=\"kz-eyebrow-line\"><\/div>\n\n<span class=\"kz-badge\">\nIndependent Journalism \u00b7 Kaizen Blog\n<\/span>\n<\/div>\n\n<div class=\"kz-inner\">\n\n<h3 class=\"kz-headline\">\nWe are where,<br>it hurts\n<\/h3>\n\n<p class=\"kz-text\">\nWe do not sit comfortably indoors writing about the world - and we do not stop once the writing ends. Our help goes where it is needed. We are a small team. No investors, no millionaires, no giant newsroom behind us. What we do have is heart, determination, and the commitment to expose the things many others prefer to overlook. If you want this work to continue, support Kaizen Blog.\n<\/p>\n\n<div class=\"kz-callout\">\nOur work survives because of those who pay attention - and who stand up for making that possible.\n<\/div>\n\n<div class=\"kz-btn-wrap\">\n\n<a class=\"kz-btn\" href=\"https:\/\/buy.stripe.com\/bJe5kD0KYggG04A2Pw3VC01\" target=\"_blank\" rel=\"noopener\">\nMake Kaizen possible\n\n<svg width=\"17\" height=\"17\" viewbox=\"0 0 14 14\" fill=\"none\">\n<path d=\"M2 7h10M8 3l4 4-4 4\" stroke=\"#fff\" stroke-width=\"1.8\" stroke-linecap=\"round\" stroke-linejoin=\"round\"><\/path>\n<\/svg>\n<\/a>\n\n<div class=\"kz-footer\">\n<a class=\"kz-more\" href=\"https:\/\/kaizen-blog.org\/en\/unterstuetzen-sie-unser-arbeit\/\" target=\"_blank\" rel=\"noopener\">\nAbout our work \u2192\n<\/a>\n<\/div>\n\n<\/div>\n\n<\/div>\n<\/div>\n<\/div>\n\n\n\n\n<div style=\"height:30px\" aria-hidden=\"true\" class=\"wp-block-spacer\"><\/div>\n\n\n\n<div class=\"kb-news-update-box\" style=\"    max-width: 650px;    margin: 2rem auto;    padding: 1.25rem 1.5rem;    border-radius: 12px;    border: 1px solid rgba(120,120,120,0.4);    background: rgba(15,15,20,0.03);    backdrop-filter: blur(4px);    font-family: system-ui, -apple-system, BlinkMacSystemFont, 'Segoe UI', sans-serif;\">\n  <style>\n    @media (prefers-color-scheme: dark) {\n      .kb-news-update-box {\n        background: rgba(15,15,20,0.9) !important;\n        border-color: rgba(160,160,160,0.4) !important;\n      }\n      .kb-news-update-box h3 {\n        color: #f5f5f5 !important;\n      }\n      .kb-news-update-box p {\n        color: #e0e0e0 !important;\n      }\n      .kb-news-update-box a.kb-news-link {\n        color: #ffb347 !important;\n        border-color: rgba(255,179,71,0.4) !important;\n      }\n      .kb-news-update-box a.kb-news-link:hover {\n        background: rgba(255,179,71,0.12) !important;\n      }\n    }\n  <\/style>\n\n  <h3 style=\"      margin: 0 0 0.5rem 0;      font-size: 1.15rem;      letter-spacing: 0.02em;      text-transform: uppercase;  \">\n    Updates \u2013 Kaizen News Brief\n  <\/h3>\n\n  <p style=\"      margin: 0 0 0.9rem 0;      font-size: 0.95rem;      line-height: 1.5;  \">\n    All current curated daily updates can be found in the Kaizen News Brief. \n  <\/p>\n\n  <!-- Deutscher Button -->\n  <a class=\"kb-news-link\" href=\"https:\/\/kaizen-blog.org\/en\/05-juni-2026-kurznachrichten\/\" style=\"      display: inline-flex;      align-items: center;      gap: 0.4rem;      padding: 0.45rem 0.9rem;      border-radius: 999px;      border: 1px solid rgba(0,0,0,0.12);      font-size: 0.9rem;      text-decoration: none;      color: #004b8d;      transition: background 0.15s ease, transform 0.1s ease, border-color 0.15s ease;      margin-bottom: 0.5rem;      margin-right: 0.4rem;  \">\n    <span style=\"font-weight: 600;\">To the Kaizen News Brief<\/span>\n    <span aria-hidden=\"true\" style=\"font-size: 1.1rem;\">\u2197<\/span>\n  <\/a>\n\n  <!-- Englischer Button -->\n  <a class=\"kb-news-link\" href=\"https:\/\/kaizen-blog.org\/en\/05-juni-2026-kurznachrichten\/\" style=\"      display: inline-flex;      align-items: center;      gap: 0.4rem;      padding: 0.45rem 0.9rem;      border-radius: 999px;      border: 1px solid rgba(0,0,0,0.12);      font-size: 0.9rem;      text-decoration: none;      color: #004b8d;      transition: background 0.15s ease, transform 0.1s ease, border-color 0.15s ease;  \">\n    <span style=\"font-weight: 600;\">In English<\/span>\n    <span aria-hidden=\"true\" style=\"font-size: 1.1rem;\">\u2197<\/span>\n  <\/a>\n\n<\/div>\n\n\n\n\n<div style=\"height:100px\" aria-hidden=\"true\" class=\"wp-block-spacer\"><\/div>\n<div class=\"gsp_post_data\" \r\n\t            data-post_type=\"post\" \r\n\t            data-cat=\"rights-living,topstory,trump-s-world\" \r\n\t            data-modified=\"120\"\r\n\t            data-created=\"1780631998\"\r\n\t            data-title=\"Kennedy-Zentrum: Donald Trump oder die Geschichte der kurze Unsterblichkeit\" \r\n\t            data-home=\"https:\/\/kaizen-blog.org\/en\/\"><\/div>","protected":false},"excerpt":{"rendered":"<p>Eine Woche nach dem Urteil, das seinen Namen f\u00fcr unrechtm\u00e4\u00dfig hinzugef\u00fcgt erkl\u00e4rt, tilgt das Kennedy-Zentrum die Spuren des Pr\u00e4sidenten, und zwar bis zum 12. Juni! Washington D.C. &#8211; Das Kennedy-Zentrum hat begonnen, den Namen des Pr\u00e4sidenten wieder zu entfernen, eine Woche nachdem ein Bundesgericht entschieden hat, dass Donald Trumps Name dem Haus f\u00fcr die darstellenden [&hellip;]<\/p>\n","protected":false},"author":1,"featured_media":37909,"comment_status":"open","ping_status":"open","sticky":false,"template":"","format":"standard","meta":{"_jetpack_newsletter_access":"","_jetpack_dont_email_post_to_subs":false,"_jetpack_newsletter_tier_id":0,"_jetpack_memberships_contains_paywalled_content":false,"iawp_total_views":0,"_jetpack_feature_clip_id":0,"_jetpack_memberships_contains_paid_content":false,"footnotes":"","jetpack_post_was_ever_published":false},"categories":[50,7,41],"tags":[],"class_list":["post-37908","post","type-post","status-publish","format-standard","has-post-thumbnail","hentry","category-rights-living","category-topstory","category-trump-s-world"],"yoast_head":"<!-- This site is optimized with the Yoast SEO plugin v28.4 - https:\/\/yoast.com\/product\/yoast-seo-wordpress\/ -->\n<title>Kennedy-Zentrum: Donald Trump oder die Geschichte der kurze Unsterblichkeit - The Kaizen Blog<\/title>\n<meta name=\"description\" content=\"Eine Woche nach dem Urteil, das seinen Namen f\u00fcr unrechtm\u00e4\u00dfig hinzugef\u00fcgt erkl\u00e4rt, tilgt das Kennedy-Zentrum die Spuren des Pr\u00e4sidenten, und zwar bis zum 12. Juni!\" \/>\n<meta name=\"robots\" content=\"index, follow, max-snippet:-1, max-image-preview:large, max-video-preview:-1\" \/>\n<link rel=\"canonical\" href=\"https:\/\/kaizen-blog.org\/en\/kennedy-zentrum-donald-trump-oder-die-geschichte-der-kurze-unsterblichkeit\/\" \/>\n<meta property=\"og:locale\" content=\"en_US\" \/>\n<meta property=\"og:type\" content=\"article\" \/>\n<meta property=\"og:title\" content=\"Kennedy-Zentrum: Donald Trump oder die Geschichte der kurze Unsterblichkeit\" \/>\n<meta property=\"og:description\" content=\"Eine Woche nach dem Urteil, das seinen Namen f\u00fcr unrechtm\u00e4\u00dfig hinzugef\u00fcgt erkl\u00e4rt, tilgt das Kennedy-Zentrum die Spuren des Pr\u00e4sidenten, und zwar bis zum 12. Juni!\" \/>\n<meta property=\"og:url\" content=\"https:\/\/kaizen-blog.org\/en\/kennedy-zentrum-donald-trump-oder-die-geschichte-der-kurze-unsterblichkeit\/\" \/>\n<meta property=\"og:site_name\" content=\"The Kaizen Blog\" \/>\n<meta property=\"article:publisher\" content=\"https:\/\/www.facebook.com\/rainer.hofmann.2025\/\" \/>\n<meta property=\"article:published_time\" content=\"2026-06-05T02:59:58+00:00\" \/>\n<meta property=\"article:modified_time\" content=\"2026-06-05T03:00:01+00:00\" \/>\n<meta property=\"og:image\" content=\"https:\/\/kaizen-blog.org\/wp-content\/uploads\/2026\/06\/batch_kaizennewsday-2026-06-05T030518.389.webp\" \/>\n\t<meta property=\"og:image:width\" content=\"905\" \/>\n\t<meta property=\"og:image:height\" content=\"500\" \/>\n\t<meta property=\"og:image:type\" content=\"image\/webp\" \/>\n<meta name=\"author\" content=\"Rainer Hofmann\" \/>\n<meta name=\"twitter:card\" content=\"summary_large_image\" \/>\n<meta name=\"twitter:label1\" content=\"Written by\" \/>\n\t<meta name=\"twitter:data1\" content=\"Rainer Hofmann\" \/>\n\t<meta name=\"twitter:label2\" content=\"Est. reading time\" \/>\n\t<meta name=\"twitter:data2\" content=\"5 minutes\" \/>\n<script type=\"application\/ld+json\" class=\"yoast-schema-graph\">{\"@context\":\"https:\\\/\\\/schema.org\",\"@graph\":[{\"@type\":\"Article\",\"@id\":\"https:\\\/\\\/kaizen-blog.org\\\/kennedy-zentrum-donald-trump-oder-die-geschichte-der-kurze-unsterblichkeit\\\/#article\",\"isPartOf\":{\"@id\":\"https:\\\/\\\/kaizen-blog.org\\\/kennedy-zentrum-donald-trump-oder-die-geschichte-der-kurze-unsterblichkeit\\\/\"},\"author\":{\"name\":\"Rainer Hofmann\",\"@id\":\"https:\\\/\\\/kaizen-blog.org\\\/#\\\/schema\\\/person\\\/7d3fc7346e2501a389ea3daa48b99ad0\"},\"headline\":\"Kennedy-Zentrum: Donald Trump oder die Geschichte der kurze Unsterblichkeit\",\"datePublished\":\"2026-06-05T02:59:58+00:00\",\"dateModified\":\"2026-06-05T03:00:01+00:00\",\"mainEntityOfPage\":{\"@id\":\"https:\\\/\\\/kaizen-blog.org\\\/kennedy-zentrum-donald-trump-oder-die-geschichte-der-kurze-unsterblichkeit\\\/\"},\"wordCount\":703,\"commentCount\":0,\"image\":{\"@id\":\"https:\\\/\\\/kaizen-blog.org\\\/kennedy-zentrum-donald-trump-oder-die-geschichte-der-kurze-unsterblichkeit\\\/#primaryimage\"},\"thumbnailUrl\":\"https:\\\/\\\/i0.wp.com\\\/kaizen-blog.org\\\/wp-content\\\/uploads\\\/2026\\\/06\\\/batch_kaizennewsday-2026-06-05T030518.389.webp?fit=905%2C500&ssl=1\",\"articleSection\":[\"Public Affairs\",\"Topstory\",\"Trumpland\"],\"inLanguage\":\"en-US\",\"potentialAction\":[{\"@type\":\"CommentAction\",\"name\":\"Comment\",\"target\":[\"https:\\\/\\\/kaizen-blog.org\\\/kennedy-zentrum-donald-trump-oder-die-geschichte-der-kurze-unsterblichkeit\\\/#respond\"]}]},{\"@type\":\"WebPage\",\"@id\":\"https:\\\/\\\/kaizen-blog.org\\\/kennedy-zentrum-donald-trump-oder-die-geschichte-der-kurze-unsterblichkeit\\\/\",\"url\":\"https:\\\/\\\/kaizen-blog.org\\\/kennedy-zentrum-donald-trump-oder-die-geschichte-der-kurze-unsterblichkeit\\\/\",\"name\":\"Kennedy-Zentrum: Donald Trump oder die Geschichte der kurze Unsterblichkeit - The Kaizen Blog\",\"isPartOf\":{\"@id\":\"https:\\\/\\\/kaizen-blog.org\\\/#website\"},\"primaryImageOfPage\":{\"@id\":\"https:\\\/\\\/kaizen-blog.org\\\/kennedy-zentrum-donald-trump-oder-die-geschichte-der-kurze-unsterblichkeit\\\/#primaryimage\"},\"image\":{\"@id\":\"https:\\\/\\\/kaizen-blog.org\\\/kennedy-zentrum-donald-trump-oder-die-geschichte-der-kurze-unsterblichkeit\\\/#primaryimage\"},\"thumbnailUrl\":\"https:\\\/\\\/i0.wp.com\\\/kaizen-blog.org\\\/wp-content\\\/uploads\\\/2026\\\/06\\\/batch_kaizennewsday-2026-06-05T030518.389.webp?fit=905%2C500&ssl=1\",\"datePublished\":\"2026-06-05T02:59:58+00:00\",\"dateModified\":\"2026-06-05T03:00:01+00:00\",\"author\":{\"@id\":\"https:\\\/\\\/kaizen-blog.org\\\/#\\\/schema\\\/person\\\/7d3fc7346e2501a389ea3daa48b99ad0\"},\"description\":\"Eine Woche nach dem Urteil, das seinen Namen f\u00fcr unrechtm\u00e4\u00dfig hinzugef\u00fcgt erkl\u00e4rt, tilgt das Kennedy-Zentrum die Spuren des Pr\u00e4sidenten, und zwar bis zum 12. Juni!\",\"breadcrumb\":{\"@id\":\"https:\\\/\\\/kaizen-blog.org\\\/kennedy-zentrum-donald-trump-oder-die-geschichte-der-kurze-unsterblichkeit\\\/#breadcrumb\"},\"inLanguage\":\"en-US\",\"potentialAction\":[{\"@type\":\"ReadAction\",\"target\":[\"https:\\\/\\\/kaizen-blog.org\\\/kennedy-zentrum-donald-trump-oder-die-geschichte-der-kurze-unsterblichkeit\\\/\"]}]},{\"@type\":\"ImageObject\",\"inLanguage\":\"en-US\",\"@id\":\"https:\\\/\\\/kaizen-blog.org\\\/kennedy-zentrum-donald-trump-oder-die-geschichte-der-kurze-unsterblichkeit\\\/#primaryimage\",\"url\":\"https:\\\/\\\/i0.wp.com\\\/kaizen-blog.org\\\/wp-content\\\/uploads\\\/2026\\\/06\\\/batch_kaizennewsday-2026-06-05T030518.389.webp?fit=905%2C500&ssl=1\",\"contentUrl\":\"https:\\\/\\\/i0.wp.com\\\/kaizen-blog.org\\\/wp-content\\\/uploads\\\/2026\\\/06\\\/batch_kaizennewsday-2026-06-05T030518.389.webp?fit=905%2C500&ssl=1\",\"width\":905,\"height\":500},{\"@type\":\"BreadcrumbList\",\"@id\":\"https:\\\/\\\/kaizen-blog.org\\\/kennedy-zentrum-donald-trump-oder-die-geschichte-der-kurze-unsterblichkeit\\\/#breadcrumb\",\"itemListElement\":[{\"@type\":\"ListItem\",\"position\":1,\"name\":\"Startseite\",\"item\":\"https:\\\/\\\/kaizen-blog.org\\\/\"},{\"@type\":\"ListItem\",\"position\":2,\"name\":\"Kennedy-Zentrum: Donald Trump oder die Geschichte der kurze Unsterblichkeit\"}]},{\"@type\":\"WebSite\",\"@id\":\"https:\\\/\\\/kaizen-blog.org\\\/#website\",\"url\":\"https:\\\/\\\/kaizen-blog.org\\\/\",\"name\":\"The Kaizen Blog\",\"description\":\"Investigativer Journalismus\",\"potentialAction\":[{\"@type\":\"SearchAction\",\"target\":{\"@type\":\"EntryPoint\",\"urlTemplate\":\"https:\\\/\\\/kaizen-blog.org\\\/?s={search_term_string}\"},\"query-input\":{\"@type\":\"PropertyValueSpecification\",\"valueRequired\":true,\"valueName\":\"search_term_string\"}}],\"inLanguage\":\"en-US\"},{\"@type\":\"Person\",\"@id\":\"https:\\\/\\\/kaizen-blog.org\\\/#\\\/schema\\\/person\\\/7d3fc7346e2501a389ea3daa48b99ad0\",\"name\":\"Rainer Hofmann\",\"image\":{\"@type\":\"ImageObject\",\"inLanguage\":\"en-US\",\"@id\":\"\\\/\\\/www.gravatar.com\\\/avatar\\\/21e5b26d4f12b21206d8094d7aea4ab6?s=96&#038;r=g&#038;d=initials\",\"url\":\"\\\/\\\/www.gravatar.com\\\/avatar\\\/21e5b26d4f12b21206d8094d7aea4ab6?s=96&#038;r=g&#038;d=initials\",\"contentUrl\":\"\\\/\\\/www.gravatar.com\\\/avatar\\\/21e5b26d4f12b21206d8094d7aea4ab6?s=96&#038;r=g&#038;d=initials\",\"caption\":\"Rainer Hofmann\"},\"sameAs\":[\"https:\\\/\\\/kaizen-blog.org\"],\"url\":\"https:\\\/\\\/kaizen-blog.org\\\/en\\\/author\\\/admin\\\/\"}]}<\/script>\n<!-- \/ Yoast SEO plugin. -->","yoast_head_json":{"title":"Kennedy-Zentrum: Donald Trump oder die Geschichte der kurze Unsterblichkeit - The Kaizen Blog","description":"One week after a ruling declared his name had been added unlawfully, the Kennedy Center is removing the president\u2019s traces, and it must be completed by June 12!","robots":{"index":"index","follow":"follow","max-snippet":"max-snippet:-1","max-image-preview":"max-image-preview:large","max-video-preview":"max-video-preview:-1"},"canonical":"https:\/\/kaizen-blog.org\/en\/kennedy-zentrum-donald-trump-oder-die-geschichte-der-kurze-unsterblichkeit\/","og_locale":"en_US","og_type":"article","og_title":"Kennedy-Zentrum: Donald Trump oder die Geschichte der kurze Unsterblichkeit","og_description":"Eine Woche nach dem Urteil, das seinen Namen f\u00fcr unrechtm\u00e4\u00dfig hinzugef\u00fcgt erkl\u00e4rt, tilgt das Kennedy-Zentrum die Spuren des Pr\u00e4sidenten, und zwar bis zum 12. Juni!","og_url":"https:\/\/kaizen-blog.org\/en\/kennedy-zentrum-donald-trump-oder-die-geschichte-der-kurze-unsterblichkeit\/","og_site_name":"The Kaizen Blog","article_publisher":"https:\/\/www.facebook.com\/rainer.hofmann.2025\/","article_published_time":"2026-06-05T02:59:58+00:00","article_modified_time":"2026-06-05T03:00:01+00:00","og_image":[{"width":905,"height":500,"url":"https:\/\/kaizen-blog.org\/wp-content\/uploads\/2026\/06\/batch_kaizennewsday-2026-06-05T030518.389.webp","type":"image\/webp"}],"author":"Rainer Hofmann","twitter_card":"summary_large_image","twitter_misc":{"Written by":"Rainer Hofmann","Est. reading time":"5 minutes"},"schema":{"@context":"https:\/\/schema.org","@graph":[{"@type":"Article","@id":"https:\/\/kaizen-blog.org\/kennedy-zentrum-donald-trump-oder-die-geschichte-der-kurze-unsterblichkeit\/#article","isPartOf":{"@id":"https:\/\/kaizen-blog.org\/kennedy-zentrum-donald-trump-oder-die-geschichte-der-kurze-unsterblichkeit\/"},"author":{"name":"Rainer Hofmann","@id":"https:\/\/kaizen-blog.org\/#\/schema\/person\/7d3fc7346e2501a389ea3daa48b99ad0"},"headline":"Kennedy-Zentrum: Donald Trump oder die Geschichte der kurze Unsterblichkeit","datePublished":"2026-06-05T02:59:58+00:00","dateModified":"2026-06-05T03:00:01+00:00","mainEntityOfPage":{"@id":"https:\/\/kaizen-blog.org\/kennedy-zentrum-donald-trump-oder-die-geschichte-der-kurze-unsterblichkeit\/"},"wordCount":703,"commentCount":0,"image":{"@id":"https:\/\/kaizen-blog.org\/kennedy-zentrum-donald-trump-oder-die-geschichte-der-kurze-unsterblichkeit\/#primaryimage"},"thumbnailUrl":"https:\/\/i0.wp.com\/kaizen-blog.org\/wp-content\/uploads\/2026\/06\/batch_kaizennewsday-2026-06-05T030518.389.webp?fit=905%2C500&ssl=1","articleSection":["Public Affairs","Topstory","Trumpland"],"inLanguage":"en-US","potentialAction":[{"@type":"CommentAction","name":"Comment","target":["https:\/\/kaizen-blog.org\/kennedy-zentrum-donald-trump-oder-die-geschichte-der-kurze-unsterblichkeit\/#respond"]}]},{"@type":"WebPage","@id":"https:\/\/kaizen-blog.org\/kennedy-zentrum-donald-trump-oder-die-geschichte-der-kurze-unsterblichkeit\/","url":"https:\/\/kaizen-blog.org\/kennedy-zentrum-donald-trump-oder-die-geschichte-der-kurze-unsterblichkeit\/","name":"Kennedy-Zentrum: Donald Trump oder die Geschichte der kurze Unsterblichkeit - The Kaizen Blog","isPartOf":{"@id":"https:\/\/kaizen-blog.org\/#website"},"primaryImageOfPage":{"@id":"https:\/\/kaizen-blog.org\/kennedy-zentrum-donald-trump-oder-die-geschichte-der-kurze-unsterblichkeit\/#primaryimage"},"image":{"@id":"https:\/\/kaizen-blog.org\/kennedy-zentrum-donald-trump-oder-die-geschichte-der-kurze-unsterblichkeit\/#primaryimage"},"thumbnailUrl":"https:\/\/i0.wp.com\/kaizen-blog.org\/wp-content\/uploads\/2026\/06\/batch_kaizennewsday-2026-06-05T030518.389.webp?fit=905%2C500&ssl=1","datePublished":"2026-06-05T02:59:58+00:00","dateModified":"2026-06-05T03:00:01+00:00","author":{"@id":"https:\/\/kaizen-blog.org\/#\/schema\/person\/7d3fc7346e2501a389ea3daa48b99ad0"},"description":"One week after a ruling declared his name had been added unlawfully, the Kennedy Center is removing the president\u2019s traces, and it must be completed by June 12!","breadcrumb":{"@id":"https:\/\/kaizen-blog.org\/kennedy-zentrum-donald-trump-oder-die-geschichte-der-kurze-unsterblichkeit\/#breadcrumb"},"inLanguage":"en-US","potentialAction":[{"@type":"ReadAction","target":["https:\/\/kaizen-blog.org\/kennedy-zentrum-donald-trump-oder-die-geschichte-der-kurze-unsterblichkeit\/"]}]},{"@type":"ImageObject","inLanguage":"en-US","@id":"https:\/\/kaizen-blog.org\/kennedy-zentrum-donald-trump-oder-die-geschichte-der-kurze-unsterblichkeit\/#primaryimage","url":"https:\/\/i0.wp.com\/kaizen-blog.org\/wp-content\/uploads\/2026\/06\/batch_kaizennewsday-2026-06-05T030518.389.webp?fit=905%2C500&ssl=1","contentUrl":"https:\/\/i0.wp.com\/kaizen-blog.org\/wp-content\/uploads\/2026\/06\/batch_kaizennewsday-2026-06-05T030518.389.webp?fit=905%2C500&ssl=1","width":905,"height":500},{"@type":"BreadcrumbList","@id":"https:\/\/kaizen-blog.org\/kennedy-zentrum-donald-trump-oder-die-geschichte-der-kurze-unsterblichkeit\/#breadcrumb","itemListElement":[{"@type":"ListItem","position":1,"name":"Startseite","item":"https:\/\/kaizen-blog.org\/"},{"@type":"ListItem","position":2,"name":"Kennedy-Zentrum: Donald Trump oder die Geschichte der kurze Unsterblichkeit"}]},{"@type":"WebSite","@id":"https:\/\/kaizen-blog.org\/#website","url":"https:\/\/kaizen-blog.org\/","name":"The Kaizen Blog","description":"Investigative Journalism","potentialAction":[{"@type":"SearchAction","target":{"@type":"EntryPoint","urlTemplate":"https:\/\/kaizen-blog.org\/?s={search_term_string}"},"query-input":{"@type":"PropertyValueSpecification","valueRequired":true,"valueName":"search_term_string"}}],"inLanguage":"en-US"},{"@type":"Person","@id":"https:\/\/kaizen-blog.org\/#\/schema\/person\/7d3fc7346e2501a389ea3daa48b99ad0","name":"Rainer Hofmann","image":{"@type":"ImageObject","inLanguage":"en-US","@id":"\/\/www.gravatar.com\/avatar\/21e5b26d4f12b21206d8094d7aea4ab6?s=96&#038;r=g&#038;d=initials","url":"\/\/www.gravatar.com\/avatar\/21e5b26d4f12b21206d8094d7aea4ab6?s=96&#038;r=g&#038;d=initials","contentUrl":"\/\/www.gravatar.com\/avatar\/21e5b26d4f12b21206d8094d7aea4ab6?s=96&#038;r=g&#038;d=initials","caption":"Rainer Hofmann"},"sameAs":["https:\/\/kaizen-blog.org"],"url":"https:\/\/kaizen-blog.org\/en\/author\/admin\/"}]}},"jetpack_sharing_enabled":true,"jetpack-related-posts":[{"id":24128,"url":"https:\/\/kaizen-blog.org\/en\/der-name-als-trophaee-wie-trump-das-kennedy-center-vereinnahmt-und-ein-grossteil-der-familie-sturm-dagegen-laeuft\/","url_meta":{"origin":37908,"position":0},"title":"The Name as a Trophy \u2013 How Trump Appropriates the Kennedy Center and Much of the Family Pushes Back","author":"Rainer Hofmann","date":"19. December 2025","format":false,"excerpt":"Was hier gerade passiert, ist weniger eine kulturpolitische Entscheidung als eine Machtdemonstration. Ein Pr\u00e4sident, der ein Gremium nach eigenen Vorstellungen umbaut, Kritiker entl\u00e4sst, loyale Parteig\u00e4nger einsetzt und sich anschlie\u00dfend von genau diesem Kreis ehren l\u00e4sst, gibt sich \u00fcberrascht und geehrt. Dass Donald Trump erkl\u00e4rt, er sei \u201e\u00fcberrascht\u201c gewesen, als das\u2026","rel":"","context":"In &quot;Social &amp; Politics&quot;","block_context":{"text":"Social &amp; Politics","link":"https:\/\/kaizen-blog.org\/en\/category\/us-business\/"},"img":{"alt_text":"","src":"https:\/\/i0.wp.com\/kaizen-blog.org\/wp-content\/uploads\/2025\/12\/kaizennewsday-2025-12-19T035339.159.webp?fit=905%2C500&ssl=1&resize=350%2C200","width":350,"height":200,"srcset":"https:\/\/i0.wp.com\/kaizen-blog.org\/wp-content\/uploads\/2025\/12\/kaizennewsday-2025-12-19T035339.159.webp?fit=905%2C500&ssl=1&resize=350%2C200 1x, https:\/\/i0.wp.com\/kaizen-blog.org\/wp-content\/uploads\/2025\/12\/kaizennewsday-2025-12-19T035339.159.webp?fit=905%2C500&ssl=1&resize=525%2C300 1.5x, https:\/\/i0.wp.com\/kaizen-blog.org\/wp-content\/uploads\/2025\/12\/kaizennewsday-2025-12-19T035339.159.webp?fit=905%2C500&ssl=1&resize=700%2C400 2x"},"classes":[]},{"id":24093,"url":"https:\/\/kaizen-blog.org\/en\/trump-benennt-das-kennedy-center-nach-sich-selbst\/","url_meta":{"origin":37908,"position":1},"title":"Trump Renames the Kennedy Center After Himself","author":"Rainer Hofmann","date":"18. December 2025","format":false,"excerpt":"Der Beschluss ist gefasst. Das wichtigste Kulturhaus der Vereinigten Staaten tr\u00e4gt k\u00fcnftig auch den Namen des amtierenden Pr\u00e4sidenten. Das von Donald Trump pers\u00f6nlich eingesetzte Aufsichtsgremium hat entschieden, das John F. Kennedy Center for the Performing Arts in Trump-Kennedy Center umzubenennen. Best\u00e4tigt wurde der Schritt vom Wei\u00dfen Haus. Damit ist vollzogen,\u2026","rel":"","context":"In &quot;Daylight&quot;","block_context":{"text":"Daylight","link":"https:\/\/kaizen-blog.org\/en\/category\/daylight\/"},"img":{"alt_text":"","src":"https:\/\/i0.wp.com\/kaizen-blog.org\/wp-content\/uploads\/2025\/12\/batch_kaizennewsday-2025-12-18T195028.397.webp?fit=905%2C500&ssl=1&resize=350%2C200","width":350,"height":200,"srcset":"https:\/\/i0.wp.com\/kaizen-blog.org\/wp-content\/uploads\/2025\/12\/batch_kaizennewsday-2025-12-18T195028.397.webp?fit=905%2C500&ssl=1&resize=350%2C200 1x, https:\/\/i0.wp.com\/kaizen-blog.org\/wp-content\/uploads\/2025\/12\/batch_kaizennewsday-2025-12-18T195028.397.webp?fit=905%2C500&ssl=1&resize=525%2C300 1.5x, https:\/\/i0.wp.com\/kaizen-blog.org\/wp-content\/uploads\/2025\/12\/batch_kaizennewsday-2025-12-18T195028.397.webp?fit=905%2C500&ssl=1&resize=700%2C400 2x"},"classes":[]},{"id":4283,"url":"https:\/\/kaizen-blog.org\/en\/kalifornien-verliert-vorerst-kontrolle-ueber-nationalgarde-berufungsgericht-stoppt-breyers-entscheidung\/","url_meta":{"origin":37908,"position":2},"title":"California Temporarily Loses Control Over National Guard - Appeals Court Halts Breyer\u2019s Ruling","author":"Rainer Hofmann","date":"13. June 2025","format":false,"excerpt":"In einem aufsehenerregenden Schritt hat das 9. US-Berufungsgericht am Donnerstag eine Entscheidung von Bundesrichter Charles R. Breyer (Aktenzeichen: State of California v. Trump et al., 3:25-cv-04172-CRB) vorl\u00e4ufig gestoppt, die Pr\u00e4sident Donald Trump verpflichtet h\u00e4tte, die Kontrolle \u00fcber die in Kalifornien eingesetzten Nationalgardisten an Gouverneur Gavin Newsom zur\u00fcckzugeben. Breyer hatte nur\u2026","rel":"","context":"In &quot;Topstory&quot;","block_context":{"text":"Topstory","link":"https:\/\/kaizen-blog.org\/en\/category\/topstory\/"},"img":{"alt_text":"","src":"https:\/\/i0.wp.com\/kaizen-blog.org\/wp-content\/uploads\/2025\/06\/appe.webp?fit=850%2C508&ssl=1&resize=350%2C200","width":350,"height":200,"srcset":"https:\/\/i0.wp.com\/kaizen-blog.org\/wp-content\/uploads\/2025\/06\/appe.webp?fit=850%2C508&ssl=1&resize=350%2C200 1x, https:\/\/i0.wp.com\/kaizen-blog.org\/wp-content\/uploads\/2025\/06\/appe.webp?fit=850%2C508&ssl=1&resize=525%2C300 1.5x, https:\/\/i0.wp.com\/kaizen-blog.org\/wp-content\/uploads\/2025\/06\/appe.webp?fit=850%2C508&ssl=1&resize=700%2C400 2x"},"classes":[]},{"id":3904,"url":"https:\/\/kaizen-blog.org\/en\/befreiung-im-namen-des-krieges-donald-trumps-rede-in-fort-bragg-und-das-ende-der-republikanischen-maske\/","url_meta":{"origin":37908,"position":3},"title":"\u201cLiberation\u201d in the Name of War \u2013 Donald Trump\u2019s Speech at Fort Bragg and the End of the Republican Mask","author":"Rainer Hofmann","date":"11. June 2025","format":false,"excerpt":"Es war als Feier angek\u00fcndigt \u2013 ein Festtag zu Ehren der 250-j\u00e4hrigen Geschichte der US-Armee. Doch was Donald Trump am 10. Juni 2025 in Fort Bragg, North Carolina, ins Mikrofon br\u00fcllte, klang weniger nach patriotischer W\u00fcrdigung als nach einer dunklen Vision der Gegenwart: eine Rede, geschmiedet aus Zorn, Herrschaftsphantasien und\u2026","rel":"","context":"In &quot;Dark America&quot;","block_context":{"text":"Dark America","link":"https:\/\/kaizen-blog.org\/en\/category\/dark-america\/"},"img":{"alt_text":"","src":"https:\/\/i0.wp.com\/kaizen-blog.org\/wp-content\/uploads\/2025\/06\/trump-speech.webp?fit=850%2C508&ssl=1&resize=350%2C200","width":350,"height":200,"srcset":"https:\/\/i0.wp.com\/kaizen-blog.org\/wp-content\/uploads\/2025\/06\/trump-speech.webp?fit=850%2C508&ssl=1&resize=350%2C200 1x, https:\/\/i0.wp.com\/kaizen-blog.org\/wp-content\/uploads\/2025\/06\/trump-speech.webp?fit=850%2C508&ssl=1&resize=525%2C300 1.5x, https:\/\/i0.wp.com\/kaizen-blog.org\/wp-content\/uploads\/2025\/06\/trump-speech.webp?fit=850%2C508&ssl=1&resize=700%2C400 2x"},"classes":[]},{"id":3648,"url":"https:\/\/kaizen-blog.org\/en\/los-angeles-ist-ein-pulverfass-trumps-nationalgarde-gegen-die-eigene-bevoelkerung\/","url_meta":{"origin":37908,"position":4},"title":"Los Angeles is a Powder Keg - Trump\u2019s National Guard Against His Own People","author":"Rainer Hofmann","date":"8. June 2025","format":false,"excerpt":"Es ist ein Licht, das \u00fcber der Stadt flackert \u2013 kein Sonnenaufgang, sondern das Zucken von Polizeisirenen, brennenden M\u00fcllcontainern und der grellen, unvers\u00f6hnlichen Gegenwart eines Staates, der sich gegen seine B\u00fcrger wendet. In der Nacht vom 7. auf den 8. Juni ist Los Angeles zum Zentrum einer politischen Ersch\u00fctterung geworden,\u2026","rel":"","context":"In &quot;Dark America&quot;","block_context":{"text":"Dark America","link":"https:\/\/kaizen-blog.org\/en\/category\/dark-america\/"},"img":{"alt_text":"","src":"https:\/\/i0.wp.com\/kaizen-blog.org\/wp-content\/uploads\/2025\/06\/losangelesjune8.webp?fit=850%2C508&ssl=1&resize=350%2C200","width":350,"height":200,"srcset":"https:\/\/i0.wp.com\/kaizen-blog.org\/wp-content\/uploads\/2025\/06\/losangelesjune8.webp?fit=850%2C508&ssl=1&resize=350%2C200 1x, https:\/\/i0.wp.com\/kaizen-blog.org\/wp-content\/uploads\/2025\/06\/losangelesjune8.webp?fit=850%2C508&ssl=1&resize=525%2C300 1.5x, https:\/\/i0.wp.com\/kaizen-blog.org\/wp-content\/uploads\/2025\/06\/losangelesjune8.webp?fit=850%2C508&ssl=1&resize=700%2C400 2x"},"classes":[]},{"id":3748,"url":"https:\/\/kaizen-blog.org\/en\/ein-gefaehrliches-novum-wie-donald-trump-kaliforniens-nationalgarde-unter-bundesbefehl-stellte\/","url_meta":{"origin":37908,"position":5},"title":"A Dangerous Precedent - How Donald Trump Placed California's National Guard Under Federal Command","author":"Rainer Hofmann","date":"9. June 2025","format":false,"excerpt":"Es ist ein Schritt, der weit \u00fcber die politische Symbolik hinausgeht \u2013 und tief in die Verfassungseingeweide der Vereinigten Staaten greift: Donald Trump hat am 7. Juni 2025 die Nationalgarde Kaliforniens nach Los Angeles beordert, ohne Zustimmung des Gouverneurs. Ein Tabubruch? Ein legaler Pr\u00e4zedenzfall? Oder ein Versto\u00df gegen die f\u00f6derale\u2026","rel":"","context":"In &quot;State News&quot;","block_context":{"text":"State News","link":"https:\/\/kaizen-blog.org\/en\/category\/state-news\/"},"img":{"alt_text":"","src":"https:\/\/i0.wp.com\/kaizen-blog.org\/wp-content\/uploads\/2025\/06\/1965-ng2.webp?fit=850%2C508&ssl=1&resize=350%2C200","width":350,"height":200,"srcset":"https:\/\/i0.wp.com\/kaizen-blog.org\/wp-content\/uploads\/2025\/06\/1965-ng2.webp?fit=850%2C508&ssl=1&resize=350%2C200 1x, https:\/\/i0.wp.com\/kaizen-blog.org\/wp-content\/uploads\/2025\/06\/1965-ng2.webp?fit=850%2C508&ssl=1&resize=525%2C300 1.5x, https:\/\/i0.wp.com\/kaizen-blog.org\/wp-content\/uploads\/2025\/06\/1965-ng2.webp?fit=850%2C508&ssl=1&resize=700%2C400 2x"},"classes":[]}],"jetpack_featured_media_url":"https:\/\/i0.wp.com\/kaizen-blog.org\/wp-content\/uploads\/2026\/06\/batch_kaizennewsday-2026-06-05T030518.389.webp?fit=905%2C500&ssl=1","_links":{"self":[{"href":"https:\/\/kaizen-blog.org\/en\/wp-json\/wp\/v2\/posts\/37908","targetHints":{"allow":["GET"]}}],"collection":[{"href":"https:\/\/kaizen-blog.org\/en\/wp-json\/wp\/v2\/posts"}],"about":[{"href":"https:\/\/kaizen-blog.org\/en\/wp-json\/wp\/v2\/types\/post"}],"author":[{"embeddable":true,"href":"https:\/\/kaizen-blog.org\/en\/wp-json\/wp\/v2\/users\/1"}],"replies":[{"embeddable":true,"href":"https:\/\/kaizen-blog.org\/en\/wp-json\/wp\/v2\/comments?post=37908"}],"version-history":[{"count":0,"href":"https:\/\/kaizen-blog.org\/en\/wp-json\/wp\/v2\/posts\/37908\/revisions"}],"wp:featuredmedia":[{"embeddable":true,"href":"https:\/\/kaizen-blog.org\/en\/wp-json\/wp\/v2\/media\/37909"}],"wp:attachment":[{"href":"https:\/\/kaizen-blog.org\/en\/wp-json\/wp\/v2\/media?parent=37908"}],"wp:term":[{"taxonomy":"category","embeddable":true,"href":"https:\/\/kaizen-blog.org\/en\/wp-json\/wp\/v2\/categories?post=37908"},{"taxonomy":"post_tag","embeddable":true,"href":"https:\/\/kaizen-blog.org\/en\/wp-json\/wp\/v2\/tags?post=37908"}],"curies":[{"name":"wp","href":"https:\/\/api.w.org\/{rel}","templated":true}]}}