{"id":3748,"date":"2025-06-09T16:30:15","date_gmt":"2025-06-09T16:30:15","guid":{"rendered":"https:\/\/kaizen-blog.org\/?p=3748"},"modified":"2025-06-09T16:30:17","modified_gmt":"2025-06-09T16:30:17","slug":"ein-gefaehrliches-novum-wie-donald-trump-kaliforniens-nationalgarde-unter-bundesbefehl-stellte","status":"publish","type":"post","link":"https:\/\/kaizen-blog.org\/en\/ein-gefaehrliches-novum-wie-donald-trump-kaliforniens-nationalgarde-unter-bundesbefehl-stellte\/","title":{"rendered":"A Dangerous Precedent - How Donald Trump Placed California's National Guard Under Federal Command"},"content":{"rendered":"<p>It is a step that goes far beyond political symbolism - and reaches deep into the constitutional entrails of the United States: On June 7, 2025, Donald Trump ordered California's National Guard into Los Angeles without the governor's consent. A breach of taboo? A legal precedent? Or a violation of the federal order?<br>Historically, the case is explosive - because no U.S. president has dared since 1965 to deploy military forces on a state's territory against its will. Back then, it was President Lyndon B. Johnson who, at the height of the civil rights movement, sent troops to Alabama to protect peaceful demonstrators in Selma. Johnson relied on the Insurrection Act - a law from the 18th century that allows the president to use military force within the U.S. in the event of an uprising. The difference today: Johnson acted in consultation with Congress - and in the spirit of constitutionally protecting fundamental rights.<\/p>\n\n\n\n<figure class=\"wp-block-image size-full\"><img data-recalc-dims=\"1\" loading=\"lazy\" decoding=\"async\" width=\"640\" height=\"382\" src=\"https:\/\/i0.wp.com\/kaizen-blog.org\/wp-content\/uploads\/2025\/06\/1965-ng.jpg?resize=640%2C382&#038;ssl=1\" alt=\"\" class=\"wp-image-3751\" srcset=\"https:\/\/i0.wp.com\/kaizen-blog.org\/wp-content\/uploads\/2025\/06\/1965-ng.jpg?w=850&amp;ssl=1 850w, https:\/\/i0.wp.com\/kaizen-blog.org\/wp-content\/uploads\/2025\/06\/1965-ng.jpg?resize=300%2C179&amp;ssl=1 300w, https:\/\/i0.wp.com\/kaizen-blog.org\/wp-content\/uploads\/2025\/06\/1965-ng.jpg?resize=768%2C459&amp;ssl=1 768w, https:\/\/i0.wp.com\/kaizen-blog.org\/wp-content\/uploads\/2025\/06\/1965-ng.jpg?resize=18%2C12&amp;ssl=1 18w\" sizes=\"auto, (max-width: 640px) 100vw, 640px\" \/><\/figure>\n\n\n\n<p>(1965)<\/p>\n\n\n\n<p>Donald Trump, however, is taking a different path. He is forgoing the Insurrection Act - likely because invoking it is politically toxic - and is instead relying on another provision in the United States Code, Title 10, Section 12406. This allows the president to place members of the National Guard under federal command if he believes an \"insurrection\" or a \"hindrance to the execution of laws\" is taking place. But here lies the catch. Because that same law also states: Such orders must be issued through the governors of the affected states. Trump, however, bypassed California Governor Gavin Newsom - thereby triggering a massive constitutional conflict.<\/p>\n\n\n\n<p>Newsom himself spoke in a public letter of a \"serious constitutional breach\" that undermines the separation of powers. Los Angeles Mayor Karen Bass called the president's move a \"deliberate escalation.\" - That does not serve public safety but intimidation. In fact, the situation in Los Angeles was tense - but by no means uncontrollable. The protests, sparked by large-scale deportation actions by Immigration and Customs Enforcement (ICE), had escalated in the city center on June 7 and 8. There were burning vehicles, road blockades, and sporadic lootings. But instead of de-escalation, the White House opted for toughness. On social media, Trump openly called for the arrest of masked demonstrators and invoked \"law and order\" - a rhetorical throwback to his first term, now laced with legal explosives.<br>Tats\u00e4chlich war die Lage in Los Angeles angespannt \u2013 aber keineswegs unkontrollierbar. Die Proteste, ausgel\u00f6st durch gro\u00dfangelegte Abschiebungsaktionen des Immigration and Customs Enforcement (ICE), hatten sich am 7. und 8. Juni im Zentrum der Stadt zugespitzt. Es kam zu brennenden Fahrzeugen, Stra\u00dfenblockaden und punktuellen Pl\u00fcnderungen. Doch statt auf Deeskalation setzte das Wei\u00dfe Haus auf H\u00e4rte. In sozialen Netzwerken forderte Trump offen die Verhaftung maskierter Demonstrierender und rief nach \u201eLaw and Order\u201c \u2013 ein rhetorischer R\u00fcckgriff auf seine erste Amtszeit, nun aber angereichert mit juristischem Sprengstoff.<\/p>\n\n\n\n<figure class=\"wp-block-image size-full\"><img data-recalc-dims=\"1\" loading=\"lazy\" decoding=\"async\" width=\"640\" height=\"382\" src=\"https:\/\/i0.wp.com\/kaizen-blog.org\/wp-content\/uploads\/2025\/06\/la-protestst.webp?resize=640%2C382&#038;ssl=1\" alt=\"\" class=\"wp-image-3749\" srcset=\"https:\/\/i0.wp.com\/kaizen-blog.org\/wp-content\/uploads\/2025\/06\/la-protestst.webp?w=850&amp;ssl=1 850w, https:\/\/i0.wp.com\/kaizen-blog.org\/wp-content\/uploads\/2025\/06\/la-protestst.webp?resize=300%2C179&amp;ssl=1 300w, https:\/\/i0.wp.com\/kaizen-blog.org\/wp-content\/uploads\/2025\/06\/la-protestst.webp?resize=768%2C459&amp;ssl=1 768w, https:\/\/i0.wp.com\/kaizen-blog.org\/wp-content\/uploads\/2025\/06\/la-protestst.webp?resize=18%2C12&amp;ssl=1 18w\" sizes=\"auto, (max-width: 640px) 100vw, 640px\" \/><\/figure>\n\n\n\n<p>(2025)<\/p>\n\n\n\n<p>Because what comes with this decision is not only a political message, but a systemic reinterpretation of the power balance between Washington and the states. Can a president deploy the National Guard against a state's declared will - without formally declaring a state of emergency? This question is currently the subject of intense debate at American universities, in bar associations, and at the Supreme Court, which has already drawn clear boundaries in similar cases - but still owes an exact answer to the newly created situation.<\/p>\n\n\n\n<p>The renowned Brennan Center for Justice points out that there has been no comparable case since 1965. Even George W. Bush, who wanted to deploy the National Guard in Louisiana after Hurricane Katrina, did so only after consulting the governor. And Barack Obama, during the Ferguson protests in 2014, deliberately let the state of Missouri decide for itself whether military support was necessary - out of respect for federal sovereignty. Donald Trump ignores these principles - and once again tests the limits of presidential power, bearing primary responsibility for the severe unrest. He blends security rhetoric with campaign slogans, legal gray areas with political repression. The deployment of California's National Guard without the consent of California is therefore not just a controversial tool in a heated protest situation - but a dangerous precedent.<\/p>\n\n\n\n<p>A precedent that could shake a federal system - and reveals a president who is pushing open the door to central state control further than the U.S. Constitution may allow.<\/p>\n<div class=\"gsp_post_data\" \r\n\t            data-post_type=\"post\" \r\n\t            data-cat=\"state-news,trump-s-world,trump-usa\" \r\n\t            data-modified=\"120\"\r\n\t            data-created=\"1749486615\"\r\n\t            data-title=\"Ein gef\u00e4hrliches Novum \u2013 Wie Donald Trump Kaliforniens Nationalgarde unter Bundesbefehl stellte\" \r\n\t            data-home=\"https:\/\/kaizen-blog.org\/en\/\"><\/div>","protected":false},"excerpt":{"rendered":"<p>Es ist ein Schritt, der weit \u00fcber die politische Symbolik hinausgeht \u2013 und tief in die Verfassungseingeweide der Vereinigten Staaten greift: Donald Trump hat am 7. Juni 2025 die Nationalgarde Kaliforniens nach Los Angeles beordert, ohne Zustimmung des Gouverneurs. Ein Tabubruch? Ein legaler Pr\u00e4zedenzfall? Oder ein Versto\u00df gegen die f\u00f6derale Ordnung?Historisch betrachtet ist der Fall [&hellip;]<\/p>\n","protected":false},"author":1,"featured_media":3750,"comment_status":"open","ping_status":"open","sticky":false,"template":"","format":"standard","meta":{"_jetpack_memberships_contains_paid_content":false,"footnotes":"","jetpack_publicize_message":"","jetpack_publicize_feature_enabled":true,"jetpack_social_post_already_shared":true,"jetpack_social_options":{"image_generator_settings":{"template":"highway","default_image_id":0,"font":"","enabled":false},"version":2}},"categories":[49,41,1],"tags":[],"class_list":["post-3748","post","type-post","status-publish","format-standard","has-post-thumbnail","hentry","category-state-news","category-trump-s-world","category-trump-usa"],"featured_image_src":"https:\/\/i0.wp.com\/kaizen-blog.org\/wp-content\/uploads\/2025\/06\/1965-ng2.webp?fit=850%2C508&ssl=1","author_info":{"display_name":"Rainer Hofmann","author_link":"https:\/\/kaizen-blog.org\/en\/author\/admin\/"},"yoast_head":"<!-- This site is optimized with the Yoast SEO plugin v27.5 - https:\/\/yoast.com\/product\/yoast-seo-wordpress\/ -->\n<title>Ein gef\u00e4hrliches Novum \u2013 Wie Donald Trump Kaliforniens Nationalgarde unter Bundesbefehl stellte - The Kaizen Blog<\/title>\n<meta name=\"robots\" content=\"index, follow, max-snippet:-1, max-image-preview:large, max-video-preview:-1\" \/>\n<link rel=\"canonical\" href=\"https:\/\/kaizen-blog.org\/en\/ein-gefaehrliches-novum-wie-donald-trump-kaliforniens-nationalgarde-unter-bundesbefehl-stellte\/\" \/>\n<meta property=\"og:locale\" content=\"en_US\" \/>\n<meta property=\"og:type\" content=\"article\" \/>\n<meta property=\"og:title\" content=\"Ein gef\u00e4hrliches Novum \u2013 Wie Donald Trump Kaliforniens Nationalgarde unter Bundesbefehl stellte\" \/>\n<meta property=\"og:description\" content=\"Es ist ein Schritt, der weit \u00fcber die politische Symbolik hinausgeht \u2013 und tief in die Verfassungseingeweide der Vereinigten Staaten greift: Donald Trump hat am 7. Juni 2025 die Nationalgarde Kaliforniens nach Los Angeles beordert, ohne Zustimmung des Gouverneurs. Ein Tabubruch? Ein legaler Pr\u00e4zedenzfall? Oder ein Versto\u00df gegen die f\u00f6derale Ordnung?Historisch betrachtet ist der Fall [&hellip;]\" \/>\n<meta property=\"og:url\" content=\"https:\/\/kaizen-blog.org\/en\/ein-gefaehrliches-novum-wie-donald-trump-kaliforniens-nationalgarde-unter-bundesbefehl-stellte\/\" \/>\n<meta property=\"og:site_name\" content=\"The Kaizen Blog\" \/>\n<meta property=\"article:publisher\" content=\"https:\/\/www.facebook.com\/rainer.hofmann.2025\/\" \/>\n<meta property=\"article:published_time\" content=\"2025-06-09T16:30:15+00:00\" \/>\n<meta property=\"article:modified_time\" content=\"2025-06-09T16:30:17+00:00\" \/>\n<meta property=\"og:image\" content=\"https:\/\/kaizen-blog.org\/wp-content\/uploads\/2025\/06\/1965-ng2.webp\" \/>\n\t<meta property=\"og:image:width\" content=\"850\" \/>\n\t<meta property=\"og:image:height\" content=\"508\" \/>\n\t<meta property=\"og:image:type\" content=\"image\/webp\" \/>\n<meta name=\"author\" content=\"Rainer Hofmann\" \/>\n<meta name=\"twitter:card\" content=\"summary_large_image\" \/>\n<meta name=\"twitter:label1\" content=\"Written by\" \/>\n\t<meta name=\"twitter:data1\" content=\"Rainer Hofmann\" \/>\n\t<meta name=\"twitter:label2\" content=\"Est. reading time\" \/>\n\t<meta name=\"twitter:data2\" content=\"4 minutes\" \/>\n<script type=\"application\/ld+json\" class=\"yoast-schema-graph\">{\"@context\":\"https:\\\/\\\/schema.org\",\"@graph\":[{\"@type\":\"Article\",\"@id\":\"https:\\\/\\\/kaizen-blog.org\\\/ein-gefaehrliches-novum-wie-donald-trump-kaliforniens-nationalgarde-unter-bundesbefehl-stellte\\\/#article\",\"isPartOf\":{\"@id\":\"https:\\\/\\\/kaizen-blog.org\\\/ein-gefaehrliches-novum-wie-donald-trump-kaliforniens-nationalgarde-unter-bundesbefehl-stellte\\\/\"},\"author\":{\"name\":\"Rainer Hofmann\",\"@id\":\"https:\\\/\\\/kaizen-blog.org\\\/#\\\/schema\\\/person\\\/7d3fc7346e2501a389ea3daa48b99ad0\"},\"headline\":\"Ein gef\u00e4hrliches Novum \u2013 Wie Donald Trump Kaliforniens Nationalgarde unter Bundesbefehl stellte\",\"datePublished\":\"2025-06-09T16:30:15+00:00\",\"dateModified\":\"2025-06-09T16:30:17+00:00\",\"mainEntityOfPage\":{\"@id\":\"https:\\\/\\\/kaizen-blog.org\\\/ein-gefaehrliches-novum-wie-donald-trump-kaliforniens-nationalgarde-unter-bundesbefehl-stellte\\\/\"},\"wordCount\":656,\"commentCount\":0,\"image\":{\"@id\":\"https:\\\/\\\/kaizen-blog.org\\\/ein-gefaehrliches-novum-wie-donald-trump-kaliforniens-nationalgarde-unter-bundesbefehl-stellte\\\/#primaryimage\"},\"thumbnailUrl\":\"https:\\\/\\\/i0.wp.com\\\/kaizen-blog.org\\\/wp-content\\\/uploads\\\/2025\\\/06\\\/1965-ng2.webp?fit=850%2C508&ssl=1\",\"articleSection\":[\"State News\",\"Trumpland\",\"USA\"],\"inLanguage\":\"en-US\",\"potentialAction\":[{\"@type\":\"CommentAction\",\"name\":\"Comment\",\"target\":[\"https:\\\/\\\/kaizen-blog.org\\\/ein-gefaehrliches-novum-wie-donald-trump-kaliforniens-nationalgarde-unter-bundesbefehl-stellte\\\/#respond\"]}]},{\"@type\":\"WebPage\",\"@id\":\"https:\\\/\\\/kaizen-blog.org\\\/ein-gefaehrliches-novum-wie-donald-trump-kaliforniens-nationalgarde-unter-bundesbefehl-stellte\\\/\",\"url\":\"https:\\\/\\\/kaizen-blog.org\\\/ein-gefaehrliches-novum-wie-donald-trump-kaliforniens-nationalgarde-unter-bundesbefehl-stellte\\\/\",\"name\":\"Ein gef\u00e4hrliches Novum \u2013 Wie Donald Trump Kaliforniens Nationalgarde unter Bundesbefehl stellte - The Kaizen Blog\",\"isPartOf\":{\"@id\":\"https:\\\/\\\/kaizen-blog.org\\\/#website\"},\"primaryImageOfPage\":{\"@id\":\"https:\\\/\\\/kaizen-blog.org\\\/ein-gefaehrliches-novum-wie-donald-trump-kaliforniens-nationalgarde-unter-bundesbefehl-stellte\\\/#primaryimage\"},\"image\":{\"@id\":\"https:\\\/\\\/kaizen-blog.org\\\/ein-gefaehrliches-novum-wie-donald-trump-kaliforniens-nationalgarde-unter-bundesbefehl-stellte\\\/#primaryimage\"},\"thumbnailUrl\":\"https:\\\/\\\/i0.wp.com\\\/kaizen-blog.org\\\/wp-content\\\/uploads\\\/2025\\\/06\\\/1965-ng2.webp?fit=850%2C508&ssl=1\",\"datePublished\":\"2025-06-09T16:30:15+00:00\",\"dateModified\":\"2025-06-09T16:30:17+00:00\",\"author\":{\"@id\":\"https:\\\/\\\/kaizen-blog.org\\\/#\\\/schema\\\/person\\\/7d3fc7346e2501a389ea3daa48b99ad0\"},\"breadcrumb\":{\"@id\":\"https:\\\/\\\/kaizen-blog.org\\\/ein-gefaehrliches-novum-wie-donald-trump-kaliforniens-nationalgarde-unter-bundesbefehl-stellte\\\/#breadcrumb\"},\"inLanguage\":\"en-US\",\"potentialAction\":[{\"@type\":\"ReadAction\",\"target\":[\"https:\\\/\\\/kaizen-blog.org\\\/ein-gefaehrliches-novum-wie-donald-trump-kaliforniens-nationalgarde-unter-bundesbefehl-stellte\\\/\"]}]},{\"@type\":\"ImageObject\",\"inLanguage\":\"en-US\",\"@id\":\"https:\\\/\\\/kaizen-blog.org\\\/ein-gefaehrliches-novum-wie-donald-trump-kaliforniens-nationalgarde-unter-bundesbefehl-stellte\\\/#primaryimage\",\"url\":\"https:\\\/\\\/i0.wp.com\\\/kaizen-blog.org\\\/wp-content\\\/uploads\\\/2025\\\/06\\\/1965-ng2.webp?fit=850%2C508&ssl=1\",\"contentUrl\":\"https:\\\/\\\/i0.wp.com\\\/kaizen-blog.org\\\/wp-content\\\/uploads\\\/2025\\\/06\\\/1965-ng2.webp?fit=850%2C508&ssl=1\",\"width\":850,\"height\":508},{\"@type\":\"BreadcrumbList\",\"@id\":\"https:\\\/\\\/kaizen-blog.org\\\/ein-gefaehrliches-novum-wie-donald-trump-kaliforniens-nationalgarde-unter-bundesbefehl-stellte\\\/#breadcrumb\",\"itemListElement\":[{\"@type\":\"ListItem\",\"position\":1,\"name\":\"Startseite\",\"item\":\"https:\\\/\\\/kaizen-blog.org\\\/\"},{\"@type\":\"ListItem\",\"position\":2,\"name\":\"Ein gef\u00e4hrliches Novum \u2013 Wie Donald Trump Kaliforniens Nationalgarde unter Bundesbefehl stellte\"}]},{\"@type\":\"WebSite\",\"@id\":\"https:\\\/\\\/kaizen-blog.org\\\/#website\",\"url\":\"https:\\\/\\\/kaizen-blog.org\\\/\",\"name\":\"The Kaizen Blog\",\"description\":\"Investigativer Journalismus\",\"potentialAction\":[{\"@type\":\"SearchAction\",\"target\":{\"@type\":\"EntryPoint\",\"urlTemplate\":\"https:\\\/\\\/kaizen-blog.org\\\/?s={search_term_string}\"},\"query-input\":{\"@type\":\"PropertyValueSpecification\",\"valueRequired\":true,\"valueName\":\"search_term_string\"}}],\"inLanguage\":\"en-US\"},{\"@type\":\"Person\",\"@id\":\"https:\\\/\\\/kaizen-blog.org\\\/#\\\/schema\\\/person\\\/7d3fc7346e2501a389ea3daa48b99ad0\",\"name\":\"Rainer Hofmann\",\"image\":{\"@type\":\"ImageObject\",\"inLanguage\":\"en-US\",\"@id\":\"\\\/\\\/www.gravatar.com\\\/avatar\\\/21e5b26d4f12b21206d8094d7aea4ab6?s=96&#038;r=g&#038;d=initials\",\"url\":\"\\\/\\\/www.gravatar.com\\\/avatar\\\/21e5b26d4f12b21206d8094d7aea4ab6?s=96&#038;r=g&#038;d=initials\",\"contentUrl\":\"\\\/\\\/www.gravatar.com\\\/avatar\\\/21e5b26d4f12b21206d8094d7aea4ab6?s=96&#038;r=g&#038;d=initials\",\"caption\":\"Rainer Hofmann\"},\"sameAs\":[\"https:\\\/\\\/kaizen-blog.org\"],\"url\":\"https:\\\/\\\/kaizen-blog.org\\\/en\\\/author\\\/admin\\\/\"}]}<\/script>\n<!-- \/ Yoast SEO plugin. -->","yoast_head_json":{"title":"Ein gef\u00e4hrliches Novum \u2013 Wie Donald Trump Kaliforniens Nationalgarde unter Bundesbefehl stellte - The Kaizen Blog","robots":{"index":"index","follow":"follow","max-snippet":"max-snippet:-1","max-image-preview":"max-image-preview:large","max-video-preview":"max-video-preview:-1"},"canonical":"https:\/\/kaizen-blog.org\/en\/ein-gefaehrliches-novum-wie-donald-trump-kaliforniens-nationalgarde-unter-bundesbefehl-stellte\/","og_locale":"en_US","og_type":"article","og_title":"Ein gef\u00e4hrliches Novum \u2013 Wie Donald Trump Kaliforniens Nationalgarde unter Bundesbefehl stellte","og_description":"Es ist ein Schritt, der weit \u00fcber die politische Symbolik hinausgeht \u2013 und tief in die Verfassungseingeweide der Vereinigten Staaten greift: Donald Trump hat am 7. Juni 2025 die Nationalgarde Kaliforniens nach Los Angeles beordert, ohne Zustimmung des Gouverneurs. Ein Tabubruch? Ein legaler Pr\u00e4zedenzfall? Oder ein Versto\u00df gegen die f\u00f6derale Ordnung?Historisch betrachtet ist der Fall [&hellip;]","og_url":"https:\/\/kaizen-blog.org\/en\/ein-gefaehrliches-novum-wie-donald-trump-kaliforniens-nationalgarde-unter-bundesbefehl-stellte\/","og_site_name":"The Kaizen Blog","article_publisher":"https:\/\/www.facebook.com\/rainer.hofmann.2025\/","article_published_time":"2025-06-09T16:30:15+00:00","article_modified_time":"2025-06-09T16:30:17+00:00","og_image":[{"width":850,"height":508,"url":"https:\/\/kaizen-blog.org\/wp-content\/uploads\/2025\/06\/1965-ng2.webp","type":"image\/webp"}],"author":"Rainer Hofmann","twitter_card":"summary_large_image","twitter_misc":{"Written by":"Rainer Hofmann","Est. reading time":"4 minutes"},"schema":{"@context":"https:\/\/schema.org","@graph":[{"@type":"Article","@id":"https:\/\/kaizen-blog.org\/ein-gefaehrliches-novum-wie-donald-trump-kaliforniens-nationalgarde-unter-bundesbefehl-stellte\/#article","isPartOf":{"@id":"https:\/\/kaizen-blog.org\/ein-gefaehrliches-novum-wie-donald-trump-kaliforniens-nationalgarde-unter-bundesbefehl-stellte\/"},"author":{"name":"Rainer Hofmann","@id":"https:\/\/kaizen-blog.org\/#\/schema\/person\/7d3fc7346e2501a389ea3daa48b99ad0"},"headline":"Ein gef\u00e4hrliches Novum \u2013 Wie Donald Trump Kaliforniens Nationalgarde unter Bundesbefehl stellte","datePublished":"2025-06-09T16:30:15+00:00","dateModified":"2025-06-09T16:30:17+00:00","mainEntityOfPage":{"@id":"https:\/\/kaizen-blog.org\/ein-gefaehrliches-novum-wie-donald-trump-kaliforniens-nationalgarde-unter-bundesbefehl-stellte\/"},"wordCount":656,"commentCount":0,"image":{"@id":"https:\/\/kaizen-blog.org\/ein-gefaehrliches-novum-wie-donald-trump-kaliforniens-nationalgarde-unter-bundesbefehl-stellte\/#primaryimage"},"thumbnailUrl":"https:\/\/i0.wp.com\/kaizen-blog.org\/wp-content\/uploads\/2025\/06\/1965-ng2.webp?fit=850%2C508&ssl=1","articleSection":["State News","Trumpland","USA"],"inLanguage":"en-US","potentialAction":[{"@type":"CommentAction","name":"Comment","target":["https:\/\/kaizen-blog.org\/ein-gefaehrliches-novum-wie-donald-trump-kaliforniens-nationalgarde-unter-bundesbefehl-stellte\/#respond"]}]},{"@type":"WebPage","@id":"https:\/\/kaizen-blog.org\/ein-gefaehrliches-novum-wie-donald-trump-kaliforniens-nationalgarde-unter-bundesbefehl-stellte\/","url":"https:\/\/kaizen-blog.org\/ein-gefaehrliches-novum-wie-donald-trump-kaliforniens-nationalgarde-unter-bundesbefehl-stellte\/","name":"Ein gef\u00e4hrliches Novum \u2013 Wie Donald Trump Kaliforniens Nationalgarde unter Bundesbefehl stellte - The Kaizen Blog","isPartOf":{"@id":"https:\/\/kaizen-blog.org\/#website"},"primaryImageOfPage":{"@id":"https:\/\/kaizen-blog.org\/ein-gefaehrliches-novum-wie-donald-trump-kaliforniens-nationalgarde-unter-bundesbefehl-stellte\/#primaryimage"},"image":{"@id":"https:\/\/kaizen-blog.org\/ein-gefaehrliches-novum-wie-donald-trump-kaliforniens-nationalgarde-unter-bundesbefehl-stellte\/#primaryimage"},"thumbnailUrl":"https:\/\/i0.wp.com\/kaizen-blog.org\/wp-content\/uploads\/2025\/06\/1965-ng2.webp?fit=850%2C508&ssl=1","datePublished":"2025-06-09T16:30:15+00:00","dateModified":"2025-06-09T16:30:17+00:00","author":{"@id":"https:\/\/kaizen-blog.org\/#\/schema\/person\/7d3fc7346e2501a389ea3daa48b99ad0"},"breadcrumb":{"@id":"https:\/\/kaizen-blog.org\/ein-gefaehrliches-novum-wie-donald-trump-kaliforniens-nationalgarde-unter-bundesbefehl-stellte\/#breadcrumb"},"inLanguage":"en-US","potentialAction":[{"@type":"ReadAction","target":["https:\/\/kaizen-blog.org\/ein-gefaehrliches-novum-wie-donald-trump-kaliforniens-nationalgarde-unter-bundesbefehl-stellte\/"]}]},{"@type":"ImageObject","inLanguage":"en-US","@id":"https:\/\/kaizen-blog.org\/ein-gefaehrliches-novum-wie-donald-trump-kaliforniens-nationalgarde-unter-bundesbefehl-stellte\/#primaryimage","url":"https:\/\/i0.wp.com\/kaizen-blog.org\/wp-content\/uploads\/2025\/06\/1965-ng2.webp?fit=850%2C508&ssl=1","contentUrl":"https:\/\/i0.wp.com\/kaizen-blog.org\/wp-content\/uploads\/2025\/06\/1965-ng2.webp?fit=850%2C508&ssl=1","width":850,"height":508},{"@type":"BreadcrumbList","@id":"https:\/\/kaizen-blog.org\/ein-gefaehrliches-novum-wie-donald-trump-kaliforniens-nationalgarde-unter-bundesbefehl-stellte\/#breadcrumb","itemListElement":[{"@type":"ListItem","position":1,"name":"Startseite","item":"https:\/\/kaizen-blog.org\/"},{"@type":"ListItem","position":2,"name":"Ein gef\u00e4hrliches Novum \u2013 Wie Donald Trump Kaliforniens Nationalgarde unter Bundesbefehl stellte"}]},{"@type":"WebSite","@id":"https:\/\/kaizen-blog.org\/#website","url":"https:\/\/kaizen-blog.org\/","name":"The Kaizen Blog","description":"Investigative Journalism","potentialAction":[{"@type":"SearchAction","target":{"@type":"EntryPoint","urlTemplate":"https:\/\/kaizen-blog.org\/?s={search_term_string}"},"query-input":{"@type":"PropertyValueSpecification","valueRequired":true,"valueName":"search_term_string"}}],"inLanguage":"en-US"},{"@type":"Person","@id":"https:\/\/kaizen-blog.org\/#\/schema\/person\/7d3fc7346e2501a389ea3daa48b99ad0","name":"Rainer Hofmann","image":{"@type":"ImageObject","inLanguage":"en-US","@id":"\/\/www.gravatar.com\/avatar\/21e5b26d4f12b21206d8094d7aea4ab6?s=96&#038;r=g&#038;d=initials","url":"\/\/www.gravatar.com\/avatar\/21e5b26d4f12b21206d8094d7aea4ab6?s=96&#038;r=g&#038;d=initials","contentUrl":"\/\/www.gravatar.com\/avatar\/21e5b26d4f12b21206d8094d7aea4ab6?s=96&#038;r=g&#038;d=initials","caption":"Rainer Hofmann"},"sameAs":["https:\/\/kaizen-blog.org"],"url":"https:\/\/kaizen-blog.org\/en\/author\/admin\/"}]}},"jetpack_publicize_connections":[],"jetpack_featured_media_url":"https:\/\/i0.wp.com\/kaizen-blog.org\/wp-content\/uploads\/2025\/06\/1965-ng2.webp?fit=850%2C508&ssl=1","jetpack_sharing_enabled":true,"jetpack-related-posts":[{"id":31158,"url":"https:\/\/kaizen-blog.org\/en\/09-maerz-2026-kurznachrichten\/","url_meta":{"origin":3748,"position":0},"title":"March 9, 2026 \u2013 Short News","author":"TEAM KAIZEN BLOG","date":"March 9, 2026","format":false,"excerpt":"Machtwechsel unter Bomben \u2013 Mojtaba Khamenei \u00fcbernimmt in einem Land im Krieg! Mojtaba Chamenei Neun Tage nach Beginn der amerikanisch-israelischen Angriffe steht Iran vor einem radikalen Einschnitt. Ajatollah Ali Chamenei ist bei einem Luftangriff get\u00f6tet worden. In den fr\u00fchen Morgenstunden verk\u00fcndeten f\u00fchrende schiitische Geistliche nun seinen Nachfolger: Mojtaba Chamenei, 56\u2026","rel":"","context":"In &quot;+++ Kaizen News Ticker +++&quot;","block_context":{"text":"+++ Kaizen News Ticker +++","link":"https:\/\/kaizen-blog.org\/en\/category\/ticker\/"},"img":{"alt_text":"","src":"https:\/\/i0.wp.com\/kaizen-blog.org\/wp-content\/uploads\/2026\/03\/kaizenlive-2026-03-09T021237.368.webp?fit=905%2C500&ssl=1&resize=350%2C200","width":350,"height":200,"srcset":"https:\/\/i0.wp.com\/kaizen-blog.org\/wp-content\/uploads\/2026\/03\/kaizenlive-2026-03-09T021237.368.webp?fit=905%2C500&ssl=1&resize=350%2C200 1x, https:\/\/i0.wp.com\/kaizen-blog.org\/wp-content\/uploads\/2026\/03\/kaizenlive-2026-03-09T021237.368.webp?fit=905%2C500&ssl=1&resize=525%2C300 1.5x, https:\/\/i0.wp.com\/kaizen-blog.org\/wp-content\/uploads\/2026\/03\/kaizenlive-2026-03-09T021237.368.webp?fit=905%2C500&ssl=1&resize=700%2C400 2x"},"classes":[]},{"id":34750,"url":"https:\/\/kaizen-blog.org\/en\/23-april-2026-kurznachrichten\/","url_meta":{"origin":3748,"position":1},"title":"April 23, 2026 \u2013 Short News","author":"TEAM KAIZEN BLOG","date":"April 23, 2026","format":false,"excerpt":"Staatsbesuch ohne Begegnung \u2013 warum Charles den Kontakt zu Epstein-Opfern vermeidet! Die Reise steht fest, der Ablauf ist geplant, die Termine sind gesetzt. Wenn Charles III. kommende Woche in die Vereinigten Staaten reist, wird er empfangen, sprechen, repr\u00e4sentieren. Was nicht stattfinden wird, ist ein Treffen mit den Opfern von Jeffrey\u2026","rel":"","context":"In &quot;+++ Kaizen News Ticker +++&quot;","block_context":{"text":"+++ Kaizen News Ticker +++","link":"https:\/\/kaizen-blog.org\/en\/category\/ticker\/"},"img":{"alt_text":"","src":"https:\/\/i0.wp.com\/kaizen-blog.org\/wp-content\/uploads\/2026\/04\/kaizenlive-2026-04-23T021253.486.webp?fit=905%2C500&ssl=1&resize=350%2C200","width":350,"height":200,"srcset":"https:\/\/i0.wp.com\/kaizen-blog.org\/wp-content\/uploads\/2026\/04\/kaizenlive-2026-04-23T021253.486.webp?fit=905%2C500&ssl=1&resize=350%2C200 1x, https:\/\/i0.wp.com\/kaizen-blog.org\/wp-content\/uploads\/2026\/04\/kaizenlive-2026-04-23T021253.486.webp?fit=905%2C500&ssl=1&resize=525%2C300 1.5x, https:\/\/i0.wp.com\/kaizen-blog.org\/wp-content\/uploads\/2026\/04\/kaizenlive-2026-04-23T021253.486.webp?fit=905%2C500&ssl=1&resize=700%2C400 2x"},"classes":[]},{"id":31444,"url":"https:\/\/kaizen-blog.org\/en\/iran-greift-nachbarn-an-der-golf-steht-still-millionen-fliehen\/","url_meta":{"origin":3748,"position":2},"title":"Iran Attacks Neighbors, the Gulf Falls Silent, Millions Flee","author":"Rainer Hofmann","date":"March 12, 2026","format":false,"excerpt":"Der Krieg im Nahen Osten ger\u00e4t zunehmend au\u00dfer Kontrolle. Irans oberster F\u00fchrer Mojtaba Chamenei meldete sich erstmals nach Beginn der Angriffe zu Wort und machte klar, dass die Attacken auf Staaten am Persischen Golf fortgesetzt werden sollen. W\u00e4hrend die K\u00e4mpfe eskalieren, melden internationale Organisationen bereits eine der gr\u00f6\u00dften Fluchtbewegungen der\u2026","rel":"","context":"In &quot;Iran War&quot;","block_context":{"text":"Iran War","link":"https:\/\/kaizen-blog.org\/en\/category\/investigativ\/iran-war\/"},"img":{"alt_text":"","src":"https:\/\/i0.wp.com\/kaizen-blog.org\/wp-content\/uploads\/2026\/03\/batch_kaizennewsday-2026-03-12T152024.774.webp?fit=905%2C500&ssl=1&resize=350%2C200","width":350,"height":200,"srcset":"https:\/\/i0.wp.com\/kaizen-blog.org\/wp-content\/uploads\/2026\/03\/batch_kaizennewsday-2026-03-12T152024.774.webp?fit=905%2C500&ssl=1&resize=350%2C200 1x, https:\/\/i0.wp.com\/kaizen-blog.org\/wp-content\/uploads\/2026\/03\/batch_kaizennewsday-2026-03-12T152024.774.webp?fit=905%2C500&ssl=1&resize=525%2C300 1.5x, https:\/\/i0.wp.com\/kaizen-blog.org\/wp-content\/uploads\/2026\/03\/batch_kaizennewsday-2026-03-12T152024.774.webp?fit=905%2C500&ssl=1&resize=700%2C400 2x"},"classes":[]},{"id":33355,"url":"https:\/\/kaizen-blog.org\/en\/amerika-war-nie-eine-christliche-nation-und-die-gruendervaeter-wussten-das-genau\/","url_meta":{"origin":3748,"position":3},"title":"America was never a Christian nation - and the Founding Fathers knew that exactly","author":"Rainer Hofmann","date":"April 4, 2026","format":false,"excerpt":"Karoline Leavitt, Pressesprecherin des Wei\u00dfen Hauses, sagte am 30. M\u00e4rz bei einer Pressekonferenz, Amerika sei vor 250 Jahren \"auf j\u00fcdisch-christlichen Werten gegr\u00fcndet worden.\" Es ist ein Satz, den man in Washington oft h\u00f6rt. Er klingt selbstverst\u00e4ndlich. Er ist es nicht. Die Gr\u00fcnderv\u00e4ter der Vereinigten Staaten kamen aus einer christlichen Nation\u2026","rel":"","context":"In &quot;Daylight&quot;","block_context":{"text":"Daylight","link":"https:\/\/kaizen-blog.org\/en\/category\/daylight\/"},"img":{"alt_text":"","src":"https:\/\/i0.wp.com\/kaizen-blog.org\/wp-content\/uploads\/2026\/04\/batch_kaizennewsday-2026-04-04T084049.314.webp?fit=905%2C500&ssl=1&resize=350%2C200","width":350,"height":200,"srcset":"https:\/\/i0.wp.com\/kaizen-blog.org\/wp-content\/uploads\/2026\/04\/batch_kaizennewsday-2026-04-04T084049.314.webp?fit=905%2C500&ssl=1&resize=350%2C200 1x, https:\/\/i0.wp.com\/kaizen-blog.org\/wp-content\/uploads\/2026\/04\/batch_kaizennewsday-2026-04-04T084049.314.webp?fit=905%2C500&ssl=1&resize=525%2C300 1.5x, https:\/\/i0.wp.com\/kaizen-blog.org\/wp-content\/uploads\/2026\/04\/batch_kaizennewsday-2026-04-04T084049.314.webp?fit=905%2C500&ssl=1&resize=700%2C400 2x"},"classes":[]},{"id":31224,"url":"https:\/\/kaizen-blog.org\/en\/10-maerz-2026-kurznachrichten\/","url_meta":{"origin":3748,"position":4},"title":"March 10, 2026 \u2013 Short News","author":"TEAM KAIZEN BLOG","date":"March 10, 2026","format":false,"excerpt":"Trump telefoniert mit Putin \u2013 Iran, Ukraine und der \u00d6lmarkt im selben Gespr\u00e4ch! Trump \u00fcber Russland: \u201eWir werden diese Sanktionen aufheben, bis sich die Lage wieder ordnet. Wer wei\u00df, vielleicht m\u00fcssen wir sie gar nicht wieder verh\u00e4ngen.\u201c - (Trump bezieht sich aber nur auf den Zusammenhang der Sanktionen, die den\u2026","rel":"","context":"In &quot;+++ Kaizen News Ticker +++&quot;","block_context":{"text":"+++ Kaizen News Ticker +++","link":"https:\/\/kaizen-blog.org\/en\/category\/ticker\/"},"img":{"alt_text":"","src":"https:\/\/i0.wp.com\/kaizen-blog.org\/wp-content\/uploads\/2026\/03\/kaizenlive-2026-03-10T011434.038.webp?fit=905%2C500&ssl=1&resize=350%2C200","width":350,"height":200,"srcset":"https:\/\/i0.wp.com\/kaizen-blog.org\/wp-content\/uploads\/2026\/03\/kaizenlive-2026-03-10T011434.038.webp?fit=905%2C500&ssl=1&resize=350%2C200 1x, https:\/\/i0.wp.com\/kaizen-blog.org\/wp-content\/uploads\/2026\/03\/kaizenlive-2026-03-10T011434.038.webp?fit=905%2C500&ssl=1&resize=525%2C300 1.5x, https:\/\/i0.wp.com\/kaizen-blog.org\/wp-content\/uploads\/2026\/03\/kaizenlive-2026-03-10T011434.038.webp?fit=905%2C500&ssl=1&resize=700%2C400 2x"},"classes":[]},{"id":31210,"url":"https:\/\/kaizen-blog.org\/en\/stunde-der-eskalation-sieben-tote-us-soldaten-neue-luftschlaege-auf-teheran-und-ein-krieg-ohne-haltepunkt\/","url_meta":{"origin":3748,"position":5},"title":"Hour of Escalation - Seventh U.S. Soldier Dead, New Airstrikes on Tehran and a War Without a Stopping Point","author":"Rainer Hofmann","date":"March 9, 2026","format":false,"excerpt":"Der Krieg zwischen den USA, Israel und Iran versch\u00e4rft die Lage in der gesamten Region, die l\u00e4ngst nicht mehr nur Zuschauer ist. Am Montag identifizierte das Pentagon den siebten gefallenen US-Soldaten. Army Staff Sergeant Benjamin N. Pennington, 26 Jahre alt, aus Glendale in Kentucky, erlag seinen Verletzungen, die er am\u2026","rel":"","context":"In &quot;Iran War&quot;","block_context":{"text":"Iran War","link":"https:\/\/kaizen-blog.org\/en\/category\/investigativ\/iran-war\/"},"img":{"alt_text":"","src":"https:\/\/i0.wp.com\/kaizen-blog.org\/wp-content\/uploads\/2026\/03\/kaizennewsday-2026-03-09T185146.006.webp?fit=905%2C500&ssl=1&resize=350%2C200","width":350,"height":200,"srcset":"https:\/\/i0.wp.com\/kaizen-blog.org\/wp-content\/uploads\/2026\/03\/kaizennewsday-2026-03-09T185146.006.webp?fit=905%2C500&ssl=1&resize=350%2C200 1x, https:\/\/i0.wp.com\/kaizen-blog.org\/wp-content\/uploads\/2026\/03\/kaizennewsday-2026-03-09T185146.006.webp?fit=905%2C500&ssl=1&resize=525%2C300 1.5x, https:\/\/i0.wp.com\/kaizen-blog.org\/wp-content\/uploads\/2026\/03\/kaizennewsday-2026-03-09T185146.006.webp?fit=905%2C500&ssl=1&resize=700%2C400 2x"},"classes":[]}],"_links":{"self":[{"href":"https:\/\/kaizen-blog.org\/en\/wp-json\/wp\/v2\/posts\/3748","targetHints":{"allow":["GET"]}}],"collection":[{"href":"https:\/\/kaizen-blog.org\/en\/wp-json\/wp\/v2\/posts"}],"about":[{"href":"https:\/\/kaizen-blog.org\/en\/wp-json\/wp\/v2\/types\/post"}],"author":[{"embeddable":true,"href":"https:\/\/kaizen-blog.org\/en\/wp-json\/wp\/v2\/users\/1"}],"replies":[{"embeddable":true,"href":"https:\/\/kaizen-blog.org\/en\/wp-json\/wp\/v2\/comments?post=3748"}],"version-history":[{"count":0,"href":"https:\/\/kaizen-blog.org\/en\/wp-json\/wp\/v2\/posts\/3748\/revisions"}],"wp:featuredmedia":[{"embeddable":true,"href":"https:\/\/kaizen-blog.org\/en\/wp-json\/wp\/v2\/media\/3750"}],"wp:attachment":[{"href":"https:\/\/kaizen-blog.org\/en\/wp-json\/wp\/v2\/media?parent=3748"}],"wp:term":[{"taxonomy":"category","embeddable":true,"href":"https:\/\/kaizen-blog.org\/en\/wp-json\/wp\/v2\/categories?post=3748"},{"taxonomy":"post_tag","embeddable":true,"href":"https:\/\/kaizen-blog.org\/en\/wp-json\/wp\/v2\/tags?post=3748"}],"curies":[{"name":"wp","href":"https:\/\/api.w.org\/{rel}","templated":true}]}}