{"id":35318,"date":"2026-04-30T23:54:47","date_gmt":"2026-04-30T22:54:47","guid":{"rendered":"https:\/\/kaizen-blog.org\/?p=35318"},"modified":"2026-05-01T00:38:58","modified_gmt":"2026-04-30T23:38:58","slug":"wer-entschied-ueber-die-anklage-der-fall-abrego-und-die-offene-frage-nach-druck-aus-washington","status":"publish","type":"post","link":"https:\/\/kaizen-blog.org\/en\/wer-entschied-ueber-die-anklage-der-fall-abrego-und-die-offene-frage-nach-druck-aus-washington\/","title":{"rendered":"Who decided on the charges - the case of Kilmar Abrego and the open question of pressure from Washington"},"content":{"rendered":"<p>Kilmar Abrego Garcia sits in a courtroom in Nashville, headphones on to follow every word in Spanish. Cameras wait outside, inside the seats fill quickly. A man who, more than a year ago, prevailed before the Supreme Court of the United States and had to be brought back from a prison in El Salvador now stands again at the center of proceedings that are still not clearly explained. We have been involved in this case since March 2025 and have seen everything this administration is capable of. What Kilmar had to endure is, in parts, beyond words.<\/p>\n\n\n\n<p>The federal government is pursuing two paths at once. On the one hand, it seeks to deport Abrego, most recently with Liberia mentioned. On the other, the Department of Justice is pushing forward a criminal case for human smuggling. Judge Paula Xinis of Maryland puts the problem plainly. You cannot have both at the same time. He must be in the country if you want to prosecute him. The origin of the charges lies in a traffic stop in Tennessee in 2022. Prosecutors view it as evidence that Abrego was part of a smuggling network. But the case stalls. Judge Waverly Crenshaw pauses the proceedings to address a central question. Is this a targeted and possibly retaliatory prosecution.<\/p>\n\n\n\n<p>The defense, attorney David Patton, states it clearly. This case is the result of a deliberate attempt to punish him for fighting back instead of accepting a brutal injustice. Crenshaw himself sees indications of that. As early as last year, he spoke of a realistic possibility of retaliation.<\/p>\n\n\n\n<p>In the courtroom, it becomes clear how difficult this question is to resolve. The government refuses insight into internal decisions. The trail leads back to Baltimore, where an investigation into that same traffic stop ran for more than two and a half years and was then closed when Abrego was taken to El Salvador. After his success before the Supreme Court, that same investigation is suddenly reopened. The Department of Homeland Security speaks of significant findings and publicly labels Abrego a human smuggler and a member of MS 13. Shortly afterward, prosecutors in Tennessee file charges.<\/p>\n\n\n\n<p>Judge Crenshaw orders an evidentiary hearing. The Department of Justice is to explain why it is pursuing this case. The response is extensive. In 24 pages, the government repeatedly emphasizes that everything is based on clear evidence and not on personal motives. It states that any claim of hostility is contradicted by the available evidence.<\/p>\n\n\n\n<p>In the courtroom, the statements appear less clear. Rana Saoud, a former Homeland Security investigator in Nashville, says she first learned of the case through an article by the conservative Tennessee Star. She cannot recall who sent her the article. She no longer has her phone. She then calls Robert McGuire, the lead prosecutor in Tennessee. He also had not been aware of the traffic stop at that time. Both decide to take a closer look at the case.<\/p>\n\n\n\n<p>Saoud states under oath that political attention played no role for her. They do not let themselves be guided by it. She says she even stopped following the news because other priorities were more important. At the same time, she acknowledges that she does not know the internal decisions within the Department of Justice.<\/p>\n\n\n\n<p>Then Robert McGuire himself takes the stand. On the central question, he answers clearly. Who made the decision to bring charges. He did. Neither Todd Blanche nor anyone from Washington or the White House instructed him to do so. He says he saw indications of human smuggling in the video of the traffic stop and pursued the case.<\/p>\n\n\n\n<p>But that account is not the full picture. Emails show that Aakash Singh from the office of the deputy attorney general was involved early. On the same Sunday that McGuire first learned of the case, Singh wrote to him and requested a meeting. In further messages, he calls the case a high priority. All of these messages were secured through targeted reporting and are part of the record. When asked who \u201cwe\u201d refers to in those messages, McGuire says he assumes it meant the leadership of the Department of Justice. Additional emails from reporting show Singh asking about the status of the charges and applying pressure. The defense reads each of these messages aloud in court. In one internal email, McGuire writes to his team that he had heard Todd Blanche and Emil Bove wanted the charges to be pushed forward more quickly. At the same time, he asks his staff not to put their assessments in writing. He prefers face to face conversations.<\/p>\n\n\n\n<p>A senior staff member still contradicts him in writing. Ben Schrader, head of the criminal division, clearly opposes the charges and asks that his assessment be forwarded to Washington. On the day the charges are filed, he resigns.<\/p>\n\n\n\n<p>The defense also points to a phone call between Blanche and McGuire on June 6, the day Abrego was returned to the United States. McGuire describes it as brief. Blanche merely informed him. He says he cannot recall the details precisely. In the background is a document that plays a central role in court. A memorandum from Pam Bondi dated February 2025. It instructs Department of Justice attorneys to consistently represent the government\u2019s position. Those who refuse risk disciplinary action or even dismissal. When asked whether that message was clear, McGuire answers briefly. He understood the directive.<\/p>\n\n\n\n<p>The Abrego case is no longer just about a single prosecution. It stands for the question of how independent law enforcement still is when political interests visibly enter the process. Judge Crenshaw must decide whether the government has convincingly shown that only evidence is at work here. Or whether the indications of pressure and influence from Washington carry more weight.<\/p>\n\n\n\n<p>The decision will determine whether this case proceeds at all. And it will show how much weight a single sentence in a courtroom can ultimately carry. You cannot have both at the same time, and Kilmar\u2019s chances of leaving that courtroom as a legal victor, finally a free man, are more than good.<\/p>\n\n\n\n<p>To be continued .....<\/p>\n\n\n\n<div style=\"height:25px\" aria-hidden=\"true\" class=\"wp-block-spacer\"><\/div>\n\n\n\n<div class=\"kz-ad-root\">\n<style>\n@import url('https:\/\/fonts.googleapis.com\/css2?family=Bebas+Neue&family=Source+Sans+3:ital,wght@0,400;0,700;1,400&display=swap');\n\n.kz-ad-root { margin: 28px 0; }\n\n.kz-ad {\n  font-family: 'Source Sans 3', 'Segoe UI', Arial, sans-serif;\n  background: #ffffff;\n  border: 1px solid #DEDEDE;\n  border-radius: 4px;\n  overflow: hidden;\n  max-width: 100%;\n  box-sizing: border-box;\n}\n\n.kz-top {\n  background: #111111;\n  padding: 12px 18px;\n  display: flex;\n  align-items: center;\n  gap: 10px;\n}\n\n.kz-eyebrow-line {\n  width: 22px;\n  height: 2px;\n  background: #7A1A24;\n  flex-shrink: 0;\n}\n\n.kz-badge {\n  font-size: 13px;\n  font-weight: 700;\n  letter-spacing: 0.14em;\n  text-transform: uppercase;\n  color: #ffffff;\n}\n\n.kz-inner {\n  padding: 22px 18px 20px;\n}\n\n.kz-headline {\n  font-family: 'Bebas Neue', Impact, Arial Narrow, sans-serif;\n  font-size: 2.4rem;\n  font-weight: 400;\n  color: #111111;\n  line-height: 1.1;\n  margin: 0 0 16px 0;\n  letter-spacing: 0.03em;\n}\n\n.kz-headline span {\n  color: #8A8A8A;\n}\n\n.kz-text {\n  font-size: 1.05rem;\n  line-height: 1.75;\n  color: #333333;\n  margin: 0 0 16px 0;\n}\n\n.kz-callout {\n  font-size: 1.05rem;\n  line-height: 1.65;\n  color: #111111;\n  font-weight: 700;\n  border-left: 3px solid #7A1A24;\n  padding: 12px 14px;\n  margin: 0 0 22px 0;\n  background: #F7F7F7;\n  border-radius: 0 2px 2px 0;\n}\n\n.kz-btn {\n  display: flex;\n  align-items: center;\n  justify-content: center;\n  gap: 9px;\n  width: 100%;\n  box-sizing: border-box;\n  padding: 16px 20px;\n  background: #7A1A24;\n  color: #ffffff;\n  font-family: 'Source Sans 3', sans-serif;\n  font-weight: 700;\n  font-size: 1.1rem;\n  text-decoration: none;\n  border-radius: 2px;\n  transition: background 0.18s, transform 0.15s;\n  letter-spacing: 0.03em;\n  text-transform: uppercase;\n  margin-bottom: 16px;\n}\n\n.kz-btn:hover {\n  background: #5C1219;\n  transform: translateY(-1px);\n}\n\n.kz-btn svg { transition: transform 0.18s; }\n.kz-btn:hover svg { transform: translateX(3px); }\n\n.kz-footer {\n  display: flex;\n  align-items: center;\n  justify-content: center;\n  padding-bottom: 2px;\n}\n\n.kz-more {\n  font-size: 1.05rem;\n  color: #444444;\n  text-decoration: none;\n  transition: color 0.15s, border-color 0.15s;\n  font-style: italic;\n  border-bottom: 1px solid #CCCCCC;\n  padding-bottom: 2px;\n}\n\n.kz-more:hover { color: #7A1A24; border-color: #7A1A24; }\n\n@media (min-width: 540px) {\n  .kz-inner { padding: 24px 26px 22px; }\n  .kz-headline { font-size: 2.8rem; }\n\n  .kz-btn {\n    width: auto;\n    display: inline-flex;\n    padding: 15px 36px;\n  }\n\n  .kz-btn-wrap {\n    display: flex;\n    align-items: center;\n    justify-content: space-between;\n    gap: 16px;\n  }\n\n  .kz-footer {\n    justify-content: flex-end;\n  }\n}\n<\/style>\n\n<div class=\"kz-ad\">\n  <div class=\"kz-top\">\n    <div class=\"kz-eyebrow-line\"><\/div>\n    <span class=\"kz-badge\">Independent Journalism \u00b7 Kaizen Blog<\/span>\n  <\/div>\n  <div class=\"kz-inner\">\n\n    <h3 class=\"kz-headline\">We are where,<br>it hurts. <span>wehtut.<\/span><\/h3>\n\n    <p class=\"kz-text\">We do not sit in comfort writing about the world - and we do not stop once the writing ends. Our help goes where it is needed. We are a small team. No investors, no millionaires, no large newsroom behind us. What we have is heart, determination, and the commitment to uncover things that others often overlook. If you want this work to continue, please support the Kaizen Blog.<\/p>\n\n    <div class=\"kz-callout\">Our work depends on those who pay attention - and stand up for making sure it remains possible.<\/div>\n\n    <div class=\"kz-btn-wrap\">\n      <a class=\"kz-btn\" href=\"https:\/\/buy.stripe.com\/14A4gzgJWaWm3gM1Ls3VC00\" target=\"_blank\" rel=\"noopener\">\n        Make Kaizen possible\n        <svg width=\"17\" height=\"17\" viewbox=\"0 0 14 14\" fill=\"none\" xmlns=\"http:\/\/www.w3.org\/2000\/svg\">\n          <path d=\"M2 7h10M8 3l4 4-4 4\" stroke=\"#fff\" stroke-width=\"1.8\" stroke-linecap=\"round\" stroke-linejoin=\"round\"\/>\n        <\/svg>\n      <\/a>\n      <div class=\"kz-footer\">\n        <a class=\"kz-more\" href=\"https:\/\/kaizen-blog.org\/en\/unterstuetzen-sie-unser-arbeit\/\" target=\"_blank\" rel=\"noopener\">About our work \u2192<\/a>\n      <\/div>\n    <\/div>\n\n  <\/div>\n<\/div>\n<\/div>\n\n\n\n<div style=\"height:30px\" aria-hidden=\"true\" class=\"wp-block-spacer\"><\/div>\n\n\n\n<div class=\"kb-news-update-box\" style=\"    max-width: 650px;    margin: 2rem auto;    padding: 1.25rem 1.5rem;    border-radius: 12px;    border: 1px solid rgba(120,120,120,0.4);    background: rgba(15,15,20,0.03);    backdrop-filter: blur(4px);    font-family: system-ui, -apple-system, BlinkMacSystemFont, 'Segoe UI', sans-serif;\">\n  <style>\n    @media (prefers-color-scheme: dark) {\n      .kb-news-update-box {\n        background: rgba(15,15,20,0.9) !important;\n        border-color: rgba(160,160,160,0.4) !important;\n      }\n      .kb-news-update-box h3 {\n        color: #f5f5f5 !important;\n      }\n      .kb-news-update-box p {\n        color: #e0e0e0 !important;\n      }\n      .kb-news-update-box a.kb-news-link {\n        color: #ffb347 !important;\n        border-color: rgba(255,179,71,0.4) !important;\n      }\n      .kb-news-update-box a.kb-news-link:hover {\n        background: rgba(255,179,71,0.12) !important;\n      }\n    }\n  <\/style>\n\n  <h3 style=\"      margin: 0 0 0.5rem 0;      font-size: 1.15rem;      letter-spacing: 0.02em;      text-transform: uppercase;  \">\n    Updates \u2013 Kaizen News Brief\n  <\/h3>\n\n  <p style=\"      margin: 0 0 0.9rem 0;      font-size: 0.95rem;      line-height: 1.5;  \">\n    All current curated daily updates can be found in the Kaizen News Brief. \n  <\/p>\n\n  <!-- Deutscher Button -->\n  <a class=\"kb-news-link\" href=\"https:\/\/kaizen-blog.org\/en\/01-mai-2026-kurznachrichten\/\" style=\"      display: inline-flex;      align-items: center;      gap: 0.4rem;      padding: 0.45rem 0.9rem;      border-radius: 999px;      border: 1px solid rgba(0,0,0,0.12);      font-size: 0.9rem;      text-decoration: none;      color: #004b8d;      transition: background 0.15s ease, transform 0.1s ease, border-color 0.15s ease;      margin-bottom: 0.5rem;      margin-right: 0.4rem;  \">\n    <span style=\"font-weight: 600;\">To the Kaizen News Brief<\/span>\n    <span aria-hidden=\"true\" style=\"font-size: 1.1rem;\">\u2197<\/span>\n  <\/a>\n\n  <!-- Englischer Button -->\n  <a class=\"kb-news-link\" href=\"https:\/\/kaizen-blog.org\/en\/01-mai-2026-kurznachrichten\/\" style=\"      display: inline-flex;      align-items: center;      gap: 0.4rem;      padding: 0.45rem 0.9rem;      border-radius: 999px;      border: 1px solid rgba(0,0,0,0.12);      font-size: 0.9rem;      text-decoration: none;      color: #004b8d;      transition: background 0.15s ease, transform 0.1s ease, border-color 0.15s ease;  \">\n    <span style=\"font-weight: 600;\">In English<\/span>\n    <span aria-hidden=\"true\" style=\"font-size: 1.1rem;\">\u2197<\/span>\n  <\/a>\n\n<\/div>\n\n\n\n<div style=\"height:100px\" aria-hidden=\"true\" class=\"wp-block-spacer\"><\/div>\n<div class=\"gsp_post_data\" \r\n\t            data-post_type=\"post\" \r\n\t            data-cat=\"deportations-under-trump,topstory,trump-s-world\" \r\n\t            data-modified=\"120\"\r\n\t            data-created=\"1777593287\"\r\n\t            data-title=\"Wer entschied \u00fcber die Anklage &#8211; Der Fall Kilmar Abrego und die offene Frage nach Druck aus Washington\" \r\n\t            data-home=\"https:\/\/kaizen-blog.org\/en\/\"><\/div>","protected":false},"excerpt":{"rendered":"<p>Kilmar Abrego Garcia sitzt im Gerichtssaal in Nashville, Kopfh\u00f6rer auf den Ohren, um jedes Wort auf Spanisch zu verfolgen. Drau\u00dfen stehen Kameras, drinnen f\u00fcllen sich die Reihen schnell. Ein Mann, der vor \u00fcber einem Jahr vor dem Supreme Court der Vereinigten Staaten Recht bekam und aus einem Gef\u00e4ngnis in El Salvador zur\u00fcckgeholt werden musste, steht [&hellip;]<\/p>\n","protected":false},"author":1,"featured_media":35319,"comment_status":"open","ping_status":"open","sticky":false,"template":"","format":"standard","meta":{"_jetpack_memberships_contains_paid_content":false,"footnotes":"","jetpack_publicize_message":"","jetpack_publicize_feature_enabled":true,"jetpack_social_post_already_shared":true,"jetpack_social_options":{"image_generator_settings":{"template":"highway","default_image_id":0,"font":"","enabled":false},"version":2}},"categories":[38,7,41],"tags":[],"class_list":["post-35318","post","type-post","status-publish","format-standard","has-post-thumbnail","hentry","category-deportations-under-trump","category-topstory","category-trump-s-world"],"featured_image_src":"https:\/\/i0.wp.com\/kaizen-blog.org\/wp-content\/uploads\/2026\/04\/kaizennewsday-2026-05-01T004817.351.webp?fit=905%2C500&ssl=1","author_info":{"display_name":"Rainer Hofmann","author_link":"https:\/\/kaizen-blog.org\/en\/author\/admin\/"},"yoast_head":"<!-- This site is optimized with the Yoast SEO plugin v27.5 - https:\/\/yoast.com\/product\/yoast-seo-wordpress\/ -->\n<title>Wer entschied \u00fcber die Anklage - Der Fall Kilmar Abrego und die offene Frage nach Druck aus Washington - The Kaizen Blog<\/title>\n<meta name=\"description\" content=\"Kilmar Abrego Garcia sitzt im Gerichtssaal in Nashville, Kopfh\u00f6rer auf den Ohren, um jedes Wort auf Spanisch zu verfolgen. Drau\u00dfen stehen Kameras, drinnen f\u00fcllen sich die Reihen schnell.\" \/>\n<meta name=\"robots\" content=\"index, follow, max-snippet:-1, max-image-preview:large, max-video-preview:-1\" \/>\n<link rel=\"canonical\" href=\"https:\/\/kaizen-blog.org\/en\/wer-entschied-ueber-die-anklage-der-fall-abrego-und-die-offene-frage-nach-druck-aus-washington\/\" \/>\n<meta property=\"og:locale\" content=\"en_US\" \/>\n<meta property=\"og:type\" content=\"article\" \/>\n<meta property=\"og:title\" content=\"Wer entschied \u00fcber die Anklage - Der Fall Kilmar Abrego und die offene Frage nach Druck aus Washington\" \/>\n<meta property=\"og:description\" content=\"Kilmar Abrego Garcia sitzt im Gerichtssaal in Nashville, Kopfh\u00f6rer auf den Ohren, um jedes Wort auf Spanisch zu verfolgen. Drau\u00dfen stehen Kameras, drinnen f\u00fcllen sich die Reihen schnell.\" \/>\n<meta property=\"og:url\" content=\"https:\/\/kaizen-blog.org\/en\/wer-entschied-ueber-die-anklage-der-fall-abrego-und-die-offene-frage-nach-druck-aus-washington\/\" \/>\n<meta property=\"og:site_name\" content=\"The Kaizen Blog\" \/>\n<meta property=\"article:publisher\" content=\"https:\/\/www.facebook.com\/rainer.hofmann.2025\/\" \/>\n<meta property=\"article:published_time\" content=\"2026-04-30T22:54:47+00:00\" \/>\n<meta property=\"article:modified_time\" content=\"2026-04-30T23:38:58+00:00\" \/>\n<meta property=\"og:image\" content=\"https:\/\/kaizen-blog.org\/wp-content\/uploads\/2026\/04\/kaizennewsday-2026-05-01T004817.351.webp\" \/>\n\t<meta property=\"og:image:width\" content=\"905\" \/>\n\t<meta property=\"og:image:height\" content=\"500\" \/>\n\t<meta property=\"og:image:type\" content=\"image\/webp\" \/>\n<meta name=\"author\" content=\"Rainer Hofmann\" \/>\n<meta name=\"twitter:card\" content=\"summary_large_image\" \/>\n<meta name=\"twitter:label1\" content=\"Written by\" \/>\n\t<meta name=\"twitter:data1\" content=\"Rainer Hofmann\" \/>\n\t<meta name=\"twitter:label2\" content=\"Est. reading time\" \/>\n\t<meta name=\"twitter:data2\" content=\"6 minutes\" \/>\n<script type=\"application\/ld+json\" class=\"yoast-schema-graph\">{\"@context\":\"https:\\\/\\\/schema.org\",\"@graph\":[{\"@type\":\"Article\",\"@id\":\"https:\\\/\\\/kaizen-blog.org\\\/wer-entschied-ueber-die-anklage-der-fall-abrego-und-die-offene-frage-nach-druck-aus-washington\\\/#article\",\"isPartOf\":{\"@id\":\"https:\\\/\\\/kaizen-blog.org\\\/wer-entschied-ueber-die-anklage-der-fall-abrego-und-die-offene-frage-nach-druck-aus-washington\\\/\"},\"author\":{\"name\":\"Rainer Hofmann\",\"@id\":\"https:\\\/\\\/kaizen-blog.org\\\/#\\\/schema\\\/person\\\/7d3fc7346e2501a389ea3daa48b99ad0\"},\"headline\":\"Wer entschied \u00fcber die Anklage &#8211; Der Fall Kilmar Abrego und die offene Frage nach Druck aus Washington\",\"datePublished\":\"2026-04-30T22:54:47+00:00\",\"dateModified\":\"2026-04-30T23:38:58+00:00\",\"mainEntityOfPage\":{\"@id\":\"https:\\\/\\\/kaizen-blog.org\\\/wer-entschied-ueber-die-anklage-der-fall-abrego-und-die-offene-frage-nach-druck-aus-washington\\\/\"},\"wordCount\":1172,\"commentCount\":0,\"image\":{\"@id\":\"https:\\\/\\\/kaizen-blog.org\\\/wer-entschied-ueber-die-anklage-der-fall-abrego-und-die-offene-frage-nach-druck-aus-washington\\\/#primaryimage\"},\"thumbnailUrl\":\"https:\\\/\\\/i0.wp.com\\\/kaizen-blog.org\\\/wp-content\\\/uploads\\\/2026\\\/04\\\/kaizennewsday-2026-05-01T004817.351.webp?fit=905%2C500&ssl=1\",\"articleSection\":[\"Deportations Under Trump\",\"Topstory\",\"Trumpland\"],\"inLanguage\":\"en-US\",\"potentialAction\":[{\"@type\":\"CommentAction\",\"name\":\"Comment\",\"target\":[\"https:\\\/\\\/kaizen-blog.org\\\/wer-entschied-ueber-die-anklage-der-fall-abrego-und-die-offene-frage-nach-druck-aus-washington\\\/#respond\"]}]},{\"@type\":\"WebPage\",\"@id\":\"https:\\\/\\\/kaizen-blog.org\\\/wer-entschied-ueber-die-anklage-der-fall-abrego-und-die-offene-frage-nach-druck-aus-washington\\\/\",\"url\":\"https:\\\/\\\/kaizen-blog.org\\\/wer-entschied-ueber-die-anklage-der-fall-abrego-und-die-offene-frage-nach-druck-aus-washington\\\/\",\"name\":\"Wer entschied \u00fcber die Anklage - Der Fall Kilmar Abrego und die offene Frage nach Druck aus Washington - The Kaizen Blog\",\"isPartOf\":{\"@id\":\"https:\\\/\\\/kaizen-blog.org\\\/#website\"},\"primaryImageOfPage\":{\"@id\":\"https:\\\/\\\/kaizen-blog.org\\\/wer-entschied-ueber-die-anklage-der-fall-abrego-und-die-offene-frage-nach-druck-aus-washington\\\/#primaryimage\"},\"image\":{\"@id\":\"https:\\\/\\\/kaizen-blog.org\\\/wer-entschied-ueber-die-anklage-der-fall-abrego-und-die-offene-frage-nach-druck-aus-washington\\\/#primaryimage\"},\"thumbnailUrl\":\"https:\\\/\\\/i0.wp.com\\\/kaizen-blog.org\\\/wp-content\\\/uploads\\\/2026\\\/04\\\/kaizennewsday-2026-05-01T004817.351.webp?fit=905%2C500&ssl=1\",\"datePublished\":\"2026-04-30T22:54:47+00:00\",\"dateModified\":\"2026-04-30T23:38:58+00:00\",\"author\":{\"@id\":\"https:\\\/\\\/kaizen-blog.org\\\/#\\\/schema\\\/person\\\/7d3fc7346e2501a389ea3daa48b99ad0\"},\"description\":\"Kilmar Abrego Garcia sitzt im Gerichtssaal in Nashville, Kopfh\u00f6rer auf den Ohren, um jedes Wort auf Spanisch zu verfolgen. Drau\u00dfen stehen Kameras, drinnen f\u00fcllen sich die Reihen schnell.\",\"breadcrumb\":{\"@id\":\"https:\\\/\\\/kaizen-blog.org\\\/wer-entschied-ueber-die-anklage-der-fall-abrego-und-die-offene-frage-nach-druck-aus-washington\\\/#breadcrumb\"},\"inLanguage\":\"en-US\",\"potentialAction\":[{\"@type\":\"ReadAction\",\"target\":[\"https:\\\/\\\/kaizen-blog.org\\\/wer-entschied-ueber-die-anklage-der-fall-abrego-und-die-offene-frage-nach-druck-aus-washington\\\/\"]}]},{\"@type\":\"ImageObject\",\"inLanguage\":\"en-US\",\"@id\":\"https:\\\/\\\/kaizen-blog.org\\\/wer-entschied-ueber-die-anklage-der-fall-abrego-und-die-offene-frage-nach-druck-aus-washington\\\/#primaryimage\",\"url\":\"https:\\\/\\\/i0.wp.com\\\/kaizen-blog.org\\\/wp-content\\\/uploads\\\/2026\\\/04\\\/kaizennewsday-2026-05-01T004817.351.webp?fit=905%2C500&ssl=1\",\"contentUrl\":\"https:\\\/\\\/i0.wp.com\\\/kaizen-blog.org\\\/wp-content\\\/uploads\\\/2026\\\/04\\\/kaizennewsday-2026-05-01T004817.351.webp?fit=905%2C500&ssl=1\",\"width\":905,\"height\":500},{\"@type\":\"BreadcrumbList\",\"@id\":\"https:\\\/\\\/kaizen-blog.org\\\/wer-entschied-ueber-die-anklage-der-fall-abrego-und-die-offene-frage-nach-druck-aus-washington\\\/#breadcrumb\",\"itemListElement\":[{\"@type\":\"ListItem\",\"position\":1,\"name\":\"Startseite\",\"item\":\"https:\\\/\\\/kaizen-blog.org\\\/\"},{\"@type\":\"ListItem\",\"position\":2,\"name\":\"Wer entschied \u00fcber die Anklage &#8211; Der Fall Kilmar Abrego und die offene Frage nach Druck aus Washington\"}]},{\"@type\":\"WebSite\",\"@id\":\"https:\\\/\\\/kaizen-blog.org\\\/#website\",\"url\":\"https:\\\/\\\/kaizen-blog.org\\\/\",\"name\":\"The Kaizen Blog\",\"description\":\"Investigativer Journalismus\",\"potentialAction\":[{\"@type\":\"SearchAction\",\"target\":{\"@type\":\"EntryPoint\",\"urlTemplate\":\"https:\\\/\\\/kaizen-blog.org\\\/?s={search_term_string}\"},\"query-input\":{\"@type\":\"PropertyValueSpecification\",\"valueRequired\":true,\"valueName\":\"search_term_string\"}}],\"inLanguage\":\"en-US\"},{\"@type\":\"Person\",\"@id\":\"https:\\\/\\\/kaizen-blog.org\\\/#\\\/schema\\\/person\\\/7d3fc7346e2501a389ea3daa48b99ad0\",\"name\":\"Rainer Hofmann\",\"image\":{\"@type\":\"ImageObject\",\"inLanguage\":\"en-US\",\"@id\":\"\\\/\\\/www.gravatar.com\\\/avatar\\\/21e5b26d4f12b21206d8094d7aea4ab6?s=96&#038;r=g&#038;d=initials\",\"url\":\"\\\/\\\/www.gravatar.com\\\/avatar\\\/21e5b26d4f12b21206d8094d7aea4ab6?s=96&#038;r=g&#038;d=initials\",\"contentUrl\":\"\\\/\\\/www.gravatar.com\\\/avatar\\\/21e5b26d4f12b21206d8094d7aea4ab6?s=96&#038;r=g&#038;d=initials\",\"caption\":\"Rainer Hofmann\"},\"sameAs\":[\"https:\\\/\\\/kaizen-blog.org\"],\"url\":\"https:\\\/\\\/kaizen-blog.org\\\/en\\\/author\\\/admin\\\/\"}]}<\/script>\n<!-- \/ Yoast SEO plugin. -->","yoast_head_json":{"title":"Wer entschied \u00fcber die Anklage - Der Fall Kilmar Abrego und die offene Frage nach Druck aus Washington - The Kaizen Blog","description":"Kilmar Abrego Garcia sitzt im Gerichtssaal in Nashville, Kopfh\u00f6rer auf den Ohren, um jedes Wort auf Spanisch zu verfolgen. Drau\u00dfen stehen Kameras, drinnen f\u00fcllen sich die Reihen schnell.","robots":{"index":"index","follow":"follow","max-snippet":"max-snippet:-1","max-image-preview":"max-image-preview:large","max-video-preview":"max-video-preview:-1"},"canonical":"https:\/\/kaizen-blog.org\/en\/wer-entschied-ueber-die-anklage-der-fall-abrego-und-die-offene-frage-nach-druck-aus-washington\/","og_locale":"en_US","og_type":"article","og_title":"Wer entschied \u00fcber die Anklage - Der Fall Kilmar Abrego und die offene Frage nach Druck aus Washington","og_description":"Kilmar Abrego Garcia sitzt im Gerichtssaal in Nashville, Kopfh\u00f6rer auf den Ohren, um jedes Wort auf Spanisch zu verfolgen. Drau\u00dfen stehen Kameras, drinnen f\u00fcllen sich die Reihen schnell.","og_url":"https:\/\/kaizen-blog.org\/en\/wer-entschied-ueber-die-anklage-der-fall-abrego-und-die-offene-frage-nach-druck-aus-washington\/","og_site_name":"The Kaizen Blog","article_publisher":"https:\/\/www.facebook.com\/rainer.hofmann.2025\/","article_published_time":"2026-04-30T22:54:47+00:00","article_modified_time":"2026-04-30T23:38:58+00:00","og_image":[{"width":905,"height":500,"url":"https:\/\/kaizen-blog.org\/wp-content\/uploads\/2026\/04\/kaizennewsday-2026-05-01T004817.351.webp","type":"image\/webp"}],"author":"Rainer Hofmann","twitter_card":"summary_large_image","twitter_misc":{"Written by":"Rainer Hofmann","Est. reading time":"6 minutes"},"schema":{"@context":"https:\/\/schema.org","@graph":[{"@type":"Article","@id":"https:\/\/kaizen-blog.org\/wer-entschied-ueber-die-anklage-der-fall-abrego-und-die-offene-frage-nach-druck-aus-washington\/#article","isPartOf":{"@id":"https:\/\/kaizen-blog.org\/wer-entschied-ueber-die-anklage-der-fall-abrego-und-die-offene-frage-nach-druck-aus-washington\/"},"author":{"name":"Rainer Hofmann","@id":"https:\/\/kaizen-blog.org\/#\/schema\/person\/7d3fc7346e2501a389ea3daa48b99ad0"},"headline":"Wer entschied \u00fcber die Anklage &#8211; Der Fall Kilmar Abrego und die offene Frage nach Druck aus Washington","datePublished":"2026-04-30T22:54:47+00:00","dateModified":"2026-04-30T23:38:58+00:00","mainEntityOfPage":{"@id":"https:\/\/kaizen-blog.org\/wer-entschied-ueber-die-anklage-der-fall-abrego-und-die-offene-frage-nach-druck-aus-washington\/"},"wordCount":1172,"commentCount":0,"image":{"@id":"https:\/\/kaizen-blog.org\/wer-entschied-ueber-die-anklage-der-fall-abrego-und-die-offene-frage-nach-druck-aus-washington\/#primaryimage"},"thumbnailUrl":"https:\/\/i0.wp.com\/kaizen-blog.org\/wp-content\/uploads\/2026\/04\/kaizennewsday-2026-05-01T004817.351.webp?fit=905%2C500&ssl=1","articleSection":["Deportations Under Trump","Topstory","Trumpland"],"inLanguage":"en-US","potentialAction":[{"@type":"CommentAction","name":"Comment","target":["https:\/\/kaizen-blog.org\/wer-entschied-ueber-die-anklage-der-fall-abrego-und-die-offene-frage-nach-druck-aus-washington\/#respond"]}]},{"@type":"WebPage","@id":"https:\/\/kaizen-blog.org\/wer-entschied-ueber-die-anklage-der-fall-abrego-und-die-offene-frage-nach-druck-aus-washington\/","url":"https:\/\/kaizen-blog.org\/wer-entschied-ueber-die-anklage-der-fall-abrego-und-die-offene-frage-nach-druck-aus-washington\/","name":"Wer entschied \u00fcber die Anklage - Der Fall Kilmar Abrego und die offene Frage nach Druck aus Washington - The Kaizen Blog","isPartOf":{"@id":"https:\/\/kaizen-blog.org\/#website"},"primaryImageOfPage":{"@id":"https:\/\/kaizen-blog.org\/wer-entschied-ueber-die-anklage-der-fall-abrego-und-die-offene-frage-nach-druck-aus-washington\/#primaryimage"},"image":{"@id":"https:\/\/kaizen-blog.org\/wer-entschied-ueber-die-anklage-der-fall-abrego-und-die-offene-frage-nach-druck-aus-washington\/#primaryimage"},"thumbnailUrl":"https:\/\/i0.wp.com\/kaizen-blog.org\/wp-content\/uploads\/2026\/04\/kaizennewsday-2026-05-01T004817.351.webp?fit=905%2C500&ssl=1","datePublished":"2026-04-30T22:54:47+00:00","dateModified":"2026-04-30T23:38:58+00:00","author":{"@id":"https:\/\/kaizen-blog.org\/#\/schema\/person\/7d3fc7346e2501a389ea3daa48b99ad0"},"description":"Kilmar Abrego Garcia sitzt im Gerichtssaal in Nashville, Kopfh\u00f6rer auf den Ohren, um jedes Wort auf Spanisch zu verfolgen. Drau\u00dfen stehen Kameras, drinnen f\u00fcllen sich die Reihen schnell.","breadcrumb":{"@id":"https:\/\/kaizen-blog.org\/wer-entschied-ueber-die-anklage-der-fall-abrego-und-die-offene-frage-nach-druck-aus-washington\/#breadcrumb"},"inLanguage":"en-US","potentialAction":[{"@type":"ReadAction","target":["https:\/\/kaizen-blog.org\/wer-entschied-ueber-die-anklage-der-fall-abrego-und-die-offene-frage-nach-druck-aus-washington\/"]}]},{"@type":"ImageObject","inLanguage":"en-US","@id":"https:\/\/kaizen-blog.org\/wer-entschied-ueber-die-anklage-der-fall-abrego-und-die-offene-frage-nach-druck-aus-washington\/#primaryimage","url":"https:\/\/i0.wp.com\/kaizen-blog.org\/wp-content\/uploads\/2026\/04\/kaizennewsday-2026-05-01T004817.351.webp?fit=905%2C500&ssl=1","contentUrl":"https:\/\/i0.wp.com\/kaizen-blog.org\/wp-content\/uploads\/2026\/04\/kaizennewsday-2026-05-01T004817.351.webp?fit=905%2C500&ssl=1","width":905,"height":500},{"@type":"BreadcrumbList","@id":"https:\/\/kaizen-blog.org\/wer-entschied-ueber-die-anklage-der-fall-abrego-und-die-offene-frage-nach-druck-aus-washington\/#breadcrumb","itemListElement":[{"@type":"ListItem","position":1,"name":"Startseite","item":"https:\/\/kaizen-blog.org\/"},{"@type":"ListItem","position":2,"name":"Wer entschied \u00fcber die Anklage &#8211; Der Fall Kilmar Abrego und die offene Frage nach Druck aus Washington"}]},{"@type":"WebSite","@id":"https:\/\/kaizen-blog.org\/#website","url":"https:\/\/kaizen-blog.org\/","name":"The Kaizen Blog","description":"Investigative Journalism","potentialAction":[{"@type":"SearchAction","target":{"@type":"EntryPoint","urlTemplate":"https:\/\/kaizen-blog.org\/?s={search_term_string}"},"query-input":{"@type":"PropertyValueSpecification","valueRequired":true,"valueName":"search_term_string"}}],"inLanguage":"en-US"},{"@type":"Person","@id":"https:\/\/kaizen-blog.org\/#\/schema\/person\/7d3fc7346e2501a389ea3daa48b99ad0","name":"Rainer Hofmann","image":{"@type":"ImageObject","inLanguage":"en-US","@id":"\/\/www.gravatar.com\/avatar\/21e5b26d4f12b21206d8094d7aea4ab6?s=96&#038;r=g&#038;d=initials","url":"\/\/www.gravatar.com\/avatar\/21e5b26d4f12b21206d8094d7aea4ab6?s=96&#038;r=g&#038;d=initials","contentUrl":"\/\/www.gravatar.com\/avatar\/21e5b26d4f12b21206d8094d7aea4ab6?s=96&#038;r=g&#038;d=initials","caption":"Rainer Hofmann"},"sameAs":["https:\/\/kaizen-blog.org"],"url":"https:\/\/kaizen-blog.org\/en\/author\/admin\/"}]}},"jetpack_publicize_connections":[],"jetpack_featured_media_url":"https:\/\/i0.wp.com\/kaizen-blog.org\/wp-content\/uploads\/2026\/04\/kaizennewsday-2026-05-01T004817.351.webp?fit=905%2C500&ssl=1","jetpack_sharing_enabled":true,"jetpack-related-posts":[{"id":3260,"url":"https:\/\/kaizen-blog.org\/en\/kilmar-abrego-garcia-wieder-in-den-usa-die-justiz-als-feigenblatt-eines-politischen-skandalsder-schatten-des-rueckzugs-wie-die-usa-im-fall-kilmar-abrego-garcia-den-anschein-retten\/","url_meta":{"origin":35318,"position":0},"title":"Kilmar Abrego Garcia Back in the US \u2013 The Judiciary as a Fig Leaf for a Political Scandal","author":"Rainer Hofmann","date":"June 6, 2025","format":false,"excerpt":"Der Schatten des R\u00fcckzugs \u2013 Wie die USA im Fall Kilmar Abrego Garcia den Anschein retten wollen. Es beginnt mit einem R\u00fcckflug. Nicht freiwillig, nicht erwartungsvoll \u2013 sondern als Ergebnis eines institutionellen Dammbruchs, der l\u00e4ngst weit \u00fcber die Grenzen der Einwanderungspolitik hinausweist. Kilmar Abrego Garcia, dessen Abschiebung am 15. M\u00e4rz\u2026","rel":"","context":"In &quot;Deportations Under Trump&quot;","block_context":{"text":"Deportations Under Trump","link":"https:\/\/kaizen-blog.org\/en\/category\/deportations-under-trump\/"},"img":{"alt_text":"","src":"https:\/\/i0.wp.com\/kaizen-blog.org\/wp-content\/uploads\/2025\/06\/kilmar-usa-1.webp?fit=982%2C502&ssl=1&resize=350%2C200","width":350,"height":200,"srcset":"https:\/\/i0.wp.com\/kaizen-blog.org\/wp-content\/uploads\/2025\/06\/kilmar-usa-1.webp?fit=982%2C502&ssl=1&resize=350%2C200 1x, https:\/\/i0.wp.com\/kaizen-blog.org\/wp-content\/uploads\/2025\/06\/kilmar-usa-1.webp?fit=982%2C502&ssl=1&resize=525%2C300 1.5x, https:\/\/i0.wp.com\/kaizen-blog.org\/wp-content\/uploads\/2025\/06\/kilmar-usa-1.webp?fit=982%2C502&ssl=1&resize=700%2C400 2x"},"classes":[]},{"id":4420,"url":"https:\/\/kaizen-blog.org\/en\/das-hoechste-gericht-gegen-die-regierung-kilmar-abrego-garcia-muss-zurueckgeholt-werden\/","url_meta":{"origin":35318,"position":1},"title":"The Highest Court Against the Government \u2013 Kilmar Abrego Garcia Must Be Brought Back","author":"Rainer Hofmann","date":"April 11, 2025","format":false,"excerpt":"Es war ein Tag voller Risse, ein Tag, an dem sich der Schleier der Macht hob und darunter das nackte Versagen einer Regierung sichtbar wurde. Die Vereinigten Staaten, ein Land der Gesetze, hatten einen Mann abgeschoben, den sie nicht h\u00e4tten abschieben d\u00fcrfen. Kilmar Abrego Garcia, ein Salvadorianer mit Wohnsitz in\u2026","rel":"","context":"In &quot;Deportations Under Trump&quot;","block_context":{"text":"Deportations Under Trump","link":"https:\/\/kaizen-blog.org\/en\/category\/deportations-under-trump\/"},"img":{"alt_text":"","src":"https:\/\/i0.wp.com\/kaizen-blog.org\/wp-content\/uploads\/2025\/06\/kilmar-garcia-2.webp?fit=850%2C508&ssl=1&resize=350%2C200","width":350,"height":200,"srcset":"https:\/\/i0.wp.com\/kaizen-blog.org\/wp-content\/uploads\/2025\/06\/kilmar-garcia-2.webp?fit=850%2C508&ssl=1&resize=350%2C200 1x, https:\/\/i0.wp.com\/kaizen-blog.org\/wp-content\/uploads\/2025\/06\/kilmar-garcia-2.webp?fit=850%2C508&ssl=1&resize=525%2C300 1.5x, https:\/\/i0.wp.com\/kaizen-blog.org\/wp-content\/uploads\/2025\/06\/kilmar-garcia-2.webp?fit=850%2C508&ssl=1&resize=700%2C400 2x"},"classes":[]},{"id":1670,"url":"https:\/\/kaizen-blog.org\/en\/heute-ist-nicht-trumps-tag-kilmar-abrego-garcia-und-das-ende-der-ausreden\/","url_meta":{"origin":35318,"position":2},"title":"Today Is Not Trump\u2019s Day \u2013 Kilmar Abrego Garcia and the End of Excuses","author":"Rainer Hofmann","date":"May 16, 2025","format":false,"excerpt":"In einem Gerichtssaal in Greenbelt, Maryland, starrte die Macht der Pr\u00e4sidentschaft pl\u00f6tzlich ins Leere. Eine US-Bundesrichterin, k\u00fchl und unnachgiebig, blickte auf die Anw\u00e4lte der Trump-Regierung und stellte eine einfache, vernichtende Frage: \u201eWo sind die Beweise?\u201c Doch anstelle von Klarheit, anstelle von Transparenz, boten die Vertreter der Regierung nur Nebel und\u2026","rel":"","context":"In &quot;Deportations Under Trump&quot;","block_context":{"text":"Deportations Under Trump","link":"https:\/\/kaizen-blog.org\/en\/category\/deportations-under-trump\/"},"img":{"alt_text":"","src":"https:\/\/i0.wp.com\/kaizen-blog.org\/wp-content\/uploads\/2025\/05\/kilmar-garcia-trump.webp?fit=986%2C504&ssl=1&resize=350%2C200","width":350,"height":200,"srcset":"https:\/\/i0.wp.com\/kaizen-blog.org\/wp-content\/uploads\/2025\/05\/kilmar-garcia-trump.webp?fit=986%2C504&ssl=1&resize=350%2C200 1x, https:\/\/i0.wp.com\/kaizen-blog.org\/wp-content\/uploads\/2025\/05\/kilmar-garcia-trump.webp?fit=986%2C504&ssl=1&resize=525%2C300 1.5x, https:\/\/i0.wp.com\/kaizen-blog.org\/wp-content\/uploads\/2025\/05\/kilmar-garcia-trump.webp?fit=986%2C504&ssl=1&resize=700%2C400 2x"},"classes":[]},{"id":6239,"url":"https:\/\/kaizen-blog.org\/en\/der-preis-der-gerechtigkeit-kilmar-abrego-garcia-zwischen-hoffnung-haft-und-heimtuecke\/","url_meta":{"origin":35318,"position":3},"title":"The Price of Justice \u2013 Kilmar Abrego Garcia between Hope, Detention, and Deceit","author":"Rainer Hofmann","date":"June 26, 2025","format":false,"excerpt":"Nashville, Tennessee \u2013 In einem Land, das sich selbst gern als Hort der Freiheit und der Rechtsstaatlichkeit preist, sitzt ein Mann in Handschellen \u2013 nicht wegen seiner Schuld, sondern wegen eines Dilemmas, das die Regierung selbst geschaffen hat. Kilmar Abrego Garcia, Ehemann, Vater, Bauarbeiter, einst zu Unrecht abgeschoben und nun\u2026","rel":"","context":"In &quot;Deportations Under Trump&quot;","block_context":{"text":"Deportations Under Trump","link":"https:\/\/kaizen-blog.org\/en\/category\/deportations-under-trump\/"},"img":{"alt_text":"","src":"https:\/\/i0.wp.com\/kaizen-blog.org\/wp-content\/uploads\/2025\/06\/kilm.webp?fit=850%2C508&ssl=1&resize=350%2C200","width":350,"height":200,"srcset":"https:\/\/i0.wp.com\/kaizen-blog.org\/wp-content\/uploads\/2025\/06\/kilm.webp?fit=850%2C508&ssl=1&resize=350%2C200 1x, https:\/\/i0.wp.com\/kaizen-blog.org\/wp-content\/uploads\/2025\/06\/kilm.webp?fit=850%2C508&ssl=1&resize=525%2C300 1.5x, https:\/\/i0.wp.com\/kaizen-blog.org\/wp-content\/uploads\/2025\/06\/kilm.webp?fit=850%2C508&ssl=1&resize=700%2C400 2x"},"classes":[]},{"id":5838,"url":"https:\/\/kaizen-blog.org\/en\/zwischen-justiz-und-abschiebung-richterin-ordnet-freilassung-von-kilmar-abrego-garcia-an-doch-ice-plant-erneute-inhaftierung\/","url_meta":{"origin":35318,"position":4},"title":"Between Justice and Deportation \u2013 Judge Orders Release of Kilmar Abrego Garcia, but ICE Plans to Detain Him Again","author":"Rainer Hofmann","date":"June 23, 2025","format":false,"excerpt":"Nashville, Tennessee \u2013 23. Juni 2025 - Ein Fall, der l\u00e4ngst Symbolcharakter f\u00fcr die umstrittene Abschiebepolitik von Pr\u00e4sident Donald Trump erlangt hat, hat am Wochenende eine neue Wendung genommen: Die US-Magistratsrichterin Barbara D. Holmes (Az. 3:24-cr-00096) ordnete am Sonntag die Freilassung von Kilmar Abrego Garcia an \u2013 unter Auflagen und\u2026","rel":"","context":"In &quot;Deportations Under Trump&quot;","block_context":{"text":"Deportations Under Trump","link":"https:\/\/kaizen-blog.org\/en\/category\/deportations-under-trump\/"},"img":{"alt_text":"","src":"https:\/\/i0.wp.com\/kaizen-blog.org\/wp-content\/uploads\/2025\/06\/kil3.webp?fit=850%2C508&ssl=1&resize=350%2C200","width":350,"height":200,"srcset":"https:\/\/i0.wp.com\/kaizen-blog.org\/wp-content\/uploads\/2025\/06\/kil3.webp?fit=850%2C508&ssl=1&resize=350%2C200 1x, https:\/\/i0.wp.com\/kaizen-blog.org\/wp-content\/uploads\/2025\/06\/kil3.webp?fit=850%2C508&ssl=1&resize=525%2C300 1.5x, https:\/\/i0.wp.com\/kaizen-blog.org\/wp-content\/uploads\/2025\/06\/kil3.webp?fit=850%2C508&ssl=1&resize=700%2C400 2x"},"classes":[]},{"id":6820,"url":"https:\/\/kaizen-blog.org\/en\/ein-zeuge-viele-widersprueche-wie-trumps-regierung-im-fall-kilmar-abrego-garcia-die-glaubwuerdigkeit-verspielt\/","url_meta":{"origin":35318,"position":5},"title":"One Witness, Many Contradictions - How the Trump Administration Squandered Credibility in the Case of Kilmar Abrego Garcia","author":"Rainer Hofmann","date":"June 30, 2025","format":false,"excerpt":"Washington \/ Nashville \u2013 Es ist ein Fall, der l\u00e4ngst \u00fcber juristische Fragen hinausweist \u2013 ein Symbol geworden ist f\u00fcr den Umgang einer Regierung mit Recht, Wahrheit und Menschenleben. Der Bauarbeiter Kilmar Abrego Garcia, der nach seiner irrt\u00fcmlichen Abschiebung nach El Salvador und einem spektakul\u00e4ren R\u00fccktransport auf US-Boden wieder vor\u2026","rel":"","context":"In &quot;Deportations Under Trump&quot;","block_context":{"text":"Deportations Under Trump","link":"https:\/\/kaizen-blog.org\/en\/category\/deportations-under-trump\/"},"img":{"alt_text":"","src":"https:\/\/i0.wp.com\/kaizen-blog.org\/wp-content\/uploads\/2025\/06\/garciakilmar.webp?fit=850%2C508&ssl=1&resize=350%2C200","width":350,"height":200,"srcset":"https:\/\/i0.wp.com\/kaizen-blog.org\/wp-content\/uploads\/2025\/06\/garciakilmar.webp?fit=850%2C508&ssl=1&resize=350%2C200 1x, https:\/\/i0.wp.com\/kaizen-blog.org\/wp-content\/uploads\/2025\/06\/garciakilmar.webp?fit=850%2C508&ssl=1&resize=525%2C300 1.5x, https:\/\/i0.wp.com\/kaizen-blog.org\/wp-content\/uploads\/2025\/06\/garciakilmar.webp?fit=850%2C508&ssl=1&resize=700%2C400 2x"},"classes":[]}],"_links":{"self":[{"href":"https:\/\/kaizen-blog.org\/en\/wp-json\/wp\/v2\/posts\/35318","targetHints":{"allow":["GET"]}}],"collection":[{"href":"https:\/\/kaizen-blog.org\/en\/wp-json\/wp\/v2\/posts"}],"about":[{"href":"https:\/\/kaizen-blog.org\/en\/wp-json\/wp\/v2\/types\/post"}],"author":[{"embeddable":true,"href":"https:\/\/kaizen-blog.org\/en\/wp-json\/wp\/v2\/users\/1"}],"replies":[{"embeddable":true,"href":"https:\/\/kaizen-blog.org\/en\/wp-json\/wp\/v2\/comments?post=35318"}],"version-history":[{"count":0,"href":"https:\/\/kaizen-blog.org\/en\/wp-json\/wp\/v2\/posts\/35318\/revisions"}],"wp:featuredmedia":[{"embeddable":true,"href":"https:\/\/kaizen-blog.org\/en\/wp-json\/wp\/v2\/media\/35319"}],"wp:attachment":[{"href":"https:\/\/kaizen-blog.org\/en\/wp-json\/wp\/v2\/media?parent=35318"}],"wp:term":[{"taxonomy":"category","embeddable":true,"href":"https:\/\/kaizen-blog.org\/en\/wp-json\/wp\/v2\/categories?post=35318"},{"taxonomy":"post_tag","embeddable":true,"href":"https:\/\/kaizen-blog.org\/en\/wp-json\/wp\/v2\/tags?post=35318"}],"curies":[{"name":"wp","href":"https:\/\/api.w.org\/{rel}","templated":true}]}}