{"id":34164,"date":"2026-04-14T12:37:11","date_gmt":"2026-04-14T11:37:11","guid":{"rendered":"https:\/\/kaizen-blog.org\/?p=34164"},"modified":"2026-04-14T12:51:13","modified_gmt":"2026-04-14T11:51:13","slug":"der-retter-von-bergen-acht-jahre-zu-spaet","status":"publish","type":"post","link":"https:\/\/kaizen-blog.org\/en\/der-retter-von-bergen-acht-jahre-zu-spaet\/","title":{"rendered":"The savior of Bergen - eight years too late"},"content":{"rendered":"<p class=\"wp-block-paragraph\">Holger Robert, 63, Bergen on R\u00fcgen, trained carpenter, local politician, now janitor, several children, several grandchildren, a wife with Polish roots who cares for other people while he saves Germany.<\/p>\n\n\n\n<p class=\"wp-block-paragraph\"><strong>That is how the AfD faction in Bergen introduced him on May 15, 2024: the savior of Germany.<\/strong><\/p>\n\n\n\n<p class=\"wp-block-paragraph\">On April 12, 2026, the savior appeared. He posted on Facebook that Viktor Orb\u00e1n had won the election in Hungary. And that our media had kept it quiet. Three angry emojis. 198 likes.<\/p>\n\n\n\n<p class=\"wp-block-paragraph\">The article he attaches as proof is from Der Spiegel. April 8, 2018. Holger Robert posted it.<\/p>\n\n\n<div class=\"wp-block-image\">\n<figure class=\"aligncenter size-full\"><img data-recalc-dims=\"1\" fetchpriority=\"high\" decoding=\"async\" width=\"640\" height=\"640\" src=\"https:\/\/i0.wp.com\/kaizen-blog.org\/wp-content\/uploads\/2026\/04\/batch_newspartkaizen944-1.webp?resize=640%2C640&#038;ssl=1\" alt=\"\" class=\"wp-image-34165\" srcset=\"https:\/\/i0.wp.com\/kaizen-blog.org\/wp-content\/uploads\/2026\/04\/batch_newspartkaizen944-1.webp?w=800&amp;ssl=1 800w, https:\/\/i0.wp.com\/kaizen-blog.org\/wp-content\/uploads\/2026\/04\/batch_newspartkaizen944-1.webp?resize=12%2C12&amp;ssl=1 12w, https:\/\/i0.wp.com\/kaizen-blog.org\/wp-content\/uploads\/2026\/04\/batch_newspartkaizen944-1.webp?resize=150%2C150&amp;ssl=1 150w, https:\/\/i0.wp.com\/kaizen-blog.org\/wp-content\/uploads\/2026\/04\/batch_newspartkaizen944-1.webp?resize=300%2C300&amp;ssl=1 300w, https:\/\/i0.wp.com\/kaizen-blog.org\/wp-content\/uploads\/2026\/04\/batch_newspartkaizen944-1.webp?resize=768%2C768&amp;ssl=1 768w\" sizes=\"(max-width: 640px) 100vw, 640px\" \/><\/figure>\n<\/div>\n\n\n<div style=\"height:20px\" aria-hidden=\"true\" class=\"wp-block-spacer\"><\/div>\n\n\n\n<p class=\"has-medium-font-size wp-block-paragraph\"><strong>2026<\/strong><\/p>\n\n\n\n<p class=\"wp-block-paragraph\">The man is saving Germany with news from 2018, when Mesut \u00d6zil was still playing for the national team. 198 people liked it. Not all of them looked at the date. Or they saw it and thought: doesn\u2019t matter, it kind of fits. That is how saving works.<\/p>\n\n\n\n<figure class=\"wp-block-image alignwide\"><img decoding=\"async\" width=\"905\" height=\"500\" src=\"https:\/\/i0.wp.com\/kaizen-blog.org\/wp-content\/uploads\/2026\/04\/batch_kaizennewsday-2026-04-14T133529.653.webp?resize=640%2C354&amp;ssl=1\" alt=\"\" class=\"wp-image-34167\" srcset=\"https:\/\/i0.wp.com\/kaizen-blog.org\/wp-content\/uploads\/2026\/04\/batch_kaizennewsday-2026-04-14T133529.653.webp?w=905&amp;ssl=1 905w, https:\/\/i0.wp.com\/kaizen-blog.org\/wp-content\/uploads\/2026\/04\/batch_kaizennewsday-2026-04-14T133529.653.webp?resize=18%2C10&amp;ssl=1 18w, https:\/\/i0.wp.com\/kaizen-blog.org\/wp-content\/uploads\/2026\/04\/batch_kaizennewsday-2026-04-14T133529.653.webp?resize=300%2C166&amp;ssl=1 300w, https:\/\/i0.wp.com\/kaizen-blog.org\/wp-content\/uploads\/2026\/04\/batch_kaizennewsday-2026-04-14T133529.653.webp?resize=768%2C424&amp;ssl=1 768w\" sizes=\"(max-width: 640px) 100vw, 640px\" \/><\/figure>\n\n\n\n<p class=\"wp-block-paragraph\">The savior\u2019s wife works in home care. She has Polish roots. Under the program of the party her husband is running for, she might be considered a problem in this country. But that is another story. Holger Robert prefers to save Germany rather than think about that.<\/p>\n\n\n\n<p class=\"has-medium-font-size wp-block-paragraph\"><strong>198 likes for an eight year old article. 114 comments. Shared 57 times.<\/strong><\/p>\n\n\n\n<p class=\"wp-block-paragraph\">Orb\u00e1n sits in Budapest and laughs. He does not have to do anything. He now has plenty of time. The Holger Roberts take care of it for him. For free. With three emojis. And a Spiegel article from the archive.<\/p>\n\n\n\n<p class=\"wp-block-paragraph\">That is the AfD in Bergen on R\u00fcgen. That is the savior of Germany. That is the hand you vote for when you make your mark. In Hungary, Orb\u00e1n was driven out<\/p>\n\n\n\n<p class=\"wp-block-paragraph\">Look at the date.<\/p>\n\n\n\n<div style=\"height:25px\" aria-hidden=\"true\" class=\"wp-block-spacer\"><\/div>\n\n\n\n<div class=\"kz-ad-root\">\n<style>\n@import url('https:\/\/fonts.googleapis.com\/css2?family=Bebas+Neue&family=Source+Sans+3:ital,wght@0,400;0,700;1,400&display=swap');\n\n.kz-ad-root { margin: 28px 0; }\n\n.kz-ad {\n  font-family: 'Source Sans 3', 'Segoe UI', Arial, sans-serif;\n  background: #ffffff;\n  border: 1px solid #DEDEDE;\n  border-radius: 4px;\n  overflow: hidden;\n  max-width: 100%;\n  box-sizing: border-box;\n}\n\n.kz-top {\n  background: #111111;\n  padding: 12px 18px;\n  display: flex;\n  align-items: center;\n  gap: 10px;\n}\n\n.kz-eyebrow-line {\n  width: 22px;\n  height: 2px;\n  background: #7A1A24;\n  flex-shrink: 0;\n}\n\n.kz-badge {\n  font-size: 13px;\n  font-weight: 700;\n  letter-spacing: 0.14em;\n  text-transform: uppercase;\n  color: #ffffff;\n}\n\n.kz-inner {\n  padding: 22px 18px 20px;\n}\n\n.kz-headline {\n  font-family: 'Bebas Neue', Impact, Arial Narrow, sans-serif;\n  font-size: 2.4rem;\n  font-weight: 400;\n  color: #111111;\n  line-height: 1.1;\n  margin: 0 0 16px 0;\n  letter-spacing: 0.03em;\n}\n\n.kz-headline span {\n  color: #8A8A8A;\n}\n\n.kz-text {\n  font-size: 1.05rem;\n  line-height: 1.75;\n  color: #333333;\n  margin: 0 0 16px 0;\n}\n\n.kz-callout {\n  font-size: 1.05rem;\n  line-height: 1.65;\n  color: #111111;\n  font-weight: 700;\n  border-left: 3px solid #7A1A24;\n  padding: 12px 14px;\n  margin: 0 0 22px 0;\n  background: #F7F7F7;\n  border-radius: 0 2px 2px 0;\n}\n\n.kz-btn {\n  display: flex;\n  align-items: center;\n  justify-content: center;\n  gap: 9px;\n  width: 100%;\n  box-sizing: border-box;\n  padding: 16px 20px;\n  background: #7A1A24;\n  color: #ffffff;\n  font-family: 'Source Sans 3', sans-serif;\n  font-weight: 700;\n  font-size: 1.1rem;\n  text-decoration: none;\n  border-radius: 2px;\n  transition: background 0.18s, transform 0.15s;\n  letter-spacing: 0.03em;\n  text-transform: uppercase;\n  margin-bottom: 16px;\n}\n\n.kz-btn:hover {\n  background: #5C1219;\n  transform: translateY(-1px);\n}\n\n.kz-btn svg { transition: transform 0.18s; }\n.kz-btn:hover svg { transform: translateX(3px); }\n\n.kz-footer {\n  display: flex;\n  align-items: center;\n  justify-content: center;\n  padding-bottom: 2px;\n}\n\n.kz-more {\n  font-size: 1.05rem;\n  color: #444444;\n  text-decoration: none;\n  transition: color 0.15s, border-color 0.15s;\n  font-style: italic;\n  border-bottom: 1px solid #CCCCCC;\n  padding-bottom: 2px;\n}\n\n.kz-more:hover { color: #7A1A24; border-color: #7A1A24; }\n\n@media (min-width: 540px) {\n  .kz-inner { padding: 24px 26px 22px; }\n  .kz-headline { font-size: 2.8rem; }\n\n  .kz-btn {\n    width: auto;\n    display: inline-flex;\n    padding: 15px 36px;\n  }\n\n  .kz-btn-wrap {\n    display: flex;\n    align-items: center;\n    justify-content: space-between;\n    gap: 16px;\n  }\n\n  .kz-footer {\n    justify-content: flex-end;\n  }\n}\n<\/style>\n\n<div class=\"kz-ad\">\n  <div class=\"kz-top\">\n    <div class=\"kz-eyebrow-line\"><\/div>\n    <span class=\"kz-badge\">Independent Journalism \u00b7 Kaizen Blog<\/span>\n  <\/div>\n  <div class=\"kz-inner\">\n\n    <h3 class=\"kz-headline\">We are where,<br>hurts <span>wehtut.<\/span><\/h3>\n\n    <p class=\"kz-text\">We do not sit in comfort writing about the world - and we do not stop once the writing ends. Our help goes where it is needed. We are a small team. No investors, no millionaires, no large newsroom behind us. What we have is heart, determination, and the commitment to uncover things that others often overlook. If you want this work to continue, please support the Kaizen Blog.<\/p>\n\n    <div class=\"kz-callout\">Our work depends on those who pay attention - and stand up for making sure it remains possible.<\/div>\n\n    <div class=\"kz-btn-wrap\">\n      <a class=\"kz-btn\" href=\"https:\/\/buy.stripe.com\/14A4gzgJWaWm3gM1Ls3VC00\" target=\"_blank\" rel=\"noopener\">\n        Make Kaizen possible\n        <svg width=\"17\" height=\"17\" viewbox=\"0 0 14 14\" fill=\"none\" xmlns=\"http:\/\/www.w3.org\/2000\/svg\">\n          <path d=\"M2 7h10M8 3l4 4-4 4\" stroke=\"#fff\" stroke-width=\"1.8\" stroke-linecap=\"round\" stroke-linejoin=\"round\"\/>\n        <\/svg>\n      <\/a>\n      <div class=\"kz-footer\">\n        <a class=\"kz-more\" href=\"https:\/\/kaizen-blog.org\/en\/unterstuetzen-sie-unser-arbeit\/\" target=\"_blank\" rel=\"noopener\">About our work \u2192<\/a>\n      <\/div>\n    <\/div>\n\n  <\/div>\n<\/div>\n<\/div>\n\n\n\n<div style=\"height:30px\" aria-hidden=\"true\" class=\"wp-block-spacer\"><\/div>\n\n\n\n<div class=\"kb-news-update-box\" style=\"    max-width: 650px;    margin: 2rem auto;    padding: 1.25rem 1.5rem;    border-radius: 12px;    border: 1px solid rgba(120,120,120,0.4);    background: rgba(15,15,20,0.03);    backdrop-filter: blur(4px);    font-family: system-ui, -apple-system, BlinkMacSystemFont, 'Segoe UI', sans-serif;\">\n  <style>\n    @media (prefers-color-scheme: dark) {\n      .kb-news-update-box {\n        background: rgba(15,15,20,0.9) !important;\n        border-color: rgba(160,160,160,0.4) !important;\n      }\n      .kb-news-update-box h3 {\n        color: #f5f5f5 !important;\n      }\n      .kb-news-update-box p {\n        color: #e0e0e0 !important;\n      }\n      .kb-news-update-box a.kb-news-link {\n        color: #ffb347 !important;\n        border-color: rgba(255,179,71,0.4) !important;\n      }\n      .kb-news-update-box a.kb-news-link:hover {\n        background: rgba(255,179,71,0.12) !important;\n      }\n    }\n  <\/style>\n\n  <h3 style=\"      margin: 0 0 0.5rem 0;      font-size: 1.15rem;      letter-spacing: 0.02em;      text-transform: uppercase;  \">\n    Updates \u2013 Kaizen News Brief\n  <\/h3>\n\n  <p style=\"      margin: 0 0 0.9rem 0;      font-size: 0.95rem;      line-height: 1.5;  \">\n    All current curated daily updates can be found in the Kaizen News Brief. \n  <\/p>\n\n  <!-- Deutscher Button -->\n  <a class=\"kb-news-link\" href=\"https:\/\/kaizen-blog.org\/en\/14-april-2026-kurznachrichten\/\" style=\"      display: inline-flex;      align-items: center;      gap: 0.4rem;      padding: 0.45rem 0.9rem;      border-radius: 999px;      border: 1px solid rgba(0,0,0,0.12);      font-size: 0.9rem;      text-decoration: none;      color: #004b8d;      transition: background 0.15s ease, transform 0.1s ease, border-color 0.15s ease;      margin-bottom: 0.5rem;      margin-right: 0.4rem;  \">\n    <span style=\"font-weight: 600;\">To the Kaizen News Brief<\/span>\n    <span aria-hidden=\"true\" style=\"font-size: 1.1rem;\">\u2197<\/span>\n  <\/a>\n\n  <!-- Englischer Button -->\n  <a class=\"kb-news-link\" href=\"https:\/\/kaizen-blog.org\/en\/14-april-2026-kurznachrichten\/\" style=\"      display: inline-flex;      align-items: center;      gap: 0.4rem;      padding: 0.45rem 0.9rem;      border-radius: 999px;      border: 1px solid rgba(0,0,0,0.12);      font-size: 0.9rem;      text-decoration: none;      color: #004b8d;      transition: background 0.15s ease, transform 0.1s ease, border-color 0.15s ease;  \">\n    <span style=\"font-weight: 600;\">In English<\/span>\n    <span aria-hidden=\"true\" style=\"font-size: 1.1rem;\">\u2197<\/span>\n  <\/a>\n\n<\/div>\n\n\n\n<div style=\"height:100px\" aria-hidden=\"true\" class=\"wp-block-spacer\"><\/div>\n<div class=\"gsp_post_data\" \r\n\t            data-post_type=\"post\" \r\n\t            data-cat=\"afd-no-thanks,news,topstory\" \r\n\t            data-modified=\"120\"\r\n\t            data-created=\"1776170231\"\r\n\t            data-title=\"Der Retter von Bergen &#8211; Acht Jahre zu sp\u00e4t\" \r\n\t            data-home=\"https:\/\/kaizen-blog.org\/en\/\"><\/div>","protected":false},"excerpt":{"rendered":"<p>Holger Robert, 63, Bergen auf R\u00fcgen, gelernter Zimmermann, Kommunalpolitiker, jetzt Hausmeister, mehrere Kinder, mehrere Enkelkinder, Frau mit polnischen Wurzeln, die andere Menschen pflegt, w\u00e4hrend er Deutschland rettet. So stellte ihn die AfD-Fraktion Bergen am 15. Mai 2024 vor: Der Deutschland-Retter. Am 12. April 2026 trat der Retter in Erscheinung. Er postete auf Facebook, dass Viktor [&hellip;]<\/p>\n","protected":false},"author":4,"featured_media":34166,"comment_status":"open","ping_status":"open","sticky":false,"template":"","format":"standard","meta":{"_jetpack_newsletter_access":"","_jetpack_dont_email_post_to_subs":false,"_jetpack_newsletter_tier_id":0,"_jetpack_memberships_contains_paywalled_content":false,"iawp_total_views":0,"_jetpack_feature_clip_id":0,"_jetpack_memberships_contains_paid_content":false,"footnotes":"","jetpack_post_was_ever_published":false},"categories":[33,5,7],"tags":[],"class_list":["post-34164","post","type-post","status-publish","format-standard","has-post-thumbnail","hentry","category-afd-no-thanks","category-news","category-topstory"],"yoast_head":"<!-- This site is optimized with the Yoast SEO plugin v28.3 - https:\/\/yoast.com\/product\/yoast-seo-wordpress\/ -->\n<title>Der Retter von Bergen - Acht Jahre zu sp\u00e4t - The Kaizen Blog<\/title>\n<meta name=\"description\" content=\"Holger Robert, 61, Bergen auf R\u00fcgen, gelernter Zimmermann, jetzt Hausmeister, mehrere Kinder, mehrere Enkelkinder, Frau mit polnischen Wurzeln, die andere Menschen pflegt, w\u00e4hrend er Deutschland rettet.\" \/>\n<meta name=\"robots\" content=\"index, follow, max-snippet:-1, max-image-preview:large, max-video-preview:-1\" \/>\n<link rel=\"canonical\" href=\"https:\/\/kaizen-blog.org\/en\/der-retter-von-bergen-acht-jahre-zu-spaet\/\" \/>\n<meta property=\"og:locale\" content=\"en_US\" \/>\n<meta property=\"og:type\" content=\"article\" \/>\n<meta property=\"og:title\" content=\"Der Retter von Bergen - Acht Jahre zu sp\u00e4t\" \/>\n<meta property=\"og:description\" content=\"Holger Robert, 61, Bergen auf R\u00fcgen, gelernter Zimmermann, jetzt Hausmeister, mehrere Kinder, mehrere Enkelkinder, Frau mit polnischen Wurzeln, die andere Menschen pflegt, w\u00e4hrend er Deutschland rettet.\" \/>\n<meta property=\"og:url\" content=\"https:\/\/kaizen-blog.org\/en\/der-retter-von-bergen-acht-jahre-zu-spaet\/\" \/>\n<meta property=\"og:site_name\" content=\"The Kaizen Blog\" \/>\n<meta property=\"article:publisher\" content=\"https:\/\/www.facebook.com\/rainer.hofmann.2025\/\" \/>\n<meta property=\"article:published_time\" content=\"2026-04-14T11:37:11+00:00\" \/>\n<meta property=\"article:modified_time\" content=\"2026-04-14T11:51:13+00:00\" \/>\n<meta property=\"og:image\" content=\"https:\/\/kaizen-blog.org\/wp-content\/uploads\/2026\/04\/batch_kaizennewsday-2026-04-14T131646.503.webp\" \/>\n\t<meta property=\"og:image:width\" content=\"905\" \/>\n\t<meta property=\"og:image:height\" content=\"500\" \/>\n\t<meta property=\"og:image:type\" content=\"image\/webp\" \/>\n<meta name=\"author\" content=\"TEAM KAIZEN BLOG\" \/>\n<meta name=\"twitter:card\" content=\"summary_large_image\" \/>\n<meta name=\"twitter:label1\" content=\"Written by\" \/>\n\t<meta name=\"twitter:data1\" content=\"TEAM KAIZEN BLOG\" \/>\n\t<meta name=\"twitter:label2\" content=\"Est. reading time\" \/>\n\t<meta name=\"twitter:data2\" content=\"3 minutes\" \/>\n<script type=\"application\/ld+json\" class=\"yoast-schema-graph\">{\"@context\":\"https:\\\/\\\/schema.org\",\"@graph\":[{\"@type\":\"Article\",\"@id\":\"https:\\\/\\\/kaizen-blog.org\\\/der-retter-von-bergen-acht-jahre-zu-spaet\\\/#article\",\"isPartOf\":{\"@id\":\"https:\\\/\\\/kaizen-blog.org\\\/der-retter-von-bergen-acht-jahre-zu-spaet\\\/\"},\"author\":{\"name\":\"TEAM KAIZEN BLOG\",\"@id\":\"https:\\\/\\\/kaizen-blog.org\\\/#\\\/schema\\\/person\\\/2350bb6dc34529fb49a12895a8a76096\"},\"headline\":\"Der Retter von Bergen &#8211; Acht Jahre zu sp\u00e4t\",\"datePublished\":\"2026-04-14T11:37:11+00:00\",\"dateModified\":\"2026-04-14T11:51:13+00:00\",\"mainEntityOfPage\":{\"@id\":\"https:\\\/\\\/kaizen-blog.org\\\/der-retter-von-bergen-acht-jahre-zu-spaet\\\/\"},\"wordCount\":401,\"commentCount\":4,\"image\":{\"@id\":\"https:\\\/\\\/kaizen-blog.org\\\/der-retter-von-bergen-acht-jahre-zu-spaet\\\/#primaryimage\"},\"thumbnailUrl\":\"https:\\\/\\\/i0.wp.com\\\/kaizen-blog.org\\\/wp-content\\\/uploads\\\/2026\\\/04\\\/batch_kaizennewsday-2026-04-14T131646.503.webp?fit=905%2C500&ssl=1\",\"articleSection\":[\"AFD - \\\"No Thanks\\\"\",\"NEWS\",\"Topstory\"],\"inLanguage\":\"en-US\",\"potentialAction\":[{\"@type\":\"CommentAction\",\"name\":\"Comment\",\"target\":[\"https:\\\/\\\/kaizen-blog.org\\\/der-retter-von-bergen-acht-jahre-zu-spaet\\\/#respond\"]}]},{\"@type\":\"WebPage\",\"@id\":\"https:\\\/\\\/kaizen-blog.org\\\/der-retter-von-bergen-acht-jahre-zu-spaet\\\/\",\"url\":\"https:\\\/\\\/kaizen-blog.org\\\/der-retter-von-bergen-acht-jahre-zu-spaet\\\/\",\"name\":\"Der Retter von Bergen - Acht Jahre zu sp\u00e4t - The Kaizen Blog\",\"isPartOf\":{\"@id\":\"https:\\\/\\\/kaizen-blog.org\\\/#website\"},\"primaryImageOfPage\":{\"@id\":\"https:\\\/\\\/kaizen-blog.org\\\/der-retter-von-bergen-acht-jahre-zu-spaet\\\/#primaryimage\"},\"image\":{\"@id\":\"https:\\\/\\\/kaizen-blog.org\\\/der-retter-von-bergen-acht-jahre-zu-spaet\\\/#primaryimage\"},\"thumbnailUrl\":\"https:\\\/\\\/i0.wp.com\\\/kaizen-blog.org\\\/wp-content\\\/uploads\\\/2026\\\/04\\\/batch_kaizennewsday-2026-04-14T131646.503.webp?fit=905%2C500&ssl=1\",\"datePublished\":\"2026-04-14T11:37:11+00:00\",\"dateModified\":\"2026-04-14T11:51:13+00:00\",\"author\":{\"@id\":\"https:\\\/\\\/kaizen-blog.org\\\/#\\\/schema\\\/person\\\/2350bb6dc34529fb49a12895a8a76096\"},\"description\":\"Holger Robert, 61, Bergen auf R\u00fcgen, gelernter Zimmermann, jetzt Hausmeister, mehrere Kinder, mehrere Enkelkinder, Frau mit polnischen Wurzeln, die andere Menschen pflegt, w\u00e4hrend er Deutschland rettet.\",\"breadcrumb\":{\"@id\":\"https:\\\/\\\/kaizen-blog.org\\\/der-retter-von-bergen-acht-jahre-zu-spaet\\\/#breadcrumb\"},\"inLanguage\":\"en-US\",\"potentialAction\":[{\"@type\":\"ReadAction\",\"target\":[\"https:\\\/\\\/kaizen-blog.org\\\/der-retter-von-bergen-acht-jahre-zu-spaet\\\/\"]}]},{\"@type\":\"ImageObject\",\"inLanguage\":\"en-US\",\"@id\":\"https:\\\/\\\/kaizen-blog.org\\\/der-retter-von-bergen-acht-jahre-zu-spaet\\\/#primaryimage\",\"url\":\"https:\\\/\\\/i0.wp.com\\\/kaizen-blog.org\\\/wp-content\\\/uploads\\\/2026\\\/04\\\/batch_kaizennewsday-2026-04-14T131646.503.webp?fit=905%2C500&ssl=1\",\"contentUrl\":\"https:\\\/\\\/i0.wp.com\\\/kaizen-blog.org\\\/wp-content\\\/uploads\\\/2026\\\/04\\\/batch_kaizennewsday-2026-04-14T131646.503.webp?fit=905%2C500&ssl=1\",\"width\":905,\"height\":500},{\"@type\":\"BreadcrumbList\",\"@id\":\"https:\\\/\\\/kaizen-blog.org\\\/der-retter-von-bergen-acht-jahre-zu-spaet\\\/#breadcrumb\",\"itemListElement\":[{\"@type\":\"ListItem\",\"position\":1,\"name\":\"Startseite\",\"item\":\"https:\\\/\\\/kaizen-blog.org\\\/\"},{\"@type\":\"ListItem\",\"position\":2,\"name\":\"Der Retter von Bergen &#8211; Acht Jahre zu sp\u00e4t\"}]},{\"@type\":\"WebSite\",\"@id\":\"https:\\\/\\\/kaizen-blog.org\\\/#website\",\"url\":\"https:\\\/\\\/kaizen-blog.org\\\/\",\"name\":\"The Kaizen Blog\",\"description\":\"Investigativer Journalismus\",\"potentialAction\":[{\"@type\":\"SearchAction\",\"target\":{\"@type\":\"EntryPoint\",\"urlTemplate\":\"https:\\\/\\\/kaizen-blog.org\\\/?s={search_term_string}\"},\"query-input\":{\"@type\":\"PropertyValueSpecification\",\"valueRequired\":true,\"valueName\":\"search_term_string\"}}],\"inLanguage\":\"en-US\"},{\"@type\":\"Person\",\"@id\":\"https:\\\/\\\/kaizen-blog.org\\\/#\\\/schema\\\/person\\\/2350bb6dc34529fb49a12895a8a76096\",\"name\":\"TEAM KAIZEN BLOG\",\"image\":{\"@type\":\"ImageObject\",\"inLanguage\":\"en-US\",\"@id\":\"https:\\\/\\\/kaizen-blog.org\\\/wp-content\\\/uploads\\\/avatars\\\/4\\\/1762994133-bpfull.jpg\",\"url\":\"https:\\\/\\\/kaizen-blog.org\\\/wp-content\\\/uploads\\\/avatars\\\/4\\\/1762994133-bpfull.jpg\",\"contentUrl\":\"https:\\\/\\\/kaizen-blog.org\\\/wp-content\\\/uploads\\\/avatars\\\/4\\\/1762994133-bpfull.jpg\",\"caption\":\"TEAM KAIZEN BLOG\"},\"url\":\"https:\\\/\\\/kaizen-blog.org\\\/en\\\/author\\\/team-kaizen-2\\\/\"}]}<\/script>\n<!-- \/ Yoast SEO plugin. -->","yoast_head_json":{"title":"Der Retter von Bergen - Acht Jahre zu sp\u00e4t - The Kaizen Blog","description":"Holger Robert, 61, Bergen auf R\u00fcgen, gelernter Zimmermann, jetzt Hausmeister, mehrere Kinder, mehrere Enkelkinder, Frau mit polnischen Wurzeln, die andere Menschen pflegt, w\u00e4hrend er Deutschland rettet.","robots":{"index":"index","follow":"follow","max-snippet":"max-snippet:-1","max-image-preview":"max-image-preview:large","max-video-preview":"max-video-preview:-1"},"canonical":"https:\/\/kaizen-blog.org\/en\/der-retter-von-bergen-acht-jahre-zu-spaet\/","og_locale":"en_US","og_type":"article","og_title":"Der Retter von Bergen - Acht Jahre zu sp\u00e4t","og_description":"Holger Robert, 61, Bergen auf R\u00fcgen, gelernter Zimmermann, jetzt Hausmeister, mehrere Kinder, mehrere Enkelkinder, Frau mit polnischen Wurzeln, die andere Menschen pflegt, w\u00e4hrend er Deutschland rettet.","og_url":"https:\/\/kaizen-blog.org\/en\/der-retter-von-bergen-acht-jahre-zu-spaet\/","og_site_name":"The Kaizen Blog","article_publisher":"https:\/\/www.facebook.com\/rainer.hofmann.2025\/","article_published_time":"2026-04-14T11:37:11+00:00","article_modified_time":"2026-04-14T11:51:13+00:00","og_image":[{"width":905,"height":500,"url":"https:\/\/kaizen-blog.org\/wp-content\/uploads\/2026\/04\/batch_kaizennewsday-2026-04-14T131646.503.webp","type":"image\/webp"}],"author":"TEAM KAIZEN BLOG","twitter_card":"summary_large_image","twitter_misc":{"Written by":"TEAM KAIZEN BLOG","Est. reading time":"3 minutes"},"schema":{"@context":"https:\/\/schema.org","@graph":[{"@type":"Article","@id":"https:\/\/kaizen-blog.org\/der-retter-von-bergen-acht-jahre-zu-spaet\/#article","isPartOf":{"@id":"https:\/\/kaizen-blog.org\/der-retter-von-bergen-acht-jahre-zu-spaet\/"},"author":{"name":"TEAM KAIZEN BLOG","@id":"https:\/\/kaizen-blog.org\/#\/schema\/person\/2350bb6dc34529fb49a12895a8a76096"},"headline":"Der Retter von Bergen &#8211; Acht Jahre zu sp\u00e4t","datePublished":"2026-04-14T11:37:11+00:00","dateModified":"2026-04-14T11:51:13+00:00","mainEntityOfPage":{"@id":"https:\/\/kaizen-blog.org\/der-retter-von-bergen-acht-jahre-zu-spaet\/"},"wordCount":401,"commentCount":4,"image":{"@id":"https:\/\/kaizen-blog.org\/der-retter-von-bergen-acht-jahre-zu-spaet\/#primaryimage"},"thumbnailUrl":"https:\/\/i0.wp.com\/kaizen-blog.org\/wp-content\/uploads\/2026\/04\/batch_kaizennewsday-2026-04-14T131646.503.webp?fit=905%2C500&ssl=1","articleSection":["AFD - \"No Thanks\"","NEWS","Topstory"],"inLanguage":"en-US","potentialAction":[{"@type":"CommentAction","name":"Comment","target":["https:\/\/kaizen-blog.org\/der-retter-von-bergen-acht-jahre-zu-spaet\/#respond"]}]},{"@type":"WebPage","@id":"https:\/\/kaizen-blog.org\/der-retter-von-bergen-acht-jahre-zu-spaet\/","url":"https:\/\/kaizen-blog.org\/der-retter-von-bergen-acht-jahre-zu-spaet\/","name":"Der Retter von Bergen - Acht Jahre zu sp\u00e4t - The Kaizen Blog","isPartOf":{"@id":"https:\/\/kaizen-blog.org\/#website"},"primaryImageOfPage":{"@id":"https:\/\/kaizen-blog.org\/der-retter-von-bergen-acht-jahre-zu-spaet\/#primaryimage"},"image":{"@id":"https:\/\/kaizen-blog.org\/der-retter-von-bergen-acht-jahre-zu-spaet\/#primaryimage"},"thumbnailUrl":"https:\/\/i0.wp.com\/kaizen-blog.org\/wp-content\/uploads\/2026\/04\/batch_kaizennewsday-2026-04-14T131646.503.webp?fit=905%2C500&ssl=1","datePublished":"2026-04-14T11:37:11+00:00","dateModified":"2026-04-14T11:51:13+00:00","author":{"@id":"https:\/\/kaizen-blog.org\/#\/schema\/person\/2350bb6dc34529fb49a12895a8a76096"},"description":"Holger Robert, 61, Bergen auf R\u00fcgen, gelernter Zimmermann, jetzt Hausmeister, mehrere Kinder, mehrere Enkelkinder, Frau mit polnischen Wurzeln, die andere Menschen pflegt, w\u00e4hrend er Deutschland rettet.","breadcrumb":{"@id":"https:\/\/kaizen-blog.org\/der-retter-von-bergen-acht-jahre-zu-spaet\/#breadcrumb"},"inLanguage":"en-US","potentialAction":[{"@type":"ReadAction","target":["https:\/\/kaizen-blog.org\/der-retter-von-bergen-acht-jahre-zu-spaet\/"]}]},{"@type":"ImageObject","inLanguage":"en-US","@id":"https:\/\/kaizen-blog.org\/der-retter-von-bergen-acht-jahre-zu-spaet\/#primaryimage","url":"https:\/\/i0.wp.com\/kaizen-blog.org\/wp-content\/uploads\/2026\/04\/batch_kaizennewsday-2026-04-14T131646.503.webp?fit=905%2C500&ssl=1","contentUrl":"https:\/\/i0.wp.com\/kaizen-blog.org\/wp-content\/uploads\/2026\/04\/batch_kaizennewsday-2026-04-14T131646.503.webp?fit=905%2C500&ssl=1","width":905,"height":500},{"@type":"BreadcrumbList","@id":"https:\/\/kaizen-blog.org\/der-retter-von-bergen-acht-jahre-zu-spaet\/#breadcrumb","itemListElement":[{"@type":"ListItem","position":1,"name":"Startseite","item":"https:\/\/kaizen-blog.org\/"},{"@type":"ListItem","position":2,"name":"Der Retter von Bergen &#8211; Acht Jahre zu sp\u00e4t"}]},{"@type":"WebSite","@id":"https:\/\/kaizen-blog.org\/#website","url":"https:\/\/kaizen-blog.org\/","name":"The Kaizen Blog","description":"Investigative Journalism","potentialAction":[{"@type":"SearchAction","target":{"@type":"EntryPoint","urlTemplate":"https:\/\/kaizen-blog.org\/?s={search_term_string}"},"query-input":{"@type":"PropertyValueSpecification","valueRequired":true,"valueName":"search_term_string"}}],"inLanguage":"en-US"},{"@type":"Person","@id":"https:\/\/kaizen-blog.org\/#\/schema\/person\/2350bb6dc34529fb49a12895a8a76096","name":"TEAM KAIZEN BLOG","image":{"@type":"ImageObject","inLanguage":"en-US","@id":"https:\/\/kaizen-blog.org\/wp-content\/uploads\/avatars\/4\/1762994133-bpfull.jpg","url":"https:\/\/kaizen-blog.org\/wp-content\/uploads\/avatars\/4\/1762994133-bpfull.jpg","contentUrl":"https:\/\/kaizen-blog.org\/wp-content\/uploads\/avatars\/4\/1762994133-bpfull.jpg","caption":"TEAM KAIZEN BLOG"},"url":"https:\/\/kaizen-blog.org\/en\/author\/team-kaizen-2\/"}]}},"jetpack_sharing_enabled":true,"jetpack-related-posts":[{"id":1843,"url":"https:\/\/kaizen-blog.org\/en\/weidel-und-orban-wenn-demokratieverachtung-auf-autokratenbewunderung-trifft\/","url_meta":{"origin":34164,"position":0},"title":"Weidel and Orb\u00e1n - When Contempt for Democracy Meets Admiration for Autocracy","author":"Rainer Hofmann","date":"12. February 2025","format":false,"excerpt":"Alice Weidel h\u00e4lt dich aktuell in Ungarn auf, um sich mit Viktor Orb\u00e1n auszutauschen \u2013 und statt f\u00fcr deutsche Interessen einzutreten, nutzte sie die Gelegenheit, um Deutschland vor der ungarischen Presse schlechtzureden. Sie sprach von eingeschr\u00e4nkter Meinungsfreiheit und Korruption in Deutschland, lobt Orb\u00e1n als Retter Europas vor Migranten und preist\u2026","rel":"","context":"In &quot;AFD - \"No Thanks\"&quot;","block_context":{"text":"AFD - \"No Thanks\"","link":"https:\/\/kaizen-blog.org\/en\/category\/afd-no-thanks\/"},"img":{"alt_text":"","src":"https:\/\/i0.wp.com\/kaizen-blog.org\/wp-content\/uploads\/2025\/05\/weidel-orban-budapest-afd.webp?fit=990%2C506&ssl=1&resize=350%2C200","width":350,"height":200,"srcset":"https:\/\/i0.wp.com\/kaizen-blog.org\/wp-content\/uploads\/2025\/05\/weidel-orban-budapest-afd.webp?fit=990%2C506&ssl=1&resize=350%2C200 1x, https:\/\/i0.wp.com\/kaizen-blog.org\/wp-content\/uploads\/2025\/05\/weidel-orban-budapest-afd.webp?fit=990%2C506&ssl=1&resize=525%2C300 1.5x, https:\/\/i0.wp.com\/kaizen-blog.org\/wp-content\/uploads\/2025\/05\/weidel-orban-budapest-afd.webp?fit=990%2C506&ssl=1&resize=700%2C400 2x"},"classes":[]},{"id":1993,"url":"https:\/\/kaizen-blog.org\/en\/wenn-der-retter-zum-feind-erklaert-wird-wie-die-afd-menschlichkeit-zur-gefahr-erklaert-oder-marie-therese-kaiser-die-exportware-des-voelkischen-vorstadtelends\/","url_meta":{"origin":34164,"position":1},"title":"When the Rescuer Is Declared the Enemy \u2013 How the AfD Turns Humanity into a Threat, or: Marie-Th\u00e9r\u00e8se Kaiser, the Export Commodity of Ethnonationalist Suburbia","author":"Rainer Hofmann","date":"29. May 2025","format":false,"excerpt":"Hamburg, Mai 2025 \u2013 Es beginnt mit einem Angriff auf offener Stra\u00dfe. Eine Frau wird mit einem Messer attackiert. Menschen schreien. Menschen filmen. Nur einer handelt. Ein Mann \u2013 mutig, entschlossen, sch\u00fctzend. Er greift ein, stoppt die Angreiferin, rettet die Frau. Und wird anschlie\u00dfend nicht gefeiert, sondern ins Visier genommen.\u2026","rel":"","context":"In &quot;AFD - \"No Thanks\"&quot;","block_context":{"text":"AFD - \"No Thanks\"","link":"https:\/\/kaizen-blog.org\/en\/category\/afd-no-thanks\/"},"img":{"alt_text":"","src":"https:\/\/i0.wp.com\/kaizen-blog.org\/wp-content\/uploads\/2025\/05\/Marie-Therese-Kaiser-AFD.webp?fit=982%2C502&ssl=1&resize=350%2C200","width":350,"height":200,"srcset":"https:\/\/i0.wp.com\/kaizen-blog.org\/wp-content\/uploads\/2025\/05\/Marie-Therese-Kaiser-AFD.webp?fit=982%2C502&ssl=1&resize=350%2C200 1x, https:\/\/i0.wp.com\/kaizen-blog.org\/wp-content\/uploads\/2025\/05\/Marie-Therese-Kaiser-AFD.webp?fit=982%2C502&ssl=1&resize=525%2C300 1.5x, https:\/\/i0.wp.com\/kaizen-blog.org\/wp-content\/uploads\/2025\/05\/Marie-Therese-Kaiser-AFD.webp?fit=982%2C502&ssl=1&resize=700%2C400 2x"},"classes":[]},{"id":1322,"url":"https:\/\/kaizen-blog.org\/en\/trump-schreibt-geschichte-um-trump-rewrites-history\/","url_meta":{"origin":34164,"position":2},"title":"TRUMP REWRITES HISTORY","author":"Rainer Hofmann","date":"18. May 2025","format":false,"excerpt":"Trump baut weiter an seinem fragw\u00fcrdigen Denkmal, einem Monolithen der Selbstverherrlichung, errichtet auf dem Fundament aus Verzerrung, T\u00e4uschung und gezielter Geschichtsf\u00e4lschung. Er will nicht nur seine eigene Legende schreiben, sondern die Wahrheit ausradieren, wie ein Steinmetz, der \u00fcber die Inschrift der Realit\u00e4t seinen eigenen Namen mei\u00dfelt. Der selbsternannte Retter der\u2026","rel":"","context":"In &quot;Trumpland&quot;","block_context":{"text":"Trumpland","link":"https:\/\/kaizen-blog.org\/en\/category\/trump-s-world\/"},"img":{"alt_text":"","src":"https:\/\/i0.wp.com\/kaizen-blog.org\/wp-content\/uploads\/2025\/05\/trump-covid.webp?fit=990%2C518&ssl=1&resize=350%2C200","width":350,"height":200,"srcset":"https:\/\/i0.wp.com\/kaizen-blog.org\/wp-content\/uploads\/2025\/05\/trump-covid.webp?fit=990%2C518&ssl=1&resize=350%2C200 1x, https:\/\/i0.wp.com\/kaizen-blog.org\/wp-content\/uploads\/2025\/05\/trump-covid.webp?fit=990%2C518&ssl=1&resize=525%2C300 1.5x, https:\/\/i0.wp.com\/kaizen-blog.org\/wp-content\/uploads\/2025\/05\/trump-covid.webp?fit=990%2C518&ssl=1&resize=700%2C400 2x"},"classes":[]},{"id":28489,"url":"https:\/\/kaizen-blog.org\/en\/wenn-politiker-ihre-waehler-anluegen-der-fall-harald-laatsch-afd\/","url_meta":{"origin":34164,"position":3},"title":"When Politicians Lie to Their Voters: The Case of Harald Laatsch, AfD","author":"Rainer Hofmann","date":"8. February 2026","format":false,"excerpt":"Harald Laatsch sitzt im Berliner Abgeordnetenhaus. F\u00fcr die AfD. Und am Freitag tut er das, was Rechtspopulisten am besten k\u00f6nnen: Er verbreitet eine L\u00fcge, die so offensichtlich falsch ist, dass man sich fragt, ob er seine W\u00e4hler f\u00fcr komplett bescheuert h\u00e4lt. JD Vance wird bei der Olympia-Er\u00f6ffnung in Mailand ausgebuht.\u2026","rel":"","context":"In &quot;AFD - \"No Thanks\"&quot;","block_context":{"text":"AFD - \"No Thanks\"","link":"https:\/\/kaizen-blog.org\/en\/category\/afd-no-thanks\/"},"img":{"alt_text":"","src":"https:\/\/i0.wp.com\/kaizen-blog.org\/wp-content\/uploads\/2026\/02\/batch_kaizennewsday-2026-02-08T193550.058.webp?fit=905%2C500&ssl=1&resize=350%2C200","width":350,"height":200,"srcset":"https:\/\/i0.wp.com\/kaizen-blog.org\/wp-content\/uploads\/2026\/02\/batch_kaizennewsday-2026-02-08T193550.058.webp?fit=905%2C500&ssl=1&resize=350%2C200 1x, https:\/\/i0.wp.com\/kaizen-blog.org\/wp-content\/uploads\/2026\/02\/batch_kaizennewsday-2026-02-08T193550.058.webp?fit=905%2C500&ssl=1&resize=525%2C300 1.5x, https:\/\/i0.wp.com\/kaizen-blog.org\/wp-content\/uploads\/2026\/02\/batch_kaizennewsday-2026-02-08T193550.058.webp?fit=905%2C500&ssl=1&resize=700%2C400 2x"},"classes":[]},{"id":3839,"url":"https:\/\/kaizen-blog.org\/en\/trumps-traumwelt-ein-praesident-im-spiegel-seiner-eigenen-mythen\/","url_meta":{"origin":34164,"position":4},"title":"Trump\u2019s Dreamworld: A President in the Mirror of His Own Myths","author":"Tamzee Zadah","date":"10. June 2025","format":false,"excerpt":"In der digitalen Agora des 21. Jahrhunderts, wo Worte wie Pfeile durch die L\u00fcfte der sozialen Medien schwirren, erhebt sich erneut die Stimme eines Mannes, der nie aufgeh\u00f6rt hat, sich selbst als Retter einer untergehenden Welt zu inszenieren: Donald J. Trump. Sein j\u00fcngster Tweet, ein rhetorisches Monument aus Pathos, Polemik\u2026","rel":"","context":"In &quot;NEWS&quot;","block_context":{"text":"NEWS","link":"https:\/\/kaizen-blog.org\/en\/category\/news\/"},"img":{"alt_text":"","src":"https:\/\/i0.wp.com\/kaizen-blog.org\/wp-content\/uploads\/2025\/06\/trum-military.webp?fit=850%2C508&ssl=1&resize=350%2C200","width":350,"height":200,"srcset":"https:\/\/i0.wp.com\/kaizen-blog.org\/wp-content\/uploads\/2025\/06\/trum-military.webp?fit=850%2C508&ssl=1&resize=350%2C200 1x, https:\/\/i0.wp.com\/kaizen-blog.org\/wp-content\/uploads\/2025\/06\/trum-military.webp?fit=850%2C508&ssl=1&resize=525%2C300 1.5x, https:\/\/i0.wp.com\/kaizen-blog.org\/wp-content\/uploads\/2025\/06\/trum-military.webp?fit=850%2C508&ssl=1&resize=700%2C400 2x"},"classes":[]},{"id":3560,"url":"https:\/\/kaizen-blog.org\/en\/die-afd-und-die-operation-gebaerstreik\/","url_meta":{"origin":34164,"position":5},"title":"The AfD and Operation \u201cBirth Strike\u201d","author":"Rainer Hofmann","date":"17. February 2025","format":false,"excerpt":"Die Aufforderung der AfD zur Steigerung der Geburtenrate als Instrument des v\u00f6lkischen Denkens - So tickt die AFD auch weiterhin. Die Alternative f\u00fcr Deutschland (AfD) hat sich in ihrer politischen Ausrichtung immer wieder auf nationalistische und v\u00f6lkische Themen berufen. Ein besonders kontroverser Punkt ist die wiederholte Forderung, dass deutsche Frauen\u2026","rel":"","context":"In &quot;AFD - \"No Thanks\"&quot;","block_context":{"text":"AFD - \"No Thanks\"","link":"https:\/\/kaizen-blog.org\/en\/category\/afd-no-thanks\/"},"img":{"alt_text":"","src":"https:\/\/i0.wp.com\/kaizen-blog.org\/wp-content\/uploads\/2025\/06\/afg-geburtenzwang.webp?fit=984%2C494&ssl=1&resize=350%2C200","width":350,"height":200,"srcset":"https:\/\/i0.wp.com\/kaizen-blog.org\/wp-content\/uploads\/2025\/06\/afg-geburtenzwang.webp?fit=984%2C494&ssl=1&resize=350%2C200 1x, https:\/\/i0.wp.com\/kaizen-blog.org\/wp-content\/uploads\/2025\/06\/afg-geburtenzwang.webp?fit=984%2C494&ssl=1&resize=525%2C300 1.5x, https:\/\/i0.wp.com\/kaizen-blog.org\/wp-content\/uploads\/2025\/06\/afg-geburtenzwang.webp?fit=984%2C494&ssl=1&resize=700%2C400 2x"},"classes":[]}],"jetpack_featured_media_url":"https:\/\/i0.wp.com\/kaizen-blog.org\/wp-content\/uploads\/2026\/04\/batch_kaizennewsday-2026-04-14T131646.503.webp?fit=905%2C500&ssl=1","_links":{"self":[{"href":"https:\/\/kaizen-blog.org\/en\/wp-json\/wp\/v2\/posts\/34164","targetHints":{"allow":["GET"]}}],"collection":[{"href":"https:\/\/kaizen-blog.org\/en\/wp-json\/wp\/v2\/posts"}],"about":[{"href":"https:\/\/kaizen-blog.org\/en\/wp-json\/wp\/v2\/types\/post"}],"author":[{"embeddable":true,"href":"https:\/\/kaizen-blog.org\/en\/wp-json\/wp\/v2\/users\/4"}],"replies":[{"embeddable":true,"href":"https:\/\/kaizen-blog.org\/en\/wp-json\/wp\/v2\/comments?post=34164"}],"version-history":[{"count":0,"href":"https:\/\/kaizen-blog.org\/en\/wp-json\/wp\/v2\/posts\/34164\/revisions"}],"wp:featuredmedia":[{"embeddable":true,"href":"https:\/\/kaizen-blog.org\/en\/wp-json\/wp\/v2\/media\/34166"}],"wp:attachment":[{"href":"https:\/\/kaizen-blog.org\/en\/wp-json\/wp\/v2\/media?parent=34164"}],"wp:term":[{"taxonomy":"category","embeddable":true,"href":"https:\/\/kaizen-blog.org\/en\/wp-json\/wp\/v2\/categories?post=34164"},{"taxonomy":"post_tag","embeddable":true,"href":"https:\/\/kaizen-blog.org\/en\/wp-json\/wp\/v2\/tags?post=34164"}],"curies":[{"name":"wp","href":"https:\/\/api.w.org\/{rel}","templated":true}]}}