{"id":31271,"date":"2026-03-10T12:19:00","date_gmt":"2026-03-10T11:19:00","guid":{"rendered":"https:\/\/kaizen-blog.org\/?p=31271"},"modified":"2026-03-15T02:33:07","modified_gmt":"2026-03-15T01:33:07","slug":"aus-den-kaizen-akten-ein-tauber-sechsjaehriger-abgeschoben-ohne-seine-hoergeraete","status":"publish","type":"post","link":"https:\/\/kaizen-blog.org\/en\/aus-den-kaizen-akten-ein-tauber-sechsjaehriger-abgeschoben-ohne-seine-hoergeraete\/","title":{"rendered":"From the Kaizen Files: A Deaf Six Year Old, Deported - Without His Hearing Aids"},"content":{"rendered":"<p>Joseph Rodriguez is six years old and deaf. He attended the California School for the Deaf in Fremont and had lived for four years with his mother and his four year old brother in Hayward, a city in the Bay Area. Last week his mother, Lesly Rodriguez Gutierrez, had been scheduled for a routine check in at the ICE office in California. Joseph was sick, she could not leave him alone - so she took him with her.<\/p>\n\n\n\n<p>They were immediately detained. All three of them. And shortly afterward deported to Colombia, where his mother had fled from - she is an asylum seeker who escaped domestic violence. What stands out in this sequence: no hearing, no contact with her attorneys, no due process. Joseph\u2019s hearing aids were left behind.<\/p>\n\n\n\n<p>A relative tried to bring them to the boy while he was still in custody. ICE refused to accept them. The devices did not get through. Joseph was transferred from facility to facility - places not built for children, certainly not for children with significant special needs. His attorney said: \u201cThis is inhumane, illegal and unconstitutional.\u201d Hearing aids are not glasses that can be quickly replaced. They are calibrated to an individual\u2019s specific hearing loss, often cost several thousand dollars and are nearly impossible to replace in a situation like this. What that means for a six year old boy who is suddenly in another country, surrounded by people whose language he does not know, without the devices that allow him to hear - one has to truly imagine that for a moment.<\/p>\n\n\n\n<figure class=\"wp-block-video alignwide\"><video height=\"360\" style=\"aspect-ratio: 640 \/ 360;\" width=\"640\" controls src=\"https:\/\/kaizen-blog.org\/wp-content\/uploads\/2026\/03\/swaweercal.mp4\"><\/video><figcaption class=\"wp-element-caption\"><strong>Eric Swalwell,<\/strong><\/figcaption><\/figure>\n\n\n\n<div style=\"height:20px\" aria-hidden=\"true\" class=\"wp-block-spacer\"><\/div>\n\n\n\n<p>We reached out to Congressman Eric Swalwell, Democrat from California and representative of the district in which the family lived. Swalwell sent a staff member from his office to Colombia over the weekend to personally deliver the hearing aids. He said publicly: \u201cThink about this for a moment: A six year old child with a disability, suddenly in a foreign country, separated from the place he knew as home - surrounded by silence.\u201d Together with the family\u2019s attorneys, we are all working to secure a humanitarian entry permit so they can return. How long that will take remains open, but we are going full speed.<\/p>\n\n\n\n<p>Swalwell, who is also running for governor of California, mentioned in this context the deportation of a six year old child with cancer - one of several cases that together form a picture that can no longer be dismissed as isolated incidents. People with disabilities, seriously ill children, individuals in ongoing asylum proceedings - they all end up in the same system, designed for speed, not for care.<\/p>\n\n\n\n<p>The fact that Homeland Security now has only a few employees handling complaints about civil rights violations makes it unlikely that anyone will be held accountable internally. The pressure to change anything is structurally absent. What happened here had nothing to do with public safety. Joseph Rodriguez lived in Hayward for four years. He knew the school in Fremont, the language of the country, the daily life there. Now he is in Colombia, now again with his hearing aids, without an attorney, without an explanation.<\/p>\n\n\n\n<p>To be continued .....<\/p>\n\n\n\n<div style=\"height:25px\" aria-hidden=\"true\" class=\"wp-block-spacer\"><\/div>\n\n\n\n<div class=\"kz-ad-root\">\n<style>\n@import url('https:\/\/fonts.googleapis.com\/css2?family=Bebas+Neue&family=Source+Sans+3:ital,wght@0,400;0,700;1,400&display=swap');\n\n.kz-ad-root { margin: 28px 0; }\n\n.kz-ad {\n  font-family: 'Source Sans 3', 'Segoe UI', Arial, sans-serif;\n  background: #ffffff;\n  border: 1px solid #DEDEDE;\n  border-radius: 4px;\n  overflow: hidden;\n  max-width: 100%;\n  box-sizing: border-box;\n}\n\n.kz-top {\n  background: #111111;\n  padding: 12px 18px;\n  display: flex;\n  align-items: center;\n  gap: 10px;\n}\n\n.kz-eyebrow-line {\n  width: 22px;\n  height: 2px;\n  background: #7A1A24;\n  flex-shrink: 0;\n}\n\n.kz-badge {\n  font-size: 13px;\n  font-weight: 700;\n  letter-spacing: 0.14em;\n  text-transform: uppercase;\n  color: #ffffff;\n}\n\n.kz-inner {\n  padding: 22px 18px 20px;\n}\n\n.kz-headline {\n  font-family: 'Bebas Neue', Impact, Arial Narrow, sans-serif;\n  font-size: 2.4rem;\n  font-weight: 400;\n  color: #111111;\n  line-height: 1.1;\n  margin: 0 0 16px 0;\n  letter-spacing: 0.03em;\n}\n\n.kz-headline span {\n  color: #8A8A8A;\n}\n\n.kz-text {\n  font-size: 1.05rem;\n  line-height: 1.75;\n  color: #333333;\n  margin: 0 0 16px 0;\n}\n\n.kz-callout {\n  font-size: 1.05rem;\n  line-height: 1.65;\n  color: #111111;\n  font-weight: 700;\n  border-left: 3px solid #7A1A24;\n  padding: 12px 14px;\n  margin: 0 0 22px 0;\n  background: #F7F7F7;\n  border-radius: 0 2px 2px 0;\n}\n\n.kz-btn {\n  display: flex;\n  align-items: center;\n  justify-content: center;\n  gap: 9px;\n  width: 100%;\n  box-sizing: border-box;\n  padding: 16px 20px;\n  background: #7A1A24;\n  color: #ffffff;\n  font-family: 'Source Sans 3', sans-serif;\n  font-weight: 700;\n  font-size: 1.1rem;\n  text-decoration: none;\n  border-radius: 2px;\n  transition: background 0.18s, transform 0.15s;\n  letter-spacing: 0.03em;\n  text-transform: uppercase;\n  margin-bottom: 16px;\n}\n\n.kz-btn:hover {\n  background: #5C1219;\n  transform: translateY(-1px);\n}\n\n.kz-btn svg { transition: transform 0.18s; }\n.kz-btn:hover svg { transform: translateX(3px); }\n\n.kz-footer {\n  display: flex;\n  align-items: center;\n  justify-content: center;\n  padding-bottom: 2px;\n}\n\n.kz-more {\n  font-size: 1.05rem;\n  color: #444444;\n  text-decoration: none;\n  transition: color 0.15s, border-color 0.15s;\n  font-style: italic;\n  border-bottom: 1px solid #CCCCCC;\n  padding-bottom: 2px;\n}\n\n.kz-more:hover { color: #7A1A24; border-color: #7A1A24; }\n\n@media (min-width: 540px) {\n  .kz-inner { padding: 24px 26px 22px; }\n  .kz-headline { font-size: 2.8rem; }\n\n  .kz-btn {\n    width: auto;\n    display: inline-flex;\n    padding: 15px 36px;\n  }\n\n  .kz-btn-wrap {\n    display: flex;\n    align-items: center;\n    justify-content: space-between;\n    gap: 16px;\n  }\n\n  .kz-footer {\n    justify-content: flex-end;\n  }\n}\n<\/style>\n\n<div class=\"kz-ad\">\n  <div class=\"kz-top\">\n    <div class=\"kz-eyebrow-line\"><\/div>\n    <span class=\"kz-badge\">Independent Journalism \u00b7 Kaizen Blog<\/span>\n  <\/div>\n  <div class=\"kz-inner\">\n\n    <h3 class=\"kz-headline\">We are where,<br>it hurts. <span>wehtut.<\/span><\/h3>\n\n    <p class=\"kz-text\">We do not sit in comfort writing about the world - and we do not stop when the writing ends. Our help is where it is needed. We stand for human rights and international law. Against abuses of power. Against a politics that governs through fear and sacrifices the vulnerable to protect the powerful. 2026 is a year in which truth and conviction matter more than ever.<\/p>\n\n    <div class=\"kz-callout\">Our work depends on those who pay attention - and stand up for making sure it remains possible.<\/div>\n\n    <div class=\"kz-btn-wrap\">\n      <a class=\"kz-btn\" href=\"https:\/\/buy.stripe.com\/14A4gzgJWaWm3gM1Ls3VC00\" target=\"_blank\" rel=\"noopener\">\n        Donate now\n        <svg width=\"17\" height=\"17\" viewbox=\"0 0 14 14\" fill=\"none\" xmlns=\"http:\/\/www.w3.org\/2000\/svg\">\n          <path d=\"M2 7h10M8 3l4 4-4 4\" stroke=\"#fff\" stroke-width=\"1.8\" stroke-linecap=\"round\" stroke-linejoin=\"round\"\/>\n        <\/svg>\n      <\/a>\n      <div class=\"kz-footer\">\n        <a class=\"kz-more\" href=\"https:\/\/kaizen-blog.org\/en\/unterstuetzen-sie-unser-arbeit\/\" target=\"_blank\" rel=\"noopener\">About our work \u2192<\/a>\n      <\/div>\n    <\/div>\n\n  <\/div>\n<\/div>\n<\/div>\n\n\n\n<div style=\"height:30px\" aria-hidden=\"true\" class=\"wp-block-spacer\"><\/div>\n\n\n\n<div class=\"kb-news-update-box\" style=\"    max-width: 650px;    margin: 2rem auto;    padding: 1.25rem 1.5rem;    border-radius: 12px;    border: 1px solid rgba(120,120,120,0.4);    background: rgba(15,15,20,0.03);    backdrop-filter: blur(4px);    font-family: system-ui, -apple-system, BlinkMacSystemFont, 'Segoe UI', sans-serif;\">\n  <style>\n    @media (prefers-color-scheme: dark) {\n      .kb-news-update-box {\n        background: rgba(15,15,20,0.9) !important;\n        border-color: rgba(160,160,160,0.4) !important;\n      }\n      .kb-news-update-box h3 {\n        color: #f5f5f5 !important;\n      }\n      .kb-news-update-box p {\n        color: #e0e0e0 !important;\n      }\n      .kb-news-update-box a.kb-news-link {\n        color: #ffb347 !important;\n        border-color: rgba(255,179,71,0.4) !important;\n      }\n      .kb-news-update-box a.kb-news-link:hover {\n        background: rgba(255,179,71,0.12) !important;\n      }\n    }\n  <\/style>\n\n  <h3 style=\"      margin: 0 0 0.5rem 0;      font-size: 1.15rem;      letter-spacing: 0.02em;      text-transform: uppercase;  \">\n    Updates \u2013 Kaizen News Brief\n  <\/h3>\n\n  <p style=\"      margin: 0 0 0.9rem 0;      font-size: 0.95rem;      line-height: 1.5;  \">\n    All current curated daily updates can be found in the Kaizen News Brief. \n  <\/p>\n\n  <!-- Deutscher Button -->\n  <a class=\"kb-news-link\" href=\"https:\/\/kaizen-blog.org\/en\/10-m\u00e4rz-2026-kurznachrichten\/\" style=\"      display: inline-flex;      align-items: center;      gap: 0.4rem;      padding: 0.45rem 0.9rem;      border-radius: 999px;      border: 1px solid rgba(0,0,0,0.12);      font-size: 0.9rem;      text-decoration: none;      color: #004b8d;      transition: background 0.15s ease, transform 0.1s ease, border-color 0.15s ease;      margin-bottom: 0.5rem;      margin-right: 0.4rem;  \">\n    <span style=\"font-weight: 600;\">To the Kaizen News Brief<\/span>\n    <span aria-hidden=\"true\" style=\"font-size: 1.1rem;\">\u2197<\/span>\n  <\/a>\n\n  <!-- Englischer Button -->\n  <a class=\"kb-news-link\" href=\"https:\/\/kaizen-blog.org\/en\/10-m\u00e4rz-2026-kurznachrichten\/\" style=\"      display: inline-flex;      align-items: center;      gap: 0.4rem;      padding: 0.45rem 0.9rem;      border-radius: 999px;      border: 1px solid rgba(0,0,0,0.12);      font-size: 0.9rem;      text-decoration: none;      color: #004b8d;      transition: background 0.15s ease, transform 0.1s ease, border-color 0.15s ease;  \">\n    <span style=\"font-weight: 600;\">In English<\/span>\n    <span aria-hidden=\"true\" style=\"font-size: 1.1rem;\">\u2197<\/span>\n  <\/a>\n\n<\/div>\n\n\n\n<div style=\"height:100px\" aria-hidden=\"true\" class=\"wp-block-spacer\"><\/div>\n<div class=\"gsp_post_data\" \r\n\t            data-post_type=\"post\" \r\n\t            data-cat=\"deportations-under-trump,topstory,trump-s-world\" \r\n\t            data-modified=\"120\"\r\n\t            data-created=\"1773145140\"\r\n\t            data-title=\"Aus den Kaizen-Akten: Ein tauber Sechsj\u00e4hriger, abgeschoben &#8211; ohne seine H\u00f6rger\u00e4te\" \r\n\t            data-home=\"https:\/\/kaizen-blog.org\/en\/\"><\/div>","protected":false},"excerpt":{"rendered":"<p>Joseph Rodriguez ist sechs Jahre alt und geh\u00f6rlos. Er besuchte die California School for the Deaf in Fremont, lebte seit vier Jahren mit seiner Mutter und seinem vierj\u00e4hrigen Bruder in Hayward, einer Stadt in der Bay Area. Vergangene Woche war seine Mutter, Lesly Rodriguez Gutierrez, zu einem regul\u00e4ren Meldetermin beim ICE-B\u00fcro in Kalifornien bestellt. Joseph [&hellip;]<\/p>\n","protected":false},"author":1,"featured_media":31272,"comment_status":"open","ping_status":"open","sticky":false,"template":"","format":"standard","meta":{"_jetpack_memberships_contains_paid_content":false,"footnotes":"","jetpack_publicize_message":"","jetpack_publicize_feature_enabled":true,"jetpack_social_post_already_shared":true,"jetpack_social_options":{"image_generator_settings":{"template":"highway","default_image_id":0,"font":"","enabled":false},"version":2}},"categories":[38,7,41],"tags":[],"class_list":["post-31271","post","type-post","status-publish","format-standard","has-post-thumbnail","hentry","category-deportations-under-trump","category-topstory","category-trump-s-world"],"featured_image_src":"https:\/\/i0.wp.com\/kaizen-blog.org\/wp-content\/uploads\/2026\/03\/kaizennewsday-2026-03-10T121131.897.webp?fit=905%2C500&ssl=1","author_info":{"display_name":"Rainer Hofmann","author_link":"https:\/\/kaizen-blog.org\/en\/author\/admin\/"},"yoast_head":"<!-- This site is optimized with the Yoast SEO plugin v27.5 - https:\/\/yoast.com\/product\/yoast-seo-wordpress\/ -->\n<title>Aus den Kaizen-Akten: Ein tauber Sechsj\u00e4hriger, abgeschoben - ohne seine H\u00f6rger\u00e4te - The Kaizen Blog<\/title>\n<meta name=\"description\" content=\"Joseph Rodriguez ist sechs Jahre alt und geh\u00f6rlos. Er besuchte die California School for the Deaf in Fremont, lebte seit vier Jahren mit seiner Mutter und seinem vierj\u00e4hrigen Bruder in Hayward, einer Stadt in der Bay Area.\" \/>\n<meta name=\"robots\" content=\"index, follow, max-snippet:-1, max-image-preview:large, max-video-preview:-1\" \/>\n<link rel=\"canonical\" href=\"https:\/\/kaizen-blog.org\/en\/aus-den-kaizen-akten-ein-tauber-sechsjaehriger-abgeschoben-ohne-seine-hoergeraete\/\" \/>\n<meta property=\"og:locale\" content=\"en_US\" \/>\n<meta property=\"og:type\" content=\"article\" \/>\n<meta property=\"og:title\" content=\"Aus den Kaizen-Akten: Ein tauber Sechsj\u00e4hriger, abgeschoben \u2014 ohne seine H\u00f6rger\u00e4te\" \/>\n<meta property=\"og:description\" content=\"Joseph Rodriguez ist sechs Jahre alt und geh\u00f6rlos. Er besuchte die California School for the Deaf in Fremont, lebte seit vier Jahren mit seiner Mutter und seinem vierj\u00e4hrigen Bruder in Hayward, einer Stadt in der Bay Area.\" \/>\n<meta property=\"og:url\" content=\"https:\/\/kaizen-blog.org\/en\/aus-den-kaizen-akten-ein-tauber-sechsjaehriger-abgeschoben-ohne-seine-hoergeraete\/\" \/>\n<meta property=\"og:site_name\" content=\"The Kaizen Blog\" \/>\n<meta property=\"article:publisher\" content=\"https:\/\/www.facebook.com\/rainer.hofmann.2025\/\" \/>\n<meta property=\"article:published_time\" content=\"2026-03-10T11:19:00+00:00\" \/>\n<meta property=\"article:modified_time\" content=\"2026-03-15T01:33:07+00:00\" \/>\n<meta property=\"og:image\" content=\"https:\/\/kaizen-blog.org\/wp-content\/uploads\/2026\/03\/kaizennewsday-2026-03-10T121131.897.webp\" \/>\n\t<meta property=\"og:image:width\" content=\"905\" \/>\n\t<meta property=\"og:image:height\" content=\"500\" \/>\n\t<meta property=\"og:image:type\" content=\"image\/webp\" \/>\n<meta name=\"author\" content=\"Rainer Hofmann\" \/>\n<meta name=\"twitter:card\" content=\"summary_large_image\" \/>\n<meta name=\"twitter:label1\" content=\"Written by\" \/>\n\t<meta name=\"twitter:data1\" content=\"Rainer Hofmann\" \/>\n\t<meta name=\"twitter:label2\" content=\"Est. reading time\" \/>\n\t<meta name=\"twitter:data2\" content=\"4 minutes\" \/>\n<script type=\"application\/ld+json\" class=\"yoast-schema-graph\">{\"@context\":\"https:\\\/\\\/schema.org\",\"@graph\":[{\"@type\":\"Article\",\"@id\":\"https:\\\/\\\/kaizen-blog.org\\\/aus-den-kaizen-akten-ein-tauber-sechsjaehriger-abgeschoben-ohne-seine-hoergeraete\\\/#article\",\"isPartOf\":{\"@id\":\"https:\\\/\\\/kaizen-blog.org\\\/aus-den-kaizen-akten-ein-tauber-sechsjaehriger-abgeschoben-ohne-seine-hoergeraete\\\/\"},\"author\":{\"name\":\"Rainer Hofmann\",\"@id\":\"https:\\\/\\\/kaizen-blog.org\\\/#\\\/schema\\\/person\\\/7d3fc7346e2501a389ea3daa48b99ad0\"},\"headline\":\"Aus den Kaizen-Akten: Ein tauber Sechsj\u00e4hriger, abgeschoben &#8211; ohne seine H\u00f6rger\u00e4te\",\"datePublished\":\"2026-03-10T11:19:00+00:00\",\"dateModified\":\"2026-03-15T01:33:07+00:00\",\"mainEntityOfPage\":{\"@id\":\"https:\\\/\\\/kaizen-blog.org\\\/aus-den-kaizen-akten-ein-tauber-sechsjaehriger-abgeschoben-ohne-seine-hoergeraete\\\/\"},\"wordCount\":661,\"commentCount\":4,\"image\":{\"@id\":\"https:\\\/\\\/kaizen-blog.org\\\/aus-den-kaizen-akten-ein-tauber-sechsjaehriger-abgeschoben-ohne-seine-hoergeraete\\\/#primaryimage\"},\"thumbnailUrl\":\"https:\\\/\\\/i0.wp.com\\\/kaizen-blog.org\\\/wp-content\\\/uploads\\\/2026\\\/03\\\/kaizennewsday-2026-03-10T121131.897.webp?fit=905%2C500&ssl=1\",\"articleSection\":[\"Deportations Under Trump\",\"Topstory\",\"Trumpland\"],\"inLanguage\":\"en-US\",\"potentialAction\":[{\"@type\":\"CommentAction\",\"name\":\"Comment\",\"target\":[\"https:\\\/\\\/kaizen-blog.org\\\/aus-den-kaizen-akten-ein-tauber-sechsjaehriger-abgeschoben-ohne-seine-hoergeraete\\\/#respond\"]}]},{\"@type\":\"WebPage\",\"@id\":\"https:\\\/\\\/kaizen-blog.org\\\/aus-den-kaizen-akten-ein-tauber-sechsjaehriger-abgeschoben-ohne-seine-hoergeraete\\\/\",\"url\":\"https:\\\/\\\/kaizen-blog.org\\\/aus-den-kaizen-akten-ein-tauber-sechsjaehriger-abgeschoben-ohne-seine-hoergeraete\\\/\",\"name\":\"Aus den Kaizen-Akten: Ein tauber Sechsj\u00e4hriger, abgeschoben - ohne seine H\u00f6rger\u00e4te - The Kaizen Blog\",\"isPartOf\":{\"@id\":\"https:\\\/\\\/kaizen-blog.org\\\/#website\"},\"primaryImageOfPage\":{\"@id\":\"https:\\\/\\\/kaizen-blog.org\\\/aus-den-kaizen-akten-ein-tauber-sechsjaehriger-abgeschoben-ohne-seine-hoergeraete\\\/#primaryimage\"},\"image\":{\"@id\":\"https:\\\/\\\/kaizen-blog.org\\\/aus-den-kaizen-akten-ein-tauber-sechsjaehriger-abgeschoben-ohne-seine-hoergeraete\\\/#primaryimage\"},\"thumbnailUrl\":\"https:\\\/\\\/i0.wp.com\\\/kaizen-blog.org\\\/wp-content\\\/uploads\\\/2026\\\/03\\\/kaizennewsday-2026-03-10T121131.897.webp?fit=905%2C500&ssl=1\",\"datePublished\":\"2026-03-10T11:19:00+00:00\",\"dateModified\":\"2026-03-15T01:33:07+00:00\",\"author\":{\"@id\":\"https:\\\/\\\/kaizen-blog.org\\\/#\\\/schema\\\/person\\\/7d3fc7346e2501a389ea3daa48b99ad0\"},\"description\":\"Joseph Rodriguez ist sechs Jahre alt und geh\u00f6rlos. Er besuchte die California School for the Deaf in Fremont, lebte seit vier Jahren mit seiner Mutter und seinem vierj\u00e4hrigen Bruder in Hayward, einer Stadt in der Bay Area.\",\"breadcrumb\":{\"@id\":\"https:\\\/\\\/kaizen-blog.org\\\/aus-den-kaizen-akten-ein-tauber-sechsjaehriger-abgeschoben-ohne-seine-hoergeraete\\\/#breadcrumb\"},\"inLanguage\":\"en-US\",\"potentialAction\":[{\"@type\":\"ReadAction\",\"target\":[\"https:\\\/\\\/kaizen-blog.org\\\/aus-den-kaizen-akten-ein-tauber-sechsjaehriger-abgeschoben-ohne-seine-hoergeraete\\\/\"]}]},{\"@type\":\"ImageObject\",\"inLanguage\":\"en-US\",\"@id\":\"https:\\\/\\\/kaizen-blog.org\\\/aus-den-kaizen-akten-ein-tauber-sechsjaehriger-abgeschoben-ohne-seine-hoergeraete\\\/#primaryimage\",\"url\":\"https:\\\/\\\/i0.wp.com\\\/kaizen-blog.org\\\/wp-content\\\/uploads\\\/2026\\\/03\\\/kaizennewsday-2026-03-10T121131.897.webp?fit=905%2C500&ssl=1\",\"contentUrl\":\"https:\\\/\\\/i0.wp.com\\\/kaizen-blog.org\\\/wp-content\\\/uploads\\\/2026\\\/03\\\/kaizennewsday-2026-03-10T121131.897.webp?fit=905%2C500&ssl=1\",\"width\":905,\"height\":500},{\"@type\":\"BreadcrumbList\",\"@id\":\"https:\\\/\\\/kaizen-blog.org\\\/aus-den-kaizen-akten-ein-tauber-sechsjaehriger-abgeschoben-ohne-seine-hoergeraete\\\/#breadcrumb\",\"itemListElement\":[{\"@type\":\"ListItem\",\"position\":1,\"name\":\"Startseite\",\"item\":\"https:\\\/\\\/kaizen-blog.org\\\/\"},{\"@type\":\"ListItem\",\"position\":2,\"name\":\"Aus den Kaizen-Akten: Ein tauber Sechsj\u00e4hriger, abgeschoben &#8211; ohne seine H\u00f6rger\u00e4te\"}]},{\"@type\":\"WebSite\",\"@id\":\"https:\\\/\\\/kaizen-blog.org\\\/#website\",\"url\":\"https:\\\/\\\/kaizen-blog.org\\\/\",\"name\":\"The Kaizen Blog\",\"description\":\"Investigativer Journalismus\",\"potentialAction\":[{\"@type\":\"SearchAction\",\"target\":{\"@type\":\"EntryPoint\",\"urlTemplate\":\"https:\\\/\\\/kaizen-blog.org\\\/?s={search_term_string}\"},\"query-input\":{\"@type\":\"PropertyValueSpecification\",\"valueRequired\":true,\"valueName\":\"search_term_string\"}}],\"inLanguage\":\"en-US\"},{\"@type\":\"Person\",\"@id\":\"https:\\\/\\\/kaizen-blog.org\\\/#\\\/schema\\\/person\\\/7d3fc7346e2501a389ea3daa48b99ad0\",\"name\":\"Rainer Hofmann\",\"image\":{\"@type\":\"ImageObject\",\"inLanguage\":\"en-US\",\"@id\":\"\\\/\\\/www.gravatar.com\\\/avatar\\\/21e5b26d4f12b21206d8094d7aea4ab6?s=96&#038;r=g&#038;d=initials\",\"url\":\"\\\/\\\/www.gravatar.com\\\/avatar\\\/21e5b26d4f12b21206d8094d7aea4ab6?s=96&#038;r=g&#038;d=initials\",\"contentUrl\":\"\\\/\\\/www.gravatar.com\\\/avatar\\\/21e5b26d4f12b21206d8094d7aea4ab6?s=96&#038;r=g&#038;d=initials\",\"caption\":\"Rainer Hofmann\"},\"sameAs\":[\"https:\\\/\\\/kaizen-blog.org\"],\"url\":\"https:\\\/\\\/kaizen-blog.org\\\/en\\\/author\\\/admin\\\/\"}]}<\/script>\n<!-- \/ Yoast SEO plugin. -->","yoast_head_json":{"title":"Aus den Kaizen-Akten: Ein tauber Sechsj\u00e4hriger, abgeschoben - ohne seine H\u00f6rger\u00e4te - The Kaizen Blog","description":"Joseph Rodriguez ist sechs Jahre alt und geh\u00f6rlos. Er besuchte die California School for the Deaf in Fremont, lebte seit vier Jahren mit seiner Mutter und seinem vierj\u00e4hrigen Bruder in Hayward, einer Stadt in der Bay Area.","robots":{"index":"index","follow":"follow","max-snippet":"max-snippet:-1","max-image-preview":"max-image-preview:large","max-video-preview":"max-video-preview:-1"},"canonical":"https:\/\/kaizen-blog.org\/en\/aus-den-kaizen-akten-ein-tauber-sechsjaehriger-abgeschoben-ohne-seine-hoergeraete\/","og_locale":"en_US","og_type":"article","og_title":"Aus den Kaizen-Akten: Ein tauber Sechsj\u00e4hriger, abgeschoben \u2014 ohne seine H\u00f6rger\u00e4te","og_description":"Joseph Rodriguez ist sechs Jahre alt und geh\u00f6rlos. Er besuchte die California School for the Deaf in Fremont, lebte seit vier Jahren mit seiner Mutter und seinem vierj\u00e4hrigen Bruder in Hayward, einer Stadt in der Bay Area.","og_url":"https:\/\/kaizen-blog.org\/en\/aus-den-kaizen-akten-ein-tauber-sechsjaehriger-abgeschoben-ohne-seine-hoergeraete\/","og_site_name":"The Kaizen Blog","article_publisher":"https:\/\/www.facebook.com\/rainer.hofmann.2025\/","article_published_time":"2026-03-10T11:19:00+00:00","article_modified_time":"2026-03-15T01:33:07+00:00","og_image":[{"width":905,"height":500,"url":"https:\/\/kaizen-blog.org\/wp-content\/uploads\/2026\/03\/kaizennewsday-2026-03-10T121131.897.webp","type":"image\/webp"}],"author":"Rainer Hofmann","twitter_card":"summary_large_image","twitter_misc":{"Written by":"Rainer Hofmann","Est. reading time":"4 minutes"},"schema":{"@context":"https:\/\/schema.org","@graph":[{"@type":"Article","@id":"https:\/\/kaizen-blog.org\/aus-den-kaizen-akten-ein-tauber-sechsjaehriger-abgeschoben-ohne-seine-hoergeraete\/#article","isPartOf":{"@id":"https:\/\/kaizen-blog.org\/aus-den-kaizen-akten-ein-tauber-sechsjaehriger-abgeschoben-ohne-seine-hoergeraete\/"},"author":{"name":"Rainer Hofmann","@id":"https:\/\/kaizen-blog.org\/#\/schema\/person\/7d3fc7346e2501a389ea3daa48b99ad0"},"headline":"Aus den Kaizen-Akten: Ein tauber Sechsj\u00e4hriger, abgeschoben &#8211; ohne seine H\u00f6rger\u00e4te","datePublished":"2026-03-10T11:19:00+00:00","dateModified":"2026-03-15T01:33:07+00:00","mainEntityOfPage":{"@id":"https:\/\/kaizen-blog.org\/aus-den-kaizen-akten-ein-tauber-sechsjaehriger-abgeschoben-ohne-seine-hoergeraete\/"},"wordCount":661,"commentCount":4,"image":{"@id":"https:\/\/kaizen-blog.org\/aus-den-kaizen-akten-ein-tauber-sechsjaehriger-abgeschoben-ohne-seine-hoergeraete\/#primaryimage"},"thumbnailUrl":"https:\/\/i0.wp.com\/kaizen-blog.org\/wp-content\/uploads\/2026\/03\/kaizennewsday-2026-03-10T121131.897.webp?fit=905%2C500&ssl=1","articleSection":["Deportations Under Trump","Topstory","Trumpland"],"inLanguage":"en-US","potentialAction":[{"@type":"CommentAction","name":"Comment","target":["https:\/\/kaizen-blog.org\/aus-den-kaizen-akten-ein-tauber-sechsjaehriger-abgeschoben-ohne-seine-hoergeraete\/#respond"]}]},{"@type":"WebPage","@id":"https:\/\/kaizen-blog.org\/aus-den-kaizen-akten-ein-tauber-sechsjaehriger-abgeschoben-ohne-seine-hoergeraete\/","url":"https:\/\/kaizen-blog.org\/aus-den-kaizen-akten-ein-tauber-sechsjaehriger-abgeschoben-ohne-seine-hoergeraete\/","name":"Aus den Kaizen-Akten: Ein tauber Sechsj\u00e4hriger, abgeschoben - ohne seine H\u00f6rger\u00e4te - The Kaizen Blog","isPartOf":{"@id":"https:\/\/kaizen-blog.org\/#website"},"primaryImageOfPage":{"@id":"https:\/\/kaizen-blog.org\/aus-den-kaizen-akten-ein-tauber-sechsjaehriger-abgeschoben-ohne-seine-hoergeraete\/#primaryimage"},"image":{"@id":"https:\/\/kaizen-blog.org\/aus-den-kaizen-akten-ein-tauber-sechsjaehriger-abgeschoben-ohne-seine-hoergeraete\/#primaryimage"},"thumbnailUrl":"https:\/\/i0.wp.com\/kaizen-blog.org\/wp-content\/uploads\/2026\/03\/kaizennewsday-2026-03-10T121131.897.webp?fit=905%2C500&ssl=1","datePublished":"2026-03-10T11:19:00+00:00","dateModified":"2026-03-15T01:33:07+00:00","author":{"@id":"https:\/\/kaizen-blog.org\/#\/schema\/person\/7d3fc7346e2501a389ea3daa48b99ad0"},"description":"Joseph Rodriguez ist sechs Jahre alt und geh\u00f6rlos. Er besuchte die California School for the Deaf in Fremont, lebte seit vier Jahren mit seiner Mutter und seinem vierj\u00e4hrigen Bruder in Hayward, einer Stadt in der Bay Area.","breadcrumb":{"@id":"https:\/\/kaizen-blog.org\/aus-den-kaizen-akten-ein-tauber-sechsjaehriger-abgeschoben-ohne-seine-hoergeraete\/#breadcrumb"},"inLanguage":"en-US","potentialAction":[{"@type":"ReadAction","target":["https:\/\/kaizen-blog.org\/aus-den-kaizen-akten-ein-tauber-sechsjaehriger-abgeschoben-ohne-seine-hoergeraete\/"]}]},{"@type":"ImageObject","inLanguage":"en-US","@id":"https:\/\/kaizen-blog.org\/aus-den-kaizen-akten-ein-tauber-sechsjaehriger-abgeschoben-ohne-seine-hoergeraete\/#primaryimage","url":"https:\/\/i0.wp.com\/kaizen-blog.org\/wp-content\/uploads\/2026\/03\/kaizennewsday-2026-03-10T121131.897.webp?fit=905%2C500&ssl=1","contentUrl":"https:\/\/i0.wp.com\/kaizen-blog.org\/wp-content\/uploads\/2026\/03\/kaizennewsday-2026-03-10T121131.897.webp?fit=905%2C500&ssl=1","width":905,"height":500},{"@type":"BreadcrumbList","@id":"https:\/\/kaizen-blog.org\/aus-den-kaizen-akten-ein-tauber-sechsjaehriger-abgeschoben-ohne-seine-hoergeraete\/#breadcrumb","itemListElement":[{"@type":"ListItem","position":1,"name":"Startseite","item":"https:\/\/kaizen-blog.org\/"},{"@type":"ListItem","position":2,"name":"Aus den Kaizen-Akten: Ein tauber Sechsj\u00e4hriger, abgeschoben &#8211; ohne seine H\u00f6rger\u00e4te"}]},{"@type":"WebSite","@id":"https:\/\/kaizen-blog.org\/#website","url":"https:\/\/kaizen-blog.org\/","name":"The Kaizen Blog","description":"Investigative Journalism","potentialAction":[{"@type":"SearchAction","target":{"@type":"EntryPoint","urlTemplate":"https:\/\/kaizen-blog.org\/?s={search_term_string}"},"query-input":{"@type":"PropertyValueSpecification","valueRequired":true,"valueName":"search_term_string"}}],"inLanguage":"en-US"},{"@type":"Person","@id":"https:\/\/kaizen-blog.org\/#\/schema\/person\/7d3fc7346e2501a389ea3daa48b99ad0","name":"Rainer Hofmann","image":{"@type":"ImageObject","inLanguage":"en-US","@id":"\/\/www.gravatar.com\/avatar\/21e5b26d4f12b21206d8094d7aea4ab6?s=96&#038;r=g&#038;d=initials","url":"\/\/www.gravatar.com\/avatar\/21e5b26d4f12b21206d8094d7aea4ab6?s=96&#038;r=g&#038;d=initials","contentUrl":"\/\/www.gravatar.com\/avatar\/21e5b26d4f12b21206d8094d7aea4ab6?s=96&#038;r=g&#038;d=initials","caption":"Rainer Hofmann"},"sameAs":["https:\/\/kaizen-blog.org"],"url":"https:\/\/kaizen-blog.org\/en\/author\/admin\/"}]}},"jetpack_publicize_connections":[],"jetpack_featured_media_url":"https:\/\/i0.wp.com\/kaizen-blog.org\/wp-content\/uploads\/2026\/03\/kaizennewsday-2026-03-10T121131.897.webp?fit=905%2C500&ssl=1","jetpack_sharing_enabled":true,"jetpack-related-posts":[{"id":31817,"url":"https:\/\/kaizen-blog.org\/en\/abgeschoben-trotz-hoerimplantaten-kalifornien-fordert-rueckkehr-eines-sechsjaehrigen-gehoerlosen-jungen\/","url_meta":{"origin":31271,"position":0},"title":"Deported Despite Hearing Implants \u2013 California Demands the Return of a Six-Year-Old Deaf Boy","author":"Rainer Hofmann","date":"March 16, 2026","format":false,"excerpt":"Am 10. M\u00e4rz hatten wir \u00fcber den Fall des sechsj\u00e4hrigen geh\u00f6rlosen Joseph Rodriguez berichtet, der gemeinsam mit seiner Mutter Lesly Ramirez Gutierrez und seinem kleinen Bruder aus den Vereinigten Staaten nach Kolumbien abgeschoben wurde. Jetzt kommt Bewegung in den Fall. Die Chancen stehen deutlich besser, dass Joseph und seine Familie\u2026","rel":"","context":"In &quot;Deportations Under Trump&quot;","block_context":{"text":"Deportations Under Trump","link":"https:\/\/kaizen-blog.org\/en\/category\/deportations-under-trump\/"},"img":{"alt_text":"","src":"https:\/\/i0.wp.com\/kaizen-blog.org\/wp-content\/uploads\/2026\/03\/batch_kaizennewsday-2026-03-16T014146.977.webp?fit=905%2C500&ssl=1&resize=350%2C200","width":350,"height":200,"srcset":"https:\/\/i0.wp.com\/kaizen-blog.org\/wp-content\/uploads\/2026\/03\/batch_kaizennewsday-2026-03-16T014146.977.webp?fit=905%2C500&ssl=1&resize=350%2C200 1x, https:\/\/i0.wp.com\/kaizen-blog.org\/wp-content\/uploads\/2026\/03\/batch_kaizennewsday-2026-03-16T014146.977.webp?fit=905%2C500&ssl=1&resize=525%2C300 1.5x, https:\/\/i0.wp.com\/kaizen-blog.org\/wp-content\/uploads\/2026\/03\/batch_kaizennewsday-2026-03-16T014146.977.webp?fit=905%2C500&ssl=1&resize=700%2C400 2x"},"classes":[]},{"id":18000,"url":"https:\/\/kaizen-blog.org\/en\/tote-die-keine-schlagzeilen-wert-sind-wie-trumps-karibikkrieg-unschuldige-fischer-trifft\/","url_meta":{"origin":31271,"position":1},"title":"Dead, but Not Worth a Headline - How Trump\u2019s Caribbean War Targets Innocent Fishermen","author":"Rainer Hofmann","date":"October 17, 2025","format":false,"excerpt":"Er hie\u00df Chad Joseph, 26 Jahre alt, ein junger Fischer aus Trinidad und Tobago. Kein Drogenboss, kein Terrorist, kein Soldat. Er wollte nur nach Hause \u2013 eine kurze Bootsfahrt von der venezolanischen K\u00fcste zur\u00fcck nach Las Cuevas, dem kleinen Dorf, in dem er aufgewachsen war. Doch Chad Joseph ist nie\u2026","rel":"","context":"In &quot;Human Rights&quot;","block_context":{"text":"Human Rights","link":"https:\/\/kaizen-blog.org\/en\/category\/investigativ\/human-rights\/"},"img":{"alt_text":"","src":"https:\/\/i0.wp.com\/kaizen-blog.org\/wp-content\/uploads\/2025\/10\/Kopie-von-Kopie-von-Kaizen-Blog-2025-10-17T074539.280.jpg?fit=905%2C500&ssl=1&resize=350%2C200","width":350,"height":200,"srcset":"https:\/\/i0.wp.com\/kaizen-blog.org\/wp-content\/uploads\/2025\/10\/Kopie-von-Kopie-von-Kaizen-Blog-2025-10-17T074539.280.jpg?fit=905%2C500&ssl=1&resize=350%2C200 1x, https:\/\/i0.wp.com\/kaizen-blog.org\/wp-content\/uploads\/2025\/10\/Kopie-von-Kopie-von-Kaizen-Blog-2025-10-17T074539.280.jpg?fit=905%2C500&ssl=1&resize=525%2C300 1.5x, https:\/\/i0.wp.com\/kaizen-blog.org\/wp-content\/uploads\/2025\/10\/Kopie-von-Kopie-von-Kaizen-Blog-2025-10-17T074539.280.jpg?fit=905%2C500&ssl=1&resize=700%2C400 2x"},"classes":[]},{"id":13565,"url":"https:\/\/kaizen-blog.org\/en\/doener-soeder-und-die-abschiebung-der-pflege\/","url_meta":{"origin":31271,"position":2},"title":"Doner-S\u00f6der and the Deportation of Care","author":"Rainer Hofmann","date":"August 29, 2025","format":false,"excerpt":"Markus S\u00f6der liebt es, in Kost\u00fcmen zu erscheinen. Mal als Nussknacker, mal als Superman, mal als \u201eD\u00f6ner-S\u00f6der\u201c, der zwischen Fleischspie\u00dfen und Foodtrucks posiert, als w\u00e4re er ein Influencer der Fast-Food-Industrie. Er serviert Bilder f\u00fcr Schlagzeilen, Futter f\u00fcr Klicks. Ein Mann, der alles tut, damit man ihn nicht vergisst. Doch w\u00e4hrend\u2026","rel":"","context":"In &quot;EU News&quot;","block_context":{"text":"EU News","link":"https:\/\/kaizen-blog.org\/en\/category\/eu-news\/"},"img":{"alt_text":"","src":"https:\/\/i0.wp.com\/kaizen-blog.org\/wp-content\/uploads\/2025\/08\/batch_Kopie-von-Kopie-von-Kopie-von-The-Kaizen-Blog-Online-Magazin244.webp?fit=900%2C508&ssl=1&resize=350%2C200","width":350,"height":200,"srcset":"https:\/\/i0.wp.com\/kaizen-blog.org\/wp-content\/uploads\/2025\/08\/batch_Kopie-von-Kopie-von-Kopie-von-The-Kaizen-Blog-Online-Magazin244.webp?fit=900%2C508&ssl=1&resize=350%2C200 1x, https:\/\/i0.wp.com\/kaizen-blog.org\/wp-content\/uploads\/2025\/08\/batch_Kopie-von-Kopie-von-Kopie-von-The-Kaizen-Blog-Online-Magazin244.webp?fit=900%2C508&ssl=1&resize=525%2C300 1.5x, https:\/\/i0.wp.com\/kaizen-blog.org\/wp-content\/uploads\/2025\/08\/batch_Kopie-von-Kopie-von-Kopie-von-The-Kaizen-Blog-Online-Magazin244.webp?fit=900%2C508&ssl=1&resize=700%2C400 2x"},"classes":[]},{"id":28690,"url":"https:\/\/kaizen-blog.org\/en\/drei-stunden-rechtfertigung-und-kein-wort-fuer-die-toten-von-minneapolis\/","url_meta":{"origin":31271,"position":3},"title":"Three Hours of Justification \u2014 and Not a Word for the Dead in Minneapolis","author":"Rainer Hofmann","date":"February 10, 2026","format":false,"excerpt":"Vor dem Heimatschutzausschuss des Repr\u00e4sentantenhauses haben die Chefs jener Beh\u00f6rden, die Trumps Massenabschiebungen tragen, heute \u00fcber drei Stunden lang eine Linie durchgezogen, die keine L\u00fccke l\u00e4sst: Verteidigung, Durchhalteparolen, Zahlen \u2013 und Ausweichen dort, wo Menschen sterben. Todd Lyons, kommissarischer Leiter der Einwanderungs- und Zollbeh\u00f6rde, Rodney Scott als Chef der Zoll-\u2026","rel":"","context":"In &quot;Dark America&quot;","block_context":{"text":"Dark America","link":"https:\/\/kaizen-blog.org\/en\/category\/dark-america\/"},"img":{"alt_text":"","src":"https:\/\/i0.wp.com\/kaizen-blog.org\/wp-content\/uploads\/2026\/02\/kaizennewsday-2026-02-10T204337.488.webp?fit=905%2C500&ssl=1&resize=350%2C200","width":350,"height":200,"srcset":"https:\/\/i0.wp.com\/kaizen-blog.org\/wp-content\/uploads\/2026\/02\/kaizennewsday-2026-02-10T204337.488.webp?fit=905%2C500&ssl=1&resize=350%2C200 1x, https:\/\/i0.wp.com\/kaizen-blog.org\/wp-content\/uploads\/2026\/02\/kaizennewsday-2026-02-10T204337.488.webp?fit=905%2C500&ssl=1&resize=525%2C300 1.5x, https:\/\/i0.wp.com\/kaizen-blog.org\/wp-content\/uploads\/2026\/02\/kaizennewsday-2026-02-10T204337.488.webp?fit=905%2C500&ssl=1&resize=700%2C400 2x"},"classes":[]},{"id":10473,"url":"https:\/\/kaizen-blog.org\/en\/jeffrey-epstein-das-schwarze-buch-und-die-heiligtuemer-des-todes\/","url_meta":{"origin":31271,"position":4},"title":"The Black Book and the Hallows of Death","author":"Rainer Hofmann","date":"July 29, 2025","format":false,"excerpt":"Es begann mit einem unscheinbaren Lederband, einem schwarzen Adressbuch voller Namen, Telefonnummern und verschl\u00fcsselter Notizen. F\u00fcr die einen war es nur ein weiteres Relikt aus der Welt der Superreichen. F\u00fcr die anderen war es der Schl\u00fcssel zu einem Netzwerk, das von den Str\u00e4nden Floridas bis in die Pal\u00e4ste Europas reichte.\u2026","rel":"","context":"In &quot;Dark America&quot;","block_context":{"text":"Dark America","link":"https:\/\/kaizen-blog.org\/en\/category\/dark-america\/"},"img":{"alt_text":"","src":"https:\/\/i0.wp.com\/kaizen-blog.org\/wp-content\/uploads\/2025\/07\/Social-Kaizen25-1.webp?fit=900%2C508&ssl=1&resize=350%2C200","width":350,"height":200,"srcset":"https:\/\/i0.wp.com\/kaizen-blog.org\/wp-content\/uploads\/2025\/07\/Social-Kaizen25-1.webp?fit=900%2C508&ssl=1&resize=350%2C200 1x, https:\/\/i0.wp.com\/kaizen-blog.org\/wp-content\/uploads\/2025\/07\/Social-Kaizen25-1.webp?fit=900%2C508&ssl=1&resize=525%2C300 1.5x, https:\/\/i0.wp.com\/kaizen-blog.org\/wp-content\/uploads\/2025\/07\/Social-Kaizen25-1.webp?fit=900%2C508&ssl=1&resize=700%2C400 2x"},"classes":[]},{"id":27606,"url":"https:\/\/kaizen-blog.org\/en\/wir-alle-kaempfen-fuer-liam-und-die-rechte-hetze-gegen-liam\/","url_meta":{"origin":31271,"position":5},"title":"We Are All Fighting for Liam \u2013 and the Right-Wing Agitation Against Liam","author":"Rainer Hofmann","date":"January 29, 2026","format":false,"excerpt":"Ein f\u00fcnfj\u00e4hriges Kind sitzt in Haft, hunderte Kilometer von seinem Zuhause entfernt, krank, ersch\u00f6pft, verstummt. Liam Conejo Ramos, f\u00fcnf Jahre alt, wurde Anfang Januar in Minnesota gemeinsam mit seinem Vater von ICE festgesetzt und in ein Familiengef\u00e4ngnis nach Dilley, Texas, gebracht. Seitdem geht es ihm schlecht. Nicht abstrakt schlecht, nicht\u2026","rel":"","context":"In &quot;Deportations Under Trump&quot;","block_context":{"text":"Deportations Under Trump","link":"https:\/\/kaizen-blog.org\/en\/category\/deportations-under-trump\/"},"img":{"alt_text":"","src":"https:\/\/i0.wp.com\/kaizen-blog.org\/wp-content\/uploads\/2026\/01\/kaizennewsday-2026-01-29T204121.039-1.webp?fit=905%2C500&ssl=1&resize=350%2C200","width":350,"height":200,"srcset":"https:\/\/i0.wp.com\/kaizen-blog.org\/wp-content\/uploads\/2026\/01\/kaizennewsday-2026-01-29T204121.039-1.webp?fit=905%2C500&ssl=1&resize=350%2C200 1x, https:\/\/i0.wp.com\/kaizen-blog.org\/wp-content\/uploads\/2026\/01\/kaizennewsday-2026-01-29T204121.039-1.webp?fit=905%2C500&ssl=1&resize=525%2C300 1.5x, https:\/\/i0.wp.com\/kaizen-blog.org\/wp-content\/uploads\/2026\/01\/kaizennewsday-2026-01-29T204121.039-1.webp?fit=905%2C500&ssl=1&resize=700%2C400 2x"},"classes":[]}],"_links":{"self":[{"href":"https:\/\/kaizen-blog.org\/en\/wp-json\/wp\/v2\/posts\/31271","targetHints":{"allow":["GET"]}}],"collection":[{"href":"https:\/\/kaizen-blog.org\/en\/wp-json\/wp\/v2\/posts"}],"about":[{"href":"https:\/\/kaizen-blog.org\/en\/wp-json\/wp\/v2\/types\/post"}],"author":[{"embeddable":true,"href":"https:\/\/kaizen-blog.org\/en\/wp-json\/wp\/v2\/users\/1"}],"replies":[{"embeddable":true,"href":"https:\/\/kaizen-blog.org\/en\/wp-json\/wp\/v2\/comments?post=31271"}],"version-history":[{"count":0,"href":"https:\/\/kaizen-blog.org\/en\/wp-json\/wp\/v2\/posts\/31271\/revisions"}],"wp:featuredmedia":[{"embeddable":true,"href":"https:\/\/kaizen-blog.org\/en\/wp-json\/wp\/v2\/media\/31272"}],"wp:attachment":[{"href":"https:\/\/kaizen-blog.org\/en\/wp-json\/wp\/v2\/media?parent=31271"}],"wp:term":[{"taxonomy":"category","embeddable":true,"href":"https:\/\/kaizen-blog.org\/en\/wp-json\/wp\/v2\/categories?post=31271"},{"taxonomy":"post_tag","embeddable":true,"href":"https:\/\/kaizen-blog.org\/en\/wp-json\/wp\/v2\/tags?post=31271"}],"curies":[{"name":"wp","href":"https:\/\/api.w.org\/{rel}","templated":true}]}}