{"id":3062,"date":"2025-06-05T19:33:39","date_gmt":"2025-06-05T19:33:39","guid":{"rendered":"https:\/\/kaizen-blog.org\/?p=3062"},"modified":"2025-06-05T19:47:19","modified_gmt":"2025-06-05T19:47:19","slug":"wir-haben-alle-gekaempft-wie-die-loewen-ein-volleyball-ein-visum-ein-versprechen-wie-marcelo-gomes-da-silva-zum-symbol-einer-ganzen-generation-wurde","status":"publish","type":"post","link":"https:\/\/kaizen-blog.org\/en\/wir-haben-alle-gekaempft-wie-die-loewen-ein-volleyball-ein-visum-ein-versprechen-wie-marcelo-gomes-da-silva-zum-symbol-einer-ganzen-generation-wurde\/","title":{"rendered":"\u201cWe All Fought Like Lions\u201d \u2013 A Volleyball, a Visa, a Promise: How Marcelo Gomes da Silva Became a Symbol for an Entire Generation"},"content":{"rendered":"<p>It was a Saturday that could hardly have started more uneventfully. Marcelo Gomes da Silva, 18 years old, a student at Milford High School in Massachusetts, got into his father\u2019s car to head to volleyball practice, just like so many times before. But this time, he never made it. He was arrested by agents from the U.S. Immigration and Customs Enforcement agency (ICE) in a parking lot \u2013 not because he had done anything wrong, but because his father was being targeted by authorities. The car was registered to his father. Marcelo was behind the wheel. And for ICE, that was apparently enough.<\/p>\n\n\n\n<figure class=\"wp-block-image size-full\"><img data-recalc-dims=\"1\" loading=\"lazy\" decoding=\"async\" width=\"640\" height=\"327\" src=\"https:\/\/i0.wp.com\/kaizen-blog.org\/wp-content\/uploads\/2025\/06\/marcelo3.webp?resize=640%2C327&#038;ssl=1\" alt=\"\" class=\"wp-image-3066\" srcset=\"https:\/\/i0.wp.com\/kaizen-blog.org\/wp-content\/uploads\/2025\/06\/marcelo3.webp?w=982&amp;ssl=1 982w, https:\/\/i0.wp.com\/kaizen-blog.org\/wp-content\/uploads\/2025\/06\/marcelo3.webp?resize=300%2C153&amp;ssl=1 300w, https:\/\/i0.wp.com\/kaizen-blog.org\/wp-content\/uploads\/2025\/06\/marcelo3.webp?resize=768%2C393&amp;ssl=1 768w, https:\/\/i0.wp.com\/kaizen-blog.org\/wp-content\/uploads\/2025\/06\/marcelo3.webp?resize=18%2C9&amp;ssl=1 18w\" sizes=\"auto, (max-width: 640px) 100vw, 640px\" \/><\/figure>\n\n\n\n<figure class=\"wp-block-image size-full\"><img data-recalc-dims=\"1\" loading=\"lazy\" decoding=\"async\" width=\"640\" height=\"327\" src=\"https:\/\/i0.wp.com\/kaizen-blog.org\/wp-content\/uploads\/2025\/06\/marcelo5.webp?resize=640%2C327&#038;ssl=1\" alt=\"\" class=\"wp-image-3064\" srcset=\"https:\/\/i0.wp.com\/kaizen-blog.org\/wp-content\/uploads\/2025\/06\/marcelo5.webp?w=982&amp;ssl=1 982w, https:\/\/i0.wp.com\/kaizen-blog.org\/wp-content\/uploads\/2025\/06\/marcelo5.webp?resize=300%2C153&amp;ssl=1 300w, https:\/\/i0.wp.com\/kaizen-blog.org\/wp-content\/uploads\/2025\/06\/marcelo5.webp?resize=768%2C393&amp;ssl=1 768w, https:\/\/i0.wp.com\/kaizen-blog.org\/wp-content\/uploads\/2025\/06\/marcelo5.webp?resize=18%2C9&amp;ssl=1 18w\" sizes=\"auto, (max-width: 640px) 100vw, 640px\" \/><\/figure>\n\n\n\n<p>Marcelo came to the United States from Brazil when he was seven years old. He grew up in Massachusetts, became part of the school band, the church community, the volleyball team. A life like millions of young people lead in this country \u2013 except he didn\u2019t carry the paper that could have protected him from a moment like this. Authorities said Marcelo wasn\u2019t even the target of the operation. But because his student visa had expired, the agents took him into custody \u2013 without regard for age, context, or health. He spent three days in an overcrowded cell with 25 to 35 other men \u2013 no windows, no showers, just a cement floor. It wasn\u2019t until Wednesday that he was brought to the hospital for a possible concussion he had suffered before the arrest.<\/p>\n\n\n\n<figure class=\"wp-block-image size-full\"><img data-recalc-dims=\"1\" loading=\"lazy\" decoding=\"async\" width=\"640\" height=\"327\" src=\"https:\/\/i0.wp.com\/kaizen-blog.org\/wp-content\/uploads\/2025\/06\/marcelo4.webp?resize=640%2C327&#038;ssl=1\" alt=\"\" class=\"wp-image-3065\" srcset=\"https:\/\/i0.wp.com\/kaizen-blog.org\/wp-content\/uploads\/2025\/06\/marcelo4.webp?w=982&amp;ssl=1 982w, https:\/\/i0.wp.com\/kaizen-blog.org\/wp-content\/uploads\/2025\/06\/marcelo4.webp?resize=300%2C153&amp;ssl=1 300w, https:\/\/i0.wp.com\/kaizen-blog.org\/wp-content\/uploads\/2025\/06\/marcelo4.webp?resize=768%2C393&amp;ssl=1 768w, https:\/\/i0.wp.com\/kaizen-blog.org\/wp-content\/uploads\/2025\/06\/marcelo4.webp?resize=18%2C9&amp;ssl=1 18w\" sizes=\"auto, (max-width: 640px) 100vw, 640px\" \/><\/figure>\n\n\n\n<figure class=\"wp-block-image size-full\"><img data-recalc-dims=\"1\" loading=\"lazy\" decoding=\"async\" width=\"640\" height=\"327\" src=\"https:\/\/i0.wp.com\/kaizen-blog.org\/wp-content\/uploads\/2025\/06\/marcelo1.webp?resize=640%2C327&#038;ssl=1\" alt=\"\" class=\"wp-image-3068\" srcset=\"https:\/\/i0.wp.com\/kaizen-blog.org\/wp-content\/uploads\/2025\/06\/marcelo1.webp?w=982&amp;ssl=1 982w, https:\/\/i0.wp.com\/kaizen-blog.org\/wp-content\/uploads\/2025\/06\/marcelo1.webp?resize=300%2C153&amp;ssl=1 300w, https:\/\/i0.wp.com\/kaizen-blog.org\/wp-content\/uploads\/2025\/06\/marcelo1.webp?resize=768%2C393&amp;ssl=1 768w, https:\/\/i0.wp.com\/kaizen-blog.org\/wp-content\/uploads\/2025\/06\/marcelo1.webp?resize=18%2C9&amp;ssl=1 18w\" sizes=\"auto, (max-width: 640px) 100vw, 640px\" \/><\/figure>\n\n\n\n<p>Then on Thursday, a glimmer of hope: U.S. immigration judge Jenny Beverly at the Immigration Court in Chelmsford granted him a bond of $2,000. Marcelo appeared via video link \u2013 exhausted, but composed. His lawyer Robin Nice spoke of a young man \u201cas clean as a Boy Scout,\u201d deeply rooted in his community, a symbol of hope \u2013 and of a generation that has long found its place. Marcelo, she said, wanted nothing more than Snickers and chicken nuggets \u2013 a statement delivered with a smile that barely concealed the hardship of the past few days.<\/p>\n\n\n\n<p>Outside, supporters wearing white T-shirts protested, and students at his school had already staged a symbolic walkout on Monday. Meanwhile, the government tried to move Marcelo to another federal facility on short notice \u2013 a move that was fortunately stopped immediately by the Federal District Court in Massachusetts. The presiding federal judge ordered that Marcelo could not be transferred out of the state without 48 hours\u2019 notice to the court. The government has until June 16 to respond to the lawsuit challenging his detention as unlawful. The next hearing in his immigration case is scheduled for June 26, 2025.<\/p>\n\n\n\n<figure class=\"wp-block-image size-full\"><img data-recalc-dims=\"1\" loading=\"lazy\" decoding=\"async\" width=\"640\" height=\"327\" src=\"https:\/\/i0.wp.com\/kaizen-blog.org\/wp-content\/uploads\/2025\/06\/marcelo6.jpg?resize=640%2C327&#038;ssl=1\" alt=\"\" class=\"wp-image-3063\" srcset=\"https:\/\/i0.wp.com\/kaizen-blog.org\/wp-content\/uploads\/2025\/06\/marcelo6.jpg?w=982&amp;ssl=1 982w, https:\/\/i0.wp.com\/kaizen-blog.org\/wp-content\/uploads\/2025\/06\/marcelo6.jpg?resize=300%2C153&amp;ssl=1 300w, https:\/\/i0.wp.com\/kaizen-blog.org\/wp-content\/uploads\/2025\/06\/marcelo6.jpg?resize=768%2C393&amp;ssl=1 768w, https:\/\/i0.wp.com\/kaizen-blog.org\/wp-content\/uploads\/2025\/06\/marcelo6.jpg?resize=18%2C9&amp;ssl=1 18w\" sizes=\"auto, (max-width: 640px) 100vw, 640px\" \/><\/figure>\n\n\n\n<figure class=\"wp-block-image size-full\"><img data-recalc-dims=\"1\" loading=\"lazy\" decoding=\"async\" width=\"640\" height=\"327\" src=\"https:\/\/i0.wp.com\/kaizen-blog.org\/wp-content\/uploads\/2025\/06\/marcelo2.webp?resize=640%2C327&#038;ssl=1\" alt=\"\" class=\"wp-image-3067\" srcset=\"https:\/\/i0.wp.com\/kaizen-blog.org\/wp-content\/uploads\/2025\/06\/marcelo2.webp?w=982&amp;ssl=1 982w, https:\/\/i0.wp.com\/kaizen-blog.org\/wp-content\/uploads\/2025\/06\/marcelo2.webp?resize=300%2C153&amp;ssl=1 300w, https:\/\/i0.wp.com\/kaizen-blog.org\/wp-content\/uploads\/2025\/06\/marcelo2.webp?resize=768%2C393&amp;ssl=1 768w, https:\/\/i0.wp.com\/kaizen-blog.org\/wp-content\/uploads\/2025\/06\/marcelo2.webp?resize=18%2C9&amp;ssl=1 18w\" sizes=\"auto, (max-width: 640px) 100vw, 640px\" \/><\/figure>\n\n\n\n<p>Marcelo is not an isolated case. He is the face of hundreds of thousands of young people who grew up in this country but live every day in fear that a single encounter with authorities could upend their lives. His father, Jo\u00e3o Paulo Gomes Pereira, pleaded in a moving video: \u201cWe love America. Please bring my son home. It\u2019s no family without him.\u201d In Marcelo\u2019s room, his sister spoke of movie nights together, chicken nuggets from the air fryer, the simple happiness that is now missing. \u201cI miss everything about him,\u201d she said.<\/p>\n\n\n\n<p>And yet this is not just a story of helplessness. It is also a story of resistance. Of a school that stood behind one of its students. Of neighbors who protested. Of a legal system that \u2013 at least in parts \u2013 still works. Marcelo only wanted to go to practice. Instead, he became a symbol. Of an immigration policy that forgets the heart. Of a youth that is already fully American. And of a community that \u2013 if only for a moment \u2013 showed what solidarity truly means.<\/p>\n\n\n\n<p>And perhaps that is what remains: the realization that hope is more than just a word. It begins where people refuse to give in \u2013 and instead take a stand. For someone who matters to them. And for an America that can be more than bureaucracy, deportation, and fear.<\/p>\n<div class=\"gsp_post_data\" \r\n\t            data-post_type=\"post\" \r\n\t            data-cat=\"deportations-under-trump,topstory,trump-s-world\" \r\n\t            data-modified=\"120\"\r\n\t            data-created=\"1749152019\"\r\n\t            data-title=\"\u201eWir haben alle gek\u00e4mpft wie die L\u00f6wen\u201c \u2013 Ein Volleyball, ein Visum, ein Versprechen: Wie Marcelo Gomes da Silva zum Symbol einer ganzen Generation wurde\" \r\n\t            data-home=\"https:\/\/kaizen-blog.org\/en\/\"><\/div>","protected":false},"excerpt":{"rendered":"<p>Es war ein Samstag, wie er unscheinbarer kaum h\u00e4tte beginnen k\u00f6nnen. Marcelo Gomes da Silva, 18 Jahre alt, Sch\u00fcler der Milford High School in Massachusetts, stieg in das Auto seines Vaters, um wie so oft zum Volleyballtraining zu fahren. Doch er kam dort nie an. Auf einem Parkplatz wurde er von Beamten der US-Einwanderungsbeh\u00f6rde ICE [&hellip;]<\/p>\n","protected":false},"author":1,"featured_media":3067,"comment_status":"open","ping_status":"open","sticky":false,"template":"","format":"standard","meta":{"_jetpack_memberships_contains_paid_content":false,"footnotes":"","jetpack_publicize_message":"","jetpack_publicize_feature_enabled":true,"jetpack_social_post_already_shared":true,"jetpack_social_options":{"image_generator_settings":{"template":"highway","default_image_id":0,"font":"","enabled":false},"version":2}},"categories":[38,7,41],"tags":[],"class_list":["post-3062","post","type-post","status-publish","format-standard","has-post-thumbnail","hentry","category-deportations-under-trump","category-topstory","category-trump-s-world"],"featured_image_src":"https:\/\/i0.wp.com\/kaizen-blog.org\/wp-content\/uploads\/2025\/06\/marcelo2.webp?fit=982%2C502&ssl=1","author_info":{"display_name":"Rainer Hofmann","author_link":"https:\/\/kaizen-blog.org\/en\/author\/admin\/"},"yoast_head":"<!-- This site is optimized with the Yoast SEO plugin v27.4 - https:\/\/yoast.com\/product\/yoast-seo-wordpress\/ -->\n<title>\u201eWir haben alle gek\u00e4mpft wie die L\u00f6wen\u201c \u2013 Ein Volleyball, ein Visum, ein Versprechen: Wie Marcelo Gomes da Silva zum Symbol einer ganzen Generation wurde - The Kaizen Blog<\/title>\n<meta name=\"robots\" content=\"index, follow, max-snippet:-1, max-image-preview:large, max-video-preview:-1\" \/>\n<link rel=\"canonical\" href=\"https:\/\/kaizen-blog.org\/en\/wir-haben-alle-gekaempft-wie-die-loewen-ein-volleyball-ein-visum-ein-versprechen-wie-marcelo-gomes-da-silva-zum-symbol-einer-ganzen-generation-wurde\/\" \/>\n<meta property=\"og:locale\" content=\"en_US\" \/>\n<meta property=\"og:type\" content=\"article\" \/>\n<meta property=\"og:title\" content=\"\u201eWir haben alle gek\u00e4mpft wie die L\u00f6wen\u201c \u2013 Ein Volleyball, ein Visum, ein Versprechen: Wie Marcelo Gomes da Silva zum Symbol einer ganzen Generation wurde\" \/>\n<meta property=\"og:description\" content=\"Es war ein Samstag, wie er unscheinbarer kaum h\u00e4tte beginnen k\u00f6nnen. Marcelo Gomes da Silva, 18 Jahre alt, Sch\u00fcler der Milford High School in Massachusetts, stieg in das Auto seines Vaters, um wie so oft zum Volleyballtraining zu fahren. Doch er kam dort nie an. Auf einem Parkplatz wurde er von Beamten der US-Einwanderungsbeh\u00f6rde ICE [&hellip;]\" \/>\n<meta property=\"og:url\" content=\"https:\/\/kaizen-blog.org\/en\/wir-haben-alle-gekaempft-wie-die-loewen-ein-volleyball-ein-visum-ein-versprechen-wie-marcelo-gomes-da-silva-zum-symbol-einer-ganzen-generation-wurde\/\" \/>\n<meta property=\"og:site_name\" content=\"The Kaizen Blog\" \/>\n<meta property=\"article:publisher\" content=\"https:\/\/www.facebook.com\/rainer.hofmann.2025\/\" \/>\n<meta property=\"article:published_time\" content=\"2025-06-05T19:33:39+00:00\" \/>\n<meta property=\"article:modified_time\" content=\"2025-06-05T19:47:19+00:00\" \/>\n<meta property=\"og:image\" content=\"https:\/\/kaizen-blog.org\/wp-content\/uploads\/2025\/06\/marcelo2.webp\" \/>\n\t<meta property=\"og:image:width\" content=\"982\" \/>\n\t<meta property=\"og:image:height\" content=\"502\" \/>\n\t<meta property=\"og:image:type\" content=\"image\/webp\" \/>\n<meta name=\"author\" content=\"Rainer Hofmann\" \/>\n<meta name=\"twitter:card\" content=\"summary_large_image\" \/>\n<meta name=\"twitter:label1\" content=\"Written by\" \/>\n\t<meta name=\"twitter:data1\" content=\"Rainer Hofmann\" \/>\n\t<meta name=\"twitter:label2\" content=\"Est. reading time\" \/>\n\t<meta name=\"twitter:data2\" content=\"5 minutes\" \/>\n<script type=\"application\/ld+json\" class=\"yoast-schema-graph\">{\"@context\":\"https:\\\/\\\/schema.org\",\"@graph\":[{\"@type\":\"Article\",\"@id\":\"https:\\\/\\\/kaizen-blog.org\\\/wir-haben-alle-gekaempft-wie-die-loewen-ein-volleyball-ein-visum-ein-versprechen-wie-marcelo-gomes-da-silva-zum-symbol-einer-ganzen-generation-wurde\\\/#article\",\"isPartOf\":{\"@id\":\"https:\\\/\\\/kaizen-blog.org\\\/wir-haben-alle-gekaempft-wie-die-loewen-ein-volleyball-ein-visum-ein-versprechen-wie-marcelo-gomes-da-silva-zum-symbol-einer-ganzen-generation-wurde\\\/\"},\"author\":{\"name\":\"Rainer Hofmann\",\"@id\":\"https:\\\/\\\/kaizen-blog.org\\\/#\\\/schema\\\/person\\\/7d3fc7346e2501a389ea3daa48b99ad0\"},\"headline\":\"\u201eWir haben alle gek\u00e4mpft wie die L\u00f6wen\u201c \u2013 Ein Volleyball, ein Visum, ein Versprechen: Wie Marcelo Gomes da Silva zum Symbol einer ganzen Generation wurde\",\"datePublished\":\"2025-06-05T19:33:39+00:00\",\"dateModified\":\"2025-06-05T19:47:19+00:00\",\"mainEntityOfPage\":{\"@id\":\"https:\\\/\\\/kaizen-blog.org\\\/wir-haben-alle-gekaempft-wie-die-loewen-ein-volleyball-ein-visum-ein-versprechen-wie-marcelo-gomes-da-silva-zum-symbol-einer-ganzen-generation-wurde\\\/\"},\"wordCount\":690,\"commentCount\":0,\"image\":{\"@id\":\"https:\\\/\\\/kaizen-blog.org\\\/wir-haben-alle-gekaempft-wie-die-loewen-ein-volleyball-ein-visum-ein-versprechen-wie-marcelo-gomes-da-silva-zum-symbol-einer-ganzen-generation-wurde\\\/#primaryimage\"},\"thumbnailUrl\":\"https:\\\/\\\/i0.wp.com\\\/kaizen-blog.org\\\/wp-content\\\/uploads\\\/2025\\\/06\\\/marcelo2.webp?fit=982%2C502&ssl=1\",\"articleSection\":[\"Deportations Under Trump\",\"Topstory\",\"Trumpland\"],\"inLanguage\":\"en-US\",\"potentialAction\":[{\"@type\":\"CommentAction\",\"name\":\"Comment\",\"target\":[\"https:\\\/\\\/kaizen-blog.org\\\/wir-haben-alle-gekaempft-wie-die-loewen-ein-volleyball-ein-visum-ein-versprechen-wie-marcelo-gomes-da-silva-zum-symbol-einer-ganzen-generation-wurde\\\/#respond\"]}]},{\"@type\":\"WebPage\",\"@id\":\"https:\\\/\\\/kaizen-blog.org\\\/wir-haben-alle-gekaempft-wie-die-loewen-ein-volleyball-ein-visum-ein-versprechen-wie-marcelo-gomes-da-silva-zum-symbol-einer-ganzen-generation-wurde\\\/\",\"url\":\"https:\\\/\\\/kaizen-blog.org\\\/wir-haben-alle-gekaempft-wie-die-loewen-ein-volleyball-ein-visum-ein-versprechen-wie-marcelo-gomes-da-silva-zum-symbol-einer-ganzen-generation-wurde\\\/\",\"name\":\"\u201eWir haben alle gek\u00e4mpft wie die L\u00f6wen\u201c \u2013 Ein Volleyball, ein Visum, ein Versprechen: Wie Marcelo Gomes da Silva zum Symbol einer ganzen Generation wurde - The Kaizen Blog\",\"isPartOf\":{\"@id\":\"https:\\\/\\\/kaizen-blog.org\\\/#website\"},\"primaryImageOfPage\":{\"@id\":\"https:\\\/\\\/kaizen-blog.org\\\/wir-haben-alle-gekaempft-wie-die-loewen-ein-volleyball-ein-visum-ein-versprechen-wie-marcelo-gomes-da-silva-zum-symbol-einer-ganzen-generation-wurde\\\/#primaryimage\"},\"image\":{\"@id\":\"https:\\\/\\\/kaizen-blog.org\\\/wir-haben-alle-gekaempft-wie-die-loewen-ein-volleyball-ein-visum-ein-versprechen-wie-marcelo-gomes-da-silva-zum-symbol-einer-ganzen-generation-wurde\\\/#primaryimage\"},\"thumbnailUrl\":\"https:\\\/\\\/i0.wp.com\\\/kaizen-blog.org\\\/wp-content\\\/uploads\\\/2025\\\/06\\\/marcelo2.webp?fit=982%2C502&ssl=1\",\"datePublished\":\"2025-06-05T19:33:39+00:00\",\"dateModified\":\"2025-06-05T19:47:19+00:00\",\"author\":{\"@id\":\"https:\\\/\\\/kaizen-blog.org\\\/#\\\/schema\\\/person\\\/7d3fc7346e2501a389ea3daa48b99ad0\"},\"breadcrumb\":{\"@id\":\"https:\\\/\\\/kaizen-blog.org\\\/wir-haben-alle-gekaempft-wie-die-loewen-ein-volleyball-ein-visum-ein-versprechen-wie-marcelo-gomes-da-silva-zum-symbol-einer-ganzen-generation-wurde\\\/#breadcrumb\"},\"inLanguage\":\"en-US\",\"potentialAction\":[{\"@type\":\"ReadAction\",\"target\":[\"https:\\\/\\\/kaizen-blog.org\\\/wir-haben-alle-gekaempft-wie-die-loewen-ein-volleyball-ein-visum-ein-versprechen-wie-marcelo-gomes-da-silva-zum-symbol-einer-ganzen-generation-wurde\\\/\"]}]},{\"@type\":\"ImageObject\",\"inLanguage\":\"en-US\",\"@id\":\"https:\\\/\\\/kaizen-blog.org\\\/wir-haben-alle-gekaempft-wie-die-loewen-ein-volleyball-ein-visum-ein-versprechen-wie-marcelo-gomes-da-silva-zum-symbol-einer-ganzen-generation-wurde\\\/#primaryimage\",\"url\":\"https:\\\/\\\/i0.wp.com\\\/kaizen-blog.org\\\/wp-content\\\/uploads\\\/2025\\\/06\\\/marcelo2.webp?fit=982%2C502&ssl=1\",\"contentUrl\":\"https:\\\/\\\/i0.wp.com\\\/kaizen-blog.org\\\/wp-content\\\/uploads\\\/2025\\\/06\\\/marcelo2.webp?fit=982%2C502&ssl=1\",\"width\":982,\"height\":502},{\"@type\":\"BreadcrumbList\",\"@id\":\"https:\\\/\\\/kaizen-blog.org\\\/wir-haben-alle-gekaempft-wie-die-loewen-ein-volleyball-ein-visum-ein-versprechen-wie-marcelo-gomes-da-silva-zum-symbol-einer-ganzen-generation-wurde\\\/#breadcrumb\",\"itemListElement\":[{\"@type\":\"ListItem\",\"position\":1,\"name\":\"Startseite\",\"item\":\"https:\\\/\\\/kaizen-blog.org\\\/\"},{\"@type\":\"ListItem\",\"position\":2,\"name\":\"\u201eWir haben alle gek\u00e4mpft wie die L\u00f6wen\u201c \u2013 Ein Volleyball, ein Visum, ein Versprechen: Wie Marcelo Gomes da Silva zum Symbol einer ganzen Generation wurde\"}]},{\"@type\":\"WebSite\",\"@id\":\"https:\\\/\\\/kaizen-blog.org\\\/#website\",\"url\":\"https:\\\/\\\/kaizen-blog.org\\\/\",\"name\":\"The Kaizen Blog\",\"description\":\"Investigativer Journalismus\",\"potentialAction\":[{\"@type\":\"SearchAction\",\"target\":{\"@type\":\"EntryPoint\",\"urlTemplate\":\"https:\\\/\\\/kaizen-blog.org\\\/?s={search_term_string}\"},\"query-input\":{\"@type\":\"PropertyValueSpecification\",\"valueRequired\":true,\"valueName\":\"search_term_string\"}}],\"inLanguage\":\"en-US\"},{\"@type\":\"Person\",\"@id\":\"https:\\\/\\\/kaizen-blog.org\\\/#\\\/schema\\\/person\\\/7d3fc7346e2501a389ea3daa48b99ad0\",\"name\":\"Rainer Hofmann\",\"image\":{\"@type\":\"ImageObject\",\"inLanguage\":\"en-US\",\"@id\":\"\\\/\\\/www.gravatar.com\\\/avatar\\\/21e5b26d4f12b21206d8094d7aea4ab6?s=96&#038;r=g&#038;d=initials\",\"url\":\"\\\/\\\/www.gravatar.com\\\/avatar\\\/21e5b26d4f12b21206d8094d7aea4ab6?s=96&#038;r=g&#038;d=initials\",\"contentUrl\":\"\\\/\\\/www.gravatar.com\\\/avatar\\\/21e5b26d4f12b21206d8094d7aea4ab6?s=96&#038;r=g&#038;d=initials\",\"caption\":\"Rainer Hofmann\"},\"sameAs\":[\"https:\\\/\\\/kaizen-blog.org\"],\"url\":\"https:\\\/\\\/kaizen-blog.org\\\/en\\\/author\\\/admin\\\/\"}]}<\/script>\n<!-- \/ Yoast SEO plugin. -->","yoast_head_json":{"title":"\u201eWir haben alle gek\u00e4mpft wie die L\u00f6wen\u201c \u2013 Ein Volleyball, ein Visum, ein Versprechen: Wie Marcelo Gomes da Silva zum Symbol einer ganzen Generation wurde - The Kaizen Blog","robots":{"index":"index","follow":"follow","max-snippet":"max-snippet:-1","max-image-preview":"max-image-preview:large","max-video-preview":"max-video-preview:-1"},"canonical":"https:\/\/kaizen-blog.org\/en\/wir-haben-alle-gekaempft-wie-die-loewen-ein-volleyball-ein-visum-ein-versprechen-wie-marcelo-gomes-da-silva-zum-symbol-einer-ganzen-generation-wurde\/","og_locale":"en_US","og_type":"article","og_title":"\u201eWir haben alle gek\u00e4mpft wie die L\u00f6wen\u201c \u2013 Ein Volleyball, ein Visum, ein Versprechen: Wie Marcelo Gomes da Silva zum Symbol einer ganzen Generation wurde","og_description":"Es war ein Samstag, wie er unscheinbarer kaum h\u00e4tte beginnen k\u00f6nnen. Marcelo Gomes da Silva, 18 Jahre alt, Sch\u00fcler der Milford High School in Massachusetts, stieg in das Auto seines Vaters, um wie so oft zum Volleyballtraining zu fahren. Doch er kam dort nie an. Auf einem Parkplatz wurde er von Beamten der US-Einwanderungsbeh\u00f6rde ICE [&hellip;]","og_url":"https:\/\/kaizen-blog.org\/en\/wir-haben-alle-gekaempft-wie-die-loewen-ein-volleyball-ein-visum-ein-versprechen-wie-marcelo-gomes-da-silva-zum-symbol-einer-ganzen-generation-wurde\/","og_site_name":"The Kaizen Blog","article_publisher":"https:\/\/www.facebook.com\/rainer.hofmann.2025\/","article_published_time":"2025-06-05T19:33:39+00:00","article_modified_time":"2025-06-05T19:47:19+00:00","og_image":[{"width":982,"height":502,"url":"https:\/\/kaizen-blog.org\/wp-content\/uploads\/2025\/06\/marcelo2.webp","type":"image\/webp"}],"author":"Rainer Hofmann","twitter_card":"summary_large_image","twitter_misc":{"Written by":"Rainer Hofmann","Est. reading time":"5 minutes"},"schema":{"@context":"https:\/\/schema.org","@graph":[{"@type":"Article","@id":"https:\/\/kaizen-blog.org\/wir-haben-alle-gekaempft-wie-die-loewen-ein-volleyball-ein-visum-ein-versprechen-wie-marcelo-gomes-da-silva-zum-symbol-einer-ganzen-generation-wurde\/#article","isPartOf":{"@id":"https:\/\/kaizen-blog.org\/wir-haben-alle-gekaempft-wie-die-loewen-ein-volleyball-ein-visum-ein-versprechen-wie-marcelo-gomes-da-silva-zum-symbol-einer-ganzen-generation-wurde\/"},"author":{"name":"Rainer Hofmann","@id":"https:\/\/kaizen-blog.org\/#\/schema\/person\/7d3fc7346e2501a389ea3daa48b99ad0"},"headline":"\u201eWir haben alle gek\u00e4mpft wie die L\u00f6wen\u201c \u2013 Ein Volleyball, ein Visum, ein Versprechen: Wie Marcelo Gomes da Silva zum Symbol einer ganzen Generation wurde","datePublished":"2025-06-05T19:33:39+00:00","dateModified":"2025-06-05T19:47:19+00:00","mainEntityOfPage":{"@id":"https:\/\/kaizen-blog.org\/wir-haben-alle-gekaempft-wie-die-loewen-ein-volleyball-ein-visum-ein-versprechen-wie-marcelo-gomes-da-silva-zum-symbol-einer-ganzen-generation-wurde\/"},"wordCount":690,"commentCount":0,"image":{"@id":"https:\/\/kaizen-blog.org\/wir-haben-alle-gekaempft-wie-die-loewen-ein-volleyball-ein-visum-ein-versprechen-wie-marcelo-gomes-da-silva-zum-symbol-einer-ganzen-generation-wurde\/#primaryimage"},"thumbnailUrl":"https:\/\/i0.wp.com\/kaizen-blog.org\/wp-content\/uploads\/2025\/06\/marcelo2.webp?fit=982%2C502&ssl=1","articleSection":["Deportations Under Trump","Topstory","Trumpland"],"inLanguage":"en-US","potentialAction":[{"@type":"CommentAction","name":"Comment","target":["https:\/\/kaizen-blog.org\/wir-haben-alle-gekaempft-wie-die-loewen-ein-volleyball-ein-visum-ein-versprechen-wie-marcelo-gomes-da-silva-zum-symbol-einer-ganzen-generation-wurde\/#respond"]}]},{"@type":"WebPage","@id":"https:\/\/kaizen-blog.org\/wir-haben-alle-gekaempft-wie-die-loewen-ein-volleyball-ein-visum-ein-versprechen-wie-marcelo-gomes-da-silva-zum-symbol-einer-ganzen-generation-wurde\/","url":"https:\/\/kaizen-blog.org\/wir-haben-alle-gekaempft-wie-die-loewen-ein-volleyball-ein-visum-ein-versprechen-wie-marcelo-gomes-da-silva-zum-symbol-einer-ganzen-generation-wurde\/","name":"\u201eWir haben alle gek\u00e4mpft wie die L\u00f6wen\u201c \u2013 Ein Volleyball, ein Visum, ein Versprechen: Wie Marcelo Gomes da Silva zum Symbol einer ganzen Generation wurde - The Kaizen Blog","isPartOf":{"@id":"https:\/\/kaizen-blog.org\/#website"},"primaryImageOfPage":{"@id":"https:\/\/kaizen-blog.org\/wir-haben-alle-gekaempft-wie-die-loewen-ein-volleyball-ein-visum-ein-versprechen-wie-marcelo-gomes-da-silva-zum-symbol-einer-ganzen-generation-wurde\/#primaryimage"},"image":{"@id":"https:\/\/kaizen-blog.org\/wir-haben-alle-gekaempft-wie-die-loewen-ein-volleyball-ein-visum-ein-versprechen-wie-marcelo-gomes-da-silva-zum-symbol-einer-ganzen-generation-wurde\/#primaryimage"},"thumbnailUrl":"https:\/\/i0.wp.com\/kaizen-blog.org\/wp-content\/uploads\/2025\/06\/marcelo2.webp?fit=982%2C502&ssl=1","datePublished":"2025-06-05T19:33:39+00:00","dateModified":"2025-06-05T19:47:19+00:00","author":{"@id":"https:\/\/kaizen-blog.org\/#\/schema\/person\/7d3fc7346e2501a389ea3daa48b99ad0"},"breadcrumb":{"@id":"https:\/\/kaizen-blog.org\/wir-haben-alle-gekaempft-wie-die-loewen-ein-volleyball-ein-visum-ein-versprechen-wie-marcelo-gomes-da-silva-zum-symbol-einer-ganzen-generation-wurde\/#breadcrumb"},"inLanguage":"en-US","potentialAction":[{"@type":"ReadAction","target":["https:\/\/kaizen-blog.org\/wir-haben-alle-gekaempft-wie-die-loewen-ein-volleyball-ein-visum-ein-versprechen-wie-marcelo-gomes-da-silva-zum-symbol-einer-ganzen-generation-wurde\/"]}]},{"@type":"ImageObject","inLanguage":"en-US","@id":"https:\/\/kaizen-blog.org\/wir-haben-alle-gekaempft-wie-die-loewen-ein-volleyball-ein-visum-ein-versprechen-wie-marcelo-gomes-da-silva-zum-symbol-einer-ganzen-generation-wurde\/#primaryimage","url":"https:\/\/i0.wp.com\/kaizen-blog.org\/wp-content\/uploads\/2025\/06\/marcelo2.webp?fit=982%2C502&ssl=1","contentUrl":"https:\/\/i0.wp.com\/kaizen-blog.org\/wp-content\/uploads\/2025\/06\/marcelo2.webp?fit=982%2C502&ssl=1","width":982,"height":502},{"@type":"BreadcrumbList","@id":"https:\/\/kaizen-blog.org\/wir-haben-alle-gekaempft-wie-die-loewen-ein-volleyball-ein-visum-ein-versprechen-wie-marcelo-gomes-da-silva-zum-symbol-einer-ganzen-generation-wurde\/#breadcrumb","itemListElement":[{"@type":"ListItem","position":1,"name":"Startseite","item":"https:\/\/kaizen-blog.org\/"},{"@type":"ListItem","position":2,"name":"\u201eWir haben alle gek\u00e4mpft wie die L\u00f6wen\u201c \u2013 Ein Volleyball, ein Visum, ein Versprechen: Wie Marcelo Gomes da Silva zum Symbol einer ganzen Generation wurde"}]},{"@type":"WebSite","@id":"https:\/\/kaizen-blog.org\/#website","url":"https:\/\/kaizen-blog.org\/","name":"The Kaizen Blog","description":"Investigative Journalism","potentialAction":[{"@type":"SearchAction","target":{"@type":"EntryPoint","urlTemplate":"https:\/\/kaizen-blog.org\/?s={search_term_string}"},"query-input":{"@type":"PropertyValueSpecification","valueRequired":true,"valueName":"search_term_string"}}],"inLanguage":"en-US"},{"@type":"Person","@id":"https:\/\/kaizen-blog.org\/#\/schema\/person\/7d3fc7346e2501a389ea3daa48b99ad0","name":"Rainer Hofmann","image":{"@type":"ImageObject","inLanguage":"en-US","@id":"\/\/www.gravatar.com\/avatar\/21e5b26d4f12b21206d8094d7aea4ab6?s=96&#038;r=g&#038;d=initials","url":"\/\/www.gravatar.com\/avatar\/21e5b26d4f12b21206d8094d7aea4ab6?s=96&#038;r=g&#038;d=initials","contentUrl":"\/\/www.gravatar.com\/avatar\/21e5b26d4f12b21206d8094d7aea4ab6?s=96&#038;r=g&#038;d=initials","caption":"Rainer Hofmann"},"sameAs":["https:\/\/kaizen-blog.org"],"url":"https:\/\/kaizen-blog.org\/en\/author\/admin\/"}]}},"jetpack_publicize_connections":[],"jetpack_featured_media_url":"https:\/\/i0.wp.com\/kaizen-blog.org\/wp-content\/uploads\/2025\/06\/marcelo2.webp?fit=982%2C502&ssl=1","jetpack_sharing_enabled":true,"_links":{"self":[{"href":"https:\/\/kaizen-blog.org\/en\/wp-json\/wp\/v2\/posts\/3062","targetHints":{"allow":["GET"]}}],"collection":[{"href":"https:\/\/kaizen-blog.org\/en\/wp-json\/wp\/v2\/posts"}],"about":[{"href":"https:\/\/kaizen-blog.org\/en\/wp-json\/wp\/v2\/types\/post"}],"author":[{"embeddable":true,"href":"https:\/\/kaizen-blog.org\/en\/wp-json\/wp\/v2\/users\/1"}],"replies":[{"embeddable":true,"href":"https:\/\/kaizen-blog.org\/en\/wp-json\/wp\/v2\/comments?post=3062"}],"version-history":[{"count":0,"href":"https:\/\/kaizen-blog.org\/en\/wp-json\/wp\/v2\/posts\/3062\/revisions"}],"wp:featuredmedia":[{"embeddable":true,"href":"https:\/\/kaizen-blog.org\/en\/wp-json\/wp\/v2\/media\/3067"}],"wp:attachment":[{"href":"https:\/\/kaizen-blog.org\/en\/wp-json\/wp\/v2\/media?parent=3062"}],"wp:term":[{"taxonomy":"category","embeddable":true,"href":"https:\/\/kaizen-blog.org\/en\/wp-json\/wp\/v2\/categories?post=3062"},{"taxonomy":"post_tag","embeddable":true,"href":"https:\/\/kaizen-blog.org\/en\/wp-json\/wp\/v2\/tags?post=3062"}],"curies":[{"name":"wp","href":"https:\/\/api.w.org\/{rel}","templated":true}]}}