{"id":29440,"date":"2026-02-18T07:57:29","date_gmt":"2026-02-18T06:57:29","guid":{"rendered":"https:\/\/kaizen-blog.org\/?p=29440"},"modified":"2026-02-18T08:29:05","modified_gmt":"2026-02-18T07:29:05","slug":"32-jahre-spaeter-eine-studie-stellt-die-todesumstaende-von-kurt-cobain-infrage","status":"publish","type":"post","link":"https:\/\/kaizen-blog.org\/en\/32-jahre-spaeter-eine-studie-stellt-die-todesumstaende-von-kurt-cobain-infrage\/","title":{"rendered":"32 Years Later \u2013 A Study Questions the Circumstances of Kurt Cobain\u2019s Death"},"content":{"rendered":"<p class=\"wp-block-paragraph\">Nearly 32 years after the death of Nirvana frontman Kurt Cobain, a forensic publication is sparking new debate. An analysis published in November 2025 in the International Journal of Forensic Sciences concludes that Cobain did not die by suicide, but by homicide. The authors call for a modern reassessment of the evidence. The Seattle Police Department determined in 1994 that Cobain shot himself with a Remington Model 11 20 gauge shotgun after injecting heroin. The department stands by that finding. A spokesperson stated in February 2026 by email that the investigation is closed: \"Kurt Cobain died in 1994 by suicide. The case is closed.\" No other credible source has so far refuted this assessment.<\/p>\n\n\n\n<p class=\"wp-block-paragraph\">The new study relies exclusively on publicly available documents: police reports, 37 crime scene photographs released in 2014, five additional images of the weapon published in 2016, as well as the autopsy report from 2023 and a 2025 report concerning the firearm and trace evidence. The authors argue that certain blood patterns, the position of the clothing, and specific details at the scene do not align with the original classification. Instead, they outline an alternative scenario. According to their account, Cobain was subdued with a syringe and injected with a lethal dose of heroin. A shotgun was then inserted into his mouth, and his body was later moved to the room above the garage of his Seattle home, a space also used as a greenhouse, where he was discovered on April 8, 1994. The authors do not name any specific suspects.<\/p>\n\n\n\n<figure class=\"wp-block-image alignwide size-full\"><img data-recalc-dims=\"1\" fetchpriority=\"high\" decoding=\"async\" width=\"640\" height=\"354\" src=\"https:\/\/i0.wp.com\/kaizen-blog.org\/wp-content\/uploads\/2026\/02\/batch_kaizennewsday-2026-02-18T075301.829-1.webp?resize=640%2C354&#038;ssl=1\" alt=\"\" class=\"wp-image-29443\" srcset=\"https:\/\/i0.wp.com\/kaizen-blog.org\/wp-content\/uploads\/2026\/02\/batch_kaizennewsday-2026-02-18T075301.829-1.webp?w=905&amp;ssl=1 905w, https:\/\/i0.wp.com\/kaizen-blog.org\/wp-content\/uploads\/2026\/02\/batch_kaizennewsday-2026-02-18T075301.829-1.webp?resize=18%2C10&amp;ssl=1 18w, https:\/\/i0.wp.com\/kaizen-blog.org\/wp-content\/uploads\/2026\/02\/batch_kaizennewsday-2026-02-18T075301.829-1.webp?resize=300%2C166&amp;ssl=1 300w, https:\/\/i0.wp.com\/kaizen-blog.org\/wp-content\/uploads\/2026\/02\/batch_kaizennewsday-2026-02-18T075301.829-1.webp?resize=768%2C424&amp;ssl=1 768w\" sizes=\"(max-width: 640px) 100vw, 640px\" \/><\/figure>\n\n\n\n<div style=\"height:20px\" aria-hidden=\"true\" class=\"wp-block-spacer\"><\/div>\n\n\n\n<p class=\"wp-block-paragraph\">Online, the claims spread rapidly. Posts asserted that there were no blood traces on the hands, that shell casings lay in impossible locations, that the heroin paraphernalia appeared conspicuously orderly. Some linked this to financial motives and to Courtney Love, Cobain\u2019s wife. Social media, however, provides no evidence for such claims. Lead author Bryan Burnett works as an independent forensic specialist without institutional affiliation. According to co author Michelle Wilkins, the text was discussed confidentially before publication with several renowned pathologists. She did not provide names. By their own account, the team is now cooperating with additional international experts, including the German forensic pathologist Michael Tsokos.<\/p>\n\n\n\n<p class=\"wp-block-paragraph\">In the past, fans repeatedly called for the investigation to be reopened. In 2014 the Seattle Police Department reviewed the case again and released additional photographs. In 2023 the autopsy report followed. Each time the authorities reaffirmed their original assessment. The analysis now published is real. Its conclusions remain disputed. It changes nothing about the official position. Cobain\u2019s death continues to be classified as suicide - legally closed, yet socially still a subject of doubt and projection.<\/p>\n\n\n\n<div style=\"height:25px\" aria-hidden=\"true\" class=\"wp-block-spacer\"><\/div>\n\n\n\n<div style=\"  background:#F4F8FA;  border:2px solid #1E3A8A;  border-radius:12px;  padding:16px 18px;  margin:28px 0;  font:400 14px\/1.6 -apple-system,BlinkMacSystemFont,'Segoe UI',Roboto,Arial;  color:#000000;\">\n\n  <div style=\"font-size:1rem; font-weight:700; margin-bottom:12px;\">\n    Dear readers,\n  <\/div>\n\n  <div style=\"margin-bottom:12px;\">\n    We do not report from a distance, but on the ground. Where decisions impact people and history is made. We document what would otherwise disappear and give those affected a voice.\n  <\/div>\n\n  <div style=\"margin-bottom:12px;\">\n    Our work does not end with writing. We provide concrete help to people and advocate for the enforcement of human rights and international law \u2013 against abuses of power and right wing populist politics. We do not look away, because looking away always benefits the wrong side.\n  <\/div>\n\n  <div>\n    <strong>We fund our work without a publisher, without institutional backing, and without a subscription model. Your support keeps it independent.<\/strong>\n  <\/div>\n\n  <div style=\"height:18px;\"><\/div>\n\n  <a href=\"https:\/\/kaizen-blog.org\/en\/unterstuetzen-sie-unser-arbeit\/\"\n     style=\"       display:inline-block;       padding:10px 20px;       background:#1D4ED8;       color:#ffffff;       font-weight:700;       border-radius:9999px;       text-decoration:none;       font-size:0.92rem;       box-shadow:0 6px 18px rgba(29,78,216,.35);     \">\n     Support Kaizen\n  <\/a>\n\n<\/div>\n\n\n\n<div style=\"height:30px\" aria-hidden=\"true\" class=\"wp-block-spacer\"><\/div>\n\n\n\n<div class=\"kb-news-update-box\" style=\"    max-width: 650px;    margin: 2rem auto;    padding: 1.25rem 1.5rem;    border-radius: 12px;    border: 1px solid rgba(120,120,120,0.4);    background: rgba(15,15,20,0.03);    backdrop-filter: blur(4px);    font-family: system-ui, -apple-system, BlinkMacSystemFont, 'Segoe UI', sans-serif;\">\n  <style>\n    @media (prefers-color-scheme: dark) {\n      .kb-news-update-box {\n        background: rgba(15,15,20,0.9) !important;\n        border-color: rgba(160,160,160,0.4) !important;\n      }\n      .kb-news-update-box h3 {\n        color: #f5f5f5 !important;\n      }\n      .kb-news-update-box p {\n        color: #e0e0e0 !important;\n      }\n      .kb-news-update-box a.kb-news-link {\n        color: #ffb347 !important;\n        border-color: rgba(255,179,71,0.4) !important;\n      }\n      .kb-news-update-box a.kb-news-link:hover {\n        background: rgba(255,179,71,0.12) !important;\n      }\n    }\n  <\/style>\n\n  <h3 style=\"      margin: 0 0 0.5rem 0;      font-size: 1.15rem;      letter-spacing: 0.02em;      text-transform: uppercase;  \">\n    Updates \u2013 Kaizen News Brief\n  <\/h3>\n\n  <p style=\"      margin: 0 0 0.9rem 0;      font-size: 0.95rem;      line-height: 1.5;  \">\n    All current curated daily updates can be found in the Kaizen News Brief. \n  <\/p>\n\n  <!-- Deutscher Button -->\n  <a class=\"kb-news-link\" href=\"https:\/\/kaizen-blog.org\/en\/18-februar-2026-kurznachrichten\/\" style=\"      display: inline-flex;      align-items: center;      gap: 0.4rem;      padding: 0.45rem 0.9rem;      border-radius: 999px;      border: 1px solid rgba(0,0,0,0.12);      font-size: 0.9rem;      text-decoration: none;      color: #004b8d;      transition: background 0.15s ease, transform 0.1s ease, border-color 0.15s ease;      margin-bottom: 0.5rem;      margin-right: 0.4rem;  \">\n    <span style=\"font-weight: 600;\">To the Kaizen News Brief<\/span>\n    <span aria-hidden=\"true\" style=\"font-size: 1.1rem;\">\u2197<\/span>\n  <\/a>\n\n  <!-- Englischer Button -->\n  <a class=\"kb-news-link\" href=\"https:\/\/kaizen-blog.org\/en\/18-februar-2026-kurznachrichten\/\" style=\"      display: inline-flex;      align-items: center;      gap: 0.4rem;      padding: 0.45rem 0.9rem;      border-radius: 999px;      border: 1px solid rgba(0,0,0,0.12);      font-size: 0.9rem;      text-decoration: none;      color: #004b8d;      transition: background 0.15s ease, transform 0.1s ease, border-color 0.15s ease;  \">\n    <span style=\"font-weight: 600;\">In English<\/span>\n    <span aria-hidden=\"true\" style=\"font-size: 1.1rem;\">\u2197<\/span>\n  <\/a>\n\n<\/div>\n\n\n\n<div style=\"height:100px\" aria-hidden=\"true\" class=\"wp-block-spacer\"><\/div>\n<div class=\"gsp_post_data\" \r\n\t            data-post_type=\"post\" \r\n\t            data-cat=\"news,topstory\" \r\n\t            data-modified=\"120\"\r\n\t            data-created=\"1771401449\"\r\n\t            data-title=\"32 Jahre sp\u00e4ter \u2013 Eine Studie stellt die Todesumst\u00e4nde von Kurt Cobain infrage\" \r\n\t            data-home=\"https:\/\/kaizen-blog.org\/en\/\"><\/div>","protected":false},"excerpt":{"rendered":"<p>Fast 32 Jahre nach dem Tod von Nirvana-Frontmann Kurt Cobain sorgt eine forensische Ver\u00f6ffentlichung f\u00fcr neue Diskussionen. Eine im November 2025 im \u201eInternational Journal of Forensic Sciences\u201c erschienene Analyse kommt zu dem Schluss, Cobain sei nicht durch Suizid, sondern durch ein T\u00f6tungsdelikt gestorben. Die Autoren fordern eine moderne Neubewertung der Beweise. Die Polizei von Seattle [&hellip;]<\/p>\n","protected":false},"author":1,"featured_media":29442,"comment_status":"open","ping_status":"open","sticky":false,"template":"","format":"standard","meta":{"_jetpack_newsletter_access":"","_jetpack_dont_email_post_to_subs":false,"_jetpack_newsletter_tier_id":0,"_jetpack_memberships_contains_paywalled_content":false,"iawp_total_views":0,"_jetpack_feature_clip_id":0,"_jetpack_memberships_contains_paid_content":false,"footnotes":"","jetpack_post_was_ever_published":false},"categories":[5,7],"tags":[],"class_list":["post-29440","post","type-post","status-publish","format-standard","has-post-thumbnail","hentry","category-news","category-topstory"],"yoast_head":"<!-- This site is optimized with the Yoast SEO plugin v28.4 - https:\/\/yoast.com\/product\/yoast-seo-wordpress\/ -->\n<title>32 Jahre sp\u00e4ter \u2013 Eine Studie stellt die Todesumst\u00e4nde von Kurt Cobain infrage - The Kaizen Blog<\/title>\n<meta name=\"description\" content=\"Fast 32 Jahre nach dem Tod von Nirvana-Frontmann Kurt Cobain sorgt eine forensische Ver\u00f6ffentlichung f\u00fcr neue Diskussionen. Eine im November 2025 im \u201eInternational Journal of Forensic Sciences\u201c erschienene Analyse kommt zu dem Schluss, Cobain sei nicht durch Suizid, sondern durch ein T\u00f6tungsdelikt gestorben.\" \/>\n<meta name=\"robots\" content=\"index, follow, max-snippet:-1, max-image-preview:large, max-video-preview:-1\" \/>\n<link rel=\"canonical\" href=\"https:\/\/kaizen-blog.org\/en\/32-jahre-spaeter-eine-studie-stellt-die-todesumstaende-von-kurt-cobain-infrage\/\" \/>\n<meta property=\"og:locale\" content=\"en_US\" \/>\n<meta property=\"og:type\" content=\"article\" \/>\n<meta property=\"og:title\" content=\"32 Jahre sp\u00e4ter \u2013 Eine Studie stellt die Todesumst\u00e4nde von Kurt Cobain infrage\" \/>\n<meta property=\"og:description\" content=\"Fast 32 Jahre nach dem Tod von Nirvana-Frontmann Kurt Cobain sorgt eine forensische Ver\u00f6ffentlichung f\u00fcr neue Diskussionen. Eine im November 2025 im \u201eInternational Journal of Forensic Sciences\u201c erschienene Analyse kommt zu dem Schluss, Cobain sei nicht durch Suizid, sondern durch ein T\u00f6tungsdelikt gestorben.\" \/>\n<meta property=\"og:url\" content=\"https:\/\/kaizen-blog.org\/en\/32-jahre-spaeter-eine-studie-stellt-die-todesumstaende-von-kurt-cobain-infrage\/\" \/>\n<meta property=\"og:site_name\" content=\"The Kaizen Blog\" \/>\n<meta property=\"article:publisher\" content=\"https:\/\/www.facebook.com\/rainer.hofmann.2025\/\" \/>\n<meta property=\"article:published_time\" content=\"2026-02-18T06:57:29+00:00\" \/>\n<meta property=\"article:modified_time\" content=\"2026-02-18T07:29:05+00:00\" \/>\n<meta property=\"og:image\" content=\"https:\/\/kaizen-blog.org\/wp-content\/uploads\/2026\/02\/batch_kaizennewsday-2026-02-18T075320.873.webp\" \/>\n\t<meta property=\"og:image:width\" content=\"905\" \/>\n\t<meta property=\"og:image:height\" content=\"500\" \/>\n\t<meta property=\"og:image:type\" content=\"image\/webp\" \/>\n<meta name=\"author\" content=\"Rainer Hofmann\" \/>\n<meta name=\"twitter:card\" content=\"summary_large_image\" \/>\n<meta name=\"twitter:label1\" content=\"Written by\" \/>\n\t<meta name=\"twitter:data1\" content=\"Rainer Hofmann\" \/>\n\t<meta name=\"twitter:label2\" content=\"Est. reading time\" \/>\n\t<meta name=\"twitter:data2\" content=\"4 minutes\" \/>\n<script type=\"application\/ld+json\" class=\"yoast-schema-graph\">{\"@context\":\"https:\\\/\\\/schema.org\",\"@graph\":[{\"@type\":\"Article\",\"@id\":\"https:\\\/\\\/kaizen-blog.org\\\/32-jahre-spaeter-eine-studie-stellt-die-todesumstaende-von-kurt-cobain-infrage\\\/#article\",\"isPartOf\":{\"@id\":\"https:\\\/\\\/kaizen-blog.org\\\/32-jahre-spaeter-eine-studie-stellt-die-todesumstaende-von-kurt-cobain-infrage\\\/\"},\"author\":{\"name\":\"Rainer Hofmann\",\"@id\":\"https:\\\/\\\/kaizen-blog.org\\\/#\\\/schema\\\/person\\\/7d3fc7346e2501a389ea3daa48b99ad0\"},\"headline\":\"32 Jahre sp\u00e4ter \u2013 Eine Studie stellt die Todesumst\u00e4nde von Kurt Cobain infrage\",\"datePublished\":\"2026-02-18T06:57:29+00:00\",\"dateModified\":\"2026-02-18T07:29:05+00:00\",\"mainEntityOfPage\":{\"@id\":\"https:\\\/\\\/kaizen-blog.org\\\/32-jahre-spaeter-eine-studie-stellt-die-todesumstaende-von-kurt-cobain-infrage\\\/\"},\"wordCount\":549,\"commentCount\":1,\"image\":{\"@id\":\"https:\\\/\\\/kaizen-blog.org\\\/32-jahre-spaeter-eine-studie-stellt-die-todesumstaende-von-kurt-cobain-infrage\\\/#primaryimage\"},\"thumbnailUrl\":\"https:\\\/\\\/i0.wp.com\\\/kaizen-blog.org\\\/wp-content\\\/uploads\\\/2026\\\/02\\\/batch_kaizennewsday-2026-02-18T075320.873.webp?fit=905%2C500&ssl=1\",\"articleSection\":[\"NEWS\",\"Topstory\"],\"inLanguage\":\"en-US\",\"potentialAction\":[{\"@type\":\"CommentAction\",\"name\":\"Comment\",\"target\":[\"https:\\\/\\\/kaizen-blog.org\\\/32-jahre-spaeter-eine-studie-stellt-die-todesumstaende-von-kurt-cobain-infrage\\\/#respond\"]}]},{\"@type\":\"WebPage\",\"@id\":\"https:\\\/\\\/kaizen-blog.org\\\/32-jahre-spaeter-eine-studie-stellt-die-todesumstaende-von-kurt-cobain-infrage\\\/\",\"url\":\"https:\\\/\\\/kaizen-blog.org\\\/32-jahre-spaeter-eine-studie-stellt-die-todesumstaende-von-kurt-cobain-infrage\\\/\",\"name\":\"32 Jahre sp\u00e4ter \u2013 Eine Studie stellt die Todesumst\u00e4nde von Kurt Cobain infrage - The Kaizen Blog\",\"isPartOf\":{\"@id\":\"https:\\\/\\\/kaizen-blog.org\\\/#website\"},\"primaryImageOfPage\":{\"@id\":\"https:\\\/\\\/kaizen-blog.org\\\/32-jahre-spaeter-eine-studie-stellt-die-todesumstaende-von-kurt-cobain-infrage\\\/#primaryimage\"},\"image\":{\"@id\":\"https:\\\/\\\/kaizen-blog.org\\\/32-jahre-spaeter-eine-studie-stellt-die-todesumstaende-von-kurt-cobain-infrage\\\/#primaryimage\"},\"thumbnailUrl\":\"https:\\\/\\\/i0.wp.com\\\/kaizen-blog.org\\\/wp-content\\\/uploads\\\/2026\\\/02\\\/batch_kaizennewsday-2026-02-18T075320.873.webp?fit=905%2C500&ssl=1\",\"datePublished\":\"2026-02-18T06:57:29+00:00\",\"dateModified\":\"2026-02-18T07:29:05+00:00\",\"author\":{\"@id\":\"https:\\\/\\\/kaizen-blog.org\\\/#\\\/schema\\\/person\\\/7d3fc7346e2501a389ea3daa48b99ad0\"},\"description\":\"Fast 32 Jahre nach dem Tod von Nirvana-Frontmann Kurt Cobain sorgt eine forensische Ver\u00f6ffentlichung f\u00fcr neue Diskussionen. Eine im November 2025 im \u201eInternational Journal of Forensic Sciences\u201c erschienene Analyse kommt zu dem Schluss, Cobain sei nicht durch Suizid, sondern durch ein T\u00f6tungsdelikt gestorben.\",\"breadcrumb\":{\"@id\":\"https:\\\/\\\/kaizen-blog.org\\\/32-jahre-spaeter-eine-studie-stellt-die-todesumstaende-von-kurt-cobain-infrage\\\/#breadcrumb\"},\"inLanguage\":\"en-US\",\"potentialAction\":[{\"@type\":\"ReadAction\",\"target\":[\"https:\\\/\\\/kaizen-blog.org\\\/32-jahre-spaeter-eine-studie-stellt-die-todesumstaende-von-kurt-cobain-infrage\\\/\"]}]},{\"@type\":\"ImageObject\",\"inLanguage\":\"en-US\",\"@id\":\"https:\\\/\\\/kaizen-blog.org\\\/32-jahre-spaeter-eine-studie-stellt-die-todesumstaende-von-kurt-cobain-infrage\\\/#primaryimage\",\"url\":\"https:\\\/\\\/i0.wp.com\\\/kaizen-blog.org\\\/wp-content\\\/uploads\\\/2026\\\/02\\\/batch_kaizennewsday-2026-02-18T075320.873.webp?fit=905%2C500&ssl=1\",\"contentUrl\":\"https:\\\/\\\/i0.wp.com\\\/kaizen-blog.org\\\/wp-content\\\/uploads\\\/2026\\\/02\\\/batch_kaizennewsday-2026-02-18T075320.873.webp?fit=905%2C500&ssl=1\",\"width\":905,\"height\":500},{\"@type\":\"BreadcrumbList\",\"@id\":\"https:\\\/\\\/kaizen-blog.org\\\/32-jahre-spaeter-eine-studie-stellt-die-todesumstaende-von-kurt-cobain-infrage\\\/#breadcrumb\",\"itemListElement\":[{\"@type\":\"ListItem\",\"position\":1,\"name\":\"Startseite\",\"item\":\"https:\\\/\\\/kaizen-blog.org\\\/\"},{\"@type\":\"ListItem\",\"position\":2,\"name\":\"32 Jahre sp\u00e4ter \u2013 Eine Studie stellt die Todesumst\u00e4nde von Kurt Cobain infrage\"}]},{\"@type\":\"WebSite\",\"@id\":\"https:\\\/\\\/kaizen-blog.org\\\/#website\",\"url\":\"https:\\\/\\\/kaizen-blog.org\\\/\",\"name\":\"The Kaizen Blog\",\"description\":\"Investigativer Journalismus\",\"potentialAction\":[{\"@type\":\"SearchAction\",\"target\":{\"@type\":\"EntryPoint\",\"urlTemplate\":\"https:\\\/\\\/kaizen-blog.org\\\/?s={search_term_string}\"},\"query-input\":{\"@type\":\"PropertyValueSpecification\",\"valueRequired\":true,\"valueName\":\"search_term_string\"}}],\"inLanguage\":\"en-US\"},{\"@type\":\"Person\",\"@id\":\"https:\\\/\\\/kaizen-blog.org\\\/#\\\/schema\\\/person\\\/7d3fc7346e2501a389ea3daa48b99ad0\",\"name\":\"Rainer Hofmann\",\"image\":{\"@type\":\"ImageObject\",\"inLanguage\":\"en-US\",\"@id\":\"\\\/\\\/www.gravatar.com\\\/avatar\\\/21e5b26d4f12b21206d8094d7aea4ab6?s=96&#038;r=g&#038;d=initials\",\"url\":\"\\\/\\\/www.gravatar.com\\\/avatar\\\/21e5b26d4f12b21206d8094d7aea4ab6?s=96&#038;r=g&#038;d=initials\",\"contentUrl\":\"\\\/\\\/www.gravatar.com\\\/avatar\\\/21e5b26d4f12b21206d8094d7aea4ab6?s=96&#038;r=g&#038;d=initials\",\"caption\":\"Rainer Hofmann\"},\"sameAs\":[\"https:\\\/\\\/kaizen-blog.org\"],\"url\":\"https:\\\/\\\/kaizen-blog.org\\\/en\\\/author\\\/admin\\\/\"}]}<\/script>\n<!-- \/ Yoast SEO plugin. -->","yoast_head_json":{"title":"32 Jahre sp\u00e4ter \u2013 Eine Studie stellt die Todesumst\u00e4nde von Kurt Cobain infrage - The Kaizen Blog","description":"Fast 32 Jahre nach dem Tod von Nirvana-Frontmann Kurt Cobain sorgt eine forensische Ver\u00f6ffentlichung f\u00fcr neue Diskussionen. Eine im November 2025 im \u201eInternational Journal of Forensic Sciences\u201c erschienene Analyse kommt zu dem Schluss, Cobain sei nicht durch Suizid, sondern durch ein T\u00f6tungsdelikt gestorben.","robots":{"index":"index","follow":"follow","max-snippet":"max-snippet:-1","max-image-preview":"max-image-preview:large","max-video-preview":"max-video-preview:-1"},"canonical":"https:\/\/kaizen-blog.org\/en\/32-jahre-spaeter-eine-studie-stellt-die-todesumstaende-von-kurt-cobain-infrage\/","og_locale":"en_US","og_type":"article","og_title":"32 Jahre sp\u00e4ter \u2013 Eine Studie stellt die Todesumst\u00e4nde von Kurt Cobain infrage","og_description":"Fast 32 Jahre nach dem Tod von Nirvana-Frontmann Kurt Cobain sorgt eine forensische Ver\u00f6ffentlichung f\u00fcr neue Diskussionen. Eine im November 2025 im \u201eInternational Journal of Forensic Sciences\u201c erschienene Analyse kommt zu dem Schluss, Cobain sei nicht durch Suizid, sondern durch ein T\u00f6tungsdelikt gestorben.","og_url":"https:\/\/kaizen-blog.org\/en\/32-jahre-spaeter-eine-studie-stellt-die-todesumstaende-von-kurt-cobain-infrage\/","og_site_name":"The Kaizen Blog","article_publisher":"https:\/\/www.facebook.com\/rainer.hofmann.2025\/","article_published_time":"2026-02-18T06:57:29+00:00","article_modified_time":"2026-02-18T07:29:05+00:00","og_image":[{"width":905,"height":500,"url":"https:\/\/kaizen-blog.org\/wp-content\/uploads\/2026\/02\/batch_kaizennewsday-2026-02-18T075320.873.webp","type":"image\/webp"}],"author":"Rainer Hofmann","twitter_card":"summary_large_image","twitter_misc":{"Written by":"Rainer Hofmann","Est. reading time":"4 minutes"},"schema":{"@context":"https:\/\/schema.org","@graph":[{"@type":"Article","@id":"https:\/\/kaizen-blog.org\/32-jahre-spaeter-eine-studie-stellt-die-todesumstaende-von-kurt-cobain-infrage\/#article","isPartOf":{"@id":"https:\/\/kaizen-blog.org\/32-jahre-spaeter-eine-studie-stellt-die-todesumstaende-von-kurt-cobain-infrage\/"},"author":{"name":"Rainer Hofmann","@id":"https:\/\/kaizen-blog.org\/#\/schema\/person\/7d3fc7346e2501a389ea3daa48b99ad0"},"headline":"32 Jahre sp\u00e4ter \u2013 Eine Studie stellt die Todesumst\u00e4nde von Kurt Cobain infrage","datePublished":"2026-02-18T06:57:29+00:00","dateModified":"2026-02-18T07:29:05+00:00","mainEntityOfPage":{"@id":"https:\/\/kaizen-blog.org\/32-jahre-spaeter-eine-studie-stellt-die-todesumstaende-von-kurt-cobain-infrage\/"},"wordCount":549,"commentCount":1,"image":{"@id":"https:\/\/kaizen-blog.org\/32-jahre-spaeter-eine-studie-stellt-die-todesumstaende-von-kurt-cobain-infrage\/#primaryimage"},"thumbnailUrl":"https:\/\/i0.wp.com\/kaizen-blog.org\/wp-content\/uploads\/2026\/02\/batch_kaizennewsday-2026-02-18T075320.873.webp?fit=905%2C500&ssl=1","articleSection":["NEWS","Topstory"],"inLanguage":"en-US","potentialAction":[{"@type":"CommentAction","name":"Comment","target":["https:\/\/kaizen-blog.org\/32-jahre-spaeter-eine-studie-stellt-die-todesumstaende-von-kurt-cobain-infrage\/#respond"]}]},{"@type":"WebPage","@id":"https:\/\/kaizen-blog.org\/32-jahre-spaeter-eine-studie-stellt-die-todesumstaende-von-kurt-cobain-infrage\/","url":"https:\/\/kaizen-blog.org\/32-jahre-spaeter-eine-studie-stellt-die-todesumstaende-von-kurt-cobain-infrage\/","name":"32 Jahre sp\u00e4ter \u2013 Eine Studie stellt die Todesumst\u00e4nde von Kurt Cobain infrage - The Kaizen Blog","isPartOf":{"@id":"https:\/\/kaizen-blog.org\/#website"},"primaryImageOfPage":{"@id":"https:\/\/kaizen-blog.org\/32-jahre-spaeter-eine-studie-stellt-die-todesumstaende-von-kurt-cobain-infrage\/#primaryimage"},"image":{"@id":"https:\/\/kaizen-blog.org\/32-jahre-spaeter-eine-studie-stellt-die-todesumstaende-von-kurt-cobain-infrage\/#primaryimage"},"thumbnailUrl":"https:\/\/i0.wp.com\/kaizen-blog.org\/wp-content\/uploads\/2026\/02\/batch_kaizennewsday-2026-02-18T075320.873.webp?fit=905%2C500&ssl=1","datePublished":"2026-02-18T06:57:29+00:00","dateModified":"2026-02-18T07:29:05+00:00","author":{"@id":"https:\/\/kaizen-blog.org\/#\/schema\/person\/7d3fc7346e2501a389ea3daa48b99ad0"},"description":"Fast 32 Jahre nach dem Tod von Nirvana-Frontmann Kurt Cobain sorgt eine forensische Ver\u00f6ffentlichung f\u00fcr neue Diskussionen. Eine im November 2025 im \u201eInternational Journal of Forensic Sciences\u201c erschienene Analyse kommt zu dem Schluss, Cobain sei nicht durch Suizid, sondern durch ein T\u00f6tungsdelikt gestorben.","breadcrumb":{"@id":"https:\/\/kaizen-blog.org\/32-jahre-spaeter-eine-studie-stellt-die-todesumstaende-von-kurt-cobain-infrage\/#breadcrumb"},"inLanguage":"en-US","potentialAction":[{"@type":"ReadAction","target":["https:\/\/kaizen-blog.org\/32-jahre-spaeter-eine-studie-stellt-die-todesumstaende-von-kurt-cobain-infrage\/"]}]},{"@type":"ImageObject","inLanguage":"en-US","@id":"https:\/\/kaizen-blog.org\/32-jahre-spaeter-eine-studie-stellt-die-todesumstaende-von-kurt-cobain-infrage\/#primaryimage","url":"https:\/\/i0.wp.com\/kaizen-blog.org\/wp-content\/uploads\/2026\/02\/batch_kaizennewsday-2026-02-18T075320.873.webp?fit=905%2C500&ssl=1","contentUrl":"https:\/\/i0.wp.com\/kaizen-blog.org\/wp-content\/uploads\/2026\/02\/batch_kaizennewsday-2026-02-18T075320.873.webp?fit=905%2C500&ssl=1","width":905,"height":500},{"@type":"BreadcrumbList","@id":"https:\/\/kaizen-blog.org\/32-jahre-spaeter-eine-studie-stellt-die-todesumstaende-von-kurt-cobain-infrage\/#breadcrumb","itemListElement":[{"@type":"ListItem","position":1,"name":"Startseite","item":"https:\/\/kaizen-blog.org\/"},{"@type":"ListItem","position":2,"name":"32 Jahre sp\u00e4ter \u2013 Eine Studie stellt die Todesumst\u00e4nde von Kurt Cobain infrage"}]},{"@type":"WebSite","@id":"https:\/\/kaizen-blog.org\/#website","url":"https:\/\/kaizen-blog.org\/","name":"The Kaizen Blog","description":"Investigative Journalism","potentialAction":[{"@type":"SearchAction","target":{"@type":"EntryPoint","urlTemplate":"https:\/\/kaizen-blog.org\/?s={search_term_string}"},"query-input":{"@type":"PropertyValueSpecification","valueRequired":true,"valueName":"search_term_string"}}],"inLanguage":"en-US"},{"@type":"Person","@id":"https:\/\/kaizen-blog.org\/#\/schema\/person\/7d3fc7346e2501a389ea3daa48b99ad0","name":"Rainer Hofmann","image":{"@type":"ImageObject","inLanguage":"en-US","@id":"\/\/www.gravatar.com\/avatar\/21e5b26d4f12b21206d8094d7aea4ab6?s=96&#038;r=g&#038;d=initials","url":"\/\/www.gravatar.com\/avatar\/21e5b26d4f12b21206d8094d7aea4ab6?s=96&#038;r=g&#038;d=initials","contentUrl":"\/\/www.gravatar.com\/avatar\/21e5b26d4f12b21206d8094d7aea4ab6?s=96&#038;r=g&#038;d=initials","caption":"Rainer Hofmann"},"sameAs":["https:\/\/kaizen-blog.org"],"url":"https:\/\/kaizen-blog.org\/en\/author\/admin\/"}]}},"jetpack_sharing_enabled":true,"jetpack-related-posts":[{"id":10543,"url":"https:\/\/kaizen-blog.org\/en\/ghislaine-maxwell-das-perfide-spiel-einer-frau-die-die-welt-der-macht-und-der-abgruende-verbindet\/","url_meta":{"origin":29440,"position":0},"title":"Ghislaine Maxwell - the perfidious game of a woman who connects the world of power and the abyss","author":"Rainer Hofmann","date":"30. July 2025","format":false,"excerpt":"Kaum ein Name steht so sinnbildlich f\u00fcr das Doppelleben zwischen Reichtum, Einfluss und absoluter moralischer Verkommenheit wie der von Ghislaine Maxwell. Die von uns in diesem Artikel ver\u00f6ffentlichten Gerichtsunterlagen zeichnen das Bild einer Frau, die nicht nur die rechte Hand von Jeffrey Epstein war, sondern selbst zur aktiven T\u00e4terin wurde\u2026","rel":"","context":"In &quot;Epstein&quot;","block_context":{"text":"Epstein","link":"https:\/\/kaizen-blog.org\/en\/category\/epstein-files\/"},"img":{"alt_text":"","src":"https:\/\/i0.wp.com\/kaizen-blog.org\/wp-content\/uploads\/2025\/07\/The-Kaizen-Blog-Online-Magazin1.webp?fit=900%2C508&ssl=1&resize=350%2C200","width":350,"height":200,"srcset":"https:\/\/i0.wp.com\/kaizen-blog.org\/wp-content\/uploads\/2025\/07\/The-Kaizen-Blog-Online-Magazin1.webp?fit=900%2C508&ssl=1&resize=350%2C200 1x, https:\/\/i0.wp.com\/kaizen-blog.org\/wp-content\/uploads\/2025\/07\/The-Kaizen-Blog-Online-Magazin1.webp?fit=900%2C508&ssl=1&resize=525%2C300 1.5x, https:\/\/i0.wp.com\/kaizen-blog.org\/wp-content\/uploads\/2025\/07\/The-Kaizen-Blog-Online-Magazin1.webp?fit=900%2C508&ssl=1&resize=700%2C400 2x"},"classes":[]},{"id":29304,"url":"https:\/\/kaizen-blog.org\/en\/epsteins-tod-der-pathologe-der-dem-offiziellen-befund-widerspricht\/","url_meta":{"origin":29440,"position":1},"title":"Epstein\u2019s Death - The Pathologist Who Disputes the Official Finding","author":"Rainer Hofmann","date":"16. February 2026","format":false,"excerpt":"Dr. Michael Baden war bei der Obduktion von Jeffrey Epstein nicht als leitender Gerichtsmediziner t\u00e4tig, sondern als Beobachter im Auftrag von Epsteins Nachlass anwesend. In dieser Rolle verfolgte er die Untersuchung vor Ort und dokumentierte seine eigenen fachlichen Eindr\u00fccke. Er erkl\u00e4rte nun erneut, dass Forderungen nach weitergehender Untersuchung damals \u00fcberlagert\u2026","rel":"","context":"In &quot;Epstein&quot;","block_context":{"text":"Epstein","link":"https:\/\/kaizen-blog.org\/en\/category\/epstein-files\/"},"img":{"alt_text":"","src":"https:\/\/i0.wp.com\/kaizen-blog.org\/wp-content\/uploads\/2026\/02\/kaizennewsday-2026-02-16T175901.338.webp?fit=905%2C500&ssl=1&resize=350%2C200","width":350,"height":200,"srcset":"https:\/\/i0.wp.com\/kaizen-blog.org\/wp-content\/uploads\/2026\/02\/kaizennewsday-2026-02-16T175901.338.webp?fit=905%2C500&ssl=1&resize=350%2C200 1x, https:\/\/i0.wp.com\/kaizen-blog.org\/wp-content\/uploads\/2026\/02\/kaizennewsday-2026-02-16T175901.338.webp?fit=905%2C500&ssl=1&resize=525%2C300 1.5x, https:\/\/i0.wp.com\/kaizen-blog.org\/wp-content\/uploads\/2026\/02\/kaizennewsday-2026-02-16T175901.338.webp?fit=905%2C500&ssl=1&resize=700%2C400 2x"},"classes":[]},{"id":3404,"url":"https:\/\/kaizen-blog.org\/en\/der-tod-der-nicht-vergeht-wie-der-fall-jeffrey-epstein-die-usa-2025-erneut-erschuettert-inkl-nahezu-ungeschwaerzter-epstein-akte-im-beitrag\/","url_meta":{"origin":29440,"position":2},"title":"The Death That Won't Die \u2013 How the Jeffrey Epstein Case Is Shaking the US Again in 2025! (incl. Nearly Unredacted Epstein File in the Article)","author":"Rainer Hofmann","date":"7. June 2025","format":false,"excerpt":"Es war ein Bild wie aus einem d\u00fcsteren Thriller: Drei feine, aber deutliche Bruchlinien im Hals eines Mannes, der als das Gesicht eines globalen Missbrauchsskandals in die Geschichte einging \u2013 und dessen Tod mehr Fragen aufwarf als kl\u00e4rte. Jeffrey Epstein, verurteilter Sexualstraft\u00e4ter, Million\u00e4r, Jetsetter und Mittelsmann der M\u00e4chtigen, starb im\u2026","rel":"","context":"In &quot;Documentation&quot;","block_context":{"text":"Documentation","link":"https:\/\/kaizen-blog.org\/en\/category\/documentation\/"},"img":{"alt_text":"","src":"https:\/\/i0.wp.com\/kaizen-blog.org\/wp-content\/uploads\/2025\/06\/trump-epstein.webp?fit=850%2C508&ssl=1&resize=350%2C200","width":350,"height":200,"srcset":"https:\/\/i0.wp.com\/kaizen-blog.org\/wp-content\/uploads\/2025\/06\/trump-epstein.webp?fit=850%2C508&ssl=1&resize=350%2C200 1x, https:\/\/i0.wp.com\/kaizen-blog.org\/wp-content\/uploads\/2025\/06\/trump-epstein.webp?fit=850%2C508&ssl=1&resize=525%2C300 1.5x, https:\/\/i0.wp.com\/kaizen-blog.org\/wp-content\/uploads\/2025\/06\/trump-epstein.webp?fit=850%2C508&ssl=1&resize=700%2C400 2x"},"classes":[]},{"id":30960,"url":"https:\/\/kaizen-blog.org\/en\/recherchen-zeigen-zelte-der-verzweiflung-911-protokolle-und-der-fall-ramsingh\/","url_meta":{"origin":29440,"position":3},"title":"Research Shows: Tents of Despair - 911 Transcripts and the Ramsingh Case","author":"Rainer Hofmann","date":"7. March 2026","format":false,"excerpt":"Fast jeden Tag ging ein Notruf ein. \u00dcber Monate hinweg. Aus einem Ort, der offiziell als kurzfristige Unterbringung gedacht ist, faktisch aber f\u00fcr viele zum Stillstand ihres Lebens wurde. Camp East Montana in Texas, das gr\u00f6\u00dfte ICE-Abschiebegef\u00e4ngnis der Vereinigten Staaten, liegt am Rand von El Paso auf dem Gel\u00e4nde von\u2026","rel":"","context":"In &quot;Deportations &amp; ICE&quot;","block_context":{"text":"Deportations &amp; ICE","link":"https:\/\/kaizen-blog.org\/en\/category\/deportations-under-trump\/"},"img":{"alt_text":"","src":"https:\/\/i0.wp.com\/kaizen-blog.org\/wp-content\/uploads\/2026\/03\/batch_kaizennewsday-2026-03-07T043613.323.webp?fit=905%2C500&ssl=1&resize=350%2C200","width":350,"height":200,"srcset":"https:\/\/i0.wp.com\/kaizen-blog.org\/wp-content\/uploads\/2026\/03\/batch_kaizennewsday-2026-03-07T043613.323.webp?fit=905%2C500&ssl=1&resize=350%2C200 1x, https:\/\/i0.wp.com\/kaizen-blog.org\/wp-content\/uploads\/2026\/03\/batch_kaizennewsday-2026-03-07T043613.323.webp?fit=905%2C500&ssl=1&resize=525%2C300 1.5x, https:\/\/i0.wp.com\/kaizen-blog.org\/wp-content\/uploads\/2026\/03\/batch_kaizennewsday-2026-03-07T043613.323.webp?fit=905%2C500&ssl=1&resize=700%2C400 2x"},"classes":[]},{"id":272,"url":"https:\/\/kaizen-blog.org\/en\/ein-golf-namens-wahnsinn-a-gulf-called-madness\/","url_meta":{"origin":29440,"position":4},"title":"A Gulf Called Madness","author":"Rainer Hofmann","date":"8. May 2025","format":false,"excerpt":"Es ist ein absurdes Theater, das sich in Washington abspielt - ein St\u00fcck, das den Titel \u201eGolf von Amerika\u201c tr\u00e4gt, inszeniert von einer Regierung, die glaubt, die Geografie durch einfache Abstimmung umschreiben zu k\u00f6nnen. Man k\u00f6nnte lachen, w\u00e4re es nicht so bezeichnend f\u00fcr den Zustand einer Nation, die sich in\u2026","rel":"","context":"In &quot;Trumpland&quot;","block_context":{"text":"Trumpland","link":"https:\/\/kaizen-blog.org\/en\/category\/trump-s-world\/"},"img":{"alt_text":"","src":"https:\/\/i0.wp.com\/kaizen-blog.org\/wp-content\/uploads\/2025\/05\/trump-gulf-of-america.png?fit=1146%2C734&ssl=1&resize=350%2C200","width":350,"height":200,"srcset":"https:\/\/i0.wp.com\/kaizen-blog.org\/wp-content\/uploads\/2025\/05\/trump-gulf-of-america.png?fit=1146%2C734&ssl=1&resize=350%2C200 1x, https:\/\/i0.wp.com\/kaizen-blog.org\/wp-content\/uploads\/2025\/05\/trump-gulf-of-america.png?fit=1146%2C734&ssl=1&resize=525%2C300 1.5x, https:\/\/i0.wp.com\/kaizen-blog.org\/wp-content\/uploads\/2025\/05\/trump-gulf-of-america.png?fit=1146%2C734&ssl=1&resize=700%2C400 2x, https:\/\/i0.wp.com\/kaizen-blog.org\/wp-content\/uploads\/2025\/05\/trump-gulf-of-america.png?fit=1146%2C734&ssl=1&resize=1050%2C600 3x"},"classes":[]},{"id":9941,"url":"https:\/\/kaizen-blog.org\/en\/russlands-wirtschaftsleben-am-tropf-chinas-ein-blick-nach-manzhouli\/","url_meta":{"origin":29440,"position":5},"title":"Russia\u2019s Economy on China\u2019s Lifeline \u2013 A Look at Manzhouli","author":"Rainer Hofmann","date":"24. July 2025","format":false,"excerpt":"Wer heute durch die Stra\u00dfen von Manzhouli geht, dem wird schnell klar, dass dieser Ort mehr ist als nur eine Grenzstadt. Manzhouli, gelegen in der Inneren Mongolei im Nordosten Chinas, ist das wichtigste Tor zwischen Russland und China \u2013 ein Ort, an dem sich globale Machtverh\u00e4ltnisse in Containerreihen, S\u00e4gewerken und\u2026","rel":"","context":"In &quot;Daylight&quot;","block_context":{"text":"Daylight","link":"https:\/\/kaizen-blog.org\/en\/category\/daylight\/"},"img":{"alt_text":"","src":"https:\/\/i0.wp.com\/kaizen-blog.org\/wp-content\/uploads\/2025\/07\/batch_Kopie-von-Kopie-von-Kopie-von-Social-Kaizen62.webp?fit=900%2C508&ssl=1&resize=350%2C200","width":350,"height":200,"srcset":"https:\/\/i0.wp.com\/kaizen-blog.org\/wp-content\/uploads\/2025\/07\/batch_Kopie-von-Kopie-von-Kopie-von-Social-Kaizen62.webp?fit=900%2C508&ssl=1&resize=350%2C200 1x, https:\/\/i0.wp.com\/kaizen-blog.org\/wp-content\/uploads\/2025\/07\/batch_Kopie-von-Kopie-von-Kopie-von-Social-Kaizen62.webp?fit=900%2C508&ssl=1&resize=525%2C300 1.5x, https:\/\/i0.wp.com\/kaizen-blog.org\/wp-content\/uploads\/2025\/07\/batch_Kopie-von-Kopie-von-Kopie-von-Social-Kaizen62.webp?fit=900%2C508&ssl=1&resize=700%2C400 2x"},"classes":[]}],"jetpack_featured_media_url":"https:\/\/i0.wp.com\/kaizen-blog.org\/wp-content\/uploads\/2026\/02\/batch_kaizennewsday-2026-02-18T075320.873.webp?fit=905%2C500&ssl=1","_links":{"self":[{"href":"https:\/\/kaizen-blog.org\/en\/wp-json\/wp\/v2\/posts\/29440","targetHints":{"allow":["GET"]}}],"collection":[{"href":"https:\/\/kaizen-blog.org\/en\/wp-json\/wp\/v2\/posts"}],"about":[{"href":"https:\/\/kaizen-blog.org\/en\/wp-json\/wp\/v2\/types\/post"}],"author":[{"embeddable":true,"href":"https:\/\/kaizen-blog.org\/en\/wp-json\/wp\/v2\/users\/1"}],"replies":[{"embeddable":true,"href":"https:\/\/kaizen-blog.org\/en\/wp-json\/wp\/v2\/comments?post=29440"}],"version-history":[{"count":0,"href":"https:\/\/kaizen-blog.org\/en\/wp-json\/wp\/v2\/posts\/29440\/revisions"}],"wp:featuredmedia":[{"embeddable":true,"href":"https:\/\/kaizen-blog.org\/en\/wp-json\/wp\/v2\/media\/29442"}],"wp:attachment":[{"href":"https:\/\/kaizen-blog.org\/en\/wp-json\/wp\/v2\/media?parent=29440"}],"wp:term":[{"taxonomy":"category","embeddable":true,"href":"https:\/\/kaizen-blog.org\/en\/wp-json\/wp\/v2\/categories?post=29440"},{"taxonomy":"post_tag","embeddable":true,"href":"https:\/\/kaizen-blog.org\/en\/wp-json\/wp\/v2\/tags?post=29440"}],"curies":[{"name":"wp","href":"https:\/\/api.w.org\/{rel}","templated":true}]}}