{"id":27287,"date":"2026-01-26T03:51:36","date_gmt":"2026-01-26T02:51:36","guid":{"rendered":"https:\/\/kaizen-blog.org\/?p=27287"},"modified":"2026-01-26T03:51:40","modified_gmt":"2026-01-26T02:51:40","slug":"risse-in-der-partei-wie-der-tod-von-alex-pretti-selbst-republikaner-gegen-die-bundesregierung-aufbringt","status":"publish","type":"post","link":"https:\/\/kaizen-blog.org\/en\/risse-in-der-partei-wie-der-tod-von-alex-pretti-selbst-republikaner-gegen-die-bundesregierung-aufbringt\/","title":{"rendered":"Cracks in the Party - How the Death of Alex Pretti Is Turning Even Republicans Against the Federal Government"},"content":{"rendered":"<p>The fatal shooting of Alex Pretti has triggered a development that for a long time was considered unthinkable even within the Republican Party. For the first time since the start of the intensified federal operations in Minnesota, numerous Republican members of Congress and senators are publicly calling for an independent investigation into the conduct of Border Patrol and immigration authorities. Not out of tactical distance, but out of openly articulated doubt about the government\u2019s official account. While the Department of Homeland Security portrayed Pretti immediately after the incident as a violent agitator, numerous videos now show a different sequence. Pretti is seen holding a mobile phone, not a drawn weapon. He is shoved, then brought to the ground by multiple officers. Only afterward is a firearm removed from him, which he was legally carrying. The shots are fired seconds later. These images cause central government claims to collapse.<\/p>\n\n\n\n<figure class=\"wp-block-video alignwide\"><video height=\"568\" style=\"aspect-ratio: 320 \/ 568;\" width=\"320\" controls src=\"https:\/\/kaizen-blog.org\/wp-content\/uploads\/2026\/01\/memorialalp.mp4\"><\/video><\/figure>\n\n\n\n<blockquote class=\"wp-block-quote is-layout-flow wp-block-quote-is-layout-flow\">\n<p>\u201cThe memorial site for Alex Pretti in Minneapolis is currently being visited by many people.\u201d<\/p>\n<\/blockquote>\n\n\n\n<p>Republican voices from both chambers of Congress are responding with unusual clarity. Several senators and representatives are demanding a comprehensive federal and state level investigation, emphasizing the need for parliamentary oversight and warning against the political instrumentalization of premature accusations. Particularly striking is that this criticism does not come from fringe figures, but from within the party\u2019s inner power center. The case brings several core Republican convictions into conflict. The right to bear arms clashes with the portrayal of an armed citizen as a threat. Federalism collides with massive federal operations in individual cities. And the traditional distrust of state power is suddenly directed against a government of their own.<\/p>\n\n\n\n<figure class=\"wp-block-image alignwide size-full\"><img data-recalc-dims=\"1\" loading=\"lazy\" decoding=\"async\" width=\"640\" height=\"354\" src=\"https:\/\/i0.wp.com\/kaizen-blog.org\/wp-content\/uploads\/2026\/01\/batch_kaizennewsday-2026-01-26T033610.967.webp?resize=640%2C354&#038;ssl=1\" alt=\"\" class=\"wp-image-27292\" srcset=\"https:\/\/i0.wp.com\/kaizen-blog.org\/wp-content\/uploads\/2026\/01\/batch_kaizennewsday-2026-01-26T033610.967.webp?w=905&amp;ssl=1 905w, https:\/\/i0.wp.com\/kaizen-blog.org\/wp-content\/uploads\/2026\/01\/batch_kaizennewsday-2026-01-26T033610.967.webp?resize=18%2C10&amp;ssl=1 18w, https:\/\/i0.wp.com\/kaizen-blog.org\/wp-content\/uploads\/2026\/01\/batch_kaizennewsday-2026-01-26T033610.967.webp?resize=300%2C166&amp;ssl=1 300w, https:\/\/i0.wp.com\/kaizen-blog.org\/wp-content\/uploads\/2026\/01\/batch_kaizennewsday-2026-01-26T033610.967.webp?resize=768%2C424&amp;ssl=1 768w\" sizes=\"auto, (max-width: 640px) 100vw, 640px\" \/><\/figure>\n\n\n\n<div style=\"height:20px\" aria-hidden=\"true\" class=\"wp-block-spacer\"><\/div>\n\n\n\n<p>Republican governors are also speaking out. They talk about a lack of coordination, escalating operations, and an atmosphere that deters rather than creates security. Some openly warn of intimidation of the population by federal authorities. Others demand a clear political definition of objectives: what exactly is meant to be achieved by these operations, and where does their legitimacy end. At the same time, the case is increasing internal party pressure on the administration. Polls show a significant loss of trust in migration policy. What long counted as a strength is increasingly being perceived as a risk. The death of yet another US citizen strikes a sensitive nerve - including among advocates of gun rights.<\/p>\n\n\n\n<figure class=\"wp-block-image alignwide size-full\"><img data-recalc-dims=\"1\" loading=\"lazy\" decoding=\"async\" width=\"640\" height=\"354\" src=\"https:\/\/i0.wp.com\/kaizen-blog.org\/wp-content\/uploads\/2026\/01\/batch_kaizennewsday-2026-01-26T033426.304.webp?resize=640%2C354&#038;ssl=1\" alt=\"\" class=\"wp-image-27290\" srcset=\"https:\/\/i0.wp.com\/kaizen-blog.org\/wp-content\/uploads\/2026\/01\/batch_kaizennewsday-2026-01-26T033426.304.webp?w=905&amp;ssl=1 905w, https:\/\/i0.wp.com\/kaizen-blog.org\/wp-content\/uploads\/2026\/01\/batch_kaizennewsday-2026-01-26T033426.304.webp?resize=18%2C10&amp;ssl=1 18w, https:\/\/i0.wp.com\/kaizen-blog.org\/wp-content\/uploads\/2026\/01\/batch_kaizennewsday-2026-01-26T033426.304.webp?resize=300%2C166&amp;ssl=1 300w, https:\/\/i0.wp.com\/kaizen-blog.org\/wp-content\/uploads\/2026\/01\/batch_kaizennewsday-2026-01-26T033426.304.webp?resize=768%2C424&amp;ssl=1 768w\" sizes=\"auto, (max-width: 640px) 100vw, 640px\" \/><\/figure>\n\n\n\n<div style=\"height:20px\" aria-hidden=\"true\" class=\"wp-block-spacer\"><\/div>\n\n\n\n<p>Especially sensitive is the comparison now being drawn more and more frequently. In the past, fatal shootings during protests were defended, downplayed, or politically charged by conservative actors. Now those same circles are being forced to reassess the consequences of this ideology. The statement that carrying a weapon is not a death sentence is suddenly coming from Republican ranks themselves. The death of Alex Pretti is thus more than another point of escalation on the streets of Minneapolis. It is a political stress test for a party that until now had stood united behind the government\u2019s hard line. Whether real consequences will follow remains open. One thing is certain: the silence has been broken. <\/p>\n\n\n\n<div style=\"height:23px\" aria-hidden=\"true\" class=\"wp-block-spacer\"><\/div>\n\n\n\n<div style=\"  background:#ffffff;  border:2px solid #1E4F9A;  border-radius:10px;  padding:12px 14px;  margin:22px 0;  font:400 14px\/1.55 -apple-system,BlinkMacSystemFont,'Segoe UI',Roboto,Arial;  color:#000000;\">\n\n  <div style=\"font-size:0.95rem; font-weight:700; margin-bottom:10px;\">\n    Dear readers,\n  <\/div>\n\n  <div style=\"margin-bottom:10px;\">\n    We do not report from a distance, but on the ground. Where decisions impact people and history is made. We document what would otherwise disappear and give those affected a voice.\n  <\/div>\n\n  <div style=\"margin-bottom:10px;\">\n    Our work does not end with writing. We provide direct assistance and actively work to uphold human rights and international law \u2013 against abuse of power and right-wing populist politics.\n  <\/div>\n\n  <div>\n    <strong>Your support makes this work possible.<\/strong>\n  <\/div>\n\n  <div style=\"height:14px;\"><\/div>\n\n  <a href=\"https:\/\/kaizen-blog.org\/en\/unterstuetzen-sie-unser-arbeit\/\"\n     style=\"       display:inline-block;       padding:7px 14px;       background:#1E4F9A;       color:#ffffff;       font-weight:700;       border-radius:9999px;       text-decoration:none;       font-size:.82rem;       box-shadow:0 4px 12px rgba(30,79,154,.35);     \">\n     Support Kaizen\n  <\/a>\n\n<\/div>\n\n\n\n\n<div style=\"height:30px\" aria-hidden=\"true\" class=\"wp-block-spacer\"><\/div>\n\n\n\n<div class=\"kb-news-update-box\" style=\"    max-width: 650px;    margin: 2rem auto;    padding: 1.25rem 1.5rem;    border-radius: 12px;    border: 1px solid rgba(120,120,120,0.4);    background: rgba(15,15,20,0.03);    backdrop-filter: blur(4px);    font-family: system-ui, -apple-system, BlinkMacSystemFont, 'Segoe UI', sans-serif;\">\n  <style>\n    @media (prefers-color-scheme: dark) {\n      .kb-news-update-box {\n        background: rgba(15,15,20,0.9) !important;\n        border-color: rgba(160,160,160,0.4) !important;\n      }\n      .kb-news-update-box h3 {\n        color: #f5f5f5 !important;\n      }\n      .kb-news-update-box p {\n        color: #e0e0e0 !important;\n      }\n      .kb-news-update-box a.kb-news-link {\n        color: #ffb347 !important;\n        border-color: rgba(255,179,71,0.4) !important;\n      }\n      .kb-news-update-box a.kb-news-link:hover {\n        background: rgba(255,179,71,0.12) !important;\n      }\n    }\n  <\/style>\n\n  <h3 style=\"      margin: 0 0 0.5rem 0;      font-size: 1.15rem;      letter-spacing: 0.02em;      text-transform: uppercase;  \">\n    Updates \u2013 Kaizen News Brief\n  <\/h3>\n\n  <p style=\"      margin: 0 0 0.9rem 0;      font-size: 0.95rem;      line-height: 1.5;  \">\n    All current curated daily updates can be found in the Kaizen News Brief. \n  <\/p>\n\n  <!-- Deutscher Button -->\n  <a class=\"kb-news-link\" href=\"https:\/\/kaizen-blog.org\/en\/26-januar-2026-kurznachrichten\/\" style=\"      display: inline-flex;      align-items: center;      gap: 0.4rem;      padding: 0.45rem 0.9rem;      border-radius: 999px;      border: 1px solid rgba(0,0,0,0.12);      font-size: 0.9rem;      text-decoration: none;      color: #004b8d;      transition: background 0.15s ease, transform 0.1s ease, border-color 0.15s ease;      margin-bottom: 0.5rem;      margin-right: 0.4rem;  \">\n    <span style=\"font-weight: 600;\">To the Kaizen News Brief<\/span>\n    <span aria-hidden=\"true\" style=\"font-size: 1.1rem;\">\u2197<\/span>\n  <\/a>\n\n  <!-- Englischer Button -->\n  <a class=\"kb-news-link\" href=\"https:\/\/kaizen-blog.org\/en\/26-januar-2026-kurznachrichten\/\" style=\"      display: inline-flex;      align-items: center;      gap: 0.4rem;      padding: 0.45rem 0.9rem;      border-radius: 999px;      border: 1px solid rgba(0,0,0,0.12);      font-size: 0.9rem;      text-decoration: none;      color: #004b8d;      transition: background 0.15s ease, transform 0.1s ease, border-color 0.15s ease;  \">\n    <span style=\"font-weight: 600;\">In English<\/span>\n    <span aria-hidden=\"true\" style=\"font-size: 1.1rem;\">\u2197<\/span>\n  <\/a>\n\n<\/div>\n\n\n\n\n<div style=\"height:100px\" aria-hidden=\"true\" class=\"wp-block-spacer\"><\/div>\n<div class=\"gsp_post_data\" \r\n\t            data-post_type=\"post\" \r\n\t            data-cat=\"daylight,topstory,trump-s-world\" \r\n\t            data-modified=\"120\"\r\n\t            data-created=\"1769399496\"\r\n\t            data-title=\"Risse in der Partei \u2013 Wie der Tod von Alex Pretti selbst Republikaner gegen die Bundesregierung aufbringt\" \r\n\t            data-home=\"https:\/\/kaizen-blog.org\/en\/\"><\/div>","protected":false},"excerpt":{"rendered":"<p>Der t\u00f6dliche Schuss auf Alex Pretti hat eine Entwicklung ausgel\u00f6st, die in dieser Form selbst innerhalb der Republikanischen Partei lange als undenkbar galt. Erstmals seit Beginn der versch\u00e4rften Bundesoperationen in Minnesota fordern zahlreiche republikanische Abgeordnete und Senatoren \u00f6ffentlich eine unabh\u00e4ngige Untersuchung des Vorgehens von Grenzschutz und Einwanderungsbeh\u00f6rden. Nicht aus taktischer Distanz, sondern aus offen artikuliertem [&hellip;]<\/p>\n","protected":false},"author":1,"featured_media":27289,"comment_status":"open","ping_status":"open","sticky":false,"template":"","format":"standard","meta":{"_jetpack_memberships_contains_paid_content":false,"footnotes":"","jetpack_publicize_message":"","jetpack_publicize_feature_enabled":true,"jetpack_social_post_already_shared":true,"jetpack_social_options":{"image_generator_settings":{"template":"highway","default_image_id":0,"font":"","enabled":false},"version":2}},"categories":[39,7,41],"tags":[],"class_list":["post-27287","post","type-post","status-publish","format-standard","has-post-thumbnail","hentry","category-daylight","category-topstory","category-trump-s-world"],"featured_image_src":"https:\/\/i0.wp.com\/kaizen-blog.org\/wp-content\/uploads\/2026\/01\/batch_kaizennewsday-2026-01-26T033320.869.webp?fit=905%2C500&ssl=1","author_info":{"display_name":"Rainer Hofmann","author_link":"https:\/\/kaizen-blog.org\/en\/author\/admin\/"},"yoast_head":"<!-- This site is optimized with the Yoast SEO plugin v27.4 - https:\/\/yoast.com\/product\/yoast-seo-wordpress\/ -->\n<title>Risse in der Partei \u2013 Wie der Tod von Alex Pretti selbst Republikaner gegen die Bundesregierung aufbringt - The Kaizen Blog<\/title>\n<meta name=\"description\" content=\"Der t\u00f6dliche Schuss auf Alex Pretti hat eine Entwicklung ausgel\u00f6st, die in dieser Form selbst innerhalb der Republikanischen Partei lange als undenkbar galt. Erstmals seit Beginn der versch\u00e4rften Bundesoperationen in Minnesota fordern zahlreiche republikanische Abgeordnete und Senatoren \u00f6ffentlich eine unabh\u00e4ngige Untersuchung des Vorgehens von Grenzschutz und Einwanderungsbeh\u00f6rden.\" \/>\n<meta name=\"robots\" content=\"index, follow, max-snippet:-1, max-image-preview:large, max-video-preview:-1\" \/>\n<link rel=\"canonical\" href=\"https:\/\/kaizen-blog.org\/en\/risse-in-der-partei-wie-der-tod-von-alex-pretti-selbst-republikaner-gegen-die-bundesregierung-aufbringt\/\" \/>\n<meta property=\"og:locale\" content=\"en_US\" \/>\n<meta property=\"og:type\" content=\"article\" \/>\n<meta property=\"og:title\" content=\"Risse in der Partei \u2013 Wie der Tod von Alex Pretti selbst Republikaner gegen die Bundesregierung aufbringt\" \/>\n<meta property=\"og:description\" content=\"Der t\u00f6dliche Schuss auf Alex Pretti hat eine Entwicklung ausgel\u00f6st, die in dieser Form selbst innerhalb der Republikanischen Partei lange als undenkbar galt. Erstmals seit Beginn der versch\u00e4rften Bundesoperationen in Minnesota fordern zahlreiche republikanische Abgeordnete und Senatoren \u00f6ffentlich eine unabh\u00e4ngige Untersuchung des Vorgehens von Grenzschutz und Einwanderungsbeh\u00f6rden.\" \/>\n<meta property=\"og:url\" content=\"https:\/\/kaizen-blog.org\/en\/risse-in-der-partei-wie-der-tod-von-alex-pretti-selbst-republikaner-gegen-die-bundesregierung-aufbringt\/\" \/>\n<meta property=\"og:site_name\" content=\"The Kaizen Blog\" \/>\n<meta property=\"article:publisher\" content=\"https:\/\/www.facebook.com\/rainer.hofmann.2025\/\" \/>\n<meta property=\"article:published_time\" content=\"2026-01-26T02:51:36+00:00\" \/>\n<meta property=\"article:modified_time\" content=\"2026-01-26T02:51:40+00:00\" \/>\n<meta property=\"og:image\" content=\"https:\/\/kaizen-blog.org\/wp-content\/uploads\/2026\/01\/batch_kaizennewsday-2026-01-26T033320.869.webp\" \/>\n\t<meta property=\"og:image:width\" content=\"905\" \/>\n\t<meta property=\"og:image:height\" content=\"500\" \/>\n\t<meta property=\"og:image:type\" content=\"image\/webp\" \/>\n<meta name=\"author\" content=\"Rainer Hofmann\" \/>\n<meta name=\"twitter:card\" content=\"summary_large_image\" \/>\n<meta name=\"twitter:label1\" content=\"Written by\" \/>\n\t<meta name=\"twitter:data1\" content=\"Rainer Hofmann\" \/>\n\t<meta name=\"twitter:label2\" content=\"Est. reading time\" \/>\n\t<meta name=\"twitter:data2\" content=\"4 minutes\" \/>\n<script type=\"application\/ld+json\" class=\"yoast-schema-graph\">{\"@context\":\"https:\\\/\\\/schema.org\",\"@graph\":[{\"@type\":\"Article\",\"@id\":\"https:\\\/\\\/kaizen-blog.org\\\/risse-in-der-partei-wie-der-tod-von-alex-pretti-selbst-republikaner-gegen-die-bundesregierung-aufbringt\\\/#article\",\"isPartOf\":{\"@id\":\"https:\\\/\\\/kaizen-blog.org\\\/risse-in-der-partei-wie-der-tod-von-alex-pretti-selbst-republikaner-gegen-die-bundesregierung-aufbringt\\\/\"},\"author\":{\"name\":\"Rainer Hofmann\",\"@id\":\"https:\\\/\\\/kaizen-blog.org\\\/#\\\/schema\\\/person\\\/7d3fc7346e2501a389ea3daa48b99ad0\"},\"headline\":\"Risse in der Partei \u2013 Wie der Tod von Alex Pretti selbst Republikaner gegen die Bundesregierung aufbringt\",\"datePublished\":\"2026-01-26T02:51:36+00:00\",\"dateModified\":\"2026-01-26T02:51:40+00:00\",\"mainEntityOfPage\":{\"@id\":\"https:\\\/\\\/kaizen-blog.org\\\/risse-in-der-partei-wie-der-tod-von-alex-pretti-selbst-republikaner-gegen-die-bundesregierung-aufbringt\\\/\"},\"wordCount\":580,\"commentCount\":1,\"image\":{\"@id\":\"https:\\\/\\\/kaizen-blog.org\\\/risse-in-der-partei-wie-der-tod-von-alex-pretti-selbst-republikaner-gegen-die-bundesregierung-aufbringt\\\/#primaryimage\"},\"thumbnailUrl\":\"https:\\\/\\\/i0.wp.com\\\/kaizen-blog.org\\\/wp-content\\\/uploads\\\/2026\\\/01\\\/batch_kaizennewsday-2026-01-26T033320.869.webp?fit=905%2C500&ssl=1\",\"articleSection\":[\"Daylight\",\"Topstory\",\"Trumpland\"],\"inLanguage\":\"en-US\",\"potentialAction\":[{\"@type\":\"CommentAction\",\"name\":\"Comment\",\"target\":[\"https:\\\/\\\/kaizen-blog.org\\\/risse-in-der-partei-wie-der-tod-von-alex-pretti-selbst-republikaner-gegen-die-bundesregierung-aufbringt\\\/#respond\"]}]},{\"@type\":\"WebPage\",\"@id\":\"https:\\\/\\\/kaizen-blog.org\\\/risse-in-der-partei-wie-der-tod-von-alex-pretti-selbst-republikaner-gegen-die-bundesregierung-aufbringt\\\/\",\"url\":\"https:\\\/\\\/kaizen-blog.org\\\/risse-in-der-partei-wie-der-tod-von-alex-pretti-selbst-republikaner-gegen-die-bundesregierung-aufbringt\\\/\",\"name\":\"Risse in der Partei \u2013 Wie der Tod von Alex Pretti selbst Republikaner gegen die Bundesregierung aufbringt - The Kaizen Blog\",\"isPartOf\":{\"@id\":\"https:\\\/\\\/kaizen-blog.org\\\/#website\"},\"primaryImageOfPage\":{\"@id\":\"https:\\\/\\\/kaizen-blog.org\\\/risse-in-der-partei-wie-der-tod-von-alex-pretti-selbst-republikaner-gegen-die-bundesregierung-aufbringt\\\/#primaryimage\"},\"image\":{\"@id\":\"https:\\\/\\\/kaizen-blog.org\\\/risse-in-der-partei-wie-der-tod-von-alex-pretti-selbst-republikaner-gegen-die-bundesregierung-aufbringt\\\/#primaryimage\"},\"thumbnailUrl\":\"https:\\\/\\\/i0.wp.com\\\/kaizen-blog.org\\\/wp-content\\\/uploads\\\/2026\\\/01\\\/batch_kaizennewsday-2026-01-26T033320.869.webp?fit=905%2C500&ssl=1\",\"datePublished\":\"2026-01-26T02:51:36+00:00\",\"dateModified\":\"2026-01-26T02:51:40+00:00\",\"author\":{\"@id\":\"https:\\\/\\\/kaizen-blog.org\\\/#\\\/schema\\\/person\\\/7d3fc7346e2501a389ea3daa48b99ad0\"},\"description\":\"Der t\u00f6dliche Schuss auf Alex Pretti hat eine Entwicklung ausgel\u00f6st, die in dieser Form selbst innerhalb der Republikanischen Partei lange als undenkbar galt. Erstmals seit Beginn der versch\u00e4rften Bundesoperationen in Minnesota fordern zahlreiche republikanische Abgeordnete und Senatoren \u00f6ffentlich eine unabh\u00e4ngige Untersuchung des Vorgehens von Grenzschutz und Einwanderungsbeh\u00f6rden.\",\"breadcrumb\":{\"@id\":\"https:\\\/\\\/kaizen-blog.org\\\/risse-in-der-partei-wie-der-tod-von-alex-pretti-selbst-republikaner-gegen-die-bundesregierung-aufbringt\\\/#breadcrumb\"},\"inLanguage\":\"en-US\",\"potentialAction\":[{\"@type\":\"ReadAction\",\"target\":[\"https:\\\/\\\/kaizen-blog.org\\\/risse-in-der-partei-wie-der-tod-von-alex-pretti-selbst-republikaner-gegen-die-bundesregierung-aufbringt\\\/\"]}]},{\"@type\":\"ImageObject\",\"inLanguage\":\"en-US\",\"@id\":\"https:\\\/\\\/kaizen-blog.org\\\/risse-in-der-partei-wie-der-tod-von-alex-pretti-selbst-republikaner-gegen-die-bundesregierung-aufbringt\\\/#primaryimage\",\"url\":\"https:\\\/\\\/i0.wp.com\\\/kaizen-blog.org\\\/wp-content\\\/uploads\\\/2026\\\/01\\\/batch_kaizennewsday-2026-01-26T033320.869.webp?fit=905%2C500&ssl=1\",\"contentUrl\":\"https:\\\/\\\/i0.wp.com\\\/kaizen-blog.org\\\/wp-content\\\/uploads\\\/2026\\\/01\\\/batch_kaizennewsday-2026-01-26T033320.869.webp?fit=905%2C500&ssl=1\",\"width\":905,\"height\":500},{\"@type\":\"BreadcrumbList\",\"@id\":\"https:\\\/\\\/kaizen-blog.org\\\/risse-in-der-partei-wie-der-tod-von-alex-pretti-selbst-republikaner-gegen-die-bundesregierung-aufbringt\\\/#breadcrumb\",\"itemListElement\":[{\"@type\":\"ListItem\",\"position\":1,\"name\":\"Startseite\",\"item\":\"https:\\\/\\\/kaizen-blog.org\\\/\"},{\"@type\":\"ListItem\",\"position\":2,\"name\":\"Risse in der Partei \u2013 Wie der Tod von Alex Pretti selbst Republikaner gegen die Bundesregierung aufbringt\"}]},{\"@type\":\"WebSite\",\"@id\":\"https:\\\/\\\/kaizen-blog.org\\\/#website\",\"url\":\"https:\\\/\\\/kaizen-blog.org\\\/\",\"name\":\"The Kaizen Blog\",\"description\":\"Investigativer Journalismus\",\"potentialAction\":[{\"@type\":\"SearchAction\",\"target\":{\"@type\":\"EntryPoint\",\"urlTemplate\":\"https:\\\/\\\/kaizen-blog.org\\\/?s={search_term_string}\"},\"query-input\":{\"@type\":\"PropertyValueSpecification\",\"valueRequired\":true,\"valueName\":\"search_term_string\"}}],\"inLanguage\":\"en-US\"},{\"@type\":\"Person\",\"@id\":\"https:\\\/\\\/kaizen-blog.org\\\/#\\\/schema\\\/person\\\/7d3fc7346e2501a389ea3daa48b99ad0\",\"name\":\"Rainer Hofmann\",\"image\":{\"@type\":\"ImageObject\",\"inLanguage\":\"en-US\",\"@id\":\"\\\/\\\/www.gravatar.com\\\/avatar\\\/21e5b26d4f12b21206d8094d7aea4ab6?s=96&#038;r=g&#038;d=initials\",\"url\":\"\\\/\\\/www.gravatar.com\\\/avatar\\\/21e5b26d4f12b21206d8094d7aea4ab6?s=96&#038;r=g&#038;d=initials\",\"contentUrl\":\"\\\/\\\/www.gravatar.com\\\/avatar\\\/21e5b26d4f12b21206d8094d7aea4ab6?s=96&#038;r=g&#038;d=initials\",\"caption\":\"Rainer Hofmann\"},\"sameAs\":[\"https:\\\/\\\/kaizen-blog.org\"],\"url\":\"https:\\\/\\\/kaizen-blog.org\\\/en\\\/author\\\/admin\\\/\"}]}<\/script>\n<!-- \/ Yoast SEO plugin. -->","yoast_head_json":{"title":"Risse in der Partei \u2013 Wie der Tod von Alex Pretti selbst Republikaner gegen die Bundesregierung aufbringt - The Kaizen Blog","description":"Der t\u00f6dliche Schuss auf Alex Pretti hat eine Entwicklung ausgel\u00f6st, die in dieser Form selbst innerhalb der Republikanischen Partei lange als undenkbar galt. Erstmals seit Beginn der versch\u00e4rften Bundesoperationen in Minnesota fordern zahlreiche republikanische Abgeordnete und Senatoren \u00f6ffentlich eine unabh\u00e4ngige Untersuchung des Vorgehens von Grenzschutz und Einwanderungsbeh\u00f6rden.","robots":{"index":"index","follow":"follow","max-snippet":"max-snippet:-1","max-image-preview":"max-image-preview:large","max-video-preview":"max-video-preview:-1"},"canonical":"https:\/\/kaizen-blog.org\/en\/risse-in-der-partei-wie-der-tod-von-alex-pretti-selbst-republikaner-gegen-die-bundesregierung-aufbringt\/","og_locale":"en_US","og_type":"article","og_title":"Risse in der Partei \u2013 Wie der Tod von Alex Pretti selbst Republikaner gegen die Bundesregierung aufbringt","og_description":"Der t\u00f6dliche Schuss auf Alex Pretti hat eine Entwicklung ausgel\u00f6st, die in dieser Form selbst innerhalb der Republikanischen Partei lange als undenkbar galt. Erstmals seit Beginn der versch\u00e4rften Bundesoperationen in Minnesota fordern zahlreiche republikanische Abgeordnete und Senatoren \u00f6ffentlich eine unabh\u00e4ngige Untersuchung des Vorgehens von Grenzschutz und Einwanderungsbeh\u00f6rden.","og_url":"https:\/\/kaizen-blog.org\/en\/risse-in-der-partei-wie-der-tod-von-alex-pretti-selbst-republikaner-gegen-die-bundesregierung-aufbringt\/","og_site_name":"The Kaizen Blog","article_publisher":"https:\/\/www.facebook.com\/rainer.hofmann.2025\/","article_published_time":"2026-01-26T02:51:36+00:00","article_modified_time":"2026-01-26T02:51:40+00:00","og_image":[{"width":905,"height":500,"url":"https:\/\/kaizen-blog.org\/wp-content\/uploads\/2026\/01\/batch_kaizennewsday-2026-01-26T033320.869.webp","type":"image\/webp"}],"author":"Rainer Hofmann","twitter_card":"summary_large_image","twitter_misc":{"Written by":"Rainer Hofmann","Est. reading time":"4 minutes"},"schema":{"@context":"https:\/\/schema.org","@graph":[{"@type":"Article","@id":"https:\/\/kaizen-blog.org\/risse-in-der-partei-wie-der-tod-von-alex-pretti-selbst-republikaner-gegen-die-bundesregierung-aufbringt\/#article","isPartOf":{"@id":"https:\/\/kaizen-blog.org\/risse-in-der-partei-wie-der-tod-von-alex-pretti-selbst-republikaner-gegen-die-bundesregierung-aufbringt\/"},"author":{"name":"Rainer Hofmann","@id":"https:\/\/kaizen-blog.org\/#\/schema\/person\/7d3fc7346e2501a389ea3daa48b99ad0"},"headline":"Risse in der Partei \u2013 Wie der Tod von Alex Pretti selbst Republikaner gegen die Bundesregierung aufbringt","datePublished":"2026-01-26T02:51:36+00:00","dateModified":"2026-01-26T02:51:40+00:00","mainEntityOfPage":{"@id":"https:\/\/kaizen-blog.org\/risse-in-der-partei-wie-der-tod-von-alex-pretti-selbst-republikaner-gegen-die-bundesregierung-aufbringt\/"},"wordCount":580,"commentCount":1,"image":{"@id":"https:\/\/kaizen-blog.org\/risse-in-der-partei-wie-der-tod-von-alex-pretti-selbst-republikaner-gegen-die-bundesregierung-aufbringt\/#primaryimage"},"thumbnailUrl":"https:\/\/i0.wp.com\/kaizen-blog.org\/wp-content\/uploads\/2026\/01\/batch_kaizennewsday-2026-01-26T033320.869.webp?fit=905%2C500&ssl=1","articleSection":["Daylight","Topstory","Trumpland"],"inLanguage":"en-US","potentialAction":[{"@type":"CommentAction","name":"Comment","target":["https:\/\/kaizen-blog.org\/risse-in-der-partei-wie-der-tod-von-alex-pretti-selbst-republikaner-gegen-die-bundesregierung-aufbringt\/#respond"]}]},{"@type":"WebPage","@id":"https:\/\/kaizen-blog.org\/risse-in-der-partei-wie-der-tod-von-alex-pretti-selbst-republikaner-gegen-die-bundesregierung-aufbringt\/","url":"https:\/\/kaizen-blog.org\/risse-in-der-partei-wie-der-tod-von-alex-pretti-selbst-republikaner-gegen-die-bundesregierung-aufbringt\/","name":"Risse in der Partei \u2013 Wie der Tod von Alex Pretti selbst Republikaner gegen die Bundesregierung aufbringt - The Kaizen Blog","isPartOf":{"@id":"https:\/\/kaizen-blog.org\/#website"},"primaryImageOfPage":{"@id":"https:\/\/kaizen-blog.org\/risse-in-der-partei-wie-der-tod-von-alex-pretti-selbst-republikaner-gegen-die-bundesregierung-aufbringt\/#primaryimage"},"image":{"@id":"https:\/\/kaizen-blog.org\/risse-in-der-partei-wie-der-tod-von-alex-pretti-selbst-republikaner-gegen-die-bundesregierung-aufbringt\/#primaryimage"},"thumbnailUrl":"https:\/\/i0.wp.com\/kaizen-blog.org\/wp-content\/uploads\/2026\/01\/batch_kaizennewsday-2026-01-26T033320.869.webp?fit=905%2C500&ssl=1","datePublished":"2026-01-26T02:51:36+00:00","dateModified":"2026-01-26T02:51:40+00:00","author":{"@id":"https:\/\/kaizen-blog.org\/#\/schema\/person\/7d3fc7346e2501a389ea3daa48b99ad0"},"description":"Der t\u00f6dliche Schuss auf Alex Pretti hat eine Entwicklung ausgel\u00f6st, die in dieser Form selbst innerhalb der Republikanischen Partei lange als undenkbar galt. Erstmals seit Beginn der versch\u00e4rften Bundesoperationen in Minnesota fordern zahlreiche republikanische Abgeordnete und Senatoren \u00f6ffentlich eine unabh\u00e4ngige Untersuchung des Vorgehens von Grenzschutz und Einwanderungsbeh\u00f6rden.","breadcrumb":{"@id":"https:\/\/kaizen-blog.org\/risse-in-der-partei-wie-der-tod-von-alex-pretti-selbst-republikaner-gegen-die-bundesregierung-aufbringt\/#breadcrumb"},"inLanguage":"en-US","potentialAction":[{"@type":"ReadAction","target":["https:\/\/kaizen-blog.org\/risse-in-der-partei-wie-der-tod-von-alex-pretti-selbst-republikaner-gegen-die-bundesregierung-aufbringt\/"]}]},{"@type":"ImageObject","inLanguage":"en-US","@id":"https:\/\/kaizen-blog.org\/risse-in-der-partei-wie-der-tod-von-alex-pretti-selbst-republikaner-gegen-die-bundesregierung-aufbringt\/#primaryimage","url":"https:\/\/i0.wp.com\/kaizen-blog.org\/wp-content\/uploads\/2026\/01\/batch_kaizennewsday-2026-01-26T033320.869.webp?fit=905%2C500&ssl=1","contentUrl":"https:\/\/i0.wp.com\/kaizen-blog.org\/wp-content\/uploads\/2026\/01\/batch_kaizennewsday-2026-01-26T033320.869.webp?fit=905%2C500&ssl=1","width":905,"height":500},{"@type":"BreadcrumbList","@id":"https:\/\/kaizen-blog.org\/risse-in-der-partei-wie-der-tod-von-alex-pretti-selbst-republikaner-gegen-die-bundesregierung-aufbringt\/#breadcrumb","itemListElement":[{"@type":"ListItem","position":1,"name":"Startseite","item":"https:\/\/kaizen-blog.org\/"},{"@type":"ListItem","position":2,"name":"Risse in der Partei \u2013 Wie der Tod von Alex Pretti selbst Republikaner gegen die Bundesregierung aufbringt"}]},{"@type":"WebSite","@id":"https:\/\/kaizen-blog.org\/#website","url":"https:\/\/kaizen-blog.org\/","name":"The Kaizen Blog","description":"Investigative Journalism","potentialAction":[{"@type":"SearchAction","target":{"@type":"EntryPoint","urlTemplate":"https:\/\/kaizen-blog.org\/?s={search_term_string}"},"query-input":{"@type":"PropertyValueSpecification","valueRequired":true,"valueName":"search_term_string"}}],"inLanguage":"en-US"},{"@type":"Person","@id":"https:\/\/kaizen-blog.org\/#\/schema\/person\/7d3fc7346e2501a389ea3daa48b99ad0","name":"Rainer Hofmann","image":{"@type":"ImageObject","inLanguage":"en-US","@id":"\/\/www.gravatar.com\/avatar\/21e5b26d4f12b21206d8094d7aea4ab6?s=96&#038;r=g&#038;d=initials","url":"\/\/www.gravatar.com\/avatar\/21e5b26d4f12b21206d8094d7aea4ab6?s=96&#038;r=g&#038;d=initials","contentUrl":"\/\/www.gravatar.com\/avatar\/21e5b26d4f12b21206d8094d7aea4ab6?s=96&#038;r=g&#038;d=initials","caption":"Rainer Hofmann"},"sameAs":["https:\/\/kaizen-blog.org"],"url":"https:\/\/kaizen-blog.org\/en\/author\/admin\/"}]}},"jetpack_publicize_connections":[],"jetpack_featured_media_url":"https:\/\/i0.wp.com\/kaizen-blog.org\/wp-content\/uploads\/2026\/01\/batch_kaizennewsday-2026-01-26T033320.869.webp?fit=905%2C500&ssl=1","jetpack_sharing_enabled":true,"jetpack-related-posts":[{"id":27318,"url":"https:\/\/kaizen-blog.org\/en\/minneapolis-vor-gericht-zwei-tote-videos-ein-staat-unter-druck\/","url_meta":{"origin":27287,"position":0},"title":"Minneapolis in Court - Two Dead, Videos, a State Under Pressure","author":"Rainer Hofmann","date":"January 26, 2026","format":false,"excerpt":"In Minneapolis ist aus einem t\u00f6dlichen Einsatz eine umfassende politische und juristische Auseinandersetzung geworden. Tausende Menschen zogen am Sonntag durch die Stadt, um ihrem Zorn \u00fcber den Tod eines lokalen Bewohners Ausdruck zu verleihen. \u201eLegt alles still\u201c, riefen sie, w\u00e4hrend viele Schilder trugen, auf denen Gerechtigkeit f\u00fcr den 37-j\u00e4hrigen Alex\u2026","rel":"","context":"In &quot;Dark America&quot;","block_context":{"text":"Dark America","link":"https:\/\/kaizen-blog.org\/en\/category\/dark-america\/"},"img":{"alt_text":"","src":"https:\/\/i0.wp.com\/kaizen-blog.org\/wp-content\/uploads\/2026\/01\/batch_kaizennewsday-2026-01-26T190135.551.webp?fit=905%2C500&ssl=1&resize=350%2C200","width":350,"height":200,"srcset":"https:\/\/i0.wp.com\/kaizen-blog.org\/wp-content\/uploads\/2026\/01\/batch_kaizennewsday-2026-01-26T190135.551.webp?fit=905%2C500&ssl=1&resize=350%2C200 1x, https:\/\/i0.wp.com\/kaizen-blog.org\/wp-content\/uploads\/2026\/01\/batch_kaizennewsday-2026-01-26T190135.551.webp?fit=905%2C500&ssl=1&resize=525%2C300 1.5x, https:\/\/i0.wp.com\/kaizen-blog.org\/wp-content\/uploads\/2026\/01\/batch_kaizennewsday-2026-01-26T190135.551.webp?fit=905%2C500&ssl=1&resize=700%2C400 2x"},"classes":[]},{"id":27265,"url":"https:\/\/kaizen-blog.org\/en\/26-januar-2026-kurznachrichten\/","url_meta":{"origin":27287,"position":1},"title":"January 26, 2026 \u2013 Short News","author":"TEAM KAIZEN BLOG","date":"January 26, 2026","format":false,"excerpt":"Tausende gehen in New York f\u00fcr Alex Jeffrey Pretti auf die Stra\u00dfe! In New York haben sich Tausende Menschen versammelt, um gegen die Erschie\u00dfung von Alex Jeffrey Pretti durch Bundesbeamte zu protestieren. Die Demonstration zog durch mehrere Stadtteile und richtete sich direkt gegen den Einsatz von ICE und die Ausweitung\u2026","rel":"","context":"In &quot;+++ Kaizen News Ticker +++&quot;","block_context":{"text":"+++ Kaizen News Ticker +++","link":"https:\/\/kaizen-blog.org\/en\/category\/ticker\/"},"img":{"alt_text":"","src":"https:\/\/i0.wp.com\/kaizen-blog.org\/wp-content\/uploads\/2026\/01\/kaizenlive-2026-01-25T215605.888.webp?fit=905%2C500&ssl=1&resize=350%2C200","width":350,"height":200,"srcset":"https:\/\/i0.wp.com\/kaizen-blog.org\/wp-content\/uploads\/2026\/01\/kaizenlive-2026-01-25T215605.888.webp?fit=905%2C500&ssl=1&resize=350%2C200 1x, https:\/\/i0.wp.com\/kaizen-blog.org\/wp-content\/uploads\/2026\/01\/kaizenlive-2026-01-25T215605.888.webp?fit=905%2C500&ssl=1&resize=525%2C300 1.5x, https:\/\/i0.wp.com\/kaizen-blog.org\/wp-content\/uploads\/2026\/01\/kaizenlive-2026-01-25T215605.888.webp?fit=905%2C500&ssl=1&resize=700%2C400 2x"},"classes":[]},{"id":27332,"url":"https:\/\/kaizen-blog.org\/en\/live-machtprobe-in-minnesota-wird-zum-politischen-flaechenbrand\/","url_meta":{"origin":27287,"position":2},"title":"LIVE: Power Struggle in Minnesota Turns Into a Political Wildfire","author":"TEAM KAIZEN BLOG","date":"January 26, 2026","format":false,"excerpt":"24 Kaizen Live Dienstag, 27.01.2026 \u00b7 01:30, Ende der Berichterstattung Prettis Schwester kritisiert Regierung Die j\u00fcngere Schwester von Alex Pretti hat am Montag ein Statement ver\u00f6ffentlicht, in dem sie ihren gro\u00dfen Bruder als hilfsbereiten, freundlichen Menschen beschreibt und zugleich die Darstellung der Trump-Regierung nach seinem Tod scharf kritisiert. Sie dankte\u2026","rel":"","context":"In &quot;Kaizen Live&quot;","block_context":{"text":"Kaizen Live","link":"https:\/\/kaizen-blog.org\/en\/category\/kaizen-live\/"},"img":{"alt_text":"","src":"https:\/\/i0.wp.com\/kaizen-blog.org\/wp-content\/uploads\/2026\/01\/kaizennewsday-2026-01-23T205303.470.webp?fit=905%2C500&ssl=1&resize=350%2C200","width":350,"height":200,"srcset":"https:\/\/i0.wp.com\/kaizen-blog.org\/wp-content\/uploads\/2026\/01\/kaizennewsday-2026-01-23T205303.470.webp?fit=905%2C500&ssl=1&resize=350%2C200 1x, https:\/\/i0.wp.com\/kaizen-blog.org\/wp-content\/uploads\/2026\/01\/kaizennewsday-2026-01-23T205303.470.webp?fit=905%2C500&ssl=1&resize=525%2C300 1.5x, https:\/\/i0.wp.com\/kaizen-blog.org\/wp-content\/uploads\/2026\/01\/kaizennewsday-2026-01-23T205303.470.webp?fit=905%2C500&ssl=1&resize=700%2C400 2x"},"classes":[]},{"id":27132,"url":"https:\/\/kaizen-blog.org\/en\/live-toedlicher-ice-einsatz-in-minneapolis\/","url_meta":{"origin":27287,"position":3},"title":"Live: Fatal ICE Operation in Minneapolis","author":"TEAM KAIZEN BLOG","date":"January 25, 2026","format":false,"excerpt":"Zum Artikel: Sch\u00fcsse im Gedr\u00e4nge \u2013 Minneapolis am Rand der Eskalation \u2013 Das war Mord Dieses Bild der New York Times ist eine Mahnung, eine Mahnung, dass ein unschuldiger Mensch erschossen wurde und keine \u00e4rztliche Versorgung erhielt. Dieses Bild ist eine Mahnung, was Rechtspopulismus und Faschismus bedeuten. Daf\u00fcr gibt es\u2026","rel":"","context":"In &quot;Kaizen Live&quot;","block_context":{"text":"Kaizen Live","link":"https:\/\/kaizen-blog.org\/en\/category\/kaizen-live\/"},"img":{"alt_text":"","src":"https:\/\/i0.wp.com\/kaizen-blog.org\/wp-content\/uploads\/2026\/01\/kaizennewsday-2026-01-23T205303.470.webp?fit=905%2C500&ssl=1&resize=350%2C200","width":350,"height":200,"srcset":"https:\/\/i0.wp.com\/kaizen-blog.org\/wp-content\/uploads\/2026\/01\/kaizennewsday-2026-01-23T205303.470.webp?fit=905%2C500&ssl=1&resize=350%2C200 1x, https:\/\/i0.wp.com\/kaizen-blog.org\/wp-content\/uploads\/2026\/01\/kaizennewsday-2026-01-23T205303.470.webp?fit=905%2C500&ssl=1&resize=525%2C300 1.5x, https:\/\/i0.wp.com\/kaizen-blog.org\/wp-content\/uploads\/2026\/01\/kaizennewsday-2026-01-23T205303.470.webp?fit=905%2C500&ssl=1&resize=700%2C400 2x"},"classes":[]},{"id":27189,"url":"https:\/\/kaizen-blog.org\/en\/alex-pretti-ein-leben-das-nicht-in-die-behoerdliche-darstellung-passt\/","url_meta":{"origin":27287,"position":4},"title":"Alex Pretti \u2013 A Life That Does Not Fit the Official Account","author":"Rainer Hofmann","date":"January 25, 2026","format":false,"excerpt":"Alex Jeffrey Pretti war kein anonymer Name in einer Polizeimeldung. Er war Intensivpfleger im Krankenhaus der Veteranenbeh\u00f6rde, jemand, der Menschen in ihren verletzlichsten Momenten begleitete und blieb, wenn es schwierig wurde. Seine Familie beschreibt ihn als zutiefst zugewandt, als jemanden, der nicht wegsehen konnte, wenn Unrecht geschah. Genau das brachte\u2026","rel":"","context":"In &quot;Spotlight&quot;","block_context":{"text":"Spotlight","link":"https:\/\/kaizen-blog.org\/en\/category\/spotlight\/"},"img":{"alt_text":"","src":"https:\/\/i0.wp.com\/kaizen-blog.org\/wp-content\/uploads\/2026\/01\/batch_kaizennewsday-2026-01-25T052030.935.webp?fit=905%2C500&ssl=1&resize=350%2C200","width":350,"height":200,"srcset":"https:\/\/i0.wp.com\/kaizen-blog.org\/wp-content\/uploads\/2026\/01\/batch_kaizennewsday-2026-01-25T052030.935.webp?fit=905%2C500&ssl=1&resize=350%2C200 1x, https:\/\/i0.wp.com\/kaizen-blog.org\/wp-content\/uploads\/2026\/01\/batch_kaizennewsday-2026-01-25T052030.935.webp?fit=905%2C500&ssl=1&resize=525%2C300 1.5x, https:\/\/i0.wp.com\/kaizen-blog.org\/wp-content\/uploads\/2026\/01\/batch_kaizennewsday-2026-01-25T052030.935.webp?fit=905%2C500&ssl=1&resize=700%2C400 2x"},"classes":[]},{"id":27585,"url":"https:\/\/kaizen-blog.org\/en\/elf-tage-vorher-die-eskalation-vor-dem-tod\/","url_meta":{"origin":27287,"position":5},"title":"Eleven Days Earlier \u2013 The Escalation Before the Death","author":"Rainer Hofmann","date":"January 29, 2026","format":false,"excerpt":"Elf Tage vor seinem Tod lag Alex Pretti bereits einmal auf dem Asphalt von Minneapolis. Nicht tot, aber gedem\u00fctigt, umringt von maskierten Bundesbeamten, die ihn zu Boden zerrten, w\u00e4hrend um sie herum Trillerpfeifen schrillten und eine aufgeheizte Menge schrie. Die jetzt aufgetauchten Videos zeigen keinen gef\u00e4hrlichen Mann. Sie zeigen einen\u2026","rel":"","context":"In &quot;Topstory&quot;","block_context":{"text":"Topstory","link":"https:\/\/kaizen-blog.org\/en\/category\/topstory\/"},"img":{"alt_text":"","src":"https:\/\/i0.wp.com\/kaizen-blog.org\/wp-content\/uploads\/2026\/01\/kaizennewsday-2026-01-29T133556.660.webp?fit=905%2C500&ssl=1&resize=350%2C200","width":350,"height":200,"srcset":"https:\/\/i0.wp.com\/kaizen-blog.org\/wp-content\/uploads\/2026\/01\/kaizennewsday-2026-01-29T133556.660.webp?fit=905%2C500&ssl=1&resize=350%2C200 1x, https:\/\/i0.wp.com\/kaizen-blog.org\/wp-content\/uploads\/2026\/01\/kaizennewsday-2026-01-29T133556.660.webp?fit=905%2C500&ssl=1&resize=525%2C300 1.5x, https:\/\/i0.wp.com\/kaizen-blog.org\/wp-content\/uploads\/2026\/01\/kaizennewsday-2026-01-29T133556.660.webp?fit=905%2C500&ssl=1&resize=700%2C400 2x"},"classes":[]}],"_links":{"self":[{"href":"https:\/\/kaizen-blog.org\/en\/wp-json\/wp\/v2\/posts\/27287","targetHints":{"allow":["GET"]}}],"collection":[{"href":"https:\/\/kaizen-blog.org\/en\/wp-json\/wp\/v2\/posts"}],"about":[{"href":"https:\/\/kaizen-blog.org\/en\/wp-json\/wp\/v2\/types\/post"}],"author":[{"embeddable":true,"href":"https:\/\/kaizen-blog.org\/en\/wp-json\/wp\/v2\/users\/1"}],"replies":[{"embeddable":true,"href":"https:\/\/kaizen-blog.org\/en\/wp-json\/wp\/v2\/comments?post=27287"}],"version-history":[{"count":0,"href":"https:\/\/kaizen-blog.org\/en\/wp-json\/wp\/v2\/posts\/27287\/revisions"}],"wp:featuredmedia":[{"embeddable":true,"href":"https:\/\/kaizen-blog.org\/en\/wp-json\/wp\/v2\/media\/27289"}],"wp:attachment":[{"href":"https:\/\/kaizen-blog.org\/en\/wp-json\/wp\/v2\/media?parent=27287"}],"wp:term":[{"taxonomy":"category","embeddable":true,"href":"https:\/\/kaizen-blog.org\/en\/wp-json\/wp\/v2\/categories?post=27287"},{"taxonomy":"post_tag","embeddable":true,"href":"https:\/\/kaizen-blog.org\/en\/wp-json\/wp\/v2\/tags?post=27287"}],"curies":[{"name":"wp","href":"https:\/\/api.w.org\/{rel}","templated":true}]}}