{"id":27265,"date":"2026-01-26T02:48:07","date_gmt":"2026-01-26T01:48:07","guid":{"rendered":"https:\/\/kaizen-blog.org\/?p=27265"},"modified":"2026-01-26T03:08:33","modified_gmt":"2026-01-26T02:08:33","slug":"26-januar-2026-kurznachrichten","status":"publish","type":"post","link":"https:\/\/kaizen-blog.org\/en\/26-januar-2026-kurznachrichten\/","title":{"rendered":"January 26, 2026 \u2013 Short News"},"content":{"rendered":"<div style=\"height:25px\" aria-hidden=\"true\" class=\"wp-block-spacer\"><\/div>\n\n\n\n<h3 class=\"wp-block-heading\"><strong>Thousands take to the streets in New York for Alex Jeffrey Pretti!<\/strong><\/h3>\n\n\n\n<figure class=\"wp-block-video alignwide\"><video height=\"360\" style=\"aspect-ratio: 638 \/ 360;\" width=\"638\" controls src=\"https:\/\/kaizen-blog.org\/wp-content\/uploads\/2026\/01\/nycpretti.mp4\"><\/video><\/figure>\n\n\n\n<div style=\"height:20px\" aria-hidden=\"true\" class=\"wp-block-spacer\"><\/div>\n\n\n\n<p>In New York, thousands of people gathered to protest the shooting of Alex Jeffrey Pretti by federal agents. The demonstration moved through several neighborhoods and was directed squarely against the deployment of ICE and the expansion of federal force inside the country. Signs commemorated Pretti, a 37-year-old nurse from Minneapolis who was shot during an operation, despite video footage showing that he was holding a mobile phone in his hand. Many participants spoke of a turning point where fear and anger are blending together. The chants were aimed not only at individual officers, but at a policy that increasingly relies on armed presence. Speakers criticized the lack of accountability and called for an independent investigation. The mood was tense, but unified. Again and again, it was emphasized that this was not about isolated incidents, but about a system that is escalating. New York thus joins a growing list of cities where people are publicly pushing back. The death of Alex Jeffrey Pretti resonates far beyond Minneapolis.<\/p>\n\n\n\n<div style=\"height:20px\" aria-hidden=\"true\" class=\"wp-block-spacer\"><\/div>\n\n\n\n<h3 class=\"wp-block-heading\"><strong>Voices from the NBA \u2013 Silence is no longer an option<\/strong><\/h3>\n\n\n\n<figure class=\"wp-block-image alignwide size-full\"><img data-recalc-dims=\"1\" loading=\"lazy\" decoding=\"async\" width=\"640\" height=\"656\" src=\"https:\/\/i0.wp.com\/kaizen-blog.org\/wp-content\/uploads\/2026\/01\/%C2%A9-kaizen-blog.org-9.webp?resize=640%2C656&#038;ssl=1\" alt=\"\" class=\"wp-image-27277\" srcset=\"https:\/\/i0.wp.com\/kaizen-blog.org\/wp-content\/uploads\/2026\/01\/%C2%A9-kaizen-blog.org-9.webp?w=905&amp;ssl=1 905w, https:\/\/i0.wp.com\/kaizen-blog.org\/wp-content\/uploads\/2026\/01\/%C2%A9-kaizen-blog.org-9.webp?resize=12%2C12&amp;ssl=1 12w, https:\/\/i0.wp.com\/kaizen-blog.org\/wp-content\/uploads\/2026\/01\/%C2%A9-kaizen-blog.org-9.webp?resize=293%2C300&amp;ssl=1 293w, https:\/\/i0.wp.com\/kaizen-blog.org\/wp-content\/uploads\/2026\/01\/%C2%A9-kaizen-blog.org-9.webp?resize=768%2C788&amp;ssl=1 768w\" sizes=\"auto, (max-width: 640px) 100vw, 640px\" \/><\/figure>\n\n\n\n<div style=\"height:20px\" aria-hidden=\"true\" class=\"wp-block-spacer\"><\/div>\n\n\n\n<p>After another fatal shooting in Minneapolis, the players union of North American professional basketball players declared that silence is no longer an option. The city has for years stood at the center of the fight against injustice, and it is precisely there that another person has been killed. The players make clear that the right to free expression must be defended, especially now, and that solidarity is needed with the people in Minnesota who are protesting and taking real risks to demand justice. The community of NBA players, the statement says, is shaped by people from all over the world, much like the United States itself. This diversity is a strength, not a flaw. They will not allow targeted division to undermine civil liberties that are meant to protect everyone, regardless of origin or status.<\/p>\n\n\n\n<p>In the statement, the players union expressed deep sympathy for the families of Alex Pretti and Renee Good. At the same time, it emphasized that the focus cannot rest solely on mourning. What matters is the safety and well-being of all members of the community, especially at a time when state violence is becoming ever more visible. That professional athletes are speaking out in unison is no minor gesture. It is a clear line being drawn. When even sports no longer remain silent, it shows how deeply this violence has already penetrated the public sphere.<\/p>\n\n\n\n<div style=\"height:25px\" aria-hidden=\"true\" class=\"wp-block-spacer\"><\/div>\n\n\n\n<h3 class=\"wp-block-heading\"><strong>Bovino declares criticism to be complicity<\/strong><\/h3>\n\n\n\n<figure class=\"wp-block-image alignwide size-full\"><img data-recalc-dims=\"1\" loading=\"lazy\" decoding=\"async\" width=\"640\" height=\"354\" src=\"https:\/\/i0.wp.com\/kaizen-blog.org\/wp-content\/uploads\/2026\/01\/kaizennewsday-2026-01-25T224820.394.webp?resize=640%2C354&#038;ssl=1\" alt=\"\" class=\"wp-image-27270\" srcset=\"https:\/\/i0.wp.com\/kaizen-blog.org\/wp-content\/uploads\/2026\/01\/kaizennewsday-2026-01-25T224820.394.webp?w=905&amp;ssl=1 905w, https:\/\/i0.wp.com\/kaizen-blog.org\/wp-content\/uploads\/2026\/01\/kaizennewsday-2026-01-25T224820.394.webp?resize=18%2C10&amp;ssl=1 18w, https:\/\/i0.wp.com\/kaizen-blog.org\/wp-content\/uploads\/2026\/01\/kaizennewsday-2026-01-25T224820.394.webp?resize=300%2C166&amp;ssl=1 300w, https:\/\/i0.wp.com\/kaizen-blog.org\/wp-content\/uploads\/2026\/01\/kaizennewsday-2026-01-25T224820.394.webp?resize=768%2C424&amp;ssl=1 768w\" sizes=\"auto, (max-width: 640px) 100vw, 640px\" \/><\/figure>\n\n\n\n<div style=\"height:20px\" aria-hidden=\"true\" class=\"wp-block-spacer\"><\/div>\n\n\n\n<p>Gregory Bovino said it himself. The highly controversial head of the regional border protection agency claimed that Alex Jeffrey Pretti died because he believed politicians and journalists who criticized ICE after the killing of Renee Good. Not the operation, not the decisions of armed officers, but public criticism is said to have caused the death according to this logic. <\/p>\n\n\n\n<figure class=\"wp-block-video\"><video height=\"360\" style=\"aspect-ratio: 514 \/ 360;\" width=\"514\" controls src=\"https:\/\/kaizen-blog.org\/wp-content\/uploads\/2026\/01\/nzbovino22.mp4\"><\/video><\/figure>\n\n\n\n<div style=\"height:20px\" aria-hidden=\"true\" class=\"wp-block-spacer\"><\/div>\n\n\n\n<p>Bovino addressed his words explicitly to the media and warned of consequences if ICE continued to be attacked. Reporting is thus framed as a danger and state violence rhetorically shielded, while criticism is criminalized. In this argument, the problem is no longer the weapon, but the word. This exact inversion led in Germany to power shielding itself from the public. Those who name it are accused of escalating. Those who remain silent are deemed loyal. This is not a coincidence, but another step toward fascism.<\/p>\n\n\n\n<div style=\"height:25px\" aria-hidden=\"true\" class=\"wp-block-spacer\"><\/div>\n\n\n\n<h3 class=\"wp-block-heading\"><strong>Thousands gather in front of the Capitol in Boise, Idaho<\/strong>, Idaho<\/h3>\n\n\n\n<figure class=\"wp-block-video alignwide\"><video height=\"480\" style=\"aspect-ratio: 640 \/ 480;\" width=\"640\" controls src=\"https:\/\/kaizen-blog.org\/wp-content\/uploads\/2026\/01\/orlando190-23.mp4\"><\/video><\/figure>\n\n\n\n<div style=\"height:20px\" aria-hidden=\"true\" class=\"wp-block-spacer\"><\/div>\n\n\n\n<p>In front of the Capitol in Boise, thousands of people gathered on January 25 to express their solidarity with the people of Minnesota. The rally was directed against the deadly operations of ICE and border protection agencies and demanded justice for Alex Pretti, Renee Good, and all other victims of state violence. Banners, chants, and a dense crowd defined the scene in front of the government building. Many participants see the protests as a necessary response to an escalation that has long extended beyond individual cities. The call for accountability links Boise with Minneapolis and other locations. The gathering sees itself not as a local event, but as part of a nationwide resistance. It is about remembrance, dissent, and the refusal to pretend normality. On this day, Boise stands not on the margins, but at the center of events.<\/p>\n\n\n\n<div style=\"height:20px\" aria-hidden=\"true\" class=\"wp-block-spacer\"><\/div>\n\n\n\n<h3 class=\"wp-block-heading\"><strong>Republican senator draws a clear line<\/strong><\/h3>\n\n\n\n<figure class=\"wp-block-image alignwide size-full\"><img data-recalc-dims=\"1\" loading=\"lazy\" decoding=\"async\" width=\"640\" height=\"354\" src=\"https:\/\/i0.wp.com\/kaizen-blog.org\/wp-content\/uploads\/2026\/01\/kaizennewsday-2026-01-26T015359.568.webp?resize=640%2C354&#038;ssl=1\" alt=\"\" class=\"wp-image-27278\" srcset=\"https:\/\/i0.wp.com\/kaizen-blog.org\/wp-content\/uploads\/2026\/01\/kaizennewsday-2026-01-26T015359.568.webp?w=905&amp;ssl=1 905w, https:\/\/i0.wp.com\/kaizen-blog.org\/wp-content\/uploads\/2026\/01\/kaizennewsday-2026-01-26T015359.568.webp?resize=18%2C10&amp;ssl=1 18w, https:\/\/i0.wp.com\/kaizen-blog.org\/wp-content\/uploads\/2026\/01\/kaizennewsday-2026-01-26T015359.568.webp?resize=300%2C166&amp;ssl=1 300w, https:\/\/i0.wp.com\/kaizen-blog.org\/wp-content\/uploads\/2026\/01\/kaizennewsday-2026-01-26T015359.568.webp?resize=768%2C424&amp;ssl=1 768w\" sizes=\"auto, (max-width: 640px) 100vw, 640px\" \/><\/figure>\n\n\n\n<div style=\"height:20px\" aria-hidden=\"true\" class=\"wp-block-spacer\"><\/div>\n\n\n\n<p>Republican Senator Lisa Murkowski spoke out clearly following the killing of Alex Pretti in Minneapolis. She described the situation as chaos and a tragedy and made clear that the death of a US citizen at the hands of ICE cannot simply be accepted. Murkowski raised questions about officer training and the directives under which they operate. She emphasized that the lawful carrying of a firearm is not a justification for deadly force, especially when footage suggests that the victim had already been disarmed. Her demand was unambiguous: a comprehensive, independent investigation. In addition, Congress must fulfill its oversight responsibilities and hold hearings. ICE agents, Murkowski said, do not have a free pass. Her words mark a rare but clear boundary within her own party.<\/p>\n\n\n\n<div style=\"height:25px\" aria-hidden=\"true\" class=\"wp-block-spacer\"><\/div>\n\n\n\n<h3 class=\"wp-block-heading\"><strong>Thousands take to the streets in Salt Lake City<\/strong><\/h3>\n\n\n\n<figure class=\"wp-block-video alignwide\"><video height=\"360\" style=\"aspect-ratio: 640 \/ 360;\" width=\"640\" controls src=\"https:\/\/kaizen-blog.org\/wp-content\/uploads\/2026\/01\/saltlakeice.mp4\"><\/video><\/figure>\n\n\n\n<div style=\"height:20px\" aria-hidden=\"true\" class=\"wp-block-spacer\"><\/div>\n\n\n\n<p>In Salt Lake City, thousands filled the streets, driven by anger over ICE operations in Minnesota and across the country. The demonstration connects places that are geographically far apart but politically closely aligned. Signs commemorated Alex Pretti and Renee Good, names that are now understood across cities. The crowd moved together, loud and determined. This is not about a single operation, but about an approach perceived as ongoing. Many spoke of fear, others of defiance. The demand for justice stood at the center. The presence shows that Minnesota is not an isolated stage. What happened there echoes all the way to the West. For hours, Salt Lake City becomes part of a nationwide response. Silence is no longer an option. The street takes the floor.<\/p>\n\n\n\n<div style=\"height:25px\" aria-hidden=\"true\" class=\"wp-block-spacer\"><\/div>\n\n\n\n<h3 class=\"wp-block-heading\"><strong>Walz speaks of organized brutality<\/strong><\/h3>\n\n\n\n<figure class=\"wp-block-video alignwide\"><video height=\"360\" style=\"aspect-ratio: 640 \/ 360;\" width=\"640\" controls src=\"https:\/\/kaizen-blog.org\/wp-content\/uploads\/2026\/01\/waltzminne.mp4\"><\/video><\/figure>\n\n\n\n<div style=\"height:20px\" aria-hidden=\"true\" class=\"wp-block-spacer\"><\/div>\n\n\n\n<p>Minnesota Governor Tim Walz found clear words after the deadly escalation. He spoke of a campaign of organized brutality against the people of his state. Not of an accident, not of a misunderstanding, but of a systematic approach. On that day, this campaign claimed another life. Walz said he had seen the footage from multiple angles. What is visible there, he described as appalling. His statement is directed not only at individual officers, but at a practice that has become entrenched. According to his account, the videos leave no room for whitewashing. It is about violence that has become visible. About decisions that can no longer be justified. Walz thus openly contradicts the official narrative of federal authorities. He does not object quietly, but publicly. His words mark a rupture. And they make clear that this death is not meant to remain without political consequences.<\/p>\n\n\n\n<div style=\"height:20px\" aria-hidden=\"true\" class=\"wp-block-spacer\"><\/div>\n\n\n\n<h3 class=\"wp-block-heading\"><strong>Moment of silence in St. Paul<\/strong><\/h3>\n\n\n\n<figure class=\"wp-block-video alignwide\"><video height=\"568\" style=\"aspect-ratio: 320 \/ 568;\" width=\"320\" controls src=\"https:\/\/kaizen-blog.org\/wp-content\/uploads\/2026\/01\/stpaulmem.mp4\"><\/video><\/figure>\n\n\n\n<p>Before the game between the Sirens and the Frost in St. Paul, a moment of silence was held for Alex Pretti. The arena stood still before the first puck dropped. No commentary, no interpretation, just a moment of pause. The name Pretti was the reason, not a symbol. Many spectators remained standing, others lowered their gaze. It was not a political act, but a response to a death that resonates beyond Minneapolis. For this moment, sports receded into the background. The moment of silence made visible how deeply the events have reached the public. The game then continued. The name remained.<\/p>\n\n\n\n<div style=\"height:20px\" aria-hidden=\"true\" class=\"wp-block-spacer\"><\/div>\n\n\n\n<h3 class=\"wp-block-heading\">Marjorie Taylor Greene<\/h3>\n\n\n\n<figure class=\"wp-block-image alignwide size-full\"><img data-recalc-dims=\"1\" loading=\"lazy\" decoding=\"async\" width=\"640\" height=\"354\" src=\"https:\/\/i0.wp.com\/kaizen-blog.org\/wp-content\/uploads\/2026\/01\/kaizennewsday-2026-01-26T020021.134.webp?resize=640%2C354&#038;ssl=1\" alt=\"\" class=\"wp-image-27279\" srcset=\"https:\/\/i0.wp.com\/kaizen-blog.org\/wp-content\/uploads\/2026\/01\/kaizennewsday-2026-01-26T020021.134.webp?w=905&amp;ssl=1 905w, https:\/\/i0.wp.com\/kaizen-blog.org\/wp-content\/uploads\/2026\/01\/kaizennewsday-2026-01-26T020021.134.webp?resize=18%2C10&amp;ssl=1 18w, https:\/\/i0.wp.com\/kaizen-blog.org\/wp-content\/uploads\/2026\/01\/kaizennewsday-2026-01-26T020021.134.webp?resize=300%2C166&amp;ssl=1 300w, https:\/\/i0.wp.com\/kaizen-blog.org\/wp-content\/uploads\/2026\/01\/kaizennewsday-2026-01-26T020021.134.webp?resize=768%2C424&amp;ssl=1 768w\" sizes=\"auto, (max-width: 640px) 100vw, 640px\" \/><\/figure>\n\n\n\n<div style=\"height:20px\" aria-hidden=\"true\" class=\"wp-block-spacer\"><\/div>\n\n\n\n<p>\u201cThere is nothing wrong with legally and peacefully protesting and filming while doing so. Imagine one of our MAGA independent journalists or even just a MAGA supporter standing on the street in front of the home of a so-called J6 defendant while Biden\u2019s FBI is conducting a police operation, a house search, and an arrest there.<\/p>\n\n\n\n<p>Then Biden\u2019s FBI goes up to the MAGA guy who is filming everything, shoves a woman standing next to him to the ground and sprays both of them with bear spray, then throws the MAGA guy to the ground as he tries to help the woman up. Then Biden\u2019s FBI beats the MAGA guy on the ground, disarms him, and finally shoots him dead. What would our reaction have been?\u201d<\/p>\n\n\n\n<div style=\"height:20px\" aria-hidden=\"true\" class=\"wp-block-spacer\"><\/div>\n\n\n\n<h3 class=\"wp-block-heading\">Phil Scott, Republican Governor of Vermont: \u201cEnough. It is unacceptable ...\u201d<\/h3>\n\n\n\n<figure class=\"wp-block-image alignwide size-full\"><img data-recalc-dims=\"1\" loading=\"lazy\" decoding=\"async\" width=\"640\" height=\"354\" src=\"https:\/\/i0.wp.com\/kaizen-blog.org\/wp-content\/uploads\/2026\/01\/kaizennewsday-2026-01-26T020821.325.webp?resize=640%2C354&#038;ssl=1\" alt=\"\" class=\"wp-image-27280\" srcset=\"https:\/\/i0.wp.com\/kaizen-blog.org\/wp-content\/uploads\/2026\/01\/kaizennewsday-2026-01-26T020821.325.webp?w=905&amp;ssl=1 905w, https:\/\/i0.wp.com\/kaizen-blog.org\/wp-content\/uploads\/2026\/01\/kaizennewsday-2026-01-26T020821.325.webp?resize=18%2C10&amp;ssl=1 18w, https:\/\/i0.wp.com\/kaizen-blog.org\/wp-content\/uploads\/2026\/01\/kaizennewsday-2026-01-26T020821.325.webp?resize=300%2C166&amp;ssl=1 300w, https:\/\/i0.wp.com\/kaizen-blog.org\/wp-content\/uploads\/2026\/01\/kaizennewsday-2026-01-26T020821.325.webp?resize=768%2C424&amp;ssl=1 768w\" sizes=\"auto, (max-width: 640px) 100vw, 640px\" \/><\/figure>\n\n\n\n<div style=\"height:20px\" aria-hidden=\"true\" class=\"wp-block-spacer\"><\/div>\n\n\n\n<p>\u201cEnough. It is unacceptable that American citizens are being killed by federal agents for exercising their God-given and constitutional rights to protest against their government. At best, these federal immigration operations represent a complete failure in coordinating appropriate public safety measures, policing, training, and leadership.<\/p>\n\n\n\n<p>At worst, they amount to targeted federal intimidation and incitement of American citizens that leads to the killing of Americans. Once again: enough. The president should suspend these operations, de-escalate the situation, and refocus the federal government on actually criminal undocumented individuals. If the president fails to act, Congress and the courts must step in to restore constitutionality.\u201d<\/p>\n\n\n\n<div style=\"height:20px\" aria-hidden=\"true\" class=\"wp-block-spacer\"><\/div>\n\n\n\n<h3 class=\"wp-block-heading\"><strong>Stitt asks the question no one wants to answer<\/strong><\/h3>\n\n\n\n<figure class=\"wp-block-video alignwide\"><video height=\"360\" style=\"aspect-ratio: 640 \/ 360;\" width=\"640\" controls src=\"https:\/\/kaizen-blog.org\/wp-content\/uploads\/2026\/01\/stilmytru.mp4\"><\/video><\/figure>\n\n\n\n<div style=\"height:20px\" aria-hidden=\"true\" class=\"wp-block-spacer\"><\/div>\n\n\n\n<p>The Republican Governor of Oklahoma speaks out, without evasions, without whitewashing. Kevin Stitt openly says that many Americans do not like what they are currently seeing in Minnesota. He speaks of bad advice reaching the president and asks a question that has so far been deliberately left unanswered: what is the actual goal of these operations, where is this supposed to lead. Stitt makes clear that, in his view, it cannot be about driving every single person without a US passport out of the country. In doing so, he suggests that political rhetoric and real-world practice are drifting dangerously apart. The images from Minnesota resonate far beyond the state, including in Republican-led regions. Stitt gives voice to a discomfort that no longer exists only on the streets. <\/p>\n\n\n\n<div style=\"height:20px\" aria-hidden=\"true\" class=\"wp-block-spacer\"><\/div>\n\n\n\n<h3 class=\"wp-block-heading\"><strong>\u201cWe did not shoot anyone\u201d<\/strong><\/h3>\n\n\n\n<figure class=\"wp-block-video alignwide\"><video height=\"360\" style=\"aspect-ratio: 640 \/ 360;\" width=\"640\" controls src=\"https:\/\/kaizen-blog.org\/wp-content\/uploads\/2026\/01\/policechiefmi.mp4\"><\/video><\/figure>\n\n\n\n<p>\u201cPeople have had enough. This is the third shooting in less than three weeks. We have been out all year, removed about 900 firearms from the streets, arrested hundreds of violent offenders - and we did not shoot anyone.\u201d<\/p>\n\n\n\n<p>Brian O\u2019Hara draws a verifiable comparison. Over the past year, the Minneapolis Police Department carried out hundreds of violent arrests, seized nearly a thousand firearms, and operated under highly escalated conditions. Despite this strain, there was no fatal discharge of a firearm by the city police. O\u2019Hara\u2019s statement stands as a factual observation - and makes clear that alternatives to lethal force exist.<\/p>\n\n\n\n<div style=\"height:20px\" aria-hidden=\"true\" class=\"wp-block-spacer\"><\/div>\n\n\n\n<div style=\"  background:#ffffff;  border:2px solid #1E4F9A;  border-radius:10px;  padding:12px 14px;  margin:22px 0;  font:400 14px\/1.55 -apple-system,BlinkMacSystemFont,'Segoe UI',Roboto,Arial;  color:#000000;\">\n\n  <div style=\"font-size:0.95rem; font-weight:700; margin-bottom:10px;\">\n    Dear readers,\n  <\/div>\n\n  <div style=\"margin-bottom:10px;\">\n    We do not report from a distance, but on the ground. Where decisions impact people and history is made. We document what would otherwise disappear and give those affected a voice.\n  <\/div>\n\n  <div style=\"margin-bottom:10px;\">\n    Our work does not end with writing. We provide direct assistance and actively work to uphold human rights and international law \u2013 against abuse of power and right-wing populist politics.\n  <\/div>\n\n  <div>\n    <strong>Your support makes this work possible.<\/strong>\n  <\/div>\n\n  <div style=\"height:14px;\"><\/div>\n\n  <a href=\"https:\/\/kaizen-blog.org\/en\/unterstuetzen-sie-unser-arbeit\/\"\n     style=\"       display:inline-block;       padding:7px 14px;       background:#1E4F9A;       color:#ffffff;       font-weight:700;       border-radius:9999px;       text-decoration:none;       font-size:.82rem;       box-shadow:0 4px 12px rgba(30,79,154,.35);     \">\n     Support Kaizen\n  <\/a>\n\n<\/div>\n\n\n\n\n<div style=\"height:100px\" aria-hidden=\"true\" class=\"wp-block-spacer\"><\/div>\n<div class=\"gsp_post_data\" \r\n\t            data-post_type=\"post\" \r\n\t            data-cat=\"ticker\" \r\n\t            data-modified=\"120\"\r\n\t            data-created=\"1769395687\"\r\n\t            data-title=\"26. Januar 2026 \u2013 Kurznachrichten\" \r\n\t            data-home=\"https:\/\/kaizen-blog.org\/en\/\"><\/div>","protected":false},"excerpt":{"rendered":"<p>Tausende gehen in New York f\u00fcr Alex Jeffrey Pretti auf die Stra\u00dfe! In New York haben sich Tausende Menschen versammelt, um gegen die Erschie\u00dfung von Alex Jeffrey Pretti durch Bundesbeamte zu protestieren. Die Demonstration zog durch mehrere Stadtteile und richtete sich direkt gegen den Einsatz von ICE und die Ausweitung f\u00f6deraler Gewalt im Inneren. Plakate [&hellip;]<\/p>\n","protected":false},"author":4,"featured_media":27266,"comment_status":"open","ping_status":"open","sticky":false,"template":"","format":"standard","meta":{"_jetpack_memberships_contains_paid_content":false,"footnotes":"","jetpack_publicize_message":"","jetpack_publicize_feature_enabled":true,"jetpack_social_post_already_shared":true,"jetpack_social_options":{"image_generator_settings":{"template":"highway","default_image_id":0,"font":"","enabled":false},"version":2}},"categories":[84],"tags":[],"class_list":["post-27265","post","type-post","status-publish","format-standard","has-post-thumbnail","hentry","category-ticker"],"featured_image_src":"https:\/\/i0.wp.com\/kaizen-blog.org\/wp-content\/uploads\/2026\/01\/kaizenlive-2026-01-25T215605.888.webp?fit=905%2C500&ssl=1","author_info":{"display_name":"TEAM KAIZEN BLOG","author_link":"https:\/\/kaizen-blog.org\/en\/author\/team-kaizen-2\/"},"yoast_head":"<!-- This site is optimized with the Yoast SEO plugin v27.5 - https:\/\/yoast.com\/product\/yoast-seo-wordpress\/ -->\n<title>26. Januar 2026 \u2013 Kurznachrichten - The Kaizen Blog<\/title>\n<meta name=\"robots\" content=\"index, follow, max-snippet:-1, max-image-preview:large, max-video-preview:-1\" \/>\n<link rel=\"canonical\" href=\"https:\/\/kaizen-blog.org\/en\/26-januar-2026-kurznachrichten\/\" \/>\n<meta property=\"og:locale\" content=\"en_US\" \/>\n<meta property=\"og:type\" content=\"article\" \/>\n<meta property=\"og:title\" content=\"26. Januar 2026 \u2013 Kurznachrichten - The Kaizen Blog\" \/>\n<meta property=\"og:description\" content=\"Tausende gehen in New York f\u00fcr Alex Jeffrey Pretti auf die Stra\u00dfe! In New York haben sich Tausende Menschen versammelt, um gegen die Erschie\u00dfung von Alex Jeffrey Pretti durch Bundesbeamte zu protestieren. Die Demonstration zog durch mehrere Stadtteile und richtete sich direkt gegen den Einsatz von ICE und die Ausweitung f\u00f6deraler Gewalt im Inneren. Plakate [&hellip;]\" \/>\n<meta property=\"og:url\" content=\"https:\/\/kaizen-blog.org\/en\/26-januar-2026-kurznachrichten\/\" \/>\n<meta property=\"og:site_name\" content=\"The Kaizen Blog\" \/>\n<meta property=\"article:publisher\" content=\"https:\/\/www.facebook.com\/rainer.hofmann.2025\/\" \/>\n<meta property=\"article:published_time\" content=\"2026-01-26T01:48:07+00:00\" \/>\n<meta property=\"article:modified_time\" content=\"2026-01-26T02:08:33+00:00\" \/>\n<meta property=\"og:image\" content=\"https:\/\/kaizen-blog.org\/wp-content\/uploads\/2026\/01\/kaizenlive-2026-01-25T215605.888.webp\" \/>\n\t<meta property=\"og:image:width\" content=\"905\" \/>\n\t<meta property=\"og:image:height\" content=\"500\" \/>\n\t<meta property=\"og:image:type\" content=\"image\/webp\" \/>\n<meta name=\"author\" content=\"TEAM KAIZEN BLOG\" \/>\n<meta name=\"twitter:card\" content=\"summary_large_image\" \/>\n<meta name=\"twitter:label1\" content=\"Written by\" \/>\n\t<meta name=\"twitter:data1\" content=\"TEAM KAIZEN BLOG\" \/>\n\t<meta name=\"twitter:label2\" content=\"Est. reading time\" \/>\n\t<meta name=\"twitter:data2\" content=\"11 minutes\" \/>\n<script type=\"application\/ld+json\" class=\"yoast-schema-graph\">{\"@context\":\"https:\\\/\\\/schema.org\",\"@graph\":[{\"@type\":\"Article\",\"@id\":\"https:\\\/\\\/kaizen-blog.org\\\/26-januar-2026-kurznachrichten\\\/#article\",\"isPartOf\":{\"@id\":\"https:\\\/\\\/kaizen-blog.org\\\/26-januar-2026-kurznachrichten\\\/\"},\"author\":{\"name\":\"TEAM KAIZEN BLOG\",\"@id\":\"https:\\\/\\\/kaizen-blog.org\\\/#\\\/schema\\\/person\\\/2350bb6dc34529fb49a12895a8a76096\"},\"headline\":\"26. Januar 2026 \u2013 Kurznachrichten\",\"datePublished\":\"2026-01-26T01:48:07+00:00\",\"dateModified\":\"2026-01-26T02:08:33+00:00\",\"mainEntityOfPage\":{\"@id\":\"https:\\\/\\\/kaizen-blog.org\\\/26-januar-2026-kurznachrichten\\\/\"},\"wordCount\":1849,\"commentCount\":10,\"image\":{\"@id\":\"https:\\\/\\\/kaizen-blog.org\\\/26-januar-2026-kurznachrichten\\\/#primaryimage\"},\"thumbnailUrl\":\"https:\\\/\\\/i0.wp.com\\\/kaizen-blog.org\\\/wp-content\\\/uploads\\\/2026\\\/01\\\/kaizenlive-2026-01-25T215605.888.webp?fit=905%2C500&ssl=1\",\"articleSection\":[\"+++ Kaizen News Ticker +++\"],\"inLanguage\":\"en-US\",\"potentialAction\":[{\"@type\":\"CommentAction\",\"name\":\"Comment\",\"target\":[\"https:\\\/\\\/kaizen-blog.org\\\/26-januar-2026-kurznachrichten\\\/#respond\"]}]},{\"@type\":\"WebPage\",\"@id\":\"https:\\\/\\\/kaizen-blog.org\\\/26-januar-2026-kurznachrichten\\\/\",\"url\":\"https:\\\/\\\/kaizen-blog.org\\\/26-januar-2026-kurznachrichten\\\/\",\"name\":\"26. Januar 2026 \u2013 Kurznachrichten - The Kaizen Blog\",\"isPartOf\":{\"@id\":\"https:\\\/\\\/kaizen-blog.org\\\/#website\"},\"primaryImageOfPage\":{\"@id\":\"https:\\\/\\\/kaizen-blog.org\\\/26-januar-2026-kurznachrichten\\\/#primaryimage\"},\"image\":{\"@id\":\"https:\\\/\\\/kaizen-blog.org\\\/26-januar-2026-kurznachrichten\\\/#primaryimage\"},\"thumbnailUrl\":\"https:\\\/\\\/i0.wp.com\\\/kaizen-blog.org\\\/wp-content\\\/uploads\\\/2026\\\/01\\\/kaizenlive-2026-01-25T215605.888.webp?fit=905%2C500&ssl=1\",\"datePublished\":\"2026-01-26T01:48:07+00:00\",\"dateModified\":\"2026-01-26T02:08:33+00:00\",\"author\":{\"@id\":\"https:\\\/\\\/kaizen-blog.org\\\/#\\\/schema\\\/person\\\/2350bb6dc34529fb49a12895a8a76096\"},\"breadcrumb\":{\"@id\":\"https:\\\/\\\/kaizen-blog.org\\\/26-januar-2026-kurznachrichten\\\/#breadcrumb\"},\"inLanguage\":\"en-US\",\"potentialAction\":[{\"@type\":\"ReadAction\",\"target\":[\"https:\\\/\\\/kaizen-blog.org\\\/26-januar-2026-kurznachrichten\\\/\"]}]},{\"@type\":\"ImageObject\",\"inLanguage\":\"en-US\",\"@id\":\"https:\\\/\\\/kaizen-blog.org\\\/26-januar-2026-kurznachrichten\\\/#primaryimage\",\"url\":\"https:\\\/\\\/i0.wp.com\\\/kaizen-blog.org\\\/wp-content\\\/uploads\\\/2026\\\/01\\\/kaizenlive-2026-01-25T215605.888.webp?fit=905%2C500&ssl=1\",\"contentUrl\":\"https:\\\/\\\/i0.wp.com\\\/kaizen-blog.org\\\/wp-content\\\/uploads\\\/2026\\\/01\\\/kaizenlive-2026-01-25T215605.888.webp?fit=905%2C500&ssl=1\",\"width\":905,\"height\":500},{\"@type\":\"BreadcrumbList\",\"@id\":\"https:\\\/\\\/kaizen-blog.org\\\/26-januar-2026-kurznachrichten\\\/#breadcrumb\",\"itemListElement\":[{\"@type\":\"ListItem\",\"position\":1,\"name\":\"Startseite\",\"item\":\"https:\\\/\\\/kaizen-blog.org\\\/\"},{\"@type\":\"ListItem\",\"position\":2,\"name\":\"26. Januar 2026 \u2013 Kurznachrichten\"}]},{\"@type\":\"WebSite\",\"@id\":\"https:\\\/\\\/kaizen-blog.org\\\/#website\",\"url\":\"https:\\\/\\\/kaizen-blog.org\\\/\",\"name\":\"The Kaizen Blog\",\"description\":\"Investigativer Journalismus\",\"potentialAction\":[{\"@type\":\"SearchAction\",\"target\":{\"@type\":\"EntryPoint\",\"urlTemplate\":\"https:\\\/\\\/kaizen-blog.org\\\/?s={search_term_string}\"},\"query-input\":{\"@type\":\"PropertyValueSpecification\",\"valueRequired\":true,\"valueName\":\"search_term_string\"}}],\"inLanguage\":\"en-US\"},{\"@type\":\"Person\",\"@id\":\"https:\\\/\\\/kaizen-blog.org\\\/#\\\/schema\\\/person\\\/2350bb6dc34529fb49a12895a8a76096\",\"name\":\"TEAM KAIZEN BLOG\",\"image\":{\"@type\":\"ImageObject\",\"inLanguage\":\"en-US\",\"@id\":\"https:\\\/\\\/kaizen-blog.org\\\/wp-content\\\/uploads\\\/avatars\\\/4\\\/1762994133-bpfull.jpg\",\"url\":\"https:\\\/\\\/kaizen-blog.org\\\/wp-content\\\/uploads\\\/avatars\\\/4\\\/1762994133-bpfull.jpg\",\"contentUrl\":\"https:\\\/\\\/kaizen-blog.org\\\/wp-content\\\/uploads\\\/avatars\\\/4\\\/1762994133-bpfull.jpg\",\"caption\":\"TEAM KAIZEN BLOG\"},\"url\":\"https:\\\/\\\/kaizen-blog.org\\\/en\\\/author\\\/team-kaizen-2\\\/\"}]}<\/script>\n<!-- \/ Yoast SEO plugin. -->","yoast_head_json":{"title":"26. Januar 2026 \u2013 Kurznachrichten - The Kaizen Blog","robots":{"index":"index","follow":"follow","max-snippet":"max-snippet:-1","max-image-preview":"max-image-preview:large","max-video-preview":"max-video-preview:-1"},"canonical":"https:\/\/kaizen-blog.org\/en\/26-januar-2026-kurznachrichten\/","og_locale":"en_US","og_type":"article","og_title":"26. Januar 2026 \u2013 Kurznachrichten - The Kaizen Blog","og_description":"Tausende gehen in New York f\u00fcr Alex Jeffrey Pretti auf die Stra\u00dfe! In New York haben sich Tausende Menschen versammelt, um gegen die Erschie\u00dfung von Alex Jeffrey Pretti durch Bundesbeamte zu protestieren. Die Demonstration zog durch mehrere Stadtteile und richtete sich direkt gegen den Einsatz von ICE und die Ausweitung f\u00f6deraler Gewalt im Inneren. Plakate [&hellip;]","og_url":"https:\/\/kaizen-blog.org\/en\/26-januar-2026-kurznachrichten\/","og_site_name":"The Kaizen Blog","article_publisher":"https:\/\/www.facebook.com\/rainer.hofmann.2025\/","article_published_time":"2026-01-26T01:48:07+00:00","article_modified_time":"2026-01-26T02:08:33+00:00","og_image":[{"width":905,"height":500,"url":"https:\/\/kaizen-blog.org\/wp-content\/uploads\/2026\/01\/kaizenlive-2026-01-25T215605.888.webp","type":"image\/webp"}],"author":"TEAM KAIZEN BLOG","twitter_card":"summary_large_image","twitter_misc":{"Written by":"TEAM KAIZEN BLOG","Est. reading time":"11 minutes"},"schema":{"@context":"https:\/\/schema.org","@graph":[{"@type":"Article","@id":"https:\/\/kaizen-blog.org\/26-januar-2026-kurznachrichten\/#article","isPartOf":{"@id":"https:\/\/kaizen-blog.org\/26-januar-2026-kurznachrichten\/"},"author":{"name":"TEAM KAIZEN BLOG","@id":"https:\/\/kaizen-blog.org\/#\/schema\/person\/2350bb6dc34529fb49a12895a8a76096"},"headline":"26. Januar 2026 \u2013 Kurznachrichten","datePublished":"2026-01-26T01:48:07+00:00","dateModified":"2026-01-26T02:08:33+00:00","mainEntityOfPage":{"@id":"https:\/\/kaizen-blog.org\/26-januar-2026-kurznachrichten\/"},"wordCount":1849,"commentCount":10,"image":{"@id":"https:\/\/kaizen-blog.org\/26-januar-2026-kurznachrichten\/#primaryimage"},"thumbnailUrl":"https:\/\/i0.wp.com\/kaizen-blog.org\/wp-content\/uploads\/2026\/01\/kaizenlive-2026-01-25T215605.888.webp?fit=905%2C500&ssl=1","articleSection":["+++ Kaizen News Ticker +++"],"inLanguage":"en-US","potentialAction":[{"@type":"CommentAction","name":"Comment","target":["https:\/\/kaizen-blog.org\/26-januar-2026-kurznachrichten\/#respond"]}]},{"@type":"WebPage","@id":"https:\/\/kaizen-blog.org\/26-januar-2026-kurznachrichten\/","url":"https:\/\/kaizen-blog.org\/26-januar-2026-kurznachrichten\/","name":"26. Januar 2026 \u2013 Kurznachrichten - The Kaizen Blog","isPartOf":{"@id":"https:\/\/kaizen-blog.org\/#website"},"primaryImageOfPage":{"@id":"https:\/\/kaizen-blog.org\/26-januar-2026-kurznachrichten\/#primaryimage"},"image":{"@id":"https:\/\/kaizen-blog.org\/26-januar-2026-kurznachrichten\/#primaryimage"},"thumbnailUrl":"https:\/\/i0.wp.com\/kaizen-blog.org\/wp-content\/uploads\/2026\/01\/kaizenlive-2026-01-25T215605.888.webp?fit=905%2C500&ssl=1","datePublished":"2026-01-26T01:48:07+00:00","dateModified":"2026-01-26T02:08:33+00:00","author":{"@id":"https:\/\/kaizen-blog.org\/#\/schema\/person\/2350bb6dc34529fb49a12895a8a76096"},"breadcrumb":{"@id":"https:\/\/kaizen-blog.org\/26-januar-2026-kurznachrichten\/#breadcrumb"},"inLanguage":"en-US","potentialAction":[{"@type":"ReadAction","target":["https:\/\/kaizen-blog.org\/26-januar-2026-kurznachrichten\/"]}]},{"@type":"ImageObject","inLanguage":"en-US","@id":"https:\/\/kaizen-blog.org\/26-januar-2026-kurznachrichten\/#primaryimage","url":"https:\/\/i0.wp.com\/kaizen-blog.org\/wp-content\/uploads\/2026\/01\/kaizenlive-2026-01-25T215605.888.webp?fit=905%2C500&ssl=1","contentUrl":"https:\/\/i0.wp.com\/kaizen-blog.org\/wp-content\/uploads\/2026\/01\/kaizenlive-2026-01-25T215605.888.webp?fit=905%2C500&ssl=1","width":905,"height":500},{"@type":"BreadcrumbList","@id":"https:\/\/kaizen-blog.org\/26-januar-2026-kurznachrichten\/#breadcrumb","itemListElement":[{"@type":"ListItem","position":1,"name":"Startseite","item":"https:\/\/kaizen-blog.org\/"},{"@type":"ListItem","position":2,"name":"26. Januar 2026 \u2013 Kurznachrichten"}]},{"@type":"WebSite","@id":"https:\/\/kaizen-blog.org\/#website","url":"https:\/\/kaizen-blog.org\/","name":"The Kaizen Blog","description":"Investigative Journalism","potentialAction":[{"@type":"SearchAction","target":{"@type":"EntryPoint","urlTemplate":"https:\/\/kaizen-blog.org\/?s={search_term_string}"},"query-input":{"@type":"PropertyValueSpecification","valueRequired":true,"valueName":"search_term_string"}}],"inLanguage":"en-US"},{"@type":"Person","@id":"https:\/\/kaizen-blog.org\/#\/schema\/person\/2350bb6dc34529fb49a12895a8a76096","name":"TEAM KAIZEN BLOG","image":{"@type":"ImageObject","inLanguage":"en-US","@id":"https:\/\/kaizen-blog.org\/wp-content\/uploads\/avatars\/4\/1762994133-bpfull.jpg","url":"https:\/\/kaizen-blog.org\/wp-content\/uploads\/avatars\/4\/1762994133-bpfull.jpg","contentUrl":"https:\/\/kaizen-blog.org\/wp-content\/uploads\/avatars\/4\/1762994133-bpfull.jpg","caption":"TEAM KAIZEN BLOG"},"url":"https:\/\/kaizen-blog.org\/en\/author\/team-kaizen-2\/"}]}},"jetpack_publicize_connections":[],"jetpack_featured_media_url":"https:\/\/i0.wp.com\/kaizen-blog.org\/wp-content\/uploads\/2026\/01\/kaizenlive-2026-01-25T215605.888.webp?fit=905%2C500&ssl=1","jetpack_sharing_enabled":true,"jetpack-related-posts":[{"id":27189,"url":"https:\/\/kaizen-blog.org\/en\/alex-pretti-ein-leben-das-nicht-in-die-behoerdliche-darstellung-passt\/","url_meta":{"origin":27265,"position":0},"title":"Alex Pretti \u2013 A Life That Does Not Fit the Official Account","author":"Rainer Hofmann","date":"January 25, 2026","format":false,"excerpt":"Alex Jeffrey Pretti war kein anonymer Name in einer Polizeimeldung. Er war Intensivpfleger im Krankenhaus der Veteranenbeh\u00f6rde, jemand, der Menschen in ihren verletzlichsten Momenten begleitete und blieb, wenn es schwierig wurde. Seine Familie beschreibt ihn als zutiefst zugewandt, als jemanden, der nicht wegsehen konnte, wenn Unrecht geschah. Genau das brachte\u2026","rel":"","context":"In &quot;Spotlight&quot;","block_context":{"text":"Spotlight","link":"https:\/\/kaizen-blog.org\/en\/category\/spotlight\/"},"img":{"alt_text":"","src":"https:\/\/i0.wp.com\/kaizen-blog.org\/wp-content\/uploads\/2026\/01\/batch_kaizennewsday-2026-01-25T052030.935.webp?fit=905%2C500&ssl=1&resize=350%2C200","width":350,"height":200,"srcset":"https:\/\/i0.wp.com\/kaizen-blog.org\/wp-content\/uploads\/2026\/01\/batch_kaizennewsday-2026-01-25T052030.935.webp?fit=905%2C500&ssl=1&resize=350%2C200 1x, https:\/\/i0.wp.com\/kaizen-blog.org\/wp-content\/uploads\/2026\/01\/batch_kaizennewsday-2026-01-25T052030.935.webp?fit=905%2C500&ssl=1&resize=525%2C300 1.5x, https:\/\/i0.wp.com\/kaizen-blog.org\/wp-content\/uploads\/2026\/01\/batch_kaizennewsday-2026-01-25T052030.935.webp?fit=905%2C500&ssl=1&resize=700%2C400 2x"},"classes":[]},{"id":27132,"url":"https:\/\/kaizen-blog.org\/en\/live-toedlicher-ice-einsatz-in-minneapolis\/","url_meta":{"origin":27265,"position":1},"title":"Live: Fatal ICE Operation in Minneapolis","author":"TEAM KAIZEN BLOG","date":"January 25, 2026","format":false,"excerpt":"Zum Artikel: Sch\u00fcsse im Gedr\u00e4nge \u2013 Minneapolis am Rand der Eskalation \u2013 Das war Mord Dieses Bild der New York Times ist eine Mahnung, eine Mahnung, dass ein unschuldiger Mensch erschossen wurde und keine \u00e4rztliche Versorgung erhielt. Dieses Bild ist eine Mahnung, was Rechtspopulismus und Faschismus bedeuten. Daf\u00fcr gibt es\u2026","rel":"","context":"In &quot;Kaizen Live&quot;","block_context":{"text":"Kaizen Live","link":"https:\/\/kaizen-blog.org\/en\/category\/kaizen-live\/"},"img":{"alt_text":"","src":"https:\/\/i0.wp.com\/kaizen-blog.org\/wp-content\/uploads\/2026\/01\/kaizennewsday-2026-01-23T205303.470.webp?fit=905%2C500&ssl=1&resize=350%2C200","width":350,"height":200,"srcset":"https:\/\/i0.wp.com\/kaizen-blog.org\/wp-content\/uploads\/2026\/01\/kaizennewsday-2026-01-23T205303.470.webp?fit=905%2C500&ssl=1&resize=350%2C200 1x, https:\/\/i0.wp.com\/kaizen-blog.org\/wp-content\/uploads\/2026\/01\/kaizennewsday-2026-01-23T205303.470.webp?fit=905%2C500&ssl=1&resize=525%2C300 1.5x, https:\/\/i0.wp.com\/kaizen-blog.org\/wp-content\/uploads\/2026\/01\/kaizennewsday-2026-01-23T205303.470.webp?fit=905%2C500&ssl=1&resize=700%2C400 2x"},"classes":[]},{"id":27287,"url":"https:\/\/kaizen-blog.org\/en\/risse-in-der-partei-wie-der-tod-von-alex-pretti-selbst-republikaner-gegen-die-bundesregierung-aufbringt\/","url_meta":{"origin":27265,"position":2},"title":"Cracks in the Party - How the Death of Alex Pretti Is Turning Even Republicans Against the Federal Government","author":"Rainer Hofmann","date":"January 26, 2026","format":false,"excerpt":"Der t\u00f6dliche Schuss auf Alex Pretti hat eine Entwicklung ausgel\u00f6st, die in dieser Form selbst innerhalb der Republikanischen Partei lange als undenkbar galt. Erstmals seit Beginn der versch\u00e4rften Bundesoperationen in Minnesota fordern zahlreiche republikanische Abgeordnete und Senatoren \u00f6ffentlich eine unabh\u00e4ngige Untersuchung des Vorgehens von Grenzschutz und Einwanderungsbeh\u00f6rden. Nicht aus taktischer\u2026","rel":"","context":"In &quot;Daylight&quot;","block_context":{"text":"Daylight","link":"https:\/\/kaizen-blog.org\/en\/category\/daylight\/"},"img":{"alt_text":"","src":"https:\/\/i0.wp.com\/kaizen-blog.org\/wp-content\/uploads\/2026\/01\/batch_kaizennewsday-2026-01-26T033320.869.webp?fit=905%2C500&ssl=1&resize=350%2C200","width":350,"height":200,"srcset":"https:\/\/i0.wp.com\/kaizen-blog.org\/wp-content\/uploads\/2026\/01\/batch_kaizennewsday-2026-01-26T033320.869.webp?fit=905%2C500&ssl=1&resize=350%2C200 1x, https:\/\/i0.wp.com\/kaizen-blog.org\/wp-content\/uploads\/2026\/01\/batch_kaizennewsday-2026-01-26T033320.869.webp?fit=905%2C500&ssl=1&resize=525%2C300 1.5x, https:\/\/i0.wp.com\/kaizen-blog.org\/wp-content\/uploads\/2026\/01\/batch_kaizennewsday-2026-01-26T033320.869.webp?fit=905%2C500&ssl=1&resize=700%2C400 2x"},"classes":[]},{"id":27111,"url":"https:\/\/kaizen-blog.org\/en\/schuess-im-gedraenge-minneapolis-am-rand-der-eskalation-das-war-mord\/","url_meta":{"origin":27265,"position":3},"title":"Shots in the Crowd \u2013 Minneapolis on the Brink of Escalation \u2013 This Was Murder","author":"Rainer Hofmann","date":"January 24, 2026","format":false,"excerpt":"Am Samstag wurde Minneapolis weiter in einen Zustand gedr\u00e4ngt, der kaum noch als Ausnahme, sondern als neue Realit\u00e4t erscheint. Wieder ist ein Mann durch Sch\u00fcsse von Bundesbeamten gestorben. Alex Pretti, 37 Jahre, Krankenpfleger auf der Intensivstation. Wieder geschah es im Umfeld eines Protestes. Wieder bleiben entscheidende Sekunden unklar. Und wieder\u2026","rel":"","context":"In &quot;Dark America&quot;","block_context":{"text":"Dark America","link":"https:\/\/kaizen-blog.org\/en\/category\/dark-america\/"},"img":{"alt_text":"","src":"https:\/\/i0.wp.com\/kaizen-blog.org\/wp-content\/uploads\/2026\/01\/batch_kaizennewsday-2026-01-24T210940.953.webp?fit=905%2C500&ssl=1&resize=350%2C200","width":350,"height":200,"srcset":"https:\/\/i0.wp.com\/kaizen-blog.org\/wp-content\/uploads\/2026\/01\/batch_kaizennewsday-2026-01-24T210940.953.webp?fit=905%2C500&ssl=1&resize=350%2C200 1x, https:\/\/i0.wp.com\/kaizen-blog.org\/wp-content\/uploads\/2026\/01\/batch_kaizennewsday-2026-01-24T210940.953.webp?fit=905%2C500&ssl=1&resize=525%2C300 1.5x, https:\/\/i0.wp.com\/kaizen-blog.org\/wp-content\/uploads\/2026\/01\/batch_kaizennewsday-2026-01-24T210940.953.webp?fit=905%2C500&ssl=1&resize=700%2C400 2x"},"classes":[]},{"id":27585,"url":"https:\/\/kaizen-blog.org\/en\/elf-tage-vorher-die-eskalation-vor-dem-tod\/","url_meta":{"origin":27265,"position":4},"title":"Eleven Days Earlier \u2013 The Escalation Before the Death","author":"Rainer Hofmann","date":"January 29, 2026","format":false,"excerpt":"Elf Tage vor seinem Tod lag Alex Pretti bereits einmal auf dem Asphalt von Minneapolis. Nicht tot, aber gedem\u00fctigt, umringt von maskierten Bundesbeamten, die ihn zu Boden zerrten, w\u00e4hrend um sie herum Trillerpfeifen schrillten und eine aufgeheizte Menge schrie. Die jetzt aufgetauchten Videos zeigen keinen gef\u00e4hrlichen Mann. Sie zeigen einen\u2026","rel":"","context":"In &quot;Topstory&quot;","block_context":{"text":"Topstory","link":"https:\/\/kaizen-blog.org\/en\/category\/topstory\/"},"img":{"alt_text":"","src":"https:\/\/i0.wp.com\/kaizen-blog.org\/wp-content\/uploads\/2026\/01\/kaizennewsday-2026-01-29T133556.660.webp?fit=905%2C500&ssl=1&resize=350%2C200","width":350,"height":200,"srcset":"https:\/\/i0.wp.com\/kaizen-blog.org\/wp-content\/uploads\/2026\/01\/kaizennewsday-2026-01-29T133556.660.webp?fit=905%2C500&ssl=1&resize=350%2C200 1x, https:\/\/i0.wp.com\/kaizen-blog.org\/wp-content\/uploads\/2026\/01\/kaizennewsday-2026-01-29T133556.660.webp?fit=905%2C500&ssl=1&resize=525%2C300 1.5x, https:\/\/i0.wp.com\/kaizen-blog.org\/wp-content\/uploads\/2026\/01\/kaizennewsday-2026-01-29T133556.660.webp?fit=905%2C500&ssl=1&resize=700%2C400 2x"},"classes":[]},{"id":27736,"url":"https:\/\/kaizen-blog.org\/en\/hunderttausende-auf-der-strasse-ein-landesweiter-protest-gegen-ice-eskaliert\/","url_meta":{"origin":27265,"position":5},"title":"Hundreds of thousands in the streets \u2013 a nationwide protest against ICE escalates","author":"Rainer Hofmann","date":"January 31, 2026","format":false,"excerpt":"In St\u00e4dten quer durch die Vereinigten Staaten sind am Freitag hunderttausende Menschen auf die Stra\u00dfe gegangen, um ein Ende der brutalen Abschiebepolitik der Trump-Regierung zu fordern und den Abzug der Bundesbeh\u00f6rden aus Minnesota zu verlangen. Ausl\u00f6ser sind die t\u00f6dlichen Sch\u00fcsse auf Renee Good und Alex Pretti, zwei US-B\u00fcrger, die im\u2026","rel":"","context":"In &quot;Spotlight&quot;","block_context":{"text":"Spotlight","link":"https:\/\/kaizen-blog.org\/en\/category\/spotlight\/"},"img":{"alt_text":"","src":"https:\/\/i0.wp.com\/kaizen-blog.org\/wp-content\/uploads\/2026\/01\/batch_kaizennewsday-2026-01-31T071006.503.webp?fit=905%2C500&ssl=1&resize=350%2C200","width":350,"height":200,"srcset":"https:\/\/i0.wp.com\/kaizen-blog.org\/wp-content\/uploads\/2026\/01\/batch_kaizennewsday-2026-01-31T071006.503.webp?fit=905%2C500&ssl=1&resize=350%2C200 1x, https:\/\/i0.wp.com\/kaizen-blog.org\/wp-content\/uploads\/2026\/01\/batch_kaizennewsday-2026-01-31T071006.503.webp?fit=905%2C500&ssl=1&resize=525%2C300 1.5x, https:\/\/i0.wp.com\/kaizen-blog.org\/wp-content\/uploads\/2026\/01\/batch_kaizennewsday-2026-01-31T071006.503.webp?fit=905%2C500&ssl=1&resize=700%2C400 2x"},"classes":[]}],"_links":{"self":[{"href":"https:\/\/kaizen-blog.org\/en\/wp-json\/wp\/v2\/posts\/27265","targetHints":{"allow":["GET"]}}],"collection":[{"href":"https:\/\/kaizen-blog.org\/en\/wp-json\/wp\/v2\/posts"}],"about":[{"href":"https:\/\/kaizen-blog.org\/en\/wp-json\/wp\/v2\/types\/post"}],"author":[{"embeddable":true,"href":"https:\/\/kaizen-blog.org\/en\/wp-json\/wp\/v2\/users\/4"}],"replies":[{"embeddable":true,"href":"https:\/\/kaizen-blog.org\/en\/wp-json\/wp\/v2\/comments?post=27265"}],"version-history":[{"count":0,"href":"https:\/\/kaizen-blog.org\/en\/wp-json\/wp\/v2\/posts\/27265\/revisions"}],"wp:featuredmedia":[{"embeddable":true,"href":"https:\/\/kaizen-blog.org\/en\/wp-json\/wp\/v2\/media\/27266"}],"wp:attachment":[{"href":"https:\/\/kaizen-blog.org\/en\/wp-json\/wp\/v2\/media?parent=27265"}],"wp:term":[{"taxonomy":"category","embeddable":true,"href":"https:\/\/kaizen-blog.org\/en\/wp-json\/wp\/v2\/categories?post=27265"},{"taxonomy":"post_tag","embeddable":true,"href":"https:\/\/kaizen-blog.org\/en\/wp-json\/wp\/v2\/tags?post=27265"}],"curies":[{"name":"wp","href":"https:\/\/api.w.org\/{rel}","templated":true}]}}