{"id":27132,"date":"2026-01-25T09:30:48","date_gmt":"2026-01-25T08:30:48","guid":{"rendered":"https:\/\/kaizen-blog.org\/?p=27132"},"modified":"2026-01-25T09:30:51","modified_gmt":"2026-01-25T08:30:51","slug":"live-toedlicher-ice-einsatz-in-minneapolis","status":"publish","type":"post","link":"https:\/\/kaizen-blog.org\/en\/live-toedlicher-ice-einsatz-in-minneapolis\/","title":{"rendered":"Live: Fatal ICE Operation in Minneapolis"},"content":{"rendered":"<p><strong>Link to article:<\/strong> <strong><a href=\"https:\/\/kaizen-blog.org\/en\/schuess-im-gedraenge-minneapolis-am-rand-der-eskalation-das-war-mord\/\" type=\"link\" id=\"https:\/\/kaizen-blog.org\/schuess-im-gedraenge-minneapolis-am-rand-der-eskalation-das-war-mord\/\">Shots in the Crowd - Minneapolis on the Brink of Escalation - This Was Murder<\/a><\/strong><\/p>\n\n\n\n<p id=\"mahnung\"><strong>This image published by the New York Times is a warning, a reminder that an innocent person was shot and denied medical care. This image is a warning of what right-wing populism and fascism look like. There is only one word for it: corpse exploitation. <strong>Leichenfledderei<\/strong><\/strong><\/p>\n\n\n\n<figure class=\"wp-block-image alignwide size-full\"><img data-recalc-dims=\"1\" loading=\"lazy\" decoding=\"async\" width=\"640\" height=\"354\" src=\"https:\/\/i0.wp.com\/kaizen-blog.org\/wp-content\/uploads\/2026\/01\/kaizennewsday-2026-01-25T091249.570.webp?resize=640%2C354&#038;ssl=1\" alt=\"\" class=\"wp-image-27244\" srcset=\"https:\/\/i0.wp.com\/kaizen-blog.org\/wp-content\/uploads\/2026\/01\/kaizennewsday-2026-01-25T091249.570.webp?w=905&amp;ssl=1 905w, https:\/\/i0.wp.com\/kaizen-blog.org\/wp-content\/uploads\/2026\/01\/kaizennewsday-2026-01-25T091249.570.webp?resize=18%2C10&amp;ssl=1 18w, https:\/\/i0.wp.com\/kaizen-blog.org\/wp-content\/uploads\/2026\/01\/kaizennewsday-2026-01-25T091249.570.webp?resize=300%2C166&amp;ssl=1 300w, https:\/\/i0.wp.com\/kaizen-blog.org\/wp-content\/uploads\/2026\/01\/kaizennewsday-2026-01-25T091249.570.webp?resize=768%2C424&amp;ssl=1 768w\" sizes=\"auto, (max-width: 640px) 100vw, 640px\" \/><\/figure>\n\n\n\n<div style=\"height:75px\" aria-hidden=\"true\" class=\"wp-block-spacer\"><\/div>\n\n\n\n<div style=\"display:flex;align-items:center;gap:16px;margin:18px 0;font-family:Lato,Arial,sans-serif;\">\n  <!-- Blaues Quadrat -->\n  <div style=\"width:92px;height:92px;background:#2563eb;border-radius:14px;display:flex;flex-direction:column;align-items:center;justify-content:center;color:#fff;flex:0 0 auto;\">\n    <div style=\"font-size:44px;line-height:1;font-weight:800;margin-top:2px;\">24<\/div>\n    <div style=\"font-size:11px;letter-spacing:1.6px;text-transform:uppercase;margin-top:6px;opacity:.95;\">Kaizen Live<\/div>\n  <\/div>\n\n  <!-- Datum + Uhrzeit rechts -->\n  <div style=\"flex:1;min-width:0;\">\n    <div style=\"height:3px;width:100%;background:#2563eb;border-radius:2px;margin-bottom:8px;\"><\/div>\n    <div style=\"font-size:15px;color:#111;white-space:nowrap;overflow:hidden;text-overflow:ellipsis;\">\n      Sunday, 01\/25\/2026 \u00b7 08:40 CET, End of coverage\n    <\/div>\n  <\/div>\n<\/div>\n\n\n\n<h3 class=\"wp-block-heading\">The anger is everywhere<\/h3>\n\n\n\n<figure class=\"wp-block-video alignwide\"><video height=\"480\" style=\"aspect-ratio: 640 \/ 480;\" width=\"640\" controls src=\"https:\/\/kaizen-blog.org\/wp-content\/uploads\/2026\/01\/minneev64.mp4\"><\/video><\/figure>\n\n\n\n<figure class=\"wp-block-image alignwide size-full\"><img data-recalc-dims=\"1\" loading=\"lazy\" decoding=\"async\" width=\"640\" height=\"354\" src=\"https:\/\/i0.wp.com\/kaizen-blog.org\/wp-content\/uploads\/2026\/01\/kaizennewsday-2026-01-25T055437.546.webp?resize=640%2C354&#038;ssl=1\" alt=\"\" class=\"wp-image-27196\" srcset=\"https:\/\/i0.wp.com\/kaizen-blog.org\/wp-content\/uploads\/2026\/01\/kaizennewsday-2026-01-25T055437.546.webp?w=905&amp;ssl=1 905w, https:\/\/i0.wp.com\/kaizen-blog.org\/wp-content\/uploads\/2026\/01\/kaizennewsday-2026-01-25T055437.546.webp?resize=18%2C10&amp;ssl=1 18w, https:\/\/i0.wp.com\/kaizen-blog.org\/wp-content\/uploads\/2026\/01\/kaizennewsday-2026-01-25T055437.546.webp?resize=300%2C166&amp;ssl=1 300w, https:\/\/i0.wp.com\/kaizen-blog.org\/wp-content\/uploads\/2026\/01\/kaizennewsday-2026-01-25T055437.546.webp?resize=768%2C424&amp;ssl=1 768w\" sizes=\"auto, (max-width: 640px) 100vw, 640px\" \/><\/figure>\n\n\n\n<figure class=\"wp-block-image alignwide size-full\"><img data-recalc-dims=\"1\" loading=\"lazy\" decoding=\"async\" width=\"640\" height=\"354\" src=\"https:\/\/i0.wp.com\/kaizen-blog.org\/wp-content\/uploads\/2026\/01\/batch_kaizennewsday-2026-01-25T082032.081.webp?resize=640%2C354&#038;ssl=1\" alt=\"\" class=\"wp-image-27229\" srcset=\"https:\/\/i0.wp.com\/kaizen-blog.org\/wp-content\/uploads\/2026\/01\/batch_kaizennewsday-2026-01-25T082032.081.webp?w=905&amp;ssl=1 905w, https:\/\/i0.wp.com\/kaizen-blog.org\/wp-content\/uploads\/2026\/01\/batch_kaizennewsday-2026-01-25T082032.081.webp?resize=18%2C10&amp;ssl=1 18w, https:\/\/i0.wp.com\/kaizen-blog.org\/wp-content\/uploads\/2026\/01\/batch_kaizennewsday-2026-01-25T082032.081.webp?resize=300%2C166&amp;ssl=1 300w, https:\/\/i0.wp.com\/kaizen-blog.org\/wp-content\/uploads\/2026\/01\/batch_kaizennewsday-2026-01-25T082032.081.webp?resize=768%2C424&amp;ssl=1 768w\" sizes=\"auto, (max-width: 640px) 100vw, 640px\" \/><\/figure>\n\n\n\n<blockquote class=\"wp-block-quote is-layout-flow wp-block-quote-is-layout-flow\">\n<p>On every corner of the city, something hangs in the air. The initial shock is slowly giving way to a palpable anger, dense, restless, impossible to overlook. And yet more than ever, one thing applies: this anger must not turn into riots.<\/p>\n<\/blockquote>\n\n\n\n<div style=\"height:25px\" aria-hidden=\"true\" class=\"wp-block-spacer\"><\/div>\n\n\n\n<div style=\"display:flex;align-items:center;gap:16px;margin:18px 0;font-family:Lato,Arial,sans-serif;\">\n  <!-- Blaues Quadrat -->\n  <div style=\"width:92px;height:92px;background:#2563eb;border-radius:14px;display:flex;flex-direction:column;align-items:center;justify-content:center;color:#fff;flex:0 0 auto;\">\n    <div style=\"font-size:44px;line-height:1;font-weight:800;margin-top:2px;\">24<\/div>\n    <div style=\"font-size:11px;letter-spacing:1.6px;text-transform:uppercase;margin-top:6px;opacity:.95;\">Kaizen Live<\/div>\n  <\/div>\n\n  <!-- Datum + Uhrzeit rechts -->\n  <div style=\"flex:1;min-width:0;\">\n    <div style=\"height:3px;width:100%;background:#2563eb;border-radius:2px;margin-bottom:8px;\"><\/div>\n    <div style=\"font-size:15px;color:#111;white-space:nowrap;overflow:hidden;text-overflow:ellipsis;\">\n      Sunday, 01\/25\/2026 \u00b7 04:30 CET\n    <\/div>\n  <\/div>\n<\/div>\n\n\n\n<h3 class=\"wp-block-heading\">A witness in Minneapolis<\/h3>\n\n\n\n<figure class=\"wp-block-image alignwide size-full\"><img data-recalc-dims=\"1\" loading=\"lazy\" decoding=\"async\" width=\"640\" height=\"354\" src=\"https:\/\/i0.wp.com\/kaizen-blog.org\/wp-content\/uploads\/2026\/01\/batch_kaizennewsday-2026-01-25T050351.467.webp?resize=640%2C354&#038;ssl=1\" alt=\"\" class=\"wp-image-27187\" srcset=\"https:\/\/i0.wp.com\/kaizen-blog.org\/wp-content\/uploads\/2026\/01\/batch_kaizennewsday-2026-01-25T050351.467.webp?w=905&amp;ssl=1 905w, https:\/\/i0.wp.com\/kaizen-blog.org\/wp-content\/uploads\/2026\/01\/batch_kaizennewsday-2026-01-25T050351.467.webp?resize=18%2C10&amp;ssl=1 18w, https:\/\/i0.wp.com\/kaizen-blog.org\/wp-content\/uploads\/2026\/01\/batch_kaizennewsday-2026-01-25T050351.467.webp?resize=300%2C166&amp;ssl=1 300w, https:\/\/i0.wp.com\/kaizen-blog.org\/wp-content\/uploads\/2026\/01\/batch_kaizennewsday-2026-01-25T050351.467.webp?resize=768%2C424&amp;ssl=1 768w\" sizes=\"auto, (max-width: 640px) 100vw, 640px\" \/><\/figure>\n\n\n\n<div style=\"height:80px\" aria-hidden=\"true\" class=\"wp-block-spacer\"><\/div>\n\n\n\n<p>A children\u2019s face painter has submitted a sworn affidavit under penalty of perjury in which she describes what happened this morning on Nicollet Avenue. At around 8:50 a.m., she heard whistles. In her neighborhood, that means: ICE is there. She has been documenting their operations for some time, so she drove out with a camera. On site, she saw that ICE had set up a vehicle convoy around the intersection of 26th Street and Nicollet. About 15 observers were already there, filming. Agents surrounded cars, smashed windows, stopped vehicles up and down the street. She parked, began filming, and stood in the street next to a man who was directing traffic, phone in hand. An agent ordered her to move back. <\/p>\n\n\n\n<figure class=\"wp-block-image alignwide size-full\"><img data-recalc-dims=\"1\" loading=\"lazy\" decoding=\"async\" width=\"640\" height=\"354\" src=\"https:\/\/i0.wp.com\/kaizen-blog.org\/wp-content\/uploads\/2026\/01\/batch_kaizennewsday-2026-01-25T050421.282.webp?resize=640%2C354&#038;ssl=1\" alt=\"\" class=\"wp-image-27188\" srcset=\"https:\/\/i0.wp.com\/kaizen-blog.org\/wp-content\/uploads\/2026\/01\/batch_kaizennewsday-2026-01-25T050421.282.webp?w=905&amp;ssl=1 905w, https:\/\/i0.wp.com\/kaizen-blog.org\/wp-content\/uploads\/2026\/01\/batch_kaizennewsday-2026-01-25T050421.282.webp?resize=18%2C10&amp;ssl=1 18w, https:\/\/i0.wp.com\/kaizen-blog.org\/wp-content\/uploads\/2026\/01\/batch_kaizennewsday-2026-01-25T050421.282.webp?resize=300%2C166&amp;ssl=1 300w, https:\/\/i0.wp.com\/kaizen-blog.org\/wp-content\/uploads\/2026\/01\/batch_kaizennewsday-2026-01-25T050421.282.webp?resize=768%2C424&amp;ssl=1 768w\" sizes=\"auto, (max-width: 640px) 100vw, 640px\" \/><\/figure>\n\n\n\n<div style=\"height:20px\" aria-hidden=\"true\" class=\"wp-block-spacer\"><\/div>\n\n\n\n<p>She moved onto the sidewalk. The man remained in the street and continued filming. Then the situation escalated. An ICE agent began threatening other observers with pepper spray. The man with the phone moved closer to support them, with only his camera in his hand. She did not see him reach for or hold a weapon. An agent shoved a woman to the ground and began spraying everyone in the face. The man raised his hands above his head and was sprayed again, then pushed away. After that, he tried to help the woman get up. More agents arrived, grabbed him while he was still helping, dragged him to the ground. She says she did not see him touch any of them - he was not even turned toward them. Four or five agents held him down. And then they shot him. Again and again. <\/p>\n\n\n\n<p>She was about five feet away. \u201cHe only wanted to help. I did not see a weapon on him. They threw him to the ground. And then they just started shooting him.\u201d She filmed everything. It is Exhibit 1. She has read the statement from the Department of Homeland Security and says it is false. He did not approach the agents with a weapon. He approached them with a camera. He was trying to help a woman get up. Now she is afraid to go home. Hours after she saw a man shot dead directly in front of her, she heard that agents were looking for her. Other witnesses may have been detained and taken to the Whipple building. She concludes with the words: \u201cHe lost his life for these values.\u201d Signed under penalty of perjury in Hennepin County, Minnesota. January 24, 2026. Today.<\/p>\n\n\n\n<div style=\"height:25px\" aria-hidden=\"true\" class=\"wp-block-spacer\"><\/div>\n\n\n\n<div style=\"display:flex;align-items:center;gap:16px;margin:18px 0;font-family:Lato,Arial,sans-serif;\">\n  <!-- Blaues Quadrat -->\n  <div style=\"width:92px;height:92px;background:#2563eb;border-radius:14px;display:flex;flex-direction:column;align-items:center;justify-content:center;color:#fff;flex:0 0 auto;\">\n    <div style=\"font-size:44px;line-height:1;font-weight:800;margin-top:2px;\">24<\/div>\n    <div style=\"font-size:11px;letter-spacing:1.6px;text-transform:uppercase;margin-top:6px;opacity:.95;\">Kaizen Live<\/div>\n  <\/div>\n\n  <!-- Datum + Uhrzeit rechts -->\n  <div style=\"flex:1;min-width:0;\">\n    <div style=\"height:3px;width:100%;background:#2563eb;border-radius:2px;margin-bottom:8px;\"><\/div>\n    <div style=\"font-size:15px;color:#111;white-space:nowrap;overflow:hidden;text-overflow:ellipsis;\">\n      Sunday, 01\/25\/2026 \u00b7 03:00 CET\n    <\/div>\n  <\/div>\n<\/div>\n\n\n\n<div style=\"  border:1px solid #ccc;  padding:20px;  font-family:'Lato', sans-serif;  background-color:#ffffff;  max-width:800px;  margin:20px auto;  position:relative;\">\n\n  <!-- Trauerflor -->\n  <div style=\"    position:absolute;    top:0;    left:0;    width:100%;    height:6px;    background-color:#000;  \"><\/div>\n\n  <div style=\"    font-size:22px;    text-align:center;    margin-top:10px;    margin-bottom:18px;    color:#000;  \">\n    Family of Alex Pretti: \u201cheartbroken but also very angry\u201d\n  <\/div>\n\n  <p style=\"    font-size:15px;    line-height:1.6;    color:#111;    margin:0;  \">\n    Pretti\u2019s family released a statement on Saturday evening saying they are \u201cheartbroken but also very angry,\u201d and described him as a kind-hearted soul who wanted to make a difference in the world through his work as a nurse.\n    <br><br>\n    \u201cThe disgusting lies that the government is telling about our son are reprehensible and disgusting. Alex is clearly not holding a weapon when he is attacked by Trump\u2019s murdering and cowardly ICE thugs. He has his phone in his right hand, and his empty left hand is raised above his head while he tries to protect the woman that ICE just pushed to the ground, and all of this while he is being sprayed with pepper spray,\u201d the statement reads.\n    <br><br>\n    \u201cPlease bring the truth about our son out into the open. He was a good man. Thank you.\u201d\n  <\/p>\n\n<\/div>\n\n\n\n<div style=\"height:25px\" aria-hidden=\"true\" class=\"wp-block-spacer\"><\/div>\n\n\n\n<div style=\"display:flex;align-items:center;gap:16px;margin:18px 0;font-family:Lato,Arial,sans-serif;\">\n  <!-- Blaues Quadrat -->\n  <div style=\"width:92px;height:92px;background:#2563eb;border-radius:14px;display:flex;flex-direction:column;align-items:center;justify-content:center;color:#fff;flex:0 0 auto;\">\n    <div style=\"font-size:44px;line-height:1;font-weight:800;margin-top:2px;\">24<\/div>\n    <div style=\"font-size:11px;letter-spacing:1.6px;text-transform:uppercase;margin-top:6px;opacity:.95;\">Kaizen Live<\/div>\n  <\/div>\n\n  <!-- Datum + Uhrzeit rechts -->\n  <div style=\"flex:1;min-width:0;\">\n    <div style=\"height:3px;width:100%;background:#2563eb;border-radius:2px;margin-bottom:8px;\"><\/div>\n    <div style=\"font-size:15px;color:#111;white-space:nowrap;overflow:hidden;text-overflow:ellipsis;\">\n      Sunday, 01\/25\/2026 \u00b7 02:00 CET\n    <\/div>\n  <\/div>\n<\/div>\n\n\n\n<h3 class=\"wp-block-heading\"><strong>Huge Crowd Gathers in Whittier Park<\/strong><\/h3>\n\n\n\n<figure class=\"wp-block-video alignwide\"><video height=\"360\" style=\"aspect-ratio: 640 \/ 360;\" width=\"640\" controls src=\"https:\/\/kaizen-blog.org\/wp-content\/uploads\/2026\/01\/ralleyminne.mp4\"><\/video><\/figure>\n\n\n\n<div style=\"height:8px\" aria-hidden=\"true\" class=\"wp-block-spacer\"><\/div>\n\n\n\n<figure class=\"wp-block-image alignwide size-full\"><img data-recalc-dims=\"1\" loading=\"lazy\" decoding=\"async\" width=\"640\" height=\"354\" src=\"https:\/\/i0.wp.com\/kaizen-blog.org\/wp-content\/uploads\/2026\/01\/batch_kaizennewsday-2026-01-25T082006.140.webp?resize=640%2C354&#038;ssl=1\" alt=\"\" class=\"wp-image-27231\" srcset=\"https:\/\/i0.wp.com\/kaizen-blog.org\/wp-content\/uploads\/2026\/01\/batch_kaizennewsday-2026-01-25T082006.140.webp?w=905&amp;ssl=1 905w, https:\/\/i0.wp.com\/kaizen-blog.org\/wp-content\/uploads\/2026\/01\/batch_kaizennewsday-2026-01-25T082006.140.webp?resize=18%2C10&amp;ssl=1 18w, https:\/\/i0.wp.com\/kaizen-blog.org\/wp-content\/uploads\/2026\/01\/batch_kaizennewsday-2026-01-25T082006.140.webp?resize=300%2C166&amp;ssl=1 300w, https:\/\/i0.wp.com\/kaizen-blog.org\/wp-content\/uploads\/2026\/01\/batch_kaizennewsday-2026-01-25T082006.140.webp?resize=768%2C424&amp;ssl=1 768w\" sizes=\"auto, (max-width: 640px) 100vw, 640px\" \/><\/figure>\n\n\n\n<div style=\"height:20px\" aria-hidden=\"true\" class=\"wp-block-spacer\"><\/div>\n\n\n\n<p>In Minneapolis, large crowds have gathered in Whittier Park, just a few blocks from the site where federal agents shot and killed 37-year-old Alex Pretti. Hundreds of people came together to stand at the place where the fatal shot was fired, and more and more people are joining those already gathered. <\/p>\n\n\n\n<figure class=\"wp-block-image alignwide size-full\"><img data-recalc-dims=\"1\" loading=\"lazy\" decoding=\"async\" width=\"640\" height=\"354\" src=\"https:\/\/i0.wp.com\/kaizen-blog.org\/wp-content\/uploads\/2026\/01\/batch_kaizennewsday-2026-01-25T023951.988.webp?resize=640%2C354&#038;ssl=1\" alt=\"\" class=\"wp-image-27165\" srcset=\"https:\/\/i0.wp.com\/kaizen-blog.org\/wp-content\/uploads\/2026\/01\/batch_kaizennewsday-2026-01-25T023951.988.webp?w=905&amp;ssl=1 905w, https:\/\/i0.wp.com\/kaizen-blog.org\/wp-content\/uploads\/2026\/01\/batch_kaizennewsday-2026-01-25T023951.988.webp?resize=18%2C10&amp;ssl=1 18w, https:\/\/i0.wp.com\/kaizen-blog.org\/wp-content\/uploads\/2026\/01\/batch_kaizennewsday-2026-01-25T023951.988.webp?resize=300%2C166&amp;ssl=1 300w, https:\/\/i0.wp.com\/kaizen-blog.org\/wp-content\/uploads\/2026\/01\/batch_kaizennewsday-2026-01-25T023951.988.webp?resize=768%2C424&amp;ssl=1 768w\" sizes=\"auto, (max-width: 640px) 100vw, 640px\" \/><\/figure>\n\n\n\n<div style=\"height:20px\" aria-hidden=\"true\" class=\"wp-block-spacer\"><\/div>\n\n\n\n<p>At the site of the fatal shooting, hundreds of people gathered on Saturday evening for a silent vigil for Alex Jeffrey Pretti. Candles were burning, flowers lay on the asphalt, many stood together in silence as darkness fell over the scene. The atmosphere was calm but heavy, carried by grief and a growing exhaustion over what threatens to sink in as normality. People from the city and surrounding communities came together not in protest, but to show presence. Some nearby businesses remained open, offering warmth, water, coffee, a brief shelter from the cold. Words were spoken quietly, often not at all. The question of why this could happen again hung unspoken in the air. Minneapolis was mourning not only a man, but the sense of safety that continues to erode.<\/p>\n\n\n\n<figure class=\"wp-block-image alignwide size-full\"><img data-recalc-dims=\"1\" loading=\"lazy\" decoding=\"async\" width=\"640\" height=\"354\" src=\"https:\/\/i0.wp.com\/kaizen-blog.org\/wp-content\/uploads\/2026\/01\/batch_kaizennewsday-2026-01-25T023920.535.webp?resize=640%2C354&#038;ssl=1\" alt=\"\" class=\"wp-image-27166\" srcset=\"https:\/\/i0.wp.com\/kaizen-blog.org\/wp-content\/uploads\/2026\/01\/batch_kaizennewsday-2026-01-25T023920.535.webp?w=905&amp;ssl=1 905w, https:\/\/i0.wp.com\/kaizen-blog.org\/wp-content\/uploads\/2026\/01\/batch_kaizennewsday-2026-01-25T023920.535.webp?resize=18%2C10&amp;ssl=1 18w, https:\/\/i0.wp.com\/kaizen-blog.org\/wp-content\/uploads\/2026\/01\/batch_kaizennewsday-2026-01-25T023920.535.webp?resize=300%2C166&amp;ssl=1 300w, https:\/\/i0.wp.com\/kaizen-blog.org\/wp-content\/uploads\/2026\/01\/batch_kaizennewsday-2026-01-25T023920.535.webp?resize=768%2C424&amp;ssl=1 768w\" sizes=\"auto, (max-width: 640px) 100vw, 640px\" \/><\/figure>\n\n\n\n<div style=\"height:20px\" aria-hidden=\"true\" class=\"wp-block-spacer\"><\/div>\n\n\n\n<p>The political response followed a few hours later in Washington. Several Democratic senators announced that they would not approve a new funding package for the Department of Homeland Security. The trigger is the fatal operation in Minneapolis, which has further damaged trust. After Jacky Rosen, Catherine Cortez Masto also declared that she would approve no funds that would allow this agency to continue operating in its current form. Other voices joined in. This increases the risk that the government could once again face a partial shutdown. What long served as a tactical pressure tool is now being openly drawn as a consequence. The message is clear: after this weekend, there is to be no return to business as usual.<\/p>\n\n\n\n<figure class=\"wp-block-video alignwide\"><video height=\"360\" style=\"aspect-ratio: 606 \/ 360;\" width=\"606\" controls src=\"https:\/\/kaizen-blog.org\/wp-content\/uploads\/2026\/01\/rallypre.mp4\"><\/video><\/figure>\n\n\n\n<div style=\"height:20px\" aria-hidden=\"true\" class=\"wp-block-spacer\"><\/div>\n\n\n\n<p>The situation remains extremely tense as protests continue throughout the neighborhood and new people keep arriving.<\/p>\n\n\n\n<div style=\"height:25px\" aria-hidden=\"true\" class=\"wp-block-spacer\"><\/div>\n\n\n\n<div style=\"display:flex;align-items:center;gap:16px;margin:18px 0;font-family:Lato,Arial,sans-serif;\">\n  <!-- Blaues Quadrat -->\n  <div style=\"width:92px;height:92px;background:#2563eb;border-radius:14px;display:flex;flex-direction:column;align-items:center;justify-content:center;color:#fff;flex:0 0 auto;\">\n    <div style=\"font-size:44px;line-height:1;font-weight:800;margin-top:2px;\">24<\/div>\n    <div style=\"font-size:11px;letter-spacing:1.6px;text-transform:uppercase;margin-top:6px;opacity:.95;\">Kaizen Live<\/div>\n  <\/div>\n\n  <!-- Datum + Uhrzeit rechts -->\n  <div style=\"flex:1;min-width:0;\">\n    <div style=\"height:3px;width:100%;background:#2563eb;border-radius:2px;margin-bottom:8px;\"><\/div>\n    <div style=\"font-size:15px;color:#111;white-space:nowrap;overflow:hidden;text-overflow:ellipsis;\">\n      Sunday, 01\/25\/2026 \u00b7 01:30 CET\n    <\/div>\n  <\/div>\n<\/div>\n\n\n\n<h3 class=\"wp-block-heading\"><strong>Gun Rights Group Questions Official Account<\/strong><\/h3>\n\n\n\n<p>After the fatal shooting of Alex Jeffrey Pretti in Minneapolis, a gun rights organization has also spoken out and raised clear doubts about the account given by federal authorities. The group stated that many key facts remain unresolved, and that there is so far no evidence of any intent to attack officers. It is calling for a comprehensive investigation at both the state and federal levels. At the same time, the organization emphasized that peaceful citizens in Minnesota have the right to own and carry firearms, including during protests or while exercising their constitutional rights. This right does not automatically end simply because someone is legally armed. Federal authorities had stated that Pretti was armed and had resisted disarmament. Video footage from bystanders, however, shows no visible use of a weapon. The Minneapolis police chief also confirmed that Pretti possessed a valid permit to carry. This further deepens the contradiction between the official account and what is publicly visible.<\/p>\n\n\n\n<div style=\"height:25px\" aria-hidden=\"true\" class=\"wp-block-spacer\"><\/div>\n\n\n\n<div style=\"display:flex;align-items:center;gap:16px;margin:18px 0;font-family:Lato,Arial,sans-serif;\">\n  <!-- Blaues Quadrat -->\n  <div style=\"width:92px;height:92px;background:#2563eb;border-radius:14px;display:flex;flex-direction:column;align-items:center;justify-content:center;color:#fff;flex:0 0 auto;\">\n    <div style=\"font-size:44px;line-height:1;font-weight:800;margin-top:2px;\">24<\/div>\n    <div style=\"font-size:11px;letter-spacing:1.6px;text-transform:uppercase;margin-top:6px;opacity:.95;\">Kaizen Live<\/div>\n  <\/div>\n\n  <!-- Datum + Uhrzeit rechts -->\n  <div style=\"flex:1;min-width:0;\">\n    <div style=\"height:3px;width:100%;background:#2563eb;border-radius:2px;margin-bottom:8px;\"><\/div>\n    <div style=\"font-size:15px;color:#111;white-space:nowrap;overflow:hidden;text-overflow:ellipsis;\">\n      Saturday, 01\/24\/2026 \u00b7 23:20 CET\n    <\/div>\n  <\/div>\n<\/div>\n\n\n\n<h3 class=\"wp-block-heading\"><strong>National Guard Deployed in Minneapolis<\/strong><\/h3>\n\n\n\n<figure class=\"wp-block-video alignwide\"><video height=\"480\" style=\"aspect-ratio: 640 \/ 480;\" width=\"640\" controls src=\"https:\/\/kaizen-blog.org\/wp-content\/uploads\/2026\/01\/orlando190-22.mp4\"><\/video><\/figure>\n\n\n\n<div style=\"height:20px\" aria-hidden=\"true\" class=\"wp-block-spacer\"><\/div>\n\n\n\n<p>The National Guard is already on the ground in Minneapolis. Governor Tim Walz has activated the troops, which are being deployed both at the site of the shooting and at a federal building where protests and tense confrontations have been taking place for days. The National Guard is supporting local police there in securing the situation.<\/p>\n\n\n\n<div style=\"height:25px\" aria-hidden=\"true\" class=\"wp-block-spacer\"><\/div>\n\n\n\n<div style=\"display:flex;align-items:center;gap:16px;margin:18px 0;font-family:Lato,Arial,sans-serif;\">\n  <!-- Blaues Quadrat -->\n  <div style=\"width:92px;height:92px;background:#2563eb;border-radius:14px;display:flex;flex-direction:column;align-items:center;justify-content:center;color:#fff;flex:0 0 auto;\">\n    <div style=\"font-size:44px;line-height:1;font-weight:800;margin-top:2px;\">24<\/div>\n    <div style=\"font-size:11px;letter-spacing:1.6px;text-transform:uppercase;margin-top:6px;opacity:.95;\">Kaizen Live<\/div>\n  <\/div>\n\n  <!-- Datum + Uhrzeit rechts -->\n  <div style=\"flex:1;min-width:0;\">\n    <div style=\"height:3px;width:100%;background:#2563eb;border-radius:2px;margin-bottom:8px;\"><\/div>\n    <div style=\"font-size:15px;color:#111;white-space:nowrap;overflow:hidden;text-overflow:ellipsis;\">\n      Saturday, 01\/24\/2026 \u00b7 23:10 CET\n    <\/div>\n  <\/div>\n<\/div>\n\n\n\n<h3 class=\"wp-block-heading\"><strong>National Guard Moves In - Minneapolis Remains on Edge<\/strong><\/h3>\n\n\n\n<figure class=\"wp-block-image alignwide size-full\"><img data-recalc-dims=\"1\" loading=\"lazy\" decoding=\"async\" width=\"640\" height=\"354\" src=\"https:\/\/i0.wp.com\/kaizen-blog.org\/wp-content\/uploads\/2026\/01\/kaizennewsday-2026-01-24T233806.767.webp?resize=640%2C354&#038;ssl=1\" alt=\"\" class=\"wp-image-27145\" srcset=\"https:\/\/i0.wp.com\/kaizen-blog.org\/wp-content\/uploads\/2026\/01\/kaizennewsday-2026-01-24T233806.767.webp?w=905&amp;ssl=1 905w, https:\/\/i0.wp.com\/kaizen-blog.org\/wp-content\/uploads\/2026\/01\/kaizennewsday-2026-01-24T233806.767.webp?resize=18%2C10&amp;ssl=1 18w, https:\/\/i0.wp.com\/kaizen-blog.org\/wp-content\/uploads\/2026\/01\/kaizennewsday-2026-01-24T233806.767.webp?resize=300%2C166&amp;ssl=1 300w, https:\/\/i0.wp.com\/kaizen-blog.org\/wp-content\/uploads\/2026\/01\/kaizennewsday-2026-01-24T233806.767.webp?resize=768%2C424&amp;ssl=1 768w\" sizes=\"auto, (max-width: 640px) 100vw, 640px\" \/><\/figure>\n\n\n\n<p>After the fatal shot fired by a federal agent in Minneapolis, the governor of Minnesota has activated the National Guard. The decision was made in light of growing protests following the death of 37-year-old Alex Jeffrey Pretti, who was shot by a Border Patrol agent. Pretti, an intensive care nurse working in an intensive care unit, was identified by his parents. The agent who fired the shot has been in service for eight years. The National Guard is now supporting local police both at the scene of the shooting and at a federal building where tense confrontations have been taking place for days. The incident occurred just over one mile from the location where Renee Good was killed in an immigration enforcement operation in early January. Since then, Minneapolis and St. Paul have been under continuous protest. With the activation of the National Guard, the situation reaches a new level of escalation. The city is once again experiencing how quickly deadly violence, political decisions, and public anger become intertwined.<\/p>\n\n\n\n<div style=\"height:25px\" aria-hidden=\"true\" class=\"wp-block-spacer\"><\/div>\n\n\n\n<div style=\"display:flex;align-items:center;gap:16px;margin:18px 0;font-family:Lato,Arial,sans-serif;\">\n  <!-- Blaues Quadrat -->\n  <div style=\"width:92px;height:92px;background:#2563eb;border-radius:14px;display:flex;flex-direction:column;align-items:center;justify-content:center;color:#fff;flex:0 0 auto;\">\n    <div style=\"font-size:44px;line-height:1;font-weight:800;margin-top:2px;\">24<\/div>\n    <div style=\"font-size:11px;letter-spacing:1.6px;text-transform:uppercase;margin-top:6px;opacity:.95;\">Kaizen Live<\/div>\n  <\/div>\n\n  <!-- Datum + Uhrzeit rechts -->\n  <div style=\"flex:1;min-width:0;\">\n    <div style=\"height:3px;width:100%;background:#2563eb;border-radius:2px;margin-bottom:8px;\"><\/div>\n    <div style=\"font-size:15px;color:#111;white-space:nowrap;overflow:hidden;text-overflow:ellipsis;\">\n      Saturday, 01\/24\/2026 \u00b7 22:45 CET\n    <\/div>\n  <\/div>\n<\/div>\n\n\n\n<h3 class=\"wp-block-heading\"><strong>ICE over Minnesota - Hegseth Escalates Publicly<\/strong><\/h3>\n\n\n\n<figure class=\"wp-block-image alignwide size-large\"><img data-recalc-dims=\"1\" loading=\"lazy\" decoding=\"async\" width=\"640\" height=\"192\" src=\"https:\/\/i0.wp.com\/kaizen-blog.org\/wp-content\/uploads\/2026\/01\/hegsethMNIC24.webp?resize=640%2C192&#038;ssl=1\" alt=\"\" class=\"wp-image-27134\" srcset=\"https:\/\/i0.wp.com\/kaizen-blog.org\/wp-content\/uploads\/2026\/01\/hegsethMNIC24.webp?resize=1024%2C307&amp;ssl=1 1024w, https:\/\/i0.wp.com\/kaizen-blog.org\/wp-content\/uploads\/2026\/01\/hegsethMNIC24.webp?resize=18%2C5&amp;ssl=1 18w, https:\/\/i0.wp.com\/kaizen-blog.org\/wp-content\/uploads\/2026\/01\/hegsethMNIC24.webp?resize=300%2C90&amp;ssl=1 300w, https:\/\/i0.wp.com\/kaizen-blog.org\/wp-content\/uploads\/2026\/01\/hegsethMNIC24.webp?resize=768%2C230&amp;ssl=1 768w, https:\/\/i0.wp.com\/kaizen-blog.org\/wp-content\/uploads\/2026\/01\/hegsethMNIC24.webp?w=1168&amp;ssl=1 1168w\" sizes=\"auto, (max-width: 640px) 100vw, 640px\" \/><\/figure>\n\n\n\n<div style=\"height:20px\" aria-hidden=\"true\" class=\"wp-block-spacer\"><\/div>\n\n\n\n<p>U.S. Secretary of Defense Pete Hegseth has demonstratively positioned himself behind the immigration agency ICE and launched a frontal attack on Minnesota\u2019s political leadership. In a post on the platform X, he thanked the officers involved and declared that they have one hundred percent support. At the same time, he sharply attacked those responsible in the state and insulted demonstrators in the streets. He formulated his central message unambiguously: ICE is more important than Minnesota. The wording marks a further sharpening of the tone from Washington amid an already tense situation. The statement is particularly explosive because Hegseth himself was born and raised in Minnesota. While protests, mourning, and demands for clarification are growing on the ground, the federal government is opting for open confrontation. Observers see this not as an attempt at calming the situation, but as a deliberate signal to place federal authorities above local politics and public criticism.<\/p>\n\n\n\n<div style=\"height:25px\" aria-hidden=\"true\" class=\"wp-block-spacer\"><\/div>\n\n\n\n<div style=\"display:flex;align-items:center;gap:16px;margin:18px 0;font-family:Lato,Arial,sans-serif;\">\n  <!-- Blaues Quadrat -->\n  <div style=\"width:92px;height:92px;background:#2563eb;border-radius:14px;display:flex;flex-direction:column;align-items:center;justify-content:center;color:#fff;flex:0 0 auto;\">\n    <div style=\"font-size:44px;line-height:1;font-weight:800;margin-top:2px;\">24<\/div>\n    <div style=\"font-size:11px;letter-spacing:1.6px;text-transform:uppercase;margin-top:6px;opacity:.95;\">Kaizen Live<\/div>\n  <\/div>\n\n  <!-- Datum + Uhrzeit rechts -->\n  <div style=\"flex:1;min-width:0;\">\n    <div style=\"height:3px;width:100%;background:#2563eb;border-radius:2px;margin-bottom:8px;\"><\/div>\n    <div style=\"font-size:15px;color:#111;white-space:nowrap;overflow:hidden;text-overflow:ellipsis;\">\n      Saturday, 01\/24\/2026 \u00b7 22:10 CET\n    <\/div>\n  <\/div>\n<\/div>\n\n\n\n<h3 class=\"wp-block-heading\"><strong>Rosen Draws a Red Line on ICE Funding<\/strong><\/h3>\n\n\n\n<p>Democratic Senator Jacky Rosen of Nevada has announced that she will vote against any budget legislation that includes funding for the immigration agency ICE. The decision followed the fatal shooting by a federal agent in Minneapolis and marks a clear escalation of the internal party debate. Rosen, who is considered a moderate and who in the past has repeatedly voted with Republicans, speaks of an abuse of power that can no longer be tolerated. The actions of ICE in Minneapolis and in other parts of the country are un-American and must not become normal. In her view, a clear political limitation of the agency is overdue. The move comes at a time when the Senate is debating a comprehensive funding package that also includes the Department of Homeland Security and is intended to prevent an impending government shutdown. With her announcement, Rosen increases pressure on her own party and signals that there will be no approval without consequences.<\/p>\n\n\n\n<div style=\"height:25px\" aria-hidden=\"true\" class=\"wp-block-spacer\"><\/div>\n\n\n\n<div style=\"display:flex;align-items:center;gap:16px;margin:18px 0;font-family:Lato,Arial,sans-serif;\">\n  <!-- Blaues Quadrat -->\n  <div style=\"width:92px;height:92px;background:#2563eb;border-radius:14px;display:flex;flex-direction:column;align-items:center;justify-content:center;color:#fff;flex:0 0 auto;\">\n    <div style=\"font-size:44px;line-height:1;font-weight:800;margin-top:2px;\">24<\/div>\n    <div style=\"font-size:11px;letter-spacing:1.6px;text-transform:uppercase;margin-top:6px;opacity:.95;\">Kaizen Live<\/div>\n  <\/div>\n\n  <!-- Datum + Uhrzeit rechts -->\n  <div style=\"flex:1;min-width:0;\">\n    <div style=\"height:3px;width:100%;background:#2563eb;border-radius:2px;margin-bottom:8px;\"><\/div>\n    <div style=\"font-size:15px;color:#111;white-space:nowrap;overflow:hidden;text-overflow:ellipsis;\">\n      Saturday, 01\/24\/2026 \u00b7 21:50 CET\n    <\/div>\n  <\/div>\n<\/div>\n\n\n\n<h3 class=\"wp-block-heading\">Top Democrat Calls for Noem\u2019s Removal from Office<\/h3>\n\n\n\n<p>The highest-ranking Democrat on the U.S. House Homeland Security Committee, Bennie Thompson, has openly called for the removal from office of Homeland Security Secretary Kristi Noem. The trigger is the contradictory and, in his view, whitewashing statements by the administration regarding the fatal operation by federal agents. Thompson accused the Trump administration of respecting fundamental rights only when it is politically convenient and spoke of a concept of the state that is incompatible with democratic principles. He was particularly critical of the selective interpretation of freedom of speech and gun rights. At the same time, he called on the Democratic caucus in the U.S. Senate to withhold approval of a recently passed funding bill for the Department of Homeland Security. Thompson described the events as un-American and stated that the House of Representatives must immediately initiate steps to remove Noem from office.<\/p>\n\n\n\n<div style=\"height:25px\" aria-hidden=\"true\" class=\"wp-block-spacer\"><\/div>\n\n\n\n<div style=\"display:flex;align-items:center;gap:16px;margin:18px 0;font-family:Lato,Arial,sans-serif;\">\n  <!-- Blaues Quadrat -->\n  <div style=\"width:92px;height:92px;background:#2563eb;border-radius:14px;display:flex;flex-direction:column;align-items:center;justify-content:center;color:#fff;flex:0 0 auto;\">\n    <div style=\"font-size:44px;line-height:1;font-weight:800;margin-top:2px;\">24<\/div>\n    <div style=\"font-size:11px;letter-spacing:1.6px;text-transform:uppercase;margin-top:6px;opacity:.95;\">Kaizen Live<\/div>\n  <\/div>\n\n  <!-- Datum + Uhrzeit rechts -->\n  <div style=\"flex:1;min-width:0;\">\n    <div style=\"height:3px;width:100%;background:#2563eb;border-radius:2px;margin-bottom:8px;\"><\/div>\n    <div style=\"font-size:15px;color:#111;white-space:nowrap;overflow:hidden;text-overflow:ellipsis;\">\n      Saturday, 01\/24\/2026 \u00b7 21:30 CET\n    <\/div>\n  <\/div>\n<\/div>\n\n\n\n<figure class=\"wp-block-video\"><video height=\"360\" style=\"aspect-ratio: 640 \/ 360;\" width=\"640\" controls src=\"https:\/\/kaizen-blog.org\/wp-content\/uploads\/2026\/01\/memorial.mp4\"><\/video><\/figure>\n\n\n\n<blockquote class=\"wp-block-quote is-layout-flow wp-block-quote-is-layout-flow\">\n<p>At the site of the shooting, people have begun to lay flowers and candles. More and more people are gathering.<\/p>\n<\/blockquote>\n\n\n\n<div style=\"height:25px\" aria-hidden=\"true\" class=\"wp-block-spacer\"><\/div>\n\n\n\n<div style=\"  background:#ffffff;  border:2px solid #1E4F9A;  border-radius:10px;  padding:12px 14px;  margin:22px 0;  font:400 14px\/1.55 -apple-system,BlinkMacSystemFont,'Segoe UI',Roboto,Arial;  color:#000000;\">\n\n  <div style=\"font-size:0.95rem; font-weight:700; margin-bottom:10px;\">\n    Dear readers,\n  <\/div>\n\n  <div style=\"margin-bottom:10px;\">\n    We do not report from a distance, but on the ground. Where decisions impact people and history is made. We document what would otherwise disappear and give those affected a voice.\n  <\/div>\n\n  <div style=\"margin-bottom:10px;\">\n    Our work does not end with writing. We provide direct assistance and actively work to uphold human rights and international law \u2013 against abuse of power and right-wing populist politics.\n  <\/div>\n\n  <div>\n    <strong>Your support makes this work possible.<\/strong>\n  <\/div>\n\n  <div style=\"height:14px;\"><\/div>\n\n  <a href=\"https:\/\/kaizen-blog.org\/en\/unterstuetzen-sie-unser-arbeit\/\"\n     style=\"       display:inline-block;       padding:7px 14px;       background:#1E4F9A;       color:#ffffff;       font-weight:700;       border-radius:9999px;       text-decoration:none;       font-size:.82rem;       box-shadow:0 4px 12px rgba(30,79,154,.35);     \">\n     Support Kaizen\n  <\/a>\n\n<\/div>\n\n\n\n<div style=\"height:100px\" aria-hidden=\"true\" class=\"wp-block-spacer\"><\/div>\n<div class=\"gsp_post_data\" \r\n\t            data-post_type=\"post\" \r\n\t            data-cat=\"kaizen-live,topstory\" \r\n\t            data-modified=\"120\"\r\n\t            data-created=\"1769333448\"\r\n\t            data-title=\"Live: T\u00f6dlicher ICE-Einsatz in Minneapolis\" \r\n\t            data-home=\"https:\/\/kaizen-blog.org\/en\/\"><\/div>","protected":false},"excerpt":{"rendered":"<p>Zum Artikel: Sch\u00fcsse im Gedr\u00e4nge \u2013 Minneapolis am Rand der Eskalation \u2013 Das war Mord Dieses Bild der New York Times ist eine Mahnung, eine Mahnung, dass ein unschuldiger Mensch erschossen wurde und keine \u00e4rztliche Versorgung erhielt. Dieses Bild ist eine Mahnung, was Rechtspopulismus und Faschismus bedeuten. Daf\u00fcr gibt es ein Wort: Leichenfledderei 24 Kaizen [&hellip;]<\/p>\n","protected":false},"author":4,"featured_media":26983,"comment_status":"open","ping_status":"open","sticky":false,"template":"","format":"standard","meta":{"_jetpack_memberships_contains_paid_content":false,"footnotes":"","jetpack_publicize_message":"","jetpack_publicize_feature_enabled":true,"jetpack_social_post_already_shared":true,"jetpack_social_options":{"image_generator_settings":{"template":"highway","default_image_id":0,"font":"","enabled":false},"version":2}},"categories":[85,7],"tags":[],"class_list":["post-27132","post","type-post","status-publish","format-standard","has-post-thumbnail","hentry","category-kaizen-live","category-topstory"],"featured_image_src":"https:\/\/i0.wp.com\/kaizen-blog.org\/wp-content\/uploads\/2026\/01\/kaizennewsday-2026-01-23T205303.470.webp?fit=905%2C500&ssl=1","author_info":{"display_name":"TEAM KAIZEN BLOG","author_link":"https:\/\/kaizen-blog.org\/en\/author\/team-kaizen-2\/"},"yoast_head":"<!-- This site is optimized with the Yoast SEO plugin v27.4 - https:\/\/yoast.com\/product\/yoast-seo-wordpress\/ -->\n<title>Live: T\u00f6dlicher ICE-Einsatz in Minneapolis - The Kaizen Blog<\/title>\n<meta name=\"robots\" content=\"index, follow, max-snippet:-1, max-image-preview:large, max-video-preview:-1\" \/>\n<link rel=\"canonical\" href=\"https:\/\/kaizen-blog.org\/en\/live-toedlicher-ice-einsatz-in-minneapolis\/\" \/>\n<meta property=\"og:locale\" content=\"en_US\" \/>\n<meta property=\"og:type\" content=\"article\" \/>\n<meta property=\"og:title\" content=\"Live: T\u00f6dlicher ICE-Einsatz in Minneapolis\" \/>\n<meta property=\"og:description\" content=\"Zum Artikel: Sch\u00fcsse im Gedr\u00e4nge \u2013 Minneapolis am Rand der Eskalation \u2013 Das war Mord Dieses Bild der New York Times ist eine Mahnung, eine Mahnung, dass ein unschuldiger Mensch erschossen wurde und keine \u00e4rztliche Versorgung erhielt. Dieses Bild ist eine Mahnung, was Rechtspopulismus und Faschismus bedeuten. Daf\u00fcr gibt es ein Wort: Leichenfledderei 24 Kaizen [&hellip;]\" \/>\n<meta property=\"og:url\" content=\"https:\/\/kaizen-blog.org\/en\/live-toedlicher-ice-einsatz-in-minneapolis\/\" \/>\n<meta property=\"og:site_name\" content=\"The Kaizen Blog\" \/>\n<meta property=\"article:publisher\" content=\"https:\/\/www.facebook.com\/rainer.hofmann.2025\/\" \/>\n<meta property=\"article:published_time\" content=\"2026-01-25T08:30:48+00:00\" \/>\n<meta property=\"article:modified_time\" content=\"2026-01-25T08:30:51+00:00\" \/>\n<meta property=\"og:image\" content=\"https:\/\/kaizen-blog.org\/wp-content\/uploads\/2026\/01\/kaizennewsday-2026-01-23T205303.470.webp\" \/>\n\t<meta property=\"og:image:width\" content=\"905\" \/>\n\t<meta property=\"og:image:height\" content=\"500\" \/>\n\t<meta property=\"og:image:type\" content=\"image\/webp\" \/>\n<meta name=\"author\" content=\"TEAM KAIZEN BLOG\" \/>\n<meta name=\"twitter:card\" content=\"summary_large_image\" \/>\n<meta name=\"twitter:label1\" content=\"Written by\" \/>\n\t<meta name=\"twitter:data1\" content=\"TEAM KAIZEN BLOG\" \/>\n\t<meta name=\"twitter:label2\" content=\"Est. reading time\" \/>\n\t<meta name=\"twitter:data2\" content=\"13 minutes\" \/>\n<script type=\"application\/ld+json\" class=\"yoast-schema-graph\">{\"@context\":\"https:\\\/\\\/schema.org\",\"@graph\":[{\"@type\":\"Article\",\"@id\":\"https:\\\/\\\/kaizen-blog.org\\\/live-toedlicher-ice-einsatz-in-minneapolis\\\/#article\",\"isPartOf\":{\"@id\":\"https:\\\/\\\/kaizen-blog.org\\\/live-toedlicher-ice-einsatz-in-minneapolis\\\/\"},\"author\":{\"name\":\"TEAM KAIZEN BLOG\",\"@id\":\"https:\\\/\\\/kaizen-blog.org\\\/#\\\/schema\\\/person\\\/2350bb6dc34529fb49a12895a8a76096\"},\"headline\":\"Live: T\u00f6dlicher ICE-Einsatz in Minneapolis\",\"datePublished\":\"2026-01-25T08:30:48+00:00\",\"dateModified\":\"2026-01-25T08:30:51+00:00\",\"mainEntityOfPage\":{\"@id\":\"https:\\\/\\\/kaizen-blog.org\\\/live-toedlicher-ice-einsatz-in-minneapolis\\\/\"},\"wordCount\":1975,\"commentCount\":8,\"image\":{\"@id\":\"https:\\\/\\\/kaizen-blog.org\\\/live-toedlicher-ice-einsatz-in-minneapolis\\\/#primaryimage\"},\"thumbnailUrl\":\"https:\\\/\\\/i0.wp.com\\\/kaizen-blog.org\\\/wp-content\\\/uploads\\\/2026\\\/01\\\/kaizennewsday-2026-01-23T205303.470.webp?fit=905%2C500&ssl=1\",\"articleSection\":[\"Kaizen Live\",\"Topstory\"],\"inLanguage\":\"en-US\",\"potentialAction\":[{\"@type\":\"CommentAction\",\"name\":\"Comment\",\"target\":[\"https:\\\/\\\/kaizen-blog.org\\\/live-toedlicher-ice-einsatz-in-minneapolis\\\/#respond\"]}]},{\"@type\":\"WebPage\",\"@id\":\"https:\\\/\\\/kaizen-blog.org\\\/live-toedlicher-ice-einsatz-in-minneapolis\\\/\",\"url\":\"https:\\\/\\\/kaizen-blog.org\\\/live-toedlicher-ice-einsatz-in-minneapolis\\\/\",\"name\":\"Live: T\u00f6dlicher ICE-Einsatz in Minneapolis - The Kaizen Blog\",\"isPartOf\":{\"@id\":\"https:\\\/\\\/kaizen-blog.org\\\/#website\"},\"primaryImageOfPage\":{\"@id\":\"https:\\\/\\\/kaizen-blog.org\\\/live-toedlicher-ice-einsatz-in-minneapolis\\\/#primaryimage\"},\"image\":{\"@id\":\"https:\\\/\\\/kaizen-blog.org\\\/live-toedlicher-ice-einsatz-in-minneapolis\\\/#primaryimage\"},\"thumbnailUrl\":\"https:\\\/\\\/i0.wp.com\\\/kaizen-blog.org\\\/wp-content\\\/uploads\\\/2026\\\/01\\\/kaizennewsday-2026-01-23T205303.470.webp?fit=905%2C500&ssl=1\",\"datePublished\":\"2026-01-25T08:30:48+00:00\",\"dateModified\":\"2026-01-25T08:30:51+00:00\",\"author\":{\"@id\":\"https:\\\/\\\/kaizen-blog.org\\\/#\\\/schema\\\/person\\\/2350bb6dc34529fb49a12895a8a76096\"},\"breadcrumb\":{\"@id\":\"https:\\\/\\\/kaizen-blog.org\\\/live-toedlicher-ice-einsatz-in-minneapolis\\\/#breadcrumb\"},\"inLanguage\":\"en-US\",\"potentialAction\":[{\"@type\":\"ReadAction\",\"target\":[\"https:\\\/\\\/kaizen-blog.org\\\/live-toedlicher-ice-einsatz-in-minneapolis\\\/\"]}]},{\"@type\":\"ImageObject\",\"inLanguage\":\"en-US\",\"@id\":\"https:\\\/\\\/kaizen-blog.org\\\/live-toedlicher-ice-einsatz-in-minneapolis\\\/#primaryimage\",\"url\":\"https:\\\/\\\/i0.wp.com\\\/kaizen-blog.org\\\/wp-content\\\/uploads\\\/2026\\\/01\\\/kaizennewsday-2026-01-23T205303.470.webp?fit=905%2C500&ssl=1\",\"contentUrl\":\"https:\\\/\\\/i0.wp.com\\\/kaizen-blog.org\\\/wp-content\\\/uploads\\\/2026\\\/01\\\/kaizennewsday-2026-01-23T205303.470.webp?fit=905%2C500&ssl=1\",\"width\":905,\"height\":500},{\"@type\":\"BreadcrumbList\",\"@id\":\"https:\\\/\\\/kaizen-blog.org\\\/live-toedlicher-ice-einsatz-in-minneapolis\\\/#breadcrumb\",\"itemListElement\":[{\"@type\":\"ListItem\",\"position\":1,\"name\":\"Startseite\",\"item\":\"https:\\\/\\\/kaizen-blog.org\\\/\"},{\"@type\":\"ListItem\",\"position\":2,\"name\":\"Live: T\u00f6dlicher ICE-Einsatz in Minneapolis\"}]},{\"@type\":\"WebSite\",\"@id\":\"https:\\\/\\\/kaizen-blog.org\\\/#website\",\"url\":\"https:\\\/\\\/kaizen-blog.org\\\/\",\"name\":\"The Kaizen Blog\",\"description\":\"Investigativer Journalismus\",\"potentialAction\":[{\"@type\":\"SearchAction\",\"target\":{\"@type\":\"EntryPoint\",\"urlTemplate\":\"https:\\\/\\\/kaizen-blog.org\\\/?s={search_term_string}\"},\"query-input\":{\"@type\":\"PropertyValueSpecification\",\"valueRequired\":true,\"valueName\":\"search_term_string\"}}],\"inLanguage\":\"en-US\"},{\"@type\":\"Person\",\"@id\":\"https:\\\/\\\/kaizen-blog.org\\\/#\\\/schema\\\/person\\\/2350bb6dc34529fb49a12895a8a76096\",\"name\":\"TEAM KAIZEN BLOG\",\"image\":{\"@type\":\"ImageObject\",\"inLanguage\":\"en-US\",\"@id\":\"https:\\\/\\\/kaizen-blog.org\\\/wp-content\\\/uploads\\\/avatars\\\/4\\\/1762994133-bpfull.jpg\",\"url\":\"https:\\\/\\\/kaizen-blog.org\\\/wp-content\\\/uploads\\\/avatars\\\/4\\\/1762994133-bpfull.jpg\",\"contentUrl\":\"https:\\\/\\\/kaizen-blog.org\\\/wp-content\\\/uploads\\\/avatars\\\/4\\\/1762994133-bpfull.jpg\",\"caption\":\"TEAM KAIZEN BLOG\"},\"url\":\"https:\\\/\\\/kaizen-blog.org\\\/en\\\/author\\\/team-kaizen-2\\\/\"}]}<\/script>\n<!-- \/ Yoast SEO plugin. -->","yoast_head_json":{"title":"Live: T\u00f6dlicher ICE-Einsatz in Minneapolis - The Kaizen Blog","robots":{"index":"index","follow":"follow","max-snippet":"max-snippet:-1","max-image-preview":"max-image-preview:large","max-video-preview":"max-video-preview:-1"},"canonical":"https:\/\/kaizen-blog.org\/en\/live-toedlicher-ice-einsatz-in-minneapolis\/","og_locale":"en_US","og_type":"article","og_title":"Live: T\u00f6dlicher ICE-Einsatz in Minneapolis","og_description":"Zum Artikel: Sch\u00fcsse im Gedr\u00e4nge \u2013 Minneapolis am Rand der Eskalation \u2013 Das war Mord Dieses Bild der New York Times ist eine Mahnung, eine Mahnung, dass ein unschuldiger Mensch erschossen wurde und keine \u00e4rztliche Versorgung erhielt. Dieses Bild ist eine Mahnung, was Rechtspopulismus und Faschismus bedeuten. Daf\u00fcr gibt es ein Wort: Leichenfledderei 24 Kaizen [&hellip;]","og_url":"https:\/\/kaizen-blog.org\/en\/live-toedlicher-ice-einsatz-in-minneapolis\/","og_site_name":"The Kaizen Blog","article_publisher":"https:\/\/www.facebook.com\/rainer.hofmann.2025\/","article_published_time":"2026-01-25T08:30:48+00:00","article_modified_time":"2026-01-25T08:30:51+00:00","og_image":[{"width":905,"height":500,"url":"https:\/\/kaizen-blog.org\/wp-content\/uploads\/2026\/01\/kaizennewsday-2026-01-23T205303.470.webp","type":"image\/webp"}],"author":"TEAM KAIZEN BLOG","twitter_card":"summary_large_image","twitter_misc":{"Written by":"TEAM KAIZEN BLOG","Est. reading time":"13 minutes"},"schema":{"@context":"https:\/\/schema.org","@graph":[{"@type":"Article","@id":"https:\/\/kaizen-blog.org\/live-toedlicher-ice-einsatz-in-minneapolis\/#article","isPartOf":{"@id":"https:\/\/kaizen-blog.org\/live-toedlicher-ice-einsatz-in-minneapolis\/"},"author":{"name":"TEAM KAIZEN BLOG","@id":"https:\/\/kaizen-blog.org\/#\/schema\/person\/2350bb6dc34529fb49a12895a8a76096"},"headline":"Live: T\u00f6dlicher ICE-Einsatz in Minneapolis","datePublished":"2026-01-25T08:30:48+00:00","dateModified":"2026-01-25T08:30:51+00:00","mainEntityOfPage":{"@id":"https:\/\/kaizen-blog.org\/live-toedlicher-ice-einsatz-in-minneapolis\/"},"wordCount":1975,"commentCount":8,"image":{"@id":"https:\/\/kaizen-blog.org\/live-toedlicher-ice-einsatz-in-minneapolis\/#primaryimage"},"thumbnailUrl":"https:\/\/i0.wp.com\/kaizen-blog.org\/wp-content\/uploads\/2026\/01\/kaizennewsday-2026-01-23T205303.470.webp?fit=905%2C500&ssl=1","articleSection":["Kaizen Live","Topstory"],"inLanguage":"en-US","potentialAction":[{"@type":"CommentAction","name":"Comment","target":["https:\/\/kaizen-blog.org\/live-toedlicher-ice-einsatz-in-minneapolis\/#respond"]}]},{"@type":"WebPage","@id":"https:\/\/kaizen-blog.org\/live-toedlicher-ice-einsatz-in-minneapolis\/","url":"https:\/\/kaizen-blog.org\/live-toedlicher-ice-einsatz-in-minneapolis\/","name":"Live: T\u00f6dlicher ICE-Einsatz in Minneapolis - The Kaizen Blog","isPartOf":{"@id":"https:\/\/kaizen-blog.org\/#website"},"primaryImageOfPage":{"@id":"https:\/\/kaizen-blog.org\/live-toedlicher-ice-einsatz-in-minneapolis\/#primaryimage"},"image":{"@id":"https:\/\/kaizen-blog.org\/live-toedlicher-ice-einsatz-in-minneapolis\/#primaryimage"},"thumbnailUrl":"https:\/\/i0.wp.com\/kaizen-blog.org\/wp-content\/uploads\/2026\/01\/kaizennewsday-2026-01-23T205303.470.webp?fit=905%2C500&ssl=1","datePublished":"2026-01-25T08:30:48+00:00","dateModified":"2026-01-25T08:30:51+00:00","author":{"@id":"https:\/\/kaizen-blog.org\/#\/schema\/person\/2350bb6dc34529fb49a12895a8a76096"},"breadcrumb":{"@id":"https:\/\/kaizen-blog.org\/live-toedlicher-ice-einsatz-in-minneapolis\/#breadcrumb"},"inLanguage":"en-US","potentialAction":[{"@type":"ReadAction","target":["https:\/\/kaizen-blog.org\/live-toedlicher-ice-einsatz-in-minneapolis\/"]}]},{"@type":"ImageObject","inLanguage":"en-US","@id":"https:\/\/kaizen-blog.org\/live-toedlicher-ice-einsatz-in-minneapolis\/#primaryimage","url":"https:\/\/i0.wp.com\/kaizen-blog.org\/wp-content\/uploads\/2026\/01\/kaizennewsday-2026-01-23T205303.470.webp?fit=905%2C500&ssl=1","contentUrl":"https:\/\/i0.wp.com\/kaizen-blog.org\/wp-content\/uploads\/2026\/01\/kaizennewsday-2026-01-23T205303.470.webp?fit=905%2C500&ssl=1","width":905,"height":500},{"@type":"BreadcrumbList","@id":"https:\/\/kaizen-blog.org\/live-toedlicher-ice-einsatz-in-minneapolis\/#breadcrumb","itemListElement":[{"@type":"ListItem","position":1,"name":"Startseite","item":"https:\/\/kaizen-blog.org\/"},{"@type":"ListItem","position":2,"name":"Live: T\u00f6dlicher ICE-Einsatz in Minneapolis"}]},{"@type":"WebSite","@id":"https:\/\/kaizen-blog.org\/#website","url":"https:\/\/kaizen-blog.org\/","name":"The Kaizen Blog","description":"Investigative Journalism","potentialAction":[{"@type":"SearchAction","target":{"@type":"EntryPoint","urlTemplate":"https:\/\/kaizen-blog.org\/?s={search_term_string}"},"query-input":{"@type":"PropertyValueSpecification","valueRequired":true,"valueName":"search_term_string"}}],"inLanguage":"en-US"},{"@type":"Person","@id":"https:\/\/kaizen-blog.org\/#\/schema\/person\/2350bb6dc34529fb49a12895a8a76096","name":"TEAM KAIZEN BLOG","image":{"@type":"ImageObject","inLanguage":"en-US","@id":"https:\/\/kaizen-blog.org\/wp-content\/uploads\/avatars\/4\/1762994133-bpfull.jpg","url":"https:\/\/kaizen-blog.org\/wp-content\/uploads\/avatars\/4\/1762994133-bpfull.jpg","contentUrl":"https:\/\/kaizen-blog.org\/wp-content\/uploads\/avatars\/4\/1762994133-bpfull.jpg","caption":"TEAM KAIZEN BLOG"},"url":"https:\/\/kaizen-blog.org\/en\/author\/team-kaizen-2\/"}]}},"jetpack_publicize_connections":[],"jetpack_featured_media_url":"https:\/\/i0.wp.com\/kaizen-blog.org\/wp-content\/uploads\/2026\/01\/kaizennewsday-2026-01-23T205303.470.webp?fit=905%2C500&ssl=1","jetpack_sharing_enabled":true,"jetpack-related-posts":[{"id":27016,"url":"https:\/\/kaizen-blog.org\/en\/live-anti-ice-proteste-minnesota\/","url_meta":{"origin":27132,"position":0},"title":"Live: Anti-ICE-Proteste Minnesota","author":"TEAM KAIZEN BLOG","date":"January 24, 2026","format":false,"excerpt":"Kaizen Live","rel":"","context":"In &quot;Kaizen Live&quot;","block_context":{"text":"Kaizen Live","link":"https:\/\/kaizen-blog.org\/en\/category\/kaizen-live\/"},"img":{"alt_text":"","src":"https:\/\/i0.wp.com\/kaizen-blog.org\/wp-content\/uploads\/2026\/01\/kaizennewsday-2026-01-23T205303.470.webp?fit=905%2C500&ssl=1&resize=350%2C200","width":350,"height":200,"srcset":"https:\/\/i0.wp.com\/kaizen-blog.org\/wp-content\/uploads\/2026\/01\/kaizennewsday-2026-01-23T205303.470.webp?fit=905%2C500&ssl=1&resize=350%2C200 1x, https:\/\/i0.wp.com\/kaizen-blog.org\/wp-content\/uploads\/2026\/01\/kaizennewsday-2026-01-23T205303.470.webp?fit=905%2C500&ssl=1&resize=525%2C300 1.5x, https:\/\/i0.wp.com\/kaizen-blog.org\/wp-content\/uploads\/2026\/01\/kaizennewsday-2026-01-23T205303.470.webp?fit=905%2C500&ssl=1&resize=700%2C400 2x"},"classes":[]},{"id":4578,"url":"https:\/\/kaizen-blog.org\/en\/toedliches-manifest-anschlag-auf-die-demokratie-erschuettert-minnesota\/","url_meta":{"origin":27132,"position":1},"title":"Deadly Manifesto \u2013 Attack on Democracy Shocks Minnesota","author":"Rainer Hofmann","date":"June 14, 2025","format":false,"excerpt":"Es ist kurz nach drei Uhr morgens, als im beschaulichen Brooklyn Park, einem Vorort von Minneapolis, die Stille von Sch\u00fcssen durchbrochen wird. Wenige Minuten sp\u00e4ter stehen zwei H\u00e4user in zwei benachbarten Gemeinden im Zentrum einer gro\u00dfangelegten Fahndung \u2013 ein mutma\u00dflich politisch motivierter Mord an demokratischen Abgeordneten ersch\u00fcttert nicht nur Minnesota,\u2026","rel":"","context":"In &quot;NEWS&quot;","block_context":{"text":"NEWS","link":"https:\/\/kaizen-blog.org\/en\/category\/news\/"},"img":{"alt_text":"","src":"https:\/\/i0.wp.com\/kaizen-blog.org\/wp-content\/uploads\/2025\/06\/homicide.webp?fit=850%2C508&ssl=1&resize=350%2C200","width":350,"height":200,"srcset":"https:\/\/i0.wp.com\/kaizen-blog.org\/wp-content\/uploads\/2025\/06\/homicide.webp?fit=850%2C508&ssl=1&resize=350%2C200 1x, https:\/\/i0.wp.com\/kaizen-blog.org\/wp-content\/uploads\/2025\/06\/homicide.webp?fit=850%2C508&ssl=1&resize=525%2C300 1.5x, https:\/\/i0.wp.com\/kaizen-blog.org\/wp-content\/uploads\/2025\/06\/homicide.webp?fit=850%2C508&ssl=1&resize=700%2C400 2x"},"classes":[]},{"id":4956,"url":"https:\/\/kaizen-blog.org\/en\/der-letzte-telegrammritter\/","url_meta":{"origin":27132,"position":2},"title":"The Last Telegram Knight","author":"Rainer Hofmann","date":"June 17, 2025","format":false,"excerpt":"Es war einmal ein Mann, der in einer Zeit lebte, die l\u00e4ngst vergangen war \u2013 nur wusste er es nicht. Dr. Maximilian Krah, seines Zeichens Bundestagsabgeordneter, X-Prediger und letzter Ritter der verlorenen Logik. Wenn er schreibt, dann schwitzt die Wahrheit. Nicht, weil sie ihm entgleitet, sondern weil sie sich vor\u2026","rel":"","context":"In &quot;AFD - \"No Thanks\"&quot;","block_context":{"text":"AFD - \"No Thanks\"","link":"https:\/\/kaizen-blog.org\/en\/category\/afd-no-thanks\/"},"img":{"alt_text":"","src":"https:\/\/i0.wp.com\/kaizen-blog.org\/wp-content\/uploads\/2025\/06\/krahkrah.webp?fit=850%2C508&ssl=1&resize=350%2C200","width":350,"height":200,"srcset":"https:\/\/i0.wp.com\/kaizen-blog.org\/wp-content\/uploads\/2025\/06\/krahkrah.webp?fit=850%2C508&ssl=1&resize=350%2C200 1x, https:\/\/i0.wp.com\/kaizen-blog.org\/wp-content\/uploads\/2025\/06\/krahkrah.webp?fit=850%2C508&ssl=1&resize=525%2C300 1.5x, https:\/\/i0.wp.com\/kaizen-blog.org\/wp-content\/uploads\/2025\/06\/krahkrah.webp?fit=850%2C508&ssl=1&resize=700%2C400 2x"},"classes":[]},{"id":27111,"url":"https:\/\/kaizen-blog.org\/en\/schuess-im-gedraenge-minneapolis-am-rand-der-eskalation-das-war-mord\/","url_meta":{"origin":27132,"position":3},"title":"Shots in the Crowd \u2013 Minneapolis on the Brink of Escalation \u2013 This Was Murder","author":"Rainer Hofmann","date":"January 24, 2026","format":false,"excerpt":"Am Samstag wurde Minneapolis weiter in einen Zustand gedr\u00e4ngt, der kaum noch als Ausnahme, sondern als neue Realit\u00e4t erscheint. Wieder ist ein Mann durch Sch\u00fcsse von Bundesbeamten gestorben. Alex Pretti, 37 Jahre, Krankenpfleger auf der Intensivstation. Wieder geschah es im Umfeld eines Protestes. Wieder bleiben entscheidende Sekunden unklar. Und wieder\u2026","rel":"","context":"In &quot;Dark America&quot;","block_context":{"text":"Dark America","link":"https:\/\/kaizen-blog.org\/en\/category\/dark-america\/"},"img":{"alt_text":"","src":"https:\/\/i0.wp.com\/kaizen-blog.org\/wp-content\/uploads\/2026\/01\/batch_kaizennewsday-2026-01-24T210940.953.webp?fit=905%2C500&ssl=1&resize=350%2C200","width":350,"height":200,"srcset":"https:\/\/i0.wp.com\/kaizen-blog.org\/wp-content\/uploads\/2026\/01\/batch_kaizennewsday-2026-01-24T210940.953.webp?fit=905%2C500&ssl=1&resize=350%2C200 1x, https:\/\/i0.wp.com\/kaizen-blog.org\/wp-content\/uploads\/2026\/01\/batch_kaizennewsday-2026-01-24T210940.953.webp?fit=905%2C500&ssl=1&resize=525%2C300 1.5x, https:\/\/i0.wp.com\/kaizen-blog.org\/wp-content\/uploads\/2026\/01\/batch_kaizennewsday-2026-01-24T210940.953.webp?fit=905%2C500&ssl=1&resize=700%2C400 2x"},"classes":[]},{"id":4546,"url":"https:\/\/kaizen-blog.org\/en\/am-vorabend-von-trumps-militaerparade-ueber-80-jaehriger-us-veteran-schweigend-verhaftet-in-handschellen-ohne-gehwagen\/","url_meta":{"origin":27132,"position":4},"title":"On the Eve of Trump\u2019s Military Parade: Over-80-Year-Old U.S. Veteran Arrested in Silence \u2013 In Handcuffs, Without a Walker","author":"Rainer Hofmann","date":"June 14, 2025","format":false,"excerpt":"Ein Moment aus Washington, der Fragen aufwirft. Es ist der Abend vor Trumps gro\u00dfer Milit\u00e4rparade. Washington wirkt angespannt, wie unter Glas. Auf den Stra\u00dfen bereitet sich die Hauptstadt auf den 14. Juni vor \u2013 den 250. Jahrestag der US-Armee, den \u201eFlag Day\u201c, und zugleich den 79. Geburtstag von Pr\u00e4sident Donald\u2026","rel":"","context":"In &quot;Dark America&quot;","block_context":{"text":"Dark America","link":"https:\/\/kaizen-blog.org\/en\/category\/dark-america\/"},"img":{"alt_text":"","src":"https:\/\/i0.wp.com\/kaizen-blog.org\/wp-content\/uploads\/2025\/06\/80jaehriger-mann-verhaftet.webp?fit=850%2C508&ssl=1&resize=350%2C200","width":350,"height":200,"srcset":"https:\/\/i0.wp.com\/kaizen-blog.org\/wp-content\/uploads\/2025\/06\/80jaehriger-mann-verhaftet.webp?fit=850%2C508&ssl=1&resize=350%2C200 1x, https:\/\/i0.wp.com\/kaizen-blog.org\/wp-content\/uploads\/2025\/06\/80jaehriger-mann-verhaftet.webp?fit=850%2C508&ssl=1&resize=525%2C300 1.5x, https:\/\/i0.wp.com\/kaizen-blog.org\/wp-content\/uploads\/2025\/06\/80jaehriger-mann-verhaftet.webp?fit=850%2C508&ssl=1&resize=700%2C400 2x"},"classes":[]},{"id":28464,"url":"https:\/\/kaizen-blog.org\/en\/minneapolis-fuer-den-friedensnobelpreis-eine-stadt-zwischen-bundesmacht-und-zivilem-widerstand\/","url_meta":{"origin":27132,"position":5},"title":"Minneapolis for the Nobel Peace Prize - A City Between Federal Power and Civil Resistance","author":"Rainer Hofmann","date":"February 8, 2026","format":false,"excerpt":"Minneapolis ist seit Wochen Schauplatz einer der h\u00e4rtesten innenpolitischen Auseinandersetzungen der Vereinigten Staaten. Bundesbeh\u00f6rden f\u00fchren umfangreiche Einwanderungsma\u00dfnahmen durch, Gerichte sind \u00fcberlastet, Stra\u00dfen werden zu Orten des Protests. Inmitten dieser Lage wurde die Stadt offiziell f\u00fcr den Friedensnobelpreis 2026 nominiert. Die Initiative ging von The Nation aus, einem traditionsreichen progressiven US-Magazin,\u2026","rel":"","context":"In &quot;Topstory&quot;","block_context":{"text":"Topstory","link":"https:\/\/kaizen-blog.org\/en\/category\/topstory\/"},"img":{"alt_text":"","src":"https:\/\/i0.wp.com\/kaizen-blog.org\/wp-content\/uploads\/2026\/02\/batch_kaizennewsday-2026-01-24T052646.164.webp?fit=905%2C500&ssl=1&resize=350%2C200","width":350,"height":200,"srcset":"https:\/\/i0.wp.com\/kaizen-blog.org\/wp-content\/uploads\/2026\/02\/batch_kaizennewsday-2026-01-24T052646.164.webp?fit=905%2C500&ssl=1&resize=350%2C200 1x, https:\/\/i0.wp.com\/kaizen-blog.org\/wp-content\/uploads\/2026\/02\/batch_kaizennewsday-2026-01-24T052646.164.webp?fit=905%2C500&ssl=1&resize=525%2C300 1.5x, https:\/\/i0.wp.com\/kaizen-blog.org\/wp-content\/uploads\/2026\/02\/batch_kaizennewsday-2026-01-24T052646.164.webp?fit=905%2C500&ssl=1&resize=700%2C400 2x"},"classes":[]}],"_links":{"self":[{"href":"https:\/\/kaizen-blog.org\/en\/wp-json\/wp\/v2\/posts\/27132","targetHints":{"allow":["GET"]}}],"collection":[{"href":"https:\/\/kaizen-blog.org\/en\/wp-json\/wp\/v2\/posts"}],"about":[{"href":"https:\/\/kaizen-blog.org\/en\/wp-json\/wp\/v2\/types\/post"}],"author":[{"embeddable":true,"href":"https:\/\/kaizen-blog.org\/en\/wp-json\/wp\/v2\/users\/4"}],"replies":[{"embeddable":true,"href":"https:\/\/kaizen-blog.org\/en\/wp-json\/wp\/v2\/comments?post=27132"}],"version-history":[{"count":0,"href":"https:\/\/kaizen-blog.org\/en\/wp-json\/wp\/v2\/posts\/27132\/revisions"}],"wp:featuredmedia":[{"embeddable":true,"href":"https:\/\/kaizen-blog.org\/en\/wp-json\/wp\/v2\/media\/26983"}],"wp:attachment":[{"href":"https:\/\/kaizen-blog.org\/en\/wp-json\/wp\/v2\/media?parent=27132"}],"wp:term":[{"taxonomy":"category","embeddable":true,"href":"https:\/\/kaizen-blog.org\/en\/wp-json\/wp\/v2\/categories?post=27132"},{"taxonomy":"post_tag","embeddable":true,"href":"https:\/\/kaizen-blog.org\/en\/wp-json\/wp\/v2\/tags?post=27132"}],"curies":[{"name":"wp","href":"https:\/\/api.w.org\/{rel}","templated":true}]}}