{"id":27036,"date":"2026-01-24T02:42:34","date_gmt":"2026-01-24T01:42:34","guid":{"rendered":"https:\/\/kaizen-blog.org\/?p=27036"},"modified":"2026-01-24T12:36:54","modified_gmt":"2026-01-24T11:36:54","slug":"60-millionen-lena-kotre-erklaert-wer-verschwinden-soll-und-man-fuerchtet-die-antwort-weil-sie-so-still-ist","status":"publish","type":"post","link":"https:\/\/kaizen-blog.org\/en\/60-millionen-lena-kotre-erklaert-wer-verschwinden-soll-und-man-fuerchtet-die-antwort-weil-sie-so-still-ist\/","title":{"rendered":"60 Million \u2013 Lena Kotr\u00e9 Explains Who Should Disappear \u2013 And One Fears the Answer Because It Is So Quiet"},"content":{"rendered":"<p>Lena Kotr\u00e9 stood on Thursday next to Martin Sellner and reduced Germany to numbers. Rhetorically more than questionable, unqualifiedly provocative. Eighty-two million people were too many, she said. Sixty million would be enough. This country needs no more than that. It was a right-wing thought experiment, not an inaccuracy. It was a deliberate determination. And she knew exactly what she was doing. Because in the same breath she spoke of around 25 million people with a migration background. The calculation makes itself. Whoever wants to reduce 82 to 60 million and at the same time names a clearly defined group marks a target. What is meant are not only immigrants. What is meant are people with German passports. People who were born here. People who carry this country. Kotr\u00e9 did not speak about migration. She spoke about exclusion. And this exclusion is explicitly directed also against citizens.<\/p>\n\n\n\n<figure class=\"wp-block-video alignwide\"><video height=\"360\" style=\"aspect-ratio: 640 \/ 360;\" width=\"640\" controls src=\"https:\/\/kaizen-blog.org\/wp-content\/uploads\/2026\/01\/afdtrash.mp4\"><\/video><\/figure>\n\n\n\n<div style=\"height:20px\" aria-hidden=\"true\" class=\"wp-block-spacer\"><\/div>\n\n\n\n<p>That she made these statements at a so-called remigration event, together with Martin Sellner, is no coincidence. Sellner has stood for precisely this ideology for years. Populations are not understood as a society, but as a variable size. Those who do not fit are supposed to leave. That Kotr\u00e9 adopts and publicly represents this logic shows how openly the AfD now orients itself toward far-right concepts. Particularly perfidious is the economic justification Kotr\u00e9 adds afterward. Artificial systems would roll over jobs, she says in essence. From that she derives superfluity. People are reduced to numbers. That technological change has always created new work does not interest her. That care work, construction, transport, health care, education would already collapse today without millions of workers with a migration background is ignored. This calculation is not naive, it is a conscious right-wing line of thought designed to deceive her own voters.<\/p>\n\n\n\n<p>Kotr\u00e9 does not speak about qualifications, not about training, not about social responsibility. She speaks about reduction. About cutting away. About a country thinned out until only those deemed the right ones remain. Anyone who thinks this way has said farewell to the social and democratic reality of this country. And here there is nothing left to relativize. Whoever publicly demands that Germany no longer needs millions of people, whoever links this demand to ethnic categories, whoever stands next to a well-known far-right ideologue while doing so, crosses a line. This is not conservative discourse. This is a political declaration of war on the constitutional state and its citizens.<\/p>\n\n\n\n<figure class=\"wp-block-image alignwide size-full\"><img data-recalc-dims=\"1\" loading=\"lazy\" decoding=\"async\" width=\"640\" height=\"354\" src=\"https:\/\/i0.wp.com\/kaizen-blog.org\/wp-content\/uploads\/2026\/01\/batch_kaizennewsday-2026-01-24T021648.928.webp?resize=640%2C354&#038;ssl=1\" alt=\"\" class=\"wp-image-27039\" srcset=\"https:\/\/i0.wp.com\/kaizen-blog.org\/wp-content\/uploads\/2026\/01\/batch_kaizennewsday-2026-01-24T021648.928.webp?w=905&amp;ssl=1 905w, https:\/\/i0.wp.com\/kaizen-blog.org\/wp-content\/uploads\/2026\/01\/batch_kaizennewsday-2026-01-24T021648.928.webp?resize=18%2C10&amp;ssl=1 18w, https:\/\/i0.wp.com\/kaizen-blog.org\/wp-content\/uploads\/2026\/01\/batch_kaizennewsday-2026-01-24T021648.928.webp?resize=300%2C166&amp;ssl=1 300w, https:\/\/i0.wp.com\/kaizen-blog.org\/wp-content\/uploads\/2026\/01\/batch_kaizennewsday-2026-01-24T021648.928.webp?resize=768%2C424&amp;ssl=1 768w\" sizes=\"auto, (max-width: 640px) 100vw, 640px\" \/><\/figure>\n\n\n\n<div style=\"height:20px\" aria-hidden=\"true\" class=\"wp-block-spacer\"><\/div>\n\n\n\n<p>When Martin Sellner was confronted with the simple question of what the actual share of foreigners in Brandenburg is, he failed to provide an answer. Not out of ignorance. Because it is not about numbers for him, not about reality, not about verifiable facts. It is about mood. About the creation of fear. About the deliberate shifting of perception. Truth only interferes. Hatred works better without it.<\/p>\n\n\n\n<figure class=\"wp-block-image alignwide size-full\"><img data-recalc-dims=\"1\" loading=\"lazy\" decoding=\"async\" width=\"640\" height=\"354\" src=\"https:\/\/i0.wp.com\/kaizen-blog.org\/wp-content\/uploads\/2026\/01\/batch_kaizennewsday-2026-01-24T021719.591.webp?resize=640%2C354&#038;ssl=1\" alt=\"\" class=\"wp-image-27038\" srcset=\"https:\/\/i0.wp.com\/kaizen-blog.org\/wp-content\/uploads\/2026\/01\/batch_kaizennewsday-2026-01-24T021719.591.webp?w=905&amp;ssl=1 905w, https:\/\/i0.wp.com\/kaizen-blog.org\/wp-content\/uploads\/2026\/01\/batch_kaizennewsday-2026-01-24T021719.591.webp?resize=18%2C10&amp;ssl=1 18w, https:\/\/i0.wp.com\/kaizen-blog.org\/wp-content\/uploads\/2026\/01\/batch_kaizennewsday-2026-01-24T021719.591.webp?resize=300%2C166&amp;ssl=1 300w, https:\/\/i0.wp.com\/kaizen-blog.org\/wp-content\/uploads\/2026\/01\/batch_kaizennewsday-2026-01-24T021719.591.webp?resize=768%2C424&amp;ssl=1 768w\" sizes=\"auto, (max-width: 640px) 100vw, 640px\" \/><\/figure>\n\n\n\n<div style=\"height:20px\" aria-hidden=\"true\" class=\"wp-block-spacer\"><\/div>\n\n\n\n<p>In Vetschau they stood next to each other as if it were the most normal thing in the world. Martin Sellner spoke. Lena Kotr\u00e9 sat beside him. Lars G\u00fcnther was there. Maximilian Merkel used the space to advertise for the Identitarian Movement. Nothing about it was hectic, nothing accidental. It appeared orderly, almost factual. That is precisely what makes it so dangerous. What was visible there was not radicalism in eruption, but radicalism as a condition. People who believe they have understood reality, even though they have long since turned their backs on it. It was not about numbers, not about Brandenburg, not about truth. It was about a feeling that is cultivated because it provides support: the feeling of having been betrayed. Anyone who needs this feeling stops asking questions.<\/p>\n\n\n\n<p>It is particularly hard to grasp that this belief takes hold so strongly precisely where history is not abstract, but experienced. Where people knew what it meant when language was controlled, when belonging was assessed, when deviation was marked. And yet this very experience seems not to warn, but to seduce. As if what was endured was not understood as a warning, but as a template. This is not a political failure, it is a moral one. A quiet one, almost inconspicuous. A failure to take memory seriously. And it is shameful for all those who once took to the streets for freedom. Not with big words, not with staged outrage, but with mere presence. One inevitably asks: if not now, when then? And one fears the answer because it is so quiet.<\/p>\n\n\n\n<p>Lena Kotr\u00e9 knows what she is saying. And whoever speaks like this must live with being called far-right, because it is the only accurate description. What Lena Kotr\u00e9 and Martin Sellner calculated on stage is now taking on concrete political form. The AfD parliamentary group in the Bavarian state parliament wants to turn words into practice. After its retreat in Upper Bavaria, it openly calls for a special deportation police modeled on the American ICE. A separate unit whose sole purpose is the apprehension, detention, and deportation of people, an explicitly stated goal.<\/p>\n\n\n\n<figure class=\"wp-block-image alignwide size-full\"><img data-recalc-dims=\"1\" loading=\"lazy\" decoding=\"async\" width=\"640\" height=\"354\" src=\"https:\/\/i0.wp.com\/kaizen-blog.org\/wp-content\/uploads\/2026\/01\/kaizennewsday-2026-01-24T022525.748.webp?resize=640%2C354&#038;ssl=1\" alt=\"\" class=\"wp-image-27041\" srcset=\"https:\/\/i0.wp.com\/kaizen-blog.org\/wp-content\/uploads\/2026\/01\/kaizennewsday-2026-01-24T022525.748.webp?w=905&amp;ssl=1 905w, https:\/\/i0.wp.com\/kaizen-blog.org\/wp-content\/uploads\/2026\/01\/kaizennewsday-2026-01-24T022525.748.webp?resize=18%2C10&amp;ssl=1 18w, https:\/\/i0.wp.com\/kaizen-blog.org\/wp-content\/uploads\/2026\/01\/kaizennewsday-2026-01-24T022525.748.webp?resize=300%2C166&amp;ssl=1 300w, https:\/\/i0.wp.com\/kaizen-blog.org\/wp-content\/uploads\/2026\/01\/kaizennewsday-2026-01-24T022525.748.webp?resize=768%2C424&amp;ssl=1 768w\" sizes=\"auto, (max-width: 640px) 100vw, 640px\" \/><\/figure>\n\n\n\n<div style=\"height:20px\" aria-hidden=\"true\" class=\"wp-block-spacer\"><\/div>\n\n\n\n<p>This was presented by Katrin Ebner-Steiner, the chair of the AfD parliamentary group. The name of the planned unit sounds technocratic, almost harmless: Asylum, Investigation and Deportation Group. The logic behind it is not. Whoever wants to deport faster needs more coercion, more access, more permanent control. That is exactly what is meant. The point of orientation is the US agency ICE, built up under Republican administrations, brutally expanded under Donald Trump. ICE does not stand for administration. ICE stands for night raids, for arrests in front of schools, for the apprehension of people at court hearings, for deaths, injuries, traumatized families. For fear as a means of politics. That the AfD explicitly wants to import this model says everything about its understanding of the state. Deportation is for them not an administrative act, but a project of demonstrating power.<\/p>\n\n\n\n<p>This is accompanied by a radical restructuring of the state. Three ministries are to be abolished: environment, science, digitalization. Climate protection agencies are to be eliminated without replacement. Thousands of positions gone. Counseling gone. Oversight gone. At the same time, a new police force is to be built, with aircraft, special powers, and curfews for asylum seekers. Bread, bed, soap. Nothing more. Whoever sells this as security means submission. The break with the constitutional state becomes particularly clear in citizenship policy. A German passport, according to the AfD, should only be for those who are economically exploitable. Low-wage work is not enough. Care, cleaning, logistics do not count. Usefulness replaces equality. By AfD calculation, of tens of thousands of naturalizations only a few hundred would remain. Citizenship becomes a privilege, no longer a right under clear rules.<\/p>\n\n\n\n<p>Children also come into focus. Mandatory language tests for all. Those who fail are sorted out. Support classes without a time limit. No religious education anymore. Control from the beginning. Integration is not promoted, but delayed and punished until it fails. This very failure then serves as proof of the ideology.<\/p>\n\n\n\n<p>We know what we are talking about. We have seen ICE. We have documented what happens when deportation of 75 percent innocent people becomes the central task of the state. When authorities no longer weigh, but hunt. When people disappear because they were at the wrong place at the wrong time. When even citizens are no longer safe because papers, skin color, or accent are enough. What in Germany is still discussed as theory is long since reality in the United States. And it is brutal.<\/p>\n\n\n\n<p>Germany is not a large country. Germany is small, dense, fully surveillable. A system like ICE would have different, faster, deeper consequences here. More control. More fear. More arbitrariness. Anyone who believes this affects only a few is mistaken. Such systems grow. They need targets. And they find them. What is forming here is not a single proposal, but an overall picture. Reduce the population. Dismantle state apparatuses, except where coercion is exercised. Select citizenship. Militarize deportation. Anyone who puts this together recognizes the direction.<\/p>\n\n\n\n<p>It now requires courage. And it requires support. For journalism that looks closely. For documentation that does not allow itself to be intimidated. For people who understand that this is not a fringe issue. We are not speaking from conjecture. We are speaking from experience. We have already looked this in the eye.<\/p>\n\n\n\n<div style=\"height:20px\" aria-hidden=\"true\" class=\"wp-block-spacer\"><\/div>\n\n\n\n<div style=\"  background:#ffffff;  border:2px solid #1E4F9A;  border-radius:10px;  padding:12px 14px;  margin:22px 0;  font:400 14px\/1.55 -apple-system,BlinkMacSystemFont,'Segoe UI',Roboto,Arial;  color:#000000;\">\n\n  <div style=\"font-size:0.95rem; font-weight:700; margin-bottom:10px;\">\n    Dear readers,\n  <\/div>\n\n  <div style=\"margin-bottom:10px;\">\n    We do not report from a distance, but on the ground. Where decisions impact people and history is made. We document what would otherwise disappear and give those affected a voice.\n  <\/div>\n\n  <div style=\"margin-bottom:10px;\">\n    Our work does not end with writing. We provide direct assistance and actively work to uphold human rights and international law \u2013 against abuse of power and right-wing populist politics.\n  <\/div>\n\n  <div>\n    <strong>Your support makes this work possible.<\/strong>\n  <\/div>\n\n  <div style=\"height:14px;\"><\/div>\n\n  <a href=\"https:\/\/kaizen-blog.org\/en\/unterstuetzen-sie-unser-arbeit\/\"\n     style=\"       display:inline-block;       padding:7px 14px;       background:#1E4F9A;       color:#ffffff;       font-weight:700;       border-radius:9999px;       text-decoration:none;       font-size:.82rem;       box-shadow:0 4px 12px rgba(30,79,154,.35);     \">\n     Support Kaizen\n  <\/a>\n\n<\/div>\n\n\n\n<div style=\"height:30px\" aria-hidden=\"true\" class=\"wp-block-spacer\"><\/div>\n\n\n\n<div class=\"kb-news-update-box\" style=\"    max-width: 650px;    margin: 2rem auto;    padding: 1.25rem 1.5rem;    border-radius: 12px;    border: 1px solid rgba(120,120,120,0.4);    background: rgba(15,15,20,0.03);    backdrop-filter: blur(4px);    font-family: system-ui, -apple-system, BlinkMacSystemFont, 'Segoe UI', sans-serif;\">\n  <style>\n    @media (prefers-color-scheme: dark) {\n      .kb-news-update-box {\n        background: rgba(15,15,20,0.9) !important;\n        border-color: rgba(160,160,160,0.4) !important;\n      }\n      .kb-news-update-box h3 {\n        color: #f5f5f5 !important;\n      }\n      .kb-news-update-box p {\n        color: #e0e0e0 !important;\n      }\n      .kb-news-update-box a.kb-news-link {\n        color: #ffb347 !important;\n        border-color: rgba(255,179,71,0.4) !important;\n      }\n      .kb-news-update-box a.kb-news-link:hover {\n        background: rgba(255,179,71,0.12) !important;\n      }\n    }\n  <\/style>\n\n  <h3 style=\"      margin: 0 0 0.5rem 0;      font-size: 1.15rem;      letter-spacing: 0.02em;      text-transform: uppercase;  \">\n    Updates \u2013 Kaizen News Brief\n  <\/h3>\n\n  <p style=\"      margin: 0 0 0.9rem 0;      font-size: 0.95rem;      line-height: 1.5;  \">\n    All current curated daily updates can be found in the Kaizen News Brief. \n  <\/p>\n\n  <!-- Deutscher Button -->\n  <a class=\"kb-news-link\" href=\"https:\/\/kaizen-blog.org\/en\/24-januar-2026-kurznachrichten\/\" style=\"      display: inline-flex;      align-items: center;      gap: 0.4rem;      padding: 0.45rem 0.9rem;      border-radius: 999px;      border: 1px solid rgba(0,0,0,0.12);      font-size: 0.9rem;      text-decoration: none;      color: #004b8d;      transition: background 0.15s ease, transform 0.1s ease, border-color 0.15s ease;      margin-bottom: 0.5rem;      margin-right: 0.4rem;  \">\n    <span style=\"font-weight: 600;\">To the Kaizen News Brief<\/span>\n    <span aria-hidden=\"true\" style=\"font-size: 1.1rem;\">\u2197<\/span>\n  <\/a>\n\n  <!-- Englischer Button -->\n  <a class=\"kb-news-link\" href=\"https:\/\/kaizen-blog.org\/en\/24-januar-2026-kurznachrichten\/\" style=\"      display: inline-flex;      align-items: center;      gap: 0.4rem;      padding: 0.45rem 0.9rem;      border-radius: 999px;      border: 1px solid rgba(0,0,0,0.12);      font-size: 0.9rem;      text-decoration: none;      color: #004b8d;      transition: background 0.15s ease, transform 0.1s ease, border-color 0.15s ease;  \">\n    <span style=\"font-weight: 600;\">In English<\/span>\n    <span aria-hidden=\"true\" style=\"font-size: 1.1rem;\">\u2197<\/span>\n  <\/a>\n\n<\/div>\n\n\n\n<div style=\"height:100px\" aria-hidden=\"true\" class=\"wp-block-spacer\"><\/div>\n<div class=\"gsp_post_data\" \r\n\t            data-post_type=\"post\" \r\n\t            data-cat=\"afd-no-thanks,topstory,trump-s-world\" \r\n\t            data-modified=\"120\"\r\n\t            data-created=\"1769222554\"\r\n\t            data-title=\"60 Millionen \u2013 Lena Kotr\u00e9 erkl\u00e4rt, wer verschwinden soll &#8211; und man f\u00fcrchtet die Antwort, weil sie so still ist\" \r\n\t            data-home=\"https:\/\/kaizen-blog.org\/en\/\"><\/div>","protected":false},"excerpt":{"rendered":"<p>Lena Kotr\u00e9 stellte sich am Donnerstag neben Martin Sellner und rechnete Deutschland klein. Rhetorisch mehr als bedenklich, unqualifiziert provokativ. 82 Millionen Menschen seien zu viel, sagte sie. 60 Millionen w\u00fcrden reichen. Mehr brauche dieses Land nicht. Es war ein rechts Gedankespiel, keine Ungenauigkeit. Es war eine bewusste Festlegung. Und sie wusste genau, was sie tat. [&hellip;]<\/p>\n","protected":false},"author":1,"featured_media":27040,"comment_status":"open","ping_status":"open","sticky":false,"template":"","format":"standard","meta":{"_jetpack_memberships_contains_paid_content":false,"footnotes":"","jetpack_publicize_message":"","jetpack_publicize_feature_enabled":true,"jetpack_social_post_already_shared":true,"jetpack_social_options":{"image_generator_settings":{"template":"highway","default_image_id":0,"font":"","enabled":false},"version":2}},"categories":[33,7,41],"tags":[],"class_list":["post-27036","post","type-post","status-publish","format-standard","has-post-thumbnail","hentry","category-afd-no-thanks","category-topstory","category-trump-s-world"],"featured_image_src":"https:\/\/i0.wp.com\/kaizen-blog.org\/wp-content\/uploads\/2026\/01\/batch_kaizennewsday-2026-01-24T021640.706.webp?fit=905%2C500&ssl=1","author_info":{"display_name":"Rainer Hofmann","author_link":"https:\/\/kaizen-blog.org\/en\/author\/admin\/"},"yoast_head":"<!-- This site is optimized with the Yoast SEO plugin v27.5 - https:\/\/yoast.com\/product\/yoast-seo-wordpress\/ -->\n<title>60 Millionen \u2013 Lena Kotr\u00e9 erkl\u00e4rt, wer verschwinden soll - und man f\u00fcrchtet die Antwort, weil sie so still ist - The Kaizen Blog<\/title>\n<meta name=\"robots\" content=\"index, follow, max-snippet:-1, max-image-preview:large, max-video-preview:-1\" \/>\n<link rel=\"canonical\" href=\"https:\/\/kaizen-blog.org\/en\/60-millionen-lena-kotre-erklaert-wer-verschwinden-soll-und-man-fuerchtet-die-antwort-weil-sie-so-still-ist\/\" \/>\n<meta property=\"og:locale\" content=\"en_US\" \/>\n<meta property=\"og:type\" content=\"article\" \/>\n<meta property=\"og:title\" content=\"60 Millionen \u2013 Lena Kotr\u00e9 erkl\u00e4rt, wer verschwinden soll - und man f\u00fcrchtet die Antwort, weil sie so still ist - The Kaizen Blog\" \/>\n<meta property=\"og:description\" content=\"Lena Kotr\u00e9 stellte sich am Donnerstag neben Martin Sellner und rechnete Deutschland klein. Rhetorisch mehr als bedenklich, unqualifiziert provokativ. 82 Millionen Menschen seien zu viel, sagte sie. 60 Millionen w\u00fcrden reichen. Mehr brauche dieses Land nicht. Es war ein rechts Gedankespiel, keine Ungenauigkeit. Es war eine bewusste Festlegung. Und sie wusste genau, was sie tat. [&hellip;]\" \/>\n<meta property=\"og:url\" content=\"https:\/\/kaizen-blog.org\/en\/60-millionen-lena-kotre-erklaert-wer-verschwinden-soll-und-man-fuerchtet-die-antwort-weil-sie-so-still-ist\/\" \/>\n<meta property=\"og:site_name\" content=\"The Kaizen Blog\" \/>\n<meta property=\"article:publisher\" content=\"https:\/\/www.facebook.com\/rainer.hofmann.2025\/\" \/>\n<meta property=\"article:published_time\" content=\"2026-01-24T01:42:34+00:00\" \/>\n<meta property=\"article:modified_time\" content=\"2026-01-24T11:36:54+00:00\" \/>\n<meta property=\"og:image\" content=\"https:\/\/kaizen-blog.org\/wp-content\/uploads\/2026\/01\/batch_kaizennewsday-2026-01-24T021640.706.webp\" \/>\n\t<meta property=\"og:image:width\" content=\"905\" \/>\n\t<meta property=\"og:image:height\" content=\"500\" \/>\n\t<meta property=\"og:image:type\" content=\"image\/webp\" \/>\n<meta name=\"author\" content=\"Rainer Hofmann\" \/>\n<meta name=\"twitter:card\" content=\"summary_large_image\" \/>\n<meta name=\"twitter:label1\" content=\"Written by\" \/>\n\t<meta name=\"twitter:data1\" content=\"Rainer Hofmann\" \/>\n\t<meta name=\"twitter:label2\" content=\"Est. reading time\" \/>\n\t<meta name=\"twitter:data2\" content=\"9 minutes\" \/>\n<script type=\"application\/ld+json\" class=\"yoast-schema-graph\">{\"@context\":\"https:\\\/\\\/schema.org\",\"@graph\":[{\"@type\":\"Article\",\"@id\":\"https:\\\/\\\/kaizen-blog.org\\\/60-millionen-lena-kotre-erklaert-wer-verschwinden-soll-und-man-fuerchtet-die-antwort-weil-sie-so-still-ist\\\/#article\",\"isPartOf\":{\"@id\":\"https:\\\/\\\/kaizen-blog.org\\\/60-millionen-lena-kotre-erklaert-wer-verschwinden-soll-und-man-fuerchtet-die-antwort-weil-sie-so-still-ist\\\/\"},\"author\":{\"name\":\"Rainer Hofmann\",\"@id\":\"https:\\\/\\\/kaizen-blog.org\\\/#\\\/schema\\\/person\\\/7d3fc7346e2501a389ea3daa48b99ad0\"},\"headline\":\"60 Millionen \u2013 Lena Kotr\u00e9 erkl\u00e4rt, wer verschwinden soll &#8211; und man f\u00fcrchtet die Antwort, weil sie so still ist\",\"datePublished\":\"2026-01-24T01:42:34+00:00\",\"dateModified\":\"2026-01-24T11:36:54+00:00\",\"mainEntityOfPage\":{\"@id\":\"https:\\\/\\\/kaizen-blog.org\\\/60-millionen-lena-kotre-erklaert-wer-verschwinden-soll-und-man-fuerchtet-die-antwort-weil-sie-so-still-ist\\\/\"},\"wordCount\":1423,\"commentCount\":10,\"image\":{\"@id\":\"https:\\\/\\\/kaizen-blog.org\\\/60-millionen-lena-kotre-erklaert-wer-verschwinden-soll-und-man-fuerchtet-die-antwort-weil-sie-so-still-ist\\\/#primaryimage\"},\"thumbnailUrl\":\"https:\\\/\\\/i0.wp.com\\\/kaizen-blog.org\\\/wp-content\\\/uploads\\\/2026\\\/01\\\/batch_kaizennewsday-2026-01-24T021640.706.webp?fit=905%2C500&ssl=1\",\"articleSection\":[\"AFD - \\\"No Thanks\\\"\",\"Topstory\",\"Trumpland\"],\"inLanguage\":\"en-US\",\"potentialAction\":[{\"@type\":\"CommentAction\",\"name\":\"Comment\",\"target\":[\"https:\\\/\\\/kaizen-blog.org\\\/60-millionen-lena-kotre-erklaert-wer-verschwinden-soll-und-man-fuerchtet-die-antwort-weil-sie-so-still-ist\\\/#respond\"]}]},{\"@type\":\"WebPage\",\"@id\":\"https:\\\/\\\/kaizen-blog.org\\\/60-millionen-lena-kotre-erklaert-wer-verschwinden-soll-und-man-fuerchtet-die-antwort-weil-sie-so-still-ist\\\/\",\"url\":\"https:\\\/\\\/kaizen-blog.org\\\/60-millionen-lena-kotre-erklaert-wer-verschwinden-soll-und-man-fuerchtet-die-antwort-weil-sie-so-still-ist\\\/\",\"name\":\"60 Millionen \u2013 Lena Kotr\u00e9 erkl\u00e4rt, wer verschwinden soll - und man f\u00fcrchtet die Antwort, weil sie so still ist - The Kaizen Blog\",\"isPartOf\":{\"@id\":\"https:\\\/\\\/kaizen-blog.org\\\/#website\"},\"primaryImageOfPage\":{\"@id\":\"https:\\\/\\\/kaizen-blog.org\\\/60-millionen-lena-kotre-erklaert-wer-verschwinden-soll-und-man-fuerchtet-die-antwort-weil-sie-so-still-ist\\\/#primaryimage\"},\"image\":{\"@id\":\"https:\\\/\\\/kaizen-blog.org\\\/60-millionen-lena-kotre-erklaert-wer-verschwinden-soll-und-man-fuerchtet-die-antwort-weil-sie-so-still-ist\\\/#primaryimage\"},\"thumbnailUrl\":\"https:\\\/\\\/i0.wp.com\\\/kaizen-blog.org\\\/wp-content\\\/uploads\\\/2026\\\/01\\\/batch_kaizennewsday-2026-01-24T021640.706.webp?fit=905%2C500&ssl=1\",\"datePublished\":\"2026-01-24T01:42:34+00:00\",\"dateModified\":\"2026-01-24T11:36:54+00:00\",\"author\":{\"@id\":\"https:\\\/\\\/kaizen-blog.org\\\/#\\\/schema\\\/person\\\/7d3fc7346e2501a389ea3daa48b99ad0\"},\"breadcrumb\":{\"@id\":\"https:\\\/\\\/kaizen-blog.org\\\/60-millionen-lena-kotre-erklaert-wer-verschwinden-soll-und-man-fuerchtet-die-antwort-weil-sie-so-still-ist\\\/#breadcrumb\"},\"inLanguage\":\"en-US\",\"potentialAction\":[{\"@type\":\"ReadAction\",\"target\":[\"https:\\\/\\\/kaizen-blog.org\\\/60-millionen-lena-kotre-erklaert-wer-verschwinden-soll-und-man-fuerchtet-die-antwort-weil-sie-so-still-ist\\\/\"]}]},{\"@type\":\"ImageObject\",\"inLanguage\":\"en-US\",\"@id\":\"https:\\\/\\\/kaizen-blog.org\\\/60-millionen-lena-kotre-erklaert-wer-verschwinden-soll-und-man-fuerchtet-die-antwort-weil-sie-so-still-ist\\\/#primaryimage\",\"url\":\"https:\\\/\\\/i0.wp.com\\\/kaizen-blog.org\\\/wp-content\\\/uploads\\\/2026\\\/01\\\/batch_kaizennewsday-2026-01-24T021640.706.webp?fit=905%2C500&ssl=1\",\"contentUrl\":\"https:\\\/\\\/i0.wp.com\\\/kaizen-blog.org\\\/wp-content\\\/uploads\\\/2026\\\/01\\\/batch_kaizennewsday-2026-01-24T021640.706.webp?fit=905%2C500&ssl=1\",\"width\":905,\"height\":500},{\"@type\":\"BreadcrumbList\",\"@id\":\"https:\\\/\\\/kaizen-blog.org\\\/60-millionen-lena-kotre-erklaert-wer-verschwinden-soll-und-man-fuerchtet-die-antwort-weil-sie-so-still-ist\\\/#breadcrumb\",\"itemListElement\":[{\"@type\":\"ListItem\",\"position\":1,\"name\":\"Startseite\",\"item\":\"https:\\\/\\\/kaizen-blog.org\\\/\"},{\"@type\":\"ListItem\",\"position\":2,\"name\":\"60 Millionen \u2013 Lena Kotr\u00e9 erkl\u00e4rt, wer verschwinden soll &#8211; und man f\u00fcrchtet die Antwort, weil sie so still ist\"}]},{\"@type\":\"WebSite\",\"@id\":\"https:\\\/\\\/kaizen-blog.org\\\/#website\",\"url\":\"https:\\\/\\\/kaizen-blog.org\\\/\",\"name\":\"The Kaizen Blog\",\"description\":\"Investigativer Journalismus\",\"potentialAction\":[{\"@type\":\"SearchAction\",\"target\":{\"@type\":\"EntryPoint\",\"urlTemplate\":\"https:\\\/\\\/kaizen-blog.org\\\/?s={search_term_string}\"},\"query-input\":{\"@type\":\"PropertyValueSpecification\",\"valueRequired\":true,\"valueName\":\"search_term_string\"}}],\"inLanguage\":\"en-US\"},{\"@type\":\"Person\",\"@id\":\"https:\\\/\\\/kaizen-blog.org\\\/#\\\/schema\\\/person\\\/7d3fc7346e2501a389ea3daa48b99ad0\",\"name\":\"Rainer Hofmann\",\"image\":{\"@type\":\"ImageObject\",\"inLanguage\":\"en-US\",\"@id\":\"\\\/\\\/www.gravatar.com\\\/avatar\\\/21e5b26d4f12b21206d8094d7aea4ab6?s=96&#038;r=g&#038;d=initials\",\"url\":\"\\\/\\\/www.gravatar.com\\\/avatar\\\/21e5b26d4f12b21206d8094d7aea4ab6?s=96&#038;r=g&#038;d=initials\",\"contentUrl\":\"\\\/\\\/www.gravatar.com\\\/avatar\\\/21e5b26d4f12b21206d8094d7aea4ab6?s=96&#038;r=g&#038;d=initials\",\"caption\":\"Rainer Hofmann\"},\"sameAs\":[\"https:\\\/\\\/kaizen-blog.org\"],\"url\":\"https:\\\/\\\/kaizen-blog.org\\\/en\\\/author\\\/admin\\\/\"}]}<\/script>\n<!-- \/ Yoast SEO plugin. -->","yoast_head_json":{"title":"60 Millionen \u2013 Lena Kotr\u00e9 erkl\u00e4rt, wer verschwinden soll - und man f\u00fcrchtet die Antwort, weil sie so still ist - The Kaizen Blog","robots":{"index":"index","follow":"follow","max-snippet":"max-snippet:-1","max-image-preview":"max-image-preview:large","max-video-preview":"max-video-preview:-1"},"canonical":"https:\/\/kaizen-blog.org\/en\/60-millionen-lena-kotre-erklaert-wer-verschwinden-soll-und-man-fuerchtet-die-antwort-weil-sie-so-still-ist\/","og_locale":"en_US","og_type":"article","og_title":"60 Millionen \u2013 Lena Kotr\u00e9 erkl\u00e4rt, wer verschwinden soll - und man f\u00fcrchtet die Antwort, weil sie so still ist - The Kaizen Blog","og_description":"Lena Kotr\u00e9 stellte sich am Donnerstag neben Martin Sellner und rechnete Deutschland klein. Rhetorisch mehr als bedenklich, unqualifiziert provokativ. 82 Millionen Menschen seien zu viel, sagte sie. 60 Millionen w\u00fcrden reichen. Mehr brauche dieses Land nicht. Es war ein rechts Gedankespiel, keine Ungenauigkeit. Es war eine bewusste Festlegung. Und sie wusste genau, was sie tat. [&hellip;]","og_url":"https:\/\/kaizen-blog.org\/en\/60-millionen-lena-kotre-erklaert-wer-verschwinden-soll-und-man-fuerchtet-die-antwort-weil-sie-so-still-ist\/","og_site_name":"The Kaizen Blog","article_publisher":"https:\/\/www.facebook.com\/rainer.hofmann.2025\/","article_published_time":"2026-01-24T01:42:34+00:00","article_modified_time":"2026-01-24T11:36:54+00:00","og_image":[{"width":905,"height":500,"url":"https:\/\/kaizen-blog.org\/wp-content\/uploads\/2026\/01\/batch_kaizennewsday-2026-01-24T021640.706.webp","type":"image\/webp"}],"author":"Rainer Hofmann","twitter_card":"summary_large_image","twitter_misc":{"Written by":"Rainer Hofmann","Est. reading time":"9 minutes"},"schema":{"@context":"https:\/\/schema.org","@graph":[{"@type":"Article","@id":"https:\/\/kaizen-blog.org\/60-millionen-lena-kotre-erklaert-wer-verschwinden-soll-und-man-fuerchtet-die-antwort-weil-sie-so-still-ist\/#article","isPartOf":{"@id":"https:\/\/kaizen-blog.org\/60-millionen-lena-kotre-erklaert-wer-verschwinden-soll-und-man-fuerchtet-die-antwort-weil-sie-so-still-ist\/"},"author":{"name":"Rainer Hofmann","@id":"https:\/\/kaizen-blog.org\/#\/schema\/person\/7d3fc7346e2501a389ea3daa48b99ad0"},"headline":"60 Millionen \u2013 Lena Kotr\u00e9 erkl\u00e4rt, wer verschwinden soll &#8211; und man f\u00fcrchtet die Antwort, weil sie so still ist","datePublished":"2026-01-24T01:42:34+00:00","dateModified":"2026-01-24T11:36:54+00:00","mainEntityOfPage":{"@id":"https:\/\/kaizen-blog.org\/60-millionen-lena-kotre-erklaert-wer-verschwinden-soll-und-man-fuerchtet-die-antwort-weil-sie-so-still-ist\/"},"wordCount":1423,"commentCount":10,"image":{"@id":"https:\/\/kaizen-blog.org\/60-millionen-lena-kotre-erklaert-wer-verschwinden-soll-und-man-fuerchtet-die-antwort-weil-sie-so-still-ist\/#primaryimage"},"thumbnailUrl":"https:\/\/i0.wp.com\/kaizen-blog.org\/wp-content\/uploads\/2026\/01\/batch_kaizennewsday-2026-01-24T021640.706.webp?fit=905%2C500&ssl=1","articleSection":["AFD - \"No Thanks\"","Topstory","Trumpland"],"inLanguage":"en-US","potentialAction":[{"@type":"CommentAction","name":"Comment","target":["https:\/\/kaizen-blog.org\/60-millionen-lena-kotre-erklaert-wer-verschwinden-soll-und-man-fuerchtet-die-antwort-weil-sie-so-still-ist\/#respond"]}]},{"@type":"WebPage","@id":"https:\/\/kaizen-blog.org\/60-millionen-lena-kotre-erklaert-wer-verschwinden-soll-und-man-fuerchtet-die-antwort-weil-sie-so-still-ist\/","url":"https:\/\/kaizen-blog.org\/60-millionen-lena-kotre-erklaert-wer-verschwinden-soll-und-man-fuerchtet-die-antwort-weil-sie-so-still-ist\/","name":"60 Millionen \u2013 Lena Kotr\u00e9 erkl\u00e4rt, wer verschwinden soll - und man f\u00fcrchtet die Antwort, weil sie so still ist - The Kaizen Blog","isPartOf":{"@id":"https:\/\/kaizen-blog.org\/#website"},"primaryImageOfPage":{"@id":"https:\/\/kaizen-blog.org\/60-millionen-lena-kotre-erklaert-wer-verschwinden-soll-und-man-fuerchtet-die-antwort-weil-sie-so-still-ist\/#primaryimage"},"image":{"@id":"https:\/\/kaizen-blog.org\/60-millionen-lena-kotre-erklaert-wer-verschwinden-soll-und-man-fuerchtet-die-antwort-weil-sie-so-still-ist\/#primaryimage"},"thumbnailUrl":"https:\/\/i0.wp.com\/kaizen-blog.org\/wp-content\/uploads\/2026\/01\/batch_kaizennewsday-2026-01-24T021640.706.webp?fit=905%2C500&ssl=1","datePublished":"2026-01-24T01:42:34+00:00","dateModified":"2026-01-24T11:36:54+00:00","author":{"@id":"https:\/\/kaizen-blog.org\/#\/schema\/person\/7d3fc7346e2501a389ea3daa48b99ad0"},"breadcrumb":{"@id":"https:\/\/kaizen-blog.org\/60-millionen-lena-kotre-erklaert-wer-verschwinden-soll-und-man-fuerchtet-die-antwort-weil-sie-so-still-ist\/#breadcrumb"},"inLanguage":"en-US","potentialAction":[{"@type":"ReadAction","target":["https:\/\/kaizen-blog.org\/60-millionen-lena-kotre-erklaert-wer-verschwinden-soll-und-man-fuerchtet-die-antwort-weil-sie-so-still-ist\/"]}]},{"@type":"ImageObject","inLanguage":"en-US","@id":"https:\/\/kaizen-blog.org\/60-millionen-lena-kotre-erklaert-wer-verschwinden-soll-und-man-fuerchtet-die-antwort-weil-sie-so-still-ist\/#primaryimage","url":"https:\/\/i0.wp.com\/kaizen-blog.org\/wp-content\/uploads\/2026\/01\/batch_kaizennewsday-2026-01-24T021640.706.webp?fit=905%2C500&ssl=1","contentUrl":"https:\/\/i0.wp.com\/kaizen-blog.org\/wp-content\/uploads\/2026\/01\/batch_kaizennewsday-2026-01-24T021640.706.webp?fit=905%2C500&ssl=1","width":905,"height":500},{"@type":"BreadcrumbList","@id":"https:\/\/kaizen-blog.org\/60-millionen-lena-kotre-erklaert-wer-verschwinden-soll-und-man-fuerchtet-die-antwort-weil-sie-so-still-ist\/#breadcrumb","itemListElement":[{"@type":"ListItem","position":1,"name":"Startseite","item":"https:\/\/kaizen-blog.org\/"},{"@type":"ListItem","position":2,"name":"60 Millionen \u2013 Lena Kotr\u00e9 erkl\u00e4rt, wer verschwinden soll &#8211; und man f\u00fcrchtet die Antwort, weil sie so still ist"}]},{"@type":"WebSite","@id":"https:\/\/kaizen-blog.org\/#website","url":"https:\/\/kaizen-blog.org\/","name":"The Kaizen Blog","description":"Investigative Journalism","potentialAction":[{"@type":"SearchAction","target":{"@type":"EntryPoint","urlTemplate":"https:\/\/kaizen-blog.org\/?s={search_term_string}"},"query-input":{"@type":"PropertyValueSpecification","valueRequired":true,"valueName":"search_term_string"}}],"inLanguage":"en-US"},{"@type":"Person","@id":"https:\/\/kaizen-blog.org\/#\/schema\/person\/7d3fc7346e2501a389ea3daa48b99ad0","name":"Rainer Hofmann","image":{"@type":"ImageObject","inLanguage":"en-US","@id":"\/\/www.gravatar.com\/avatar\/21e5b26d4f12b21206d8094d7aea4ab6?s=96&#038;r=g&#038;d=initials","url":"\/\/www.gravatar.com\/avatar\/21e5b26d4f12b21206d8094d7aea4ab6?s=96&#038;r=g&#038;d=initials","contentUrl":"\/\/www.gravatar.com\/avatar\/21e5b26d4f12b21206d8094d7aea4ab6?s=96&#038;r=g&#038;d=initials","caption":"Rainer Hofmann"},"sameAs":["https:\/\/kaizen-blog.org"],"url":"https:\/\/kaizen-blog.org\/en\/author\/admin\/"}]}},"jetpack_publicize_connections":[],"jetpack_featured_media_url":"https:\/\/i0.wp.com\/kaizen-blog.org\/wp-content\/uploads\/2026\/01\/batch_kaizennewsday-2026-01-24T021640.706.webp?fit=905%2C500&ssl=1","jetpack_sharing_enabled":true,"jetpack-related-posts":[{"id":26403,"url":"https:\/\/kaizen-blog.org\/en\/von-butterpreisen-zu-brandstiftern-wie-offen-rechtsextreme-heute-hofiert-werden\/","url_meta":{"origin":27036,"position":0},"title":"From butter prices to arsonists \u2013 how openly far-right extremists are being courted today","author":"Rainer Hofmann","date":"January 17, 2026","format":false,"excerpt":"Man muss sich das einmal wirklich vor Augen f\u00fchren. Eine AfD-Landtagsabgeordnete sagt ihre eigene Veranstaltung ab \u2013 und tritt stattdessen gemeinsam mit Martin Sellner auf, einem der bekanntesten Gesichter der Identit\u00e4ren Bewegung. \u00d6ffentlich angek\u00fcndigt, offen beworben, mit direkter Einladung an Unterst\u00fctzer. Lena Kotr\u00e9 bedankt sich f\u00fcr die Einladung, nimmt sie\u2026","rel":"","context":"In &quot;AFD - \"No Thanks\"&quot;","block_context":{"text":"AFD - \"No Thanks\"","link":"https:\/\/kaizen-blog.org\/en\/category\/afd-no-thanks\/"},"img":{"alt_text":"","src":"https:\/\/i0.wp.com\/kaizen-blog.org\/wp-content\/uploads\/2026\/01\/kaizennewsday-2026-01-17T021452.052.webp?fit=905%2C500&ssl=1&resize=350%2C200","width":350,"height":200,"srcset":"https:\/\/i0.wp.com\/kaizen-blog.org\/wp-content\/uploads\/2026\/01\/kaizennewsday-2026-01-17T021452.052.webp?fit=905%2C500&ssl=1&resize=350%2C200 1x, https:\/\/i0.wp.com\/kaizen-blog.org\/wp-content\/uploads\/2026\/01\/kaizennewsday-2026-01-17T021452.052.webp?fit=905%2C500&ssl=1&resize=525%2C300 1.5x, https:\/\/i0.wp.com\/kaizen-blog.org\/wp-content\/uploads\/2026\/01\/kaizennewsday-2026-01-17T021452.052.webp?fit=905%2C500&ssl=1&resize=700%2C400 2x"},"classes":[]},{"id":7517,"url":"https:\/\/kaizen-blog.org\/en\/trumps-big-beautiful-bill-wie-man-der-arbeiterklasse-vorgaukelt-dass-sie-gewinnt\/","url_meta":{"origin":27036,"position":1},"title":"Trump\u2019s \u201cBig Beautiful Bill\u201d\u202f\u2013 How the Working Class Is Fooled Into Thinking They\u2019re Winners","author":"Alan Gallardo","date":"July 5, 2025","format":false,"excerpt":"Sie nennen es einen historischen Sieg. Fox News jubelt. MAGA-Anh\u00e4nger feiern. Donald Trump steht am Rednerpult und erkl\u00e4rt stolz, dass mit seiner neuen \u201eBig Beautiful Bill\u201c endlich die Arbeiterklasse entlastet werde. Steuererleichterungen, verspricht er, f\u00fcr \u201edie, die es verdienen\u201c. Doch wer 2026 seine Steuererkl\u00e4rung macht, wird merken: Verdient haben an\u2026","rel":"","context":"In &quot;Daylight&quot;","block_context":{"text":"Daylight","link":"https:\/\/kaizen-blog.org\/en\/category\/daylight\/"},"img":{"alt_text":"","src":"https:\/\/i0.wp.com\/kaizen-blog.org\/wp-content\/uploads\/2025\/07\/tru.webp?fit=900%2C508&ssl=1&resize=350%2C200","width":350,"height":200,"srcset":"https:\/\/i0.wp.com\/kaizen-blog.org\/wp-content\/uploads\/2025\/07\/tru.webp?fit=900%2C508&ssl=1&resize=350%2C200 1x, https:\/\/i0.wp.com\/kaizen-blog.org\/wp-content\/uploads\/2025\/07\/tru.webp?fit=900%2C508&ssl=1&resize=525%2C300 1.5x, https:\/\/i0.wp.com\/kaizen-blog.org\/wp-content\/uploads\/2025\/07\/tru.webp?fit=900%2C508&ssl=1&resize=700%2C400 2x"},"classes":[]},{"id":9183,"url":"https:\/\/kaizen-blog.org\/en\/ein-ort-namens-ochopee-wie-alligator-alcatraz-millionen-verschlingt-menschen-quaelt-und-dafuer-sehr-gut-belohnt-und-bezahlt\/","url_meta":{"origin":27036,"position":2},"title":"A Place Called Ochopee \u2013 How Alligator Alcatraz Devours Millions, Torments Human Beings, and Is Handsomely Rewarded for It","author":"Rainer Hofmann","date":"July 18, 2025","format":false,"excerpt":"Es war eine jener Akten, die zuletzt f\u00fcr die \u00d6ffentlichkeit gedacht waren. Kein Pressetext, kein Tweet, kein Transparenzportal. Nur eine n\u00fcchterne Beschaffungsdatei, intern verteilt zwischen Beh\u00f6rden und Auftragnehmern \u2013 versehen mit Stundenl\u00f6hnen, Summen und Funktionen. Wir konnten sie sichern. Durch Recherchen, gezielte Anfragen und Kontakte zu Menschen, die sich der\u2026","rel":"","context":"In &quot;Deportations Under Trump&quot;","block_context":{"text":"Deportations Under Trump","link":"https:\/\/kaizen-blog.org\/en\/category\/deportations-under-trump\/"},"img":{"alt_text":"","src":"https:\/\/i0.wp.com\/kaizen-blog.org\/wp-content\/uploads\/2025\/07\/batch_Screenshot-2025-07-18-at-21-07-35-Erste-Insassen-erreichen-%E2%80%9EAlligator-Alcatraz-%E2%80%93-Trumps-Abschreckungslager-nimmt-Betrieb-auf-The-Kaizen-Blog.webp?fit=1200%2C897&ssl=1&resize=350%2C200","width":350,"height":200,"srcset":"https:\/\/i0.wp.com\/kaizen-blog.org\/wp-content\/uploads\/2025\/07\/batch_Screenshot-2025-07-18-at-21-07-35-Erste-Insassen-erreichen-%E2%80%9EAlligator-Alcatraz-%E2%80%93-Trumps-Abschreckungslager-nimmt-Betrieb-auf-The-Kaizen-Blog.webp?fit=1200%2C897&ssl=1&resize=350%2C200 1x, https:\/\/i0.wp.com\/kaizen-blog.org\/wp-content\/uploads\/2025\/07\/batch_Screenshot-2025-07-18-at-21-07-35-Erste-Insassen-erreichen-%E2%80%9EAlligator-Alcatraz-%E2%80%93-Trumps-Abschreckungslager-nimmt-Betrieb-auf-The-Kaizen-Blog.webp?fit=1200%2C897&ssl=1&resize=525%2C300 1.5x, https:\/\/i0.wp.com\/kaizen-blog.org\/wp-content\/uploads\/2025\/07\/batch_Screenshot-2025-07-18-at-21-07-35-Erste-Insassen-erreichen-%E2%80%9EAlligator-Alcatraz-%E2%80%93-Trumps-Abschreckungslager-nimmt-Betrieb-auf-The-Kaizen-Blog.webp?fit=1200%2C897&ssl=1&resize=700%2C400 2x, https:\/\/i0.wp.com\/kaizen-blog.org\/wp-content\/uploads\/2025\/07\/batch_Screenshot-2025-07-18-at-21-07-35-Erste-Insassen-erreichen-%E2%80%9EAlligator-Alcatraz-%E2%80%93-Trumps-Abschreckungslager-nimmt-Betrieb-auf-The-Kaizen-Blog.webp?fit=1200%2C897&ssl=1&resize=1050%2C600 3x"},"classes":[]},{"id":28502,"url":"https:\/\/kaizen-blog.org\/en\/09-februar-2026-kurznachrichten\/","url_meta":{"origin":27036,"position":3},"title":"February 9, 2026 \u2013 Short News","author":"TEAM KAIZEN BLOG","date":"February 9, 2026","format":false,"excerpt":"Super-Bowl-Abend, offener Appell \u2013 Epstein-Opfer fordern volle Offenlegung! Kurz vor dem Super Bowl haben Opfer von Jeffrey Epstein und Ghislaine Maxwell eine landesweite Anzeige ver\u00f6ffentlicht. Darin richten sie sich direkt an Justizministerin Pam Bondi und fordern die vollst\u00e4ndige Herausgabe aller Ermittlungsunterlagen, wie es der Epstein Files Transparency Act vorsieht. In\u2026","rel":"","context":"In &quot;+++ Kaizen News Ticker +++&quot;","block_context":{"text":"+++ Kaizen News Ticker +++","link":"https:\/\/kaizen-blog.org\/en\/category\/ticker\/"},"img":{"alt_text":"","src":"https:\/\/i0.wp.com\/kaizen-blog.org\/wp-content\/uploads\/2026\/02\/kaizenlive-2026-02-09T002227.653.webp?fit=905%2C500&ssl=1&resize=350%2C200","width":350,"height":200,"srcset":"https:\/\/i0.wp.com\/kaizen-blog.org\/wp-content\/uploads\/2026\/02\/kaizenlive-2026-02-09T002227.653.webp?fit=905%2C500&ssl=1&resize=350%2C200 1x, https:\/\/i0.wp.com\/kaizen-blog.org\/wp-content\/uploads\/2026\/02\/kaizenlive-2026-02-09T002227.653.webp?fit=905%2C500&ssl=1&resize=525%2C300 1.5x, https:\/\/i0.wp.com\/kaizen-blog.org\/wp-content\/uploads\/2026\/02\/kaizenlive-2026-02-09T002227.653.webp?fit=905%2C500&ssl=1&resize=700%2C400 2x"},"classes":[]},{"id":968,"url":"https:\/\/kaizen-blog.org\/en\/jetzt-zeigt-euer-gesicht-der-moment-der-wahrheit-fuer-die-afd-waehler-now-show-your-face-the-moment-of-truth-for-afd-voters\/","url_meta":{"origin":27036,"position":4},"title":"\"Now Show Your Face\" \u2013 The Moment of Truth for AfD Voters","author":"Rainer Hofmann","date":"May 21, 2025","format":false,"excerpt":"Es ist ein leiser, aber un\u00fcberh\u00f6rbarer Riss, der durch die Republik geht. Ein Gutachten des Verfassungsschutzes, trocken im Ton, eindeutig in der Konsequenz: Die Alternative f\u00fcr Deutschland ist in mehreren Bundesl\u00e4ndern als erwiesen rechtsextrem eingestuft \u2013 und bundesweit ein rechtsextremer Verdachtsfall. Das Bundesverfassungsgericht wird endg\u00fcltig am Ende \u00fcber das Gutachten\u2026","rel":"","context":"In &quot;AFD - \"No Thanks\"&quot;","block_context":{"text":"AFD - \"No Thanks\"","link":"https:\/\/kaizen-blog.org\/en\/category\/afd-no-thanks\/"},"img":{"alt_text":"","src":"https:\/\/i0.wp.com\/kaizen-blog.org\/wp-content\/uploads\/2025\/05\/afd-maske.webp?fit=1200%2C800&ssl=1&resize=350%2C200","width":350,"height":200,"srcset":"https:\/\/i0.wp.com\/kaizen-blog.org\/wp-content\/uploads\/2025\/05\/afd-maske.webp?fit=1200%2C800&ssl=1&resize=350%2C200 1x, https:\/\/i0.wp.com\/kaizen-blog.org\/wp-content\/uploads\/2025\/05\/afd-maske.webp?fit=1200%2C800&ssl=1&resize=525%2C300 1.5x, https:\/\/i0.wp.com\/kaizen-blog.org\/wp-content\/uploads\/2025\/05\/afd-maske.webp?fit=1200%2C800&ssl=1&resize=700%2C400 2x, https:\/\/i0.wp.com\/kaizen-blog.org\/wp-content\/uploads\/2025\/05\/afd-maske.webp?fit=1200%2C800&ssl=1&resize=1050%2C600 3x"},"classes":[]},{"id":23268,"url":"https:\/\/kaizen-blog.org\/en\/die-usa-wollen-in-die-koepfe-schauen-fuenf-jahre-social-media-geschichte-fuer-eine-einreise\/","url_meta":{"origin":27036,"position":5},"title":"The United States Wants to Look Inside People\u2019s Heads \u2013 Five Years of Social Media History for Entry","author":"Rainer Hofmann","date":"December 10, 2025","format":false,"excerpt":"Wie wir vor einigen Wochen schon aufgrund von Recherchen angedeutet hatten, bewahrheitet sich jetzt. Die US-Regierung plant einen Schritt, der das Verh\u00e4ltnis zwischen Staaten, B\u00fcrgerrechten und Reisen neu sortiert: Wer k\u00fcnftig aus L\u00e4ndern wie Deutschland, Frankreich, Gro\u00dfbritannien oder S\u00fcdkorea ohne Visum einreisen will, soll bis zu f\u00fcnf Jahre seiner Social-Media-Vergangenheit\u2026","rel":"","context":"In &quot;Topstory&quot;","block_context":{"text":"Topstory","link":"https:\/\/kaizen-blog.org\/en\/category\/topstory\/"},"img":{"alt_text":"","src":"https:\/\/i0.wp.com\/kaizen-blog.org\/wp-content\/uploads\/2025\/12\/kaizennewsday-2025-12-10T141701.927.webp?fit=905%2C500&ssl=1&resize=350%2C200","width":350,"height":200,"srcset":"https:\/\/i0.wp.com\/kaizen-blog.org\/wp-content\/uploads\/2025\/12\/kaizennewsday-2025-12-10T141701.927.webp?fit=905%2C500&ssl=1&resize=350%2C200 1x, https:\/\/i0.wp.com\/kaizen-blog.org\/wp-content\/uploads\/2025\/12\/kaizennewsday-2025-12-10T141701.927.webp?fit=905%2C500&ssl=1&resize=525%2C300 1.5x, https:\/\/i0.wp.com\/kaizen-blog.org\/wp-content\/uploads\/2025\/12\/kaizennewsday-2025-12-10T141701.927.webp?fit=905%2C500&ssl=1&resize=700%2C400 2x"},"classes":[]}],"_links":{"self":[{"href":"https:\/\/kaizen-blog.org\/en\/wp-json\/wp\/v2\/posts\/27036","targetHints":{"allow":["GET"]}}],"collection":[{"href":"https:\/\/kaizen-blog.org\/en\/wp-json\/wp\/v2\/posts"}],"about":[{"href":"https:\/\/kaizen-blog.org\/en\/wp-json\/wp\/v2\/types\/post"}],"author":[{"embeddable":true,"href":"https:\/\/kaizen-blog.org\/en\/wp-json\/wp\/v2\/users\/1"}],"replies":[{"embeddable":true,"href":"https:\/\/kaizen-blog.org\/en\/wp-json\/wp\/v2\/comments?post=27036"}],"version-history":[{"count":0,"href":"https:\/\/kaizen-blog.org\/en\/wp-json\/wp\/v2\/posts\/27036\/revisions"}],"wp:featuredmedia":[{"embeddable":true,"href":"https:\/\/kaizen-blog.org\/en\/wp-json\/wp\/v2\/media\/27040"}],"wp:attachment":[{"href":"https:\/\/kaizen-blog.org\/en\/wp-json\/wp\/v2\/media?parent=27036"}],"wp:term":[{"taxonomy":"category","embeddable":true,"href":"https:\/\/kaizen-blog.org\/en\/wp-json\/wp\/v2\/categories?post=27036"},{"taxonomy":"post_tag","embeddable":true,"href":"https:\/\/kaizen-blog.org\/en\/wp-json\/wp\/v2\/tags?post=27036"}],"curies":[{"name":"wp","href":"https:\/\/api.w.org\/{rel}","templated":true}]}}