{"id":22514,"date":"2025-12-03T05:00:24","date_gmt":"2025-12-03T04:00:24","guid":{"rendered":"https:\/\/kaizen-blog.org\/?p=22514"},"modified":"2025-12-03T05:00:27","modified_gmt":"2025-12-03T04:00:27","slug":"barbara-die-freiheit-und-warum-die-afd-sie-nicht-fuer-sich-vereinnahmen-sollte","status":"publish","type":"post","link":"https:\/\/kaizen-blog.org\/en\/barbara-die-freiheit-und-warum-die-afd-sie-nicht-fuer-sich-vereinnahmen-sollte\/","title":{"rendered":"Barbara, Freedom - and why the AfD should not try to claim her for itself"},"content":{"rendered":"<p>The AfD Gauersheim is inviting people to a \u201cBarbara Coffee\u201d event and wants to provide information about Saint Barbara. Of all parties, it is one whose worldview stands in direct contradiction to the figure it now wants to present ceremonially. Because Barbara is not just a friendly Advent symbol, as she occasionally appears, but a figure whose story reveals a clear stance on power, freedom, and human dignity.<\/p>\n\n\n\n<figure class=\"wp-block-image alignwide size-full\"><img data-recalc-dims=\"1\" loading=\"lazy\" decoding=\"async\" width=\"640\" height=\"566\" src=\"https:\/\/i0.wp.com\/kaizen-blog.org\/wp-content\/uploads\/2025\/12\/batch_newsbrdeu-3.webp?resize=640%2C566&#038;ssl=1\" alt=\"\" class=\"wp-image-22525\" srcset=\"https:\/\/i0.wp.com\/kaizen-blog.org\/wp-content\/uploads\/2025\/12\/batch_newsbrdeu-3.webp?w=905&amp;ssl=1 905w, https:\/\/i0.wp.com\/kaizen-blog.org\/wp-content\/uploads\/2025\/12\/batch_newsbrdeu-3.webp?resize=14%2C12&amp;ssl=1 14w, https:\/\/i0.wp.com\/kaizen-blog.org\/wp-content\/uploads\/2025\/12\/batch_newsbrdeu-3.webp?resize=300%2C265&amp;ssl=1 300w, https:\/\/i0.wp.com\/kaizen-blog.org\/wp-content\/uploads\/2025\/12\/batch_newsbrdeu-3.webp?resize=768%2C679&amp;ssl=1 768w\" sizes=\"auto, (max-width: 640px) 100vw, 640px\" \/><\/figure>\n\n\n\n<div style=\"height:12px\" aria-hidden=\"true\" class=\"wp-block-spacer\"><\/div>\n\n\n\n<p>She was a young woman who encountered a new religion - a teaching that came from abroad and slowly spread in her homeland. Her father and the self-appointed protectors of the homeland responded with contempt. For them, any change was a threat, any openness a sign of weakness. But Barbara saw something different in the new message: the unconditional dignity of every human being, the strength of compassion, the prospect of a faith that does not enslave but liberates. Despite threats, she allowed herself to be baptized, even though she was imprisoned and knew her step was dangerous. Her father and his followers responded to her courage with violence - ultimately with death.\nGauersheim<\/p>\n\n\n\n<figure class=\"wp-block-image alignwide size-full\"><img data-recalc-dims=\"1\" loading=\"lazy\" decoding=\"async\" width=\"640\" height=\"354\" src=\"https:\/\/i0.wp.com\/kaizen-blog.org\/wp-content\/uploads\/2025\/12\/kaizennewsday-2025-12-03T045047.828.jpg?resize=640%2C354&#038;ssl=1\" alt=\"\" class=\"wp-image-22526\" srcset=\"https:\/\/i0.wp.com\/kaizen-blog.org\/wp-content\/uploads\/2025\/12\/kaizennewsday-2025-12-03T045047.828.jpg?w=905&amp;ssl=1 905w, https:\/\/i0.wp.com\/kaizen-blog.org\/wp-content\/uploads\/2025\/12\/kaizennewsday-2025-12-03T045047.828.jpg?resize=18%2C10&amp;ssl=1 18w, https:\/\/i0.wp.com\/kaizen-blog.org\/wp-content\/uploads\/2025\/12\/kaizennewsday-2025-12-03T045047.828.jpg?resize=300%2C166&amp;ssl=1 300w, https:\/\/i0.wp.com\/kaizen-blog.org\/wp-content\/uploads\/2025\/12\/kaizennewsday-2025-12-03T045047.828.jpg?resize=768%2C424&amp;ssl=1 768w\" sizes=\"auto, (max-width: 640px) 100vw, 640px\" \/><figcaption class=\"wp-element-caption\"><strong>Gauersheim<\/strong><\/figcaption><\/figure>\n\n\n\n<div style=\"height:17px\" aria-hidden=\"true\" class=\"wp-block-spacer\"><\/div>\n\n\n\n<p>This is precisely why Barbara, theologically and historically, stands for the opposite of the ideology that the AfD represents in parts. She embodies strength of conscience instead of submission, freedom instead of isolation, human dignity instead of devaluation. Her life tells of an attitude that sees power not as a means of intimidation but as a responsibility toward the weaker. Barbara broke through walls - both spiritual and literal - while far-right movements build political fences and turn fear into a guiding principle.<\/p>\n\n\n\n<figure class=\"wp-block-image alignwide size-full\"><img data-recalc-dims=\"1\" loading=\"lazy\" decoding=\"async\" width=\"640\" height=\"566\" src=\"https:\/\/i0.wp.com\/kaizen-blog.org\/wp-content\/uploads\/2025\/12\/batch_newsbrdeu-1.webp?resize=640%2C566&#038;ssl=1\" alt=\"\" class=\"wp-image-22523\" srcset=\"https:\/\/i0.wp.com\/kaizen-blog.org\/wp-content\/uploads\/2025\/12\/batch_newsbrdeu-1.webp?w=905&amp;ssl=1 905w, https:\/\/i0.wp.com\/kaizen-blog.org\/wp-content\/uploads\/2025\/12\/batch_newsbrdeu-1.webp?resize=14%2C12&amp;ssl=1 14w, https:\/\/i0.wp.com\/kaizen-blog.org\/wp-content\/uploads\/2025\/12\/batch_newsbrdeu-1.webp?resize=300%2C265&amp;ssl=1 300w, https:\/\/i0.wp.com\/kaizen-blog.org\/wp-content\/uploads\/2025\/12\/batch_newsbrdeu-1.webp?resize=768%2C679&amp;ssl=1 768w\" sizes=\"auto, (max-width: 640px) 100vw, 640px\" \/><\/figure>\n\n\n\n<div style=\"height:26px\" aria-hidden=\"true\" class=\"wp-block-spacer\"><\/div>\n\n\n\n<p>When the AfD tries to use such a figure for its purposes, an image emerges that is unintentionally revealing. It is as if a dragon were offering a seminar on firefighting. The roles do not fit together, and anyone who forces them together only makes the contradictions more visible.<\/p>\n\n\n\n<figure class=\"wp-block-image alignwide size-full\"><img data-recalc-dims=\"1\" loading=\"lazy\" decoding=\"async\" width=\"640\" height=\"566\" src=\"https:\/\/i0.wp.com\/kaizen-blog.org\/wp-content\/uploads\/2025\/12\/batch_newsbrdeu.webp?resize=640%2C566&#038;ssl=1\" alt=\"\" class=\"wp-image-22522\" srcset=\"https:\/\/i0.wp.com\/kaizen-blog.org\/wp-content\/uploads\/2025\/12\/batch_newsbrdeu.webp?w=905&amp;ssl=1 905w, https:\/\/i0.wp.com\/kaizen-blog.org\/wp-content\/uploads\/2025\/12\/batch_newsbrdeu.webp?resize=14%2C12&amp;ssl=1 14w, https:\/\/i0.wp.com\/kaizen-blog.org\/wp-content\/uploads\/2025\/12\/batch_newsbrdeu.webp?resize=300%2C265&amp;ssl=1 300w, https:\/\/i0.wp.com\/kaizen-blog.org\/wp-content\/uploads\/2025\/12\/batch_newsbrdeu.webp?resize=768%2C679&amp;ssl=1 768w\" sizes=\"auto, (max-width: 640px) 100vw, 640px\" \/><\/figure>\n\n\n\n<div style=\"height:20px\" aria-hidden=\"true\" class=\"wp-block-spacer\"><\/div>\n\n\n\n<p>A \u201cBarbara Evening\u201d worthy of the name would have to tell this story in full. It would have to acknowledge what Barbara stands for and what consequence that would have for a movement that elevates harshness to a guiding principle. Taken seriously, the only logical conclusion would be a joint decision to dissolve itself. At the end, there is a note to the people in the region: Whoever places a Barbara branch in water sets a sign for hope, for renewal, and for a democracy that remains open, alert, and resilient. Barbara reminds us that strength arises from freedom - not from fear.<\/p>\n\n\n\n<div style=\"height:23px\" aria-hidden=\"true\" class=\"wp-block-spacer\"><\/div>\n\n\n\n<!-- Akzentbalken (Dunkelblau + Hellblau) -->\n<div style=\"  width:80%;  border-top:6px solid #1E4F9A;  border-bottom:6px solid #4B8BD9;  margin:0 auto 16px auto;\"><\/div>\n\n<!-- Kaizen Blog \u2013 Support-Karte (ultra-dezente Version) -->\n<div class=\"kzb-support\" role=\"complementary\" aria-label=\"Support f\u00fcr den Kaizen Blog\">\n  <style>\n    .kzb-support{\n      --bg:#ffffff;\n      --fg:#0b0b12;\n      --muted:#57576a;\n      --border:rgba(17,17,26,.08);\n      --shadow:0 8px 20px rgba(0,0,0,.05);\n      --radius:14px;\n\n      \/* \u25b6 BUTTON-Farben komplett auf Blau gesetzt *\/\n      --btn-start:#1E4F9A;\n      --btn-end:#1E4F9A;\n      --btn-text:#ffffff;\n      --btn-glow:0 4px 12px rgba(30,79,154,.35);\n\n      max-width:620px;\n      margin:14px auto;\n      padding:14px 14px;\n      background:var(--bg);\n      color:var(--fg);\n      border:1px solid var(--border);\n      border-radius:var(--radius);\n      box-shadow:var(--shadow);\n      font:400 14px\/1.55 -apple-system,BlinkMacSystemFont,\"Segoe UI\",Roboto,\"Helvetica Neue\",Arial,system-ui,\"Apple Color Emoji\",\"Segoe UI Emoji\";\n      position:relative;\n      overflow:clip;\n      isolation:isolate;\n    }\n\n    .kzb-eyebrow{\n      font-weight:700;\n      font-size:.78rem;\n      letter-spacing:.10em;\n      text-transform:uppercase;\n      color:var(--muted);\n      margin:0 0 6px;\n    }\n\n    .kzb-title{\n      margin:0 0 8px;\n      font-weight:800;\n      letter-spacing:.15px;\n      font-size:clamp(1.05rem,2.2vw,1.32rem);\n    }\n\n    .kzb-lead{\n      margin:0 0 8px;\n      font-size:.9rem;\n    }\n\n    .kzb-actions{\n      display:flex;\n      flex-wrap:wrap;\n      gap:10px;\n      align-items:center;\n      margin-top:8px;\n    }\n\n    .kzb-btn{\n      display:inline-flex;\n      align-items:center;\n      gap:.45rem;\n      padding:8px 14px;\n      border-radius:9999px;\n      background:linear-gradient(90deg,var(--btn-start),var(--btn-end));\n      color:var(--btn-text);\n      font-weight:700;\n      font-size:.82rem;\n      text-decoration:none;\n      box-shadow:var(--btn-glow);\n      transition:transform .06s ease,filter .18s ease;\n    }\n\n    .kzb-btn:hover{\n      transform:translateY(-1px);\n      filter:brightness(1.08);\n    }\n\n    .kzb-btn:active{\n      transform:translateY(0);\n    }\n\n    @media (max-width:640px){\n      .kzb-support{padding:12px 12px}\n    }\n  <\/style>\n\n  <div>\n\n    <div class=\"kzb-eyebrow\">Support independent journalism<\/div>\n\n    <h3 class=\"kzb-title\">Investigative journalism requires courage \u2013 and your support.<\/h3>\n\n    <p class=\"kzb-lead\">\n      Support our work against right-wing populism, disinformation, and violations of human and environmental rights. Every contribution goes directly into our daily reporting \u2013 we operate without advertising, without subscriptions, without corporations, without political parties. Our journalism is meant to remain freely accessible. For everyone.\n    <\/p>\n\n    <p class=\"kzb-lead\">\n      Independent \u2013 Critical \u2013 For Everyone\n    <\/p>\n\n    <div class=\"kzb-actions\">\n      <a class=\"kzb-btn\"\n         href=\"https:\/\/kaizen-blog.org\/en\/unterstuetzen-sie-unser-arbeit\/\"\n         aria-label=\"Support Kaizen\">\n        Support Kaizen\n        <svg width=\"16\" height=\"16\" viewbox=\"0 0 24 24\" aria-hidden=\"true\">\n          <path fill=\"currentColor\" d=\"M13 5l7 7-7 7-1.4-1.4L16.2 13H4v-2h12.2l-4.6-4.6L13 5z\"\/>\n        <\/svg>\n      <\/a>\n    <\/div>\n\n    <p class=\"kzb-lead\" style=\"margin-top:12px;\">\n      <strong>Thank you for making our independent work possible.<\/strong>\n    <\/p>\n\n  <\/div>\n<\/div>\n\n\n\n\n<div style=\"height:31px\" aria-hidden=\"true\" class=\"wp-block-spacer\"><\/div>\n\n\n\n<div class=\"kb-news-update-box\" style=\"    max-width: 650px;    margin: 2rem auto;    padding: 1.25rem 1.5rem;    border-radius: 12px;    border: 1px solid rgba(120,120,120,0.4);    background: rgba(15,15,20,0.03);    backdrop-filter: blur(4px);    font-family: system-ui, -apple-system, BlinkMacSystemFont, 'Segoe UI', sans-serif;\">\n  <style>\n    @media (prefers-color-scheme: dark) {\n      .kb-news-update-box {\n        background: rgba(15,15,20,0.9) !important;\n        border-color: rgba(160,160,160,0.4) !important;\n      }\n      .kb-news-update-box h3 {\n        color: #f5f5f5 !important;\n      }\n      .kb-news-update-box p {\n        color: #e0e0e0 !important;\n      }\n      .kb-news-update-box a.kb-news-link {\n        color: #ffb347 !important;\n        border-color: rgba(255,179,71,0.4) !important;\n      }\n      .kb-news-update-box a.kb-news-link:hover {\n        background: rgba(255,179,71,0.12) !important;\n      }\n    }\n  <\/style>\n\n  <h3 style=\"      margin: 0 0 0.5rem 0;      font-size: 1.15rem;      letter-spacing: 0.02em;      text-transform: uppercase;  \">\n    Updates \u2013 Kaizen News Brief\n  <\/h3>\n\n  <p style=\"      margin: 0 0 0.9rem 0;      font-size: 0.95rem;      line-height: 1.5;  \">\n    All current curated daily updates can be found in the Kaizen News Brief. \n  <\/p>\n\n  <!-- Deutscher Button -->\n  <a class=\"kb-news-link\" href=\"https:\/\/kaizen-blog.org\/en\/03-dezember-2025-kurznachrichten\/\" style=\"      display: inline-flex;      align-items: center;      gap: 0.4rem;      padding: 0.45rem 0.9rem;      border-radius: 999px;      border: 1px solid rgba(0,0,0,0.12);      font-size: 0.9rem;      text-decoration: none;      color: #004b8d;      transition: background 0.15s ease, transform 0.1s ease, border-color 0.15s ease;      margin-bottom: 0.5rem;      margin-right: 0.4rem;  \">\n    <span style=\"font-weight: 600;\">To the Kaizen News Brief<\/span>\n    <span aria-hidden=\"true\" style=\"font-size: 1.1rem;\">\u2197<\/span>\n  <\/a>\n\n  <!-- Englischer Button -->\n  <a class=\"kb-news-link\" href=\"https:\/\/kaizen-blog.org\/en\/03-dezember-2025-kurznachrichten\/\" style=\"      display: inline-flex;      align-items: center;      gap: 0.4rem;      padding: 0.45rem 0.9rem;      border-radius: 999px;      border: 1px solid rgba(0,0,0,0.12);      font-size: 0.9rem;      text-decoration: none;      color: #004b8d;      transition: background 0.15s ease, transform 0.1s ease, border-color 0.15s ease;  \">\n    <span style=\"font-weight: 600;\">In English<\/span>\n    <span aria-hidden=\"true\" style=\"font-size: 1.1rem;\">\u2197<\/span>\n  <\/a>\n\n<\/div>\n\n\n\n\n<div style=\"height:100px\" aria-hidden=\"true\" class=\"wp-block-spacer\"><\/div>\n<div class=\"gsp_post_data\" \r\n\t            data-post_type=\"post\" \r\n\t            data-cat=\"afd-no-thanks,news,topstory\" \r\n\t            data-modified=\"120\"\r\n\t            data-created=\"1764738024\"\r\n\t            data-title=\"Barbara, die Freiheit \u2013 und warum die AFD sie nicht f\u00fcr sich vereinnahmen sollte\" \r\n\t            data-home=\"https:\/\/kaizen-blog.org\/en\/\"><\/div>","protected":false},"excerpt":{"rendered":"<p>Die AfD Gauersheim l\u00e4dt zum \u201eBarbara-Kaffee\u201c ein und m\u00f6chte \u00fcber die Heilige Barbara informieren. Ausgerechnet eine Partei, deren Weltbild im direkten Widerspruch zu jener Figur steht, die sie nun feierlich pr\u00e4sentieren will. Denn Barbara ist nicht nur ein freundliches Adventssymbol, als das sie gelegentlich erscheint, sondern eine Gestalt, deren Geschichte eine klare Haltung zu Macht, [&hellip;]<\/p>\n","protected":false},"author":1,"featured_media":22527,"comment_status":"open","ping_status":"open","sticky":false,"template":"","format":"standard","meta":{"_jetpack_memberships_contains_paid_content":false,"footnotes":"","jetpack_publicize_message":"","jetpack_publicize_feature_enabled":true,"jetpack_social_post_already_shared":true,"jetpack_social_options":{"image_generator_settings":{"template":"highway","default_image_id":0,"font":"","enabled":false},"version":2}},"categories":[33,5,7],"tags":[],"class_list":["post-22514","post","type-post","status-publish","format-standard","has-post-thumbnail","hentry","category-afd-no-thanks","category-news","category-topstory"],"featured_image_src":"https:\/\/i0.wp.com\/kaizen-blog.org\/wp-content\/uploads\/2025\/12\/kaizennewsday-2025-12-03T044742.924.jpg?fit=905%2C500&ssl=1","author_info":{"display_name":"Rainer Hofmann","author_link":"https:\/\/kaizen-blog.org\/en\/author\/admin\/"},"yoast_head":"<!-- This site is optimized with the Yoast SEO plugin v27.5 - https:\/\/yoast.com\/product\/yoast-seo-wordpress\/ -->\n<title>Barbara, die Freiheit \u2013 und warum die AFD sie nicht f\u00fcr sich vereinnahmen sollte - The Kaizen Blog<\/title>\n<meta name=\"robots\" content=\"index, follow, max-snippet:-1, max-image-preview:large, max-video-preview:-1\" \/>\n<link rel=\"canonical\" href=\"https:\/\/kaizen-blog.org\/en\/barbara-die-freiheit-und-warum-die-afd-sie-nicht-fuer-sich-vereinnahmen-sollte\/\" \/>\n<meta property=\"og:locale\" content=\"en_US\" \/>\n<meta property=\"og:type\" content=\"article\" \/>\n<meta property=\"og:title\" content=\"Barbara, die Freiheit \u2013 und warum die AFD sie nicht f\u00fcr sich vereinnahmen sollte\" \/>\n<meta property=\"og:description\" content=\"Die AfD Gauersheim l\u00e4dt zum \u201eBarbara-Kaffee\u201c ein und m\u00f6chte \u00fcber die Heilige Barbara informieren. Ausgerechnet eine Partei, deren Weltbild im direkten Widerspruch zu jener Figur steht, die sie nun feierlich pr\u00e4sentieren will. Denn Barbara ist nicht nur ein freundliches Adventssymbol, als das sie gelegentlich erscheint, sondern eine Gestalt, deren Geschichte eine klare Haltung zu Macht, Freiheit und Menschenw\u00fcrde erkennen l\u00e4sst.\" \/>\n<meta property=\"og:url\" content=\"https:\/\/kaizen-blog.org\/en\/barbara-die-freiheit-und-warum-die-afd-sie-nicht-fuer-sich-vereinnahmen-sollte\/\" \/>\n<meta property=\"og:site_name\" content=\"The Kaizen Blog\" \/>\n<meta property=\"article:publisher\" content=\"https:\/\/www.facebook.com\/rainer.hofmann.2025\/\" \/>\n<meta property=\"article:published_time\" content=\"2025-12-03T04:00:24+00:00\" \/>\n<meta property=\"article:modified_time\" content=\"2025-12-03T04:00:27+00:00\" \/>\n<meta property=\"og:image\" content=\"https:\/\/kaizen-blog.org\/wp-content\/uploads\/2025\/12\/kaizennewsday-2025-12-03T044742.924.jpg\" \/>\n\t<meta property=\"og:image:width\" content=\"905\" \/>\n\t<meta property=\"og:image:height\" content=\"500\" \/>\n\t<meta property=\"og:image:type\" content=\"image\/jpeg\" \/>\n<meta name=\"author\" content=\"Rainer Hofmann\" \/>\n<meta name=\"twitter:card\" content=\"summary_large_image\" \/>\n<meta name=\"twitter:label1\" content=\"Written by\" \/>\n\t<meta name=\"twitter:data1\" content=\"Rainer Hofmann\" \/>\n\t<meta name=\"twitter:label2\" content=\"Est. reading time\" \/>\n\t<meta name=\"twitter:data2\" content=\"4 minutes\" \/>\n<script type=\"application\/ld+json\" class=\"yoast-schema-graph\">{\"@context\":\"https:\\\/\\\/schema.org\",\"@graph\":[{\"@type\":\"Article\",\"@id\":\"https:\\\/\\\/kaizen-blog.org\\\/barbara-die-freiheit-und-warum-die-afd-sie-nicht-fuer-sich-vereinnahmen-sollte\\\/#article\",\"isPartOf\":{\"@id\":\"https:\\\/\\\/kaizen-blog.org\\\/barbara-die-freiheit-und-warum-die-afd-sie-nicht-fuer-sich-vereinnahmen-sollte\\\/\"},\"author\":{\"name\":\"Rainer Hofmann\",\"@id\":\"https:\\\/\\\/kaizen-blog.org\\\/#\\\/schema\\\/person\\\/7d3fc7346e2501a389ea3daa48b99ad0\"},\"headline\":\"Barbara, die Freiheit \u2013 und warum die AFD sie nicht f\u00fcr sich vereinnahmen sollte\",\"datePublished\":\"2025-12-03T04:00:24+00:00\",\"dateModified\":\"2025-12-03T04:00:27+00:00\",\"mainEntityOfPage\":{\"@id\":\"https:\\\/\\\/kaizen-blog.org\\\/barbara-die-freiheit-und-warum-die-afd-sie-nicht-fuer-sich-vereinnahmen-sollte\\\/\"},\"wordCount\":523,\"commentCount\":0,\"image\":{\"@id\":\"https:\\\/\\\/kaizen-blog.org\\\/barbara-die-freiheit-und-warum-die-afd-sie-nicht-fuer-sich-vereinnahmen-sollte\\\/#primaryimage\"},\"thumbnailUrl\":\"https:\\\/\\\/i0.wp.com\\\/kaizen-blog.org\\\/wp-content\\\/uploads\\\/2025\\\/12\\\/kaizennewsday-2025-12-03T044742.924.jpg?fit=905%2C500&ssl=1\",\"articleSection\":[\"AFD - \\\"No Thanks\\\"\",\"NEWS\",\"Topstory\"],\"inLanguage\":\"en-US\",\"potentialAction\":[{\"@type\":\"CommentAction\",\"name\":\"Comment\",\"target\":[\"https:\\\/\\\/kaizen-blog.org\\\/barbara-die-freiheit-und-warum-die-afd-sie-nicht-fuer-sich-vereinnahmen-sollte\\\/#respond\"]}]},{\"@type\":\"WebPage\",\"@id\":\"https:\\\/\\\/kaizen-blog.org\\\/barbara-die-freiheit-und-warum-die-afd-sie-nicht-fuer-sich-vereinnahmen-sollte\\\/\",\"url\":\"https:\\\/\\\/kaizen-blog.org\\\/barbara-die-freiheit-und-warum-die-afd-sie-nicht-fuer-sich-vereinnahmen-sollte\\\/\",\"name\":\"Barbara, die Freiheit \u2013 und warum die AFD sie nicht f\u00fcr sich vereinnahmen sollte - The Kaizen Blog\",\"isPartOf\":{\"@id\":\"https:\\\/\\\/kaizen-blog.org\\\/#website\"},\"primaryImageOfPage\":{\"@id\":\"https:\\\/\\\/kaizen-blog.org\\\/barbara-die-freiheit-und-warum-die-afd-sie-nicht-fuer-sich-vereinnahmen-sollte\\\/#primaryimage\"},\"image\":{\"@id\":\"https:\\\/\\\/kaizen-blog.org\\\/barbara-die-freiheit-und-warum-die-afd-sie-nicht-fuer-sich-vereinnahmen-sollte\\\/#primaryimage\"},\"thumbnailUrl\":\"https:\\\/\\\/i0.wp.com\\\/kaizen-blog.org\\\/wp-content\\\/uploads\\\/2025\\\/12\\\/kaizennewsday-2025-12-03T044742.924.jpg?fit=905%2C500&ssl=1\",\"datePublished\":\"2025-12-03T04:00:24+00:00\",\"dateModified\":\"2025-12-03T04:00:27+00:00\",\"author\":{\"@id\":\"https:\\\/\\\/kaizen-blog.org\\\/#\\\/schema\\\/person\\\/7d3fc7346e2501a389ea3daa48b99ad0\"},\"breadcrumb\":{\"@id\":\"https:\\\/\\\/kaizen-blog.org\\\/barbara-die-freiheit-und-warum-die-afd-sie-nicht-fuer-sich-vereinnahmen-sollte\\\/#breadcrumb\"},\"inLanguage\":\"en-US\",\"potentialAction\":[{\"@type\":\"ReadAction\",\"target\":[\"https:\\\/\\\/kaizen-blog.org\\\/barbara-die-freiheit-und-warum-die-afd-sie-nicht-fuer-sich-vereinnahmen-sollte\\\/\"]}]},{\"@type\":\"ImageObject\",\"inLanguage\":\"en-US\",\"@id\":\"https:\\\/\\\/kaizen-blog.org\\\/barbara-die-freiheit-und-warum-die-afd-sie-nicht-fuer-sich-vereinnahmen-sollte\\\/#primaryimage\",\"url\":\"https:\\\/\\\/i0.wp.com\\\/kaizen-blog.org\\\/wp-content\\\/uploads\\\/2025\\\/12\\\/kaizennewsday-2025-12-03T044742.924.jpg?fit=905%2C500&ssl=1\",\"contentUrl\":\"https:\\\/\\\/i0.wp.com\\\/kaizen-blog.org\\\/wp-content\\\/uploads\\\/2025\\\/12\\\/kaizennewsday-2025-12-03T044742.924.jpg?fit=905%2C500&ssl=1\",\"width\":905,\"height\":500},{\"@type\":\"BreadcrumbList\",\"@id\":\"https:\\\/\\\/kaizen-blog.org\\\/barbara-die-freiheit-und-warum-die-afd-sie-nicht-fuer-sich-vereinnahmen-sollte\\\/#breadcrumb\",\"itemListElement\":[{\"@type\":\"ListItem\",\"position\":1,\"name\":\"Startseite\",\"item\":\"https:\\\/\\\/kaizen-blog.org\\\/\"},{\"@type\":\"ListItem\",\"position\":2,\"name\":\"Barbara, die Freiheit \u2013 und warum die AFD sie nicht f\u00fcr sich vereinnahmen sollte\"}]},{\"@type\":\"WebSite\",\"@id\":\"https:\\\/\\\/kaizen-blog.org\\\/#website\",\"url\":\"https:\\\/\\\/kaizen-blog.org\\\/\",\"name\":\"The Kaizen Blog\",\"description\":\"Investigativer Journalismus\",\"potentialAction\":[{\"@type\":\"SearchAction\",\"target\":{\"@type\":\"EntryPoint\",\"urlTemplate\":\"https:\\\/\\\/kaizen-blog.org\\\/?s={search_term_string}\"},\"query-input\":{\"@type\":\"PropertyValueSpecification\",\"valueRequired\":true,\"valueName\":\"search_term_string\"}}],\"inLanguage\":\"en-US\"},{\"@type\":\"Person\",\"@id\":\"https:\\\/\\\/kaizen-blog.org\\\/#\\\/schema\\\/person\\\/7d3fc7346e2501a389ea3daa48b99ad0\",\"name\":\"Rainer Hofmann\",\"image\":{\"@type\":\"ImageObject\",\"inLanguage\":\"en-US\",\"@id\":\"\\\/\\\/www.gravatar.com\\\/avatar\\\/21e5b26d4f12b21206d8094d7aea4ab6?s=96&#038;r=g&#038;d=initials\",\"url\":\"\\\/\\\/www.gravatar.com\\\/avatar\\\/21e5b26d4f12b21206d8094d7aea4ab6?s=96&#038;r=g&#038;d=initials\",\"contentUrl\":\"\\\/\\\/www.gravatar.com\\\/avatar\\\/21e5b26d4f12b21206d8094d7aea4ab6?s=96&#038;r=g&#038;d=initials\",\"caption\":\"Rainer Hofmann\"},\"sameAs\":[\"https:\\\/\\\/kaizen-blog.org\"],\"url\":\"https:\\\/\\\/kaizen-blog.org\\\/en\\\/author\\\/admin\\\/\"}]}<\/script>\n<!-- \/ Yoast SEO plugin. -->","yoast_head_json":{"title":"Barbara, die Freiheit \u2013 und warum die AFD sie nicht f\u00fcr sich vereinnahmen sollte - The Kaizen Blog","robots":{"index":"index","follow":"follow","max-snippet":"max-snippet:-1","max-image-preview":"max-image-preview:large","max-video-preview":"max-video-preview:-1"},"canonical":"https:\/\/kaizen-blog.org\/en\/barbara-die-freiheit-und-warum-die-afd-sie-nicht-fuer-sich-vereinnahmen-sollte\/","og_locale":"en_US","og_type":"article","og_title":"Barbara, die Freiheit \u2013 und warum die AFD sie nicht f\u00fcr sich vereinnahmen sollte","og_description":"Die AfD Gauersheim l\u00e4dt zum \u201eBarbara-Kaffee\u201c ein und m\u00f6chte \u00fcber die Heilige Barbara informieren. Ausgerechnet eine Partei, deren Weltbild im direkten Widerspruch zu jener Figur steht, die sie nun feierlich pr\u00e4sentieren will. Denn Barbara ist nicht nur ein freundliches Adventssymbol, als das sie gelegentlich erscheint, sondern eine Gestalt, deren Geschichte eine klare Haltung zu Macht, Freiheit und Menschenw\u00fcrde erkennen l\u00e4sst.","og_url":"https:\/\/kaizen-blog.org\/en\/barbara-die-freiheit-und-warum-die-afd-sie-nicht-fuer-sich-vereinnahmen-sollte\/","og_site_name":"The Kaizen Blog","article_publisher":"https:\/\/www.facebook.com\/rainer.hofmann.2025\/","article_published_time":"2025-12-03T04:00:24+00:00","article_modified_time":"2025-12-03T04:00:27+00:00","og_image":[{"width":905,"height":500,"url":"https:\/\/kaizen-blog.org\/wp-content\/uploads\/2025\/12\/kaizennewsday-2025-12-03T044742.924.jpg","type":"image\/jpeg"}],"author":"Rainer Hofmann","twitter_card":"summary_large_image","twitter_misc":{"Written by":"Rainer Hofmann","Est. reading time":"4 minutes"},"schema":{"@context":"https:\/\/schema.org","@graph":[{"@type":"Article","@id":"https:\/\/kaizen-blog.org\/barbara-die-freiheit-und-warum-die-afd-sie-nicht-fuer-sich-vereinnahmen-sollte\/#article","isPartOf":{"@id":"https:\/\/kaizen-blog.org\/barbara-die-freiheit-und-warum-die-afd-sie-nicht-fuer-sich-vereinnahmen-sollte\/"},"author":{"name":"Rainer Hofmann","@id":"https:\/\/kaizen-blog.org\/#\/schema\/person\/7d3fc7346e2501a389ea3daa48b99ad0"},"headline":"Barbara, die Freiheit \u2013 und warum die AFD sie nicht f\u00fcr sich vereinnahmen sollte","datePublished":"2025-12-03T04:00:24+00:00","dateModified":"2025-12-03T04:00:27+00:00","mainEntityOfPage":{"@id":"https:\/\/kaizen-blog.org\/barbara-die-freiheit-und-warum-die-afd-sie-nicht-fuer-sich-vereinnahmen-sollte\/"},"wordCount":523,"commentCount":0,"image":{"@id":"https:\/\/kaizen-blog.org\/barbara-die-freiheit-und-warum-die-afd-sie-nicht-fuer-sich-vereinnahmen-sollte\/#primaryimage"},"thumbnailUrl":"https:\/\/i0.wp.com\/kaizen-blog.org\/wp-content\/uploads\/2025\/12\/kaizennewsday-2025-12-03T044742.924.jpg?fit=905%2C500&ssl=1","articleSection":["AFD - \"No Thanks\"","NEWS","Topstory"],"inLanguage":"en-US","potentialAction":[{"@type":"CommentAction","name":"Comment","target":["https:\/\/kaizen-blog.org\/barbara-die-freiheit-und-warum-die-afd-sie-nicht-fuer-sich-vereinnahmen-sollte\/#respond"]}]},{"@type":"WebPage","@id":"https:\/\/kaizen-blog.org\/barbara-die-freiheit-und-warum-die-afd-sie-nicht-fuer-sich-vereinnahmen-sollte\/","url":"https:\/\/kaizen-blog.org\/barbara-die-freiheit-und-warum-die-afd-sie-nicht-fuer-sich-vereinnahmen-sollte\/","name":"Barbara, die Freiheit \u2013 und warum die AFD sie nicht f\u00fcr sich vereinnahmen sollte - The Kaizen Blog","isPartOf":{"@id":"https:\/\/kaizen-blog.org\/#website"},"primaryImageOfPage":{"@id":"https:\/\/kaizen-blog.org\/barbara-die-freiheit-und-warum-die-afd-sie-nicht-fuer-sich-vereinnahmen-sollte\/#primaryimage"},"image":{"@id":"https:\/\/kaizen-blog.org\/barbara-die-freiheit-und-warum-die-afd-sie-nicht-fuer-sich-vereinnahmen-sollte\/#primaryimage"},"thumbnailUrl":"https:\/\/i0.wp.com\/kaizen-blog.org\/wp-content\/uploads\/2025\/12\/kaizennewsday-2025-12-03T044742.924.jpg?fit=905%2C500&ssl=1","datePublished":"2025-12-03T04:00:24+00:00","dateModified":"2025-12-03T04:00:27+00:00","author":{"@id":"https:\/\/kaizen-blog.org\/#\/schema\/person\/7d3fc7346e2501a389ea3daa48b99ad0"},"breadcrumb":{"@id":"https:\/\/kaizen-blog.org\/barbara-die-freiheit-und-warum-die-afd-sie-nicht-fuer-sich-vereinnahmen-sollte\/#breadcrumb"},"inLanguage":"en-US","potentialAction":[{"@type":"ReadAction","target":["https:\/\/kaizen-blog.org\/barbara-die-freiheit-und-warum-die-afd-sie-nicht-fuer-sich-vereinnahmen-sollte\/"]}]},{"@type":"ImageObject","inLanguage":"en-US","@id":"https:\/\/kaizen-blog.org\/barbara-die-freiheit-und-warum-die-afd-sie-nicht-fuer-sich-vereinnahmen-sollte\/#primaryimage","url":"https:\/\/i0.wp.com\/kaizen-blog.org\/wp-content\/uploads\/2025\/12\/kaizennewsday-2025-12-03T044742.924.jpg?fit=905%2C500&ssl=1","contentUrl":"https:\/\/i0.wp.com\/kaizen-blog.org\/wp-content\/uploads\/2025\/12\/kaizennewsday-2025-12-03T044742.924.jpg?fit=905%2C500&ssl=1","width":905,"height":500},{"@type":"BreadcrumbList","@id":"https:\/\/kaizen-blog.org\/barbara-die-freiheit-und-warum-die-afd-sie-nicht-fuer-sich-vereinnahmen-sollte\/#breadcrumb","itemListElement":[{"@type":"ListItem","position":1,"name":"Startseite","item":"https:\/\/kaizen-blog.org\/"},{"@type":"ListItem","position":2,"name":"Barbara, die Freiheit \u2013 und warum die AFD sie nicht f\u00fcr sich vereinnahmen sollte"}]},{"@type":"WebSite","@id":"https:\/\/kaizen-blog.org\/#website","url":"https:\/\/kaizen-blog.org\/","name":"The Kaizen Blog","description":"Investigative Journalism","potentialAction":[{"@type":"SearchAction","target":{"@type":"EntryPoint","urlTemplate":"https:\/\/kaizen-blog.org\/?s={search_term_string}"},"query-input":{"@type":"PropertyValueSpecification","valueRequired":true,"valueName":"search_term_string"}}],"inLanguage":"en-US"},{"@type":"Person","@id":"https:\/\/kaizen-blog.org\/#\/schema\/person\/7d3fc7346e2501a389ea3daa48b99ad0","name":"Rainer Hofmann","image":{"@type":"ImageObject","inLanguage":"en-US","@id":"\/\/www.gravatar.com\/avatar\/21e5b26d4f12b21206d8094d7aea4ab6?s=96&#038;r=g&#038;d=initials","url":"\/\/www.gravatar.com\/avatar\/21e5b26d4f12b21206d8094d7aea4ab6?s=96&#038;r=g&#038;d=initials","contentUrl":"\/\/www.gravatar.com\/avatar\/21e5b26d4f12b21206d8094d7aea4ab6?s=96&#038;r=g&#038;d=initials","caption":"Rainer Hofmann"},"sameAs":["https:\/\/kaizen-blog.org"],"url":"https:\/\/kaizen-blog.org\/en\/author\/admin\/"}]}},"jetpack_publicize_connections":[],"jetpack_featured_media_url":"https:\/\/i0.wp.com\/kaizen-blog.org\/wp-content\/uploads\/2025\/12\/kaizennewsday-2025-12-03T044742.924.jpg?fit=905%2C500&ssl=1","jetpack_sharing_enabled":true,"jetpack-related-posts":[{"id":1843,"url":"https:\/\/kaizen-blog.org\/en\/weidel-und-orban-wenn-demokratieverachtung-auf-autokratenbewunderung-trifft\/","url_meta":{"origin":22514,"position":0},"title":"Weidel and Orb\u00e1n - When Contempt for Democracy Meets Admiration for Autocracy","author":"Rainer Hofmann","date":"February 12, 2025","format":false,"excerpt":"Alice Weidel h\u00e4lt dich aktuell in Ungarn auf, um sich mit Viktor Orb\u00e1n auszutauschen \u2013 und statt f\u00fcr deutsche Interessen einzutreten, nutzte sie die Gelegenheit, um Deutschland vor der ungarischen Presse schlechtzureden. Sie sprach von eingeschr\u00e4nkter Meinungsfreiheit und Korruption in Deutschland, lobt Orb\u00e1n als Retter Europas vor Migranten und preist\u2026","rel":"","context":"In &quot;AFD - \"No Thanks\"&quot;","block_context":{"text":"AFD - \"No Thanks\"","link":"https:\/\/kaizen-blog.org\/en\/category\/afd-no-thanks\/"},"img":{"alt_text":"","src":"https:\/\/i0.wp.com\/kaizen-blog.org\/wp-content\/uploads\/2025\/05\/weidel-orban-budapest-afd.webp?fit=990%2C506&ssl=1&resize=350%2C200","width":350,"height":200,"srcset":"https:\/\/i0.wp.com\/kaizen-blog.org\/wp-content\/uploads\/2025\/05\/weidel-orban-budapest-afd.webp?fit=990%2C506&ssl=1&resize=350%2C200 1x, https:\/\/i0.wp.com\/kaizen-blog.org\/wp-content\/uploads\/2025\/05\/weidel-orban-budapest-afd.webp?fit=990%2C506&ssl=1&resize=525%2C300 1.5x, https:\/\/i0.wp.com\/kaizen-blog.org\/wp-content\/uploads\/2025\/05\/weidel-orban-budapest-afd.webp?fit=990%2C506&ssl=1&resize=700%2C400 2x"},"classes":[]},{"id":4485,"url":"https:\/\/kaizen-blog.org\/en\/kilmar-abrego-garcia-zwischen-gitterstaeben-und-gerechtigkeit\/","url_meta":{"origin":22514,"position":1},"title":"Kilmar Abrego Garcia: Between Bars and Justice","author":"Rainer Hofmann","date":"June 14, 2025","format":false,"excerpt":"Vor dem Bundesgericht in Nashville, Tennessee, flackerten am Freitag nicht nur die Neonr\u00f6hren im Verhandlungssaal \u2013 es war das Glei\u00dfen einer tief zerrissenen Nation, die sich in den Augen eines Mannes spiegelte: Kilmar Abrego Garcia, 29 Jahre alt, Ehemann, Vater \u2013 und Sinnbild einer Migrationspolitik, die l\u00e4ngst keine Grenzen mehr\u2026","rel":"","context":"In &quot;Deportations Under Trump&quot;","block_context":{"text":"Deportations Under Trump","link":"https:\/\/kaizen-blog.org\/en\/category\/deportations-under-trump\/"},"img":{"alt_text":"","src":"https:\/\/i0.wp.com\/kaizen-blog.org\/wp-content\/uploads\/2025\/06\/kilmarnashville2.webp?fit=850%2C508&ssl=1&resize=350%2C200","width":350,"height":200,"srcset":"https:\/\/i0.wp.com\/kaizen-blog.org\/wp-content\/uploads\/2025\/06\/kilmarnashville2.webp?fit=850%2C508&ssl=1&resize=350%2C200 1x, https:\/\/i0.wp.com\/kaizen-blog.org\/wp-content\/uploads\/2025\/06\/kilmarnashville2.webp?fit=850%2C508&ssl=1&resize=525%2C300 1.5x, https:\/\/i0.wp.com\/kaizen-blog.org\/wp-content\/uploads\/2025\/06\/kilmarnashville2.webp?fit=850%2C508&ssl=1&resize=700%2C400 2x"},"classes":[]},{"id":6483,"url":"https:\/\/kaizen-blog.org\/en\/zwischen-freiheit-und-furcht-warum-kilmar-abrego-garcia-weiter-gesetzeswidrig-in-haft-bleibt\/","url_meta":{"origin":22514,"position":2},"title":"Between Freedom and Fear \u2013 Why Kilmar Abrego Garcia Remains Unlawfully Detained","author":"Rainer Hofmann","date":"June 27, 2025","format":false,"excerpt":"Nashville, 27. Juni 2025 \u2013 Es ist ein juristisches Paradox, das kaum fassbar scheint: Die Anw\u00e4lte eines Mannes, der zu Unrecht aus den USA abgeschoben wurde, bitten nun darum, dass er im Gef\u00e4ngnis bleiben m\u00f6ge \u2013 aus Angst, das Land k\u00f6nne ihn erneut loswerden wollen, noch bevor er je verurteilt\u2026","rel":"","context":"In &quot;Deportations Under Trump&quot;","block_context":{"text":"Deportations Under Trump","link":"https:\/\/kaizen-blog.org\/en\/category\/deportations-under-trump\/"},"img":{"alt_text":"","src":"https:\/\/i0.wp.com\/kaizen-blog.org\/wp-content\/uploads\/2025\/06\/Kopie-von-Photo-by-ZVG118.webp?fit=850%2C508&ssl=1&resize=350%2C200","width":350,"height":200,"srcset":"https:\/\/i0.wp.com\/kaizen-blog.org\/wp-content\/uploads\/2025\/06\/Kopie-von-Photo-by-ZVG118.webp?fit=850%2C508&ssl=1&resize=350%2C200 1x, https:\/\/i0.wp.com\/kaizen-blog.org\/wp-content\/uploads\/2025\/06\/Kopie-von-Photo-by-ZVG118.webp?fit=850%2C508&ssl=1&resize=525%2C300 1.5x, https:\/\/i0.wp.com\/kaizen-blog.org\/wp-content\/uploads\/2025\/06\/Kopie-von-Photo-by-ZVG118.webp?fit=850%2C508&ssl=1&resize=700%2C400 2x"},"classes":[]},{"id":2337,"url":"https:\/\/kaizen-blog.org\/en\/ich-liebe-viktor-orban-wenn-alice-weidel-faellt-dann-tief\/","url_meta":{"origin":22514,"position":3},"title":"\u201cI love Viktor Orb\u00e1n\u201d \u2013 When Alice Weidel falls, she falls hard","author":"Rainer Hofmann","date":"May 31, 2025","format":false,"excerpt":"Es sind nur vier Worte, aber sie verraten alles: \u201eIch liebe Viktor Orb\u00e1n.\u201c Mit diesem Satz hat Alice Weidel, Fraktionsvorsitzende der AfD, bei der diesj\u00e4hrigen CPAC 2025 in Budapest endg\u00fcltig den letzten Rest demokratischer Maske fallen lassen. Die B\u00fchne: eine rechte Jahrmarktsveranstaltung im Glanz autorit\u00e4rer Selbstverliebtheit. Die Kulisse: Viktor Orb\u00e1ns\u2026","rel":"","context":"In &quot;AFD - \"No Thanks\"&quot;","block_context":{"text":"AFD - \"No Thanks\"","link":"https:\/\/kaizen-blog.org\/en\/category\/afd-no-thanks\/"},"img":{"alt_text":"","src":"https:\/\/i0.wp.com\/kaizen-blog.org\/wp-content\/uploads\/2025\/05\/weidel-cpac-2025.webp?fit=1200%2C753&ssl=1&resize=350%2C200","width":350,"height":200,"srcset":"https:\/\/i0.wp.com\/kaizen-blog.org\/wp-content\/uploads\/2025\/05\/weidel-cpac-2025.webp?fit=1200%2C753&ssl=1&resize=350%2C200 1x, https:\/\/i0.wp.com\/kaizen-blog.org\/wp-content\/uploads\/2025\/05\/weidel-cpac-2025.webp?fit=1200%2C753&ssl=1&resize=525%2C300 1.5x, https:\/\/i0.wp.com\/kaizen-blog.org\/wp-content\/uploads\/2025\/05\/weidel-cpac-2025.webp?fit=1200%2C753&ssl=1&resize=700%2C400 2x, https:\/\/i0.wp.com\/kaizen-blog.org\/wp-content\/uploads\/2025\/05\/weidel-cpac-2025.webp?fit=1200%2C753&ssl=1&resize=1050%2C600 3x"},"classes":[]},{"id":4813,"url":"https:\/\/kaizen-blog.org\/en\/das-frauenbild-der-afd-veraltetes-denken-und-frauenfeindlichkeit\/","url_meta":{"origin":22514,"position":4},"title":"The AfD\u2019s View of Women: Outdated Thinking and Misogyny","author":"Rainer Hofmann","date":"June 16, 2025","format":false,"excerpt":"Die Alternative f\u00fcr Deutschland (AfD) hat sich seit ihrer Gr\u00fcndung als eine Partei etabliert, die kontroverse Positionen zu sozialen und politischen Themen einnimmt. Ein besonders auff\u00e4lliger Aspekt ihrer Ideologie ist ihr Frauenbild, das h\u00e4ufig als veraltet und frauenfeindlich kritisiert wird. Die Partei propagiert traditionelle Rollenbilder und setzt sich aktiv gegen\u2026","rel":"","context":"In &quot;AFD - \"No Thanks\"&quot;","block_context":{"text":"AFD - \"No Thanks\"","link":"https:\/\/kaizen-blog.org\/en\/category\/afd-no-thanks\/"},"img":{"alt_text":"","src":"https:\/\/i0.wp.com\/kaizen-blog.org\/wp-content\/uploads\/2025\/06\/afd.webp?fit=850%2C508&ssl=1&resize=350%2C200","width":350,"height":200,"srcset":"https:\/\/i0.wp.com\/kaizen-blog.org\/wp-content\/uploads\/2025\/06\/afd.webp?fit=850%2C508&ssl=1&resize=350%2C200 1x, https:\/\/i0.wp.com\/kaizen-blog.org\/wp-content\/uploads\/2025\/06\/afd.webp?fit=850%2C508&ssl=1&resize=525%2C300 1.5x, https:\/\/i0.wp.com\/kaizen-blog.org\/wp-content\/uploads\/2025\/06\/afd.webp?fit=850%2C508&ssl=1&resize=700%2C400 2x"},"classes":[]},{"id":230,"url":"https:\/\/kaizen-blog.org\/en\/230-2\/","url_meta":{"origin":22514,"position":5},"title":"The Irony of Democracy","author":"Rainer Hofmann","date":"May 8, 2025","format":false,"excerpt":"AfD und die Stille des Verfassungsschutzes Es sind manchmal gerade die leisen Ereignisse, die mit besonders lautem Echo nachhallen. So auch jene Entscheidung, mit der das Bundesamt f\u00fcr Verfassungsschutz (BfV) j\u00fcngst die Einstufung der AfD als \"gesichert rechtsextremistisch\" vorerst auf Eis legte. Eine \"Stillhaltezusage\" nennt man das, ein beh\u00f6rdlicher Begriff,\u2026","rel":"","context":"In &quot;AFD - \"No Thanks\"&quot;","block_context":{"text":"AFD - \"No Thanks\"","link":"https:\/\/kaizen-blog.org\/en\/category\/afd-no-thanks\/"},"img":{"alt_text":"","src":"https:\/\/i0.wp.com\/kaizen-blog.org\/wp-content\/uploads\/2025\/05\/AFD-Verfassungsschutz-ausgesetzt.png?fit=984%2C510&ssl=1&resize=350%2C200","width":350,"height":200,"srcset":"https:\/\/i0.wp.com\/kaizen-blog.org\/wp-content\/uploads\/2025\/05\/AFD-Verfassungsschutz-ausgesetzt.png?fit=984%2C510&ssl=1&resize=350%2C200 1x, https:\/\/i0.wp.com\/kaizen-blog.org\/wp-content\/uploads\/2025\/05\/AFD-Verfassungsschutz-ausgesetzt.png?fit=984%2C510&ssl=1&resize=525%2C300 1.5x, https:\/\/i0.wp.com\/kaizen-blog.org\/wp-content\/uploads\/2025\/05\/AFD-Verfassungsschutz-ausgesetzt.png?fit=984%2C510&ssl=1&resize=700%2C400 2x"},"classes":[]}],"_links":{"self":[{"href":"https:\/\/kaizen-blog.org\/en\/wp-json\/wp\/v2\/posts\/22514","targetHints":{"allow":["GET"]}}],"collection":[{"href":"https:\/\/kaizen-blog.org\/en\/wp-json\/wp\/v2\/posts"}],"about":[{"href":"https:\/\/kaizen-blog.org\/en\/wp-json\/wp\/v2\/types\/post"}],"author":[{"embeddable":true,"href":"https:\/\/kaizen-blog.org\/en\/wp-json\/wp\/v2\/users\/1"}],"replies":[{"embeddable":true,"href":"https:\/\/kaizen-blog.org\/en\/wp-json\/wp\/v2\/comments?post=22514"}],"version-history":[{"count":0,"href":"https:\/\/kaizen-blog.org\/en\/wp-json\/wp\/v2\/posts\/22514\/revisions"}],"wp:featuredmedia":[{"embeddable":true,"href":"https:\/\/kaizen-blog.org\/en\/wp-json\/wp\/v2\/media\/22527"}],"wp:attachment":[{"href":"https:\/\/kaizen-blog.org\/en\/wp-json\/wp\/v2\/media?parent=22514"}],"wp:term":[{"taxonomy":"category","embeddable":true,"href":"https:\/\/kaizen-blog.org\/en\/wp-json\/wp\/v2\/categories?post=22514"},{"taxonomy":"post_tag","embeddable":true,"href":"https:\/\/kaizen-blog.org\/en\/wp-json\/wp\/v2\/tags?post=22514"}],"curies":[{"name":"wp","href":"https:\/\/api.w.org\/{rel}","templated":true}]}}