{"id":20691,"date":"2025-11-18T02:50:39","date_gmt":"2025-11-18T01:50:39","guid":{"rendered":"https:\/\/kaizen-blog.org\/?p=20691"},"modified":"2025-11-18T02:50:42","modified_gmt":"2025-11-18T01:50:42","slug":"die-welt-brennt-und-in-belem-fordert-die-strasse-antworten","status":"publish","type":"post","link":"https:\/\/kaizen-blog.org\/en\/die-welt-brennt-und-in-belem-fordert-die-strasse-antworten\/","title":{"rendered":"The world is burning \u2013 and in Bel\u00e9m the streets are demanding answers"},"content":{"rendered":"<p>Bel\u00e9m showed this weekend what happens when a climate summit does not take place in sterile halls but in the middle of a city that breathes, sweats and struggles. Thousands of people moved through the streets, colorful, loud and determined. They carried a giant inflatable Earth, they sang, danced, held up banners and mixed Indigenous chants with political anger. It was an image that did not only protest but warned: time is running out. Inside, in the temporary halls of COP30, the world looked different. Air conditioners failed in the humid tropical weather, rainwater dripped through the roofs and yet delegates pressed through narrow corridors, searched for outlets, drank lukewarm water and tried in this heat to negotiate global solutions. Because while the voices of the protesters grew louder outside, the bitter truth inside remained: the world is not keeping its promises.<\/p>\n\n\n\n<figure class=\"wp-block-video alignwide\"><video height=\"360\" style=\"aspect-ratio: 640 \/ 360;\" width=\"640\" controls src=\"https:\/\/kaizen-blog.org\/wp-content\/uploads\/2025\/11\/cop30demostaetwas.mp4\"><\/video><\/figure>\n\n\n\n<div style=\"height:12px\" aria-hidden=\"true\" class=\"wp-block-spacer\"><\/div>\n\n\n\n<p>The second week of the summit begins with a sobering assessment. Ten years after the Paris commitment to keep global warming well below two degrees, emissions are at a new record. The Earth is already 1.3 degrees warmer than in the 19th century and with today\u2019s policies it is headed toward 2.8 degrees. These are not abstract numbers, this is the reality that pours down from the sky over Bel\u00e9m every afternoon in the form of brutal rainstorms.<\/p>\n\n\n\n<p>The major heads of state and government have long since departed. Left behind are the diplomats who labor over wording that will later determine how seriously the world means business. What distinguishes Bel\u00e9m from recent summits is this: here, protests are allowed. And not only that \u2013 here they are permitted, protected and in some cases supported. This stands in stark contrast to the meetings in Egypt, the Emirates and Azerbaijan, where the state controlled protests with a heavy hand. In Bel\u00e9m, unions, Indigenous groups, climate movements and environmental organizations march side by side. The street is part of this summit and it is applying pressure.<\/p>\n\n\n\n<figure class=\"wp-block-image alignwide size-full\"><img data-recalc-dims=\"1\" loading=\"lazy\" decoding=\"async\" width=\"640\" height=\"354\" src=\"https:\/\/i0.wp.com\/kaizen-blog.org\/wp-content\/uploads\/2025\/11\/batch_KaizenMagazin-2025-11-18T024003.921.webp?resize=640%2C354&#038;ssl=1\" alt=\"\" class=\"wp-image-20694\" srcset=\"https:\/\/i0.wp.com\/kaizen-blog.org\/wp-content\/uploads\/2025\/11\/batch_KaizenMagazin-2025-11-18T024003.921.webp?w=905&amp;ssl=1 905w, https:\/\/i0.wp.com\/kaizen-blog.org\/wp-content\/uploads\/2025\/11\/batch_KaizenMagazin-2025-11-18T024003.921.webp?resize=18%2C10&amp;ssl=1 18w, https:\/\/i0.wp.com\/kaizen-blog.org\/wp-content\/uploads\/2025\/11\/batch_KaizenMagazin-2025-11-18T024003.921.webp?resize=300%2C166&amp;ssl=1 300w, https:\/\/i0.wp.com\/kaizen-blog.org\/wp-content\/uploads\/2025\/11\/batch_KaizenMagazin-2025-11-18T024003.921.webp?resize=768%2C424&amp;ssl=1 768w\" sizes=\"auto, (max-width: 640px) 100vw, 640px\" \/><\/figure>\n\n\n\n<div style=\"height:18px\" aria-hidden=\"true\" class=\"wp-block-spacer\"><\/div>\n\n\n\n<p>At the center of the negotiations are two major questions: will the world finally define what a concrete exit from oil, gas and coal should look like? And will it finally provide the necessary financial resources so that poorer countries can protect themselves against floods, droughts and storms? Two years ago in Dubai, nations had only vaguely announced that they wanted to \u201cbegin\u201d moving away from fossil fuels. But little has come from this \u201cbeginning.\u201d That is why countries like Germany, France, Colombia, Denmark and Kenya are now pushing for a clear road map. A road map that sets out how subsidies for fossil fuels will be reduced, how states will reorganize their energy supply and how the transition can be financed. The Marshall Islands, which sit barely above sea level, put it bluntly: \u201cWe will not live if the world continues to wait.\u201d<\/p>\n\n\n\n<figure class=\"wp-block-image alignwide size-full\"><img data-recalc-dims=\"1\" loading=\"lazy\" decoding=\"async\" width=\"640\" height=\"354\" src=\"https:\/\/i0.wp.com\/kaizen-blog.org\/wp-content\/uploads\/2025\/11\/batch_KaizenMagazin-2025-11-18T023854.400.webp?resize=640%2C354&#038;ssl=1\" alt=\"\" class=\"wp-image-20692\" srcset=\"https:\/\/i0.wp.com\/kaizen-blog.org\/wp-content\/uploads\/2025\/11\/batch_KaizenMagazin-2025-11-18T023854.400.webp?w=905&amp;ssl=1 905w, https:\/\/i0.wp.com\/kaizen-blog.org\/wp-content\/uploads\/2025\/11\/batch_KaizenMagazin-2025-11-18T023854.400.webp?resize=18%2C10&amp;ssl=1 18w, https:\/\/i0.wp.com\/kaizen-blog.org\/wp-content\/uploads\/2025\/11\/batch_KaizenMagazin-2025-11-18T023854.400.webp?resize=300%2C166&amp;ssl=1 300w, https:\/\/i0.wp.com\/kaizen-blog.org\/wp-content\/uploads\/2025\/11\/batch_KaizenMagazin-2025-11-18T023854.400.webp?resize=768%2C424&amp;ssl=1 768w\" sizes=\"auto, (max-width: 640px) 100vw, 640px\" \/><\/figure>\n\n\n\n<div style=\"height:19px\" aria-hidden=\"true\" class=\"wp-block-spacer\"><\/div>\n\n\n\n<p>But the opposing forces are strong. Saudi Arabia, Russia and other major producers are blocking every attempt to impose binding limits on fossil fuels. Brazil is also caught in its own contradiction. President Lula called for determined action against fossil fuels \u2013 but only weeks earlier approved new offshore oil drilling at the mouth of the Amazon. An additional burden on the negotiations is the absence of the United States. The Trump administration has exited most international commitments and is leaving the summit to others. Without the world\u2019s largest historical emitter, Bel\u00e9m is missing a voice that in earlier years moved much \u2013 for better or worse. Some delegates say openly that there is less interference without the United States. Others see a dangerous gap.<\/p>\n\n\n\n<figure class=\"wp-block-image alignwide size-full\"><img data-recalc-dims=\"1\" loading=\"lazy\" decoding=\"async\" width=\"640\" height=\"354\" src=\"https:\/\/i0.wp.com\/kaizen-blog.org\/wp-content\/uploads\/2025\/11\/batch_KaizenMagazin-2025-11-18T023930.454.webp?resize=640%2C354&#038;ssl=1\" alt=\"\" class=\"wp-image-20693\" srcset=\"https:\/\/i0.wp.com\/kaizen-blog.org\/wp-content\/uploads\/2025\/11\/batch_KaizenMagazin-2025-11-18T023930.454.webp?w=905&amp;ssl=1 905w, https:\/\/i0.wp.com\/kaizen-blog.org\/wp-content\/uploads\/2025\/11\/batch_KaizenMagazin-2025-11-18T023930.454.webp?resize=18%2C10&amp;ssl=1 18w, https:\/\/i0.wp.com\/kaizen-blog.org\/wp-content\/uploads\/2025\/11\/batch_KaizenMagazin-2025-11-18T023930.454.webp?resize=300%2C166&amp;ssl=1 300w, https:\/\/i0.wp.com\/kaizen-blog.org\/wp-content\/uploads\/2025\/11\/batch_KaizenMagazin-2025-11-18T023930.454.webp?resize=768%2C424&amp;ssl=1 768w\" sizes=\"auto, (max-width: 640px) 100vw, 640px\" \/><\/figure>\n\n\n\n<div style=\"height:23px\" aria-hidden=\"true\" class=\"wp-block-spacer\"><\/div>\n\n\n\n<p>A central figure of the summit is Andr\u00e9 Corr\u00eaa do Lago, Brazil\u2019s chief negotiator. He is trying to steer the talks toward what is essential: implementing what has long been promised. No new grand declarations but delivering on old commitments. His role becomes visible when he addresses conflicts personally. When Indigenous activists blocked the entrance on Friday, he went to them himself, spoke calmly with them for an hour, held a child in his arms and the blockade dissolved. This moment shows how close protest and diplomacy are in Bel\u00e9m. And how little time the world has left. Small island nations risk disappearing under the sea. Countries like Brazil feel in their own bodies how heat and rain are becoming more extreme. And everywhere the fear is growing that the negotiations will again fall short of what is needed.<\/p>\n\n\n\n<p>Bel\u00e9m in these days is a magnifying glass. It shows urgency, pressure, hope \u2013 and the danger that once again everything will come too late. While drums, chants and the smell of rain fill the air outside, a tired and overheated global community struggles inside for decisions that should have been made long ago. And that is exactly the situation: the world needs decisions. <\/p>\n\n\n\n<div style=\"height:26px\" aria-hidden=\"true\" class=\"wp-block-spacer\"><\/div>\n\n\n\n<!-- Kaizen Blog \u2013 Support-Karte (Light\/Dark, responsive, mit Logo entfernt, aktualisierter Text) -->\n<div class=\"kzb-support\" role=\"complementary\" aria-label=\"Support f\u00fcr den Kaizen Blog\">\n  <style>\n    .kzb-support{\n      --bg:#ffffff;\n      --fg:#0b0b12;\n      --muted:#57576a;\n      --border:rgba(17,17,26,.08);\n      --shadow:0 12px 36px rgba(0,0,0,.08);\n      --radius:18px;\n\n      \/* Button-Farbe: kr\u00e4ftiges Rot *\/\n      --btn-start:#ff003c;\n      --btn-end:#ff003c;\n      --btn-text:#ffffff;\n      --btn-glow:0 6px 18px rgba(255,0,60,.35);\n\n      max-width:820px;\n      margin:18px auto;\n      padding:24px 22px;\n      background:var(--bg);\n      color:var(--fg);\n      border:1px solid var(--border);\n      border-radius:var(--radius);\n      box-shadow:var(--shadow);\n      font:400 16px\/1.6 -apple-system,BlinkMacSystemFont,\"Segoe UI\",Roboto,\"Helvetica Neue\",Arial,system-ui,\"Apple Color Emoji\",\"Segoe UI Emoji\";\n      position:relative;\n      overflow:clip;\n      isolation:isolate;\n    }\n\n    .kzb-row{display:flex;gap:18px;align-items:flex-start;}\n    .kzb-col{flex:1 1 0}\n\n    .kzb-eyebrow{\n      font-weight:700;font-size:.88rem;letter-spacing:.12em;text-transform:uppercase;\n      color:var(--muted);margin:0 0 8px;\n    }\n    .kzb-title{\n      margin:0 0 10px;font-weight:800;letter-spacing:.2px;\n      font-size:clamp(1.25rem,2.6vw,1.6rem);\n    }\n    .kzb-lead{margin:0 0 12px}\n    .kzb-note{margin:6px 0 0;color:var(--muted);font-size:.94rem}\n\n    .kzb-actions{display:flex;flex-wrap:wrap;gap:12px;align-items:center;margin-top:14px}\n\n    .kzb-btn{\n      appearance:none;border:none;cursor:pointer;\n      display:inline-flex;align-items:center;gap:.6rem;\n      padding:10px 18px; \/* etwas kleiner *\/\n      border-radius:9999px;\n      background:linear-gradient(90deg,var(--btn-start),var(--btn-end));\n      color:var(--btn-text);\n      font-weight:800;letter-spacing:.2px;font-size:.92rem;text-decoration:none;\n      box-shadow:var(--btn-glow);\n      transition:transform .06s ease,filter .18s ease,box-shadow .18s ease,color .06s ease;\n    }\n    .kzb-btn:hover{transform:translateY(-1px);filter:brightness(1.08)}\n    .kzb-btn:active{transform:translateY(0);color:#0b0b12}\n    .kzb-btn:focus-visible{outline:3px solid rgba(255,0,60,.5);outline-offset:3px}\n\n    .kzb-link{\n      display:inline-flex;align-items:center;gap:.45rem;\n      font-weight:700;text-decoration:none;color:var(--fg);\n      border-bottom:2px solid rgba(255,0,60,.3);\n      padding-bottom:2px;transition:color .15s ease,border-color .15s ease;\n    }\n    .kzb-link:hover{color:#ff003c;border-color:#ff003c}\n\n    @media (prefers-color-scheme:dark){\n      .kzb-support{\n        --bg:#ffffff;\n        --fg:#0b0b12;\n        --muted:#57576a;\n        --border:rgba(17,17,26,.08);\n        --shadow:0 12px 36px rgba(0,0,0,.08);\n      }\n      .kzb-link{border-color:rgba(255,0,60,.45)}\n    }\n\n    @media (max-width:640px){\n      .kzb-support{padding:20px 18px}\n      .kzb-row{flex-direction:column}\n    }\n  <\/style>\n\n  <div class=\"kzb-row\">\n    <div class=\"kzb-col\">\n      <div class=\"kzb-eyebrow\">Support independent journalism<\/div>\n      <h3 class=\"kzb-title\">Investigative journalism requires courage, conviction \u2013 and your support.<\/h3>\n      <p class=\"kzb-lead\">\n        Please help strengthen our journalistic fight against right-wing populism and human rights violations. Every investigative report, every piece of documentation, every day and every night \u2013 all of it requires time, research and legal protection. We do not rely on advertising or corporations, but solely on people who make independent journalism possible. People like you.\n      <\/p>\n      <p class=\"kzb-lead\">\n        Not everyone can give the same amount. But everyone can make a difference. Every contribution protects a piece of journalistic independence.\n      <\/p>\n\n      <div class=\"kzb-actions\">\n        <a class=\"kzb-btn\"\n           href=\"https:\/\/kaizen-blog.org\/en\/unterstuetzen-sie-unser-arbeit\/\"\n           rel=\"noopener\"\n           aria-label=\"Support Kaizen \u2013 zur Supportseite\">\n          Support Kaizen\n          <svg width=\"18\" height=\"18\" viewbox=\"0 0 24 24\" aria-hidden=\"true\" focusable=\"false\">\n            <path fill=\"currentColor\" d=\"M13 5l7 7-7 7-1.4-1.4L16.2 13H4v-2h12.2l-4.6-4.6L13 5z\"\/>\n          <\/svg>\n        <\/a>\n        <span class=\"kzb-note\">More on our support page<\/span>\n      <\/div>\n    <\/div>\n  <\/div>\n<\/div>\n\n\n\n\n<div style=\"height:33px\" aria-hidden=\"true\" class=\"wp-block-spacer\"><\/div>\n\n\n\n<div class=\"kb-news-update-box\" style=\"    max-width: 650px;    margin: 2rem auto;    padding: 1.25rem 1.5rem;    border-radius: 12px;    border: 1px solid rgba(120,120,120,0.4);    background: rgba(15,15,20,0.03);    backdrop-filter: blur(4px);    font-family: system-ui, -apple-system, BlinkMacSystemFont, 'Segoe UI', sans-serif;\">\n  <style>\n    @media (prefers-color-scheme: dark) {\n      .kb-news-update-box {\n        background: rgba(15,15,20,0.9) !important;\n        border-color: rgba(160,160,160,0.4) !important;\n      }\n      .kb-news-update-box h3 {\n        color: #f5f5f5 !important;\n      }\n      .kb-news-update-box p {\n        color: #e0e0e0 !important;\n      }\n      .kb-news-update-box a.kb-news-link {\n        color: #ffb347 !important;\n        border-color: rgba(255,179,71,0.4) !important;\n      }\n      .kb-news-update-box a.kb-news-link:hover {\n        background: rgba(255,179,71,0.12) !important;\n      }\n    }\n  <\/style>\n\n  <h3 style=\"      margin: 0 0 0.5rem 0;      font-size: 1.15rem;      letter-spacing: 0.02em;      text-transform: uppercase;  \">\n    Updates \u2013 Kaizen News Brief\n  <\/h3>\n\n  <p style=\"      margin: 0 0 0.9rem 0;      font-size: 0.95rem;      line-height: 1.5;  \">\n    All current curated daily updates can be found in the Kaizen News Brief. \n  <\/p>\n\n  <!-- Deutscher Button -->\n  <a class=\"kb-news-link\" href=\"https:\/\/kaizen-blog.org\/en\/18-november-2025-kurznachrichten\/\" style=\"      display: inline-flex;      align-items: center;      gap: 0.4rem;      padding: 0.45rem 0.9rem;      border-radius: 999px;      border: 1px solid rgba(0,0,0,0.12);      font-size: 0.9rem;      text-decoration: none;      color: #004b8d;      transition: background 0.15s ease, transform 0.1s ease, border-color 0.15s ease;      margin-bottom: 0.5rem;      margin-right: 0.4rem;  \">\n    <span style=\"font-weight: 600;\">To the Kaizen News Brief<\/span>\n    <span aria-hidden=\"true\" style=\"font-size: 1.1rem;\">\u2197<\/span>\n  <\/a>\n\n  <!-- Englischer Button -->\n  <a class=\"kb-news-link\" href=\"https:\/\/kaizen-blog.org\/en\/18-november-2025-kurznachrichten\/\" style=\"      display: inline-flex;      align-items: center;      gap: 0.4rem;      padding: 0.45rem 0.9rem;      border-radius: 999px;      border: 1px solid rgba(0,0,0,0.12);      font-size: 0.9rem;      text-decoration: none;      color: #004b8d;      transition: background 0.15s ease, transform 0.1s ease, border-color 0.15s ease;  \">\n    <span style=\"font-weight: 600;\">In English<\/span>\n    <span aria-hidden=\"true\" style=\"font-size: 1.1rem;\">\u2197<\/span>\n  <\/a>\n\n<\/div>\n\n\n\n\n<div style=\"height:97px\" aria-hidden=\"true\" class=\"wp-block-spacer\"><\/div>\n<div class=\"gsp_post_data\" \r\n\t            data-post_type=\"post\" \r\n\t            data-cat=\"news,planet-earth,topstory\" \r\n\t            data-modified=\"120\"\r\n\t            data-created=\"1763434239\"\r\n\t            data-title=\"Die Welt brennt \u2013 und in Bel\u00e9m fordert die Stra\u00dfe Antworten\" \r\n\t            data-home=\"https:\/\/kaizen-blog.org\/en\/\"><\/div>","protected":false},"excerpt":{"rendered":"<p>Bel\u00e9m hat an diesem Wochenende gezeigt, was passiert, wenn ein Klimagipfel nicht in sterilen Hallen stattfindet, sondern mitten in einer Stadt, die atmet, schwitzt und k\u00e4mpft. Tausende Menschen zogen durch die Stra\u00dfen, farbenfroh, laut und entschlossen. Sie trugen eine riesige aufblasbare Erde, sie sangen, tanzten, hielten Transparente in die H\u00f6he und mischten indigene Lieder mit [&hellip;]<\/p>\n","protected":false},"author":1,"featured_media":20692,"comment_status":"open","ping_status":"open","sticky":false,"template":"","format":"standard","meta":{"_jetpack_memberships_contains_paid_content":false,"footnotes":"","jetpack_publicize_message":"","jetpack_publicize_feature_enabled":true,"jetpack_social_post_already_shared":true,"jetpack_social_options":{"image_generator_settings":{"template":"highway","default_image_id":0,"font":"","enabled":false},"version":2}},"categories":[5,37,7],"tags":[],"class_list":["post-20691","post","type-post","status-publish","format-standard","has-post-thumbnail","hentry","category-news","category-planet-earth","category-topstory"],"featured_image_src":"https:\/\/i0.wp.com\/kaizen-blog.org\/wp-content\/uploads\/2025\/11\/batch_KaizenMagazin-2025-11-18T023854.400.webp?fit=905%2C500&ssl=1","author_info":{"display_name":"Rainer Hofmann","author_link":"https:\/\/kaizen-blog.org\/en\/author\/admin\/"},"yoast_head":"<!-- This site is optimized with the Yoast SEO plugin v27.5 - https:\/\/yoast.com\/product\/yoast-seo-wordpress\/ -->\n<title>Die Welt brennt \u2013 und in Bel\u00e9m fordert die Stra\u00dfe Antworten - The Kaizen Blog<\/title>\n<meta name=\"robots\" content=\"index, follow, max-snippet:-1, max-image-preview:large, max-video-preview:-1\" \/>\n<link rel=\"canonical\" href=\"https:\/\/kaizen-blog.org\/en\/die-welt-brennt-und-in-belem-fordert-die-strasse-antworten\/\" \/>\n<meta property=\"og:locale\" content=\"en_US\" \/>\n<meta property=\"og:type\" content=\"article\" \/>\n<meta property=\"og:title\" content=\"Die Welt brennt \u2013 und in Bel\u00e9m fordert die Stra\u00dfe Antworten - The Kaizen Blog\" \/>\n<meta property=\"og:description\" content=\"Bel\u00e9m hat an diesem Wochenende gezeigt, was passiert, wenn ein Klimagipfel nicht in sterilen Hallen stattfindet, sondern mitten in einer Stadt, die atmet, schwitzt und k\u00e4mpft. Tausende Menschen zogen durch die Stra\u00dfen, farbenfroh, laut und entschlossen. Sie trugen eine riesige aufblasbare Erde, sie sangen, tanzten, hielten Transparente in die H\u00f6he und mischten indigene Lieder mit [&hellip;]\" \/>\n<meta property=\"og:url\" content=\"https:\/\/kaizen-blog.org\/en\/die-welt-brennt-und-in-belem-fordert-die-strasse-antworten\/\" \/>\n<meta property=\"og:site_name\" content=\"The Kaizen Blog\" \/>\n<meta property=\"article:publisher\" content=\"https:\/\/www.facebook.com\/rainer.hofmann.2025\/\" \/>\n<meta property=\"article:published_time\" content=\"2025-11-18T01:50:39+00:00\" \/>\n<meta property=\"article:modified_time\" content=\"2025-11-18T01:50:42+00:00\" \/>\n<meta property=\"og:image\" content=\"https:\/\/kaizen-blog.org\/wp-content\/uploads\/2025\/11\/batch_KaizenMagazin-2025-11-18T023854.400.webp\" \/>\n\t<meta property=\"og:image:width\" content=\"905\" \/>\n\t<meta property=\"og:image:height\" content=\"500\" \/>\n\t<meta property=\"og:image:type\" content=\"image\/webp\" \/>\n<meta name=\"author\" content=\"Rainer Hofmann\" \/>\n<meta name=\"twitter:card\" content=\"summary_large_image\" \/>\n<meta name=\"twitter:label1\" content=\"Written by\" \/>\n\t<meta name=\"twitter:data1\" content=\"Rainer Hofmann\" \/>\n\t<meta name=\"twitter:label2\" content=\"Est. reading time\" \/>\n\t<meta name=\"twitter:data2\" content=\"6 minutes\" \/>\n<script type=\"application\/ld+json\" class=\"yoast-schema-graph\">{\"@context\":\"https:\\\/\\\/schema.org\",\"@graph\":[{\"@type\":\"Article\",\"@id\":\"https:\\\/\\\/kaizen-blog.org\\\/die-welt-brennt-und-in-belem-fordert-die-strasse-antworten\\\/#article\",\"isPartOf\":{\"@id\":\"https:\\\/\\\/kaizen-blog.org\\\/die-welt-brennt-und-in-belem-fordert-die-strasse-antworten\\\/\"},\"author\":{\"name\":\"Rainer Hofmann\",\"@id\":\"https:\\\/\\\/kaizen-blog.org\\\/#\\\/schema\\\/person\\\/7d3fc7346e2501a389ea3daa48b99ad0\"},\"headline\":\"Die Welt brennt \u2013 und in Bel\u00e9m fordert die Stra\u00dfe Antworten\",\"datePublished\":\"2025-11-18T01:50:39+00:00\",\"dateModified\":\"2025-11-18T01:50:42+00:00\",\"mainEntityOfPage\":{\"@id\":\"https:\\\/\\\/kaizen-blog.org\\\/die-welt-brennt-und-in-belem-fordert-die-strasse-antworten\\\/\"},\"wordCount\":950,\"commentCount\":1,\"image\":{\"@id\":\"https:\\\/\\\/kaizen-blog.org\\\/die-welt-brennt-und-in-belem-fordert-die-strasse-antworten\\\/#primaryimage\"},\"thumbnailUrl\":\"https:\\\/\\\/i0.wp.com\\\/kaizen-blog.org\\\/wp-content\\\/uploads\\\/2025\\\/11\\\/batch_KaizenMagazin-2025-11-18T023854.400.webp?fit=905%2C500&ssl=1\",\"articleSection\":[\"NEWS\",\"Planet Earth\",\"Topstory\"],\"inLanguage\":\"en-US\",\"potentialAction\":[{\"@type\":\"CommentAction\",\"name\":\"Comment\",\"target\":[\"https:\\\/\\\/kaizen-blog.org\\\/die-welt-brennt-und-in-belem-fordert-die-strasse-antworten\\\/#respond\"]}]},{\"@type\":\"WebPage\",\"@id\":\"https:\\\/\\\/kaizen-blog.org\\\/die-welt-brennt-und-in-belem-fordert-die-strasse-antworten\\\/\",\"url\":\"https:\\\/\\\/kaizen-blog.org\\\/die-welt-brennt-und-in-belem-fordert-die-strasse-antworten\\\/\",\"name\":\"Die Welt brennt \u2013 und in Bel\u00e9m fordert die Stra\u00dfe Antworten - The Kaizen Blog\",\"isPartOf\":{\"@id\":\"https:\\\/\\\/kaizen-blog.org\\\/#website\"},\"primaryImageOfPage\":{\"@id\":\"https:\\\/\\\/kaizen-blog.org\\\/die-welt-brennt-und-in-belem-fordert-die-strasse-antworten\\\/#primaryimage\"},\"image\":{\"@id\":\"https:\\\/\\\/kaizen-blog.org\\\/die-welt-brennt-und-in-belem-fordert-die-strasse-antworten\\\/#primaryimage\"},\"thumbnailUrl\":\"https:\\\/\\\/i0.wp.com\\\/kaizen-blog.org\\\/wp-content\\\/uploads\\\/2025\\\/11\\\/batch_KaizenMagazin-2025-11-18T023854.400.webp?fit=905%2C500&ssl=1\",\"datePublished\":\"2025-11-18T01:50:39+00:00\",\"dateModified\":\"2025-11-18T01:50:42+00:00\",\"author\":{\"@id\":\"https:\\\/\\\/kaizen-blog.org\\\/#\\\/schema\\\/person\\\/7d3fc7346e2501a389ea3daa48b99ad0\"},\"breadcrumb\":{\"@id\":\"https:\\\/\\\/kaizen-blog.org\\\/die-welt-brennt-und-in-belem-fordert-die-strasse-antworten\\\/#breadcrumb\"},\"inLanguage\":\"en-US\",\"potentialAction\":[{\"@type\":\"ReadAction\",\"target\":[\"https:\\\/\\\/kaizen-blog.org\\\/die-welt-brennt-und-in-belem-fordert-die-strasse-antworten\\\/\"]}]},{\"@type\":\"ImageObject\",\"inLanguage\":\"en-US\",\"@id\":\"https:\\\/\\\/kaizen-blog.org\\\/die-welt-brennt-und-in-belem-fordert-die-strasse-antworten\\\/#primaryimage\",\"url\":\"https:\\\/\\\/i0.wp.com\\\/kaizen-blog.org\\\/wp-content\\\/uploads\\\/2025\\\/11\\\/batch_KaizenMagazin-2025-11-18T023854.400.webp?fit=905%2C500&ssl=1\",\"contentUrl\":\"https:\\\/\\\/i0.wp.com\\\/kaizen-blog.org\\\/wp-content\\\/uploads\\\/2025\\\/11\\\/batch_KaizenMagazin-2025-11-18T023854.400.webp?fit=905%2C500&ssl=1\",\"width\":905,\"height\":500},{\"@type\":\"BreadcrumbList\",\"@id\":\"https:\\\/\\\/kaizen-blog.org\\\/die-welt-brennt-und-in-belem-fordert-die-strasse-antworten\\\/#breadcrumb\",\"itemListElement\":[{\"@type\":\"ListItem\",\"position\":1,\"name\":\"Startseite\",\"item\":\"https:\\\/\\\/kaizen-blog.org\\\/\"},{\"@type\":\"ListItem\",\"position\":2,\"name\":\"Die Welt brennt \u2013 und in Bel\u00e9m fordert die Stra\u00dfe Antworten\"}]},{\"@type\":\"WebSite\",\"@id\":\"https:\\\/\\\/kaizen-blog.org\\\/#website\",\"url\":\"https:\\\/\\\/kaizen-blog.org\\\/\",\"name\":\"The Kaizen Blog\",\"description\":\"Investigativer Journalismus\",\"potentialAction\":[{\"@type\":\"SearchAction\",\"target\":{\"@type\":\"EntryPoint\",\"urlTemplate\":\"https:\\\/\\\/kaizen-blog.org\\\/?s={search_term_string}\"},\"query-input\":{\"@type\":\"PropertyValueSpecification\",\"valueRequired\":true,\"valueName\":\"search_term_string\"}}],\"inLanguage\":\"en-US\"},{\"@type\":\"Person\",\"@id\":\"https:\\\/\\\/kaizen-blog.org\\\/#\\\/schema\\\/person\\\/7d3fc7346e2501a389ea3daa48b99ad0\",\"name\":\"Rainer Hofmann\",\"image\":{\"@type\":\"ImageObject\",\"inLanguage\":\"en-US\",\"@id\":\"\\\/\\\/www.gravatar.com\\\/avatar\\\/21e5b26d4f12b21206d8094d7aea4ab6?s=96&#038;r=g&#038;d=initials\",\"url\":\"\\\/\\\/www.gravatar.com\\\/avatar\\\/21e5b26d4f12b21206d8094d7aea4ab6?s=96&#038;r=g&#038;d=initials\",\"contentUrl\":\"\\\/\\\/www.gravatar.com\\\/avatar\\\/21e5b26d4f12b21206d8094d7aea4ab6?s=96&#038;r=g&#038;d=initials\",\"caption\":\"Rainer Hofmann\"},\"sameAs\":[\"https:\\\/\\\/kaizen-blog.org\"],\"url\":\"https:\\\/\\\/kaizen-blog.org\\\/en\\\/author\\\/admin\\\/\"}]}<\/script>\n<!-- \/ Yoast SEO plugin. -->","yoast_head_json":{"title":"Die Welt brennt \u2013 und in Bel\u00e9m fordert die Stra\u00dfe Antworten - The Kaizen Blog","robots":{"index":"index","follow":"follow","max-snippet":"max-snippet:-1","max-image-preview":"max-image-preview:large","max-video-preview":"max-video-preview:-1"},"canonical":"https:\/\/kaizen-blog.org\/en\/die-welt-brennt-und-in-belem-fordert-die-strasse-antworten\/","og_locale":"en_US","og_type":"article","og_title":"Die Welt brennt \u2013 und in Bel\u00e9m fordert die Stra\u00dfe Antworten - The Kaizen Blog","og_description":"Bel\u00e9m hat an diesem Wochenende gezeigt, was passiert, wenn ein Klimagipfel nicht in sterilen Hallen stattfindet, sondern mitten in einer Stadt, die atmet, schwitzt und k\u00e4mpft. Tausende Menschen zogen durch die Stra\u00dfen, farbenfroh, laut und entschlossen. Sie trugen eine riesige aufblasbare Erde, sie sangen, tanzten, hielten Transparente in die H\u00f6he und mischten indigene Lieder mit [&hellip;]","og_url":"https:\/\/kaizen-blog.org\/en\/die-welt-brennt-und-in-belem-fordert-die-strasse-antworten\/","og_site_name":"The Kaizen Blog","article_publisher":"https:\/\/www.facebook.com\/rainer.hofmann.2025\/","article_published_time":"2025-11-18T01:50:39+00:00","article_modified_time":"2025-11-18T01:50:42+00:00","og_image":[{"width":905,"height":500,"url":"https:\/\/kaizen-blog.org\/wp-content\/uploads\/2025\/11\/batch_KaizenMagazin-2025-11-18T023854.400.webp","type":"image\/webp"}],"author":"Rainer Hofmann","twitter_card":"summary_large_image","twitter_misc":{"Written by":"Rainer Hofmann","Est. reading time":"6 minutes"},"schema":{"@context":"https:\/\/schema.org","@graph":[{"@type":"Article","@id":"https:\/\/kaizen-blog.org\/die-welt-brennt-und-in-belem-fordert-die-strasse-antworten\/#article","isPartOf":{"@id":"https:\/\/kaizen-blog.org\/die-welt-brennt-und-in-belem-fordert-die-strasse-antworten\/"},"author":{"name":"Rainer Hofmann","@id":"https:\/\/kaizen-blog.org\/#\/schema\/person\/7d3fc7346e2501a389ea3daa48b99ad0"},"headline":"Die Welt brennt \u2013 und in Bel\u00e9m fordert die Stra\u00dfe Antworten","datePublished":"2025-11-18T01:50:39+00:00","dateModified":"2025-11-18T01:50:42+00:00","mainEntityOfPage":{"@id":"https:\/\/kaizen-blog.org\/die-welt-brennt-und-in-belem-fordert-die-strasse-antworten\/"},"wordCount":950,"commentCount":1,"image":{"@id":"https:\/\/kaizen-blog.org\/die-welt-brennt-und-in-belem-fordert-die-strasse-antworten\/#primaryimage"},"thumbnailUrl":"https:\/\/i0.wp.com\/kaizen-blog.org\/wp-content\/uploads\/2025\/11\/batch_KaizenMagazin-2025-11-18T023854.400.webp?fit=905%2C500&ssl=1","articleSection":["NEWS","Planet Earth","Topstory"],"inLanguage":"en-US","potentialAction":[{"@type":"CommentAction","name":"Comment","target":["https:\/\/kaizen-blog.org\/die-welt-brennt-und-in-belem-fordert-die-strasse-antworten\/#respond"]}]},{"@type":"WebPage","@id":"https:\/\/kaizen-blog.org\/die-welt-brennt-und-in-belem-fordert-die-strasse-antworten\/","url":"https:\/\/kaizen-blog.org\/die-welt-brennt-und-in-belem-fordert-die-strasse-antworten\/","name":"Die Welt brennt \u2013 und in Bel\u00e9m fordert die Stra\u00dfe Antworten - The Kaizen Blog","isPartOf":{"@id":"https:\/\/kaizen-blog.org\/#website"},"primaryImageOfPage":{"@id":"https:\/\/kaizen-blog.org\/die-welt-brennt-und-in-belem-fordert-die-strasse-antworten\/#primaryimage"},"image":{"@id":"https:\/\/kaizen-blog.org\/die-welt-brennt-und-in-belem-fordert-die-strasse-antworten\/#primaryimage"},"thumbnailUrl":"https:\/\/i0.wp.com\/kaizen-blog.org\/wp-content\/uploads\/2025\/11\/batch_KaizenMagazin-2025-11-18T023854.400.webp?fit=905%2C500&ssl=1","datePublished":"2025-11-18T01:50:39+00:00","dateModified":"2025-11-18T01:50:42+00:00","author":{"@id":"https:\/\/kaizen-blog.org\/#\/schema\/person\/7d3fc7346e2501a389ea3daa48b99ad0"},"breadcrumb":{"@id":"https:\/\/kaizen-blog.org\/die-welt-brennt-und-in-belem-fordert-die-strasse-antworten\/#breadcrumb"},"inLanguage":"en-US","potentialAction":[{"@type":"ReadAction","target":["https:\/\/kaizen-blog.org\/die-welt-brennt-und-in-belem-fordert-die-strasse-antworten\/"]}]},{"@type":"ImageObject","inLanguage":"en-US","@id":"https:\/\/kaizen-blog.org\/die-welt-brennt-und-in-belem-fordert-die-strasse-antworten\/#primaryimage","url":"https:\/\/i0.wp.com\/kaizen-blog.org\/wp-content\/uploads\/2025\/11\/batch_KaizenMagazin-2025-11-18T023854.400.webp?fit=905%2C500&ssl=1","contentUrl":"https:\/\/i0.wp.com\/kaizen-blog.org\/wp-content\/uploads\/2025\/11\/batch_KaizenMagazin-2025-11-18T023854.400.webp?fit=905%2C500&ssl=1","width":905,"height":500},{"@type":"BreadcrumbList","@id":"https:\/\/kaizen-blog.org\/die-welt-brennt-und-in-belem-fordert-die-strasse-antworten\/#breadcrumb","itemListElement":[{"@type":"ListItem","position":1,"name":"Startseite","item":"https:\/\/kaizen-blog.org\/"},{"@type":"ListItem","position":2,"name":"Die Welt brennt \u2013 und in Bel\u00e9m fordert die Stra\u00dfe Antworten"}]},{"@type":"WebSite","@id":"https:\/\/kaizen-blog.org\/#website","url":"https:\/\/kaizen-blog.org\/","name":"The Kaizen Blog","description":"Investigative Journalism","potentialAction":[{"@type":"SearchAction","target":{"@type":"EntryPoint","urlTemplate":"https:\/\/kaizen-blog.org\/?s={search_term_string}"},"query-input":{"@type":"PropertyValueSpecification","valueRequired":true,"valueName":"search_term_string"}}],"inLanguage":"en-US"},{"@type":"Person","@id":"https:\/\/kaizen-blog.org\/#\/schema\/person\/7d3fc7346e2501a389ea3daa48b99ad0","name":"Rainer Hofmann","image":{"@type":"ImageObject","inLanguage":"en-US","@id":"\/\/www.gravatar.com\/avatar\/21e5b26d4f12b21206d8094d7aea4ab6?s=96&#038;r=g&#038;d=initials","url":"\/\/www.gravatar.com\/avatar\/21e5b26d4f12b21206d8094d7aea4ab6?s=96&#038;r=g&#038;d=initials","contentUrl":"\/\/www.gravatar.com\/avatar\/21e5b26d4f12b21206d8094d7aea4ab6?s=96&#038;r=g&#038;d=initials","caption":"Rainer Hofmann"},"sameAs":["https:\/\/kaizen-blog.org"],"url":"https:\/\/kaizen-blog.org\/en\/author\/admin\/"}]}},"jetpack_publicize_connections":[],"jetpack_featured_media_url":"https:\/\/i0.wp.com\/kaizen-blog.org\/wp-content\/uploads\/2025\/11\/batch_KaizenMagazin-2025-11-18T023854.400.webp?fit=905%2C500&ssl=1","jetpack_sharing_enabled":true,"jetpack-related-posts":[{"id":20398,"url":"https:\/\/kaizen-blog.org\/en\/die-rueckkehr-der-hueter-wie-indigene-voelker-in-belem-den-kurs-der-welt-veraendern\/","url_meta":{"origin":20691,"position":0},"title":"The Return of the Guardians - How Indigenous Peoples in Bel\u00e9m Are Changing the Course of the World","author":"Rainer Hofmann","date":"November 15, 2025","format":false,"excerpt":"Sie kamen in Booten, Bussen, Lastwagen, zu Fu\u00df und mit der unersch\u00fctterlichen Entschlossenheit jener, die wissen, dass ihnen die Zeit davonl\u00e4uft. Aus den Anden Ecuadors, den Regenw\u00e4ldern Perus, aus den Savannen und W\u00e4ldern Brasiliens. Tausende. Junge und Alte. Frauen und M\u00e4nner. Ein Strom von Stimmen, der sich nicht mehr \u00fcberh\u00f6ren\u2026","rel":"","context":"In &quot;Topstory&quot;","block_context":{"text":"Topstory","link":"https:\/\/kaizen-blog.org\/en\/category\/topstory\/"},"img":{"alt_text":"","src":"https:\/\/i0.wp.com\/kaizen-blog.org\/wp-content\/uploads\/2025\/11\/batch_Kaizen-News-53.webp?fit=905%2C500&ssl=1&resize=350%2C200","width":350,"height":200,"srcset":"https:\/\/i0.wp.com\/kaizen-blog.org\/wp-content\/uploads\/2025\/11\/batch_Kaizen-News-53.webp?fit=905%2C500&ssl=1&resize=350%2C200 1x, https:\/\/i0.wp.com\/kaizen-blog.org\/wp-content\/uploads\/2025\/11\/batch_Kaizen-News-53.webp?fit=905%2C500&ssl=1&resize=525%2C300 1.5x, https:\/\/i0.wp.com\/kaizen-blog.org\/wp-content\/uploads\/2025\/11\/batch_Kaizen-News-53.webp?fit=905%2C500&ssl=1&resize=700%2C400 2x"},"classes":[]},{"id":20815,"url":"https:\/\/kaizen-blog.org\/en\/wenn-belem-glaenzt-und-berlin-stolpert-ein-satz-der-eine-regierung-blamiert\/","url_meta":{"origin":20691,"position":1},"title":"When Bel\u00e9m Shines and Berlin Stumbles - a Sentence That Shames a Government","author":"Rainer Hofmann","date":"November 19, 2025","format":false,"excerpt":"Bel\u00e9m - Friedrich Merz wollte nach seiner R\u00fcckkehr aus Bel\u00e9m offenbar nur einen kurzen Eindruck schildern. Was folgte, war eine landesweite Kritik in Brasilien, Vorw\u00fcrfe von Arroganz, Fremdenfeindlichkeit und ein Pr\u00e4sident Lula, der keine Sekunde z\u00f6gerte, den deutschen Kanzler \u00f6ffentlich zu r\u00fcgen. Ein einziger Satz gen\u00fcgte, um die Stimmung in\u2026","rel":"","context":"In &quot;Planet Earth&quot;","block_context":{"text":"Planet Earth","link":"https:\/\/kaizen-blog.org\/en\/category\/planet-earth\/"},"img":{"alt_text":"","src":"https:\/\/i0.wp.com\/kaizen-blog.org\/wp-content\/uploads\/2025\/11\/batch_Kopie-von-Kaizen-Blog-17.webp?fit=905%2C500&ssl=1&resize=350%2C200","width":350,"height":200,"srcset":"https:\/\/i0.wp.com\/kaizen-blog.org\/wp-content\/uploads\/2025\/11\/batch_Kopie-von-Kaizen-Blog-17.webp?fit=905%2C500&ssl=1&resize=350%2C200 1x, https:\/\/i0.wp.com\/kaizen-blog.org\/wp-content\/uploads\/2025\/11\/batch_Kopie-von-Kaizen-Blog-17.webp?fit=905%2C500&ssl=1&resize=525%2C300 1.5x, https:\/\/i0.wp.com\/kaizen-blog.org\/wp-content\/uploads\/2025\/11\/batch_Kopie-von-Kaizen-Blog-17.webp?fit=905%2C500&ssl=1&resize=700%2C400 2x"},"classes":[]},{"id":20288,"url":"https:\/\/kaizen-blog.org\/en\/der-brennende-punkt-von-belem-wie-die-welt-am-ausstieg-aus-den-fossilen-energien-zerbricht\/","url_meta":{"origin":20691,"position":2},"title":"The Burning Point of Bel\u00e9m \u2013 How the World Falters on Ending the Fossil Era","author":"Rainer Hofmann","date":"November 14, 2025","format":false,"excerpt":"Bel\u00e9m, Brasilien - Bel\u00e9m ist dieser Tage nicht nur das Tor zum Amazonas, sondern der Ort, an dem sich entscheidet, ob die Welt bereit ist, ihre eigene Zukunft ernst zu nehmen. Zwei Jahre nach dem historischen Dubai-Beschluss, der erstmals den globalen Abschied von Kohle, \u00d6l und Gas in ein gemeinsames\u2026","rel":"","context":"In &quot;NEWS&quot;","block_context":{"text":"NEWS","link":"https:\/\/kaizen-blog.org\/en\/category\/news\/"},"img":{"alt_text":"","src":"https:\/\/i0.wp.com\/kaizen-blog.org\/wp-content\/uploads\/2025\/11\/batch_Kaizen-News-34.webp?fit=905%2C500&ssl=1&resize=350%2C200","width":350,"height":200,"srcset":"https:\/\/i0.wp.com\/kaizen-blog.org\/wp-content\/uploads\/2025\/11\/batch_Kaizen-News-34.webp?fit=905%2C500&ssl=1&resize=350%2C200 1x, https:\/\/i0.wp.com\/kaizen-blog.org\/wp-content\/uploads\/2025\/11\/batch_Kaizen-News-34.webp?fit=905%2C500&ssl=1&resize=525%2C300 1.5x, https:\/\/i0.wp.com\/kaizen-blog.org\/wp-content\/uploads\/2025\/11\/batch_Kaizen-News-34.webp?fit=905%2C500&ssl=1&resize=700%2C400 2x"},"classes":[]},{"id":20973,"url":"https:\/\/kaizen-blog.org\/en\/feuer-in-der-blue-zone-ein-moment-der-die-cop30-erschuettert\/","url_meta":{"origin":20691,"position":3},"title":"Fire in the Blue Zone - a moment that shakes COP30","author":"Rainer Hofmann","date":"November 20, 2025","format":false,"excerpt":"Bel\u00e9m - Es passiert in Sekunden, und doch ver\u00e4ndert es die Stimmung eines ganzen Gipfels. Gegen Mittag brach in einem der Pavillons der COP30 in Bel\u00e9m ein Feuer aus \u2013 mitten in der Blue Zone, dem streng gesicherten Bereich, in dem Delegierte aus aller Welt verhandeln, beraten und zwischen R\u00e4umen\u2026","rel":"","context":"In &quot;NEWS&quot;","block_context":{"text":"NEWS","link":"https:\/\/kaizen-blog.org\/en\/category\/news\/"},"img":{"alt_text":"","src":"https:\/\/i0.wp.com\/kaizen-blog.org\/wp-content\/uploads\/2025\/11\/kaizennewsday-2.webp?fit=905%2C500&ssl=1&resize=350%2C200","width":350,"height":200,"srcset":"https:\/\/i0.wp.com\/kaizen-blog.org\/wp-content\/uploads\/2025\/11\/kaizennewsday-2.webp?fit=905%2C500&ssl=1&resize=350%2C200 1x, https:\/\/i0.wp.com\/kaizen-blog.org\/wp-content\/uploads\/2025\/11\/kaizennewsday-2.webp?fit=905%2C500&ssl=1&resize=525%2C300 1.5x, https:\/\/i0.wp.com\/kaizen-blog.org\/wp-content\/uploads\/2025\/11\/kaizennewsday-2.webp?fit=905%2C500&ssl=1&resize=700%2C400 2x"},"classes":[]},{"id":21219,"url":"https:\/\/kaizen-blog.org\/en\/ein-abschluss-ohne-richtung-warum-die-klimakonferenz-in-brasilien-ein-warnsignal-fuer-die-welt-ist\/","url_meta":{"origin":20691,"position":4},"title":"An Ending Without Direction - Why the Climate Conference in Brazil Is a Warning Signal for the World","author":"Rainer Hofmann","date":"November 22, 2025","format":false,"excerpt":"Die Welt ist wieder einen Schritt weiter in Richtung gef\u00e4hrliche Erw\u00e4rmung \u2013 aber nicht im Kampf dagegen. In Bel\u00e9m, mitten im Herzen des Amazonas, endete die diesj\u00e4hrige UN-Klimakonferenz mit einem Ergebnis, das viele Delegationen fassungslos zur\u00fccklie\u00df. Die Staaten einigten sich darauf, mehr Geld f\u00fcr jene L\u00e4nder bereitzustellen, die bereits heute\u2026","rel":"","context":"In &quot;NEWS&quot;","block_context":{"text":"NEWS","link":"https:\/\/kaizen-blog.org\/en\/category\/news\/"},"img":{"alt_text":"","src":"https:\/\/i0.wp.com\/kaizen-blog.org\/wp-content\/uploads\/2025\/11\/kaizennewsday-29.webp?fit=905%2C500&ssl=1&resize=350%2C200","width":350,"height":200,"srcset":"https:\/\/i0.wp.com\/kaizen-blog.org\/wp-content\/uploads\/2025\/11\/kaizennewsday-29.webp?fit=905%2C500&ssl=1&resize=350%2C200 1x, https:\/\/i0.wp.com\/kaizen-blog.org\/wp-content\/uploads\/2025\/11\/kaizennewsday-29.webp?fit=905%2C500&ssl=1&resize=525%2C300 1.5x, https:\/\/i0.wp.com\/kaizen-blog.org\/wp-content\/uploads\/2025\/11\/kaizennewsday-29.webp?fit=905%2C500&ssl=1&resize=700%2C400 2x"},"classes":[]},{"id":28557,"url":"https:\/\/kaizen-blog.org\/en\/kein-zurueck-mehr-wie-die-15-grad-grenze-faellt-und-das-klimasystem-kippt\/","url_meta":{"origin":20691,"position":5},"title":"No Turning Back - How the 1.5 Degree Limit Falls and the Climate System Tips","author":"Rainer Hofmann","date":"February 9, 2026","format":false,"excerpt":"Die 1,5-Grad-Marke war nie eine symbolische Zahl. Sie war eine rote Linie. Festgeschrieben 2015 in Paris, auf Dr\u00e4ngen jener Staaten, die schon damals wussten, dass sie zuerst zahlen w\u00fcrden \u2013 mit Land, mit Ernten, mit Menschenleben. Zehn Jahre sp\u00e4ter ist diese Linie faktisch \u00fcberschritten. Erstmals hat ein Drei-Jahres-Zeitraum bis einschlie\u00dflich\u2026","rel":"","context":"In &quot;NEWS&quot;","block_context":{"text":"NEWS","link":"https:\/\/kaizen-blog.org\/en\/category\/news\/"},"img":{"alt_text":"","src":"https:\/\/i0.wp.com\/kaizen-blog.org\/wp-content\/uploads\/2026\/02\/kaizennewsday-2026-02-09T061316.879.webp?fit=905%2C500&ssl=1&resize=350%2C200","width":350,"height":200,"srcset":"https:\/\/i0.wp.com\/kaizen-blog.org\/wp-content\/uploads\/2026\/02\/kaizennewsday-2026-02-09T061316.879.webp?fit=905%2C500&ssl=1&resize=350%2C200 1x, https:\/\/i0.wp.com\/kaizen-blog.org\/wp-content\/uploads\/2026\/02\/kaizennewsday-2026-02-09T061316.879.webp?fit=905%2C500&ssl=1&resize=525%2C300 1.5x, https:\/\/i0.wp.com\/kaizen-blog.org\/wp-content\/uploads\/2026\/02\/kaizennewsday-2026-02-09T061316.879.webp?fit=905%2C500&ssl=1&resize=700%2C400 2x"},"classes":[]}],"_links":{"self":[{"href":"https:\/\/kaizen-blog.org\/en\/wp-json\/wp\/v2\/posts\/20691","targetHints":{"allow":["GET"]}}],"collection":[{"href":"https:\/\/kaizen-blog.org\/en\/wp-json\/wp\/v2\/posts"}],"about":[{"href":"https:\/\/kaizen-blog.org\/en\/wp-json\/wp\/v2\/types\/post"}],"author":[{"embeddable":true,"href":"https:\/\/kaizen-blog.org\/en\/wp-json\/wp\/v2\/users\/1"}],"replies":[{"embeddable":true,"href":"https:\/\/kaizen-blog.org\/en\/wp-json\/wp\/v2\/comments?post=20691"}],"version-history":[{"count":0,"href":"https:\/\/kaizen-blog.org\/en\/wp-json\/wp\/v2\/posts\/20691\/revisions"}],"wp:featuredmedia":[{"embeddable":true,"href":"https:\/\/kaizen-blog.org\/en\/wp-json\/wp\/v2\/media\/20692"}],"wp:attachment":[{"href":"https:\/\/kaizen-blog.org\/en\/wp-json\/wp\/v2\/media?parent=20691"}],"wp:term":[{"taxonomy":"category","embeddable":true,"href":"https:\/\/kaizen-blog.org\/en\/wp-json\/wp\/v2\/categories?post=20691"},{"taxonomy":"post_tag","embeddable":true,"href":"https:\/\/kaizen-blog.org\/en\/wp-json\/wp\/v2\/tags?post=20691"}],"curies":[{"name":"wp","href":"https:\/\/api.w.org\/{rel}","templated":true}]}}