{"id":2062,"date":"2025-05-17T15:58:31","date_gmt":"2025-05-17T15:58:31","guid":{"rendered":"https:\/\/kaizen-blog.org\/?p=2062"},"modified":"2026-02-19T09:53:22","modified_gmt":"2026-02-19T08:53:22","slug":"der-fall-von-yolanda-magallon-perez-und-ihrer-tochter-xitlali-tejeda-in-el-monte-kalifornien-sorgt-auch-weiterhin-fuer-aufsehen-und-proteste","status":"publish","type":"post","link":"https:\/\/kaizen-blog.org\/en\/der-fall-von-yolanda-magallon-perez-und-ihrer-tochter-xitlali-tejeda-in-el-monte-kalifornien-sorgt-auch-weiterhin-fuer-aufsehen-und-proteste\/","title":{"rendered":"The case of Yolanda Magall\u00f3n P\u00e9rez and her daughter Xitlali Tejeda in El Monte, California, continues to draw attention and spark protests."},"content":{"rendered":"<p>What began as an arrest outside a family home has since become a symbol of the harshness and inhumanity of current immigration enforcement. Yolanda Magall\u00f3n P\u00e9rez, a 50-year-old mother, was taken into custody by ICE agents. Officers had originally arrived to arrest her son, Jonathan Tejeda-P\u00e9rez, who had prior minor offenses. But when Yolanda asked the agents why they were detaining him, she herself became a target. Because she did not have valid immigration status, she too was taken into custody \u2014 despite having no criminal record whatsoever.<\/p>\n\n\n\n<p>The consequences are particularly devastating for Xitlali Tejeda, Yolanda\u2019s 21-year-old daughter. Xitlali suffers from osteosarcoma, an aggressive form of bone cancer that has left her wheelchair-bound. She relies on constant care. Until her mother\u2019s arrest, Yolanda was her primary caregiver \u2013 helping her bathe, dress, and manage daily needs. With both her mother and brother detained, Xitlali was left alone, overwhelmed and desperate.<\/p>\n\n\n\n<figure class=\"wp-block-video\"><video height=\"1280\" style=\"aspect-ratio: 720 \/ 1280;\" width=\"720\" controls src=\"https:\/\/kaizen-blog.org\/wp-content\/uploads\/2025\/05\/ICE-El-Monte-Child-with-Cancer.mp4\"><\/video><\/figure>\n\n\n\n<div style=\"height:20px\" aria-hidden=\"true\" class=\"wp-block-spacer\"><\/div>\n\n\n\n<p>The case has sparked a wave of outrage. Human rights organizations are denouncing the severity of ICE\u2019s actions and demanding the release of Yolanda Magall\u00f3n P\u00e9rez.<\/p>\n\n\n\n<p>\u201cIt is inhumane to separate a mother and primary caregiver from her daughter battling cancer,\u201d said a spokesperson for Our Humanity CA. \u201cThis is not border protection; this is the destruction of humanity.\u201d<\/p>\n\n\n\n<p>The case has become a focal point in national debates about immigration and human dignity. The Tejeda family has become a symbol of the uncertainty faced by millions of undocumented families across the United States.<\/p>\n\n\n\n<div style=\"height:100px\" aria-hidden=\"true\" class=\"wp-block-spacer\"><\/div>\n<div class=\"gsp_post_data\" \r\n\t            data-post_type=\"post\" \r\n\t            data-cat=\"deportations-under-trump,rights-living,trump-s-world\" \r\n\t            data-modified=\"120\"\r\n\t            data-created=\"1747497511\"\r\n\t            data-title=\"Der Fall von Yolanda Magall\u00f3n P\u00e9rez und ihrer Tochter Xitlali Tejeda in El Monte, Kalifornien, sorgt auch weiterhin f\u00fcr Aufsehen und Proteste.\" \r\n\t            data-home=\"https:\/\/kaizen-blog.org\/en\/\"><\/div>","protected":false},"excerpt":{"rendered":"<p>Was mit einer Festnahme vor einem Wohnhaus begann, hat sich zu einem Symbol f\u00fcr die H\u00e4rte und Unmenschlichkeit der Einwanderungspolitik entwickelt. Yolanda Magall\u00f3n P\u00e9rez, eine 50-j\u00e4hrige Mutter, wurde von ICE-Agenten festgenommen. Urspr\u00fcnglich waren die Beamten gekommen, um ihren Sohn Jonathan Tejeda-P\u00e9rez zu verhaften, der wegen geringf\u00fcgiger Delikte vorbestraft war. Doch als Yolanda die Beamten nach [&hellip;]<\/p>\n","protected":false},"author":1,"featured_media":2063,"comment_status":"open","ping_status":"open","sticky":false,"template":"","format":"standard","meta":{"_jetpack_memberships_contains_paid_content":false,"footnotes":"","jetpack_publicize_message":"","jetpack_publicize_feature_enabled":true,"jetpack_social_post_already_shared":false,"jetpack_social_options":{"image_generator_settings":{"template":"highway","default_image_id":0,"font":"","enabled":false},"version":2}},"categories":[38,50,41],"tags":[],"class_list":["post-2062","post","type-post","status-publish","format-standard","has-post-thumbnail","hentry","category-deportations-under-trump","category-rights-living","category-trump-s-world"],"featured_image_src":"https:\/\/i0.wp.com\/kaizen-blog.org\/wp-content\/uploads\/2025\/05\/ICE-EL-Monte-Child-Cancer.webp?fit=982%2C502&ssl=1","author_info":{"display_name":"Rainer Hofmann","author_link":"https:\/\/kaizen-blog.org\/en\/author\/admin\/"},"yoast_head":"<!-- This site is optimized with the Yoast SEO plugin v27.5 - https:\/\/yoast.com\/product\/yoast-seo-wordpress\/ -->\n<title>Der Fall von Yolanda Magall\u00f3n P\u00e9rez und ihrer Tochter Xitlali Tejeda in El Monte, Kalifornien, sorgt auch weiterhin f\u00fcr Aufsehen und Proteste. - The Kaizen Blog<\/title>\n<meta name=\"robots\" content=\"index, follow, max-snippet:-1, max-image-preview:large, max-video-preview:-1\" \/>\n<link rel=\"canonical\" href=\"https:\/\/kaizen-blog.org\/en\/der-fall-von-yolanda-magallon-perez-und-ihrer-tochter-xitlali-tejeda-in-el-monte-kalifornien-sorgt-auch-weiterhin-fuer-aufsehen-und-proteste\/\" \/>\n<meta property=\"og:locale\" content=\"en_US\" \/>\n<meta property=\"og:type\" content=\"article\" \/>\n<meta property=\"og:title\" content=\"Der Fall von Yolanda Magall\u00f3n P\u00e9rez und ihrer Tochter Xitlali Tejeda in El Monte, Kalifornien, sorgt auch weiterhin f\u00fcr Aufsehen und Proteste.\" \/>\n<meta property=\"og:description\" content=\"Was mit einer Festnahme vor einem Wohnhaus begann, hat sich zu einem Symbol f\u00fcr die H\u00e4rte und Unmenschlichkeit der Einwanderungspolitik entwickelt. Yolanda Magall\u00f3n P\u00e9rez, eine 50-j\u00e4hrige Mutter, wurde von ICE-Agenten festgenommen. Urspr\u00fcnglich waren die Beamten gekommen, um ihren Sohn Jonathan Tejeda-P\u00e9rez zu verhaften, der wegen geringf\u00fcgiger Delikte vorbestraft war. Doch als Yolanda die Beamten nach [&hellip;]\" \/>\n<meta property=\"og:url\" content=\"https:\/\/kaizen-blog.org\/en\/der-fall-von-yolanda-magallon-perez-und-ihrer-tochter-xitlali-tejeda-in-el-monte-kalifornien-sorgt-auch-weiterhin-fuer-aufsehen-und-proteste\/\" \/>\n<meta property=\"og:site_name\" content=\"The Kaizen Blog\" \/>\n<meta property=\"article:publisher\" content=\"https:\/\/www.facebook.com\/rainer.hofmann.2025\/\" \/>\n<meta property=\"article:published_time\" content=\"2025-05-17T15:58:31+00:00\" \/>\n<meta property=\"article:modified_time\" content=\"2026-02-19T08:53:22+00:00\" \/>\n<meta property=\"og:image\" content=\"https:\/\/kaizen-blog.org\/wp-content\/uploads\/2025\/05\/ICE-EL-Monte-Child-Cancer.webp\" \/>\n\t<meta property=\"og:image:width\" content=\"982\" \/>\n\t<meta property=\"og:image:height\" content=\"502\" \/>\n\t<meta property=\"og:image:type\" content=\"image\/webp\" \/>\n<meta name=\"author\" content=\"Rainer Hofmann\" \/>\n<meta name=\"twitter:card\" content=\"summary_large_image\" \/>\n<meta name=\"twitter:label1\" content=\"Written by\" \/>\n\t<meta name=\"twitter:data1\" content=\"Rainer Hofmann\" \/>\n\t<meta name=\"twitter:label2\" content=\"Est. reading time\" \/>\n\t<meta name=\"twitter:data2\" content=\"2 minutes\" \/>\n<script type=\"application\/ld+json\" class=\"yoast-schema-graph\">{\"@context\":\"https:\\\/\\\/schema.org\",\"@graph\":[{\"@type\":\"Article\",\"@id\":\"https:\\\/\\\/kaizen-blog.org\\\/der-fall-von-yolanda-magallon-perez-und-ihrer-tochter-xitlali-tejeda-in-el-monte-kalifornien-sorgt-auch-weiterhin-fuer-aufsehen-und-proteste\\\/#article\",\"isPartOf\":{\"@id\":\"https:\\\/\\\/kaizen-blog.org\\\/der-fall-von-yolanda-magallon-perez-und-ihrer-tochter-xitlali-tejeda-in-el-monte-kalifornien-sorgt-auch-weiterhin-fuer-aufsehen-und-proteste\\\/\"},\"author\":{\"name\":\"Rainer Hofmann\",\"@id\":\"https:\\\/\\\/kaizen-blog.org\\\/#\\\/schema\\\/person\\\/7d3fc7346e2501a389ea3daa48b99ad0\"},\"headline\":\"Der Fall von Yolanda Magall\u00f3n P\u00e9rez und ihrer Tochter Xitlali Tejeda in El Monte, Kalifornien, sorgt auch weiterhin f\u00fcr Aufsehen und Proteste.\",\"datePublished\":\"2025-05-17T15:58:31+00:00\",\"dateModified\":\"2026-02-19T08:53:22+00:00\",\"mainEntityOfPage\":{\"@id\":\"https:\\\/\\\/kaizen-blog.org\\\/der-fall-von-yolanda-magallon-perez-und-ihrer-tochter-xitlali-tejeda-in-el-monte-kalifornien-sorgt-auch-weiterhin-fuer-aufsehen-und-proteste\\\/\"},\"wordCount\":284,\"commentCount\":0,\"image\":{\"@id\":\"https:\\\/\\\/kaizen-blog.org\\\/der-fall-von-yolanda-magallon-perez-und-ihrer-tochter-xitlali-tejeda-in-el-monte-kalifornien-sorgt-auch-weiterhin-fuer-aufsehen-und-proteste\\\/#primaryimage\"},\"thumbnailUrl\":\"https:\\\/\\\/i0.wp.com\\\/kaizen-blog.org\\\/wp-content\\\/uploads\\\/2025\\\/05\\\/ICE-EL-Monte-Child-Cancer.webp?fit=982%2C502&ssl=1\",\"articleSection\":[\"Deportations Under Trump\",\"Public Affairs\",\"Trumpland\"],\"inLanguage\":\"en-US\",\"potentialAction\":[{\"@type\":\"CommentAction\",\"name\":\"Comment\",\"target\":[\"https:\\\/\\\/kaizen-blog.org\\\/der-fall-von-yolanda-magallon-perez-und-ihrer-tochter-xitlali-tejeda-in-el-monte-kalifornien-sorgt-auch-weiterhin-fuer-aufsehen-und-proteste\\\/#respond\"]}]},{\"@type\":\"WebPage\",\"@id\":\"https:\\\/\\\/kaizen-blog.org\\\/der-fall-von-yolanda-magallon-perez-und-ihrer-tochter-xitlali-tejeda-in-el-monte-kalifornien-sorgt-auch-weiterhin-fuer-aufsehen-und-proteste\\\/\",\"url\":\"https:\\\/\\\/kaizen-blog.org\\\/der-fall-von-yolanda-magallon-perez-und-ihrer-tochter-xitlali-tejeda-in-el-monte-kalifornien-sorgt-auch-weiterhin-fuer-aufsehen-und-proteste\\\/\",\"name\":\"Der Fall von Yolanda Magall\u00f3n P\u00e9rez und ihrer Tochter Xitlali Tejeda in El Monte, Kalifornien, sorgt auch weiterhin f\u00fcr Aufsehen und Proteste. - The Kaizen Blog\",\"isPartOf\":{\"@id\":\"https:\\\/\\\/kaizen-blog.org\\\/#website\"},\"primaryImageOfPage\":{\"@id\":\"https:\\\/\\\/kaizen-blog.org\\\/der-fall-von-yolanda-magallon-perez-und-ihrer-tochter-xitlali-tejeda-in-el-monte-kalifornien-sorgt-auch-weiterhin-fuer-aufsehen-und-proteste\\\/#primaryimage\"},\"image\":{\"@id\":\"https:\\\/\\\/kaizen-blog.org\\\/der-fall-von-yolanda-magallon-perez-und-ihrer-tochter-xitlali-tejeda-in-el-monte-kalifornien-sorgt-auch-weiterhin-fuer-aufsehen-und-proteste\\\/#primaryimage\"},\"thumbnailUrl\":\"https:\\\/\\\/i0.wp.com\\\/kaizen-blog.org\\\/wp-content\\\/uploads\\\/2025\\\/05\\\/ICE-EL-Monte-Child-Cancer.webp?fit=982%2C502&ssl=1\",\"datePublished\":\"2025-05-17T15:58:31+00:00\",\"dateModified\":\"2026-02-19T08:53:22+00:00\",\"author\":{\"@id\":\"https:\\\/\\\/kaizen-blog.org\\\/#\\\/schema\\\/person\\\/7d3fc7346e2501a389ea3daa48b99ad0\"},\"breadcrumb\":{\"@id\":\"https:\\\/\\\/kaizen-blog.org\\\/der-fall-von-yolanda-magallon-perez-und-ihrer-tochter-xitlali-tejeda-in-el-monte-kalifornien-sorgt-auch-weiterhin-fuer-aufsehen-und-proteste\\\/#breadcrumb\"},\"inLanguage\":\"en-US\",\"potentialAction\":[{\"@type\":\"ReadAction\",\"target\":[\"https:\\\/\\\/kaizen-blog.org\\\/der-fall-von-yolanda-magallon-perez-und-ihrer-tochter-xitlali-tejeda-in-el-monte-kalifornien-sorgt-auch-weiterhin-fuer-aufsehen-und-proteste\\\/\"]}]},{\"@type\":\"ImageObject\",\"inLanguage\":\"en-US\",\"@id\":\"https:\\\/\\\/kaizen-blog.org\\\/der-fall-von-yolanda-magallon-perez-und-ihrer-tochter-xitlali-tejeda-in-el-monte-kalifornien-sorgt-auch-weiterhin-fuer-aufsehen-und-proteste\\\/#primaryimage\",\"url\":\"https:\\\/\\\/i0.wp.com\\\/kaizen-blog.org\\\/wp-content\\\/uploads\\\/2025\\\/05\\\/ICE-EL-Monte-Child-Cancer.webp?fit=982%2C502&ssl=1\",\"contentUrl\":\"https:\\\/\\\/i0.wp.com\\\/kaizen-blog.org\\\/wp-content\\\/uploads\\\/2025\\\/05\\\/ICE-EL-Monte-Child-Cancer.webp?fit=982%2C502&ssl=1\",\"width\":982,\"height\":502},{\"@type\":\"BreadcrumbList\",\"@id\":\"https:\\\/\\\/kaizen-blog.org\\\/der-fall-von-yolanda-magallon-perez-und-ihrer-tochter-xitlali-tejeda-in-el-monte-kalifornien-sorgt-auch-weiterhin-fuer-aufsehen-und-proteste\\\/#breadcrumb\",\"itemListElement\":[{\"@type\":\"ListItem\",\"position\":1,\"name\":\"Startseite\",\"item\":\"https:\\\/\\\/kaizen-blog.org\\\/\"},{\"@type\":\"ListItem\",\"position\":2,\"name\":\"Der Fall von Yolanda Magall\u00f3n P\u00e9rez und ihrer Tochter Xitlali Tejeda in El Monte, Kalifornien, sorgt auch weiterhin f\u00fcr Aufsehen und Proteste.\"}]},{\"@type\":\"WebSite\",\"@id\":\"https:\\\/\\\/kaizen-blog.org\\\/#website\",\"url\":\"https:\\\/\\\/kaizen-blog.org\\\/\",\"name\":\"The Kaizen Blog\",\"description\":\"Investigativer Journalismus\",\"potentialAction\":[{\"@type\":\"SearchAction\",\"target\":{\"@type\":\"EntryPoint\",\"urlTemplate\":\"https:\\\/\\\/kaizen-blog.org\\\/?s={search_term_string}\"},\"query-input\":{\"@type\":\"PropertyValueSpecification\",\"valueRequired\":true,\"valueName\":\"search_term_string\"}}],\"inLanguage\":\"en-US\"},{\"@type\":\"Person\",\"@id\":\"https:\\\/\\\/kaizen-blog.org\\\/#\\\/schema\\\/person\\\/7d3fc7346e2501a389ea3daa48b99ad0\",\"name\":\"Rainer Hofmann\",\"image\":{\"@type\":\"ImageObject\",\"inLanguage\":\"en-US\",\"@id\":\"\\\/\\\/www.gravatar.com\\\/avatar\\\/21e5b26d4f12b21206d8094d7aea4ab6?s=96&#038;r=g&#038;d=initials\",\"url\":\"\\\/\\\/www.gravatar.com\\\/avatar\\\/21e5b26d4f12b21206d8094d7aea4ab6?s=96&#038;r=g&#038;d=initials\",\"contentUrl\":\"\\\/\\\/www.gravatar.com\\\/avatar\\\/21e5b26d4f12b21206d8094d7aea4ab6?s=96&#038;r=g&#038;d=initials\",\"caption\":\"Rainer Hofmann\"},\"sameAs\":[\"https:\\\/\\\/kaizen-blog.org\"],\"url\":\"https:\\\/\\\/kaizen-blog.org\\\/en\\\/author\\\/admin\\\/\"}]}<\/script>\n<!-- \/ Yoast SEO plugin. -->","yoast_head_json":{"title":"Der Fall von Yolanda Magall\u00f3n P\u00e9rez und ihrer Tochter Xitlali Tejeda in El Monte, Kalifornien, sorgt auch weiterhin f\u00fcr Aufsehen und Proteste. - The Kaizen Blog","robots":{"index":"index","follow":"follow","max-snippet":"max-snippet:-1","max-image-preview":"max-image-preview:large","max-video-preview":"max-video-preview:-1"},"canonical":"https:\/\/kaizen-blog.org\/en\/der-fall-von-yolanda-magallon-perez-und-ihrer-tochter-xitlali-tejeda-in-el-monte-kalifornien-sorgt-auch-weiterhin-fuer-aufsehen-und-proteste\/","og_locale":"en_US","og_type":"article","og_title":"Der Fall von Yolanda Magall\u00f3n P\u00e9rez und ihrer Tochter Xitlali Tejeda in El Monte, Kalifornien, sorgt auch weiterhin f\u00fcr Aufsehen und Proteste.","og_description":"Was mit einer Festnahme vor einem Wohnhaus begann, hat sich zu einem Symbol f\u00fcr die H\u00e4rte und Unmenschlichkeit der Einwanderungspolitik entwickelt. Yolanda Magall\u00f3n P\u00e9rez, eine 50-j\u00e4hrige Mutter, wurde von ICE-Agenten festgenommen. Urspr\u00fcnglich waren die Beamten gekommen, um ihren Sohn Jonathan Tejeda-P\u00e9rez zu verhaften, der wegen geringf\u00fcgiger Delikte vorbestraft war. Doch als Yolanda die Beamten nach [&hellip;]","og_url":"https:\/\/kaizen-blog.org\/en\/der-fall-von-yolanda-magallon-perez-und-ihrer-tochter-xitlali-tejeda-in-el-monte-kalifornien-sorgt-auch-weiterhin-fuer-aufsehen-und-proteste\/","og_site_name":"The Kaizen Blog","article_publisher":"https:\/\/www.facebook.com\/rainer.hofmann.2025\/","article_published_time":"2025-05-17T15:58:31+00:00","article_modified_time":"2026-02-19T08:53:22+00:00","og_image":[{"width":982,"height":502,"url":"https:\/\/kaizen-blog.org\/wp-content\/uploads\/2025\/05\/ICE-EL-Monte-Child-Cancer.webp","type":"image\/webp"}],"author":"Rainer Hofmann","twitter_card":"summary_large_image","twitter_misc":{"Written by":"Rainer Hofmann","Est. reading time":"2 minutes"},"schema":{"@context":"https:\/\/schema.org","@graph":[{"@type":"Article","@id":"https:\/\/kaizen-blog.org\/der-fall-von-yolanda-magallon-perez-und-ihrer-tochter-xitlali-tejeda-in-el-monte-kalifornien-sorgt-auch-weiterhin-fuer-aufsehen-und-proteste\/#article","isPartOf":{"@id":"https:\/\/kaizen-blog.org\/der-fall-von-yolanda-magallon-perez-und-ihrer-tochter-xitlali-tejeda-in-el-monte-kalifornien-sorgt-auch-weiterhin-fuer-aufsehen-und-proteste\/"},"author":{"name":"Rainer Hofmann","@id":"https:\/\/kaizen-blog.org\/#\/schema\/person\/7d3fc7346e2501a389ea3daa48b99ad0"},"headline":"Der Fall von Yolanda Magall\u00f3n P\u00e9rez und ihrer Tochter Xitlali Tejeda in El Monte, Kalifornien, sorgt auch weiterhin f\u00fcr Aufsehen und Proteste.","datePublished":"2025-05-17T15:58:31+00:00","dateModified":"2026-02-19T08:53:22+00:00","mainEntityOfPage":{"@id":"https:\/\/kaizen-blog.org\/der-fall-von-yolanda-magallon-perez-und-ihrer-tochter-xitlali-tejeda-in-el-monte-kalifornien-sorgt-auch-weiterhin-fuer-aufsehen-und-proteste\/"},"wordCount":284,"commentCount":0,"image":{"@id":"https:\/\/kaizen-blog.org\/der-fall-von-yolanda-magallon-perez-und-ihrer-tochter-xitlali-tejeda-in-el-monte-kalifornien-sorgt-auch-weiterhin-fuer-aufsehen-und-proteste\/#primaryimage"},"thumbnailUrl":"https:\/\/i0.wp.com\/kaizen-blog.org\/wp-content\/uploads\/2025\/05\/ICE-EL-Monte-Child-Cancer.webp?fit=982%2C502&ssl=1","articleSection":["Deportations Under Trump","Public Affairs","Trumpland"],"inLanguage":"en-US","potentialAction":[{"@type":"CommentAction","name":"Comment","target":["https:\/\/kaizen-blog.org\/der-fall-von-yolanda-magallon-perez-und-ihrer-tochter-xitlali-tejeda-in-el-monte-kalifornien-sorgt-auch-weiterhin-fuer-aufsehen-und-proteste\/#respond"]}]},{"@type":"WebPage","@id":"https:\/\/kaizen-blog.org\/der-fall-von-yolanda-magallon-perez-und-ihrer-tochter-xitlali-tejeda-in-el-monte-kalifornien-sorgt-auch-weiterhin-fuer-aufsehen-und-proteste\/","url":"https:\/\/kaizen-blog.org\/der-fall-von-yolanda-magallon-perez-und-ihrer-tochter-xitlali-tejeda-in-el-monte-kalifornien-sorgt-auch-weiterhin-fuer-aufsehen-und-proteste\/","name":"Der Fall von Yolanda Magall\u00f3n P\u00e9rez und ihrer Tochter Xitlali Tejeda in El Monte, Kalifornien, sorgt auch weiterhin f\u00fcr Aufsehen und Proteste. - The Kaizen Blog","isPartOf":{"@id":"https:\/\/kaizen-blog.org\/#website"},"primaryImageOfPage":{"@id":"https:\/\/kaizen-blog.org\/der-fall-von-yolanda-magallon-perez-und-ihrer-tochter-xitlali-tejeda-in-el-monte-kalifornien-sorgt-auch-weiterhin-fuer-aufsehen-und-proteste\/#primaryimage"},"image":{"@id":"https:\/\/kaizen-blog.org\/der-fall-von-yolanda-magallon-perez-und-ihrer-tochter-xitlali-tejeda-in-el-monte-kalifornien-sorgt-auch-weiterhin-fuer-aufsehen-und-proteste\/#primaryimage"},"thumbnailUrl":"https:\/\/i0.wp.com\/kaizen-blog.org\/wp-content\/uploads\/2025\/05\/ICE-EL-Monte-Child-Cancer.webp?fit=982%2C502&ssl=1","datePublished":"2025-05-17T15:58:31+00:00","dateModified":"2026-02-19T08:53:22+00:00","author":{"@id":"https:\/\/kaizen-blog.org\/#\/schema\/person\/7d3fc7346e2501a389ea3daa48b99ad0"},"breadcrumb":{"@id":"https:\/\/kaizen-blog.org\/der-fall-von-yolanda-magallon-perez-und-ihrer-tochter-xitlali-tejeda-in-el-monte-kalifornien-sorgt-auch-weiterhin-fuer-aufsehen-und-proteste\/#breadcrumb"},"inLanguage":"en-US","potentialAction":[{"@type":"ReadAction","target":["https:\/\/kaizen-blog.org\/der-fall-von-yolanda-magallon-perez-und-ihrer-tochter-xitlali-tejeda-in-el-monte-kalifornien-sorgt-auch-weiterhin-fuer-aufsehen-und-proteste\/"]}]},{"@type":"ImageObject","inLanguage":"en-US","@id":"https:\/\/kaizen-blog.org\/der-fall-von-yolanda-magallon-perez-und-ihrer-tochter-xitlali-tejeda-in-el-monte-kalifornien-sorgt-auch-weiterhin-fuer-aufsehen-und-proteste\/#primaryimage","url":"https:\/\/i0.wp.com\/kaizen-blog.org\/wp-content\/uploads\/2025\/05\/ICE-EL-Monte-Child-Cancer.webp?fit=982%2C502&ssl=1","contentUrl":"https:\/\/i0.wp.com\/kaizen-blog.org\/wp-content\/uploads\/2025\/05\/ICE-EL-Monte-Child-Cancer.webp?fit=982%2C502&ssl=1","width":982,"height":502},{"@type":"BreadcrumbList","@id":"https:\/\/kaizen-blog.org\/der-fall-von-yolanda-magallon-perez-und-ihrer-tochter-xitlali-tejeda-in-el-monte-kalifornien-sorgt-auch-weiterhin-fuer-aufsehen-und-proteste\/#breadcrumb","itemListElement":[{"@type":"ListItem","position":1,"name":"Startseite","item":"https:\/\/kaizen-blog.org\/"},{"@type":"ListItem","position":2,"name":"Der Fall von Yolanda Magall\u00f3n P\u00e9rez und ihrer Tochter Xitlali Tejeda in El Monte, Kalifornien, sorgt auch weiterhin f\u00fcr Aufsehen und Proteste."}]},{"@type":"WebSite","@id":"https:\/\/kaizen-blog.org\/#website","url":"https:\/\/kaizen-blog.org\/","name":"The Kaizen Blog","description":"Investigative Journalism","potentialAction":[{"@type":"SearchAction","target":{"@type":"EntryPoint","urlTemplate":"https:\/\/kaizen-blog.org\/?s={search_term_string}"},"query-input":{"@type":"PropertyValueSpecification","valueRequired":true,"valueName":"search_term_string"}}],"inLanguage":"en-US"},{"@type":"Person","@id":"https:\/\/kaizen-blog.org\/#\/schema\/person\/7d3fc7346e2501a389ea3daa48b99ad0","name":"Rainer Hofmann","image":{"@type":"ImageObject","inLanguage":"en-US","@id":"\/\/www.gravatar.com\/avatar\/21e5b26d4f12b21206d8094d7aea4ab6?s=96&#038;r=g&#038;d=initials","url":"\/\/www.gravatar.com\/avatar\/21e5b26d4f12b21206d8094d7aea4ab6?s=96&#038;r=g&#038;d=initials","contentUrl":"\/\/www.gravatar.com\/avatar\/21e5b26d4f12b21206d8094d7aea4ab6?s=96&#038;r=g&#038;d=initials","caption":"Rainer Hofmann"},"sameAs":["https:\/\/kaizen-blog.org"],"url":"https:\/\/kaizen-blog.org\/en\/author\/admin\/"}]}},"jetpack_publicize_connections":[],"jetpack_featured_media_url":"https:\/\/i0.wp.com\/kaizen-blog.org\/wp-content\/uploads\/2025\/05\/ICE-EL-Monte-Child-Cancer.webp?fit=982%2C502&ssl=1","jetpack_sharing_enabled":true,"jetpack-related-posts":[{"id":2396,"url":"https:\/\/kaizen-blog.org\/en\/beruhige-dich-mama-ice-festnahme-erschuettert-san-antonio\/","url_meta":{"origin":2062,"position":0},"title":"\u201cCalm down, Mom\u201d - ICE arrest shakes San Antonio","author":"Rainer Hofmann","date":"May 31, 2025","format":false,"excerpt":"Es ist ein Satz, der unter die Haut geht: \u201eTranquila, ma. Aqu\u00ed estoy yo\u201c \u2013 \u201eBeruhige dich, Mama. Ich bin hier.\u201c Gesprochen von einem kleinen Jungen, der mitansehen muss, wie seine Mutter von ICE-Beamten in San Antonio festgenommen wird. Die Szene, aufgenommen am 29. Mai 2025 vor dem Einwanderungsgericht, hat\u2026","rel":"","context":"In &quot;Dark America&quot;","block_context":{"text":"Dark America","link":"https:\/\/kaizen-blog.org\/en\/category\/dark-america\/"},"img":{"alt_text":"","src":"https:\/\/i0.wp.com\/kaizen-blog.org\/wp-content\/uploads\/2025\/05\/small-boy-mom-stay-calm.webp?fit=900%2C508&ssl=1&resize=350%2C200","width":350,"height":200,"srcset":"https:\/\/i0.wp.com\/kaizen-blog.org\/wp-content\/uploads\/2025\/05\/small-boy-mom-stay-calm.webp?fit=900%2C508&ssl=1&resize=350%2C200 1x, https:\/\/i0.wp.com\/kaizen-blog.org\/wp-content\/uploads\/2025\/05\/small-boy-mom-stay-calm.webp?fit=900%2C508&ssl=1&resize=525%2C300 1.5x, https:\/\/i0.wp.com\/kaizen-blog.org\/wp-content\/uploads\/2025\/05\/small-boy-mom-stay-calm.webp?fit=900%2C508&ssl=1&resize=700%2C400 2x"},"classes":[]},{"id":5881,"url":"https:\/\/kaizen-blog.org\/en\/die-frau-des-veteranen-wie-ice-die-junge-mutter-eines-us-marines-mitten-aus-dem-alltag-riss\/","url_meta":{"origin":2062,"position":1},"title":"The Veteran\u2019s Wife \u2013 How ICE Ripped a Young Mother and Wife of a U.S. Marine Out of Everyday Life","author":"Rainer Hofmann","date":"June 23, 2025","format":false,"excerpt":"Baton Rouge, Louisiana \u2013 Wenn Noah, fast zwei Jahre alt, abends nach seiner Mutter fragt, sagt sein Vater Adrian Clouatre nur: \u201eMama kommt bald zur\u00fcck.\u201c F\u00fcr seine drei Monate alte Tochter Lyn, die noch gestillt wurde, gibt es seitdem nur noch die Flasche. Ihre Mutter, Paola Clouatre, wurde im Mai\u2026","rel":"","context":"In &quot;Deportations Under Trump&quot;","block_context":{"text":"Deportations Under Trump","link":"https:\/\/kaizen-blog.org\/en\/category\/deportations-under-trump\/"},"img":{"alt_text":"","src":"https:\/\/i0.wp.com\/kaizen-blog.org\/wp-content\/uploads\/2025\/06\/veteran-woman.webp?fit=850%2C508&ssl=1&resize=350%2C200","width":350,"height":200,"srcset":"https:\/\/i0.wp.com\/kaizen-blog.org\/wp-content\/uploads\/2025\/06\/veteran-woman.webp?fit=850%2C508&ssl=1&resize=350%2C200 1x, https:\/\/i0.wp.com\/kaizen-blog.org\/wp-content\/uploads\/2025\/06\/veteran-woman.webp?fit=850%2C508&ssl=1&resize=525%2C300 1.5x, https:\/\/i0.wp.com\/kaizen-blog.org\/wp-content\/uploads\/2025\/06\/veteran-woman.webp?fit=850%2C508&ssl=1&resize=700%2C400 2x"},"classes":[]},{"id":27811,"url":"https:\/\/kaizen-blog.org\/en\/zertruemmerter-schaedel-gefesselt-im-krankenhaus-die-akte-alberto-castaneda-mondragon\/","url_meta":{"origin":2062,"position":2},"title":"Shattered Skull, Shackled in the Hospital \u2013 The Alberto Casta\u00f1eda Mondrag\u00f3n File","author":"Rainer Hofmann","date":"January 31, 2026","format":false,"excerpt":"Als Bundesbeamte einen schwer verletzten Mann in ein Krankenhaus in Minneapolis brachten, wussten die Pflegekr\u00e4fte sofort, dass hier etwas nicht stimmte. Alberto Casta\u00f1eda Mondrag\u00f3n, 31 Jahre alt, hatte Br\u00fcche im Gesicht und im Sch\u00e4del, Blutungen im Gehirn, massive neurologische Ausf\u00e4lle. Die Erkl\u00e4rung der Beamten lautete, er habe versucht zu fliehen\u2026","rel":"","context":"In &quot;Deportations Under Trump&quot;","block_context":{"text":"Deportations Under Trump","link":"https:\/\/kaizen-blog.org\/en\/category\/deportations-under-trump\/"},"img":{"alt_text":"","src":"https:\/\/i0.wp.com\/kaizen-blog.org\/wp-content\/uploads\/2026\/01\/batch_kaizennewsday-2026-01-31T223500.687.webp?fit=905%2C500&ssl=1&resize=350%2C200","width":350,"height":200,"srcset":"https:\/\/i0.wp.com\/kaizen-blog.org\/wp-content\/uploads\/2026\/01\/batch_kaizennewsday-2026-01-31T223500.687.webp?fit=905%2C500&ssl=1&resize=350%2C200 1x, https:\/\/i0.wp.com\/kaizen-blog.org\/wp-content\/uploads\/2026\/01\/batch_kaizennewsday-2026-01-31T223500.687.webp?fit=905%2C500&ssl=1&resize=525%2C300 1.5x, https:\/\/i0.wp.com\/kaizen-blog.org\/wp-content\/uploads\/2026\/01\/batch_kaizennewsday-2026-01-31T223500.687.webp?fit=905%2C500&ssl=1&resize=700%2C400 2x"},"classes":[]},{"id":2714,"url":"https:\/\/kaizen-blog.org\/en\/das-schweigen-der-masken-ice-angst-und-eine-nation-im-griff-der-abschiebung\/","url_meta":{"origin":2062,"position":3},"title":"The Silence of the Masks \u2013 ICE, Fear, and a Nation in the Grip of Deportation","author":"Rainer Hofmann","date":"June 2, 2025","format":false,"excerpt":"Es war ein Freitagabend, als der Rauch durch die Gassen von San Diego zog, als Schreie die Luft zerschnitten und schwer bewaffnete M\u00e4nner in Taktikausr\u00fcstung durch ein italienisches Restaurant st\u00fcrmten \u2013 kurz vor dem Abendessen, kurz bevor das Brot gebrochen werden konnte. Was folgte, war kein Einsatz gegen ein Kartell,\u2026","rel":"","context":"In &quot;Deportations Under Trump&quot;","block_context":{"text":"Deportations Under Trump","link":"https:\/\/kaizen-blog.org\/en\/category\/deportations-under-trump\/"},"img":{"alt_text":"","src":"https:\/\/i0.wp.com\/kaizen-blog.org\/wp-content\/uploads\/2025\/06\/ICE-Protests.webp?fit=850%2C508&ssl=1&resize=350%2C200","width":350,"height":200,"srcset":"https:\/\/i0.wp.com\/kaizen-blog.org\/wp-content\/uploads\/2025\/06\/ICE-Protests.webp?fit=850%2C508&ssl=1&resize=350%2C200 1x, https:\/\/i0.wp.com\/kaizen-blog.org\/wp-content\/uploads\/2025\/06\/ICE-Protests.webp?fit=850%2C508&ssl=1&resize=525%2C300 1.5x, https:\/\/i0.wp.com\/kaizen-blog.org\/wp-content\/uploads\/2025\/06\/ICE-Protests.webp?fit=850%2C508&ssl=1&resize=700%2C400 2x"},"classes":[]},{"id":26894,"url":"https:\/\/kaizen-blog.org\/en\/ein-kind-an-der-haustuer\/","url_meta":{"origin":2062,"position":4},"title":"A child at the front door","author":"Rainer Hofmann","date":"January 23, 2026","format":false,"excerpt":"Ein f\u00fcnfj\u00e4hriger Junge kommt aus dem Kindergarten nach Hause, der Motor des Autos l\u00e4uft noch, die Einfahrt ist erreicht. Was folgt, ist kein Missverst\u00e4ndnis, keine Verwechslung, sondern ein Zugriff. Bundesbeamte nehmen den Jungen und seinen Vater mit. Sie bringen das Kind dazu, an der eigenen Haust\u00fcr zu klopfen, um zu\u2026","rel":"","context":"In &quot;Topstory&quot;","block_context":{"text":"Topstory","link":"https:\/\/kaizen-blog.org\/en\/category\/topstory\/"},"img":{"alt_text":"","src":"https:\/\/i0.wp.com\/kaizen-blog.org\/wp-content\/uploads\/2026\/01\/batch_kaizennewsday-2026-01-23T023507.348.webp?fit=905%2C500&ssl=1&resize=350%2C200","width":350,"height":200,"srcset":"https:\/\/i0.wp.com\/kaizen-blog.org\/wp-content\/uploads\/2026\/01\/batch_kaizennewsday-2026-01-23T023507.348.webp?fit=905%2C500&ssl=1&resize=350%2C200 1x, https:\/\/i0.wp.com\/kaizen-blog.org\/wp-content\/uploads\/2026\/01\/batch_kaizennewsday-2026-01-23T023507.348.webp?fit=905%2C500&ssl=1&resize=525%2C300 1.5x, https:\/\/i0.wp.com\/kaizen-blog.org\/wp-content\/uploads\/2026\/01\/batch_kaizennewsday-2026-01-23T023507.348.webp?fit=905%2C500&ssl=1&resize=700%2C400 2x"},"classes":[]},{"id":27332,"url":"https:\/\/kaizen-blog.org\/en\/live-machtprobe-in-minnesota-wird-zum-politischen-flaechenbrand\/","url_meta":{"origin":2062,"position":5},"title":"LIVE: Power Struggle in Minnesota Turns Into a Political Wildfire","author":"TEAM KAIZEN BLOG","date":"January 26, 2026","format":false,"excerpt":"24 Kaizen Live Dienstag, 27.01.2026 \u00b7 01:30, Ende der Berichterstattung Prettis Schwester kritisiert Regierung Die j\u00fcngere Schwester von Alex Pretti hat am Montag ein Statement ver\u00f6ffentlicht, in dem sie ihren gro\u00dfen Bruder als hilfsbereiten, freundlichen Menschen beschreibt und zugleich die Darstellung der Trump-Regierung nach seinem Tod scharf kritisiert. Sie dankte\u2026","rel":"","context":"In &quot;Kaizen Live&quot;","block_context":{"text":"Kaizen Live","link":"https:\/\/kaizen-blog.org\/en\/category\/kaizen-live\/"},"img":{"alt_text":"","src":"https:\/\/i0.wp.com\/kaizen-blog.org\/wp-content\/uploads\/2026\/01\/kaizennewsday-2026-01-23T205303.470.webp?fit=905%2C500&ssl=1&resize=350%2C200","width":350,"height":200,"srcset":"https:\/\/i0.wp.com\/kaizen-blog.org\/wp-content\/uploads\/2026\/01\/kaizennewsday-2026-01-23T205303.470.webp?fit=905%2C500&ssl=1&resize=350%2C200 1x, https:\/\/i0.wp.com\/kaizen-blog.org\/wp-content\/uploads\/2026\/01\/kaizennewsday-2026-01-23T205303.470.webp?fit=905%2C500&ssl=1&resize=525%2C300 1.5x, https:\/\/i0.wp.com\/kaizen-blog.org\/wp-content\/uploads\/2026\/01\/kaizennewsday-2026-01-23T205303.470.webp?fit=905%2C500&ssl=1&resize=700%2C400 2x"},"classes":[]}],"_links":{"self":[{"href":"https:\/\/kaizen-blog.org\/en\/wp-json\/wp\/v2\/posts\/2062","targetHints":{"allow":["GET"]}}],"collection":[{"href":"https:\/\/kaizen-blog.org\/en\/wp-json\/wp\/v2\/posts"}],"about":[{"href":"https:\/\/kaizen-blog.org\/en\/wp-json\/wp\/v2\/types\/post"}],"author":[{"embeddable":true,"href":"https:\/\/kaizen-blog.org\/en\/wp-json\/wp\/v2\/users\/1"}],"replies":[{"embeddable":true,"href":"https:\/\/kaizen-blog.org\/en\/wp-json\/wp\/v2\/comments?post=2062"}],"version-history":[{"count":0,"href":"https:\/\/kaizen-blog.org\/en\/wp-json\/wp\/v2\/posts\/2062\/revisions"}],"wp:featuredmedia":[{"embeddable":true,"href":"https:\/\/kaizen-blog.org\/en\/wp-json\/wp\/v2\/media\/2063"}],"wp:attachment":[{"href":"https:\/\/kaizen-blog.org\/en\/wp-json\/wp\/v2\/media?parent=2062"}],"wp:term":[{"taxonomy":"category","embeddable":true,"href":"https:\/\/kaizen-blog.org\/en\/wp-json\/wp\/v2\/categories?post=2062"},{"taxonomy":"post_tag","embeddable":true,"href":"https:\/\/kaizen-blog.org\/en\/wp-json\/wp\/v2\/tags?post=2062"}],"curies":[{"name":"wp","href":"https:\/\/api.w.org\/{rel}","templated":true}]}}