{"id":19960,"date":"2025-11-11T16:49:42","date_gmt":"2025-11-11T15:49:42","guid":{"rendered":"https:\/\/kaizen-blog.org\/?p=19960"},"modified":"2025-11-11T17:02:38","modified_gmt":"2025-11-11T16:02:38","slug":"die-rote-linie-von-belgrad-wie-serbiens-jugend-den-ausverkauf-an-kushner-stoppt","status":"publish","type":"post","link":"https:\/\/kaizen-blog.org\/en\/die-rote-linie-von-belgrad-wie-serbiens-jugend-den-ausverkauf-an-kushner-stoppt\/","title":{"rendered":"The Red Line of Belgrade \u2013 How Serbia\u2019s Youth Stops the Sellout to Kushner"},"content":{"rendered":"<p>Belgrade \u2013 It was a quiet but unmistakable uprising. Thousands of young Serbians formed a human chain on Tuesday around the destroyed military headquarters in the center of Belgrade \u2013 that memorial which still bears the scars of the NATO bombings of 1999. With red ribbons and raised hands, they drew a line around the site that, according to the will of the government and a U.S. company, is to be transformed into a luxury project. It is a line against forgetting, corruption, and the arrogance of power.<\/p>\n\n\n\n<figure class=\"wp-block-video alignwide\"><video height=\"360\" style=\"aspect-ratio: 640 \/ 360;\" width=\"640\" controls src=\"https:\/\/kaizen-blog.org\/wp-content\/uploads\/2025\/11\/kaizen-blog.belgrad.67867.mp4\"><\/video><figcaption class=\"wp-element-caption\"><strong>Thousands of Serbs take to the streets against Vu\u010di\u0107 and Trump\u2019s son-in-law Jared Kushner<\/strong><\/figcaption><\/figure>\n\n\n\n<div style=\"height:14px\" aria-hidden=\"true\" class=\"wp-block-spacer\"><\/div>\n\n\n\n<p>The 500-million-dollar project, supported by President Aleksandar Vucic and closely linked to Jared Kushner, Donald Trump\u2019s son-in-law, envisions the construction of a high-rise building, offices, and luxury shops \u2013 precisely where the Yugoslav Ministry of Defense once stood. A site that for many Serbs is a symbol of destruction, pride, and resistance. Now it is to become the backdrop for money laundering and historical erasure.<\/p>\n\n\n\n<figure class=\"wp-block-image alignwide size-full\"><img data-recalc-dims=\"1\" loading=\"lazy\" decoding=\"async\" width=\"640\" height=\"354\" src=\"https:\/\/i0.wp.com\/kaizen-blog.org\/wp-content\/uploads\/2025\/11\/batch_kaizenlive-27.webp?resize=640%2C354&#038;ssl=1\" alt=\"\" class=\"wp-image-19964\" srcset=\"https:\/\/i0.wp.com\/kaizen-blog.org\/wp-content\/uploads\/2025\/11\/batch_kaizenlive-27.webp?w=905&amp;ssl=1 905w, https:\/\/i0.wp.com\/kaizen-blog.org\/wp-content\/uploads\/2025\/11\/batch_kaizenlive-27.webp?resize=18%2C10&amp;ssl=1 18w, https:\/\/i0.wp.com\/kaizen-blog.org\/wp-content\/uploads\/2025\/11\/batch_kaizenlive-27.webp?resize=300%2C166&amp;ssl=1 300w, https:\/\/i0.wp.com\/kaizen-blog.org\/wp-content\/uploads\/2025\/11\/batch_kaizenlive-27.webp?resize=768%2C424&amp;ssl=1 768w\" sizes=\"auto, (max-width: 640px) 100vw, 640px\" \/><figcaption class=\"wp-element-caption\"><strong>\u201cWe are the wall\u201d<\/strong><\/figcaption><\/figure>\n\n\n\n<div style=\"height:11px\" aria-hidden=\"true\" class=\"wp-block-spacer\"><\/div>\n\n\n\n<p>The government in Belgrade, loyal to Trump and economically dependent on Washington, justifies the project with \u201cgrowth\u201d and \u201cnew friendship.\u201d Vucic speaks of a \u201csign of progress\u201d \u2013 while the United States at the same time has imposed 35 percent tariffs on Serbian imports and sanctioned the state oil company because of Russian ownership. Progress that moves on a foreign leash.<\/p>\n\n\n\n<figure class=\"wp-block-image alignwide size-full\"><img data-recalc-dims=\"1\" loading=\"lazy\" decoding=\"async\" width=\"640\" height=\"354\" src=\"https:\/\/i0.wp.com\/kaizen-blog.org\/wp-content\/uploads\/2025\/11\/batch_kaizenlive-26.webp?resize=640%2C354&#038;ssl=1\" alt=\"\" class=\"wp-image-19963\" srcset=\"https:\/\/i0.wp.com\/kaizen-blog.org\/wp-content\/uploads\/2025\/11\/batch_kaizenlive-26.webp?w=905&amp;ssl=1 905w, https:\/\/i0.wp.com\/kaizen-blog.org\/wp-content\/uploads\/2025\/11\/batch_kaizenlive-26.webp?resize=18%2C10&amp;ssl=1 18w, https:\/\/i0.wp.com\/kaizen-blog.org\/wp-content\/uploads\/2025\/11\/batch_kaizenlive-26.webp?resize=300%2C166&amp;ssl=1 300w, https:\/\/i0.wp.com\/kaizen-blog.org\/wp-content\/uploads\/2025\/11\/batch_kaizenlive-26.webp?resize=768%2C424&amp;ssl=1 768w\" sizes=\"auto, (max-width: 640px) 100vw, 640px\" \/><figcaption class=\"wp-element-caption\"><strong> Aleksandar Vucic and Jared Kushner<\/strong><\/figcaption><\/figure>\n\n\n\n<div style=\"height:21px\" aria-hidden=\"true\" class=\"wp-block-spacer\"><\/div>\n\n\n\n<p>But the protests are growing. Architects, historians, students, and residents see the building complex as an irreplaceable cultural heritage \u2013 a manifesto of postwar modernism, designed in the era of former Yugoslavia, when concrete was still an expression of political vision. Last year, Vucic\u2019s government revoked the site\u2019s protected status and leased the entire complex for 99 years to \u201cAffinity Global Development,\u201d a company from Kushner\u2019s circle. Shortly afterward, the public prosecutor\u2019s office launched an investigation into allegedly forged documents. What is a prestige project for Vucic is seen by many as a national humiliation. \u201cThis is not a construction site \u2013 it is a grave,\u201d said one student in one of the interviews circulating in Belgrade that day. \u201cIf they destroy this, they destroy our memory.\u201d Around her, hundreds carried posters with the same words: \u201cWe are the wall.\u201d<\/p>\n\n\n\n<figure class=\"wp-block-image alignwide size-full\"><img data-recalc-dims=\"1\" loading=\"lazy\" decoding=\"async\" width=\"640\" height=\"354\" src=\"https:\/\/i0.wp.com\/kaizen-blog.org\/wp-content\/uploads\/2025\/11\/batch_kaizenlive-24.webp?resize=640%2C354&#038;ssl=1\" alt=\"\" class=\"wp-image-19961\" srcset=\"https:\/\/i0.wp.com\/kaizen-blog.org\/wp-content\/uploads\/2025\/11\/batch_kaizenlive-24.webp?w=905&amp;ssl=1 905w, https:\/\/i0.wp.com\/kaizen-blog.org\/wp-content\/uploads\/2025\/11\/batch_kaizenlive-24.webp?resize=18%2C10&amp;ssl=1 18w, https:\/\/i0.wp.com\/kaizen-blog.org\/wp-content\/uploads\/2025\/11\/batch_kaizenlive-24.webp?resize=300%2C166&amp;ssl=1 300w, https:\/\/i0.wp.com\/kaizen-blog.org\/wp-content\/uploads\/2025\/11\/batch_kaizenlive-24.webp?resize=768%2C424&amp;ssl=1 768w\" sizes=\"auto, (max-width: 640px) 100vw, 640px\" \/><\/figure>\n\n\n\n<div style=\"height:15px\" aria-hidden=\"true\" class=\"wp-block-spacer\"><\/div>\n\n\n\n<p>The movement has long since reached a political dimension. For a year now, weekly demonstrations have shaken the government, since that disaster in Novi Sad when sixteen people died during the reconstruction of a train station because concrete pillars gave way. It was the moment when Serbia\u2019s youth understood that the price of corruption is measured in corpses. The fight for the military complex is the continuation of the same revolt \u2013 against a regime that has elevated wealth, power, and vanity to its state religion.<\/p>\n\n\n\n<figure class=\"wp-block-image alignwide size-full\"><img data-recalc-dims=\"1\" loading=\"lazy\" decoding=\"async\" width=\"640\" height=\"354\" src=\"https:\/\/i0.wp.com\/kaizen-blog.org\/wp-content\/uploads\/2025\/11\/batch_kaizenlive-25.webp?resize=640%2C354&#038;ssl=1\" alt=\"\" class=\"wp-image-19962\" srcset=\"https:\/\/i0.wp.com\/kaizen-blog.org\/wp-content\/uploads\/2025\/11\/batch_kaizenlive-25.webp?w=905&amp;ssl=1 905w, https:\/\/i0.wp.com\/kaizen-blog.org\/wp-content\/uploads\/2025\/11\/batch_kaizenlive-25.webp?resize=18%2C10&amp;ssl=1 18w, https:\/\/i0.wp.com\/kaizen-blog.org\/wp-content\/uploads\/2025\/11\/batch_kaizenlive-25.webp?resize=300%2C166&amp;ssl=1 300w, https:\/\/i0.wp.com\/kaizen-blog.org\/wp-content\/uploads\/2025\/11\/batch_kaizenlive-25.webp?resize=768%2C424&amp;ssl=1 768w\" sizes=\"auto, (max-width: 640px) 100vw, 640px\" \/><figcaption class=\"wp-element-caption\"><strong>Jared Kushner and Donald Trump<\/strong><\/figcaption><\/figure>\n\n\n\n<div style=\"height:6px\" aria-hidden=\"true\" class=\"wp-block-spacer\"><\/div>\n\n\n\n<p>The site itself stands for more than just architecture. It was once the target of NATO bombs, a symbol of Western intervention against Milosevic\u2019s regime. For many Serbians it remains an open wound \u2013 and the idea that a U.S. company connected to Trump\u2019s family would turn this place into a luxury quarter feels like a cynical act of historical reversal. Anti-NATO sentiment runs deep; it is part of the country\u2019s collective memory. The protests in Belgrade are therefore more than a local confrontation. They are the reawakening of a nation that no longer watches as its cultural heritage disappears into investors\u2019 brochures. A young architect said: \u201cThey think they are building the future, but in truth they are tearing down history.\u201d<\/p>\n\n\n\n<figure class=\"wp-block-image alignwide size-full\"><img data-recalc-dims=\"1\" loading=\"lazy\" decoding=\"async\" width=\"640\" height=\"354\" src=\"https:\/\/i0.wp.com\/kaizen-blog.org\/wp-content\/uploads\/2025\/11\/kaizenlive-29.webp?resize=640%2C354&#038;ssl=1\" alt=\"\" class=\"wp-image-19967\" srcset=\"https:\/\/i0.wp.com\/kaizen-blog.org\/wp-content\/uploads\/2025\/11\/kaizenlive-29.webp?w=905&amp;ssl=1 905w, https:\/\/i0.wp.com\/kaizen-blog.org\/wp-content\/uploads\/2025\/11\/kaizenlive-29.webp?resize=18%2C10&amp;ssl=1 18w, https:\/\/i0.wp.com\/kaizen-blog.org\/wp-content\/uploads\/2025\/11\/kaizenlive-29.webp?resize=300%2C166&amp;ssl=1 300w, https:\/\/i0.wp.com\/kaizen-blog.org\/wp-content\/uploads\/2025\/11\/kaizenlive-29.webp?resize=768%2C424&amp;ssl=1 768w\" sizes=\"auto, (max-width: 640px) 100vw, 640px\" \/><\/figure>\n\n\n\n<blockquote class=\"wp-block-quote is-layout-flow wp-block-quote-is-layout-flow\">\n<p>The Serbian lawmakers voted to speed up preparations for a controversial real estate project in the capital backed by Jared Kushner, the son-in-law of U.S. President Donald Trump.<\/p>\n<\/blockquote>\n\n\n\n<p>While in Albania Kushner\u2019s company is simultaneously building a 1.6-billion-dollar resort on a former military island \u2013 a project that is equally controversial \u2013 the conviction is growing in Serbia that money and power are not legitimations but tests of moral integrity. Belgrade is drawing its red line. Against the desecration of its memory, against the coldness of global speculation, against the arrogance of those who believe history is for sale. And perhaps that is the true meaning of this hour: that a country whose capital once burned in the light of bombs now glows in the candlelight of young hands \u2013 as a sign that dignity cannot be demolished.<\/p>\n\n\n\n<div style=\"height:17px\" aria-hidden=\"true\" class=\"wp-block-spacer\"><\/div>\n\n\n\n<!-- Kaizen Blog \u2013 Support-Karte (Light\/Dark, responsive, mit Logo) -->\n<div class=\"kzb-support\" role=\"complementary\" aria-label=\"Support f\u00fcr den Kaizen Blog\">\n  <style>\n    .kzb-support{\n      --bg:#ffffff; \/* Hintergrund IMMER wei\u00df *\/\n      --fg:#0b0b12;\n      --muted:#57576a;\n      --border:rgba(17,17,26,.08);\n      --shadow:0 12px 36px rgba(0,0,0,.08);\n      --radius:18px;\n\n      \/* Neon T\u00fcrkis \u2192 Magenta *\/\n      --btn-start:#00e6ff;   \/* Neon-T\u00fcrkis *\/\n      --btn-end:#ff2ec4;     \/* Neon-Magenta *\/\n      --btn-text:#ffffff;\n      --btn-glow:0 10px 24px rgba(0,230,255,.35), 0 8px 20px rgba(255,46,196,.35);\n\n      max-width: 820px;\n      margin:18px auto;\n      padding:24px 22px;\n      background:var(--bg);\n      color:var(--fg);\n      border:1px solid var(--border);\n      border-radius:var(--radius);\n      box-shadow:var(--shadow);\n      font:400 16px\/1.6 -apple-system,BlinkMacSystemFont,\"Segoe UI\",Roboto,\"Helvetica Neue\",Arial,system-ui,\"Apple Color Emoji\",\"Segoe UI Emoji\";\n      position:relative;\n      overflow:clip;\n      isolation:isolate;\n    }\n\n    .kzb-row{display:flex; gap:18px; align-items:flex-start;}\n    .kzb-media{flex:0 0 auto; width:68px; height:68px; border-radius:16px; overflow:hidden; border:1px solid rgba(0,0,0,.06)}\n    .kzb-media img{width:100%; height:100%; object-fit:cover}\n\n    .kzb-col{flex:1 1 0}\n\n    .kzb-eyebrow{\n      font-weight:700; font-size:.88rem; letter-spacing:.12em; text-transform:uppercase;\n      color:var(--muted); margin:0 0 8px;\n    }\n    .kzb-title{\n      margin:0 0 10px; font-weight:800; letter-spacing:.2px;\n      font-size: clamp(1.25rem, 2.6vw, 1.6rem);\n    }\n    .kzb-lead{margin:0 0 12px}\n    .kzb-note{margin:6px 0 0; color:var(--muted); font-size:.94rem}\n\n    .kzb-actions{display:flex; flex-wrap:wrap; gap:12px; align-items:center; margin-top:14px}\n\n    .kzb-btn{\n      appearance:none; border:none; cursor:pointer;\n      display:inline-flex; align-items:center; gap:.6rem;\n      padding:12px 20px;\n      border-radius:9999px;\n      background:linear-gradient(90deg,var(--btn-start),var(--btn-end));\n      color:var(--btn-text);\n      font-weight:800; letter-spacing:.2px; font-size:.98rem; text-decoration:none;\n      box-shadow:var(--btn-glow);\n      transition:transform .06s ease, filter .18s ease, box-shadow .18s ease, color .06s ease;\n    }\n    .kzb-btn:hover{transform:translateY(-1px); filter:brightness(1.08)}\n    .kzb-btn:active{transform:translateY(0); color:#0b0b12}\n    .kzb-btn:focus-visible{outline:3px solid rgba(0,230,255,.55); outline-offset:3px}\n\n    .kzb-link{\n      display:inline-flex; align-items:center; gap:.45rem;\n      font-weight:700; text-decoration:none; color:var(--fg);\n      border-bottom:2px solid rgba(255,46,196,.35);\n      padding-bottom:2px; transition:color .15s ease, border-color .15s ease;\n    }\n    .kzb-link:hover{color:#ff2ec4; border-color:#ff2ec4}\n\n    @media (prefers-color-scheme: dark){\n      .kzb-support{\n        --bg:#ffffff; \/* auch im Darkmode bleibt Hintergrund WEISS *\/\n        --fg:#0b0b12;\n        --muted:#57576a;\n        --border:rgba(17,17,26,.08);\n        --shadow:0 12px 36px rgba(0,0,0,.08);\n      }\n      .kzb-media{border-color:rgba(0,0,0,.10)}\n      .kzb-link{border-color:rgba(255,46,196,.45)}\n    }\n\n    @media (max-width:640px){\n      .kzb-support{padding:20px 18px}\n      .kzb-row{flex-direction:column}\n      .kzb-media{width:60px; height:60px; border-radius:14px}\n    }\n  <\/style>\n\n  <div class=\"kzb-row\">\n    <div class=\"kzb-media\" aria-hidden=\"true\">\n      <img data-recalc-dims=\"1\" decoding=\"async\" src=\"https:\/\/i0.wp.com\/kaizen-blog.org\/wp-content\/uploads\/2025\/10\/kaizenBlog.webp?w=640&#038;ssl=1\"\n           alt=\"The Kaizen Blog Logo\">\n    <\/div>\n\n    <div class=\"kzb-col\">\n      <div class=\"kzb-eyebrow\">Support independent journalism<\/div>\n      <h3 class=\"kzb-title\">Investigative journalism requires courage, conviction \u2013 and your support.<\/h3>\n      <p class=\"kzb-lead\">Please also strengthen our journalistic fight against right-wing populism and human rights violations. We do not want to finance ourselves through a paywall so that everyone can read our research \u2013 regardless of income or origin. Thank you very much!<\/p>\n\n      <div class=\"kzb-actions\">\n        <a class=\"kzb-btn\"\n           href=\"https:\/\/kaizen-blog.org\/en\/unterstuetzen-sie-unser-arbeit\/\"\n           rel=\"noopener\"\n           aria-label=\"Support Kaizen \u2013 zur Supportseite\">\n          Support Kaizen\n          <svg width=\"18\" height=\"18\" viewbox=\"0 0 24 24\" aria-hidden=\"true\" focusable=\"false\">\n            <path fill=\"currentColor\" d=\"M13 5l7 7-7 7-1.4-1.4L16.2 13H4v-2h12.2l-4.6-4.6L13 5z\"\/>\n          <\/svg>\n        <\/a>\n        <span class=\"kzb-note\">More on our support page<\/span>\n      <\/div>\n    <\/div>\n  <\/div>\n<\/div>\n\n\n\n<div style=\"height:100px\" aria-hidden=\"true\" class=\"wp-block-spacer\"><\/div>\n<div class=\"gsp_post_data\" \r\n\t            data-post_type=\"post\" \r\n\t            data-cat=\"eu-news,topstory,trump-s-world\" \r\n\t            data-modified=\"120\"\r\n\t            data-created=\"1762879782\"\r\n\t            data-title=\"Die rote Linie von Belgrad \u2013 Wie Serbiens Jugend den Ausverkauf an Kushner stoppt\" \r\n\t            data-home=\"https:\/\/kaizen-blog.org\/en\/\"><\/div>","protected":false},"excerpt":{"rendered":"<p>Belgrad \u2013 Es war ein stiller, doch un\u00fcbersehbarer Aufstand. Tausende junger Serbinnen und Serben bildeten am Dienstag eine Menschenkette um das zerst\u00f6rte Milit\u00e4rhauptquartier im Zentrum Belgrads \u2013 jenes Mahnmal, das noch immer die Narben der NATO-Bombardierungen von 1999 tr\u00e4gt. Mit roten B\u00e4ndern und erhobenen H\u00e4nden zogen sie eine Linie um das Gel\u00e4nde, das nach dem [&hellip;]<\/p>\n","protected":false},"author":1,"featured_media":19966,"comment_status":"open","ping_status":"open","sticky":false,"template":"","format":"standard","meta":{"_jetpack_memberships_contains_paid_content":false,"footnotes":"","jetpack_publicize_message":"","jetpack_publicize_feature_enabled":true,"jetpack_social_post_already_shared":true,"jetpack_social_options":{"image_generator_settings":{"template":"highway","default_image_id":0,"font":"","enabled":false},"version":2}},"categories":[42,7,41],"tags":[],"class_list":["post-19960","post","type-post","status-publish","format-standard","has-post-thumbnail","hentry","category-eu-news","category-topstory","category-trump-s-world"],"featured_image_src":"https:\/\/i0.wp.com\/kaizen-blog.org\/wp-content\/uploads\/2025\/11\/kaizenlive-28.webp?fit=905%2C500&ssl=1","author_info":{"display_name":"Rainer Hofmann","author_link":"https:\/\/kaizen-blog.org\/en\/author\/admin\/"},"yoast_head":"<!-- This site is optimized with the Yoast SEO plugin v27.5 - https:\/\/yoast.com\/product\/yoast-seo-wordpress\/ -->\n<title>Die rote Linie von Belgrad \u2013 Wie Serbiens Jugend den Ausverkauf an Kushner stoppt - The Kaizen Blog<\/title>\n<meta name=\"description\" content=\"Was f\u00fcr Vucic ein Prestigeprojekt ist, empfinden viele als nationale Dem\u00fctigung. \u201eDas ist keine Baustelle \u2013 das ist ein Grab\u201c, sagte eine Studentin in einem der Interviews, die in Belgrad an diesem Tag kursierten. \u201eWenn sie das zerst\u00f6ren, zerst\u00f6ren sie unsere Erinnerung.\u201c Um sie herum trugen Hunderte Plakate mit denselben Worten: \u201eWir sind die Mauer.\u201c Die Bewegung hat l\u00e4ngst eine politische Dimension erreicht. Seit einem Jahr ersch\u00fcttern w\u00f6chentliche Demonstrationen die Regierung, seit jenem Ungl\u00fcck in Novi Sad, als bei einem Bahnhofsneubau sechzehn Menschen starben, weil Betonpfeiler nachgaben. Es war der Moment, in dem Serbiens Jugend begriff, dass der Preis der Korruption in Leichen gemessen wird. Der Kampf um das Milit\u00e4rgel\u00e4nde ist die Fortsetzung derselben Revolte \u2013 gegen ein Regime, das Reichtum, Macht und Eitelkeit zu seiner Staatsreligion erhoben hat ...\" \/>\n<meta name=\"robots\" content=\"index, follow, max-snippet:-1, max-image-preview:large, max-video-preview:-1\" \/>\n<link rel=\"canonical\" href=\"https:\/\/kaizen-blog.org\/en\/die-rote-linie-von-belgrad-wie-serbiens-jugend-den-ausverkauf-an-kushner-stoppt\/\" \/>\n<meta property=\"og:locale\" content=\"en_US\" \/>\n<meta property=\"og:type\" content=\"article\" \/>\n<meta property=\"og:title\" content=\"Die rote Linie von Belgrad \u2013 Wie Serbiens Jugend den Ausverkauf an Kushner stoppt\" \/>\n<meta property=\"og:description\" content=\"Was f\u00fcr Vucic ein Prestigeprojekt ist, empfinden viele als nationale Dem\u00fctigung. \u201eDas ist keine Baustelle \u2013 das ist ein Grab\u201c, sagte eine Studentin in einem der Interviews, die in Belgrad an diesem Tag kursierten. \u201eWenn sie das zerst\u00f6ren, zerst\u00f6ren sie unsere Erinnerung.\u201c Um sie herum trugen Hunderte Plakate mit denselben Worten: \u201eWir sind die Mauer.\u201c Die Bewegung hat l\u00e4ngst eine politische Dimension erreicht. Seit einem Jahr ersch\u00fcttern w\u00f6chentliche Demonstrationen die Regierung, seit jenem Ungl\u00fcck in Novi Sad, als bei einem Bahnhofsneubau sechzehn Menschen starben, weil Betonpfeiler nachgaben. Es war der Moment, in dem Serbiens Jugend begriff, dass der Preis der Korruption in Leichen gemessen wird. Der Kampf um das Milit\u00e4rgel\u00e4nde ist die Fortsetzung derselben Revolte \u2013 gegen ein Regime, das Reichtum, Macht und Eitelkeit zu seiner Staatsreligion erhoben hat ...\" \/>\n<meta property=\"og:url\" content=\"https:\/\/kaizen-blog.org\/en\/die-rote-linie-von-belgrad-wie-serbiens-jugend-den-ausverkauf-an-kushner-stoppt\/\" \/>\n<meta property=\"og:site_name\" content=\"The Kaizen Blog\" \/>\n<meta property=\"article:publisher\" content=\"https:\/\/www.facebook.com\/rainer.hofmann.2025\/\" \/>\n<meta property=\"article:published_time\" content=\"2025-11-11T15:49:42+00:00\" \/>\n<meta property=\"article:modified_time\" content=\"2025-11-11T16:02:38+00:00\" \/>\n<meta property=\"og:image\" content=\"https:\/\/kaizen-blog.org\/wp-content\/uploads\/2025\/11\/kaizenlive-28.webp\" \/>\n\t<meta property=\"og:image:width\" content=\"905\" \/>\n\t<meta property=\"og:image:height\" content=\"500\" \/>\n\t<meta property=\"og:image:type\" content=\"image\/webp\" \/>\n<meta name=\"author\" content=\"Rainer Hofmann\" \/>\n<meta name=\"twitter:card\" content=\"summary_large_image\" \/>\n<meta name=\"twitter:label1\" content=\"Written by\" \/>\n\t<meta name=\"twitter:data1\" content=\"Rainer Hofmann\" \/>\n\t<meta name=\"twitter:label2\" content=\"Est. reading time\" \/>\n\t<meta name=\"twitter:data2\" content=\"5 minutes\" \/>\n<script type=\"application\/ld+json\" class=\"yoast-schema-graph\">{\"@context\":\"https:\\\/\\\/schema.org\",\"@graph\":[{\"@type\":\"Article\",\"@id\":\"https:\\\/\\\/kaizen-blog.org\\\/die-rote-linie-von-belgrad-wie-serbiens-jugend-den-ausverkauf-an-kushner-stoppt\\\/#article\",\"isPartOf\":{\"@id\":\"https:\\\/\\\/kaizen-blog.org\\\/die-rote-linie-von-belgrad-wie-serbiens-jugend-den-ausverkauf-an-kushner-stoppt\\\/\"},\"author\":{\"name\":\"Rainer Hofmann\",\"@id\":\"https:\\\/\\\/kaizen-blog.org\\\/#\\\/schema\\\/person\\\/7d3fc7346e2501a389ea3daa48b99ad0\"},\"headline\":\"Die rote Linie von Belgrad \u2013 Wie Serbiens Jugend den Ausverkauf an Kushner stoppt\",\"datePublished\":\"2025-11-11T15:49:42+00:00\",\"dateModified\":\"2025-11-11T16:02:38+00:00\",\"mainEntityOfPage\":{\"@id\":\"https:\\\/\\\/kaizen-blog.org\\\/die-rote-linie-von-belgrad-wie-serbiens-jugend-den-ausverkauf-an-kushner-stoppt\\\/\"},\"wordCount\":781,\"commentCount\":4,\"image\":{\"@id\":\"https:\\\/\\\/kaizen-blog.org\\\/die-rote-linie-von-belgrad-wie-serbiens-jugend-den-ausverkauf-an-kushner-stoppt\\\/#primaryimage\"},\"thumbnailUrl\":\"https:\\\/\\\/i0.wp.com\\\/kaizen-blog.org\\\/wp-content\\\/uploads\\\/2025\\\/11\\\/kaizenlive-28.webp?fit=905%2C500&ssl=1\",\"articleSection\":[\"EU News\",\"Topstory\",\"Trumpland\"],\"inLanguage\":\"en-US\",\"potentialAction\":[{\"@type\":\"CommentAction\",\"name\":\"Comment\",\"target\":[\"https:\\\/\\\/kaizen-blog.org\\\/die-rote-linie-von-belgrad-wie-serbiens-jugend-den-ausverkauf-an-kushner-stoppt\\\/#respond\"]}]},{\"@type\":\"WebPage\",\"@id\":\"https:\\\/\\\/kaizen-blog.org\\\/die-rote-linie-von-belgrad-wie-serbiens-jugend-den-ausverkauf-an-kushner-stoppt\\\/\",\"url\":\"https:\\\/\\\/kaizen-blog.org\\\/die-rote-linie-von-belgrad-wie-serbiens-jugend-den-ausverkauf-an-kushner-stoppt\\\/\",\"name\":\"Die rote Linie von Belgrad \u2013 Wie Serbiens Jugend den Ausverkauf an Kushner stoppt - The Kaizen Blog\",\"isPartOf\":{\"@id\":\"https:\\\/\\\/kaizen-blog.org\\\/#website\"},\"primaryImageOfPage\":{\"@id\":\"https:\\\/\\\/kaizen-blog.org\\\/die-rote-linie-von-belgrad-wie-serbiens-jugend-den-ausverkauf-an-kushner-stoppt\\\/#primaryimage\"},\"image\":{\"@id\":\"https:\\\/\\\/kaizen-blog.org\\\/die-rote-linie-von-belgrad-wie-serbiens-jugend-den-ausverkauf-an-kushner-stoppt\\\/#primaryimage\"},\"thumbnailUrl\":\"https:\\\/\\\/i0.wp.com\\\/kaizen-blog.org\\\/wp-content\\\/uploads\\\/2025\\\/11\\\/kaizenlive-28.webp?fit=905%2C500&ssl=1\",\"datePublished\":\"2025-11-11T15:49:42+00:00\",\"dateModified\":\"2025-11-11T16:02:38+00:00\",\"author\":{\"@id\":\"https:\\\/\\\/kaizen-blog.org\\\/#\\\/schema\\\/person\\\/7d3fc7346e2501a389ea3daa48b99ad0\"},\"description\":\"Was f\u00fcr Vucic ein Prestigeprojekt ist, empfinden viele als nationale Dem\u00fctigung. \u201eDas ist keine Baustelle \u2013 das ist ein Grab\u201c, sagte eine Studentin in einem der Interviews, die in Belgrad an diesem Tag kursierten. \u201eWenn sie das zerst\u00f6ren, zerst\u00f6ren sie unsere Erinnerung.\u201c Um sie herum trugen Hunderte Plakate mit denselben Worten: \u201eWir sind die Mauer.\u201c Die Bewegung hat l\u00e4ngst eine politische Dimension erreicht. Seit einem Jahr ersch\u00fcttern w\u00f6chentliche Demonstrationen die Regierung, seit jenem Ungl\u00fcck in Novi Sad, als bei einem Bahnhofsneubau sechzehn Menschen starben, weil Betonpfeiler nachgaben. Es war der Moment, in dem Serbiens Jugend begriff, dass der Preis der Korruption in Leichen gemessen wird. Der Kampf um das Milit\u00e4rgel\u00e4nde ist die Fortsetzung derselben Revolte \u2013 gegen ein Regime, das Reichtum, Macht und Eitelkeit zu seiner Staatsreligion erhoben hat ...\",\"breadcrumb\":{\"@id\":\"https:\\\/\\\/kaizen-blog.org\\\/die-rote-linie-von-belgrad-wie-serbiens-jugend-den-ausverkauf-an-kushner-stoppt\\\/#breadcrumb\"},\"inLanguage\":\"en-US\",\"potentialAction\":[{\"@type\":\"ReadAction\",\"target\":[\"https:\\\/\\\/kaizen-blog.org\\\/die-rote-linie-von-belgrad-wie-serbiens-jugend-den-ausverkauf-an-kushner-stoppt\\\/\"]}]},{\"@type\":\"ImageObject\",\"inLanguage\":\"en-US\",\"@id\":\"https:\\\/\\\/kaizen-blog.org\\\/die-rote-linie-von-belgrad-wie-serbiens-jugend-den-ausverkauf-an-kushner-stoppt\\\/#primaryimage\",\"url\":\"https:\\\/\\\/i0.wp.com\\\/kaizen-blog.org\\\/wp-content\\\/uploads\\\/2025\\\/11\\\/kaizenlive-28.webp?fit=905%2C500&ssl=1\",\"contentUrl\":\"https:\\\/\\\/i0.wp.com\\\/kaizen-blog.org\\\/wp-content\\\/uploads\\\/2025\\\/11\\\/kaizenlive-28.webp?fit=905%2C500&ssl=1\",\"width\":905,\"height\":500},{\"@type\":\"BreadcrumbList\",\"@id\":\"https:\\\/\\\/kaizen-blog.org\\\/die-rote-linie-von-belgrad-wie-serbiens-jugend-den-ausverkauf-an-kushner-stoppt\\\/#breadcrumb\",\"itemListElement\":[{\"@type\":\"ListItem\",\"position\":1,\"name\":\"Startseite\",\"item\":\"https:\\\/\\\/kaizen-blog.org\\\/\"},{\"@type\":\"ListItem\",\"position\":2,\"name\":\"Die rote Linie von Belgrad \u2013 Wie Serbiens Jugend den Ausverkauf an Kushner stoppt\"}]},{\"@type\":\"WebSite\",\"@id\":\"https:\\\/\\\/kaizen-blog.org\\\/#website\",\"url\":\"https:\\\/\\\/kaizen-blog.org\\\/\",\"name\":\"The Kaizen Blog\",\"description\":\"Investigativer Journalismus\",\"potentialAction\":[{\"@type\":\"SearchAction\",\"target\":{\"@type\":\"EntryPoint\",\"urlTemplate\":\"https:\\\/\\\/kaizen-blog.org\\\/?s={search_term_string}\"},\"query-input\":{\"@type\":\"PropertyValueSpecification\",\"valueRequired\":true,\"valueName\":\"search_term_string\"}}],\"inLanguage\":\"en-US\"},{\"@type\":\"Person\",\"@id\":\"https:\\\/\\\/kaizen-blog.org\\\/#\\\/schema\\\/person\\\/7d3fc7346e2501a389ea3daa48b99ad0\",\"name\":\"Rainer Hofmann\",\"image\":{\"@type\":\"ImageObject\",\"inLanguage\":\"en-US\",\"@id\":\"\\\/\\\/www.gravatar.com\\\/avatar\\\/21e5b26d4f12b21206d8094d7aea4ab6?s=96&#038;r=g&#038;d=initials\",\"url\":\"\\\/\\\/www.gravatar.com\\\/avatar\\\/21e5b26d4f12b21206d8094d7aea4ab6?s=96&#038;r=g&#038;d=initials\",\"contentUrl\":\"\\\/\\\/www.gravatar.com\\\/avatar\\\/21e5b26d4f12b21206d8094d7aea4ab6?s=96&#038;r=g&#038;d=initials\",\"caption\":\"Rainer Hofmann\"},\"sameAs\":[\"https:\\\/\\\/kaizen-blog.org\"],\"url\":\"https:\\\/\\\/kaizen-blog.org\\\/en\\\/author\\\/admin\\\/\"}]}<\/script>\n<!-- \/ Yoast SEO plugin. -->","yoast_head_json":{"title":"Die rote Linie von Belgrad \u2013 Wie Serbiens Jugend den Ausverkauf an Kushner stoppt - The Kaizen Blog","description":"Was f\u00fcr Vucic ein Prestigeprojekt ist, empfinden viele als nationale Dem\u00fctigung. \u201eDas ist keine Baustelle \u2013 das ist ein Grab\u201c, sagte eine Studentin in einem der Interviews, die in Belgrad an diesem Tag kursierten. \u201eWenn sie das zerst\u00f6ren, zerst\u00f6ren sie unsere Erinnerung.\u201c Um sie herum trugen Hunderte Plakate mit denselben Worten: \u201eWir sind die Mauer.\u201c Die Bewegung hat l\u00e4ngst eine politische Dimension erreicht. Seit einem Jahr ersch\u00fcttern w\u00f6chentliche Demonstrationen die Regierung, seit jenem Ungl\u00fcck in Novi Sad, als bei einem Bahnhofsneubau sechzehn Menschen starben, weil Betonpfeiler nachgaben. Es war der Moment, in dem Serbiens Jugend begriff, dass der Preis der Korruption in Leichen gemessen wird. Der Kampf um das Milit\u00e4rgel\u00e4nde ist die Fortsetzung derselben Revolte \u2013 gegen ein Regime, das Reichtum, Macht und Eitelkeit zu seiner Staatsreligion erhoben hat ...","robots":{"index":"index","follow":"follow","max-snippet":"max-snippet:-1","max-image-preview":"max-image-preview:large","max-video-preview":"max-video-preview:-1"},"canonical":"https:\/\/kaizen-blog.org\/en\/die-rote-linie-von-belgrad-wie-serbiens-jugend-den-ausverkauf-an-kushner-stoppt\/","og_locale":"en_US","og_type":"article","og_title":"Die rote Linie von Belgrad \u2013 Wie Serbiens Jugend den Ausverkauf an Kushner stoppt","og_description":"Was f\u00fcr Vucic ein Prestigeprojekt ist, empfinden viele als nationale Dem\u00fctigung. \u201eDas ist keine Baustelle \u2013 das ist ein Grab\u201c, sagte eine Studentin in einem der Interviews, die in Belgrad an diesem Tag kursierten. \u201eWenn sie das zerst\u00f6ren, zerst\u00f6ren sie unsere Erinnerung.\u201c Um sie herum trugen Hunderte Plakate mit denselben Worten: \u201eWir sind die Mauer.\u201c Die Bewegung hat l\u00e4ngst eine politische Dimension erreicht. Seit einem Jahr ersch\u00fcttern w\u00f6chentliche Demonstrationen die Regierung, seit jenem Ungl\u00fcck in Novi Sad, als bei einem Bahnhofsneubau sechzehn Menschen starben, weil Betonpfeiler nachgaben. Es war der Moment, in dem Serbiens Jugend begriff, dass der Preis der Korruption in Leichen gemessen wird. Der Kampf um das Milit\u00e4rgel\u00e4nde ist die Fortsetzung derselben Revolte \u2013 gegen ein Regime, das Reichtum, Macht und Eitelkeit zu seiner Staatsreligion erhoben hat ...","og_url":"https:\/\/kaizen-blog.org\/en\/die-rote-linie-von-belgrad-wie-serbiens-jugend-den-ausverkauf-an-kushner-stoppt\/","og_site_name":"The Kaizen Blog","article_publisher":"https:\/\/www.facebook.com\/rainer.hofmann.2025\/","article_published_time":"2025-11-11T15:49:42+00:00","article_modified_time":"2025-11-11T16:02:38+00:00","og_image":[{"width":905,"height":500,"url":"https:\/\/kaizen-blog.org\/wp-content\/uploads\/2025\/11\/kaizenlive-28.webp","type":"image\/webp"}],"author":"Rainer Hofmann","twitter_card":"summary_large_image","twitter_misc":{"Written by":"Rainer Hofmann","Est. reading time":"5 minutes"},"schema":{"@context":"https:\/\/schema.org","@graph":[{"@type":"Article","@id":"https:\/\/kaizen-blog.org\/die-rote-linie-von-belgrad-wie-serbiens-jugend-den-ausverkauf-an-kushner-stoppt\/#article","isPartOf":{"@id":"https:\/\/kaizen-blog.org\/die-rote-linie-von-belgrad-wie-serbiens-jugend-den-ausverkauf-an-kushner-stoppt\/"},"author":{"name":"Rainer Hofmann","@id":"https:\/\/kaizen-blog.org\/#\/schema\/person\/7d3fc7346e2501a389ea3daa48b99ad0"},"headline":"Die rote Linie von Belgrad \u2013 Wie Serbiens Jugend den Ausverkauf an Kushner stoppt","datePublished":"2025-11-11T15:49:42+00:00","dateModified":"2025-11-11T16:02:38+00:00","mainEntityOfPage":{"@id":"https:\/\/kaizen-blog.org\/die-rote-linie-von-belgrad-wie-serbiens-jugend-den-ausverkauf-an-kushner-stoppt\/"},"wordCount":781,"commentCount":4,"image":{"@id":"https:\/\/kaizen-blog.org\/die-rote-linie-von-belgrad-wie-serbiens-jugend-den-ausverkauf-an-kushner-stoppt\/#primaryimage"},"thumbnailUrl":"https:\/\/i0.wp.com\/kaizen-blog.org\/wp-content\/uploads\/2025\/11\/kaizenlive-28.webp?fit=905%2C500&ssl=1","articleSection":["EU News","Topstory","Trumpland"],"inLanguage":"en-US","potentialAction":[{"@type":"CommentAction","name":"Comment","target":["https:\/\/kaizen-blog.org\/die-rote-linie-von-belgrad-wie-serbiens-jugend-den-ausverkauf-an-kushner-stoppt\/#respond"]}]},{"@type":"WebPage","@id":"https:\/\/kaizen-blog.org\/die-rote-linie-von-belgrad-wie-serbiens-jugend-den-ausverkauf-an-kushner-stoppt\/","url":"https:\/\/kaizen-blog.org\/die-rote-linie-von-belgrad-wie-serbiens-jugend-den-ausverkauf-an-kushner-stoppt\/","name":"Die rote Linie von Belgrad \u2013 Wie Serbiens Jugend den Ausverkauf an Kushner stoppt - The Kaizen Blog","isPartOf":{"@id":"https:\/\/kaizen-blog.org\/#website"},"primaryImageOfPage":{"@id":"https:\/\/kaizen-blog.org\/die-rote-linie-von-belgrad-wie-serbiens-jugend-den-ausverkauf-an-kushner-stoppt\/#primaryimage"},"image":{"@id":"https:\/\/kaizen-blog.org\/die-rote-linie-von-belgrad-wie-serbiens-jugend-den-ausverkauf-an-kushner-stoppt\/#primaryimage"},"thumbnailUrl":"https:\/\/i0.wp.com\/kaizen-blog.org\/wp-content\/uploads\/2025\/11\/kaizenlive-28.webp?fit=905%2C500&ssl=1","datePublished":"2025-11-11T15:49:42+00:00","dateModified":"2025-11-11T16:02:38+00:00","author":{"@id":"https:\/\/kaizen-blog.org\/#\/schema\/person\/7d3fc7346e2501a389ea3daa48b99ad0"},"description":"Was f\u00fcr Vucic ein Prestigeprojekt ist, empfinden viele als nationale Dem\u00fctigung. \u201eDas ist keine Baustelle \u2013 das ist ein Grab\u201c, sagte eine Studentin in einem der Interviews, die in Belgrad an diesem Tag kursierten. \u201eWenn sie das zerst\u00f6ren, zerst\u00f6ren sie unsere Erinnerung.\u201c Um sie herum trugen Hunderte Plakate mit denselben Worten: \u201eWir sind die Mauer.\u201c Die Bewegung hat l\u00e4ngst eine politische Dimension erreicht. Seit einem Jahr ersch\u00fcttern w\u00f6chentliche Demonstrationen die Regierung, seit jenem Ungl\u00fcck in Novi Sad, als bei einem Bahnhofsneubau sechzehn Menschen starben, weil Betonpfeiler nachgaben. Es war der Moment, in dem Serbiens Jugend begriff, dass der Preis der Korruption in Leichen gemessen wird. Der Kampf um das Milit\u00e4rgel\u00e4nde ist die Fortsetzung derselben Revolte \u2013 gegen ein Regime, das Reichtum, Macht und Eitelkeit zu seiner Staatsreligion erhoben hat ...","breadcrumb":{"@id":"https:\/\/kaizen-blog.org\/die-rote-linie-von-belgrad-wie-serbiens-jugend-den-ausverkauf-an-kushner-stoppt\/#breadcrumb"},"inLanguage":"en-US","potentialAction":[{"@type":"ReadAction","target":["https:\/\/kaizen-blog.org\/die-rote-linie-von-belgrad-wie-serbiens-jugend-den-ausverkauf-an-kushner-stoppt\/"]}]},{"@type":"ImageObject","inLanguage":"en-US","@id":"https:\/\/kaizen-blog.org\/die-rote-linie-von-belgrad-wie-serbiens-jugend-den-ausverkauf-an-kushner-stoppt\/#primaryimage","url":"https:\/\/i0.wp.com\/kaizen-blog.org\/wp-content\/uploads\/2025\/11\/kaizenlive-28.webp?fit=905%2C500&ssl=1","contentUrl":"https:\/\/i0.wp.com\/kaizen-blog.org\/wp-content\/uploads\/2025\/11\/kaizenlive-28.webp?fit=905%2C500&ssl=1","width":905,"height":500},{"@type":"BreadcrumbList","@id":"https:\/\/kaizen-blog.org\/die-rote-linie-von-belgrad-wie-serbiens-jugend-den-ausverkauf-an-kushner-stoppt\/#breadcrumb","itemListElement":[{"@type":"ListItem","position":1,"name":"Startseite","item":"https:\/\/kaizen-blog.org\/"},{"@type":"ListItem","position":2,"name":"Die rote Linie von Belgrad \u2013 Wie Serbiens Jugend den Ausverkauf an Kushner stoppt"}]},{"@type":"WebSite","@id":"https:\/\/kaizen-blog.org\/#website","url":"https:\/\/kaizen-blog.org\/","name":"The Kaizen Blog","description":"Investigative Journalism","potentialAction":[{"@type":"SearchAction","target":{"@type":"EntryPoint","urlTemplate":"https:\/\/kaizen-blog.org\/?s={search_term_string}"},"query-input":{"@type":"PropertyValueSpecification","valueRequired":true,"valueName":"search_term_string"}}],"inLanguage":"en-US"},{"@type":"Person","@id":"https:\/\/kaizen-blog.org\/#\/schema\/person\/7d3fc7346e2501a389ea3daa48b99ad0","name":"Rainer Hofmann","image":{"@type":"ImageObject","inLanguage":"en-US","@id":"\/\/www.gravatar.com\/avatar\/21e5b26d4f12b21206d8094d7aea4ab6?s=96&#038;r=g&#038;d=initials","url":"\/\/www.gravatar.com\/avatar\/21e5b26d4f12b21206d8094d7aea4ab6?s=96&#038;r=g&#038;d=initials","contentUrl":"\/\/www.gravatar.com\/avatar\/21e5b26d4f12b21206d8094d7aea4ab6?s=96&#038;r=g&#038;d=initials","caption":"Rainer Hofmann"},"sameAs":["https:\/\/kaizen-blog.org"],"url":"https:\/\/kaizen-blog.org\/en\/author\/admin\/"}]}},"jetpack_publicize_connections":[],"jetpack_featured_media_url":"https:\/\/i0.wp.com\/kaizen-blog.org\/wp-content\/uploads\/2025\/11\/kaizenlive-28.webp?fit=905%2C500&ssl=1","jetpack_sharing_enabled":true,"jetpack-related-posts":[{"id":7390,"url":"https:\/\/kaizen-blog.org\/en\/europa-sieht-hin-wie-serbiens-proteste-zur-menschenrechtsfrage-werden\/","url_meta":{"origin":19960,"position":0},"title":"Europe Is Watching - How Serbia\u2019s Protests Are Becoming a Human Rights Issue","author":"Rainer Hofmann","date":"July 4, 2025","format":false,"excerpt":"Belgrad \u2013 Auf den Stra\u00dfen der serbischen Hauptstadt w\u00e4chst der Widerstand, und mit ihm die Sorge Europas. Was als friedliche Demonstration gegen Korruption und Vetternwirtschaft begann, ist binnen weniger Tage zu einem Symbol politischer Erstarrung geworden \u2013 und zur menschenrechtlichen Bew\u00e4hrungsprobe f\u00fcr Pr\u00e4sident Aleksandar Vu\u010di\u0107. Der Europarat, Amnesty International und\u2026","rel":"","context":"In &quot;Human Rights&quot;","block_context":{"text":"Human Rights","link":"https:\/\/kaizen-blog.org\/en\/category\/investigativ\/human-rights\/"},"img":{"alt_text":"","src":"https:\/\/i0.wp.com\/kaizen-blog.org\/wp-content\/uploads\/2025\/07\/serbia.webp?fit=900%2C508&ssl=1&resize=350%2C200","width":350,"height":200,"srcset":"https:\/\/i0.wp.com\/kaizen-blog.org\/wp-content\/uploads\/2025\/07\/serbia.webp?fit=900%2C508&ssl=1&resize=350%2C200 1x, https:\/\/i0.wp.com\/kaizen-blog.org\/wp-content\/uploads\/2025\/07\/serbia.webp?fit=900%2C508&ssl=1&resize=525%2C300 1.5x, https:\/\/i0.wp.com\/kaizen-blog.org\/wp-content\/uploads\/2025\/07\/serbia.webp?fit=900%2C508&ssl=1&resize=700%2C400 2x"},"classes":[]},{"id":23761,"url":"https:\/\/kaizen-blog.org\/en\/sicherheitsgarantien-statt-nato-selenskyjs-angebot-trumps-druck-und-die-rote-linie-der-ukraine\/","url_meta":{"origin":19960,"position":1},"title":"Security Guarantees Instead of NATO - Zelenskyy\u2019s Offer, Trump\u2019s Pressure and Ukraine\u2019s Red Line","author":"Rainer Hofmann","date":"December 15, 2025","format":false,"excerpt":"Der ukrainische Pr\u00e4sident Wolodymyr Selenskyj hat am Sonntag in Berlin ein weitreichendes Angebot gemacht \u2013 und zugleich eine klare Grenze gezogen. Kiew sei bereit, den eigenen Beitrittsantrag zur NATO fallen zu lassen, wenn der Westen im Gegenzug verbindliche Sicherheitsgarantien gew\u00e4hre. Was f\u00fcr Selenskyj ein schmerzhafter Schritt ist, bezeichnet er selbst\u2026","rel":"","context":"In &quot;EU News&quot;","block_context":{"text":"EU News","link":"https:\/\/kaizen-blog.org\/en\/category\/eu-news\/"},"img":{"alt_text":"","src":"https:\/\/i0.wp.com\/kaizen-blog.org\/wp-content\/uploads\/2025\/12\/batch_kaizennewsday-2025-12-15T044006.492.webp?fit=905%2C500&ssl=1&resize=350%2C200","width":350,"height":200,"srcset":"https:\/\/i0.wp.com\/kaizen-blog.org\/wp-content\/uploads\/2025\/12\/batch_kaizennewsday-2025-12-15T044006.492.webp?fit=905%2C500&ssl=1&resize=350%2C200 1x, https:\/\/i0.wp.com\/kaizen-blog.org\/wp-content\/uploads\/2025\/12\/batch_kaizennewsday-2025-12-15T044006.492.webp?fit=905%2C500&ssl=1&resize=525%2C300 1.5x, https:\/\/i0.wp.com\/kaizen-blog.org\/wp-content\/uploads\/2025\/12\/batch_kaizennewsday-2025-12-15T044006.492.webp?fit=905%2C500&ssl=1&resize=700%2C400 2x"},"classes":[]},{"id":29428,"url":"https:\/\/kaizen-blog.org\/en\/genf-dritte-runde-warum-diese-friedensgespraeche-kaum-raum-fuer-illusionen-lassen\/","url_meta":{"origin":19960,"position":2},"title":"Geneva, Third Round - Why These Peace Talks Leave Little Room for Illusions","author":"Rainer Hofmann","date":"February 18, 2026","format":false,"excerpt":"In Genf sitzen wieder Delegationen an einem Tisch, und doch spricht fast alles daf\u00fcr, dass der Abstand zwischen den Positionen kaum kleiner geworden ist. Ukrainische und russische Vertreter haben am Dienstag eine neue Runde von Gespr\u00e4chen begonnen, vermittelt von den Vereinigten Staaten, angesetzt bis Mittwoch. Es ist bereits das dritte\u2026","rel":"","context":"In &quot;Inferno Ukraine&quot;","block_context":{"text":"Inferno Ukraine","link":"https:\/\/kaizen-blog.org\/en\/category\/inferno-ukraine\/"},"img":{"alt_text":"","src":"https:\/\/i0.wp.com\/kaizen-blog.org\/wp-content\/uploads\/2026\/02\/batch_kaizennewsday-2026-02-18T065116.487.webp?fit=905%2C500&ssl=1&resize=350%2C200","width":350,"height":200,"srcset":"https:\/\/i0.wp.com\/kaizen-blog.org\/wp-content\/uploads\/2026\/02\/batch_kaizennewsday-2026-02-18T065116.487.webp?fit=905%2C500&ssl=1&resize=350%2C200 1x, https:\/\/i0.wp.com\/kaizen-blog.org\/wp-content\/uploads\/2026\/02\/batch_kaizennewsday-2026-02-18T065116.487.webp?fit=905%2C500&ssl=1&resize=525%2C300 1.5x, https:\/\/i0.wp.com\/kaizen-blog.org\/wp-content\/uploads\/2026\/02\/batch_kaizennewsday-2026-02-18T065116.487.webp?fit=905%2C500&ssl=1&resize=700%2C400 2x"},"classes":[]},{"id":28557,"url":"https:\/\/kaizen-blog.org\/en\/kein-zurueck-mehr-wie-die-15-grad-grenze-faellt-und-das-klimasystem-kippt\/","url_meta":{"origin":19960,"position":3},"title":"No Turning Back - How the 1.5 Degree Limit Falls and the Climate System Tips","author":"Rainer Hofmann","date":"February 9, 2026","format":false,"excerpt":"Die 1,5-Grad-Marke war nie eine symbolische Zahl. Sie war eine rote Linie. Festgeschrieben 2015 in Paris, auf Dr\u00e4ngen jener Staaten, die schon damals wussten, dass sie zuerst zahlen w\u00fcrden \u2013 mit Land, mit Ernten, mit Menschenleben. Zehn Jahre sp\u00e4ter ist diese Linie faktisch \u00fcberschritten. Erstmals hat ein Drei-Jahres-Zeitraum bis einschlie\u00dflich\u2026","rel":"","context":"In &quot;NEWS&quot;","block_context":{"text":"NEWS","link":"https:\/\/kaizen-blog.org\/en\/category\/news\/"},"img":{"alt_text":"","src":"https:\/\/i0.wp.com\/kaizen-blog.org\/wp-content\/uploads\/2026\/02\/kaizennewsday-2026-02-09T061316.879.webp?fit=905%2C500&ssl=1&resize=350%2C200","width":350,"height":200,"srcset":"https:\/\/i0.wp.com\/kaizen-blog.org\/wp-content\/uploads\/2026\/02\/kaizennewsday-2026-02-09T061316.879.webp?fit=905%2C500&ssl=1&resize=350%2C200 1x, https:\/\/i0.wp.com\/kaizen-blog.org\/wp-content\/uploads\/2026\/02\/kaizennewsday-2026-02-09T061316.879.webp?fit=905%2C500&ssl=1&resize=525%2C300 1.5x, https:\/\/i0.wp.com\/kaizen-blog.org\/wp-content\/uploads\/2026\/02\/kaizennewsday-2026-02-09T061316.879.webp?fit=905%2C500&ssl=1&resize=700%2C400 2x"},"classes":[]},{"id":5692,"url":"https:\/\/kaizen-blog.org\/en\/die-rote-linie-ist-ueberschritten-trump-laesst-us-bomber-auf-irans-nuklearzentren-los\/","url_meta":{"origin":19960,"position":4},"title":"The red line has been crossed - Trump orders US bombers to strike Iran's nuclear centers","author":"Rainer Hofmann","date":"June 22, 2025","format":false,"excerpt":"Washington \/ Teheran \/ Tel Aviv \u2013 22. Juni 2025 - In einer Eskalation mit unabsehbaren Folgen hat US-Pr\u00e4sident Donald Trump best\u00e4tigt, dass amerikanische Streitkr\u00e4fte in der Nacht zum Samstag drei iranische Atomanlagen angegriffen haben \u2013 Fordow, Natanz und Isfahan. Die Angriffe markieren den ersten direkten milit\u00e4rischen Eingriff der Vereinigten\u2026","rel":"","context":"In &quot;Topstory&quot;","block_context":{"text":"Topstory","link":"https:\/\/kaizen-blog.org\/en\/category\/topstory\/"},"img":{"alt_text":"","src":"https:\/\/i0.wp.com\/kaizen-blog.org\/wp-content\/uploads\/2025\/06\/fordo.webp?fit=850%2C508&ssl=1&resize=350%2C200","width":350,"height":200,"srcset":"https:\/\/i0.wp.com\/kaizen-blog.org\/wp-content\/uploads\/2025\/06\/fordo.webp?fit=850%2C508&ssl=1&resize=350%2C200 1x, https:\/\/i0.wp.com\/kaizen-blog.org\/wp-content\/uploads\/2025\/06\/fordo.webp?fit=850%2C508&ssl=1&resize=525%2C300 1.5x, https:\/\/i0.wp.com\/kaizen-blog.org\/wp-content\/uploads\/2025\/06\/fordo.webp?fit=850%2C508&ssl=1&resize=700%2C400 2x"},"classes":[]},{"id":29959,"url":"https:\/\/kaizen-blog.org\/en\/24-februar-2026-kurznachrichten\/","url_meta":{"origin":19960,"position":5},"title":"February 24, 2026 \u2013 Short News","author":"TEAM KAIZEN BLOG","date":"February 24, 2026","format":false,"excerpt":"Festnahme in London \u2013 Ex-Botschafter Mandelson im Fokus wegen Epstein-Kontakten! Die britische Polizei hat den ehemaligen Botschafter des Vereinigten K\u00f6nigreichs in den USA, Peter Mandelson, im Rahmen einer Untersuchung wegen m\u00f6glichen Fehlverhaltens festgenommen. Im Zentrum stehen Vorw\u00fcrfe, er habe vor rund 15 Jahren sensible Regierungsinformationen an Jeffrey Epstein weitergegeben. Ermittler\u2026","rel":"","context":"In &quot;+++ Kaizen News Ticker +++&quot;","block_context":{"text":"+++ Kaizen News Ticker +++","link":"https:\/\/kaizen-blog.org\/en\/category\/ticker\/"},"img":{"alt_text":"","src":"https:\/\/i0.wp.com\/kaizen-blog.org\/wp-content\/uploads\/2026\/02\/kaizenlive-2026-02-24T020555.236.webp?fit=905%2C500&ssl=1&resize=350%2C200","width":350,"height":200,"srcset":"https:\/\/i0.wp.com\/kaizen-blog.org\/wp-content\/uploads\/2026\/02\/kaizenlive-2026-02-24T020555.236.webp?fit=905%2C500&ssl=1&resize=350%2C200 1x, https:\/\/i0.wp.com\/kaizen-blog.org\/wp-content\/uploads\/2026\/02\/kaizenlive-2026-02-24T020555.236.webp?fit=905%2C500&ssl=1&resize=525%2C300 1.5x, https:\/\/i0.wp.com\/kaizen-blog.org\/wp-content\/uploads\/2026\/02\/kaizenlive-2026-02-24T020555.236.webp?fit=905%2C500&ssl=1&resize=700%2C400 2x"},"classes":[]}],"_links":{"self":[{"href":"https:\/\/kaizen-blog.org\/en\/wp-json\/wp\/v2\/posts\/19960","targetHints":{"allow":["GET"]}}],"collection":[{"href":"https:\/\/kaizen-blog.org\/en\/wp-json\/wp\/v2\/posts"}],"about":[{"href":"https:\/\/kaizen-blog.org\/en\/wp-json\/wp\/v2\/types\/post"}],"author":[{"embeddable":true,"href":"https:\/\/kaizen-blog.org\/en\/wp-json\/wp\/v2\/users\/1"}],"replies":[{"embeddable":true,"href":"https:\/\/kaizen-blog.org\/en\/wp-json\/wp\/v2\/comments?post=19960"}],"version-history":[{"count":0,"href":"https:\/\/kaizen-blog.org\/en\/wp-json\/wp\/v2\/posts\/19960\/revisions"}],"wp:featuredmedia":[{"embeddable":true,"href":"https:\/\/kaizen-blog.org\/en\/wp-json\/wp\/v2\/media\/19966"}],"wp:attachment":[{"href":"https:\/\/kaizen-blog.org\/en\/wp-json\/wp\/v2\/media?parent=19960"}],"wp:term":[{"taxonomy":"category","embeddable":true,"href":"https:\/\/kaizen-blog.org\/en\/wp-json\/wp\/v2\/categories?post=19960"},{"taxonomy":"post_tag","embeddable":true,"href":"https:\/\/kaizen-blog.org\/en\/wp-json\/wp\/v2\/tags?post=19960"}],"curies":[{"name":"wp","href":"https:\/\/api.w.org\/{rel}","templated":true}]}}