{"id":18527,"date":"2025-10-25T07:34:40","date_gmt":"2025-10-25T05:34:40","guid":{"rendered":"https:\/\/kaizen-blog.org\/?p=18527"},"modified":"2025-10-25T07:34:43","modified_gmt":"2025-10-25T05:34:43","slug":"ein-land-ohne-kompass-die-usa-wollen-kilmar-abrego-garcia-nach-liberia-abschieben","status":"publish","type":"post","link":"https:\/\/kaizen-blog.org\/en\/ein-land-ohne-kompass-die-usa-wollen-kilmar-abrego-garcia-nach-liberia-abschieben\/","title":{"rendered":"A Country Without a Compass - The United States Plans to Deport Kilmar Abrego Garcia to Liberia"},"content":{"rendered":"<p>With every new court document, the Department of Homeland Security loses more and more moral footing. Yesterday afternoon brought the next document from a government that seeks to turn wrongdoing into righteousness. The U.S. government plans to deport Kilmar Abrego Garcia to Liberia - possibly as soon as October 31. One is left speechless. A country to which he has no connection, that he has never set foot in, and where no one awaits him. The attempt to remove him from the United States now appears as a political act of revenge - a cold, calculated demonstration of power by a government that seeks not justice, but retribution. Yet we all stand against it.<\/p>\n\n\n\n<p>Abrego Garcia, born in El Salvador, was mistakenly deported to his home country in March 2025 - a serious procedural error that the Supreme Court later deemed unlawful. In June, the court ordered his return, and the government was forced to bring him back. Since then, he has been under constant observation, a man between nations, a person without a country. Because he cannot be deported to El Salvador again, the immigration agency ICE has begun moving him across the globe like a commodity - first to Uganda, then Eswatini, then Ghana. All attempts failed. Now, Liberia.<\/p>\n\n\n\n<p>In its latest statement, the Department of Homeland Security claims that Liberia is \"a thriving democracy and one of the United States' closest partners on the African continent.\" It sounds like something taken from a PR manual, as if one could paint over moral decay with pretty words. In reality, Liberia continues to struggle with the consequences of decades of civil war, corruption, nepotism, a weak judiciary, and crumbling infrastructure. More than half the population lives below the poverty line, political loyalties are often ethnically or clientelistically driven rather than based on conviction. Freedom of the press exists in principle, but journalists work under precarious conditions and constant threat. The state apparatus is dependent on international donors - and reforms stall as soon as the world's attention fades. That a man who has never been to Africa is to be deported there shows how freely the moral compass needle of the Department of Homeland Security now swings.<\/p>\n\n\n\n<p>\"Costa Rica stands ready to accept him as a refugee - a legally permissible and humane option. Yet the government has chosen a course that inflicts maximum suffering,\" says his attorney Simon Sandoval-Moshenberg. \"These actions are punitive, cruel, and unconstitutional.\" Words that could hardly be clearer - and yet they fade in the hum of legal bureaucracy. Abrego Garcia has an American wife, a child, and a life in Maryland. As a teenager, he came to the United States without valid papers, worked, and built a life. In 2019, an immigration judge recognized his fear of violence in El Salvador as \"well-founded\" and granted protection. The family thought they could finally breathe again. But since his wrongful deportation and forced return, the man has become a projection surface - for a policy that confuses strength with cruelty.<\/p>\n\n\n\n<p>At the same time, he faces a case in Tennessee on charges of human smuggling, to which he has pleaded not guilty. His lawyers call it a \"vindictive\" prosecution - and indeed, the court has already indicated that it is considering dismissing the charges for lack of evidence. The court directed harsh criticism at the U.S. government. That is more than a legal signal - it is a recognition that this entire case has long since lost its legal foundation.<\/p>\n\n\n\n<p>We have been active in this case since March 2025 - and we will not relent. We have just finished an intensive brainstorming session, examining every possible option that could still be pursued, legally or from the family\u2019s side. We may even travel to Liberia as soon as tomorrow to meet with journalists there and to briefly document the so-called \"thriving\" situation in a verifiable way - a not entirely unprecarious undertaking in a country that may be governed democratically, but where investigative work remains risky. What remains is the question of how far a state may go to save face - and when a country that once promised refuge finally ceases to be one.<\/p>\n\n\n\n<div style=\"height:20px\" aria-hidden=\"true\" class=\"wp-block-spacer\"><\/div>\n\n\n\n<!-- Kaizen Blog \u2013 Support-Karte (Light\/Dark, responsive, mit Logo) -->\n<div class=\"kzb-support\" role=\"complementary\" aria-label=\"Support f\u00fcr den Kaizen Blog\">\n  <style>\n    .kzb-support{\n      --bg:#ffffff; \/* Hintergrund IMMER wei\u00df *\/\n      --fg:#0b0b12;\n      --muted:#57576a;\n      --border:rgba(17,17,26,.08);\n      --shadow:0 12px 36px rgba(0,0,0,.08);\n      --radius:18px;\n\n      \/* Neon T\u00fcrkis \u2192 Magenta *\/\n      --btn-start:#00e6ff;   \/* Neon-T\u00fcrkis *\/\n      --btn-end:#ff2ec4;     \/* Neon-Magenta *\/\n      --btn-text:#ffffff;\n      --btn-glow:0 10px 24px rgba(0,230,255,.35), 0 8px 20px rgba(255,46,196,.35);\n\n      max-width: 820px;\n      margin:18px auto;\n      padding:24px 22px;\n      background:var(--bg);\n      color:var(--fg);\n      border:1px solid var(--border);\n      border-radius:var(--radius);\n      box-shadow:var(--shadow);\n      font:400 16px\/1.6 -apple-system,BlinkMacSystemFont,\"Segoe UI\",Roboto,\"Helvetica Neue\",Arial,system-ui,\"Apple Color Emoji\",\"Segoe UI Emoji\";\n      position:relative;\n      overflow:clip;\n      isolation:isolate;\n    }\n\n    .kzb-row{display:flex; gap:18px; align-items:flex-start;}\n    .kzb-media{flex:0 0 auto; width:68px; height:68px; border-radius:16px; overflow:hidden; border:1px solid rgba(0,0,0,.06)}\n    .kzb-media img{width:100%; height:100%; object-fit:cover}\n\n    .kzb-col{flex:1 1 0}\n\n    .kzb-eyebrow{\n      font-weight:700; font-size:.88rem; letter-spacing:.12em; text-transform:uppercase;\n      color:var(--muted); margin:0 0 8px;\n    }\n    .kzb-title{\n      margin:0 0 10px; font-weight:800; letter-spacing:.2px;\n      font-size: clamp(1.25rem, 2.6vw, 1.6rem);\n    }\n    .kzb-lead{margin:0 0 12px}\n    .kzb-note{margin:6px 0 0; color:var(--muted); font-size:.94rem}\n\n    .kzb-actions{display:flex; flex-wrap:wrap; gap:12px; align-items:center; margin-top:14px}\n\n    .kzb-btn{\n      appearance:none; border:none; cursor:pointer;\n      display:inline-flex; align-items:center; gap:.6rem;\n      padding:12px 20px;\n      border-radius:9999px;\n      background:linear-gradient(90deg,var(--btn-start),var(--btn-end));\n      color:var(--btn-text);\n      font-weight:800; letter-spacing:.2px; font-size:.98rem; text-decoration:none;\n      box-shadow:var(--btn-glow);\n      transition:transform .06s ease, filter .18s ease, box-shadow .18s ease, color .06s ease;\n    }\n    .kzb-btn:hover{transform:translateY(-1px); filter:brightness(1.08)}\n    .kzb-btn:active{transform:translateY(0); color:#0b0b12}\n    .kzb-btn:focus-visible{outline:3px solid rgba(0,230,255,.55); outline-offset:3px}\n\n    .kzb-link{\n      display:inline-flex; align-items:center; gap:.45rem;\n      font-weight:700; text-decoration:none; color:var(--fg);\n      border-bottom:2px solid rgba(255,46,196,.35);\n      padding-bottom:2px; transition:color .15s ease, border-color .15s ease;\n    }\n    .kzb-link:hover{color:#ff2ec4; border-color:#ff2ec4}\n\n    @media (prefers-color-scheme: dark){\n      .kzb-support{\n        --bg:#ffffff; \/* auch im Darkmode bleibt Hintergrund WEISS *\/\n        --fg:#0b0b12;\n        --muted:#57576a;\n        --border:rgba(17,17,26,.08);\n        --shadow:0 12px 36px rgba(0,0,0,.08);\n      }\n      .kzb-media{border-color:rgba(0,0,0,.10)}\n      .kzb-link{border-color:rgba(255,46,196,.45)}\n    }\n\n    @media (max-width:640px){\n      .kzb-support{padding:20px 18px}\n      .kzb-row{flex-direction:column}\n      .kzb-media{width:60px; height:60px; border-radius:14px}\n    }\n  <\/style>\n\n  <div class=\"kzb-row\">\n    <div class=\"kzb-media\" aria-hidden=\"true\">\n      <img data-recalc-dims=\"1\" decoding=\"async\" src=\"https:\/\/i0.wp.com\/kaizen-blog.org\/wp-content\/uploads\/2025\/10\/kaizenBlog.webp?w=640&#038;ssl=1\"\n           alt=\"The Kaizen Blog Logo\">\n    <\/div>\n\n    <div class=\"kzb-col\">\n      <div class=\"kzb-eyebrow\">Support independent journalism<\/div>\n      <h3 class=\"kzb-title\">Investigative journalism requires courage, conviction \u2013 and your support.<\/h3>\n      <p class=\"kzb-lead\">Please also strengthen our journalistic fight against right-wing populism and human rights violations. We do not want to finance ourselves through a paywall so that everyone can read our research \u2013 regardless of income or origin. Thank you very much!<\/p>\n\n      <div class=\"kzb-actions\">\n        <a class=\"kzb-btn\"\n           href=\"https:\/\/kaizen-blog.org\/en\/unterstuetzen-sie-unser-arbeit\/\"\n           rel=\"noopener\"\n           aria-label=\"Support Kaizen \u2013 zur Supportseite\">\n          Support Kaizen\n          <svg width=\"18\" height=\"18\" viewbox=\"0 0 24 24\" aria-hidden=\"true\" focusable=\"false\">\n            <path fill=\"currentColor\" d=\"M13 5l7 7-7 7-1.4-1.4L16.2 13H4v-2h12.2l-4.6-4.6L13 5z\"\/>\n          <\/svg>\n        <\/a>\n        <span class=\"kzb-note\">More on our support page<\/span>\n      <\/div>\n    <\/div>\n  <\/div>\n<\/div>\n\n\n\n\n<div style=\"height:100px\" aria-hidden=\"true\" class=\"wp-block-spacer\"><\/div>\n<div class=\"gsp_post_data\" \r\n\t            data-post_type=\"post\" \r\n\t            data-cat=\"deportations-under-trump,topstory,trump-s-world\" \r\n\t            data-modified=\"120\"\r\n\t            data-created=\"1761377680\"\r\n\t            data-title=\"Ein Land ohne Kompass \u2013 Die USA wollen Kilmar Abrego Garcia nach Liberia abschieben\" \r\n\t            data-home=\"https:\/\/kaizen-blog.org\/en\/\"><\/div>","protected":false},"excerpt":{"rendered":"<p>Mit jedem neuen Gerichtsdokument verliert das Heimatschutzministerium mehr und mehr moralischer Bodenhaftung. Gestern erreichte am sp\u00e4ten Nachmittag das n\u00e4chste Dokument einer Regierung, die Unrecht zu Recht verwandeln m\u00f6chte. Die US-Regierung plant, Kilmar Abrego Garcia nach Liberia abzuschieben \u2013 m\u00f6glicherweise schon am 31. Oktober. Da ist man sprachlos. Ein Land, zu dem er keinerlei Beziehung hat, [&hellip;]<\/p>\n","protected":false},"author":1,"featured_media":18528,"comment_status":"open","ping_status":"open","sticky":false,"template":"","format":"standard","meta":{"_jetpack_memberships_contains_paid_content":false,"footnotes":"","jetpack_publicize_message":"","jetpack_publicize_feature_enabled":true,"jetpack_social_post_already_shared":true,"jetpack_social_options":{"image_generator_settings":{"template":"highway","default_image_id":0,"font":"","enabled":false},"version":2}},"categories":[38,7,41],"tags":[],"class_list":["post-18527","post","type-post","status-publish","format-standard","has-post-thumbnail","hentry","category-deportations-under-trump","category-topstory","category-trump-s-world"],"featured_image_src":"https:\/\/i0.wp.com\/kaizen-blog.org\/wp-content\/uploads\/2025\/10\/Kopie-von-Kopie-von-Kopie-von-The-Kaizen-Blog-Online-Magazin140.webp?fit=900%2C508&ssl=1","author_info":{"display_name":"Rainer Hofmann","author_link":"https:\/\/kaizen-blog.org\/en\/author\/admin\/"},"yoast_head":"<!-- This site is optimized with the Yoast SEO plugin v27.5 - https:\/\/yoast.com\/product\/yoast-seo-wordpress\/ -->\n<title>Ein Land ohne Kompass \u2013 Die USA wollen Kilmar Abrego Garcia nach Liberia abschieben - The Kaizen Blog<\/title>\n<meta name=\"description\" content=\"Mit jedem neuen Gerichtsdokument verliert das Heimatschutzministerium mehr und mehr moralischer Bodenhaftung. Gestern erreichte am sp\u00e4ten Nachmittag das n\u00e4chste Dokument einer Regierung, die Unrecht zu Recht verwandeln m\u00f6chte. Die US-Regierung plant, Kilmar Abrego Garcia nach Liberia abzuschieben \u2013 m\u00f6glicherweise schon am 31. Oktober. Da ist man sprachlos. Ein Land, zu dem er keinerlei Beziehung hat, das er nie betreten hat und in dem ihn niemand erwartet. Der Versuch, ihn aus den Vereinigten Staaten zu entfernen, wirkt inzwischen wie eine politische Racheaktion \u2013 eine kalt kalkulierte Machtdemonstration einer Regierung, die nicht Recht, sondern Vergeltung sucht. Doch wir alle halten dagegen ...\" \/>\n<meta name=\"robots\" content=\"index, follow, max-snippet:-1, max-image-preview:large, max-video-preview:-1\" \/>\n<link rel=\"canonical\" href=\"https:\/\/kaizen-blog.org\/en\/ein-land-ohne-kompass-die-usa-wollen-kilmar-abrego-garcia-nach-liberia-abschieben\/\" \/>\n<meta property=\"og:locale\" content=\"en_US\" \/>\n<meta property=\"og:type\" content=\"article\" \/>\n<meta property=\"og:title\" content=\"Ein Land ohne Kompass \u2013 Die USA wollen Kilmar Abrego Garcia nach Liberia abschieben\" \/>\n<meta property=\"og:description\" content=\"Mit jedem neuen Gerichtsdokument verliert das Heimatschutzministerium mehr und mehr moralischer Bodenhaftung. Gestern erreichte am sp\u00e4ten Nachmittag das n\u00e4chste Dokument einer Regierung, die Unrecht zu Recht verwandeln m\u00f6chte. Die US-Regierung plant, Kilmar Abrego Garcia nach Liberia abzuschieben \u2013 m\u00f6glicherweise schon am 31. Oktober. Da ist man sprachlos. Ein Land, zu dem er keinerlei Beziehung hat, das er nie betreten hat und in dem ihn niemand erwartet. Der Versuch, ihn aus den Vereinigten Staaten zu entfernen, wirkt inzwischen wie eine politische Racheaktion \u2013 eine kalt kalkulierte Machtdemonstration einer Regierung, die nicht Recht, sondern Vergeltung sucht. Doch wir alle halten dagegen ...\" \/>\n<meta property=\"og:url\" content=\"https:\/\/kaizen-blog.org\/en\/ein-land-ohne-kompass-die-usa-wollen-kilmar-abrego-garcia-nach-liberia-abschieben\/\" \/>\n<meta property=\"og:site_name\" content=\"The Kaizen Blog\" \/>\n<meta property=\"article:publisher\" content=\"https:\/\/www.facebook.com\/rainer.hofmann.2025\/\" \/>\n<meta property=\"article:published_time\" content=\"2025-10-25T05:34:40+00:00\" \/>\n<meta property=\"article:modified_time\" content=\"2025-10-25T05:34:43+00:00\" \/>\n<meta property=\"og:image\" content=\"https:\/\/kaizen-blog.org\/wp-content\/uploads\/2025\/10\/Kopie-von-Kopie-von-Kopie-von-The-Kaizen-Blog-Online-Magazin140.webp\" \/>\n\t<meta property=\"og:image:width\" content=\"900\" \/>\n\t<meta property=\"og:image:height\" content=\"508\" \/>\n\t<meta property=\"og:image:type\" content=\"image\/webp\" \/>\n<meta name=\"author\" content=\"Rainer Hofmann\" \/>\n<meta name=\"twitter:card\" content=\"summary_large_image\" \/>\n<meta name=\"twitter:label1\" content=\"Written by\" \/>\n\t<meta name=\"twitter:data1\" content=\"Rainer Hofmann\" \/>\n\t<meta name=\"twitter:label2\" content=\"Est. reading time\" \/>\n\t<meta name=\"twitter:data2\" content=\"4 minutes\" \/>\n<script type=\"application\/ld+json\" class=\"yoast-schema-graph\">{\"@context\":\"https:\\\/\\\/schema.org\",\"@graph\":[{\"@type\":\"Article\",\"@id\":\"https:\\\/\\\/kaizen-blog.org\\\/ein-land-ohne-kompass-die-usa-wollen-kilmar-abrego-garcia-nach-liberia-abschieben\\\/#article\",\"isPartOf\":{\"@id\":\"https:\\\/\\\/kaizen-blog.org\\\/ein-land-ohne-kompass-die-usa-wollen-kilmar-abrego-garcia-nach-liberia-abschieben\\\/\"},\"author\":{\"name\":\"Rainer Hofmann\",\"@id\":\"https:\\\/\\\/kaizen-blog.org\\\/#\\\/schema\\\/person\\\/7d3fc7346e2501a389ea3daa48b99ad0\"},\"headline\":\"Ein Land ohne Kompass \u2013 Die USA wollen Kilmar Abrego Garcia nach Liberia abschieben\",\"datePublished\":\"2025-10-25T05:34:40+00:00\",\"dateModified\":\"2025-10-25T05:34:43+00:00\",\"mainEntityOfPage\":{\"@id\":\"https:\\\/\\\/kaizen-blog.org\\\/ein-land-ohne-kompass-die-usa-wollen-kilmar-abrego-garcia-nach-liberia-abschieben\\\/\"},\"wordCount\":757,\"commentCount\":4,\"image\":{\"@id\":\"https:\\\/\\\/kaizen-blog.org\\\/ein-land-ohne-kompass-die-usa-wollen-kilmar-abrego-garcia-nach-liberia-abschieben\\\/#primaryimage\"},\"thumbnailUrl\":\"https:\\\/\\\/i0.wp.com\\\/kaizen-blog.org\\\/wp-content\\\/uploads\\\/2025\\\/10\\\/Kopie-von-Kopie-von-Kopie-von-The-Kaizen-Blog-Online-Magazin140.webp?fit=900%2C508&ssl=1\",\"articleSection\":[\"Deportations Under Trump\",\"Topstory\",\"Trumpland\"],\"inLanguage\":\"en-US\",\"potentialAction\":[{\"@type\":\"CommentAction\",\"name\":\"Comment\",\"target\":[\"https:\\\/\\\/kaizen-blog.org\\\/ein-land-ohne-kompass-die-usa-wollen-kilmar-abrego-garcia-nach-liberia-abschieben\\\/#respond\"]}]},{\"@type\":\"WebPage\",\"@id\":\"https:\\\/\\\/kaizen-blog.org\\\/ein-land-ohne-kompass-die-usa-wollen-kilmar-abrego-garcia-nach-liberia-abschieben\\\/\",\"url\":\"https:\\\/\\\/kaizen-blog.org\\\/ein-land-ohne-kompass-die-usa-wollen-kilmar-abrego-garcia-nach-liberia-abschieben\\\/\",\"name\":\"Ein Land ohne Kompass \u2013 Die USA wollen Kilmar Abrego Garcia nach Liberia abschieben - The Kaizen Blog\",\"isPartOf\":{\"@id\":\"https:\\\/\\\/kaizen-blog.org\\\/#website\"},\"primaryImageOfPage\":{\"@id\":\"https:\\\/\\\/kaizen-blog.org\\\/ein-land-ohne-kompass-die-usa-wollen-kilmar-abrego-garcia-nach-liberia-abschieben\\\/#primaryimage\"},\"image\":{\"@id\":\"https:\\\/\\\/kaizen-blog.org\\\/ein-land-ohne-kompass-die-usa-wollen-kilmar-abrego-garcia-nach-liberia-abschieben\\\/#primaryimage\"},\"thumbnailUrl\":\"https:\\\/\\\/i0.wp.com\\\/kaizen-blog.org\\\/wp-content\\\/uploads\\\/2025\\\/10\\\/Kopie-von-Kopie-von-Kopie-von-The-Kaizen-Blog-Online-Magazin140.webp?fit=900%2C508&ssl=1\",\"datePublished\":\"2025-10-25T05:34:40+00:00\",\"dateModified\":\"2025-10-25T05:34:43+00:00\",\"author\":{\"@id\":\"https:\\\/\\\/kaizen-blog.org\\\/#\\\/schema\\\/person\\\/7d3fc7346e2501a389ea3daa48b99ad0\"},\"description\":\"Mit jedem neuen Gerichtsdokument verliert das Heimatschutzministerium mehr und mehr moralischer Bodenhaftung. Gestern erreichte am sp\u00e4ten Nachmittag das n\u00e4chste Dokument einer Regierung, die Unrecht zu Recht verwandeln m\u00f6chte. Die US-Regierung plant, Kilmar Abrego Garcia nach Liberia abzuschieben \u2013 m\u00f6glicherweise schon am 31. Oktober. Da ist man sprachlos. Ein Land, zu dem er keinerlei Beziehung hat, das er nie betreten hat und in dem ihn niemand erwartet. Der Versuch, ihn aus den Vereinigten Staaten zu entfernen, wirkt inzwischen wie eine politische Racheaktion \u2013 eine kalt kalkulierte Machtdemonstration einer Regierung, die nicht Recht, sondern Vergeltung sucht. Doch wir alle halten dagegen ...\",\"breadcrumb\":{\"@id\":\"https:\\\/\\\/kaizen-blog.org\\\/ein-land-ohne-kompass-die-usa-wollen-kilmar-abrego-garcia-nach-liberia-abschieben\\\/#breadcrumb\"},\"inLanguage\":\"en-US\",\"potentialAction\":[{\"@type\":\"ReadAction\",\"target\":[\"https:\\\/\\\/kaizen-blog.org\\\/ein-land-ohne-kompass-die-usa-wollen-kilmar-abrego-garcia-nach-liberia-abschieben\\\/\"]}]},{\"@type\":\"ImageObject\",\"inLanguage\":\"en-US\",\"@id\":\"https:\\\/\\\/kaizen-blog.org\\\/ein-land-ohne-kompass-die-usa-wollen-kilmar-abrego-garcia-nach-liberia-abschieben\\\/#primaryimage\",\"url\":\"https:\\\/\\\/i0.wp.com\\\/kaizen-blog.org\\\/wp-content\\\/uploads\\\/2025\\\/10\\\/Kopie-von-Kopie-von-Kopie-von-The-Kaizen-Blog-Online-Magazin140.webp?fit=900%2C508&ssl=1\",\"contentUrl\":\"https:\\\/\\\/i0.wp.com\\\/kaizen-blog.org\\\/wp-content\\\/uploads\\\/2025\\\/10\\\/Kopie-von-Kopie-von-Kopie-von-The-Kaizen-Blog-Online-Magazin140.webp?fit=900%2C508&ssl=1\",\"width\":900,\"height\":508},{\"@type\":\"BreadcrumbList\",\"@id\":\"https:\\\/\\\/kaizen-blog.org\\\/ein-land-ohne-kompass-die-usa-wollen-kilmar-abrego-garcia-nach-liberia-abschieben\\\/#breadcrumb\",\"itemListElement\":[{\"@type\":\"ListItem\",\"position\":1,\"name\":\"Startseite\",\"item\":\"https:\\\/\\\/kaizen-blog.org\\\/\"},{\"@type\":\"ListItem\",\"position\":2,\"name\":\"Ein Land ohne Kompass \u2013 Die USA wollen Kilmar Abrego Garcia nach Liberia abschieben\"}]},{\"@type\":\"WebSite\",\"@id\":\"https:\\\/\\\/kaizen-blog.org\\\/#website\",\"url\":\"https:\\\/\\\/kaizen-blog.org\\\/\",\"name\":\"The Kaizen Blog\",\"description\":\"Investigativer Journalismus\",\"potentialAction\":[{\"@type\":\"SearchAction\",\"target\":{\"@type\":\"EntryPoint\",\"urlTemplate\":\"https:\\\/\\\/kaizen-blog.org\\\/?s={search_term_string}\"},\"query-input\":{\"@type\":\"PropertyValueSpecification\",\"valueRequired\":true,\"valueName\":\"search_term_string\"}}],\"inLanguage\":\"en-US\"},{\"@type\":\"Person\",\"@id\":\"https:\\\/\\\/kaizen-blog.org\\\/#\\\/schema\\\/person\\\/7d3fc7346e2501a389ea3daa48b99ad0\",\"name\":\"Rainer Hofmann\",\"image\":{\"@type\":\"ImageObject\",\"inLanguage\":\"en-US\",\"@id\":\"\\\/\\\/www.gravatar.com\\\/avatar\\\/21e5b26d4f12b21206d8094d7aea4ab6?s=96&#038;r=g&#038;d=initials\",\"url\":\"\\\/\\\/www.gravatar.com\\\/avatar\\\/21e5b26d4f12b21206d8094d7aea4ab6?s=96&#038;r=g&#038;d=initials\",\"contentUrl\":\"\\\/\\\/www.gravatar.com\\\/avatar\\\/21e5b26d4f12b21206d8094d7aea4ab6?s=96&#038;r=g&#038;d=initials\",\"caption\":\"Rainer Hofmann\"},\"sameAs\":[\"https:\\\/\\\/kaizen-blog.org\"],\"url\":\"https:\\\/\\\/kaizen-blog.org\\\/en\\\/author\\\/admin\\\/\"}]}<\/script>\n<!-- \/ Yoast SEO plugin. -->","yoast_head_json":{"title":"Ein Land ohne Kompass \u2013 Die USA wollen Kilmar Abrego Garcia nach Liberia abschieben - The Kaizen Blog","description":"Mit jedem neuen Gerichtsdokument verliert das Heimatschutzministerium mehr und mehr moralischer Bodenhaftung. Gestern erreichte am sp\u00e4ten Nachmittag das n\u00e4chste Dokument einer Regierung, die Unrecht zu Recht verwandeln m\u00f6chte. Die US-Regierung plant, Kilmar Abrego Garcia nach Liberia abzuschieben \u2013 m\u00f6glicherweise schon am 31. Oktober. Da ist man sprachlos. Ein Land, zu dem er keinerlei Beziehung hat, das er nie betreten hat und in dem ihn niemand erwartet. Der Versuch, ihn aus den Vereinigten Staaten zu entfernen, wirkt inzwischen wie eine politische Racheaktion \u2013 eine kalt kalkulierte Machtdemonstration einer Regierung, die nicht Recht, sondern Vergeltung sucht. Doch wir alle halten dagegen ...","robots":{"index":"index","follow":"follow","max-snippet":"max-snippet:-1","max-image-preview":"max-image-preview:large","max-video-preview":"max-video-preview:-1"},"canonical":"https:\/\/kaizen-blog.org\/en\/ein-land-ohne-kompass-die-usa-wollen-kilmar-abrego-garcia-nach-liberia-abschieben\/","og_locale":"en_US","og_type":"article","og_title":"Ein Land ohne Kompass \u2013 Die USA wollen Kilmar Abrego Garcia nach Liberia abschieben","og_description":"Mit jedem neuen Gerichtsdokument verliert das Heimatschutzministerium mehr und mehr moralischer Bodenhaftung. Gestern erreichte am sp\u00e4ten Nachmittag das n\u00e4chste Dokument einer Regierung, die Unrecht zu Recht verwandeln m\u00f6chte. Die US-Regierung plant, Kilmar Abrego Garcia nach Liberia abzuschieben \u2013 m\u00f6glicherweise schon am 31. Oktober. Da ist man sprachlos. Ein Land, zu dem er keinerlei Beziehung hat, das er nie betreten hat und in dem ihn niemand erwartet. Der Versuch, ihn aus den Vereinigten Staaten zu entfernen, wirkt inzwischen wie eine politische Racheaktion \u2013 eine kalt kalkulierte Machtdemonstration einer Regierung, die nicht Recht, sondern Vergeltung sucht. Doch wir alle halten dagegen ...","og_url":"https:\/\/kaizen-blog.org\/en\/ein-land-ohne-kompass-die-usa-wollen-kilmar-abrego-garcia-nach-liberia-abschieben\/","og_site_name":"The Kaizen Blog","article_publisher":"https:\/\/www.facebook.com\/rainer.hofmann.2025\/","article_published_time":"2025-10-25T05:34:40+00:00","article_modified_time":"2025-10-25T05:34:43+00:00","og_image":[{"width":900,"height":508,"url":"https:\/\/kaizen-blog.org\/wp-content\/uploads\/2025\/10\/Kopie-von-Kopie-von-Kopie-von-The-Kaizen-Blog-Online-Magazin140.webp","type":"image\/webp"}],"author":"Rainer Hofmann","twitter_card":"summary_large_image","twitter_misc":{"Written by":"Rainer Hofmann","Est. reading time":"4 minutes"},"schema":{"@context":"https:\/\/schema.org","@graph":[{"@type":"Article","@id":"https:\/\/kaizen-blog.org\/ein-land-ohne-kompass-die-usa-wollen-kilmar-abrego-garcia-nach-liberia-abschieben\/#article","isPartOf":{"@id":"https:\/\/kaizen-blog.org\/ein-land-ohne-kompass-die-usa-wollen-kilmar-abrego-garcia-nach-liberia-abschieben\/"},"author":{"name":"Rainer Hofmann","@id":"https:\/\/kaizen-blog.org\/#\/schema\/person\/7d3fc7346e2501a389ea3daa48b99ad0"},"headline":"Ein Land ohne Kompass \u2013 Die USA wollen Kilmar Abrego Garcia nach Liberia abschieben","datePublished":"2025-10-25T05:34:40+00:00","dateModified":"2025-10-25T05:34:43+00:00","mainEntityOfPage":{"@id":"https:\/\/kaizen-blog.org\/ein-land-ohne-kompass-die-usa-wollen-kilmar-abrego-garcia-nach-liberia-abschieben\/"},"wordCount":757,"commentCount":4,"image":{"@id":"https:\/\/kaizen-blog.org\/ein-land-ohne-kompass-die-usa-wollen-kilmar-abrego-garcia-nach-liberia-abschieben\/#primaryimage"},"thumbnailUrl":"https:\/\/i0.wp.com\/kaizen-blog.org\/wp-content\/uploads\/2025\/10\/Kopie-von-Kopie-von-Kopie-von-The-Kaizen-Blog-Online-Magazin140.webp?fit=900%2C508&ssl=1","articleSection":["Deportations Under Trump","Topstory","Trumpland"],"inLanguage":"en-US","potentialAction":[{"@type":"CommentAction","name":"Comment","target":["https:\/\/kaizen-blog.org\/ein-land-ohne-kompass-die-usa-wollen-kilmar-abrego-garcia-nach-liberia-abschieben\/#respond"]}]},{"@type":"WebPage","@id":"https:\/\/kaizen-blog.org\/ein-land-ohne-kompass-die-usa-wollen-kilmar-abrego-garcia-nach-liberia-abschieben\/","url":"https:\/\/kaizen-blog.org\/ein-land-ohne-kompass-die-usa-wollen-kilmar-abrego-garcia-nach-liberia-abschieben\/","name":"Ein Land ohne Kompass \u2013 Die USA wollen Kilmar Abrego Garcia nach Liberia abschieben - The Kaizen Blog","isPartOf":{"@id":"https:\/\/kaizen-blog.org\/#website"},"primaryImageOfPage":{"@id":"https:\/\/kaizen-blog.org\/ein-land-ohne-kompass-die-usa-wollen-kilmar-abrego-garcia-nach-liberia-abschieben\/#primaryimage"},"image":{"@id":"https:\/\/kaizen-blog.org\/ein-land-ohne-kompass-die-usa-wollen-kilmar-abrego-garcia-nach-liberia-abschieben\/#primaryimage"},"thumbnailUrl":"https:\/\/i0.wp.com\/kaizen-blog.org\/wp-content\/uploads\/2025\/10\/Kopie-von-Kopie-von-Kopie-von-The-Kaizen-Blog-Online-Magazin140.webp?fit=900%2C508&ssl=1","datePublished":"2025-10-25T05:34:40+00:00","dateModified":"2025-10-25T05:34:43+00:00","author":{"@id":"https:\/\/kaizen-blog.org\/#\/schema\/person\/7d3fc7346e2501a389ea3daa48b99ad0"},"description":"Mit jedem neuen Gerichtsdokument verliert das Heimatschutzministerium mehr und mehr moralischer Bodenhaftung. Gestern erreichte am sp\u00e4ten Nachmittag das n\u00e4chste Dokument einer Regierung, die Unrecht zu Recht verwandeln m\u00f6chte. Die US-Regierung plant, Kilmar Abrego Garcia nach Liberia abzuschieben \u2013 m\u00f6glicherweise schon am 31. Oktober. Da ist man sprachlos. Ein Land, zu dem er keinerlei Beziehung hat, das er nie betreten hat und in dem ihn niemand erwartet. Der Versuch, ihn aus den Vereinigten Staaten zu entfernen, wirkt inzwischen wie eine politische Racheaktion \u2013 eine kalt kalkulierte Machtdemonstration einer Regierung, die nicht Recht, sondern Vergeltung sucht. Doch wir alle halten dagegen ...","breadcrumb":{"@id":"https:\/\/kaizen-blog.org\/ein-land-ohne-kompass-die-usa-wollen-kilmar-abrego-garcia-nach-liberia-abschieben\/#breadcrumb"},"inLanguage":"en-US","potentialAction":[{"@type":"ReadAction","target":["https:\/\/kaizen-blog.org\/ein-land-ohne-kompass-die-usa-wollen-kilmar-abrego-garcia-nach-liberia-abschieben\/"]}]},{"@type":"ImageObject","inLanguage":"en-US","@id":"https:\/\/kaizen-blog.org\/ein-land-ohne-kompass-die-usa-wollen-kilmar-abrego-garcia-nach-liberia-abschieben\/#primaryimage","url":"https:\/\/i0.wp.com\/kaizen-blog.org\/wp-content\/uploads\/2025\/10\/Kopie-von-Kopie-von-Kopie-von-The-Kaizen-Blog-Online-Magazin140.webp?fit=900%2C508&ssl=1","contentUrl":"https:\/\/i0.wp.com\/kaizen-blog.org\/wp-content\/uploads\/2025\/10\/Kopie-von-Kopie-von-Kopie-von-The-Kaizen-Blog-Online-Magazin140.webp?fit=900%2C508&ssl=1","width":900,"height":508},{"@type":"BreadcrumbList","@id":"https:\/\/kaizen-blog.org\/ein-land-ohne-kompass-die-usa-wollen-kilmar-abrego-garcia-nach-liberia-abschieben\/#breadcrumb","itemListElement":[{"@type":"ListItem","position":1,"name":"Startseite","item":"https:\/\/kaizen-blog.org\/"},{"@type":"ListItem","position":2,"name":"Ein Land ohne Kompass \u2013 Die USA wollen Kilmar Abrego Garcia nach Liberia abschieben"}]},{"@type":"WebSite","@id":"https:\/\/kaizen-blog.org\/#website","url":"https:\/\/kaizen-blog.org\/","name":"The Kaizen Blog","description":"Investigative Journalism","potentialAction":[{"@type":"SearchAction","target":{"@type":"EntryPoint","urlTemplate":"https:\/\/kaizen-blog.org\/?s={search_term_string}"},"query-input":{"@type":"PropertyValueSpecification","valueRequired":true,"valueName":"search_term_string"}}],"inLanguage":"en-US"},{"@type":"Person","@id":"https:\/\/kaizen-blog.org\/#\/schema\/person\/7d3fc7346e2501a389ea3daa48b99ad0","name":"Rainer Hofmann","image":{"@type":"ImageObject","inLanguage":"en-US","@id":"\/\/www.gravatar.com\/avatar\/21e5b26d4f12b21206d8094d7aea4ab6?s=96&#038;r=g&#038;d=initials","url":"\/\/www.gravatar.com\/avatar\/21e5b26d4f12b21206d8094d7aea4ab6?s=96&#038;r=g&#038;d=initials","contentUrl":"\/\/www.gravatar.com\/avatar\/21e5b26d4f12b21206d8094d7aea4ab6?s=96&#038;r=g&#038;d=initials","caption":"Rainer Hofmann"},"sameAs":["https:\/\/kaizen-blog.org"],"url":"https:\/\/kaizen-blog.org\/en\/author\/admin\/"}]}},"jetpack_publicize_connections":[],"jetpack_featured_media_url":"https:\/\/i0.wp.com\/kaizen-blog.org\/wp-content\/uploads\/2025\/10\/Kopie-von-Kopie-von-Kopie-von-The-Kaizen-Blog-Online-Magazin140.webp?fit=900%2C508&ssl=1","jetpack_sharing_enabled":true,"jetpack-related-posts":[{"id":29416,"url":"https:\/\/kaizen-blog.org\/en\/der-naechste-sieg-richterin-stoppt-erneute-inhaftierung-regierung-scheitert-mit-abschiebeplan-gegen-kilmar-abrego-garcia\/","url_meta":{"origin":18527,"position":0},"title":"The Next Victory: Judge Stops Renewed Detention - Government Fails With Deportation Plan Against Kilmar Abrego Garcia","author":"Rainer Hofmann","date":"February 18, 2026","format":false,"excerpt":"Bundesrichterin Paula Xinis vom U.S. District Court for the District of Maryland hat der Einwanderungsbeh\u00f6rde untersagt, Kilmar Abrego Garcia erneut festzusetzen. Die gesetzliche 90-Tage-Frist f\u00fcr Abschiebehaft sei abgelaufen, zudem existiere kein realisierbarer Plan f\u00fcr seine Entfernung aus den Vereinigten Staaten, entschied Richterin Paula Xinis am Dienstag. Abrego Garcia, Staatsangeh\u00f6riger aus\u2026","rel":"","context":"In &quot;Deportations Under Trump&quot;","block_context":{"text":"Deportations Under Trump","link":"https:\/\/kaizen-blog.org\/en\/category\/deportations-under-trump\/"},"img":{"alt_text":"","src":"https:\/\/i0.wp.com\/kaizen-blog.org\/wp-content\/uploads\/2026\/02\/batch_kaizennewsday-2025-12-11T192342.662.webp?fit=905%2C500&ssl=1&resize=350%2C200","width":350,"height":200,"srcset":"https:\/\/i0.wp.com\/kaizen-blog.org\/wp-content\/uploads\/2026\/02\/batch_kaizennewsday-2025-12-11T192342.662.webp?fit=905%2C500&ssl=1&resize=350%2C200 1x, https:\/\/i0.wp.com\/kaizen-blog.org\/wp-content\/uploads\/2026\/02\/batch_kaizennewsday-2025-12-11T192342.662.webp?fit=905%2C500&ssl=1&resize=525%2C300 1.5x, https:\/\/i0.wp.com\/kaizen-blog.org\/wp-content\/uploads\/2026\/02\/batch_kaizennewsday-2025-12-11T192342.662.webp?fit=905%2C500&ssl=1&resize=700%2C400 2x"},"classes":[]},{"id":6820,"url":"https:\/\/kaizen-blog.org\/en\/ein-zeuge-viele-widersprueche-wie-trumps-regierung-im-fall-kilmar-abrego-garcia-die-glaubwuerdigkeit-verspielt\/","url_meta":{"origin":18527,"position":1},"title":"One Witness, Many Contradictions - How the Trump Administration Squandered Credibility in the Case of Kilmar Abrego Garcia","author":"Rainer Hofmann","date":"June 30, 2025","format":false,"excerpt":"Washington \/ Nashville \u2013 Es ist ein Fall, der l\u00e4ngst \u00fcber juristische Fragen hinausweist \u2013 ein Symbol geworden ist f\u00fcr den Umgang einer Regierung mit Recht, Wahrheit und Menschenleben. Der Bauarbeiter Kilmar Abrego Garcia, der nach seiner irrt\u00fcmlichen Abschiebung nach El Salvador und einem spektakul\u00e4ren R\u00fccktransport auf US-Boden wieder vor\u2026","rel":"","context":"In &quot;Deportations Under Trump&quot;","block_context":{"text":"Deportations Under Trump","link":"https:\/\/kaizen-blog.org\/en\/category\/deportations-under-trump\/"},"img":{"alt_text":"","src":"https:\/\/i0.wp.com\/kaizen-blog.org\/wp-content\/uploads\/2025\/06\/garciakilmar.webp?fit=850%2C508&ssl=1&resize=350%2C200","width":350,"height":200,"srcset":"https:\/\/i0.wp.com\/kaizen-blog.org\/wp-content\/uploads\/2025\/06\/garciakilmar.webp?fit=850%2C508&ssl=1&resize=350%2C200 1x, https:\/\/i0.wp.com\/kaizen-blog.org\/wp-content\/uploads\/2025\/06\/garciakilmar.webp?fit=850%2C508&ssl=1&resize=525%2C300 1.5x, https:\/\/i0.wp.com\/kaizen-blog.org\/wp-content\/uploads\/2025\/06\/garciakilmar.webp?fit=850%2C508&ssl=1&resize=700%2C400 2x"},"classes":[]},{"id":19975,"url":"https:\/\/kaizen-blog.org\/en\/abgeschoben-zurueckgeholt-bestraft-der-fall-kilmar-abrego-garcia-und-der-moralische-bankrott-des-amerikanischen-rechtsstaats\/","url_meta":{"origin":18527,"position":2},"title":"Deported, Returned, Punished \u2013 The Case of Kilmar Abrego Garcia and the Moral Bankruptcy of the American Rule of Law","author":"Rainer Hofmann","date":"November 11, 2025","format":false,"excerpt":"Greenbelt, Maryland \u2013 Es ist ein Fall, der wie ein Riss durch das Fundament der amerikanischen Justiz verl\u00e4uft. Kilmar Abrego Garcia, Ehemann, Vater, Arbeiter \u2013 und Symbol eines Systems, das seine eigenen Fehler nicht zugeben will. Vor Monaten wurde er f\u00e4lschlich nach El Salvador abgeschoben, jenes Land, aus dem er\u2026","rel":"","context":"In &quot;Deportations Under Trump&quot;","block_context":{"text":"Deportations Under Trump","link":"https:\/\/kaizen-blog.org\/en\/category\/deportations-under-trump\/"},"img":{"alt_text":"","src":"https:\/\/i0.wp.com\/kaizen-blog.org\/wp-content\/uploads\/2025\/11\/kaizenkil78.webp?fit=900%2C508&ssl=1&resize=350%2C200","width":350,"height":200,"srcset":"https:\/\/i0.wp.com\/kaizen-blog.org\/wp-content\/uploads\/2025\/11\/kaizenkil78.webp?fit=900%2C508&ssl=1&resize=350%2C200 1x, https:\/\/i0.wp.com\/kaizen-blog.org\/wp-content\/uploads\/2025\/11\/kaizenkil78.webp?fit=900%2C508&ssl=1&resize=525%2C300 1.5x, https:\/\/i0.wp.com\/kaizen-blog.org\/wp-content\/uploads\/2025\/11\/kaizenkil78.webp?fit=900%2C508&ssl=1&resize=700%2C400 2x"},"classes":[]},{"id":4420,"url":"https:\/\/kaizen-blog.org\/en\/das-hoechste-gericht-gegen-die-regierung-kilmar-abrego-garcia-muss-zurueckgeholt-werden\/","url_meta":{"origin":18527,"position":3},"title":"The Highest Court Against the Government \u2013 Kilmar Abrego Garcia Must Be Brought Back","author":"Rainer Hofmann","date":"April 11, 2025","format":false,"excerpt":"Es war ein Tag voller Risse, ein Tag, an dem sich der Schleier der Macht hob und darunter das nackte Versagen einer Regierung sichtbar wurde. Die Vereinigten Staaten, ein Land der Gesetze, hatten einen Mann abgeschoben, den sie nicht h\u00e4tten abschieben d\u00fcrfen. Kilmar Abrego Garcia, ein Salvadorianer mit Wohnsitz in\u2026","rel":"","context":"In &quot;Deportations Under Trump&quot;","block_context":{"text":"Deportations Under Trump","link":"https:\/\/kaizen-blog.org\/en\/category\/deportations-under-trump\/"},"img":{"alt_text":"","src":"https:\/\/i0.wp.com\/kaizen-blog.org\/wp-content\/uploads\/2025\/06\/kilmar-garcia-2.webp?fit=850%2C508&ssl=1&resize=350%2C200","width":350,"height":200,"srcset":"https:\/\/i0.wp.com\/kaizen-blog.org\/wp-content\/uploads\/2025\/06\/kilmar-garcia-2.webp?fit=850%2C508&ssl=1&resize=350%2C200 1x, https:\/\/i0.wp.com\/kaizen-blog.org\/wp-content\/uploads\/2025\/06\/kilmar-garcia-2.webp?fit=850%2C508&ssl=1&resize=525%2C300 1.5x, https:\/\/i0.wp.com\/kaizen-blog.org\/wp-content\/uploads\/2025\/06\/kilmar-garcia-2.webp?fit=850%2C508&ssl=1&resize=700%2C400 2x"},"classes":[]},{"id":3260,"url":"https:\/\/kaizen-blog.org\/en\/kilmar-abrego-garcia-wieder-in-den-usa-die-justiz-als-feigenblatt-eines-politischen-skandalsder-schatten-des-rueckzugs-wie-die-usa-im-fall-kilmar-abrego-garcia-den-anschein-retten\/","url_meta":{"origin":18527,"position":4},"title":"Kilmar Abrego Garcia Back in the US \u2013 The Judiciary as a Fig Leaf for a Political Scandal","author":"Rainer Hofmann","date":"June 6, 2025","format":false,"excerpt":"Der Schatten des R\u00fcckzugs \u2013 Wie die USA im Fall Kilmar Abrego Garcia den Anschein retten wollen. Es beginnt mit einem R\u00fcckflug. Nicht freiwillig, nicht erwartungsvoll \u2013 sondern als Ergebnis eines institutionellen Dammbruchs, der l\u00e4ngst weit \u00fcber die Grenzen der Einwanderungspolitik hinausweist. Kilmar Abrego Garcia, dessen Abschiebung am 15. M\u00e4rz\u2026","rel":"","context":"In &quot;Deportations Under Trump&quot;","block_context":{"text":"Deportations Under Trump","link":"https:\/\/kaizen-blog.org\/en\/category\/deportations-under-trump\/"},"img":{"alt_text":"","src":"https:\/\/i0.wp.com\/kaizen-blog.org\/wp-content\/uploads\/2025\/06\/kilmar-usa-1.webp?fit=982%2C502&ssl=1&resize=350%2C200","width":350,"height":200,"srcset":"https:\/\/i0.wp.com\/kaizen-blog.org\/wp-content\/uploads\/2025\/06\/kilmar-usa-1.webp?fit=982%2C502&ssl=1&resize=350%2C200 1x, https:\/\/i0.wp.com\/kaizen-blog.org\/wp-content\/uploads\/2025\/06\/kilmar-usa-1.webp?fit=982%2C502&ssl=1&resize=525%2C300 1.5x, https:\/\/i0.wp.com\/kaizen-blog.org\/wp-content\/uploads\/2025\/06\/kilmar-usa-1.webp?fit=982%2C502&ssl=1&resize=700%2C400 2x"},"classes":[]},{"id":1670,"url":"https:\/\/kaizen-blog.org\/en\/heute-ist-nicht-trumps-tag-kilmar-abrego-garcia-und-das-ende-der-ausreden\/","url_meta":{"origin":18527,"position":5},"title":"Today Is Not Trump\u2019s Day \u2013 Kilmar Abrego Garcia and the End of Excuses","author":"Rainer Hofmann","date":"May 16, 2025","format":false,"excerpt":"In einem Gerichtssaal in Greenbelt, Maryland, starrte die Macht der Pr\u00e4sidentschaft pl\u00f6tzlich ins Leere. Eine US-Bundesrichterin, k\u00fchl und unnachgiebig, blickte auf die Anw\u00e4lte der Trump-Regierung und stellte eine einfache, vernichtende Frage: \u201eWo sind die Beweise?\u201c Doch anstelle von Klarheit, anstelle von Transparenz, boten die Vertreter der Regierung nur Nebel und\u2026","rel":"","context":"In &quot;Deportations Under Trump&quot;","block_context":{"text":"Deportations Under Trump","link":"https:\/\/kaizen-blog.org\/en\/category\/deportations-under-trump\/"},"img":{"alt_text":"","src":"https:\/\/i0.wp.com\/kaizen-blog.org\/wp-content\/uploads\/2025\/05\/kilmar-garcia-trump.webp?fit=986%2C504&ssl=1&resize=350%2C200","width":350,"height":200,"srcset":"https:\/\/i0.wp.com\/kaizen-blog.org\/wp-content\/uploads\/2025\/05\/kilmar-garcia-trump.webp?fit=986%2C504&ssl=1&resize=350%2C200 1x, https:\/\/i0.wp.com\/kaizen-blog.org\/wp-content\/uploads\/2025\/05\/kilmar-garcia-trump.webp?fit=986%2C504&ssl=1&resize=525%2C300 1.5x, https:\/\/i0.wp.com\/kaizen-blog.org\/wp-content\/uploads\/2025\/05\/kilmar-garcia-trump.webp?fit=986%2C504&ssl=1&resize=700%2C400 2x"},"classes":[]}],"_links":{"self":[{"href":"https:\/\/kaizen-blog.org\/en\/wp-json\/wp\/v2\/posts\/18527","targetHints":{"allow":["GET"]}}],"collection":[{"href":"https:\/\/kaizen-blog.org\/en\/wp-json\/wp\/v2\/posts"}],"about":[{"href":"https:\/\/kaizen-blog.org\/en\/wp-json\/wp\/v2\/types\/post"}],"author":[{"embeddable":true,"href":"https:\/\/kaizen-blog.org\/en\/wp-json\/wp\/v2\/users\/1"}],"replies":[{"embeddable":true,"href":"https:\/\/kaizen-blog.org\/en\/wp-json\/wp\/v2\/comments?post=18527"}],"version-history":[{"count":0,"href":"https:\/\/kaizen-blog.org\/en\/wp-json\/wp\/v2\/posts\/18527\/revisions"}],"wp:featuredmedia":[{"embeddable":true,"href":"https:\/\/kaizen-blog.org\/en\/wp-json\/wp\/v2\/media\/18528"}],"wp:attachment":[{"href":"https:\/\/kaizen-blog.org\/en\/wp-json\/wp\/v2\/media?parent=18527"}],"wp:term":[{"taxonomy":"category","embeddable":true,"href":"https:\/\/kaizen-blog.org\/en\/wp-json\/wp\/v2\/categories?post=18527"},{"taxonomy":"post_tag","embeddable":true,"href":"https:\/\/kaizen-blog.org\/en\/wp-json\/wp\/v2\/tags?post=18527"}],"curies":[{"name":"wp","href":"https:\/\/api.w.org\/{rel}","templated":true}]}}