{"id":18382,"date":"2025-10-22T23:12:31","date_gmt":"2025-10-22T21:12:31","guid":{"rendered":"https:\/\/kaizen-blog.org\/?p=18382"},"modified":"2025-10-22T23:52:27","modified_gmt":"2025-10-22T21:52:27","slug":"das-ist-eine-luege-und-ich-kann-meinen-namen-nicht-unter-ein-solches-schreiben-setzen-der-fall-kilmar-garcia","status":"publish","type":"post","link":"https:\/\/kaizen-blog.org\/en\/das-ist-eine-luege-und-ich-kann-meinen-namen-nicht-unter-ein-solches-schreiben-setzen-der-fall-kilmar-garcia\/","title":{"rendered":"\"That is a lie. And I cannot put my name on such a document\" \u2013 The Case of Kilmar Garc\u00eda"},"content":{"rendered":"<p>It is a sentence that echoes through Washington: \"That is a lie. And I cannot put my name on such a document.\" With these words, former government attorney Erez Reuveni said on CBS\u2019s 60 Minutes what many had long known \u2013 that the Trump administration had instructed him to make false statements in a court proceeding regarding Kilmar \u00c1brego Garc\u00eda. Reuveni, who had worked for years at the Justice Department, reported that he had refused to sign a statement portraying \u00c1brego Garc\u00eda as a member of the notorious MS-13 gang. \"That is neither factually correct nor legally defensible. That is a lie,\" he said. Shortly thereafter, he lost his position. In one of the first hearings, Reuveni contradicted the Justice Department\u2019s accusations directly in court, causing a stir. See also our article: \"The Shadow of the State \u2013 How a Wife Fights the Dehumanization of Her Husband,\" published April 17, 2025, at the link: <a href=\"https:\/\/kaizen-blog.org\/en\/der-schatten-des-staates-wie-eine-ehefrau-gegen-die-entmenschlichung-ihres-mannes-kaempft\/\">https:\/\/kaizen-blog.org\/en\/der-schatten-des-staates-wie-eine-ehefrau-gegen-die-entmenschlichung-ihres-mannes-kaempft\/<\/a><\/p>\n\n\n\n<figure class=\"wp-block-video alignwide\"><video height=\"360\" style=\"aspect-ratio: 640 \/ 360;\" width=\"640\" controls src=\"https:\/\/kaizen-blog.org\/wp-content\/uploads\/2025\/10\/ssstwitter.com_1761165836090.mp4\"><\/video><figcaption class=\"wp-element-caption\"><strong>Whistleblower Erez Reuveni of the U.S. Department of Justice says he recalls then-senior Justice Department official Emil Bove telling attorneys at an internal meeting that they might have to consider saying to a court: \"F* you.\"<\/strong><\/figcaption><\/figure>\n\n\n\n<div style=\"height:23px\" aria-hidden=\"true\" class=\"wp-block-spacer\"><\/div>\n\n\n\n<p>Moderator Scott Pelley asked during the broadcast: \"So you are not saying \u00c1brego Garc\u00eda is a choirboy, but only that no one managed to prove he is a terrorist?\" Reuveni replied: \"That is not the point. What matters is that everything they did to him violated his constitutional right to due process. If a government can decide it no longer likes you and then simply declares you a criminal \u2013 what stops it from doing the same thing tomorrow?\"<\/p>\n\n\n\n<p>Instead of acknowledging the mistake, the White House tried to justify the case with new accusations. Trump\u2019s press secretary Karoline Leavitt declared in April that \u00c1brego Garc\u00eda was not only part of the gang but also involved in human trafficking and was \"a leader of a terrorist organization.\" None of these claims could be substantiated. We have reported extensively on this, as we were involved in the research and were present in El Salvador.<\/p>\n\n\n\n<p>\u00c1brego Garc\u00eda is now back in the United States \u2013 in an ICE detention center in Pennsylvania. After months of reviewing his file and internal investigations, he now stands on the verge of release. Even within government circles, his case is now considered a judicial fiasco that has become a symbol of the moral and institutional decay of the justice system.<\/p>\n\n\n\n<div style=\"height:25px\" aria-hidden=\"true\" class=\"wp-block-spacer\"><\/div>\n\n\n\n<!-- Kaizen Blog \u2013 Support-Karte (Light\/Dark, responsive, mit Logo) -->\n<div class=\"kzb-support\" role=\"complementary\" aria-label=\"Support f\u00fcr den Kaizen Blog\">\n  <style>\n    .kzb-support{\n      --bg:#ffffff; \/* Hintergrund IMMER wei\u00df *\/\n      --fg:#0b0b12;\n      --muted:#57576a;\n      --border:rgba(17,17,26,.08);\n      --shadow:0 12px 36px rgba(0,0,0,.08);\n      --radius:18px;\n\n      \/* Neon T\u00fcrkis \u2192 Magenta *\/\n      --btn-start:#00e6ff;   \/* Neon-T\u00fcrkis *\/\n      --btn-end:#ff2ec4;     \/* Neon-Magenta *\/\n      --btn-text:#ffffff;\n      --btn-glow:0 10px 24px rgba(0,230,255,.35), 0 8px 20px rgba(255,46,196,.35);\n\n      max-width: 820px;\n      margin:18px auto;\n      padding:24px 22px;\n      background:var(--bg);\n      color:var(--fg);\n      border:1px solid var(--border);\n      border-radius:var(--radius);\n      box-shadow:var(--shadow);\n      font:400 16px\/1.6 -apple-system,BlinkMacSystemFont,\"Segoe UI\",Roboto,\"Helvetica Neue\",Arial,system-ui,\"Apple Color Emoji\",\"Segoe UI Emoji\";\n      position:relative;\n      overflow:clip;\n      isolation:isolate;\n    }\n\n    .kzb-row{display:flex; gap:18px; align-items:flex-start;}\n    .kzb-media{flex:0 0 auto; width:68px; height:68px; border-radius:16px; overflow:hidden; border:1px solid rgba(0,0,0,.06)}\n    .kzb-media img{width:100%; height:100%; object-fit:cover}\n\n    .kzb-col{flex:1 1 0}\n\n    .kzb-eyebrow{\n      font-weight:700; font-size:.88rem; letter-spacing:.12em; text-transform:uppercase;\n      color:var(--muted); margin:0 0 8px;\n    }\n    .kzb-title{\n      margin:0 0 10px; font-weight:800; letter-spacing:.2px;\n      font-size: clamp(1.25rem, 2.6vw, 1.6rem);\n    }\n    .kzb-lead{margin:0 0 12px}\n    .kzb-note{margin:6px 0 0; color:var(--muted); font-size:.94rem}\n\n    .kzb-actions{display:flex; flex-wrap:wrap; gap:12px; align-items:center; margin-top:14px}\n\n    .kzb-btn{\n      appearance:none; border:none; cursor:pointer;\n      display:inline-flex; align-items:center; gap:.6rem;\n      padding:12px 20px;\n      border-radius:9999px;\n      background:linear-gradient(90deg,var(--btn-start),var(--btn-end));\n      color:var(--btn-text);\n      font-weight:800; letter-spacing:.2px; font-size:.98rem; text-decoration:none;\n      box-shadow:var(--btn-glow);\n      transition:transform .06s ease, filter .18s ease, box-shadow .18s ease, color .06s ease;\n    }\n    .kzb-btn:hover{transform:translateY(-1px); filter:brightness(1.08)}\n    .kzb-btn:active{transform:translateY(0); color:#0b0b12}\n    .kzb-btn:focus-visible{outline:3px solid rgba(0,230,255,.55); outline-offset:3px}\n\n    .kzb-link{\n      display:inline-flex; align-items:center; gap:.45rem;\n      font-weight:700; text-decoration:none; color:var(--fg);\n      border-bottom:2px solid rgba(255,46,196,.35);\n      padding-bottom:2px; transition:color .15s ease, border-color .15s ease;\n    }\n    .kzb-link:hover{color:#ff2ec4; border-color:#ff2ec4}\n\n    @media (prefers-color-scheme: dark){\n      .kzb-support{\n        --bg:#ffffff; \/* auch im Darkmode bleibt Hintergrund WEISS *\/\n        --fg:#0b0b12;\n        --muted:#57576a;\n        --border:rgba(17,17,26,.08);\n        --shadow:0 12px 36px rgba(0,0,0,.08);\n      }\n      .kzb-media{border-color:rgba(0,0,0,.10)}\n      .kzb-link{border-color:rgba(255,46,196,.45)}\n    }\n\n    @media (max-width:640px){\n      .kzb-support{padding:20px 18px}\n      .kzb-row{flex-direction:column}\n      .kzb-media{width:60px; height:60px; border-radius:14px}\n    }\n  <\/style>\n\n  <div class=\"kzb-row\">\n    <div class=\"kzb-media\" aria-hidden=\"true\">\n      <img data-recalc-dims=\"1\" decoding=\"async\" src=\"https:\/\/i0.wp.com\/kaizen-blog.org\/wp-content\/uploads\/2025\/10\/kaizenBlog.webp?w=640&#038;ssl=1\"\n           alt=\"The Kaizen Blog Logo\">\n    <\/div>\n\n    <div class=\"kzb-col\">\n      <div class=\"kzb-eyebrow\">Support independent journalism<\/div>\n      <h3 class=\"kzb-title\">Investigative journalism requires courage, conviction \u2013 and your support.<\/h3>\n      <p class=\"kzb-lead\">Please also strengthen our journalistic fight against right-wing populism and human rights violations. We do not want to finance ourselves through a paywall so that everyone can read our research \u2013 regardless of income or origin. Thank you very much!<\/p>\n\n      <div class=\"kzb-actions\">\n        <a class=\"kzb-btn\"\n           href=\"https:\/\/kaizen-blog.org\/en\/unterstuetzen-sie-unser-arbeit\/\"\n           rel=\"noopener\"\n           aria-label=\"Support Kaizen \u2013 zur Supportseite\">\n          Support Kaizen\n          <svg width=\"18\" height=\"18\" viewbox=\"0 0 24 24\" aria-hidden=\"true\" focusable=\"false\">\n            <path fill=\"currentColor\" d=\"M13 5l7 7-7 7-1.4-1.4L16.2 13H4v-2h12.2l-4.6-4.6L13 5z\"\/>\n          <\/svg>\n        <\/a>\n        <span class=\"kzb-note\">More on our support page<\/span>\n      <\/div>\n    <\/div>\n  <\/div>\n<\/div>\n\n\n\n<div style=\"height:100px\" aria-hidden=\"true\" class=\"wp-block-spacer\"><\/div>\n<div class=\"gsp_post_data\" \r\n\t            data-post_type=\"post\" \r\n\t            data-cat=\"deportations-under-trump,topstory,trump-s-world\" \r\n\t            data-modified=\"120\"\r\n\t            data-created=\"1761174751\"\r\n\t            data-title=\"&#8222;Das ist eine L\u00fcge. Und ich kann meinen Namen nicht unter ein solches Schreiben setzen&#8220; &#8211; Der Fall Kilmar Garc\u00eda\" \r\n\t            data-home=\"https:\/\/kaizen-blog.org\/en\/\"><\/div>","protected":false},"excerpt":{"rendered":"<p>Es ist ein Satz, der in Washington nachhallt: \u201eDas ist eine L\u00fcge. Und ich kann meinen Namen nicht unter ein solches Schreiben setzen.\u201c Mit diesen Worten hat der ehemalige Regierungsanwalt Erez Reuveni in der CBS-Sendung 60 Minutes ausgesprochen, was viele seit Monaten eigentlich wussten \u2013 dass die Trump-Regierung ihn anwies, in einem Gerichtsverfahren \u00fcber Kilmar [&hellip;]<\/p>\n","protected":false},"author":1,"featured_media":18384,"comment_status":"open","ping_status":"open","sticky":false,"template":"","format":"standard","meta":{"_jetpack_memberships_contains_paid_content":false,"footnotes":"","jetpack_publicize_message":"","jetpack_publicize_feature_enabled":true,"jetpack_social_post_already_shared":true,"jetpack_social_options":{"image_generator_settings":{"template":"highway","default_image_id":0,"font":"","enabled":false},"version":2}},"categories":[38,7,41],"tags":[],"class_list":["post-18382","post","type-post","status-publish","format-standard","has-post-thumbnail","hentry","category-deportations-under-trump","category-topstory","category-trump-s-world"],"featured_image_src":"https:\/\/i0.wp.com\/kaizen-blog.org\/wp-content\/uploads\/2025\/10\/Kopie-von-Kopie-von-Kaizen-Blog-2025-10-22T224929.775.webp?fit=905%2C500&ssl=1","author_info":{"display_name":"Rainer Hofmann","author_link":"https:\/\/kaizen-blog.org\/en\/author\/admin\/"},"yoast_head":"<!-- This site is optimized with the Yoast SEO plugin v27.4 - https:\/\/yoast.com\/product\/yoast-seo-wordpress\/ -->\n<title>&quot;Das ist eine L\u00fcge. Und ich kann meinen Namen nicht unter ein solches Schreiben setzen&quot; - Der Fall Kilmar Garc\u00eda - The Kaizen Blog<\/title>\n<meta name=\"description\" content=\"Es ist ein Satz, der in Washington nachhallt: \u201eDas ist eine L\u00fcge. Und ich kann meinen Namen nicht unter ein solches Schreiben setzen.\u201c Mit diesen Worten hat der ehemalige Regierungsanwalt Erez Reuveni in der CBS-Sendung 60 Minutes ausgesprochen, was viele seit Monaten eigentlich wussten \u2013 dass die Trump-Regierung ihn anwies, in einem Gerichtsverfahren \u00fcber Kilmar \u00c1brego Garc\u00eda falsche Angaben zu machen. Reuveni, der jahrelang im Justizministerium arbeitete, berichtet, er habe sich geweigert, eine Erkl\u00e4rung zu unterzeichnen ...\" \/>\n<meta name=\"robots\" content=\"index, follow, max-snippet:-1, max-image-preview:large, max-video-preview:-1\" \/>\n<link rel=\"canonical\" href=\"https:\/\/kaizen-blog.org\/en\/das-ist-eine-luege-und-ich-kann-meinen-namen-nicht-unter-ein-solches-schreiben-setzen-der-fall-kilmar-garcia\/\" \/>\n<meta property=\"og:locale\" content=\"en_US\" \/>\n<meta property=\"og:type\" content=\"article\" \/>\n<meta property=\"og:title\" content=\"&quot;Das ist eine L\u00fcge. Und ich kann meinen Namen nicht unter ein solches Schreiben setzen&quot; - Der Fall Kilmar Garc\u00eda\" \/>\n<meta property=\"og:description\" content=\"Es ist ein Satz, der in Washington nachhallt: \u201eDas ist eine L\u00fcge. Und ich kann meinen Namen nicht unter ein solches Schreiben setzen.\u201c Mit diesen Worten hat der ehemalige Regierungsanwalt Erez Reuveni in der CBS-Sendung 60 Minutes ausgesprochen, was viele seit Monaten eigentlich wussten \u2013 dass die Trump-Regierung ihn anwies, in einem Gerichtsverfahren \u00fcber Kilmar \u00c1brego Garc\u00eda falsche Angaben zu machen. Reuveni, der jahrelang im Justizministerium arbeitete, berichtet, er habe sich geweigert, eine Erkl\u00e4rung zu unterzeichnen ...\" \/>\n<meta property=\"og:url\" content=\"https:\/\/kaizen-blog.org\/en\/das-ist-eine-luege-und-ich-kann-meinen-namen-nicht-unter-ein-solches-schreiben-setzen-der-fall-kilmar-garcia\/\" \/>\n<meta property=\"og:site_name\" content=\"The Kaizen Blog\" \/>\n<meta property=\"article:publisher\" content=\"https:\/\/www.facebook.com\/rainer.hofmann.2025\/\" \/>\n<meta property=\"article:published_time\" content=\"2025-10-22T21:12:31+00:00\" \/>\n<meta property=\"article:modified_time\" content=\"2025-10-22T21:52:27+00:00\" \/>\n<meta property=\"og:image\" content=\"https:\/\/kaizen-blog.org\/wp-content\/uploads\/2025\/10\/Kopie-von-Kopie-von-Kaizen-Blog-2025-10-22T224929.775.webp\" \/>\n\t<meta property=\"og:image:width\" content=\"905\" \/>\n\t<meta property=\"og:image:height\" content=\"500\" \/>\n\t<meta property=\"og:image:type\" content=\"image\/webp\" \/>\n<meta name=\"author\" content=\"Rainer Hofmann\" \/>\n<meta name=\"twitter:card\" content=\"summary_large_image\" \/>\n<meta name=\"twitter:label1\" content=\"Written by\" \/>\n\t<meta name=\"twitter:data1\" content=\"Rainer Hofmann\" \/>\n\t<meta name=\"twitter:label2\" content=\"Est. reading time\" \/>\n\t<meta name=\"twitter:data2\" content=\"4 minutes\" \/>\n<script type=\"application\/ld+json\" class=\"yoast-schema-graph\">{\"@context\":\"https:\\\/\\\/schema.org\",\"@graph\":[{\"@type\":\"Article\",\"@id\":\"https:\\\/\\\/kaizen-blog.org\\\/das-ist-eine-luege-und-ich-kann-meinen-namen-nicht-unter-ein-solches-schreiben-setzen-der-fall-kilmar-garcia\\\/#article\",\"isPartOf\":{\"@id\":\"https:\\\/\\\/kaizen-blog.org\\\/das-ist-eine-luege-und-ich-kann-meinen-namen-nicht-unter-ein-solches-schreiben-setzen-der-fall-kilmar-garcia\\\/\"},\"author\":{\"name\":\"Rainer Hofmann\",\"@id\":\"https:\\\/\\\/kaizen-blog.org\\\/#\\\/schema\\\/person\\\/7d3fc7346e2501a389ea3daa48b99ad0\"},\"headline\":\"&#8222;Das ist eine L\u00fcge. Und ich kann meinen Namen nicht unter ein solches Schreiben setzen&#8220; &#8211; Der Fall Kilmar Garc\u00eda\",\"datePublished\":\"2025-10-22T21:12:31+00:00\",\"dateModified\":\"2025-10-22T21:52:27+00:00\",\"mainEntityOfPage\":{\"@id\":\"https:\\\/\\\/kaizen-blog.org\\\/das-ist-eine-luege-und-ich-kann-meinen-namen-nicht-unter-ein-solches-schreiben-setzen-der-fall-kilmar-garcia\\\/\"},\"wordCount\":650,\"commentCount\":2,\"image\":{\"@id\":\"https:\\\/\\\/kaizen-blog.org\\\/das-ist-eine-luege-und-ich-kann-meinen-namen-nicht-unter-ein-solches-schreiben-setzen-der-fall-kilmar-garcia\\\/#primaryimage\"},\"thumbnailUrl\":\"https:\\\/\\\/i0.wp.com\\\/kaizen-blog.org\\\/wp-content\\\/uploads\\\/2025\\\/10\\\/Kopie-von-Kopie-von-Kaizen-Blog-2025-10-22T224929.775.webp?fit=905%2C500&ssl=1\",\"articleSection\":[\"Deportations Under Trump\",\"Topstory\",\"Trumpland\"],\"inLanguage\":\"en-US\",\"potentialAction\":[{\"@type\":\"CommentAction\",\"name\":\"Comment\",\"target\":[\"https:\\\/\\\/kaizen-blog.org\\\/das-ist-eine-luege-und-ich-kann-meinen-namen-nicht-unter-ein-solches-schreiben-setzen-der-fall-kilmar-garcia\\\/#respond\"]}]},{\"@type\":\"WebPage\",\"@id\":\"https:\\\/\\\/kaizen-blog.org\\\/das-ist-eine-luege-und-ich-kann-meinen-namen-nicht-unter-ein-solches-schreiben-setzen-der-fall-kilmar-garcia\\\/\",\"url\":\"https:\\\/\\\/kaizen-blog.org\\\/das-ist-eine-luege-und-ich-kann-meinen-namen-nicht-unter-ein-solches-schreiben-setzen-der-fall-kilmar-garcia\\\/\",\"name\":\"\\\"Das ist eine L\u00fcge. Und ich kann meinen Namen nicht unter ein solches Schreiben setzen\\\" - Der Fall Kilmar Garc\u00eda - The Kaizen Blog\",\"isPartOf\":{\"@id\":\"https:\\\/\\\/kaizen-blog.org\\\/#website\"},\"primaryImageOfPage\":{\"@id\":\"https:\\\/\\\/kaizen-blog.org\\\/das-ist-eine-luege-und-ich-kann-meinen-namen-nicht-unter-ein-solches-schreiben-setzen-der-fall-kilmar-garcia\\\/#primaryimage\"},\"image\":{\"@id\":\"https:\\\/\\\/kaizen-blog.org\\\/das-ist-eine-luege-und-ich-kann-meinen-namen-nicht-unter-ein-solches-schreiben-setzen-der-fall-kilmar-garcia\\\/#primaryimage\"},\"thumbnailUrl\":\"https:\\\/\\\/i0.wp.com\\\/kaizen-blog.org\\\/wp-content\\\/uploads\\\/2025\\\/10\\\/Kopie-von-Kopie-von-Kaizen-Blog-2025-10-22T224929.775.webp?fit=905%2C500&ssl=1\",\"datePublished\":\"2025-10-22T21:12:31+00:00\",\"dateModified\":\"2025-10-22T21:52:27+00:00\",\"author\":{\"@id\":\"https:\\\/\\\/kaizen-blog.org\\\/#\\\/schema\\\/person\\\/7d3fc7346e2501a389ea3daa48b99ad0\"},\"description\":\"Es ist ein Satz, der in Washington nachhallt: \u201eDas ist eine L\u00fcge. Und ich kann meinen Namen nicht unter ein solches Schreiben setzen.\u201c Mit diesen Worten hat der ehemalige Regierungsanwalt Erez Reuveni in der CBS-Sendung 60 Minutes ausgesprochen, was viele seit Monaten eigentlich wussten \u2013 dass die Trump-Regierung ihn anwies, in einem Gerichtsverfahren \u00fcber Kilmar \u00c1brego Garc\u00eda falsche Angaben zu machen. Reuveni, der jahrelang im Justizministerium arbeitete, berichtet, er habe sich geweigert, eine Erkl\u00e4rung zu unterzeichnen ...\",\"breadcrumb\":{\"@id\":\"https:\\\/\\\/kaizen-blog.org\\\/das-ist-eine-luege-und-ich-kann-meinen-namen-nicht-unter-ein-solches-schreiben-setzen-der-fall-kilmar-garcia\\\/#breadcrumb\"},\"inLanguage\":\"en-US\",\"potentialAction\":[{\"@type\":\"ReadAction\",\"target\":[\"https:\\\/\\\/kaizen-blog.org\\\/das-ist-eine-luege-und-ich-kann-meinen-namen-nicht-unter-ein-solches-schreiben-setzen-der-fall-kilmar-garcia\\\/\"]}]},{\"@type\":\"ImageObject\",\"inLanguage\":\"en-US\",\"@id\":\"https:\\\/\\\/kaizen-blog.org\\\/das-ist-eine-luege-und-ich-kann-meinen-namen-nicht-unter-ein-solches-schreiben-setzen-der-fall-kilmar-garcia\\\/#primaryimage\",\"url\":\"https:\\\/\\\/i0.wp.com\\\/kaizen-blog.org\\\/wp-content\\\/uploads\\\/2025\\\/10\\\/Kopie-von-Kopie-von-Kaizen-Blog-2025-10-22T224929.775.webp?fit=905%2C500&ssl=1\",\"contentUrl\":\"https:\\\/\\\/i0.wp.com\\\/kaizen-blog.org\\\/wp-content\\\/uploads\\\/2025\\\/10\\\/Kopie-von-Kopie-von-Kaizen-Blog-2025-10-22T224929.775.webp?fit=905%2C500&ssl=1\",\"width\":905,\"height\":500},{\"@type\":\"BreadcrumbList\",\"@id\":\"https:\\\/\\\/kaizen-blog.org\\\/das-ist-eine-luege-und-ich-kann-meinen-namen-nicht-unter-ein-solches-schreiben-setzen-der-fall-kilmar-garcia\\\/#breadcrumb\",\"itemListElement\":[{\"@type\":\"ListItem\",\"position\":1,\"name\":\"Startseite\",\"item\":\"https:\\\/\\\/kaizen-blog.org\\\/\"},{\"@type\":\"ListItem\",\"position\":2,\"name\":\"&#8222;Das ist eine L\u00fcge. Und ich kann meinen Namen nicht unter ein solches Schreiben setzen&#8220; &#8211; Der Fall Kilmar Garc\u00eda\"}]},{\"@type\":\"WebSite\",\"@id\":\"https:\\\/\\\/kaizen-blog.org\\\/#website\",\"url\":\"https:\\\/\\\/kaizen-blog.org\\\/\",\"name\":\"The Kaizen Blog\",\"description\":\"Investigativer Journalismus\",\"potentialAction\":[{\"@type\":\"SearchAction\",\"target\":{\"@type\":\"EntryPoint\",\"urlTemplate\":\"https:\\\/\\\/kaizen-blog.org\\\/?s={search_term_string}\"},\"query-input\":{\"@type\":\"PropertyValueSpecification\",\"valueRequired\":true,\"valueName\":\"search_term_string\"}}],\"inLanguage\":\"en-US\"},{\"@type\":\"Person\",\"@id\":\"https:\\\/\\\/kaizen-blog.org\\\/#\\\/schema\\\/person\\\/7d3fc7346e2501a389ea3daa48b99ad0\",\"name\":\"Rainer Hofmann\",\"image\":{\"@type\":\"ImageObject\",\"inLanguage\":\"en-US\",\"@id\":\"\\\/\\\/www.gravatar.com\\\/avatar\\\/21e5b26d4f12b21206d8094d7aea4ab6?s=96&#038;r=g&#038;d=initials\",\"url\":\"\\\/\\\/www.gravatar.com\\\/avatar\\\/21e5b26d4f12b21206d8094d7aea4ab6?s=96&#038;r=g&#038;d=initials\",\"contentUrl\":\"\\\/\\\/www.gravatar.com\\\/avatar\\\/21e5b26d4f12b21206d8094d7aea4ab6?s=96&#038;r=g&#038;d=initials\",\"caption\":\"Rainer Hofmann\"},\"sameAs\":[\"https:\\\/\\\/kaizen-blog.org\"],\"url\":\"https:\\\/\\\/kaizen-blog.org\\\/en\\\/author\\\/admin\\\/\"}]}<\/script>\n<!-- \/ Yoast SEO plugin. -->","yoast_head_json":{"title":"\"Das ist eine L\u00fcge. Und ich kann meinen Namen nicht unter ein solches Schreiben setzen\" - Der Fall Kilmar Garc\u00eda - The Kaizen Blog","description":"Es ist ein Satz, der in Washington nachhallt: \u201eDas ist eine L\u00fcge. Und ich kann meinen Namen nicht unter ein solches Schreiben setzen.\u201c Mit diesen Worten hat der ehemalige Regierungsanwalt Erez Reuveni in der CBS-Sendung 60 Minutes ausgesprochen, was viele seit Monaten eigentlich wussten \u2013 dass die Trump-Regierung ihn anwies, in einem Gerichtsverfahren \u00fcber Kilmar \u00c1brego Garc\u00eda falsche Angaben zu machen. Reuveni, der jahrelang im Justizministerium arbeitete, berichtet, er habe sich geweigert, eine Erkl\u00e4rung zu unterzeichnen ...","robots":{"index":"index","follow":"follow","max-snippet":"max-snippet:-1","max-image-preview":"max-image-preview:large","max-video-preview":"max-video-preview:-1"},"canonical":"https:\/\/kaizen-blog.org\/en\/das-ist-eine-luege-und-ich-kann-meinen-namen-nicht-unter-ein-solches-schreiben-setzen-der-fall-kilmar-garcia\/","og_locale":"en_US","og_type":"article","og_title":"\"Das ist eine L\u00fcge. Und ich kann meinen Namen nicht unter ein solches Schreiben setzen\" - Der Fall Kilmar Garc\u00eda","og_description":"Es ist ein Satz, der in Washington nachhallt: \u201eDas ist eine L\u00fcge. Und ich kann meinen Namen nicht unter ein solches Schreiben setzen.\u201c Mit diesen Worten hat der ehemalige Regierungsanwalt Erez Reuveni in der CBS-Sendung 60 Minutes ausgesprochen, was viele seit Monaten eigentlich wussten \u2013 dass die Trump-Regierung ihn anwies, in einem Gerichtsverfahren \u00fcber Kilmar \u00c1brego Garc\u00eda falsche Angaben zu machen. Reuveni, der jahrelang im Justizministerium arbeitete, berichtet, er habe sich geweigert, eine Erkl\u00e4rung zu unterzeichnen ...","og_url":"https:\/\/kaizen-blog.org\/en\/das-ist-eine-luege-und-ich-kann-meinen-namen-nicht-unter-ein-solches-schreiben-setzen-der-fall-kilmar-garcia\/","og_site_name":"The Kaizen Blog","article_publisher":"https:\/\/www.facebook.com\/rainer.hofmann.2025\/","article_published_time":"2025-10-22T21:12:31+00:00","article_modified_time":"2025-10-22T21:52:27+00:00","og_image":[{"width":905,"height":500,"url":"https:\/\/kaizen-blog.org\/wp-content\/uploads\/2025\/10\/Kopie-von-Kopie-von-Kaizen-Blog-2025-10-22T224929.775.webp","type":"image\/webp"}],"author":"Rainer Hofmann","twitter_card":"summary_large_image","twitter_misc":{"Written by":"Rainer Hofmann","Est. reading time":"4 minutes"},"schema":{"@context":"https:\/\/schema.org","@graph":[{"@type":"Article","@id":"https:\/\/kaizen-blog.org\/das-ist-eine-luege-und-ich-kann-meinen-namen-nicht-unter-ein-solches-schreiben-setzen-der-fall-kilmar-garcia\/#article","isPartOf":{"@id":"https:\/\/kaizen-blog.org\/das-ist-eine-luege-und-ich-kann-meinen-namen-nicht-unter-ein-solches-schreiben-setzen-der-fall-kilmar-garcia\/"},"author":{"name":"Rainer Hofmann","@id":"https:\/\/kaizen-blog.org\/#\/schema\/person\/7d3fc7346e2501a389ea3daa48b99ad0"},"headline":"&#8222;Das ist eine L\u00fcge. Und ich kann meinen Namen nicht unter ein solches Schreiben setzen&#8220; &#8211; Der Fall Kilmar Garc\u00eda","datePublished":"2025-10-22T21:12:31+00:00","dateModified":"2025-10-22T21:52:27+00:00","mainEntityOfPage":{"@id":"https:\/\/kaizen-blog.org\/das-ist-eine-luege-und-ich-kann-meinen-namen-nicht-unter-ein-solches-schreiben-setzen-der-fall-kilmar-garcia\/"},"wordCount":650,"commentCount":2,"image":{"@id":"https:\/\/kaizen-blog.org\/das-ist-eine-luege-und-ich-kann-meinen-namen-nicht-unter-ein-solches-schreiben-setzen-der-fall-kilmar-garcia\/#primaryimage"},"thumbnailUrl":"https:\/\/i0.wp.com\/kaizen-blog.org\/wp-content\/uploads\/2025\/10\/Kopie-von-Kopie-von-Kaizen-Blog-2025-10-22T224929.775.webp?fit=905%2C500&ssl=1","articleSection":["Deportations Under Trump","Topstory","Trumpland"],"inLanguage":"en-US","potentialAction":[{"@type":"CommentAction","name":"Comment","target":["https:\/\/kaizen-blog.org\/das-ist-eine-luege-und-ich-kann-meinen-namen-nicht-unter-ein-solches-schreiben-setzen-der-fall-kilmar-garcia\/#respond"]}]},{"@type":"WebPage","@id":"https:\/\/kaizen-blog.org\/das-ist-eine-luege-und-ich-kann-meinen-namen-nicht-unter-ein-solches-schreiben-setzen-der-fall-kilmar-garcia\/","url":"https:\/\/kaizen-blog.org\/das-ist-eine-luege-und-ich-kann-meinen-namen-nicht-unter-ein-solches-schreiben-setzen-der-fall-kilmar-garcia\/","name":"\"Das ist eine L\u00fcge. Und ich kann meinen Namen nicht unter ein solches Schreiben setzen\" - Der Fall Kilmar Garc\u00eda - The Kaizen Blog","isPartOf":{"@id":"https:\/\/kaizen-blog.org\/#website"},"primaryImageOfPage":{"@id":"https:\/\/kaizen-blog.org\/das-ist-eine-luege-und-ich-kann-meinen-namen-nicht-unter-ein-solches-schreiben-setzen-der-fall-kilmar-garcia\/#primaryimage"},"image":{"@id":"https:\/\/kaizen-blog.org\/das-ist-eine-luege-und-ich-kann-meinen-namen-nicht-unter-ein-solches-schreiben-setzen-der-fall-kilmar-garcia\/#primaryimage"},"thumbnailUrl":"https:\/\/i0.wp.com\/kaizen-blog.org\/wp-content\/uploads\/2025\/10\/Kopie-von-Kopie-von-Kaizen-Blog-2025-10-22T224929.775.webp?fit=905%2C500&ssl=1","datePublished":"2025-10-22T21:12:31+00:00","dateModified":"2025-10-22T21:52:27+00:00","author":{"@id":"https:\/\/kaizen-blog.org\/#\/schema\/person\/7d3fc7346e2501a389ea3daa48b99ad0"},"description":"Es ist ein Satz, der in Washington nachhallt: \u201eDas ist eine L\u00fcge. Und ich kann meinen Namen nicht unter ein solches Schreiben setzen.\u201c Mit diesen Worten hat der ehemalige Regierungsanwalt Erez Reuveni in der CBS-Sendung 60 Minutes ausgesprochen, was viele seit Monaten eigentlich wussten \u2013 dass die Trump-Regierung ihn anwies, in einem Gerichtsverfahren \u00fcber Kilmar \u00c1brego Garc\u00eda falsche Angaben zu machen. Reuveni, der jahrelang im Justizministerium arbeitete, berichtet, er habe sich geweigert, eine Erkl\u00e4rung zu unterzeichnen ...","breadcrumb":{"@id":"https:\/\/kaizen-blog.org\/das-ist-eine-luege-und-ich-kann-meinen-namen-nicht-unter-ein-solches-schreiben-setzen-der-fall-kilmar-garcia\/#breadcrumb"},"inLanguage":"en-US","potentialAction":[{"@type":"ReadAction","target":["https:\/\/kaizen-blog.org\/das-ist-eine-luege-und-ich-kann-meinen-namen-nicht-unter-ein-solches-schreiben-setzen-der-fall-kilmar-garcia\/"]}]},{"@type":"ImageObject","inLanguage":"en-US","@id":"https:\/\/kaizen-blog.org\/das-ist-eine-luege-und-ich-kann-meinen-namen-nicht-unter-ein-solches-schreiben-setzen-der-fall-kilmar-garcia\/#primaryimage","url":"https:\/\/i0.wp.com\/kaizen-blog.org\/wp-content\/uploads\/2025\/10\/Kopie-von-Kopie-von-Kaizen-Blog-2025-10-22T224929.775.webp?fit=905%2C500&ssl=1","contentUrl":"https:\/\/i0.wp.com\/kaizen-blog.org\/wp-content\/uploads\/2025\/10\/Kopie-von-Kopie-von-Kaizen-Blog-2025-10-22T224929.775.webp?fit=905%2C500&ssl=1","width":905,"height":500},{"@type":"BreadcrumbList","@id":"https:\/\/kaizen-blog.org\/das-ist-eine-luege-und-ich-kann-meinen-namen-nicht-unter-ein-solches-schreiben-setzen-der-fall-kilmar-garcia\/#breadcrumb","itemListElement":[{"@type":"ListItem","position":1,"name":"Startseite","item":"https:\/\/kaizen-blog.org\/"},{"@type":"ListItem","position":2,"name":"&#8222;Das ist eine L\u00fcge. Und ich kann meinen Namen nicht unter ein solches Schreiben setzen&#8220; &#8211; Der Fall Kilmar Garc\u00eda"}]},{"@type":"WebSite","@id":"https:\/\/kaizen-blog.org\/#website","url":"https:\/\/kaizen-blog.org\/","name":"The Kaizen Blog","description":"Investigative Journalism","potentialAction":[{"@type":"SearchAction","target":{"@type":"EntryPoint","urlTemplate":"https:\/\/kaizen-blog.org\/?s={search_term_string}"},"query-input":{"@type":"PropertyValueSpecification","valueRequired":true,"valueName":"search_term_string"}}],"inLanguage":"en-US"},{"@type":"Person","@id":"https:\/\/kaizen-blog.org\/#\/schema\/person\/7d3fc7346e2501a389ea3daa48b99ad0","name":"Rainer Hofmann","image":{"@type":"ImageObject","inLanguage":"en-US","@id":"\/\/www.gravatar.com\/avatar\/21e5b26d4f12b21206d8094d7aea4ab6?s=96&#038;r=g&#038;d=initials","url":"\/\/www.gravatar.com\/avatar\/21e5b26d4f12b21206d8094d7aea4ab6?s=96&#038;r=g&#038;d=initials","contentUrl":"\/\/www.gravatar.com\/avatar\/21e5b26d4f12b21206d8094d7aea4ab6?s=96&#038;r=g&#038;d=initials","caption":"Rainer Hofmann"},"sameAs":["https:\/\/kaizen-blog.org"],"url":"https:\/\/kaizen-blog.org\/en\/author\/admin\/"}]}},"jetpack_publicize_connections":[],"jetpack_featured_media_url":"https:\/\/i0.wp.com\/kaizen-blog.org\/wp-content\/uploads\/2025\/10\/Kopie-von-Kopie-von-Kaizen-Blog-2025-10-22T224929.775.webp?fit=905%2C500&ssl=1","jetpack_sharing_enabled":true,"jetpack-related-posts":[{"id":31199,"url":"https:\/\/kaizen-blog.org\/en\/wieder-erwischt-fox-vertauscht-nicht-nur-bilder-fox-schuetzt-trump-selbst-bei-der-rueckkehr-gefallener-soldaten\/","url_meta":{"origin":18382,"position":0},"title":"Caught Again: Fox Doesn\u2019t Just Swap Images - Fox Shields Trump Even During the Return of Fallen Soldiers","author":"Rainer Hofmann","date":"March 9, 2026","format":false,"excerpt":"Fox & Friends Weekend ersetzte in seiner Sonntagsausgabe das Videomaterial von Donald Trumps Teilnahme an der gestrigen w\u00fcrdevollen \u00dcberf\u00fchrungszeremonie auf der Dover Air Force Base durch einen Clip vom 17. Dezember 2025. Gezeigt wurde also nicht das tats\u00e4chliche Material der aktuellen Zeremonie, bei der die sterblichen \u00dcberreste von sechs im\u2026","rel":"","context":"In &quot;Dark America&quot;","block_context":{"text":"Dark America","link":"https:\/\/kaizen-blog.org\/en\/category\/dark-america\/"},"img":{"alt_text":"","src":"https:\/\/i0.wp.com\/kaizen-blog.org\/wp-content\/uploads\/2026\/03\/kaizennewsday-2026-03-09T164743.289.webp?fit=905%2C500&ssl=1&resize=350%2C200","width":350,"height":200,"srcset":"https:\/\/i0.wp.com\/kaizen-blog.org\/wp-content\/uploads\/2026\/03\/kaizennewsday-2026-03-09T164743.289.webp?fit=905%2C500&ssl=1&resize=350%2C200 1x, https:\/\/i0.wp.com\/kaizen-blog.org\/wp-content\/uploads\/2026\/03\/kaizennewsday-2026-03-09T164743.289.webp?fit=905%2C500&ssl=1&resize=525%2C300 1.5x, https:\/\/i0.wp.com\/kaizen-blog.org\/wp-content\/uploads\/2026\/03\/kaizennewsday-2026-03-09T164743.289.webp?fit=905%2C500&ssl=1&resize=700%2C400 2x"},"classes":[]},{"id":31224,"url":"https:\/\/kaizen-blog.org\/en\/10-maerz-2026-kurznachrichten\/","url_meta":{"origin":18382,"position":1},"title":"March 10, 2026 \u2013 Short News","author":"TEAM KAIZEN BLOG","date":"March 10, 2026","format":false,"excerpt":"Trump telefoniert mit Putin \u2013 Iran, Ukraine und der \u00d6lmarkt im selben Gespr\u00e4ch! Trump \u00fcber Russland: \u201eWir werden diese Sanktionen aufheben, bis sich die Lage wieder ordnet. Wer wei\u00df, vielleicht m\u00fcssen wir sie gar nicht wieder verh\u00e4ngen.\u201c - (Trump bezieht sich aber nur auf den Zusammenhang der Sanktionen, die den\u2026","rel":"","context":"In &quot;+++ Kaizen News Ticker +++&quot;","block_context":{"text":"+++ Kaizen News Ticker +++","link":"https:\/\/kaizen-blog.org\/en\/category\/ticker\/"},"img":{"alt_text":"","src":"https:\/\/i0.wp.com\/kaizen-blog.org\/wp-content\/uploads\/2026\/03\/kaizenlive-2026-03-10T011434.038.webp?fit=905%2C500&ssl=1&resize=350%2C200","width":350,"height":200,"srcset":"https:\/\/i0.wp.com\/kaizen-blog.org\/wp-content\/uploads\/2026\/03\/kaizenlive-2026-03-10T011434.038.webp?fit=905%2C500&ssl=1&resize=350%2C200 1x, https:\/\/i0.wp.com\/kaizen-blog.org\/wp-content\/uploads\/2026\/03\/kaizenlive-2026-03-10T011434.038.webp?fit=905%2C500&ssl=1&resize=525%2C300 1.5x, https:\/\/i0.wp.com\/kaizen-blog.org\/wp-content\/uploads\/2026\/03\/kaizenlive-2026-03-10T011434.038.webp?fit=905%2C500&ssl=1&resize=700%2C400 2x"},"classes":[]},{"id":34460,"url":"https:\/\/kaizen-blog.org\/en\/19-april-2026-kurznachrichten\/","url_meta":{"origin":18382,"position":2},"title":"April 19, 2026 \u2013 Short News","author":"TEAM KAIZEN BLOG","date":"April 19, 2026","format":false,"excerpt":"Barcelona antwortet auf Trump! In Barcelona trafen sich am Samstag f\u00fchrende Politiker aus mehreren L\u00e4ndern, um ihre Zusammenarbeit zu st\u00e4rken und eine internationale Ordnung zu verteidigen, die auf Regeln basiert. Gastgeber war Spaniens Regierungschef Pedro S\u00e1nchez, der seit Monaten offen gegen Donald Trumps Kurs auftritt, besonders im Zusammenhang mit dem\u2026","rel":"","context":"In &quot;+++ Kaizen News Ticker +++&quot;","block_context":{"text":"+++ Kaizen News Ticker +++","link":"https:\/\/kaizen-blog.org\/en\/category\/ticker\/"},"img":{"alt_text":"","src":"https:\/\/i0.wp.com\/kaizen-blog.org\/wp-content\/uploads\/2026\/04\/kaizenlive-2026-04-19T014028.591.webp?fit=905%2C500&ssl=1&resize=350%2C200","width":350,"height":200,"srcset":"https:\/\/i0.wp.com\/kaizen-blog.org\/wp-content\/uploads\/2026\/04\/kaizenlive-2026-04-19T014028.591.webp?fit=905%2C500&ssl=1&resize=350%2C200 1x, https:\/\/i0.wp.com\/kaizen-blog.org\/wp-content\/uploads\/2026\/04\/kaizenlive-2026-04-19T014028.591.webp?fit=905%2C500&ssl=1&resize=525%2C300 1.5x, https:\/\/i0.wp.com\/kaizen-blog.org\/wp-content\/uploads\/2026\/04\/kaizenlive-2026-04-19T014028.591.webp?fit=905%2C500&ssl=1&resize=700%2C400 2x"},"classes":[]},{"id":32010,"url":"https:\/\/kaizen-blog.org\/en\/18-maerz-2026-kurznachrichten\/","url_meta":{"origin":18382,"position":3},"title":"March 18, 2026 - Short News","author":"TEAM KAIZEN BLOG","date":"March 18, 2026","format":false,"excerpt":"Kein Schritt zur\u00fcck, auch nicht vor Vietnam! Donald Trump hat es so gesagt, ohne Umweg. Er habe keine Angst, Bodentruppen in den Iran zu schicken, selbst wenn daraus ein zweites Vietnam w\u00fcrde. Ein Satz, der sich selbst tr\u00e4gt. Vietnam ist in diesem Zusammenhang kein historischer Verweis zur Einordnung, sondern ein\u2026","rel":"","context":"In &quot;+++ Kaizen News Ticker +++&quot;","block_context":{"text":"+++ Kaizen News Ticker +++","link":"https:\/\/kaizen-blog.org\/en\/category\/ticker\/"},"img":{"alt_text":"","src":"https:\/\/i0.wp.com\/kaizen-blog.org\/wp-content\/uploads\/2026\/03\/kaizenlive-2026-03-18T011137.596.webp?fit=905%2C500&ssl=1&resize=350%2C200","width":350,"height":200,"srcset":"https:\/\/i0.wp.com\/kaizen-blog.org\/wp-content\/uploads\/2026\/03\/kaizenlive-2026-03-18T011137.596.webp?fit=905%2C500&ssl=1&resize=350%2C200 1x, https:\/\/i0.wp.com\/kaizen-blog.org\/wp-content\/uploads\/2026\/03\/kaizenlive-2026-03-18T011137.596.webp?fit=905%2C500&ssl=1&resize=525%2C300 1.5x, https:\/\/i0.wp.com\/kaizen-blog.org\/wp-content\/uploads\/2026\/03\/kaizenlive-2026-03-18T011137.596.webp?fit=905%2C500&ssl=1&resize=700%2C400 2x"},"classes":[]},{"id":34807,"url":"https:\/\/kaizen-blog.org\/en\/24-april-2026-kurznachrichten\/","url_meta":{"origin":18382,"position":4},"title":"April 24, 2026 \u2013 Short News","author":"TEAM KAIZEN BLOG","date":"April 24, 2026","format":false,"excerpt":"Papst Leo fordert Gespr\u00e4che statt Krieg \u2013 und verurteilt jede Hinrichtung! Papst Leo XIV sitzt im Flugzeug auf dem R\u00fcckweg aus Afrika und spricht Klartext, ohne laut zu werden. Er fordert die Vereinigten Staaten und Iran auf, wieder miteinander zu reden, nicht irgendwann, sondern jetzt. F\u00fcr ihn ist die entscheidende\u2026","rel":"","context":"In &quot;+++ Kaizen News Ticker +++&quot;","block_context":{"text":"+++ Kaizen News Ticker +++","link":"https:\/\/kaizen-blog.org\/en\/category\/ticker\/"},"img":{"alt_text":"","src":"https:\/\/i0.wp.com\/kaizen-blog.org\/wp-content\/uploads\/2026\/04\/kaizenlive-2026-04-24T005938.002.webp?fit=905%2C500&ssl=1&resize=350%2C200","width":350,"height":200,"srcset":"https:\/\/i0.wp.com\/kaizen-blog.org\/wp-content\/uploads\/2026\/04\/kaizenlive-2026-04-24T005938.002.webp?fit=905%2C500&ssl=1&resize=350%2C200 1x, https:\/\/i0.wp.com\/kaizen-blog.org\/wp-content\/uploads\/2026\/04\/kaizenlive-2026-04-24T005938.002.webp?fit=905%2C500&ssl=1&resize=525%2C300 1.5x, https:\/\/i0.wp.com\/kaizen-blog.org\/wp-content\/uploads\/2026\/04\/kaizenlive-2026-04-24T005938.002.webp?fit=905%2C500&ssl=1&resize=700%2C400 2x"},"classes":[]},{"id":34750,"url":"https:\/\/kaizen-blog.org\/en\/23-april-2026-kurznachrichten\/","url_meta":{"origin":18382,"position":5},"title":"April 23, 2026 \u2013 Short News","author":"TEAM KAIZEN BLOG","date":"April 23, 2026","format":false,"excerpt":"Staatsbesuch ohne Begegnung \u2013 warum Charles den Kontakt zu Epstein-Opfern vermeidet! Die Reise steht fest, der Ablauf ist geplant, die Termine sind gesetzt. Wenn Charles III. kommende Woche in die Vereinigten Staaten reist, wird er empfangen, sprechen, repr\u00e4sentieren. Was nicht stattfinden wird, ist ein Treffen mit den Opfern von Jeffrey\u2026","rel":"","context":"In &quot;+++ Kaizen News Ticker +++&quot;","block_context":{"text":"+++ Kaizen News Ticker +++","link":"https:\/\/kaizen-blog.org\/en\/category\/ticker\/"},"img":{"alt_text":"","src":"https:\/\/i0.wp.com\/kaizen-blog.org\/wp-content\/uploads\/2026\/04\/kaizenlive-2026-04-23T021253.486.webp?fit=905%2C500&ssl=1&resize=350%2C200","width":350,"height":200,"srcset":"https:\/\/i0.wp.com\/kaizen-blog.org\/wp-content\/uploads\/2026\/04\/kaizenlive-2026-04-23T021253.486.webp?fit=905%2C500&ssl=1&resize=350%2C200 1x, https:\/\/i0.wp.com\/kaizen-blog.org\/wp-content\/uploads\/2026\/04\/kaizenlive-2026-04-23T021253.486.webp?fit=905%2C500&ssl=1&resize=525%2C300 1.5x, https:\/\/i0.wp.com\/kaizen-blog.org\/wp-content\/uploads\/2026\/04\/kaizenlive-2026-04-23T021253.486.webp?fit=905%2C500&ssl=1&resize=700%2C400 2x"},"classes":[]}],"_links":{"self":[{"href":"https:\/\/kaizen-blog.org\/en\/wp-json\/wp\/v2\/posts\/18382","targetHints":{"allow":["GET"]}}],"collection":[{"href":"https:\/\/kaizen-blog.org\/en\/wp-json\/wp\/v2\/posts"}],"about":[{"href":"https:\/\/kaizen-blog.org\/en\/wp-json\/wp\/v2\/types\/post"}],"author":[{"embeddable":true,"href":"https:\/\/kaizen-blog.org\/en\/wp-json\/wp\/v2\/users\/1"}],"replies":[{"embeddable":true,"href":"https:\/\/kaizen-blog.org\/en\/wp-json\/wp\/v2\/comments?post=18382"}],"version-history":[{"count":0,"href":"https:\/\/kaizen-blog.org\/en\/wp-json\/wp\/v2\/posts\/18382\/revisions"}],"wp:featuredmedia":[{"embeddable":true,"href":"https:\/\/kaizen-blog.org\/en\/wp-json\/wp\/v2\/media\/18384"}],"wp:attachment":[{"href":"https:\/\/kaizen-blog.org\/en\/wp-json\/wp\/v2\/media?parent=18382"}],"wp:term":[{"taxonomy":"category","embeddable":true,"href":"https:\/\/kaizen-blog.org\/en\/wp-json\/wp\/v2\/categories?post=18382"},{"taxonomy":"post_tag","embeddable":true,"href":"https:\/\/kaizen-blog.org\/en\/wp-json\/wp\/v2\/tags?post=18382"}],"curies":[{"name":"wp","href":"https:\/\/api.w.org\/{rel}","templated":true}]}}