{"id":17159,"date":"2025-10-06T20:07:09","date_gmt":"2025-10-06T18:07:09","guid":{"rendered":"https:\/\/kaizen-blog.org\/?p=17159"},"modified":"2025-10-06T20:32:33","modified_gmt":"2025-10-06T18:32:33","slug":"die-anatomie-einer-luege-wie-alice-weidel-angst-zur-politischen-waffe-macht-und-auch-ihre-waehler-taeuscht","status":"publish","type":"post","link":"https:\/\/kaizen-blog.org\/en\/die-anatomie-einer-luege-wie-alice-weidel-angst-zur-politischen-waffe-macht-und-auch-ihre-waehler-taeuscht\/","title":{"rendered":"The Anatomy of a Lie \u2013 How Alice Weidel Turns Fear Into a Political Weapon and Deceives Her Own Voters"},"content":{"rendered":"\n<p>Wenn Alice Weidel schreibt, informiert sie nicht \u2013 sie infiziert. Ihre j\u00fcngste Behauptung, \u201ealles, was du k\u00fcnftig \u00fcber einen Messenger an Freunde oder deinen Partner sendest, will die EU mitlesen\u201c, ist kein Missverst\u00e4ndnis. Es ist eine gezielte Falschinformation, entworfen mit Absicht. In einem einzigen Satz gelingt es der AfD-Fraktionsvorsitzenden, eine Kinderschutzinitiative in eine Geschichte von \u00dcberwachung und Unterdr\u00fcckung zu verwandeln. Es ging dabei nie um Wahrheit. Es ging um Kontrolle. Das europ\u00e4ische Vorhaben, auf das sie sich bezieht \u2013 umgangssprachlich \u201eChat Control\u201c genannt \u2013, erlaubt der EU keineswegs, private Nachrichten mitzulesen. Ziel ist, bekannten Missbrauchsdatenverkehr im Internet zu erkennen und zu l\u00f6schen \u2013 mit verschl\u00fcsselten Erkennungssystemen, die digitale Fingerabdr\u00fccke bereits existierender Missbrauchsbilder abgleichen. Es richtet sich gegen T\u00e4ter, nicht gegen Eltern oder Partner. Weidel wei\u00df das. Und doch erz\u00e4hlt sie das Gegenteil \u2013 eine Geschichte, in der Ermittler zu Spionen werden, Br\u00fcssel zum Feind und der Staat zum Gegner des Volkes. Es ist das \u00e4lteste Muster der Demagogie: die Wirklichkeit so lange umkehren, bis Schutz wie Verfolgung aussieht. Ihre Botschaft ist einfach \u2013 und zerst\u00f6rerisch. Indem sie Regulierung als Tyrannei umdeutet, verwandelt sie legitime Institutionen in angebliche Unterdr\u00fccker. Die EU wird zum Monster, die Presse zum Komplizen, und sie selbst \u2013 die \u00dcberbringerin der L\u00fcge \u2013 zur vermeintlichen Verteidigerin der Freiheit. Es ist ein Skript, erprobt in rechtspopulistischen Bewegungen von Europa bis Amerika: digitale \u00c4ngste ausnutzen, komplexe Politik auf archaische Furcht reduzieren, und Missverst\u00e4ndnisse zur Waffe machen. Doch was diese gezielte Verzerrung besonders gef\u00e4hrlich macht, ist ihr menschlicher Preis. Weidels Rhetorik untergr\u00e4bt jene Systeme, die Ermittlern helfen, Netzwerke sexuellen Missbrauchs aufzudecken. Jede L\u00fcge, die Vertrauen in diese Strukturen zerst\u00f6rt, sch\u00fctzt indirekt T\u00e4ter. Aus \u00dcberwachung zu machen, wo keine ist, ist nicht nur unehrlich \u2013 es ist verantwortungslos.<\/p>\n\n\n\n<figure class=\"wp-block-image alignwide size-full\"><img data-recalc-dims=\"1\" loading=\"lazy\" decoding=\"async\" width=\"640\" height=\"354\" src=\"https:\/\/i0.wp.com\/kaizen-blog.org\/wp-content\/uploads\/2025\/10\/kaizen_22Kopie-von-Kopie-von-Kaizen-Blog27.webp?resize=640%2C354&#038;ssl=1\" alt=\"\" class=\"wp-image-17160\" srcset=\"https:\/\/i0.wp.com\/kaizen-blog.org\/wp-content\/uploads\/2025\/10\/kaizen_22Kopie-von-Kopie-von-Kaizen-Blog27.webp?w=905&amp;ssl=1 905w, https:\/\/i0.wp.com\/kaizen-blog.org\/wp-content\/uploads\/2025\/10\/kaizen_22Kopie-von-Kopie-von-Kaizen-Blog27.webp?resize=18%2C10&amp;ssl=1 18w, https:\/\/i0.wp.com\/kaizen-blog.org\/wp-content\/uploads\/2025\/10\/kaizen_22Kopie-von-Kopie-von-Kaizen-Blog27.webp?resize=300%2C166&amp;ssl=1 300w, https:\/\/i0.wp.com\/kaizen-blog.org\/wp-content\/uploads\/2025\/10\/kaizen_22Kopie-von-Kopie-von-Kaizen-Blog27.webp?resize=768%2C424&amp;ssl=1 768w\" sizes=\"auto, (max-width: 640px) 100vw, 640px\" \/><\/figure>\n\n\n\n<div style=\"height:29px\" aria-hidden=\"true\" class=\"wp-block-spacer\"><\/div>\n\n\n\n<p>Die deutsche Justiz beginnt, die Grenzen zwischen Meinung und Hetze sch\u00e4rfer zu ziehen. Das Landgericht M\u00fcnchen I urteilte am 12. April 2023 (Az. 5 KLs 123 Js 8674\/21), dass pauschale Angriffe auf \u201edie Regierung\u201c oder \u201edie Presse\u201c als Volksverhetzung gewertet werden k\u00f6nnen, wenn sie gezielt Feindbilder schaffen und B\u00fcrger gegeneinander aufbringen. Weidels Sprache folgt genau diesem Muster und konstruiert ein moralisches Schlachtfeld, wo es in Wahrheit nur Verwaltung und Recht gibt \u2013 sie ersetzt demokratische Spannung durch absichtliche Feindseligkeit. Eine rechtliche \u00dcberpr\u00fcfung ergab, der Tatbestand ist erf\u00fcllt. Ihre Worte sind also keine Debatte mehr. Sie sind Destabilisierung, Straftaten. Jeder Beitrag verwandelt Vertrauen in Misstrauen, Realit\u00e4t in Paranoia. Es ist kein Austausch von Ideen \u2013 es ist die schleichende Korrosion des \u00f6ffentlichen Raums. Weidel hat \u2013 vielleicht besser als ihre Gegner \u2013 verstanden, dass Desinformation sich m\u00e4chtig anf\u00fchlt. Sie gibt Menschen das Gef\u00fchl, etwas zu erkennen, was andere nicht sehen. Sie verwandelt Verwirrung in Identit\u00e4t. Und sie macht aus Isolation Zugeh\u00f6rigkeit. In der Kommunikationswelt der extremen Rechten sind L\u00fcgen keine Zuf\u00e4lle \u2013 sie sind Architektur. Ihre Beschw\u00f6rung des \u201egl\u00e4sernen B\u00fcrgers\u201c \u2013 der Vorstellung einer Bev\u00f6lkerung unter permanenter \u00dcberwachung \u2013 wirkt, weil sie ein tieferes Unbehagen bedient: die Angst, im System der Macht unsichtbar zu werden. Doch diese Angst ist fehlgeleitet. Die Einzigen, die sich wirklich verstecken, sind jene, die Kinder im digitalen Schatten ausbeuten. Gegen sie richtet sich das Gesetz.<\/p>\n\n\n\n<div style=\"height:24px\" aria-hidden=\"true\" class=\"wp-block-spacer\"><\/div>\n\n\n\n<!doctype html>\n<html lang=\"de\">\n<head>\n  <meta charset=\"utf-8\" \/>\n  <meta name=\"viewport\" content=\"width=device-width,initial-scale=1\" \/>\n  <title>Infokasten: Wie \u201eChat Control\u201c funktioniert<\/title>\n  <style>\n    :root{\n      --bg: #ffffff;\n      --fg: #0f172a;\n      --muted: #475569;\n      --border: #e2e8f0;\n      --accent: #2563eb;\n      --accent-weak:#dbeafe;\n      --ok:#16a34a;\n      --warn:#b45309;\n      --danger:#dc2626;\n      --chip:#f8fafc;\n      --shadow: 0 6px 30px rgba(15,23,42,.1), 0 2px 10px rgba(15,23,42,.08);\n    }\n\n    *{ box-sizing:border-box; }\n    body{\n      margin:0; padding:1.25rem;\n      background:var(--bg); color:var(--fg);\n      font: 16px\/1.55 system-ui, -apple-system, Segoe UI, Roboto, Inter, Arial, sans-serif;\n    }\n\n    .infobox{\n      max-width: 880px; margin: 0 auto;\n      background: var(--bg);\n      border:1px solid var(--border);\n      border-radius:18px;\n      box-shadow:var(--shadow);\n      overflow:hidden;\n    }\n\n    .infobox__head{\n      display:flex; align-items:center; gap:.9rem;\n      padding:1.1rem 1.25rem; border-bottom:1px solid var(--border);\n      background: linear-gradient(180deg, var(--accent-weak), #fff);\n    }\n\n    .badge{\n      padding:.28rem .6rem; border-radius:999px;\n      font-size:.75rem; font-weight:600;\n      letter-spacing:.02em;\n      background: var(--accent-weak);\n      color: var(--accent);\n      border:1px solid var(--accent);\n    }\n\n    .h1{\n      font-size: clamp(1.05rem, 1.6vw + .8rem, 1.35rem);\n      font-weight: 800; letter-spacing:.2px;\n    }\n\n    .infobox__body{ padding:1rem 1.25rem 1.25rem }\n    .grid{ display:grid; gap:1rem }\n    @media (min-width: 760px){\n      .grid{ grid-template-columns: 1.1fr .9fr }\n    }\n\n    .card{\n      background:#ffffff;\n      border:1px solid var(--border);\n      border-radius:14px;\n      padding:1rem;\n    }\n\n    .card h3{\n      margin:.1rem 0 .5rem 0;\n      font-size:1rem; font-weight:800;\n    }\n\n    .muted{ color:var(--muted); }\n\n    .steps{ display:flex; flex-direction:column; gap:.75rem; margin:.5rem 0 0; }\n    .step{\n      display:grid; grid-template-columns: 28px 1fr; gap:.6rem; align-items:start;\n      padding:.65rem .6rem; border-radius:10px;\n      border:1px dashed var(--border);\n      background: #f9fafb;\n    }\n\n    .dot{\n      width:28px; height:28px; display:grid; place-items:center;\n      border-radius:999px; background:var(--accent-weak);\n      color:var(--accent); font-weight:800; font-size:.8rem;\n      border:1px solid var(--border);\n    }\n\n    .kv{\n      display:grid; grid-template-columns: 1fr auto; gap:.35rem .75rem; align-items:center;\n      font-size:.92rem; margin-top:.35rem;\n    }\n\n    .kv strong{ font-weight:700; }\n\n    .chip{\n      border:1px solid var(--border);\n      background: var(--chip);\n      padding:.15rem .5rem;\n      border-radius:999px;\n      font-size:.75rem;\n      color:var(--muted);\n      white-space:nowrap;\n    }\n\n    .legend{\n      display:flex; gap:.5rem; flex-wrap:wrap; margin-top:.75rem;\n    }\n\n    .legend .pill{\n      display:inline-flex; gap:.4rem; align-items:center;\n      border:1px solid var(--border);\n      border-radius:999px;\n      padding:.22rem .55rem;\n      font-size:.78rem;\n      color:var(--muted);\n      background:var(--chip);\n    }\n\n    .pill i{ width:.65rem; height:.65rem; display:inline-block; border-radius:50%; }\n    .i-ok{ background:var(--ok); }\n    .i-warn{ background:var(--warn); }\n    .i-danger{ background:var(--danger); }\n\n    details{\n      border:1px solid var(--border);\n      border-radius:12px;\n      padding:.6rem .8rem;\n      background:#f9fafb;\n    }\n\n    summary{ cursor:pointer; font-weight:700; }\n    details[open]{ outline:1px solid var(--accent); }\n\n    .foot{\n      margin-top:1rem; display:flex; gap:.6rem; flex-wrap:wrap; align-items:center;\n      font-size:.85rem; color:var(--muted);\n    }\n\n    .foot .note{\n      padding:.25rem .5rem;\n      border-radius:8px;\n      background: var(--chip);\n      border:1px solid var(--border);\n    }\n\n    a{ color: var(--accent); text-decoration: none; }\n    a:hover{ text-decoration: underline; }\n  <\/style>\n<\/head>\n<body>\n  <section class=\"infobox\" aria-labelledby=\"cc-title\">\n    <header class=\"infobox__head\">\n      <span class=\"badge\" aria-hidden=\"true\">Erkl\u00e4rt<\/span>\n      <h2 id=\"cc-title\" class=\"h1\">Wie \u201eChat Control\u201c funktioniert \u2013 kurz &#038; korrekt<\/h2>\n    <\/header>\n\n    <div class=\"infobox__body\">\n      <div class=\"grid\">\n        <article class=\"card\" aria-labelledby=\"steps-title\">\n          <h3 id=\"steps-title\">Ablauf in 5 Schritten<\/h3>\n          <p class=\"muted\">Ziel ist der Schutz von Minderj\u00e4hrigen vor digitaler Ausbeutung. Private Chats werden <strong>nicht<\/strong> \u201emitgelesen\u201c.<\/p>\n\n          <ol class=\"steps\">\n            <li class=\"step\">\n              <span class=\"dot\">1<\/span>\n              <div>\n                <strong>Bekannte Muster<\/strong>\n                <div class=\"kv\">\n                  <span>Plattformen nutzen <em>Hash-Datenbanken<\/em> mit digitalen Fingerabdr\u00fccken bereits bekannter CSAM-Inhalte.<\/span>\n                  <span class=\"chip\">CSAM = Child Sexual Abuse Material<\/span>\n                <\/div>\n              <\/div>\n            <\/li>\n            <li class=\"step\">\n              <span class=\"dot\">2<\/span>\n              <div>\n                <strong>Client- oder Serverseitiger Abgleich<\/strong>\n                <div class=\"kv\">\n                  <span>Dateien werden <em>automatisiert<\/em> gegen diese Hashes gepr\u00fcft \u2013 ohne Inhalt \u201ezu lesen\u201c.<\/span>\n                  <span class=\"chip\">Kein Volltext-Mitlesen<\/span>\n                <\/div>\n              <\/div>\n            <\/li>\n            <li class=\"step\">\n              <span class=\"dot\">3<\/span>\n              <div>\n                <strong>Treffer \u2192 Flag<\/strong>\n                <div class=\"kv\">\n                  <span>Bei \u00dcbereinstimmung wird ein <em>Flag<\/em> erzeugt. Verdachtsmeldungen laufen an geschulte Trust-&#038;-Safety-Teams.<\/span>\n                  <span class=\"chip\">Minimierung von False Positives<\/span>\n                <\/div>\n              <\/div>\n            <\/li>\n            <li class=\"step\">\n              <span class=\"dot\">4<\/span>\n              <div>\n                <strong>Meldung an Stelle X<\/strong>\n                <div class=\"kv\">\n                  <span>Nach Pr\u00fcfung geht ein Bericht an die zust\u00e4ndige Meldestelle bzw. Ermittlungsbeh\u00f6rden.<\/span>\n                  <span class=\"chip\">Rechtlicher Rahmen (EU)<\/span>\n                <\/div>\n              <\/div>\n            <\/li>\n            <li class=\"step\">\n              <span class=\"dot\">5<\/span>\n              <div>\n                <strong>Ma\u00dfnahmen<\/strong>\n                <div class=\"kv\">\n                  <span>Inhalte werden entfernt, Accounts gesperrt, Ermittlungen gestartet, Opfer identifiziert.<\/span>\n                  <span class=\"chip\">Opferschutz zuerst<\/span>\n                <\/div>\n              <\/div>\n            <\/li>\n          <\/ol>\n\n          <div class=\"legend\">\n            <span class=\"pill\"><i class=\"i-ok\"><\/i> Schutz-Ziel<\/span>\n            <span class=\"pill\"><i class=\"i-warn\"><\/i> Sorgfalt\/Pr\u00fcfung<\/span>\n            <span class=\"pill\"><i class=\"i-danger\"><\/i> Missbrauch bek\u00e4mpfen<\/span>\n          <\/div>\n        <\/article>\n\n        <aside class=\"card\" aria-labelledby=\"myths-title\">\n          <h3 id=\"myths-title\">Mythen &#038; Fakten<\/h3>\n          <details>\n            <summary>\u201eDie EU liest meine Nachrichten mit.\u201c<\/summary>\n            <p>Falsch. Es findet ein <strong>Musterabgleich<\/strong> gegen bekannte Missbrauchsbilder statt. Kein Mitlesen privater Texte, keine allgemeine Inhaltsanalyse.<\/p>\n          <\/details>\n          <details>\n            <summary>\u201eEnde-zu-Ende-Verschl\u00fcsselung wird abgeschafft.\u201c<\/summary>\n            <p>Falsch. E2E bleibt bestehen. Erlaubt sind gezielte technische Ma\u00dfnahmen gegen <em>bekannte<\/em> CSAM-Muster. Verschl\u00fcsselung als Prinzip wird nicht aufgehoben.<\/p>\n          <\/details>\n          <details>\n            <summary>\u201eJeder Fehlalarm landet sofort bei der Polizei.\u201c<\/summary>\n            <p>Nein. Verdachtsmeldungen werden <strong>vorab<\/strong> durch geschulte Teams gepr\u00fcft, um Fehlmeldungen zu minimieren, bevor Beh\u00f6rden informiert werden.<\/p>\n          <\/details>\n          <details>\n            <summary>\u201eDas ist Massen\u00fcberwachung.\u201c<\/summary>\n            <p>Nein. Der Fokus liegt auf <strong>gezielter Gefahrenabwehr<\/strong> und Strafverfolgung im Bereich Kindesmissbrauch \u2013 nicht auf allgemeiner B\u00fcrger\u00fcberwachung.<\/p>\n          <\/details>\n          <p class=\"muted\" style=\"margin-top:.65rem\">\n            Hinweis: Die genaue Ausgestaltung h\u00e4ngt vom finalen Gesetzestext ab. Kernprinzipien bleiben <em>Opferschutz<\/em>, <em>Verh\u00e4ltnism\u00e4\u00dfigkeit<\/em> und <em>Technikneutralit\u00e4t<\/em>.\n          <\/p>\n        <\/aside>\n      <\/div>\n\n      <div class=\"foot\">\n        <span class=\"note\">Kurzfassung \u2022 F\u00fcr Redaktionen &#038; Eltern<\/span>\n        <span class=\"note\">Kein Mitlesen von Chats \u2013 Hash-Abgleich bekannter CSAM-Inhalte<\/span>\n        <span class=\"note\">E2E-Verschl\u00fcsselung bleibt bestehen<\/span>\n      <\/div>\n    <\/div>\n    <\/section>\n\n  <footer style=\"text-align:center; font-size:0.85rem; color:#00ff7f; margin-top:1.5rem; padding-top:0.75rem; border-top:1px solid #00ff7f; background-color:#ffffff;\">\n    \u00a9 2025 Kaizen-Blog.org \u2013 Alle Rechte vorbehalten\n  <\/footer>\n<\/body>\n<\/html>\n\n<\/body>\n<\/html>\n\n\n\n<div style=\"height:34px\" aria-hidden=\"true\" class=\"wp-block-spacer\"><\/div>\n\n\n\n<p>In Wahrheit ist die EU kein gesichtsloses Monster, sondern ein komplizierter Zusammenschluss von Gesetzen, Ermittlern und Institutionen, die versuchen, eine fragile moralische Ordnung zu bewahren. Wer sie zum Feind erkl\u00e4rt, greift jene Strukturen an, die die Schw\u00e4chsten sch\u00fctzen. Wenn Weidel ihren Followern erz\u00e4hlt, Br\u00fcssel wolle ihre Nachrichten lesen, verteidigt sie nicht die Privatsph\u00e4re. Sie demontiert die Wahrheit. Und Wahrheit ist die erste Freiheit, die stirbt, wenn sie aus dem \u00f6ffentlichen Leben verschwindet. Ihre Worte hinterlassen keine blauen Flecken, aber sie verletzen trotzdem. Sie untergraben das Vertrauen in das gemeinsame Fundament der Demokratie. Sie lassen Menschen an der Realit\u00e4t zweifeln \u2013 und hassen, wer sie noch verteidigt. Und sie tun, was jede wirksame Propaganda tut: Sie lenken den Zorn auf das falsche Ziel. Die wahre Gefahr liegt nicht darin, dass Alice Weidel l\u00fcgt. Sondern darin, dass ihre L\u00fcgen wirken. <\/p>\n\n\n\n<p>Daher gilt es, Frau Weidel und der AfD entschieden entgegenzutreten \u2013 nicht mit Parolen, sondern mit Aufkl\u00e4rung. Man muss immer wieder sichtbar machen, was sich tats\u00e4chlich hinter ihren Botschaften verbirgt: eine Strategie der T\u00e4uschung und L\u00fcge, die Angst als Werkzeug nutzt und in Wahrheit versteht diese Partei nichts von der Realit\u00e4t der Menschen \u2013 au\u00dfer davon, ihre eigenen W\u00e4hler zu t\u00e4uschen.<\/p>\n\n\n\n<div style=\"height:38px\" aria-hidden=\"true\" class=\"wp-block-spacer\"><\/div>\n\n\n\n<!-- Kaizen Blog \u2013 Support-Karte (Light\/Dark, responsive, mit Logo) -->\n<div class=\"kzb-support\" role=\"complementary\" aria-label=\"Support f\u00fcr den Kaizen Blog\">\n  <style>\n    .kzb-support{\n      --bg:#ffffff; \/* Hintergrund IMMER wei\u00df *\/\n      --fg:#0b0b12;\n      --muted:#57576a;\n      --border:rgba(17,17,26,.08);\n      --shadow:0 12px 36px rgba(0,0,0,.08);\n      --radius:18px;\n\n      \/* Neon T\u00fcrkis \u2192 Magenta *\/\n      --btn-start:#00e6ff;   \/* Neon-T\u00fcrkis *\/\n      --btn-end:#ff2ec4;     \/* Neon-Magenta *\/\n      --btn-text:#ffffff;\n      --btn-glow:0 10px 24px rgba(0,230,255,.35), 0 8px 20px rgba(255,46,196,.35);\n\n      max-width: 820px;\n      margin:18px auto;\n      padding:24px 22px;\n      background:var(--bg);\n      color:var(--fg);\n      border:1px solid var(--border);\n      border-radius:var(--radius);\n      box-shadow:var(--shadow);\n      font:400 16px\/1.6 -apple-system,BlinkMacSystemFont,\"Segoe UI\",Roboto,\"Helvetica Neue\",Arial,system-ui,\"Apple Color Emoji\",\"Segoe UI Emoji\";\n      position:relative;\n      overflow:clip;\n      isolation:isolate;\n    }\n\n    .kzb-row{display:flex; gap:18px; align-items:flex-start;}\n    .kzb-media{flex:0 0 auto; width:68px; height:68px; border-radius:16px; overflow:hidden; border:1px solid rgba(0,0,0,.06)}\n    .kzb-media img{width:100%; height:100%; object-fit:cover}\n\n    .kzb-col{flex:1 1 0}\n\n    .kzb-eyebrow{\n      font-weight:700; font-size:.88rem; letter-spacing:.12em; text-transform:uppercase;\n      color:var(--muted); margin:0 0 8px;\n    }\n    .kzb-title{\n      margin:0 0 10px; font-weight:800; letter-spacing:.2px;\n      font-size: clamp(1.25rem, 2.6vw, 1.6rem);\n    }\n    .kzb-lead{margin:0 0 12px}\n    .kzb-note{margin:6px 0 0; color:var(--muted); font-size:.94rem}\n\n    .kzb-actions{display:flex; flex-wrap:wrap; gap:12px; align-items:center; margin-top:14px}\n\n    .kzb-btn{\n      appearance:none; border:none; cursor:pointer;\n      display:inline-flex; align-items:center; gap:.6rem;\n      padding:12px 20px;\n      border-radius:9999px;\n      background:linear-gradient(90deg,var(--btn-start),var(--btn-end));\n      color:var(--btn-text);\n      font-weight:800; letter-spacing:.2px; font-size:.98rem; text-decoration:none;\n      box-shadow:var(--btn-glow);\n      transition:transform .06s ease, filter .18s ease, box-shadow .18s ease, color .06s ease;\n    }\n    .kzb-btn:hover{transform:translateY(-1px); filter:brightness(1.08)}\n    .kzb-btn:active{transform:translateY(0); color:#0b0b12}\n    .kzb-btn:focus-visible{outline:3px solid rgba(0,230,255,.55); outline-offset:3px}\n\n    .kzb-link{\n      display:inline-flex; align-items:center; gap:.45rem;\n      font-weight:700; text-decoration:none; color:var(--fg);\n      border-bottom:2px solid rgba(255,46,196,.35);\n      padding-bottom:2px; transition:color .15s ease, border-color .15s ease;\n    }\n    .kzb-link:hover{color:#ff2ec4; border-color:#ff2ec4}\n\n    @media (prefers-color-scheme: dark){\n      .kzb-support{\n        --bg:#ffffff; \/* auch im Darkmode bleibt Hintergrund WEISS *\/\n        --fg:#0b0b12;\n        --muted:#57576a;\n        --border:rgba(17,17,26,.08);\n        --shadow:0 12px 36px rgba(0,0,0,.08);\n      }\n      .kzb-media{border-color:rgba(0,0,0,.10)}\n      .kzb-link{border-color:rgba(255,46,196,.45)}\n    }\n\n    @media (max-width:640px){\n      .kzb-support{padding:20px 18px}\n      .kzb-row{flex-direction:column}\n      .kzb-media{width:60px; height:60px; border-radius:14px}\n    }\n  <\/style>\n\n  <div class=\"kzb-row\">\n    <div class=\"kzb-media\" aria-hidden=\"true\">\n      <img data-recalc-dims=\"1\" decoding=\"async\" src=\"https:\/\/i0.wp.com\/kaizen-blog.org\/wp-content\/uploads\/2025\/10\/kaizenBlog.webp?w=640&#038;ssl=1\"\n           alt=\"The Kaizen Blog Logo\">\n    <\/div>\n\n    <div class=\"kzb-col\">\n      <div class=\"kzb-eyebrow\">Unterst\u00fctzen Sie unabh\u00e4ngigen Journalismus<\/div>\n      <h3 class=\"kzb-title\">Investigativer Journalismus braucht Mut, Haltung und auch Deine Unterst\u00fctzung.<\/h3>\n      <p class=\"kzb-lead\">St\u00e4rken bitte auch Sie unseren journalistischen Kampf gegen Rechtspopulismus und Menschenrechtsverst\u00f6\u00dfe. Wir m\u00f6chten uns nicht \u00fcber eine Bezahlschranke finanzieren, damit jeder unsere Recherchen lesen kann \u2013 unabh\u00e4ngig von Einkommen oder Herkunft. Vielen Dank!<\/p>\n\n      <div class=\"kzb-actions\">\n        <a class=\"kzb-btn\"\n           href=\"https:\/\/kaizen-blog.org\/unterstuetzen-sie-unser-arbeit\/\"\n           rel=\"noopener\"\n           aria-label=\"Support Kaizen \u2013 zur Supportseite\">\n          Support Kaizen\n          <svg width=\"18\" height=\"18\" viewBox=\"0 0 24 24\" aria-hidden=\"true\" focusable=\"false\">\n            <path fill=\"currentColor\" d=\"M13 5l7 7-7 7-1.4-1.4L16.2 13H4v-2h12.2l-4.6-4.6L13 5z\"\/>\n          <\/svg>\n        <\/a>\n        <span class=\"kzb-note\">Mehr auf unserer Support-Seite<\/span>\n      <\/div>\n    <\/div>\n  <\/div>\n<\/div>\n\n\n\n<div style=\"height:94px\" aria-hidden=\"true\" class=\"wp-block-spacer\"><\/div>\n<div class=\"gsp_post_data\" \r\n\t            data-post_type=\"post\" \r\n\t            data-cat=\"afd-no-thanks,news,topstory\" \r\n\t            data-modified=\"120\"\r\n\t            data-created=\"1759781229\"\r\n\t            data-title=\"Die Anatomie einer L\u00fcge \u2013 Wie Alice Weidel Angst zur politischen Waffe macht und auch ihre W\u00e4hler t\u00e4uscht\" \r\n\t            data-home=\"https:\/\/kaizen-blog.org\/en\/\"><\/div>","protected":false},"excerpt":{"rendered":"<p>Wenn Alice Weidel schreibt, informiert sie nicht \u2013 sie infiziert. Ihre j\u00fcngste Behauptung, \u201ealles, was du k\u00fcnftig \u00fcber einen Messenger an Freunde oder deinen Partner sendest, will die EU mitlesen\u201c, ist kein Missverst\u00e4ndnis. Es ist eine gezielte Falschinformation, entworfen mit Absicht. In einem einzigen Satz gelingt es der AfD-Fraktionsvorsitzenden, eine Kinderschutzinitiative in eine Geschichte von [&hellip;]<\/p>\n","protected":false},"author":1,"featured_media":17161,"comment_status":"open","ping_status":"open","sticky":false,"template":"","format":"standard","meta":{"_jetpack_memberships_contains_paid_content":false,"footnotes":"","jetpack_publicize_message":"","jetpack_publicize_feature_enabled":true,"jetpack_social_post_already_shared":true,"jetpack_social_options":{"image_generator_settings":{"template":"highway","default_image_id":0,"font":"","enabled":false},"version":2}},"categories":[33,5,7],"tags":[],"class_list":["post-17159","post","type-post","status-publish","format-standard","has-post-thumbnail","hentry","category-afd-no-thanks","category-news","category-topstory"],"featured_image_src":"https:\/\/i0.wp.com\/kaizen-blog.org\/wp-content\/uploads\/2025\/10\/kaizen_22Kopie-von-Kopie-von-Kaizen-Blog28.webp?fit=905%2C500&ssl=1","author_info":{"display_name":"Rainer Hofmann","author_link":"https:\/\/kaizen-blog.org\/en\/author\/admin\/"},"yoast_head":"<!-- This site is optimized with the Yoast SEO plugin v27.4 - https:\/\/yoast.com\/product\/yoast-seo-wordpress\/ -->\n<title>Die Anatomie einer L\u00fcge \u2013 Wie Alice Weidel Angst zur politischen Waffe macht und auch ihre W\u00e4hler t\u00e4uscht - The Kaizen Blog<\/title>\n<meta name=\"description\" content=\"Die deutsche Justiz beginnt, die Grenzen zwischen Meinung und Hetze sch\u00e4rfer zu ziehen. Das Landgericht M\u00fcnchen I urteilte am 12. April 2023 (Az. 5 KLs 123 Js 8674\/21), dass pauschale Angriffe auf \u201edie Regierung\u201c oder \u201edie Presse\u201c als Volksverhetzung gewertet werden k\u00f6nnen, wenn sie gezielt Feindbilder schaffen und B\u00fcrger gegeneinander aufbringen. Weidels Sprache folgt genau diesem Muster und konstruiert ein moralisches Schlachtfeld, wo es in Wahrheit nur Verwaltung und Recht gibt \u2013 sie ersetzt demokratische Spannung durch absichtliche Feindseligkeit. Eine rechtliche \u00dcberpr\u00fcfung ergab, der Tatbestand ist erf\u00fcllt. Ihre Worte sind also keine Debatte mehr. Sie sind Destabilisierung, Straftaten ...\" \/>\n<meta name=\"robots\" content=\"index, follow, max-snippet:-1, max-image-preview:large, max-video-preview:-1\" \/>\n<link rel=\"canonical\" href=\"https:\/\/kaizen-blog.org\/en\/die-anatomie-einer-luege-wie-alice-weidel-angst-zur-politischen-waffe-macht-und-auch-ihre-waehler-taeuscht\/\" \/>\n<meta property=\"og:locale\" content=\"en_US\" \/>\n<meta property=\"og:type\" content=\"article\" \/>\n<meta property=\"og:title\" content=\"Die Anatomie einer L\u00fcge \u2013 Wie Alice Weidel Angst zur politischen Waffe macht und auch ihre W\u00e4hler t\u00e4uscht\" \/>\n<meta property=\"og:description\" content=\"Die deutsche Justiz beginnt, die Grenzen zwischen Meinung und Hetze sch\u00e4rfer zu ziehen. Das Landgericht M\u00fcnchen I urteilte am 12. April 2023 (Az. 5 KLs 123 Js 8674\/21), dass pauschale Angriffe auf \u201edie Regierung\u201c oder \u201edie Presse\u201c als Volksverhetzung gewertet werden k\u00f6nnen, wenn sie gezielt Feindbilder schaffen und B\u00fcrger gegeneinander aufbringen. Weidels Sprache folgt genau diesem Muster und konstruiert ein moralisches Schlachtfeld, wo es in Wahrheit nur Verwaltung und Recht gibt \u2013 sie ersetzt demokratische Spannung durch absichtliche Feindseligkeit. Eine rechtliche \u00dcberpr\u00fcfung ergab, der Tatbestand ist erf\u00fcllt. Ihre Worte sind also keine Debatte mehr. Sie sind Destabilisierung, Straftaten ...\" \/>\n<meta property=\"og:url\" content=\"https:\/\/kaizen-blog.org\/en\/die-anatomie-einer-luege-wie-alice-weidel-angst-zur-politischen-waffe-macht-und-auch-ihre-waehler-taeuscht\/\" \/>\n<meta property=\"og:site_name\" content=\"The Kaizen Blog\" \/>\n<meta property=\"article:publisher\" content=\"https:\/\/www.facebook.com\/rainer.hofmann.2025\/\" \/>\n<meta property=\"article:published_time\" content=\"2025-10-06T18:07:09+00:00\" \/>\n<meta property=\"article:modified_time\" content=\"2025-10-06T18:32:33+00:00\" \/>\n<meta property=\"og:image\" content=\"https:\/\/kaizen-blog.org\/wp-content\/uploads\/2025\/10\/kaizen_22Kopie-von-Kopie-von-Kaizen-Blog28.webp\" \/>\n\t<meta property=\"og:image:width\" content=\"905\" \/>\n\t<meta property=\"og:image:height\" content=\"500\" \/>\n\t<meta property=\"og:image:type\" content=\"image\/webp\" \/>\n<meta name=\"author\" content=\"Rainer Hofmann\" \/>\n<meta name=\"twitter:card\" content=\"summary_large_image\" \/>\n<meta name=\"twitter:label1\" content=\"Written by\" \/>\n\t<meta name=\"twitter:data1\" content=\"Rainer Hofmann\" \/>\n\t<meta name=\"twitter:label2\" content=\"Est. reading time\" \/>\n\t<meta name=\"twitter:data2\" content=\"5 minutes\" \/>\n<script type=\"application\/ld+json\" class=\"yoast-schema-graph\">{\"@context\":\"https:\\\/\\\/schema.org\",\"@graph\":[{\"@type\":\"Article\",\"@id\":\"https:\\\/\\\/kaizen-blog.org\\\/die-anatomie-einer-luege-wie-alice-weidel-angst-zur-politischen-waffe-macht-und-auch-ihre-waehler-taeuscht\\\/#article\",\"isPartOf\":{\"@id\":\"https:\\\/\\\/kaizen-blog.org\\\/die-anatomie-einer-luege-wie-alice-weidel-angst-zur-politischen-waffe-macht-und-auch-ihre-waehler-taeuscht\\\/\"},\"author\":{\"name\":\"Rainer Hofmann\",\"@id\":\"https:\\\/\\\/kaizen-blog.org\\\/#\\\/schema\\\/person\\\/7d3fc7346e2501a389ea3daa48b99ad0\"},\"headline\":\"Die Anatomie einer L\u00fcge \u2013 Wie Alice Weidel Angst zur politischen Waffe macht und auch ihre W\u00e4hler t\u00e4uscht\",\"datePublished\":\"2025-10-06T18:07:09+00:00\",\"dateModified\":\"2025-10-06T18:32:33+00:00\",\"mainEntityOfPage\":{\"@id\":\"https:\\\/\\\/kaizen-blog.org\\\/die-anatomie-einer-luege-wie-alice-weidel-angst-zur-politischen-waffe-macht-und-auch-ihre-waehler-taeuscht\\\/\"},\"wordCount\":1087,\"commentCount\":7,\"image\":{\"@id\":\"https:\\\/\\\/kaizen-blog.org\\\/die-anatomie-einer-luege-wie-alice-weidel-angst-zur-politischen-waffe-macht-und-auch-ihre-waehler-taeuscht\\\/#primaryimage\"},\"thumbnailUrl\":\"https:\\\/\\\/i0.wp.com\\\/kaizen-blog.org\\\/wp-content\\\/uploads\\\/2025\\\/10\\\/kaizen_22Kopie-von-Kopie-von-Kaizen-Blog28.webp?fit=905%2C500&ssl=1\",\"articleSection\":[\"AFD - \\\"No Thanks\\\"\",\"NEWS\",\"Topstory\"],\"inLanguage\":\"en-US\",\"potentialAction\":[{\"@type\":\"CommentAction\",\"name\":\"Comment\",\"target\":[\"https:\\\/\\\/kaizen-blog.org\\\/die-anatomie-einer-luege-wie-alice-weidel-angst-zur-politischen-waffe-macht-und-auch-ihre-waehler-taeuscht\\\/#respond\"]}]},{\"@type\":\"WebPage\",\"@id\":\"https:\\\/\\\/kaizen-blog.org\\\/die-anatomie-einer-luege-wie-alice-weidel-angst-zur-politischen-waffe-macht-und-auch-ihre-waehler-taeuscht\\\/\",\"url\":\"https:\\\/\\\/kaizen-blog.org\\\/die-anatomie-einer-luege-wie-alice-weidel-angst-zur-politischen-waffe-macht-und-auch-ihre-waehler-taeuscht\\\/\",\"name\":\"Die Anatomie einer L\u00fcge \u2013 Wie Alice Weidel Angst zur politischen Waffe macht und auch ihre W\u00e4hler t\u00e4uscht - The Kaizen Blog\",\"isPartOf\":{\"@id\":\"https:\\\/\\\/kaizen-blog.org\\\/#website\"},\"primaryImageOfPage\":{\"@id\":\"https:\\\/\\\/kaizen-blog.org\\\/die-anatomie-einer-luege-wie-alice-weidel-angst-zur-politischen-waffe-macht-und-auch-ihre-waehler-taeuscht\\\/#primaryimage\"},\"image\":{\"@id\":\"https:\\\/\\\/kaizen-blog.org\\\/die-anatomie-einer-luege-wie-alice-weidel-angst-zur-politischen-waffe-macht-und-auch-ihre-waehler-taeuscht\\\/#primaryimage\"},\"thumbnailUrl\":\"https:\\\/\\\/i0.wp.com\\\/kaizen-blog.org\\\/wp-content\\\/uploads\\\/2025\\\/10\\\/kaizen_22Kopie-von-Kopie-von-Kaizen-Blog28.webp?fit=905%2C500&ssl=1\",\"datePublished\":\"2025-10-06T18:07:09+00:00\",\"dateModified\":\"2025-10-06T18:32:33+00:00\",\"author\":{\"@id\":\"https:\\\/\\\/kaizen-blog.org\\\/#\\\/schema\\\/person\\\/7d3fc7346e2501a389ea3daa48b99ad0\"},\"description\":\"Die deutsche Justiz beginnt, die Grenzen zwischen Meinung und Hetze sch\u00e4rfer zu ziehen. Das Landgericht M\u00fcnchen I urteilte am 12. April 2023 (Az. 5 KLs 123 Js 8674\\\/21), dass pauschale Angriffe auf \u201edie Regierung\u201c oder \u201edie Presse\u201c als Volksverhetzung gewertet werden k\u00f6nnen, wenn sie gezielt Feindbilder schaffen und B\u00fcrger gegeneinander aufbringen. Weidels Sprache folgt genau diesem Muster und konstruiert ein moralisches Schlachtfeld, wo es in Wahrheit nur Verwaltung und Recht gibt \u2013 sie ersetzt demokratische Spannung durch absichtliche Feindseligkeit. Eine rechtliche \u00dcberpr\u00fcfung ergab, der Tatbestand ist erf\u00fcllt. Ihre Worte sind also keine Debatte mehr. Sie sind Destabilisierung, Straftaten ...\",\"breadcrumb\":{\"@id\":\"https:\\\/\\\/kaizen-blog.org\\\/die-anatomie-einer-luege-wie-alice-weidel-angst-zur-politischen-waffe-macht-und-auch-ihre-waehler-taeuscht\\\/#breadcrumb\"},\"inLanguage\":\"en-US\",\"potentialAction\":[{\"@type\":\"ReadAction\",\"target\":[\"https:\\\/\\\/kaizen-blog.org\\\/die-anatomie-einer-luege-wie-alice-weidel-angst-zur-politischen-waffe-macht-und-auch-ihre-waehler-taeuscht\\\/\"]}]},{\"@type\":\"ImageObject\",\"inLanguage\":\"en-US\",\"@id\":\"https:\\\/\\\/kaizen-blog.org\\\/die-anatomie-einer-luege-wie-alice-weidel-angst-zur-politischen-waffe-macht-und-auch-ihre-waehler-taeuscht\\\/#primaryimage\",\"url\":\"https:\\\/\\\/i0.wp.com\\\/kaizen-blog.org\\\/wp-content\\\/uploads\\\/2025\\\/10\\\/kaizen_22Kopie-von-Kopie-von-Kaizen-Blog28.webp?fit=905%2C500&ssl=1\",\"contentUrl\":\"https:\\\/\\\/i0.wp.com\\\/kaizen-blog.org\\\/wp-content\\\/uploads\\\/2025\\\/10\\\/kaizen_22Kopie-von-Kopie-von-Kaizen-Blog28.webp?fit=905%2C500&ssl=1\",\"width\":905,\"height\":500},{\"@type\":\"BreadcrumbList\",\"@id\":\"https:\\\/\\\/kaizen-blog.org\\\/die-anatomie-einer-luege-wie-alice-weidel-angst-zur-politischen-waffe-macht-und-auch-ihre-waehler-taeuscht\\\/#breadcrumb\",\"itemListElement\":[{\"@type\":\"ListItem\",\"position\":1,\"name\":\"Startseite\",\"item\":\"https:\\\/\\\/kaizen-blog.org\\\/\"},{\"@type\":\"ListItem\",\"position\":2,\"name\":\"Die Anatomie einer L\u00fcge \u2013 Wie Alice Weidel Angst zur politischen Waffe macht und auch ihre W\u00e4hler t\u00e4uscht\"}]},{\"@type\":\"WebSite\",\"@id\":\"https:\\\/\\\/kaizen-blog.org\\\/#website\",\"url\":\"https:\\\/\\\/kaizen-blog.org\\\/\",\"name\":\"The Kaizen Blog\",\"description\":\"Investigativer Journalismus\",\"potentialAction\":[{\"@type\":\"SearchAction\",\"target\":{\"@type\":\"EntryPoint\",\"urlTemplate\":\"https:\\\/\\\/kaizen-blog.org\\\/?s={search_term_string}\"},\"query-input\":{\"@type\":\"PropertyValueSpecification\",\"valueRequired\":true,\"valueName\":\"search_term_string\"}}],\"inLanguage\":\"en-US\"},{\"@type\":\"Person\",\"@id\":\"https:\\\/\\\/kaizen-blog.org\\\/#\\\/schema\\\/person\\\/7d3fc7346e2501a389ea3daa48b99ad0\",\"name\":\"Rainer Hofmann\",\"image\":{\"@type\":\"ImageObject\",\"inLanguage\":\"en-US\",\"@id\":\"\\\/\\\/www.gravatar.com\\\/avatar\\\/21e5b26d4f12b21206d8094d7aea4ab6?s=96&#038;r=g&#038;d=initials\",\"url\":\"\\\/\\\/www.gravatar.com\\\/avatar\\\/21e5b26d4f12b21206d8094d7aea4ab6?s=96&#038;r=g&#038;d=initials\",\"contentUrl\":\"\\\/\\\/www.gravatar.com\\\/avatar\\\/21e5b26d4f12b21206d8094d7aea4ab6?s=96&#038;r=g&#038;d=initials\",\"caption\":\"Rainer Hofmann\"},\"sameAs\":[\"https:\\\/\\\/kaizen-blog.org\"],\"url\":\"https:\\\/\\\/kaizen-blog.org\\\/en\\\/author\\\/admin\\\/\"}]}<\/script>\n<!-- \/ Yoast SEO plugin. -->","yoast_head_json":{"title":"Die Anatomie einer L\u00fcge \u2013 Wie Alice Weidel Angst zur politischen Waffe macht und auch ihre W\u00e4hler t\u00e4uscht - The Kaizen Blog","description":"Die deutsche Justiz beginnt, die Grenzen zwischen Meinung und Hetze sch\u00e4rfer zu ziehen. Das Landgericht M\u00fcnchen I urteilte am 12. April 2023 (Az. 5 KLs 123 Js 8674\/21), dass pauschale Angriffe auf \u201edie Regierung\u201c oder \u201edie Presse\u201c als Volksverhetzung gewertet werden k\u00f6nnen, wenn sie gezielt Feindbilder schaffen und B\u00fcrger gegeneinander aufbringen. Weidels Sprache folgt genau diesem Muster und konstruiert ein moralisches Schlachtfeld, wo es in Wahrheit nur Verwaltung und Recht gibt \u2013 sie ersetzt demokratische Spannung durch absichtliche Feindseligkeit. Eine rechtliche \u00dcberpr\u00fcfung ergab, der Tatbestand ist erf\u00fcllt. Ihre Worte sind also keine Debatte mehr. Sie sind Destabilisierung, Straftaten ...","robots":{"index":"index","follow":"follow","max-snippet":"max-snippet:-1","max-image-preview":"max-image-preview:large","max-video-preview":"max-video-preview:-1"},"canonical":"https:\/\/kaizen-blog.org\/en\/die-anatomie-einer-luege-wie-alice-weidel-angst-zur-politischen-waffe-macht-und-auch-ihre-waehler-taeuscht\/","og_locale":"en_US","og_type":"article","og_title":"Die Anatomie einer L\u00fcge \u2013 Wie Alice Weidel Angst zur politischen Waffe macht und auch ihre W\u00e4hler t\u00e4uscht","og_description":"Die deutsche Justiz beginnt, die Grenzen zwischen Meinung und Hetze sch\u00e4rfer zu ziehen. Das Landgericht M\u00fcnchen I urteilte am 12. April 2023 (Az. 5 KLs 123 Js 8674\/21), dass pauschale Angriffe auf \u201edie Regierung\u201c oder \u201edie Presse\u201c als Volksverhetzung gewertet werden k\u00f6nnen, wenn sie gezielt Feindbilder schaffen und B\u00fcrger gegeneinander aufbringen. Weidels Sprache folgt genau diesem Muster und konstruiert ein moralisches Schlachtfeld, wo es in Wahrheit nur Verwaltung und Recht gibt \u2013 sie ersetzt demokratische Spannung durch absichtliche Feindseligkeit. Eine rechtliche \u00dcberpr\u00fcfung ergab, der Tatbestand ist erf\u00fcllt. Ihre Worte sind also keine Debatte mehr. Sie sind Destabilisierung, Straftaten ...","og_url":"https:\/\/kaizen-blog.org\/en\/die-anatomie-einer-luege-wie-alice-weidel-angst-zur-politischen-waffe-macht-und-auch-ihre-waehler-taeuscht\/","og_site_name":"The Kaizen Blog","article_publisher":"https:\/\/www.facebook.com\/rainer.hofmann.2025\/","article_published_time":"2025-10-06T18:07:09+00:00","article_modified_time":"2025-10-06T18:32:33+00:00","og_image":[{"width":905,"height":500,"url":"https:\/\/kaizen-blog.org\/wp-content\/uploads\/2025\/10\/kaizen_22Kopie-von-Kopie-von-Kaizen-Blog28.webp","type":"image\/webp"}],"author":"Rainer Hofmann","twitter_card":"summary_large_image","twitter_misc":{"Written by":"Rainer Hofmann","Est. reading time":"5 minutes"},"schema":{"@context":"https:\/\/schema.org","@graph":[{"@type":"Article","@id":"https:\/\/kaizen-blog.org\/die-anatomie-einer-luege-wie-alice-weidel-angst-zur-politischen-waffe-macht-und-auch-ihre-waehler-taeuscht\/#article","isPartOf":{"@id":"https:\/\/kaizen-blog.org\/die-anatomie-einer-luege-wie-alice-weidel-angst-zur-politischen-waffe-macht-und-auch-ihre-waehler-taeuscht\/"},"author":{"name":"Rainer Hofmann","@id":"https:\/\/kaizen-blog.org\/#\/schema\/person\/7d3fc7346e2501a389ea3daa48b99ad0"},"headline":"Die Anatomie einer L\u00fcge \u2013 Wie Alice Weidel Angst zur politischen Waffe macht und auch ihre W\u00e4hler t\u00e4uscht","datePublished":"2025-10-06T18:07:09+00:00","dateModified":"2025-10-06T18:32:33+00:00","mainEntityOfPage":{"@id":"https:\/\/kaizen-blog.org\/die-anatomie-einer-luege-wie-alice-weidel-angst-zur-politischen-waffe-macht-und-auch-ihre-waehler-taeuscht\/"},"wordCount":1087,"commentCount":7,"image":{"@id":"https:\/\/kaizen-blog.org\/die-anatomie-einer-luege-wie-alice-weidel-angst-zur-politischen-waffe-macht-und-auch-ihre-waehler-taeuscht\/#primaryimage"},"thumbnailUrl":"https:\/\/i0.wp.com\/kaizen-blog.org\/wp-content\/uploads\/2025\/10\/kaizen_22Kopie-von-Kopie-von-Kaizen-Blog28.webp?fit=905%2C500&ssl=1","articleSection":["AFD - \"No Thanks\"","NEWS","Topstory"],"inLanguage":"en-US","potentialAction":[{"@type":"CommentAction","name":"Comment","target":["https:\/\/kaizen-blog.org\/die-anatomie-einer-luege-wie-alice-weidel-angst-zur-politischen-waffe-macht-und-auch-ihre-waehler-taeuscht\/#respond"]}]},{"@type":"WebPage","@id":"https:\/\/kaizen-blog.org\/die-anatomie-einer-luege-wie-alice-weidel-angst-zur-politischen-waffe-macht-und-auch-ihre-waehler-taeuscht\/","url":"https:\/\/kaizen-blog.org\/die-anatomie-einer-luege-wie-alice-weidel-angst-zur-politischen-waffe-macht-und-auch-ihre-waehler-taeuscht\/","name":"Die Anatomie einer L\u00fcge \u2013 Wie Alice Weidel Angst zur politischen Waffe macht und auch ihre W\u00e4hler t\u00e4uscht - The Kaizen Blog","isPartOf":{"@id":"https:\/\/kaizen-blog.org\/#website"},"primaryImageOfPage":{"@id":"https:\/\/kaizen-blog.org\/die-anatomie-einer-luege-wie-alice-weidel-angst-zur-politischen-waffe-macht-und-auch-ihre-waehler-taeuscht\/#primaryimage"},"image":{"@id":"https:\/\/kaizen-blog.org\/die-anatomie-einer-luege-wie-alice-weidel-angst-zur-politischen-waffe-macht-und-auch-ihre-waehler-taeuscht\/#primaryimage"},"thumbnailUrl":"https:\/\/i0.wp.com\/kaizen-blog.org\/wp-content\/uploads\/2025\/10\/kaizen_22Kopie-von-Kopie-von-Kaizen-Blog28.webp?fit=905%2C500&ssl=1","datePublished":"2025-10-06T18:07:09+00:00","dateModified":"2025-10-06T18:32:33+00:00","author":{"@id":"https:\/\/kaizen-blog.org\/#\/schema\/person\/7d3fc7346e2501a389ea3daa48b99ad0"},"description":"Die deutsche Justiz beginnt, die Grenzen zwischen Meinung und Hetze sch\u00e4rfer zu ziehen. Das Landgericht M\u00fcnchen I urteilte am 12. April 2023 (Az. 5 KLs 123 Js 8674\/21), dass pauschale Angriffe auf \u201edie Regierung\u201c oder \u201edie Presse\u201c als Volksverhetzung gewertet werden k\u00f6nnen, wenn sie gezielt Feindbilder schaffen und B\u00fcrger gegeneinander aufbringen. Weidels Sprache folgt genau diesem Muster und konstruiert ein moralisches Schlachtfeld, wo es in Wahrheit nur Verwaltung und Recht gibt \u2013 sie ersetzt demokratische Spannung durch absichtliche Feindseligkeit. Eine rechtliche \u00dcberpr\u00fcfung ergab, der Tatbestand ist erf\u00fcllt. Ihre Worte sind also keine Debatte mehr. Sie sind Destabilisierung, Straftaten ...","breadcrumb":{"@id":"https:\/\/kaizen-blog.org\/die-anatomie-einer-luege-wie-alice-weidel-angst-zur-politischen-waffe-macht-und-auch-ihre-waehler-taeuscht\/#breadcrumb"},"inLanguage":"en-US","potentialAction":[{"@type":"ReadAction","target":["https:\/\/kaizen-blog.org\/die-anatomie-einer-luege-wie-alice-weidel-angst-zur-politischen-waffe-macht-und-auch-ihre-waehler-taeuscht\/"]}]},{"@type":"ImageObject","inLanguage":"en-US","@id":"https:\/\/kaizen-blog.org\/die-anatomie-einer-luege-wie-alice-weidel-angst-zur-politischen-waffe-macht-und-auch-ihre-waehler-taeuscht\/#primaryimage","url":"https:\/\/i0.wp.com\/kaizen-blog.org\/wp-content\/uploads\/2025\/10\/kaizen_22Kopie-von-Kopie-von-Kaizen-Blog28.webp?fit=905%2C500&ssl=1","contentUrl":"https:\/\/i0.wp.com\/kaizen-blog.org\/wp-content\/uploads\/2025\/10\/kaizen_22Kopie-von-Kopie-von-Kaizen-Blog28.webp?fit=905%2C500&ssl=1","width":905,"height":500},{"@type":"BreadcrumbList","@id":"https:\/\/kaizen-blog.org\/die-anatomie-einer-luege-wie-alice-weidel-angst-zur-politischen-waffe-macht-und-auch-ihre-waehler-taeuscht\/#breadcrumb","itemListElement":[{"@type":"ListItem","position":1,"name":"Startseite","item":"https:\/\/kaizen-blog.org\/"},{"@type":"ListItem","position":2,"name":"Die Anatomie einer L\u00fcge \u2013 Wie Alice Weidel Angst zur politischen Waffe macht und auch ihre W\u00e4hler t\u00e4uscht"}]},{"@type":"WebSite","@id":"https:\/\/kaizen-blog.org\/#website","url":"https:\/\/kaizen-blog.org\/","name":"The Kaizen Blog","description":"Investigative Journalism","potentialAction":[{"@type":"SearchAction","target":{"@type":"EntryPoint","urlTemplate":"https:\/\/kaizen-blog.org\/?s={search_term_string}"},"query-input":{"@type":"PropertyValueSpecification","valueRequired":true,"valueName":"search_term_string"}}],"inLanguage":"en-US"},{"@type":"Person","@id":"https:\/\/kaizen-blog.org\/#\/schema\/person\/7d3fc7346e2501a389ea3daa48b99ad0","name":"Rainer Hofmann","image":{"@type":"ImageObject","inLanguage":"en-US","@id":"\/\/www.gravatar.com\/avatar\/21e5b26d4f12b21206d8094d7aea4ab6?s=96&#038;r=g&#038;d=initials","url":"\/\/www.gravatar.com\/avatar\/21e5b26d4f12b21206d8094d7aea4ab6?s=96&#038;r=g&#038;d=initials","contentUrl":"\/\/www.gravatar.com\/avatar\/21e5b26d4f12b21206d8094d7aea4ab6?s=96&#038;r=g&#038;d=initials","caption":"Rainer Hofmann"},"sameAs":["https:\/\/kaizen-blog.org"],"url":"https:\/\/kaizen-blog.org\/en\/author\/admin\/"}]}},"jetpack_publicize_connections":[],"jetpack_featured_media_url":"https:\/\/i0.wp.com\/kaizen-blog.org\/wp-content\/uploads\/2025\/10\/kaizen_22Kopie-von-Kopie-von-Kaizen-Blog28.webp?fit=905%2C500&ssl=1","jetpack_sharing_enabled":true,"jetpack-related-posts":[{"id":1843,"url":"https:\/\/kaizen-blog.org\/en\/weidel-und-orban-wenn-demokratieverachtung-auf-autokratenbewunderung-trifft\/","url_meta":{"origin":17159,"position":0},"title":"Weidel and Orb\u00e1n - When Contempt for Democracy Meets Admiration for Autocracy","author":"Rainer Hofmann","date":"February 12, 2025","format":false,"excerpt":"Alice Weidel h\u00e4lt dich aktuell in Ungarn auf, um sich mit Viktor Orb\u00e1n auszutauschen \u2013 und statt f\u00fcr deutsche Interessen einzutreten, nutzte sie die Gelegenheit, um Deutschland vor der ungarischen Presse schlechtzureden. Sie sprach von eingeschr\u00e4nkter Meinungsfreiheit und Korruption in Deutschland, lobt Orb\u00e1n als Retter Europas vor Migranten und preist\u2026","rel":"","context":"In &quot;AFD - \"No Thanks\"&quot;","block_context":{"text":"AFD - \"No Thanks\"","link":"https:\/\/kaizen-blog.org\/en\/category\/afd-no-thanks\/"},"img":{"alt_text":"","src":"https:\/\/i0.wp.com\/kaizen-blog.org\/wp-content\/uploads\/2025\/05\/weidel-orban-budapest-afd.webp?fit=990%2C506&ssl=1&resize=350%2C200","width":350,"height":200,"srcset":"https:\/\/i0.wp.com\/kaizen-blog.org\/wp-content\/uploads\/2025\/05\/weidel-orban-budapest-afd.webp?fit=990%2C506&ssl=1&resize=350%2C200 1x, https:\/\/i0.wp.com\/kaizen-blog.org\/wp-content\/uploads\/2025\/05\/weidel-orban-budapest-afd.webp?fit=990%2C506&ssl=1&resize=525%2C300 1.5x, https:\/\/i0.wp.com\/kaizen-blog.org\/wp-content\/uploads\/2025\/05\/weidel-orban-budapest-afd.webp?fit=990%2C506&ssl=1&resize=700%2C400 2x"},"classes":[]},{"id":1837,"url":"https:\/\/kaizen-blog.org\/en\/alice-weidel-in-farbe-bekennen-ein-offenbarungseid-der-inkompetenz\/","url_meta":{"origin":17159,"position":1},"title":"Alice Weidel on \u201cFarbe bekennen\u201d: A Declaration of Incompetence","author":"Rainer Hofmann","date":"February 18, 2025","format":false,"excerpt":"Wer sich noch gefragt hat, ob die AfD eine ernstzunehmende politische Kraft oder doch nur eine Ansammlung von Realit\u00e4tsverweigerern ist, bekam in der ARD-Sendung Farbe bekennen mit Alice Weidel eine klare Antwort. Das, was dort zu sehen war, war nicht einfach nur ein schlechter Auftritt \u2013 es war eine absolute\u2026","rel":"","context":"In &quot;AFD - \"No Thanks\"&quot;","block_context":{"text":"AFD - \"No Thanks\"","link":"https:\/\/kaizen-blog.org\/en\/category\/afd-no-thanks\/"},"img":{"alt_text":"","src":"https:\/\/i0.wp.com\/kaizen-blog.org\/wp-content\/uploads\/2025\/05\/weidel-zdf-studio.webp?fit=984%2C506&ssl=1&resize=350%2C200","width":350,"height":200,"srcset":"https:\/\/i0.wp.com\/kaizen-blog.org\/wp-content\/uploads\/2025\/05\/weidel-zdf-studio.webp?fit=984%2C506&ssl=1&resize=350%2C200 1x, https:\/\/i0.wp.com\/kaizen-blog.org\/wp-content\/uploads\/2025\/05\/weidel-zdf-studio.webp?fit=984%2C506&ssl=1&resize=525%2C300 1.5x, https:\/\/i0.wp.com\/kaizen-blog.org\/wp-content\/uploads\/2025\/05\/weidel-zdf-studio.webp?fit=984%2C506&ssl=1&resize=700%2C400 2x"},"classes":[]},{"id":7156,"url":"https:\/\/kaizen-blog.org\/en\/die-grosse-gier-der-kleinen-leute-was-tino-chrupalla-und-alice-weidel-wirklich-verdienen\/","url_meta":{"origin":17159,"position":2},"title":"The Great Greed of the Little People \u2013 What Tino Chrupalla and Alice Weidel Really Earn","author":"Rainer Hofmann","date":"July 3, 2025","format":false,"excerpt":"Wenn im Bundestag \u00fcber \u201edie da oben\u201c geschimpft wird, geschieht das oft von rechts \u2013 von einer Partei, die sich als Anw\u00e4ltin des kleinen Mannes inszeniert und dabei allzu gern die eigenen Privilegien verschweigt, und sie zeigt ein Bild, das selbst hartgesottenen AfD-Anh\u00e4ngern zu denken geben sollte. Denn w\u00e4hrend die\u2026","rel":"","context":"In &quot;AFD - \"No Thanks\"&quot;","block_context":{"text":"AFD - \"No Thanks\"","link":"https:\/\/kaizen-blog.org\/en\/category\/afd-no-thanks\/"},"img":{"alt_text":"","src":"https:\/\/i0.wp.com\/kaizen-blog.org\/wp-content\/uploads\/2025\/07\/batch_Kopie-von-Kopie-von-Photo-by-ZVG35.webp?fit=850%2C508&ssl=1&resize=350%2C200","width":350,"height":200,"srcset":"https:\/\/i0.wp.com\/kaizen-blog.org\/wp-content\/uploads\/2025\/07\/batch_Kopie-von-Kopie-von-Photo-by-ZVG35.webp?fit=850%2C508&ssl=1&resize=350%2C200 1x, https:\/\/i0.wp.com\/kaizen-blog.org\/wp-content\/uploads\/2025\/07\/batch_Kopie-von-Kopie-von-Photo-by-ZVG35.webp?fit=850%2C508&ssl=1&resize=525%2C300 1.5x, https:\/\/i0.wp.com\/kaizen-blog.org\/wp-content\/uploads\/2025\/07\/batch_Kopie-von-Kopie-von-Photo-by-ZVG35.webp?fit=850%2C508&ssl=1&resize=700%2C400 2x"},"classes":[]},{"id":2337,"url":"https:\/\/kaizen-blog.org\/en\/ich-liebe-viktor-orban-wenn-alice-weidel-faellt-dann-tief\/","url_meta":{"origin":17159,"position":3},"title":"\u201cI love Viktor Orb\u00e1n\u201d \u2013 When Alice Weidel falls, she falls hard","author":"Rainer Hofmann","date":"May 31, 2025","format":false,"excerpt":"Es sind nur vier Worte, aber sie verraten alles: \u201eIch liebe Viktor Orb\u00e1n.\u201c Mit diesem Satz hat Alice Weidel, Fraktionsvorsitzende der AfD, bei der diesj\u00e4hrigen CPAC 2025 in Budapest endg\u00fcltig den letzten Rest demokratischer Maske fallen lassen. Die B\u00fchne: eine rechte Jahrmarktsveranstaltung im Glanz autorit\u00e4rer Selbstverliebtheit. Die Kulisse: Viktor Orb\u00e1ns\u2026","rel":"","context":"In &quot;AFD - \"No Thanks\"&quot;","block_context":{"text":"AFD - \"No Thanks\"","link":"https:\/\/kaizen-blog.org\/en\/category\/afd-no-thanks\/"},"img":{"alt_text":"","src":"https:\/\/i0.wp.com\/kaizen-blog.org\/wp-content\/uploads\/2025\/05\/weidel-cpac-2025.webp?fit=1200%2C753&ssl=1&resize=350%2C200","width":350,"height":200,"srcset":"https:\/\/i0.wp.com\/kaizen-blog.org\/wp-content\/uploads\/2025\/05\/weidel-cpac-2025.webp?fit=1200%2C753&ssl=1&resize=350%2C200 1x, https:\/\/i0.wp.com\/kaizen-blog.org\/wp-content\/uploads\/2025\/05\/weidel-cpac-2025.webp?fit=1200%2C753&ssl=1&resize=525%2C300 1.5x, https:\/\/i0.wp.com\/kaizen-blog.org\/wp-content\/uploads\/2025\/05\/weidel-cpac-2025.webp?fit=1200%2C753&ssl=1&resize=700%2C400 2x, https:\/\/i0.wp.com\/kaizen-blog.org\/wp-content\/uploads\/2025\/05\/weidel-cpac-2025.webp?fit=1200%2C753&ssl=1&resize=1050%2C600 3x"},"classes":[]},{"id":6597,"url":"https:\/\/kaizen-blog.org\/en\/der-preis-der-verblendung-wie-billig-alice-weidel-deutschland-verkauft\/","url_meta":{"origin":17159,"position":4},"title":"The Price of Delusion \u2013 How Cheaply Alice Weidel Sells Out Germany","author":"Rainer Hofmann","date":"June 28, 2025","format":false,"excerpt":"Es ist ein Schauspiel der politischen Zersetzung, das sich t\u00e4glich auf dem Account von Alice Weidel abspielt \u2013 der Co-Vorsitzenden einer Partei, die sich l\u00e4ngst nicht mehr mit demokratischem Anstand, sondern mit kalkulierter Eskalation inszeniert. Mit Rhetorik aus dem Giftschrank der Geschichte, mit Angst statt Argumenten, mit Hass statt Haltung.\u2026","rel":"","context":"In &quot;AFD - \"No Thanks\"&quot;","block_context":{"text":"AFD - \"No Thanks\"","link":"https:\/\/kaizen-blog.org\/en\/category\/afd-no-thanks\/"},"img":{"alt_text":"","src":"https:\/\/i0.wp.com\/kaizen-blog.org\/wp-content\/uploads\/2025\/06\/Kopie-von-Photo-by-ZVG132.webp?fit=850%2C508&ssl=1&resize=350%2C200","width":350,"height":200,"srcset":"https:\/\/i0.wp.com\/kaizen-blog.org\/wp-content\/uploads\/2025\/06\/Kopie-von-Photo-by-ZVG132.webp?fit=850%2C508&ssl=1&resize=350%2C200 1x, https:\/\/i0.wp.com\/kaizen-blog.org\/wp-content\/uploads\/2025\/06\/Kopie-von-Photo-by-ZVG132.webp?fit=850%2C508&ssl=1&resize=525%2C300 1.5x, https:\/\/i0.wp.com\/kaizen-blog.org\/wp-content\/uploads\/2025\/06\/Kopie-von-Photo-by-ZVG132.webp?fit=850%2C508&ssl=1&resize=700%2C400 2x"},"classes":[]},{"id":9008,"url":"https:\/\/kaizen-blog.org\/en\/unwaehlbar-wie-alice-weidel-und-ein-rechtskonservatives-portal-eine-verfassungsrichterin-zur-zielscheibe-machten\/","url_meta":{"origin":17159,"position":5},"title":"\"Unfit for Office!\" - How Alice Weidel and a Right-Wing Conservative Platform Targeted a Constitutional Judge","author":"Rainer Hofmann","date":"July 17, 2025","format":false,"excerpt":"Es war keine gew\u00f6hnliche Talkshow. Es war ein Kreuzverh\u00f6r. Ein Lehrst\u00fcck dar\u00fcber, wie sich politische Kampagnen in pers\u00f6nlichen Angriffen verdichten \u2013 und wie sich eine Juristin, die ihr ganzes Leben der Wissenschaft gewidmet hat, gegen den Strudel aus Halbwahrheiten, emotionaler Aufladung und kalkulierter Skandalisierung behaupten muss. Frauke Brosius-Gersdorf, Professorin f\u00fcr\u2026","rel":"","context":"In &quot;EU News&quot;","block_context":{"text":"EU News","link":"https:\/\/kaizen-blog.org\/en\/category\/eu-news\/"},"img":{"alt_text":"","src":"https:\/\/i0.wp.com\/kaizen-blog.org\/wp-content\/uploads\/2025\/07\/batch_Kopie-von-Social-Kaizen.webp?fit=900%2C508&ssl=1&resize=350%2C200","width":350,"height":200,"srcset":"https:\/\/i0.wp.com\/kaizen-blog.org\/wp-content\/uploads\/2025\/07\/batch_Kopie-von-Social-Kaizen.webp?fit=900%2C508&ssl=1&resize=350%2C200 1x, https:\/\/i0.wp.com\/kaizen-blog.org\/wp-content\/uploads\/2025\/07\/batch_Kopie-von-Social-Kaizen.webp?fit=900%2C508&ssl=1&resize=525%2C300 1.5x, https:\/\/i0.wp.com\/kaizen-blog.org\/wp-content\/uploads\/2025\/07\/batch_Kopie-von-Social-Kaizen.webp?fit=900%2C508&ssl=1&resize=700%2C400 2x"},"classes":[]}],"_links":{"self":[{"href":"https:\/\/kaizen-blog.org\/en\/wp-json\/wp\/v2\/posts\/17159","targetHints":{"allow":["GET"]}}],"collection":[{"href":"https:\/\/kaizen-blog.org\/en\/wp-json\/wp\/v2\/posts"}],"about":[{"href":"https:\/\/kaizen-blog.org\/en\/wp-json\/wp\/v2\/types\/post"}],"author":[{"embeddable":true,"href":"https:\/\/kaizen-blog.org\/en\/wp-json\/wp\/v2\/users\/1"}],"replies":[{"embeddable":true,"href":"https:\/\/kaizen-blog.org\/en\/wp-json\/wp\/v2\/comments?post=17159"}],"version-history":[{"count":0,"href":"https:\/\/kaizen-blog.org\/en\/wp-json\/wp\/v2\/posts\/17159\/revisions"}],"wp:featuredmedia":[{"embeddable":true,"href":"https:\/\/kaizen-blog.org\/en\/wp-json\/wp\/v2\/media\/17161"}],"wp:attachment":[{"href":"https:\/\/kaizen-blog.org\/en\/wp-json\/wp\/v2\/media?parent=17159"}],"wp:term":[{"taxonomy":"category","embeddable":true,"href":"https:\/\/kaizen-blog.org\/en\/wp-json\/wp\/v2\/categories?post=17159"},{"taxonomy":"post_tag","embeddable":true,"href":"https:\/\/kaizen-blog.org\/en\/wp-json\/wp\/v2\/tags?post=17159"}],"curies":[{"name":"wp","href":"https:\/\/api.w.org\/{rel}","templated":true}]}}