{"id":1675,"date":"2025-04-19T02:07:46","date_gmt":"2025-04-19T02:07:46","guid":{"rendered":"https:\/\/kaizen-blog.org\/?p=1675"},"modified":"2025-05-26T02:11:44","modified_gmt":"2025-05-26T02:11:44","slug":"nicht-mehr-im-cecot-doch-frei-ist-er-nicht-der-fall-kilmar-abrego-garcia-im-neuen-amerika","status":"publish","type":"post","link":"https:\/\/kaizen-blog.org\/en\/nicht-mehr-im-cecot-doch-frei-ist-er-nicht-der-fall-kilmar-abrego-garcia-im-neuen-amerika\/","title":{"rendered":"No Longer in CECOT \u2013 But He Is Not Free: The Case of Kilmar Abrego Garcia in the New America"},"content":{"rendered":"<p>A man now sits in a different prison - no longer in CECOT, the place of chains and darkness, but in Santa Ana. A facility with windows, they say. With air. With less fear. And yet he remains imprisoned. Not because he is guilty, but because a state has decided that truth is inconvenient.<\/p>\n\n\n\n<p>Kilmar Abrego Garcia, deported from Maryland, speaks with a U.S. senator. He tells of cells shared with 25 men, of silence and fear. Of a staging designed to make his detention seem gentle. In reality, it remains arbitrary. The Salvadoran president posts pictures with cocktail glasses. As if prison were a terrace.<\/p>\n\n\n\n<p>Chris Van Hollen, senator from Maryland, listens - and says what is obvious: This is not about immigration. It is about constitutional rights. About the right not to be forgotten.<\/p>\n\n\n\n<p>Yet President Trump calls him a terrorist. Without charges. Without trial. And his administration defies the Supreme Court as if it were background noise.<\/p>\n\n\n\n<p>The truth lies somewhere between the tear of his wife Jennifer and Bukele\u2019s smile. A man was removed because his name didn\u2019t fit. His face. His accent.<\/p>\n\n\n\n<p>And in America, where law was once a promise \u2014 it is now a tool. One that is turned against those who do not fit the story currently being written.<\/p>\n<div class=\"gsp_post_data\" \r\n\t            data-post_type=\"post\" \r\n\t            data-cat=\"dark-america,deportations-under-trump,topstory,trump-s-world\" \r\n\t            data-modified=\"120\"\r\n\t            data-created=\"1745028466\"\r\n\t            data-title=\"Nicht mehr im CECOT \u2013 Doch frei ist er nicht: Der Fall Kilmar Abrego Garcia im neuen Amerika\" \r\n\t            data-home=\"https:\/\/kaizen-blog.org\/en\/\"><\/div>","protected":false},"excerpt":{"rendered":"<p>Ein Mann sitzt in einem neuen Gef\u00e4ngnis \u2013 nicht mehr im CECOT, dem Ort der Ketten und der Dunkelheit, sondern in Santa Ana. Ein Zentrum mit Fenstern, sagen sie. Mit Luft. Mit weniger Angst. Und doch bleibt er gefangen. Nicht, weil er schuldig w\u00e4re, sondern weil ein Staat entschieden hat, dass Wahrheit st\u00f6rend ist. Kilmar [&hellip;]<\/p>\n","protected":false},"author":1,"featured_media":1676,"comment_status":"open","ping_status":"open","sticky":false,"template":"","format":"standard","meta":{"_jetpack_memberships_contains_paid_content":false,"footnotes":"","jetpack_publicize_message":"","jetpack_publicize_feature_enabled":true,"jetpack_social_post_already_shared":false,"jetpack_social_options":{"image_generator_settings":{"template":"highway","default_image_id":0,"font":"","enabled":false},"version":2}},"categories":[46,38,7,41],"tags":[],"class_list":["post-1675","post","type-post","status-publish","format-standard","has-post-thumbnail","hentry","category-dark-america","category-deportations-under-trump","category-topstory","category-trump-s-world"],"featured_image_src":"https:\/\/i0.wp.com\/kaizen-blog.org\/wp-content\/uploads\/2025\/05\/kilmar-salvador.webp?fit=988%2C500&ssl=1","author_info":{"display_name":"Rainer Hofmann","author_link":"https:\/\/kaizen-blog.org\/en\/author\/admin\/"},"yoast_head":"<!-- This site is optimized with the Yoast SEO plugin v27.4 - https:\/\/yoast.com\/product\/yoast-seo-wordpress\/ -->\n<title>Nicht mehr im CECOT \u2013 Doch frei ist er nicht: Der Fall Kilmar Abrego Garcia im neuen Amerika - The Kaizen Blog<\/title>\n<meta name=\"robots\" content=\"index, follow, max-snippet:-1, max-image-preview:large, max-video-preview:-1\" \/>\n<link rel=\"canonical\" href=\"https:\/\/kaizen-blog.org\/en\/nicht-mehr-im-cecot-doch-frei-ist-er-nicht-der-fall-kilmar-abrego-garcia-im-neuen-amerika\/\" \/>\n<meta property=\"og:locale\" content=\"en_US\" \/>\n<meta property=\"og:type\" content=\"article\" \/>\n<meta property=\"og:title\" content=\"Nicht mehr im CECOT \u2013 Doch frei ist er nicht: Der Fall Kilmar Abrego Garcia im neuen Amerika\" \/>\n<meta property=\"og:description\" content=\"Ein Mann sitzt in einem neuen Gef\u00e4ngnis \u2013 nicht mehr im CECOT, dem Ort der Ketten und der Dunkelheit, sondern in Santa Ana. Ein Zentrum mit Fenstern, sagen sie. Mit Luft. Mit weniger Angst. Und doch bleibt er gefangen. Nicht, weil er schuldig w\u00e4re, sondern weil ein Staat entschieden hat, dass Wahrheit st\u00f6rend ist. Kilmar [&hellip;]\" \/>\n<meta property=\"og:url\" content=\"https:\/\/kaizen-blog.org\/en\/nicht-mehr-im-cecot-doch-frei-ist-er-nicht-der-fall-kilmar-abrego-garcia-im-neuen-amerika\/\" \/>\n<meta property=\"og:site_name\" content=\"The Kaizen Blog\" \/>\n<meta property=\"article:publisher\" content=\"https:\/\/www.facebook.com\/rainer.hofmann.2025\/\" \/>\n<meta property=\"article:published_time\" content=\"2025-04-19T02:07:46+00:00\" \/>\n<meta property=\"article:modified_time\" content=\"2025-05-26T02:11:44+00:00\" \/>\n<meta property=\"og:image\" content=\"https:\/\/kaizen-blog.org\/wp-content\/uploads\/2025\/05\/kilmar-salvador.webp\" \/>\n\t<meta property=\"og:image:width\" content=\"988\" \/>\n\t<meta property=\"og:image:height\" content=\"500\" \/>\n\t<meta property=\"og:image:type\" content=\"image\/webp\" \/>\n<meta name=\"author\" content=\"Rainer Hofmann\" \/>\n<meta name=\"twitter:card\" content=\"summary_large_image\" \/>\n<meta name=\"twitter:label1\" content=\"Written by\" \/>\n\t<meta name=\"twitter:data1\" content=\"Rainer Hofmann\" \/>\n\t<meta name=\"twitter:label2\" content=\"Est. reading time\" \/>\n\t<meta name=\"twitter:data2\" content=\"2 minutes\" \/>\n<script type=\"application\/ld+json\" class=\"yoast-schema-graph\">{\"@context\":\"https:\\\/\\\/schema.org\",\"@graph\":[{\"@type\":\"Article\",\"@id\":\"https:\\\/\\\/kaizen-blog.org\\\/nicht-mehr-im-cecot-doch-frei-ist-er-nicht-der-fall-kilmar-abrego-garcia-im-neuen-amerika\\\/#article\",\"isPartOf\":{\"@id\":\"https:\\\/\\\/kaizen-blog.org\\\/nicht-mehr-im-cecot-doch-frei-ist-er-nicht-der-fall-kilmar-abrego-garcia-im-neuen-amerika\\\/\"},\"author\":{\"name\":\"Rainer Hofmann\",\"@id\":\"https:\\\/\\\/kaizen-blog.org\\\/#\\\/schema\\\/person\\\/7d3fc7346e2501a389ea3daa48b99ad0\"},\"headline\":\"Nicht mehr im CECOT \u2013 Doch frei ist er nicht: Der Fall Kilmar Abrego Garcia im neuen Amerika\",\"datePublished\":\"2025-04-19T02:07:46+00:00\",\"dateModified\":\"2025-05-26T02:11:44+00:00\",\"mainEntityOfPage\":{\"@id\":\"https:\\\/\\\/kaizen-blog.org\\\/nicht-mehr-im-cecot-doch-frei-ist-er-nicht-der-fall-kilmar-abrego-garcia-im-neuen-amerika\\\/\"},\"wordCount\":244,\"commentCount\":0,\"image\":{\"@id\":\"https:\\\/\\\/kaizen-blog.org\\\/nicht-mehr-im-cecot-doch-frei-ist-er-nicht-der-fall-kilmar-abrego-garcia-im-neuen-amerika\\\/#primaryimage\"},\"thumbnailUrl\":\"https:\\\/\\\/i0.wp.com\\\/kaizen-blog.org\\\/wp-content\\\/uploads\\\/2025\\\/05\\\/kilmar-salvador.webp?fit=988%2C500&ssl=1\",\"articleSection\":[\"Dark America\",\"Deportations Under Trump\",\"Topstory\",\"Trumpland\"],\"inLanguage\":\"en-US\",\"potentialAction\":[{\"@type\":\"CommentAction\",\"name\":\"Comment\",\"target\":[\"https:\\\/\\\/kaizen-blog.org\\\/nicht-mehr-im-cecot-doch-frei-ist-er-nicht-der-fall-kilmar-abrego-garcia-im-neuen-amerika\\\/#respond\"]}]},{\"@type\":\"WebPage\",\"@id\":\"https:\\\/\\\/kaizen-blog.org\\\/nicht-mehr-im-cecot-doch-frei-ist-er-nicht-der-fall-kilmar-abrego-garcia-im-neuen-amerika\\\/\",\"url\":\"https:\\\/\\\/kaizen-blog.org\\\/nicht-mehr-im-cecot-doch-frei-ist-er-nicht-der-fall-kilmar-abrego-garcia-im-neuen-amerika\\\/\",\"name\":\"Nicht mehr im CECOT \u2013 Doch frei ist er nicht: Der Fall Kilmar Abrego Garcia im neuen Amerika - The Kaizen Blog\",\"isPartOf\":{\"@id\":\"https:\\\/\\\/kaizen-blog.org\\\/#website\"},\"primaryImageOfPage\":{\"@id\":\"https:\\\/\\\/kaizen-blog.org\\\/nicht-mehr-im-cecot-doch-frei-ist-er-nicht-der-fall-kilmar-abrego-garcia-im-neuen-amerika\\\/#primaryimage\"},\"image\":{\"@id\":\"https:\\\/\\\/kaizen-blog.org\\\/nicht-mehr-im-cecot-doch-frei-ist-er-nicht-der-fall-kilmar-abrego-garcia-im-neuen-amerika\\\/#primaryimage\"},\"thumbnailUrl\":\"https:\\\/\\\/i0.wp.com\\\/kaizen-blog.org\\\/wp-content\\\/uploads\\\/2025\\\/05\\\/kilmar-salvador.webp?fit=988%2C500&ssl=1\",\"datePublished\":\"2025-04-19T02:07:46+00:00\",\"dateModified\":\"2025-05-26T02:11:44+00:00\",\"author\":{\"@id\":\"https:\\\/\\\/kaizen-blog.org\\\/#\\\/schema\\\/person\\\/7d3fc7346e2501a389ea3daa48b99ad0\"},\"breadcrumb\":{\"@id\":\"https:\\\/\\\/kaizen-blog.org\\\/nicht-mehr-im-cecot-doch-frei-ist-er-nicht-der-fall-kilmar-abrego-garcia-im-neuen-amerika\\\/#breadcrumb\"},\"inLanguage\":\"en-US\",\"potentialAction\":[{\"@type\":\"ReadAction\",\"target\":[\"https:\\\/\\\/kaizen-blog.org\\\/nicht-mehr-im-cecot-doch-frei-ist-er-nicht-der-fall-kilmar-abrego-garcia-im-neuen-amerika\\\/\"]}]},{\"@type\":\"ImageObject\",\"inLanguage\":\"en-US\",\"@id\":\"https:\\\/\\\/kaizen-blog.org\\\/nicht-mehr-im-cecot-doch-frei-ist-er-nicht-der-fall-kilmar-abrego-garcia-im-neuen-amerika\\\/#primaryimage\",\"url\":\"https:\\\/\\\/i0.wp.com\\\/kaizen-blog.org\\\/wp-content\\\/uploads\\\/2025\\\/05\\\/kilmar-salvador.webp?fit=988%2C500&ssl=1\",\"contentUrl\":\"https:\\\/\\\/i0.wp.com\\\/kaizen-blog.org\\\/wp-content\\\/uploads\\\/2025\\\/05\\\/kilmar-salvador.webp?fit=988%2C500&ssl=1\",\"width\":988,\"height\":500},{\"@type\":\"BreadcrumbList\",\"@id\":\"https:\\\/\\\/kaizen-blog.org\\\/nicht-mehr-im-cecot-doch-frei-ist-er-nicht-der-fall-kilmar-abrego-garcia-im-neuen-amerika\\\/#breadcrumb\",\"itemListElement\":[{\"@type\":\"ListItem\",\"position\":1,\"name\":\"Startseite\",\"item\":\"https:\\\/\\\/kaizen-blog.org\\\/\"},{\"@type\":\"ListItem\",\"position\":2,\"name\":\"Nicht mehr im CECOT \u2013 Doch frei ist er nicht: Der Fall Kilmar Abrego Garcia im neuen Amerika\"}]},{\"@type\":\"WebSite\",\"@id\":\"https:\\\/\\\/kaizen-blog.org\\\/#website\",\"url\":\"https:\\\/\\\/kaizen-blog.org\\\/\",\"name\":\"The Kaizen Blog\",\"description\":\"Investigativer Journalismus\",\"potentialAction\":[{\"@type\":\"SearchAction\",\"target\":{\"@type\":\"EntryPoint\",\"urlTemplate\":\"https:\\\/\\\/kaizen-blog.org\\\/?s={search_term_string}\"},\"query-input\":{\"@type\":\"PropertyValueSpecification\",\"valueRequired\":true,\"valueName\":\"search_term_string\"}}],\"inLanguage\":\"en-US\"},{\"@type\":\"Person\",\"@id\":\"https:\\\/\\\/kaizen-blog.org\\\/#\\\/schema\\\/person\\\/7d3fc7346e2501a389ea3daa48b99ad0\",\"name\":\"Rainer Hofmann\",\"image\":{\"@type\":\"ImageObject\",\"inLanguage\":\"en-US\",\"@id\":\"\\\/\\\/www.gravatar.com\\\/avatar\\\/21e5b26d4f12b21206d8094d7aea4ab6?s=96&#038;r=g&#038;d=initials\",\"url\":\"\\\/\\\/www.gravatar.com\\\/avatar\\\/21e5b26d4f12b21206d8094d7aea4ab6?s=96&#038;r=g&#038;d=initials\",\"contentUrl\":\"\\\/\\\/www.gravatar.com\\\/avatar\\\/21e5b26d4f12b21206d8094d7aea4ab6?s=96&#038;r=g&#038;d=initials\",\"caption\":\"Rainer Hofmann\"},\"sameAs\":[\"https:\\\/\\\/kaizen-blog.org\"],\"url\":\"https:\\\/\\\/kaizen-blog.org\\\/en\\\/author\\\/admin\\\/\"}]}<\/script>\n<!-- \/ Yoast SEO plugin. -->","yoast_head_json":{"title":"Nicht mehr im CECOT \u2013 Doch frei ist er nicht: Der Fall Kilmar Abrego Garcia im neuen Amerika - The Kaizen Blog","robots":{"index":"index","follow":"follow","max-snippet":"max-snippet:-1","max-image-preview":"max-image-preview:large","max-video-preview":"max-video-preview:-1"},"canonical":"https:\/\/kaizen-blog.org\/en\/nicht-mehr-im-cecot-doch-frei-ist-er-nicht-der-fall-kilmar-abrego-garcia-im-neuen-amerika\/","og_locale":"en_US","og_type":"article","og_title":"Nicht mehr im CECOT \u2013 Doch frei ist er nicht: Der Fall Kilmar Abrego Garcia im neuen Amerika","og_description":"Ein Mann sitzt in einem neuen Gef\u00e4ngnis \u2013 nicht mehr im CECOT, dem Ort der Ketten und der Dunkelheit, sondern in Santa Ana. Ein Zentrum mit Fenstern, sagen sie. Mit Luft. Mit weniger Angst. Und doch bleibt er gefangen. Nicht, weil er schuldig w\u00e4re, sondern weil ein Staat entschieden hat, dass Wahrheit st\u00f6rend ist. Kilmar [&hellip;]","og_url":"https:\/\/kaizen-blog.org\/en\/nicht-mehr-im-cecot-doch-frei-ist-er-nicht-der-fall-kilmar-abrego-garcia-im-neuen-amerika\/","og_site_name":"The Kaizen Blog","article_publisher":"https:\/\/www.facebook.com\/rainer.hofmann.2025\/","article_published_time":"2025-04-19T02:07:46+00:00","article_modified_time":"2025-05-26T02:11:44+00:00","og_image":[{"width":988,"height":500,"url":"https:\/\/kaizen-blog.org\/wp-content\/uploads\/2025\/05\/kilmar-salvador.webp","type":"image\/webp"}],"author":"Rainer Hofmann","twitter_card":"summary_large_image","twitter_misc":{"Written by":"Rainer Hofmann","Est. reading time":"2 minutes"},"schema":{"@context":"https:\/\/schema.org","@graph":[{"@type":"Article","@id":"https:\/\/kaizen-blog.org\/nicht-mehr-im-cecot-doch-frei-ist-er-nicht-der-fall-kilmar-abrego-garcia-im-neuen-amerika\/#article","isPartOf":{"@id":"https:\/\/kaizen-blog.org\/nicht-mehr-im-cecot-doch-frei-ist-er-nicht-der-fall-kilmar-abrego-garcia-im-neuen-amerika\/"},"author":{"name":"Rainer Hofmann","@id":"https:\/\/kaizen-blog.org\/#\/schema\/person\/7d3fc7346e2501a389ea3daa48b99ad0"},"headline":"Nicht mehr im CECOT \u2013 Doch frei ist er nicht: Der Fall Kilmar Abrego Garcia im neuen Amerika","datePublished":"2025-04-19T02:07:46+00:00","dateModified":"2025-05-26T02:11:44+00:00","mainEntityOfPage":{"@id":"https:\/\/kaizen-blog.org\/nicht-mehr-im-cecot-doch-frei-ist-er-nicht-der-fall-kilmar-abrego-garcia-im-neuen-amerika\/"},"wordCount":244,"commentCount":0,"image":{"@id":"https:\/\/kaizen-blog.org\/nicht-mehr-im-cecot-doch-frei-ist-er-nicht-der-fall-kilmar-abrego-garcia-im-neuen-amerika\/#primaryimage"},"thumbnailUrl":"https:\/\/i0.wp.com\/kaizen-blog.org\/wp-content\/uploads\/2025\/05\/kilmar-salvador.webp?fit=988%2C500&ssl=1","articleSection":["Dark America","Deportations Under Trump","Topstory","Trumpland"],"inLanguage":"en-US","potentialAction":[{"@type":"CommentAction","name":"Comment","target":["https:\/\/kaizen-blog.org\/nicht-mehr-im-cecot-doch-frei-ist-er-nicht-der-fall-kilmar-abrego-garcia-im-neuen-amerika\/#respond"]}]},{"@type":"WebPage","@id":"https:\/\/kaizen-blog.org\/nicht-mehr-im-cecot-doch-frei-ist-er-nicht-der-fall-kilmar-abrego-garcia-im-neuen-amerika\/","url":"https:\/\/kaizen-blog.org\/nicht-mehr-im-cecot-doch-frei-ist-er-nicht-der-fall-kilmar-abrego-garcia-im-neuen-amerika\/","name":"Nicht mehr im CECOT \u2013 Doch frei ist er nicht: Der Fall Kilmar Abrego Garcia im neuen Amerika - The Kaizen Blog","isPartOf":{"@id":"https:\/\/kaizen-blog.org\/#website"},"primaryImageOfPage":{"@id":"https:\/\/kaizen-blog.org\/nicht-mehr-im-cecot-doch-frei-ist-er-nicht-der-fall-kilmar-abrego-garcia-im-neuen-amerika\/#primaryimage"},"image":{"@id":"https:\/\/kaizen-blog.org\/nicht-mehr-im-cecot-doch-frei-ist-er-nicht-der-fall-kilmar-abrego-garcia-im-neuen-amerika\/#primaryimage"},"thumbnailUrl":"https:\/\/i0.wp.com\/kaizen-blog.org\/wp-content\/uploads\/2025\/05\/kilmar-salvador.webp?fit=988%2C500&ssl=1","datePublished":"2025-04-19T02:07:46+00:00","dateModified":"2025-05-26T02:11:44+00:00","author":{"@id":"https:\/\/kaizen-blog.org\/#\/schema\/person\/7d3fc7346e2501a389ea3daa48b99ad0"},"breadcrumb":{"@id":"https:\/\/kaizen-blog.org\/nicht-mehr-im-cecot-doch-frei-ist-er-nicht-der-fall-kilmar-abrego-garcia-im-neuen-amerika\/#breadcrumb"},"inLanguage":"en-US","potentialAction":[{"@type":"ReadAction","target":["https:\/\/kaizen-blog.org\/nicht-mehr-im-cecot-doch-frei-ist-er-nicht-der-fall-kilmar-abrego-garcia-im-neuen-amerika\/"]}]},{"@type":"ImageObject","inLanguage":"en-US","@id":"https:\/\/kaizen-blog.org\/nicht-mehr-im-cecot-doch-frei-ist-er-nicht-der-fall-kilmar-abrego-garcia-im-neuen-amerika\/#primaryimage","url":"https:\/\/i0.wp.com\/kaizen-blog.org\/wp-content\/uploads\/2025\/05\/kilmar-salvador.webp?fit=988%2C500&ssl=1","contentUrl":"https:\/\/i0.wp.com\/kaizen-blog.org\/wp-content\/uploads\/2025\/05\/kilmar-salvador.webp?fit=988%2C500&ssl=1","width":988,"height":500},{"@type":"BreadcrumbList","@id":"https:\/\/kaizen-blog.org\/nicht-mehr-im-cecot-doch-frei-ist-er-nicht-der-fall-kilmar-abrego-garcia-im-neuen-amerika\/#breadcrumb","itemListElement":[{"@type":"ListItem","position":1,"name":"Startseite","item":"https:\/\/kaizen-blog.org\/"},{"@type":"ListItem","position":2,"name":"Nicht mehr im CECOT \u2013 Doch frei ist er nicht: Der Fall Kilmar Abrego Garcia im neuen Amerika"}]},{"@type":"WebSite","@id":"https:\/\/kaizen-blog.org\/#website","url":"https:\/\/kaizen-blog.org\/","name":"The Kaizen Blog","description":"Investigative Journalism","potentialAction":[{"@type":"SearchAction","target":{"@type":"EntryPoint","urlTemplate":"https:\/\/kaizen-blog.org\/?s={search_term_string}"},"query-input":{"@type":"PropertyValueSpecification","valueRequired":true,"valueName":"search_term_string"}}],"inLanguage":"en-US"},{"@type":"Person","@id":"https:\/\/kaizen-blog.org\/#\/schema\/person\/7d3fc7346e2501a389ea3daa48b99ad0","name":"Rainer Hofmann","image":{"@type":"ImageObject","inLanguage":"en-US","@id":"\/\/www.gravatar.com\/avatar\/21e5b26d4f12b21206d8094d7aea4ab6?s=96&#038;r=g&#038;d=initials","url":"\/\/www.gravatar.com\/avatar\/21e5b26d4f12b21206d8094d7aea4ab6?s=96&#038;r=g&#038;d=initials","contentUrl":"\/\/www.gravatar.com\/avatar\/21e5b26d4f12b21206d8094d7aea4ab6?s=96&#038;r=g&#038;d=initials","caption":"Rainer Hofmann"},"sameAs":["https:\/\/kaizen-blog.org"],"url":"https:\/\/kaizen-blog.org\/en\/author\/admin\/"}]}},"jetpack_publicize_connections":[],"jetpack_featured_media_url":"https:\/\/i0.wp.com\/kaizen-blog.org\/wp-content\/uploads\/2025\/05\/kilmar-salvador.webp?fit=988%2C500&ssl=1","jetpack_sharing_enabled":true,"jetpack-related-posts":[{"id":34807,"url":"https:\/\/kaizen-blog.org\/en\/24-april-2026-kurznachrichten\/","url_meta":{"origin":1675,"position":0},"title":"April 24, 2026 \u2013 Short News","author":"TEAM KAIZEN BLOG","date":"April 24, 2026","format":false,"excerpt":"Papst Leo fordert Gespr\u00e4che statt Krieg \u2013 und verurteilt jede Hinrichtung! Papst Leo XIV sitzt im Flugzeug auf dem R\u00fcckweg aus Afrika und spricht Klartext, ohne laut zu werden. Er fordert die Vereinigten Staaten und Iran auf, wieder miteinander zu reden, nicht irgendwann, sondern jetzt. F\u00fcr ihn ist die entscheidende\u2026","rel":"","context":"In &quot;+++ Kaizen News Ticker +++&quot;","block_context":{"text":"+++ Kaizen News Ticker +++","link":"https:\/\/kaizen-blog.org\/en\/category\/ticker\/"},"img":{"alt_text":"","src":"https:\/\/i0.wp.com\/kaizen-blog.org\/wp-content\/uploads\/2026\/04\/kaizenlive-2026-04-24T005938.002.webp?fit=905%2C500&ssl=1&resize=350%2C200","width":350,"height":200,"srcset":"https:\/\/i0.wp.com\/kaizen-blog.org\/wp-content\/uploads\/2026\/04\/kaizenlive-2026-04-24T005938.002.webp?fit=905%2C500&ssl=1&resize=350%2C200 1x, https:\/\/i0.wp.com\/kaizen-blog.org\/wp-content\/uploads\/2026\/04\/kaizenlive-2026-04-24T005938.002.webp?fit=905%2C500&ssl=1&resize=525%2C300 1.5x, https:\/\/i0.wp.com\/kaizen-blog.org\/wp-content\/uploads\/2026\/04\/kaizenlive-2026-04-24T005938.002.webp?fit=905%2C500&ssl=1&resize=700%2C400 2x"},"classes":[]},{"id":32010,"url":"https:\/\/kaizen-blog.org\/en\/18-maerz-2026-kurznachrichten\/","url_meta":{"origin":1675,"position":1},"title":"March 18, 2026 - Short News","author":"TEAM KAIZEN BLOG","date":"March 18, 2026","format":false,"excerpt":"Kein Schritt zur\u00fcck, auch nicht vor Vietnam! Donald Trump hat es so gesagt, ohne Umweg. Er habe keine Angst, Bodentruppen in den Iran zu schicken, selbst wenn daraus ein zweites Vietnam w\u00fcrde. Ein Satz, der sich selbst tr\u00e4gt. Vietnam ist in diesem Zusammenhang kein historischer Verweis zur Einordnung, sondern ein\u2026","rel":"","context":"In &quot;+++ Kaizen News Ticker +++&quot;","block_context":{"text":"+++ Kaizen News Ticker +++","link":"https:\/\/kaizen-blog.org\/en\/category\/ticker\/"},"img":{"alt_text":"","src":"https:\/\/i0.wp.com\/kaizen-blog.org\/wp-content\/uploads\/2026\/03\/kaizenlive-2026-03-18T011137.596.webp?fit=905%2C500&ssl=1&resize=350%2C200","width":350,"height":200,"srcset":"https:\/\/i0.wp.com\/kaizen-blog.org\/wp-content\/uploads\/2026\/03\/kaizenlive-2026-03-18T011137.596.webp?fit=905%2C500&ssl=1&resize=350%2C200 1x, https:\/\/i0.wp.com\/kaizen-blog.org\/wp-content\/uploads\/2026\/03\/kaizenlive-2026-03-18T011137.596.webp?fit=905%2C500&ssl=1&resize=525%2C300 1.5x, https:\/\/i0.wp.com\/kaizen-blog.org\/wp-content\/uploads\/2026\/03\/kaizenlive-2026-03-18T011137.596.webp?fit=905%2C500&ssl=1&resize=700%2C400 2x"},"classes":[]},{"id":34750,"url":"https:\/\/kaizen-blog.org\/en\/23-april-2026-kurznachrichten\/","url_meta":{"origin":1675,"position":2},"title":"April 23, 2026 \u2013 Short News","author":"TEAM KAIZEN BLOG","date":"April 23, 2026","format":false,"excerpt":"Staatsbesuch ohne Begegnung \u2013 warum Charles den Kontakt zu Epstein-Opfern vermeidet! Die Reise steht fest, der Ablauf ist geplant, die Termine sind gesetzt. Wenn Charles III. kommende Woche in die Vereinigten Staaten reist, wird er empfangen, sprechen, repr\u00e4sentieren. Was nicht stattfinden wird, ist ein Treffen mit den Opfern von Jeffrey\u2026","rel":"","context":"In &quot;+++ Kaizen News Ticker +++&quot;","block_context":{"text":"+++ Kaizen News Ticker +++","link":"https:\/\/kaizen-blog.org\/en\/category\/ticker\/"},"img":{"alt_text":"","src":"https:\/\/i0.wp.com\/kaizen-blog.org\/wp-content\/uploads\/2026\/04\/kaizenlive-2026-04-23T021253.486.webp?fit=905%2C500&ssl=1&resize=350%2C200","width":350,"height":200,"srcset":"https:\/\/i0.wp.com\/kaizen-blog.org\/wp-content\/uploads\/2026\/04\/kaizenlive-2026-04-23T021253.486.webp?fit=905%2C500&ssl=1&resize=350%2C200 1x, https:\/\/i0.wp.com\/kaizen-blog.org\/wp-content\/uploads\/2026\/04\/kaizenlive-2026-04-23T021253.486.webp?fit=905%2C500&ssl=1&resize=525%2C300 1.5x, https:\/\/i0.wp.com\/kaizen-blog.org\/wp-content\/uploads\/2026\/04\/kaizenlive-2026-04-23T021253.486.webp?fit=905%2C500&ssl=1&resize=700%2C400 2x"},"classes":[]},{"id":33395,"url":"https:\/\/kaizen-blog.org\/en\/05-april-2026-kurznachrichten\/","url_meta":{"origin":1675,"position":3},"title":"April 5, 2026 \u2013 Short News","author":"TEAM KAIZEN BLOG","date":"April 5, 2026","format":false,"excerpt":"FROHE OSTERN! In keiner einfachen Zeit w\u00fcnschen wir euch ein ruhiges, hoffnungsvolles Osterfest. Die Politik h\u00fcpft nicht so, wie man es sich w\u00fcnscht - das ist eine h\u00f6fliche Untertreibung dieser Tage. Und trotzdem gibt es nichts Sch\u00f6neres als diese Welt, auch wenn sie sich gerade etwas versteckt h\u00e4lt. Wer sucht,\u2026","rel":"","context":"In &quot;+++ Kaizen News Ticker +++&quot;","block_context":{"text":"+++ Kaizen News Ticker +++","link":"https:\/\/kaizen-blog.org\/en\/category\/ticker\/"},"img":{"alt_text":"","src":"https:\/\/i0.wp.com\/kaizen-blog.org\/wp-content\/uploads\/2026\/04\/kaizenlive-2026-04-05T013433.906.webp?fit=905%2C500&ssl=1&resize=350%2C200","width":350,"height":200,"srcset":"https:\/\/i0.wp.com\/kaizen-blog.org\/wp-content\/uploads\/2026\/04\/kaizenlive-2026-04-05T013433.906.webp?fit=905%2C500&ssl=1&resize=350%2C200 1x, https:\/\/i0.wp.com\/kaizen-blog.org\/wp-content\/uploads\/2026\/04\/kaizenlive-2026-04-05T013433.906.webp?fit=905%2C500&ssl=1&resize=525%2C300 1.5x, https:\/\/i0.wp.com\/kaizen-blog.org\/wp-content\/uploads\/2026\/04\/kaizenlive-2026-04-05T013433.906.webp?fit=905%2C500&ssl=1&resize=700%2C400 2x"},"classes":[]},{"id":31158,"url":"https:\/\/kaizen-blog.org\/en\/09-maerz-2026-kurznachrichten\/","url_meta":{"origin":1675,"position":4},"title":"March 9, 2026 \u2013 Short News","author":"TEAM KAIZEN BLOG","date":"March 9, 2026","format":false,"excerpt":"Machtwechsel unter Bomben \u2013 Mojtaba Khamenei \u00fcbernimmt in einem Land im Krieg! Mojtaba Chamenei Neun Tage nach Beginn der amerikanisch-israelischen Angriffe steht Iran vor einem radikalen Einschnitt. Ajatollah Ali Chamenei ist bei einem Luftangriff get\u00f6tet worden. In den fr\u00fchen Morgenstunden verk\u00fcndeten f\u00fchrende schiitische Geistliche nun seinen Nachfolger: Mojtaba Chamenei, 56\u2026","rel":"","context":"In &quot;+++ Kaizen News Ticker +++&quot;","block_context":{"text":"+++ Kaizen News Ticker +++","link":"https:\/\/kaizen-blog.org\/en\/category\/ticker\/"},"img":{"alt_text":"","src":"https:\/\/i0.wp.com\/kaizen-blog.org\/wp-content\/uploads\/2026\/03\/kaizenlive-2026-03-09T021237.368.webp?fit=905%2C500&ssl=1&resize=350%2C200","width":350,"height":200,"srcset":"https:\/\/i0.wp.com\/kaizen-blog.org\/wp-content\/uploads\/2026\/03\/kaizenlive-2026-03-09T021237.368.webp?fit=905%2C500&ssl=1&resize=350%2C200 1x, https:\/\/i0.wp.com\/kaizen-blog.org\/wp-content\/uploads\/2026\/03\/kaizenlive-2026-03-09T021237.368.webp?fit=905%2C500&ssl=1&resize=525%2C300 1.5x, https:\/\/i0.wp.com\/kaizen-blog.org\/wp-content\/uploads\/2026\/03\/kaizenlive-2026-03-09T021237.368.webp?fit=905%2C500&ssl=1&resize=700%2C400 2x"},"classes":[]},{"id":34555,"url":"https:\/\/kaizen-blog.org\/en\/20-april-2026-kurznachrichten\/","url_meta":{"origin":1675,"position":5},"title":"April 20, 2026 \u2013 Short News","author":"TEAM KAIZEN BLOG","date":"April 20, 2026","format":false,"excerpt":"Deutschland baut um \u2013 Fabriken wechseln von Autos zu Waffen! Deutschland ver\u00e4ndert seine Industrie, nicht schrittweise, sondern unter Druck. Monat f\u00fcr Monat verschwinden rund 15.000 Arbeitspl\u00e4tze in der Fertigung, besonders in der Autoindustrie, die \u00fcber Jahrzehnte das R\u00fcckgrat der Wirtschaft war. Gewinne brechen ein, Konzerne wie Volkswagen und Mercedes verlieren\u2026","rel":"","context":"In &quot;+++ Kaizen News Ticker +++&quot;","block_context":{"text":"+++ Kaizen News Ticker +++","link":"https:\/\/kaizen-blog.org\/en\/category\/ticker\/"},"img":{"alt_text":"","src":"https:\/\/i0.wp.com\/kaizen-blog.org\/wp-content\/uploads\/2026\/04\/kaizenlive-2026-04-20T021535.261.webp?fit=905%2C500&ssl=1&resize=350%2C200","width":350,"height":200,"srcset":"https:\/\/i0.wp.com\/kaizen-blog.org\/wp-content\/uploads\/2026\/04\/kaizenlive-2026-04-20T021535.261.webp?fit=905%2C500&ssl=1&resize=350%2C200 1x, https:\/\/i0.wp.com\/kaizen-blog.org\/wp-content\/uploads\/2026\/04\/kaizenlive-2026-04-20T021535.261.webp?fit=905%2C500&ssl=1&resize=525%2C300 1.5x, https:\/\/i0.wp.com\/kaizen-blog.org\/wp-content\/uploads\/2026\/04\/kaizenlive-2026-04-20T021535.261.webp?fit=905%2C500&ssl=1&resize=700%2C400 2x"},"classes":[]}],"_links":{"self":[{"href":"https:\/\/kaizen-blog.org\/en\/wp-json\/wp\/v2\/posts\/1675","targetHints":{"allow":["GET"]}}],"collection":[{"href":"https:\/\/kaizen-blog.org\/en\/wp-json\/wp\/v2\/posts"}],"about":[{"href":"https:\/\/kaizen-blog.org\/en\/wp-json\/wp\/v2\/types\/post"}],"author":[{"embeddable":true,"href":"https:\/\/kaizen-blog.org\/en\/wp-json\/wp\/v2\/users\/1"}],"replies":[{"embeddable":true,"href":"https:\/\/kaizen-blog.org\/en\/wp-json\/wp\/v2\/comments?post=1675"}],"version-history":[{"count":0,"href":"https:\/\/kaizen-blog.org\/en\/wp-json\/wp\/v2\/posts\/1675\/revisions"}],"wp:featuredmedia":[{"embeddable":true,"href":"https:\/\/kaizen-blog.org\/en\/wp-json\/wp\/v2\/media\/1676"}],"wp:attachment":[{"href":"https:\/\/kaizen-blog.org\/en\/wp-json\/wp\/v2\/media?parent=1675"}],"wp:term":[{"taxonomy":"category","embeddable":true,"href":"https:\/\/kaizen-blog.org\/en\/wp-json\/wp\/v2\/categories?post=1675"},{"taxonomy":"post_tag","embeddable":true,"href":"https:\/\/kaizen-blog.org\/en\/wp-json\/wp\/v2\/tags?post=1675"}],"curies":[{"name":"wp","href":"https:\/\/api.w.org\/{rel}","templated":true}]}}