{"id":10029,"date":"2025-07-25T13:20:09","date_gmt":"2025-07-25T11:20:09","guid":{"rendered":"https:\/\/kaizen-blog.org\/?p=10029"},"modified":"2025-07-26T00:23:29","modified_gmt":"2025-07-25T22:23:29","slug":"peter-magyar-pride-und-protest-was-ende-juni-in-budapest-wirklich-begann","status":"publish","type":"post","link":"https:\/\/kaizen-blog.org\/en\/peter-magyar-pride-und-protest-was-ende-juni-in-budapest-wirklich-begann\/","title":{"rendered":"P\u00e9ter Magyar, Pride and Protest - What Really Began in Budapest at the End of June"},"content":{"rendered":"<p>Something is happening in Hungary - a lot, in fact. That became clear to us in February when we traveled to Budapest to investigate several topics: a clandestine meeting and concert of militant Blood and Honour structures with close ties to Russia, as well as the discreet visit of Alice Weidel, which received hardly any public attention - but we had some beautiful pictures. What we saw was a country in internal contradiction - between authoritarian retreat and civic awakening, between ideological stagnation and new unrest in the streets.<\/p>\n\n\n<div class=\"wp-block-image\">\n<figure class=\"aligncenter size-full\"><img data-recalc-dims=\"1\" loading=\"lazy\" decoding=\"async\" width=\"640\" height=\"361\" src=\"https:\/\/i0.wp.com\/kaizen-blog.org\/wp-content\/uploads\/2025\/07\/batch_Kopie-von-Kopie-von-Kopie-von-Social-Kaizen89.webp?resize=640%2C361&#038;ssl=1\" alt=\"\" class=\"wp-image-10033\" srcset=\"https:\/\/i0.wp.com\/kaizen-blog.org\/wp-content\/uploads\/2025\/07\/batch_Kopie-von-Kopie-von-Kopie-von-Social-Kaizen89.webp?w=900&amp;ssl=1 900w, https:\/\/i0.wp.com\/kaizen-blog.org\/wp-content\/uploads\/2025\/07\/batch_Kopie-von-Kopie-von-Kopie-von-Social-Kaizen89.webp?resize=18%2C10&amp;ssl=1 18w, https:\/\/i0.wp.com\/kaizen-blog.org\/wp-content\/uploads\/2025\/07\/batch_Kopie-von-Kopie-von-Kopie-von-Social-Kaizen89.webp?resize=300%2C169&amp;ssl=1 300w, https:\/\/i0.wp.com\/kaizen-blog.org\/wp-content\/uploads\/2025\/07\/batch_Kopie-von-Kopie-von-Kopie-von-Social-Kaizen89.webp?resize=768%2C433&amp;ssl=1 768w\" sizes=\"auto, (max-width: 640px) 100vw, 640px\" \/><\/figure>\n<\/div>\n\n<div class=\"wp-block-image\">\n<figure class=\"aligncenter size-full\"><img data-recalc-dims=\"1\" loading=\"lazy\" decoding=\"async\" width=\"640\" height=\"327\" src=\"https:\/\/i0.wp.com\/kaizen-blog.org\/wp-content\/uploads\/2025\/07\/batch_weidel-orban-budapest-afd1.webp?resize=640%2C327&#038;ssl=1\" alt=\"\" class=\"wp-image-10030\" srcset=\"https:\/\/i0.wp.com\/kaizen-blog.org\/wp-content\/uploads\/2025\/07\/batch_weidel-orban-budapest-afd1.webp?w=990&amp;ssl=1 990w, https:\/\/i0.wp.com\/kaizen-blog.org\/wp-content\/uploads\/2025\/07\/batch_weidel-orban-budapest-afd1.webp?resize=18%2C9&amp;ssl=1 18w, https:\/\/i0.wp.com\/kaizen-blog.org\/wp-content\/uploads\/2025\/07\/batch_weidel-orban-budapest-afd1.webp?resize=300%2C153&amp;ssl=1 300w, https:\/\/i0.wp.com\/kaizen-blog.org\/wp-content\/uploads\/2025\/07\/batch_weidel-orban-budapest-afd1.webp?resize=768%2C393&amp;ssl=1 768w\" sizes=\"auto, (max-width: 640px) 100vw, 640px\" \/><\/figure>\n<\/div>\n\n\n<p><\/p>\n\n\n\n<p>It was not supposed to take place, but it became the largest political protest in the last ten years: the thirtieth Pride in Budapest. Even though Viktor Orb\u00e1n\u2019s government had tightened assembly laws and placed events with LGBTQ+ references under the so-called child protection law, more than two hundred thousand people marched through the streets of the Hungarian capital in June. Officially, the march was deemed \"unauthorized,\" but that hardly mattered. Because it was no longer just about LGBTQ rights - it was about freedom of speech, participation, and the state of a nation that, according to polls, 68 percent of the population believes is on the wrong track. The protest came at a particularly delicate moment for Orb\u00e1n. Since 2010, he has ruled with an iron hand, brought the press under control, subordinated the judiciary, and used the COVID-19 pandemic in 2020 to grant himself nearly unlimited powers by decree. In just the first two and a half months after the emergency law came into effect, his government issued over 150 decrees - many of which had nothing to do with the pandemic. Critical reporting was criminalized, journalists came under state scrutiny. The last major independent radio station, Klubr\u00e1di\u00f3, lost its license, and the online platform Index.hu was taken over by government-aligned investors. Hungary\u2019s position in the global press freedom ranking fell to 68th place.<\/p>\n\n\n<div class=\"wp-block-image\">\n<figure class=\"aligncenter size-large\"><img data-recalc-dims=\"1\" loading=\"lazy\" decoding=\"async\" width=\"640\" height=\"853\" src=\"https:\/\/i0.wp.com\/kaizen-blog.org\/wp-content\/uploads\/2025\/07\/batch_Guj_IB4WkAAdvNc.webp?resize=640%2C853&#038;ssl=1\" alt=\"\" class=\"wp-image-10031\" srcset=\"https:\/\/i0.wp.com\/kaizen-blog.org\/wp-content\/uploads\/2025\/07\/batch_Guj_IB4WkAAdvNc.webp?resize=768%2C1024&amp;ssl=1 768w, https:\/\/i0.wp.com\/kaizen-blog.org\/wp-content\/uploads\/2025\/07\/batch_Guj_IB4WkAAdvNc.webp?resize=1152%2C1536&amp;ssl=1 1152w, https:\/\/i0.wp.com\/kaizen-blog.org\/wp-content\/uploads\/2025\/07\/batch_Guj_IB4WkAAdvNc.webp?resize=9%2C12&amp;ssl=1 9w, https:\/\/i0.wp.com\/kaizen-blog.org\/wp-content\/uploads\/2025\/07\/batch_Guj_IB4WkAAdvNc.webp?resize=1024%2C1365&amp;ssl=1 1024w, https:\/\/i0.wp.com\/kaizen-blog.org\/wp-content\/uploads\/2025\/07\/batch_Guj_IB4WkAAdvNc.webp?resize=225%2C300&amp;ssl=1 225w, https:\/\/i0.wp.com\/kaizen-blog.org\/wp-content\/uploads\/2025\/07\/batch_Guj_IB4WkAAdvNc.webp?w=1290&amp;ssl=1 1290w\" sizes=\"auto, (max-width: 640px) 100vw, 640px\" \/><\/figure>\n<\/div>\n\n\n<p><\/p>\n\n\n\n<p>At the same time, a campaign was launched against everything Orb\u00e1n and his party perceived as a threat to family, nation, and \u201cHungarian values.\u201d In the name of child protection, a law was passed in 2021 criminalizing the \u201cpromotion of homosexuality and gender reassignment\u201d to minors - a wording so vague that it could criminalize any form of queer visibility. A referendum in 2022 was intended to retroactively legitimize the law, but it failed due to a massive boycott campaign by civil society groups: the majority submitted invalid votes. The law nevertheless remained in force - and was further tightened in 2025, specifically to target Pride. What Orb\u00e1n had not anticipated: that this very attempt to erase queer presence from public life would mobilize tens of thousands - not just from the LGBTQ community, but from all sectors of an increasingly dissatisfied population. This year\u2019s Pride was led by the mayor of Budapest, Gergely Kar\u00e1csony. Once a symbol of a united opposition, he had renounced his candidacy in 2022 in favor of the much less well-known P\u00e9ter M\u00e1rki-Zay. The decision proved fateful: Fidesz once again won the majority, the opposition parties fell apart. For a long time, it seemed that no one could threaten Orb\u00e1n anymore. But then came P\u00e9ter Magyar.<\/p>\n\n\n<div class=\"wp-block-image\">\n<figure class=\"aligncenter size-full\"><img data-recalc-dims=\"1\" loading=\"lazy\" decoding=\"async\" width=\"640\" height=\"361\" src=\"https:\/\/i0.wp.com\/kaizen-blog.org\/wp-content\/uploads\/2025\/07\/batch_Kopie-von-Kopie-von-Kopie-von-Social-Kaizen88.webp?resize=640%2C361&#038;ssl=1\" alt=\"\" class=\"wp-image-10032\" srcset=\"https:\/\/i0.wp.com\/kaizen-blog.org\/wp-content\/uploads\/2025\/07\/batch_Kopie-von-Kopie-von-Kopie-von-Social-Kaizen88.webp?w=900&amp;ssl=1 900w, https:\/\/i0.wp.com\/kaizen-blog.org\/wp-content\/uploads\/2025\/07\/batch_Kopie-von-Kopie-von-Kopie-von-Social-Kaizen88.webp?resize=18%2C10&amp;ssl=1 18w, https:\/\/i0.wp.com\/kaizen-blog.org\/wp-content\/uploads\/2025\/07\/batch_Kopie-von-Kopie-von-Kopie-von-Social-Kaizen88.webp?resize=300%2C169&amp;ssl=1 300w, https:\/\/i0.wp.com\/kaizen-blog.org\/wp-content\/uploads\/2025\/07\/batch_Kopie-von-Kopie-von-Kopie-von-Social-Kaizen88.webp?resize=768%2C433&amp;ssl=1 768w\" sizes=\"auto, (max-width: 640px) 100vw, 640px\" \/><\/figure>\n<\/div>\n\n\n<p><\/p>\n\n\n\n<p>That this man of all people would become Orb\u00e1n\u2019s most serious challenger is one of the great political ironies of the present. Magyar was no opposition fighter, no dissident - but an insider from the very core of the system, ex-husband of former Justice Minister Judit Varga, and until recently hardly known. That changed abruptly after a scandal that shook Hungary: the presidential pardon of a pedophile group home director by President Katalin Nov\u00e1k, who subsequently had to resign. Varga also stepped down. Shortly thereafter, Magyar gave an interview that went viral: he spoke of a system in which \u201cthe real power brokers hide behind women's skirts\u201d and openly criticized the corruption within the power apparatus. Within months, he surged from zero to thirty percent approval in the European elections - a phenomenon unprecedented in Hungary. Magyar's strength lies not only in his boldness but in his strategy. He does not address the urban intelligentsia, but those who have long formed Orb\u00e1n's most stable base: people in small towns, rural areas, and forgotten regions. He knows the system from the inside - and uses its mechanisms against itself. Fast, loud, and omnipresent, he visits villages where the opposition has not been seen in years. He flirts with national myths, speaks of \u201cGreater Hungary\u201d before the Treaty of Trianon, without making the mistake of becoming too entangled in the past. And when Orb\u00e1n in May 2025, at the opening of a Benedictine monastery, signaled support for a Romanian nationalist who had previously organized anti-Hungarian rallies, it was Magyar who then marched on foot from Budapest to the Romanian border - to show solidarity with Hungarian minorities. It was a gesture that resonated deeply with the right-wing base.<\/p>\n\n\n\n<p>Still, Orb\u00e1n\u2019s system remains stable - for now. It does not function through violence, but through control. Unlike Putin, Orb\u00e1n does not rely on mass arrests or targeted intimidation. He doesn\u2019t need to. The judiciary obeys, the parliament approves, and laws like the \u201cTransparency Act\u201d of May 2025 allow for the economic and legal dismantling of dissenting organizations - for example, through fines twenty-five times the amount of foreign funding received. This can bring any NGO or foundation to its knees without sending a single police officer. And yet, recent developments show: fear is beginning to crack. After Pride, an initial charge was filed against one participant - activist Lili Pankotai - but the investigation was quickly dropped. A Hungarian \u201cBolotnaya trial,\u201d like in Russia back then, did not materialize. The system does not want martyrs. It wants control without blood. Orb\u00e1n\u2019s power is based on the myth of the freedom fighter - precisely the role he assigned to himself in 1989 with his legendary speech against communist rule. Were he to use violence, that myth would be shattered instantly.<\/p>\n\n\n\n<p>Hungary\u2019s authoritarian transformation is far advanced, but it is not complete. The successes of Budapest Pride and P\u00e9ter Magyar show that resistance still exists - and a longing for a different Hungary. According to polls, 79 percent of the population would like to remain in the EU. 68 percent are dissatisfied with the government's course. Elections will be held in April 2026. Then it will become clear whether Orb\u00e1n\u2019s system will survive - or whether what began in Budapest at the end of June was truly a revolution.<\/p>\n\n\n\n<div style=\"height:38px\" aria-hidden=\"true\" class=\"wp-block-spacer\"><\/div>\n\n\n\n<p class=\"has-small-font-size\" style=\"font-style:normal;font-weight:700\">Investigative journalism requires courage, conviction \u2013 and your support.<\/p>\n\n\n\n<div class=\"wp-block-buttons is-layout-flex wp-block-buttons-is-layout-flex\">\n<div class=\"wp-block-button\"><a class=\"wp-block-button__link has-vivid-red-background-color has-background has-small-font-size has-custom-font-size wp-element-button\" href=\"https:\/\/kaizen-blog.org\/en\/unterstuetzen-sie-unser-arbeit\/\" style=\"font-style:normal;font-weight:700\">Support Kaizen<\/a><\/div>\n<\/div>\n\n\n\n<div style=\"height:42px\" aria-hidden=\"true\" class=\"wp-block-spacer\"><\/div>\n<div class=\"gsp_post_data\" \r\n\t            data-post_type=\"post\" \r\n\t            data-cat=\"eu-news,history-x,topstory\" \r\n\t            data-modified=\"120\"\r\n\t            data-created=\"1753449609\"\r\n\t            data-title=\"P\u00e9ter Magyar, Pride und Protest \u2013 Was Ende Juni in Budapest wirklich begann\" \r\n\t            data-home=\"https:\/\/kaizen-blog.org\/en\/\"><\/div>","protected":false},"excerpt":{"rendered":"<p>In Ungarn tut sich etwas \u2013 viel sogar. Das wurde uns im Februar deutlich, als wir in Budapest zu mehreren Themen recherchierten: einem konspirativen Treffen und Konzert militanter Blood-and-Honour-Strukturen mit engen Verbindungen nach Russland sowie dem diskret gehaltenen Besuch von Alice Weidel, der \u00f6ffentlich kaum Beachtung fand \u2013 wir hatten aber sch\u00f6ne Bilder. Was wir [&hellip;]<\/p>\n","protected":false},"author":1,"featured_media":10032,"comment_status":"open","ping_status":"open","sticky":false,"template":"","format":"standard","meta":{"_jetpack_memberships_contains_paid_content":false,"footnotes":"","jetpack_publicize_message":"","jetpack_publicize_feature_enabled":true,"jetpack_social_post_already_shared":true,"jetpack_social_options":{"image_generator_settings":{"template":"highway","default_image_id":0,"font":"","enabled":false},"version":2}},"categories":[42,40,7],"tags":[],"class_list":["post-10029","post","type-post","status-publish","format-standard","has-post-thumbnail","hentry","category-eu-news","category-history-x","category-topstory"],"featured_image_src":"https:\/\/i0.wp.com\/kaizen-blog.org\/wp-content\/uploads\/2025\/07\/batch_Kopie-von-Kopie-von-Kopie-von-Social-Kaizen88.webp?fit=900%2C508&ssl=1","author_info":{"display_name":"Rainer Hofmann","author_link":"https:\/\/kaizen-blog.org\/en\/author\/admin\/"},"yoast_head":"<!-- This site is optimized with the Yoast SEO plugin v27.5 - https:\/\/yoast.com\/product\/yoast-seo-wordpress\/ -->\n<title>P\u00e9ter Magyar, Pride und Protest \u2013 Was Ende Juni in Budapest wirklich begann - The Kaizen Blog<\/title>\n<meta name=\"description\" content=\"In Ungarn tut sich etwas \u2013 viel sogar. Das wurde uns im Februar deutlich, als wir in Budapest zu mehreren Themen recherchierten: einem konspirativen Treffen und Konzert militanter Blood-and-Honour-Strukturen mit engen Verbindungen nach Russland sowie dem diskret gehaltenen Besuch von Alice Weidel, der \u00f6ffentlich kaum Beachtung fand \u2013 wir hatten aber sch\u00f6ne Bilder. Was wir sahen, war ein Land im inneren Widerspruch ...\" \/>\n<meta name=\"robots\" content=\"index, follow, max-snippet:-1, max-image-preview:large, max-video-preview:-1\" \/>\n<link rel=\"canonical\" href=\"https:\/\/kaizen-blog.org\/en\/peter-magyar-pride-und-protest-was-ende-juni-in-budapest-wirklich-begann\/\" \/>\n<meta property=\"og:locale\" content=\"en_US\" \/>\n<meta property=\"og:type\" content=\"article\" \/>\n<meta property=\"og:title\" content=\"P\u00e9ter Magyar, Pride und Protest \u2013 Was Ende Juni in Budapest wirklich begann\" \/>\n<meta property=\"og:description\" content=\"In Ungarn tut sich etwas \u2013 viel sogar. Das wurde uns im Februar deutlich, als wir in Budapest zu mehreren Themen recherchierten: einem konspirativen Treffen und Konzert militanter Blood-and-Honour-Strukturen mit engen Verbindungen nach Russland sowie dem diskret gehaltenen Besuch von Alice Weidel, der \u00f6ffentlich kaum Beachtung fand \u2013 wir hatten aber sch\u00f6ne Bilder. Was wir sahen, war ein Land im inneren Widerspruch ...\" \/>\n<meta property=\"og:url\" content=\"https:\/\/kaizen-blog.org\/en\/peter-magyar-pride-und-protest-was-ende-juni-in-budapest-wirklich-begann\/\" \/>\n<meta property=\"og:site_name\" content=\"The Kaizen Blog\" \/>\n<meta property=\"article:publisher\" content=\"https:\/\/www.facebook.com\/rainer.hofmann.2025\/\" \/>\n<meta property=\"article:published_time\" content=\"2025-07-25T11:20:09+00:00\" \/>\n<meta property=\"article:modified_time\" content=\"2025-07-25T22:23:29+00:00\" \/>\n<meta property=\"og:image\" content=\"https:\/\/kaizen-blog.org\/wp-content\/uploads\/2025\/07\/batch_Kopie-von-Kopie-von-Kopie-von-Social-Kaizen88.webp\" \/>\n\t<meta property=\"og:image:width\" content=\"900\" \/>\n\t<meta property=\"og:image:height\" content=\"508\" \/>\n\t<meta property=\"og:image:type\" content=\"image\/webp\" \/>\n<meta name=\"author\" content=\"Rainer Hofmann\" \/>\n<meta name=\"twitter:card\" content=\"summary_large_image\" \/>\n<meta name=\"twitter:label1\" content=\"Written by\" \/>\n\t<meta name=\"twitter:data1\" content=\"Rainer Hofmann\" \/>\n\t<meta name=\"twitter:label2\" content=\"Est. reading time\" \/>\n\t<meta name=\"twitter:data2\" content=\"7 minutes\" \/>\n<script type=\"application\/ld+json\" class=\"yoast-schema-graph\">{\"@context\":\"https:\\\/\\\/schema.org\",\"@graph\":[{\"@type\":\"Article\",\"@id\":\"https:\\\/\\\/kaizen-blog.org\\\/peter-magyar-pride-und-protest-was-ende-juni-in-budapest-wirklich-begann\\\/#article\",\"isPartOf\":{\"@id\":\"https:\\\/\\\/kaizen-blog.org\\\/peter-magyar-pride-und-protest-was-ende-juni-in-budapest-wirklich-begann\\\/\"},\"author\":{\"name\":\"Rainer Hofmann\",\"@id\":\"https:\\\/\\\/kaizen-blog.org\\\/#\\\/schema\\\/person\\\/7d3fc7346e2501a389ea3daa48b99ad0\"},\"headline\":\"P\u00e9ter Magyar, Pride und Protest \u2013 Was Ende Juni in Budapest wirklich begann\",\"datePublished\":\"2025-07-25T11:20:09+00:00\",\"dateModified\":\"2025-07-25T22:23:29+00:00\",\"mainEntityOfPage\":{\"@id\":\"https:\\\/\\\/kaizen-blog.org\\\/peter-magyar-pride-und-protest-was-ende-juni-in-budapest-wirklich-begann\\\/\"},\"wordCount\":1091,\"commentCount\":5,\"image\":{\"@id\":\"https:\\\/\\\/kaizen-blog.org\\\/peter-magyar-pride-und-protest-was-ende-juni-in-budapest-wirklich-begann\\\/#primaryimage\"},\"thumbnailUrl\":\"https:\\\/\\\/i0.wp.com\\\/kaizen-blog.org\\\/wp-content\\\/uploads\\\/2025\\\/07\\\/batch_Kopie-von-Kopie-von-Kopie-von-Social-Kaizen88.webp?fit=900%2C508&ssl=1\",\"articleSection\":[\"EU News\",\"History X\",\"Topstory\"],\"inLanguage\":\"en-US\",\"potentialAction\":[{\"@type\":\"CommentAction\",\"name\":\"Comment\",\"target\":[\"https:\\\/\\\/kaizen-blog.org\\\/peter-magyar-pride-und-protest-was-ende-juni-in-budapest-wirklich-begann\\\/#respond\"]}]},{\"@type\":\"WebPage\",\"@id\":\"https:\\\/\\\/kaizen-blog.org\\\/peter-magyar-pride-und-protest-was-ende-juni-in-budapest-wirklich-begann\\\/\",\"url\":\"https:\\\/\\\/kaizen-blog.org\\\/peter-magyar-pride-und-protest-was-ende-juni-in-budapest-wirklich-begann\\\/\",\"name\":\"P\u00e9ter Magyar, Pride und Protest \u2013 Was Ende Juni in Budapest wirklich begann - The Kaizen Blog\",\"isPartOf\":{\"@id\":\"https:\\\/\\\/kaizen-blog.org\\\/#website\"},\"primaryImageOfPage\":{\"@id\":\"https:\\\/\\\/kaizen-blog.org\\\/peter-magyar-pride-und-protest-was-ende-juni-in-budapest-wirklich-begann\\\/#primaryimage\"},\"image\":{\"@id\":\"https:\\\/\\\/kaizen-blog.org\\\/peter-magyar-pride-und-protest-was-ende-juni-in-budapest-wirklich-begann\\\/#primaryimage\"},\"thumbnailUrl\":\"https:\\\/\\\/i0.wp.com\\\/kaizen-blog.org\\\/wp-content\\\/uploads\\\/2025\\\/07\\\/batch_Kopie-von-Kopie-von-Kopie-von-Social-Kaizen88.webp?fit=900%2C508&ssl=1\",\"datePublished\":\"2025-07-25T11:20:09+00:00\",\"dateModified\":\"2025-07-25T22:23:29+00:00\",\"author\":{\"@id\":\"https:\\\/\\\/kaizen-blog.org\\\/#\\\/schema\\\/person\\\/7d3fc7346e2501a389ea3daa48b99ad0\"},\"description\":\"In Ungarn tut sich etwas \u2013 viel sogar. Das wurde uns im Februar deutlich, als wir in Budapest zu mehreren Themen recherchierten: einem konspirativen Treffen und Konzert militanter Blood-and-Honour-Strukturen mit engen Verbindungen nach Russland sowie dem diskret gehaltenen Besuch von Alice Weidel, der \u00f6ffentlich kaum Beachtung fand \u2013 wir hatten aber sch\u00f6ne Bilder. Was wir sahen, war ein Land im inneren Widerspruch ...\",\"breadcrumb\":{\"@id\":\"https:\\\/\\\/kaizen-blog.org\\\/peter-magyar-pride-und-protest-was-ende-juni-in-budapest-wirklich-begann\\\/#breadcrumb\"},\"inLanguage\":\"en-US\",\"potentialAction\":[{\"@type\":\"ReadAction\",\"target\":[\"https:\\\/\\\/kaizen-blog.org\\\/peter-magyar-pride-und-protest-was-ende-juni-in-budapest-wirklich-begann\\\/\"]}]},{\"@type\":\"ImageObject\",\"inLanguage\":\"en-US\",\"@id\":\"https:\\\/\\\/kaizen-blog.org\\\/peter-magyar-pride-und-protest-was-ende-juni-in-budapest-wirklich-begann\\\/#primaryimage\",\"url\":\"https:\\\/\\\/i0.wp.com\\\/kaizen-blog.org\\\/wp-content\\\/uploads\\\/2025\\\/07\\\/batch_Kopie-von-Kopie-von-Kopie-von-Social-Kaizen88.webp?fit=900%2C508&ssl=1\",\"contentUrl\":\"https:\\\/\\\/i0.wp.com\\\/kaizen-blog.org\\\/wp-content\\\/uploads\\\/2025\\\/07\\\/batch_Kopie-von-Kopie-von-Kopie-von-Social-Kaizen88.webp?fit=900%2C508&ssl=1\",\"width\":900,\"height\":508},{\"@type\":\"BreadcrumbList\",\"@id\":\"https:\\\/\\\/kaizen-blog.org\\\/peter-magyar-pride-und-protest-was-ende-juni-in-budapest-wirklich-begann\\\/#breadcrumb\",\"itemListElement\":[{\"@type\":\"ListItem\",\"position\":1,\"name\":\"Startseite\",\"item\":\"https:\\\/\\\/kaizen-blog.org\\\/\"},{\"@type\":\"ListItem\",\"position\":2,\"name\":\"P\u00e9ter Magyar, Pride und Protest \u2013 Was Ende Juni in Budapest wirklich begann\"}]},{\"@type\":\"WebSite\",\"@id\":\"https:\\\/\\\/kaizen-blog.org\\\/#website\",\"url\":\"https:\\\/\\\/kaizen-blog.org\\\/\",\"name\":\"The Kaizen Blog\",\"description\":\"Investigativer Journalismus\",\"potentialAction\":[{\"@type\":\"SearchAction\",\"target\":{\"@type\":\"EntryPoint\",\"urlTemplate\":\"https:\\\/\\\/kaizen-blog.org\\\/?s={search_term_string}\"},\"query-input\":{\"@type\":\"PropertyValueSpecification\",\"valueRequired\":true,\"valueName\":\"search_term_string\"}}],\"inLanguage\":\"en-US\"},{\"@type\":\"Person\",\"@id\":\"https:\\\/\\\/kaizen-blog.org\\\/#\\\/schema\\\/person\\\/7d3fc7346e2501a389ea3daa48b99ad0\",\"name\":\"Rainer Hofmann\",\"image\":{\"@type\":\"ImageObject\",\"inLanguage\":\"en-US\",\"@id\":\"\\\/\\\/www.gravatar.com\\\/avatar\\\/21e5b26d4f12b21206d8094d7aea4ab6?s=96&#038;r=g&#038;d=initials\",\"url\":\"\\\/\\\/www.gravatar.com\\\/avatar\\\/21e5b26d4f12b21206d8094d7aea4ab6?s=96&#038;r=g&#038;d=initials\",\"contentUrl\":\"\\\/\\\/www.gravatar.com\\\/avatar\\\/21e5b26d4f12b21206d8094d7aea4ab6?s=96&#038;r=g&#038;d=initials\",\"caption\":\"Rainer Hofmann\"},\"sameAs\":[\"https:\\\/\\\/kaizen-blog.org\"],\"url\":\"https:\\\/\\\/kaizen-blog.org\\\/en\\\/author\\\/admin\\\/\"}]}<\/script>\n<!-- \/ Yoast SEO plugin. -->","yoast_head_json":{"title":"P\u00e9ter Magyar, Pride und Protest \u2013 Was Ende Juni in Budapest wirklich begann - The Kaizen Blog","description":"In Ungarn tut sich etwas \u2013 viel sogar. Das wurde uns im Februar deutlich, als wir in Budapest zu mehreren Themen recherchierten: einem konspirativen Treffen und Konzert militanter Blood-and-Honour-Strukturen mit engen Verbindungen nach Russland sowie dem diskret gehaltenen Besuch von Alice Weidel, der \u00f6ffentlich kaum Beachtung fand \u2013 wir hatten aber sch\u00f6ne Bilder. Was wir sahen, war ein Land im inneren Widerspruch ...","robots":{"index":"index","follow":"follow","max-snippet":"max-snippet:-1","max-image-preview":"max-image-preview:large","max-video-preview":"max-video-preview:-1"},"canonical":"https:\/\/kaizen-blog.org\/en\/peter-magyar-pride-und-protest-was-ende-juni-in-budapest-wirklich-begann\/","og_locale":"en_US","og_type":"article","og_title":"P\u00e9ter Magyar, Pride und Protest \u2013 Was Ende Juni in Budapest wirklich begann","og_description":"In Ungarn tut sich etwas \u2013 viel sogar. Das wurde uns im Februar deutlich, als wir in Budapest zu mehreren Themen recherchierten: einem konspirativen Treffen und Konzert militanter Blood-and-Honour-Strukturen mit engen Verbindungen nach Russland sowie dem diskret gehaltenen Besuch von Alice Weidel, der \u00f6ffentlich kaum Beachtung fand \u2013 wir hatten aber sch\u00f6ne Bilder. Was wir sahen, war ein Land im inneren Widerspruch ...","og_url":"https:\/\/kaizen-blog.org\/en\/peter-magyar-pride-und-protest-was-ende-juni-in-budapest-wirklich-begann\/","og_site_name":"The Kaizen Blog","article_publisher":"https:\/\/www.facebook.com\/rainer.hofmann.2025\/","article_published_time":"2025-07-25T11:20:09+00:00","article_modified_time":"2025-07-25T22:23:29+00:00","og_image":[{"width":900,"height":508,"url":"https:\/\/kaizen-blog.org\/wp-content\/uploads\/2025\/07\/batch_Kopie-von-Kopie-von-Kopie-von-Social-Kaizen88.webp","type":"image\/webp"}],"author":"Rainer Hofmann","twitter_card":"summary_large_image","twitter_misc":{"Written by":"Rainer Hofmann","Est. reading time":"7 minutes"},"schema":{"@context":"https:\/\/schema.org","@graph":[{"@type":"Article","@id":"https:\/\/kaizen-blog.org\/peter-magyar-pride-und-protest-was-ende-juni-in-budapest-wirklich-begann\/#article","isPartOf":{"@id":"https:\/\/kaizen-blog.org\/peter-magyar-pride-und-protest-was-ende-juni-in-budapest-wirklich-begann\/"},"author":{"name":"Rainer Hofmann","@id":"https:\/\/kaizen-blog.org\/#\/schema\/person\/7d3fc7346e2501a389ea3daa48b99ad0"},"headline":"P\u00e9ter Magyar, Pride und Protest \u2013 Was Ende Juni in Budapest wirklich begann","datePublished":"2025-07-25T11:20:09+00:00","dateModified":"2025-07-25T22:23:29+00:00","mainEntityOfPage":{"@id":"https:\/\/kaizen-blog.org\/peter-magyar-pride-und-protest-was-ende-juni-in-budapest-wirklich-begann\/"},"wordCount":1091,"commentCount":5,"image":{"@id":"https:\/\/kaizen-blog.org\/peter-magyar-pride-und-protest-was-ende-juni-in-budapest-wirklich-begann\/#primaryimage"},"thumbnailUrl":"https:\/\/i0.wp.com\/kaizen-blog.org\/wp-content\/uploads\/2025\/07\/batch_Kopie-von-Kopie-von-Kopie-von-Social-Kaizen88.webp?fit=900%2C508&ssl=1","articleSection":["EU News","History X","Topstory"],"inLanguage":"en-US","potentialAction":[{"@type":"CommentAction","name":"Comment","target":["https:\/\/kaizen-blog.org\/peter-magyar-pride-und-protest-was-ende-juni-in-budapest-wirklich-begann\/#respond"]}]},{"@type":"WebPage","@id":"https:\/\/kaizen-blog.org\/peter-magyar-pride-und-protest-was-ende-juni-in-budapest-wirklich-begann\/","url":"https:\/\/kaizen-blog.org\/peter-magyar-pride-und-protest-was-ende-juni-in-budapest-wirklich-begann\/","name":"P\u00e9ter Magyar, Pride und Protest \u2013 Was Ende Juni in Budapest wirklich begann - The Kaizen Blog","isPartOf":{"@id":"https:\/\/kaizen-blog.org\/#website"},"primaryImageOfPage":{"@id":"https:\/\/kaizen-blog.org\/peter-magyar-pride-und-protest-was-ende-juni-in-budapest-wirklich-begann\/#primaryimage"},"image":{"@id":"https:\/\/kaizen-blog.org\/peter-magyar-pride-und-protest-was-ende-juni-in-budapest-wirklich-begann\/#primaryimage"},"thumbnailUrl":"https:\/\/i0.wp.com\/kaizen-blog.org\/wp-content\/uploads\/2025\/07\/batch_Kopie-von-Kopie-von-Kopie-von-Social-Kaizen88.webp?fit=900%2C508&ssl=1","datePublished":"2025-07-25T11:20:09+00:00","dateModified":"2025-07-25T22:23:29+00:00","author":{"@id":"https:\/\/kaizen-blog.org\/#\/schema\/person\/7d3fc7346e2501a389ea3daa48b99ad0"},"description":"In Ungarn tut sich etwas \u2013 viel sogar. Das wurde uns im Februar deutlich, als wir in Budapest zu mehreren Themen recherchierten: einem konspirativen Treffen und Konzert militanter Blood-and-Honour-Strukturen mit engen Verbindungen nach Russland sowie dem diskret gehaltenen Besuch von Alice Weidel, der \u00f6ffentlich kaum Beachtung fand \u2013 wir hatten aber sch\u00f6ne Bilder. Was wir sahen, war ein Land im inneren Widerspruch ...","breadcrumb":{"@id":"https:\/\/kaizen-blog.org\/peter-magyar-pride-und-protest-was-ende-juni-in-budapest-wirklich-begann\/#breadcrumb"},"inLanguage":"en-US","potentialAction":[{"@type":"ReadAction","target":["https:\/\/kaizen-blog.org\/peter-magyar-pride-und-protest-was-ende-juni-in-budapest-wirklich-begann\/"]}]},{"@type":"ImageObject","inLanguage":"en-US","@id":"https:\/\/kaizen-blog.org\/peter-magyar-pride-und-protest-was-ende-juni-in-budapest-wirklich-begann\/#primaryimage","url":"https:\/\/i0.wp.com\/kaizen-blog.org\/wp-content\/uploads\/2025\/07\/batch_Kopie-von-Kopie-von-Kopie-von-Social-Kaizen88.webp?fit=900%2C508&ssl=1","contentUrl":"https:\/\/i0.wp.com\/kaizen-blog.org\/wp-content\/uploads\/2025\/07\/batch_Kopie-von-Kopie-von-Kopie-von-Social-Kaizen88.webp?fit=900%2C508&ssl=1","width":900,"height":508},{"@type":"BreadcrumbList","@id":"https:\/\/kaizen-blog.org\/peter-magyar-pride-und-protest-was-ende-juni-in-budapest-wirklich-begann\/#breadcrumb","itemListElement":[{"@type":"ListItem","position":1,"name":"Startseite","item":"https:\/\/kaizen-blog.org\/"},{"@type":"ListItem","position":2,"name":"P\u00e9ter Magyar, Pride und Protest \u2013 Was Ende Juni in Budapest wirklich begann"}]},{"@type":"WebSite","@id":"https:\/\/kaizen-blog.org\/#website","url":"https:\/\/kaizen-blog.org\/","name":"The Kaizen Blog","description":"Investigative Journalism","potentialAction":[{"@type":"SearchAction","target":{"@type":"EntryPoint","urlTemplate":"https:\/\/kaizen-blog.org\/?s={search_term_string}"},"query-input":{"@type":"PropertyValueSpecification","valueRequired":true,"valueName":"search_term_string"}}],"inLanguage":"en-US"},{"@type":"Person","@id":"https:\/\/kaizen-blog.org\/#\/schema\/person\/7d3fc7346e2501a389ea3daa48b99ad0","name":"Rainer Hofmann","image":{"@type":"ImageObject","inLanguage":"en-US","@id":"\/\/www.gravatar.com\/avatar\/21e5b26d4f12b21206d8094d7aea4ab6?s=96&#038;r=g&#038;d=initials","url":"\/\/www.gravatar.com\/avatar\/21e5b26d4f12b21206d8094d7aea4ab6?s=96&#038;r=g&#038;d=initials","contentUrl":"\/\/www.gravatar.com\/avatar\/21e5b26d4f12b21206d8094d7aea4ab6?s=96&#038;r=g&#038;d=initials","caption":"Rainer Hofmann"},"sameAs":["https:\/\/kaizen-blog.org"],"url":"https:\/\/kaizen-blog.org\/en\/author\/admin\/"}]}},"jetpack_publicize_connections":[],"jetpack_featured_media_url":"https:\/\/i0.wp.com\/kaizen-blog.org\/wp-content\/uploads\/2025\/07\/batch_Kopie-von-Kopie-von-Kopie-von-Social-Kaizen88.webp?fit=900%2C508&ssl=1","jetpack_sharing_enabled":true,"jetpack-related-posts":[{"id":28096,"url":"https:\/\/kaizen-blog.org\/en\/budapest-gegen-bruessel-ungarns-klage-russisches-gas-und-der-kampf-um-europas-energiepolitik\/","url_meta":{"origin":10029,"position":0},"title":"Budapest Against Brussels \u2013 Hungary\u2019s Lawsuit, Russian Gas, and the Battle Over Europe\u2019s Energy Policy","author":"Rainer Hofmann","date":"February 4, 2026","format":false,"excerpt":"Ungarn zieht vor den Europ\u00e4ischen Gerichtshof und stellt sich offen gegen den Kurs der Europ\u00e4ischen Union, russische Gasimporte schrittweise zu beenden. Mit der Klage gegen die REPowerEU-Verordnung eskaliert ein Konflikt, der l\u00e4ngst \u00fcber Energiefragen hinausweist und tief in die politische Architektur der EU greift. In Budapest wird die Entscheidung aus\u2026","rel":"","context":"In &quot;EU News&quot;","block_context":{"text":"EU News","link":"https:\/\/kaizen-blog.org\/en\/category\/eu-news\/"},"img":{"alt_text":"","src":"https:\/\/i0.wp.com\/kaizen-blog.org\/wp-content\/uploads\/2026\/02\/kaizennewsday-2026-02-04T054447.991.webp?fit=905%2C500&ssl=1&resize=350%2C200","width":350,"height":200,"srcset":"https:\/\/i0.wp.com\/kaizen-blog.org\/wp-content\/uploads\/2026\/02\/kaizennewsday-2026-02-04T054447.991.webp?fit=905%2C500&ssl=1&resize=350%2C200 1x, https:\/\/i0.wp.com\/kaizen-blog.org\/wp-content\/uploads\/2026\/02\/kaizennewsday-2026-02-04T054447.991.webp?fit=905%2C500&ssl=1&resize=525%2C300 1.5x, https:\/\/i0.wp.com\/kaizen-blog.org\/wp-content\/uploads\/2026\/02\/kaizennewsday-2026-02-04T054447.991.webp?fit=905%2C500&ssl=1&resize=700%2C400 2x"},"classes":[]},{"id":33772,"url":"https:\/\/kaizen-blog.org\/en\/er-sass-am-tisch-der-europaeer-und-spielte-fuer-die-andere-seite\/","url_meta":{"origin":10029,"position":1},"title":"He sat at the table of the Europeans and played for the other side","author":"Rainer Hofmann","date":"April 9, 2026","format":false,"excerpt":"Viktor Orb\u00e1n steht heute im Zentrum eines politischen Kurses, der Ungarn innerhalb der Europ\u00e4ischen Union zu einem der wichtigsten Partner des Kremls gemacht hat. W\u00e4hrend Br\u00fcssel versucht, sich von russischer Energie zu l\u00f6sen und die Ukraine zu unterst\u00fctzen, blockiert Budapest Hilfen, verz\u00f6gert Sanktionen und sendet Signale, die sich auff\u00e4llig mit\u2026","rel":"","context":"In &quot;EU News&quot;","block_context":{"text":"EU News","link":"https:\/\/kaizen-blog.org\/en\/category\/eu-news\/"},"img":{"alt_text":"","src":"https:\/\/i0.wp.com\/kaizen-blog.org\/wp-content\/uploads\/2026\/04\/batch_kaizennewsday-2026-04-09T180212.116.webp?fit=905%2C500&ssl=1&resize=350%2C200","width":350,"height":200,"srcset":"https:\/\/i0.wp.com\/kaizen-blog.org\/wp-content\/uploads\/2026\/04\/batch_kaizennewsday-2026-04-09T180212.116.webp?fit=905%2C500&ssl=1&resize=350%2C200 1x, https:\/\/i0.wp.com\/kaizen-blog.org\/wp-content\/uploads\/2026\/04\/batch_kaizennewsday-2026-04-09T180212.116.webp?fit=905%2C500&ssl=1&resize=525%2C300 1.5x, https:\/\/i0.wp.com\/kaizen-blog.org\/wp-content\/uploads\/2026\/04\/batch_kaizennewsday-2026-04-09T180212.116.webp?fit=905%2C500&ssl=1&resize=700%2C400 2x"},"classes":[]},{"id":15624,"url":"https:\/\/kaizen-blog.org\/en\/die-grosse-nachahmung-orban-folgt-trump-ins-reich-der-schattengegner\/","url_meta":{"origin":10029,"position":2},"title":"The Great Imitation - Orb\u00e1n Follows Trump Into the Realm of Shadow Enemies","author":"Rainer Hofmann","date":"September 19, 2025","format":false,"excerpt":"Ein Phantom als Staatsfeind: Viktor Orb\u00e1n kopiert Trumps Plan, Antifa zur Terrororganisation zu erkl\u00e4ren. In Ungarn, wo antifaschistische Gruppen kaum pr\u00e4sent sind, wird so aus einem Nebenschauplatz ein politisches Spektakel \u2013 und ein Feindbild, das von den wirklichen Gefahren ablenken soll. \u00dcberraschung? Wohl kaum. Viktor Orb\u00e1n hat angek\u00fcndigt, dem Beispiel\u2026","rel":"","context":"In &quot;EU News&quot;","block_context":{"text":"EU News","link":"https:\/\/kaizen-blog.org\/en\/category\/eu-news\/"},"img":{"alt_text":"","src":"https:\/\/i0.wp.com\/kaizen-blog.org\/wp-content\/uploads\/2025\/09\/Kaizen-Blog31.webp?fit=905%2C500&ssl=1&resize=350%2C200","width":350,"height":200,"srcset":"https:\/\/i0.wp.com\/kaizen-blog.org\/wp-content\/uploads\/2025\/09\/Kaizen-Blog31.webp?fit=905%2C500&ssl=1&resize=350%2C200 1x, https:\/\/i0.wp.com\/kaizen-blog.org\/wp-content\/uploads\/2025\/09\/Kaizen-Blog31.webp?fit=905%2C500&ssl=1&resize=525%2C300 1.5x, https:\/\/i0.wp.com\/kaizen-blog.org\/wp-content\/uploads\/2025\/09\/Kaizen-Blog31.webp?fit=905%2C500&ssl=1&resize=700%2C400 2x"},"classes":[]},{"id":923,"url":"https:\/\/kaizen-blog.org\/en\/die-neue-korruptionsordnung-the-new-order-of-corruption\/","url_meta":{"origin":10029,"position":3},"title":"The New Order of Corruption","author":"Rainer Hofmann","date":"May 21, 2025","format":false,"excerpt":"Wie Donald Trump das System der Selbstbereicherung perfektioniert. Donald Trump, der Pr\u00e4sident, der einst versprach, \u201eden Sumpf trockenzulegen\u201c, hat in Wahrheit ein neues \u00d6kosystem geschaffen \u2013 eines, in dem Korruption nicht mehr vertuscht, sondern zur Methode erhoben wird. Innerhalb weniger Wochen k\u00fcndigte er an, eine Boeing 747 im Wert von\u2026","rel":"","context":"In &quot;Dark America&quot;","block_context":{"text":"Dark America","link":"https:\/\/kaizen-blog.org\/en\/category\/dark-america\/"},"img":{"alt_text":"","src":"https:\/\/i0.wp.com\/kaizen-blog.org\/wp-content\/uploads\/2025\/05\/donald-trump-president-kaizen-blog.webp?fit=994%2C490&ssl=1&resize=350%2C200","width":350,"height":200,"srcset":"https:\/\/i0.wp.com\/kaizen-blog.org\/wp-content\/uploads\/2025\/05\/donald-trump-president-kaizen-blog.webp?fit=994%2C490&ssl=1&resize=350%2C200 1x, https:\/\/i0.wp.com\/kaizen-blog.org\/wp-content\/uploads\/2025\/05\/donald-trump-president-kaizen-blog.webp?fit=994%2C490&ssl=1&resize=525%2C300 1.5x, https:\/\/i0.wp.com\/kaizen-blog.org\/wp-content\/uploads\/2025\/05\/donald-trump-president-kaizen-blog.webp?fit=994%2C490&ssl=1&resize=700%2C400 2x"},"classes":[]},{"id":3986,"url":"https:\/\/kaizen-blog.org\/en\/die-saat-des-hasses-wenn-europa-brennt-und-niemand-mehr-wegsieht\/","url_meta":{"origin":10029,"position":4},"title":"The Seeds of Hate \u2013 When Europe Burns and No One Looks Away","author":"Rainer Hofmann","date":"June 11, 2025","format":false,"excerpt":"Ballymena. Eine Kleinstadt in Nordirland, bekannt f\u00fcr seine Ziegelbauten, seine Loyalisten und seine Geschichte. Und nun auch f\u00fcr brennende H\u00e4user, zerborstene Fenster, rassistische Hetzjagden und eine Polizei, die mit Gummigeschossen gegen ihre eigene Jugend vorgeht. 17 Beamte verletzt in nur einer Nacht, f\u00fcnf Festnahmen, Brands\u00e4tze, Molotowcocktails, und ein Fl\u00e4chenbrand, der\u2026","rel":"","context":"In &quot;EU News&quot;","block_context":{"text":"EU News","link":"https:\/\/kaizen-blog.org\/en\/category\/eu-news\/"},"img":{"alt_text":"","src":"https:\/\/i0.wp.com\/kaizen-blog.org\/wp-content\/uploads\/2025\/06\/northern-ireland.webp?fit=850%2C508&ssl=1&resize=350%2C200","width":350,"height":200,"srcset":"https:\/\/i0.wp.com\/kaizen-blog.org\/wp-content\/uploads\/2025\/06\/northern-ireland.webp?fit=850%2C508&ssl=1&resize=350%2C200 1x, https:\/\/i0.wp.com\/kaizen-blog.org\/wp-content\/uploads\/2025\/06\/northern-ireland.webp?fit=850%2C508&ssl=1&resize=525%2C300 1.5x, https:\/\/i0.wp.com\/kaizen-blog.org\/wp-content\/uploads\/2025\/06\/northern-ireland.webp?fit=850%2C508&ssl=1&resize=700%2C400 2x"},"classes":[]},{"id":18319,"url":"https:\/\/kaizen-blog.org\/en\/die-inszenierung-der-annaeherung-trumps-moskau-moment-war-nie-echt\/","url_meta":{"origin":10029,"position":5},"title":"The Staging of Rapprochement - Trump\u2019s Moscow Moment Was Never Real","author":"Rainer Hofmann","date":"October 21, 2025","format":false,"excerpt":"Was sich gestern noch wie eine diplomatische Neuauflage des Kalten Krieges anh\u00f6rte, entpuppt sich heute als das, was es von Anfang an war: ein weiterer Bluff aus dem Wei\u00dfen Haus. Schon am Montagabend hatten Recherchen darauf hingedeutet, dass Donald Trumps angeblich bevorstehendes Treffen mit Wladimir Putin in Budapest nie ernsthaft\u2026","rel":"","context":"In &quot;Inferno Ukraine&quot;","block_context":{"text":"Inferno Ukraine","link":"https:\/\/kaizen-blog.org\/en\/category\/inferno-ukraine\/"},"img":{"alt_text":"","src":"https:\/\/i0.wp.com\/kaizen-blog.org\/wp-content\/uploads\/2025\/10\/Kopie-von-Kopie-von-Kaizen-Blog-2025-10-21T230331.535.webp?fit=905%2C500&ssl=1&resize=350%2C200","width":350,"height":200,"srcset":"https:\/\/i0.wp.com\/kaizen-blog.org\/wp-content\/uploads\/2025\/10\/Kopie-von-Kopie-von-Kaizen-Blog-2025-10-21T230331.535.webp?fit=905%2C500&ssl=1&resize=350%2C200 1x, https:\/\/i0.wp.com\/kaizen-blog.org\/wp-content\/uploads\/2025\/10\/Kopie-von-Kopie-von-Kaizen-Blog-2025-10-21T230331.535.webp?fit=905%2C500&ssl=1&resize=525%2C300 1.5x, https:\/\/i0.wp.com\/kaizen-blog.org\/wp-content\/uploads\/2025\/10\/Kopie-von-Kopie-von-Kaizen-Blog-2025-10-21T230331.535.webp?fit=905%2C500&ssl=1&resize=700%2C400 2x"},"classes":[]}],"_links":{"self":[{"href":"https:\/\/kaizen-blog.org\/en\/wp-json\/wp\/v2\/posts\/10029","targetHints":{"allow":["GET"]}}],"collection":[{"href":"https:\/\/kaizen-blog.org\/en\/wp-json\/wp\/v2\/posts"}],"about":[{"href":"https:\/\/kaizen-blog.org\/en\/wp-json\/wp\/v2\/types\/post"}],"author":[{"embeddable":true,"href":"https:\/\/kaizen-blog.org\/en\/wp-json\/wp\/v2\/users\/1"}],"replies":[{"embeddable":true,"href":"https:\/\/kaizen-blog.org\/en\/wp-json\/wp\/v2\/comments?post=10029"}],"version-history":[{"count":0,"href":"https:\/\/kaizen-blog.org\/en\/wp-json\/wp\/v2\/posts\/10029\/revisions"}],"wp:featuredmedia":[{"embeddable":true,"href":"https:\/\/kaizen-blog.org\/en\/wp-json\/wp\/v2\/media\/10032"}],"wp:attachment":[{"href":"https:\/\/kaizen-blog.org\/en\/wp-json\/wp\/v2\/media?parent=10029"}],"wp:term":[{"taxonomy":"category","embeddable":true,"href":"https:\/\/kaizen-blog.org\/en\/wp-json\/wp\/v2\/categories?post=10029"},{"taxonomy":"post_tag","embeddable":true,"href":"https:\/\/kaizen-blog.org\/en\/wp-json\/wp\/v2\/tags?post=10029"}],"curies":[{"name":"wp","href":"https:\/\/api.w.org\/{rel}","templated":true}]}}