{"id":1001,"date":"2025-05-02T22:26:03","date_gmt":"2025-05-02T22:26:03","guid":{"rendered":"https:\/\/kaizen-blog.org\/?p=1001"},"modified":"2025-05-25T19:04:56","modified_gmt":"2025-05-25T19:04:56","slug":"panzer-parade-praesident-trumps-aufstieg-zum-feldmarschall-des-volkes-tanks-parade-president-trumps-rise-to-field-marshal-of-the-people","status":"publish","type":"post","link":"https:\/\/kaizen-blog.org\/en\/panzer-parade-praesident-trumps-aufstieg-zum-feldmarschall-des-volkes-tanks-parade-president-trumps-rise-to-field-marshal-of-the-people\/","title":{"rendered":"Tanks, Parade, President \u2013 Trump\u2019s Rise to Field Marshal of the People"},"content":{"rendered":"<p>Is he really crowning himself \u2013 or will the parade remain just a fantasy?<\/p>\n\n\n\n<p>Washington, June 14, 2025 - The economy is stumbling, milk still costs around four dollars a gallon, one job is no longer enough to make ends meet, and at airports, federal agents are waving unsuspecting migrants with Venezuelan passports onto charter flights bound for El Salvador. Amidst it all, Donald J. Trump turns to the most obvious solution: a military parade for his 79th birthday.<\/p>\n\n\n\n<p>But of course, not just any parade. This one is said to include 6,600 soldiers, 150 vehicles, 50 helicopters, seven marching bands, a parachute jump\u2014and possibly a golden throne on wheels. The king is having a birthday, and the country is invited\u2014no, expected\u2014to cheer. What are debt, hunger, or mass deportations when there\u2019s pomp and tanks for dessert?<\/p>\n\n\n\n<p>According to the planning documents\u2014reportedly penned with a gold-plated fountain pen\u2014the stated goal is to \"honor 250 years of Army service.\" But everyone knows: this is about one man, his vanity, and his ego wrapped in olive-drab steel. A phrase like \u201cI threw the biggest parade ever!\u201d surely sounds better than \u201cI dismantled democracy, but hey, check out those Strykers!\u201d<\/p>\n\n\n\n<p>The scene conjures not only Kim Jong Un, the eternal fire-starter in Pyongyang, but also other parade connoisseurs of global renown:<\/p>\n\n\n\n<p>\u2013 Vladimir Putin, who parades more missiles than free journalists across Red Square.<br>\u2013 Recep Tayyip Erdo\u011fan, who prefers to be celebrated in formation while shutting down newsrooms.<br>\u2013 Xi Jinping, who only smiles when 100,000 troops march in perfect sync through Beijing.<\/p>\n\n\n\n<p>And now Trump, placing himself somewhere between Kim, Vladimir, and Xi\u2014a parade president of the self-anointed commander-in-chief variety. While detention camps expand in Texas and the American economy wobbles like an unsecured Paladin cannon on 14th Street, Washington becomes the stage for a strange display of muscle and myth.<\/p>\n\n\n\n<p>And if you\u2019re wondering where the money is coming from: from shuttered libraries (too many \u201cwoke\u201d books), from gutted social programs, from the firing of thousands of civilian employees. Fewer questions, more marching music\u2014that\u2019s the new American ethos.<\/p>\n\n\n\n<p>Trump wears no helmet, only a tailored suit with golden trim. In his pocket: a miniature American flag. In his hand: the scepter of spectacle. On his face: that smile\u2014half dictator, half game show host. Somewhere between Broadway and bunker, between studio lights and state of emergency, he crowns himself\u2014not elected, but applauded, cheered, marched into history.<\/p>\n\n\n\n<p>But nothing is signed yet. As of today, the parade is an unconfirmed fantasy with a staff-approved blueprint, a shimmering shadow on the capital\u2019s asphalt. Maybe it stays an idea. Maybe only Humvees roll through the heart of power. Maybe just a string quartet passes by instead of a tank brigade.<\/p>\n\n\n\n<p>Because when democracy stumbles, people flee, and prosperity fades, the king needs only one thing: a long line of steel, obedience, and ideology to prove he is loved.<\/p>\n\n\n\n<p>Or at least feared. And in the end, only one question remains:\nIf it\u2019s just a fantasy - why does the planning document already name June 14, 2025?<\/p>\n<div class=\"gsp_post_data\" \r\n\t            data-post_type=\"post\" \r\n\t            data-cat=\"trump-s-world\" \r\n\t            data-modified=\"120\"\r\n\t            data-created=\"1746224763\"\r\n\t            data-title=\"Panzer, Parade, Pr\u00e4sident \u2013 Trumps Aufstieg zum Feldmarschall des Volkes\" \r\n\t            data-home=\"https:\/\/kaizen-blog.org\/en\/\"><\/div>","protected":false},"excerpt":{"rendered":"<p>Kr\u00f6nt er sich selbst \u2013 oder bleibt die Parade am Ende doch nur ein Wunschtraum? Washington, 14. Juni 2025. Die Wirtschaft taumelt, Milch kostet noch rund 4 Dollar Dollar, ein Job reicht nicht mehr zum Leben, und auf den Flugh\u00e4fen winken Bundesbeamte ahnungslose Migranten mit venezolanischen P\u00e4ssen in Chartermaschinen Richtung El Salvador. In dieser Weltlage [&hellip;]<\/p>\n","protected":false},"author":1,"featured_media":1002,"comment_status":"open","ping_status":"open","sticky":false,"template":"","format":"standard","meta":{"_jetpack_memberships_contains_paid_content":false,"footnotes":"","jetpack_publicize_message":"","jetpack_publicize_feature_enabled":true,"jetpack_social_post_already_shared":false,"jetpack_social_options":{"image_generator_settings":{"template":"highway","default_image_id":0,"font":"","enabled":false},"version":2}},"categories":[41],"tags":[],"class_list":["post-1001","post","type-post","status-publish","format-standard","has-post-thumbnail","hentry","category-trump-s-world"],"featured_image_src":"https:\/\/i0.wp.com\/kaizen-blog.org\/wp-content\/uploads\/2025\/05\/kim-trump-putin.webp?fit=994%2C508&ssl=1","author_info":{"display_name":"Rainer Hofmann","author_link":"https:\/\/kaizen-blog.org\/en\/author\/admin\/"},"yoast_head":"<!-- This site is optimized with the Yoast SEO plugin v27.5 - https:\/\/yoast.com\/product\/yoast-seo-wordpress\/ -->\n<title>Panzer, Parade, Pr\u00e4sident \u2013 Trumps Aufstieg zum Feldmarschall des Volkes - The Kaizen Blog<\/title>\n<meta name=\"robots\" content=\"index, follow, max-snippet:-1, max-image-preview:large, max-video-preview:-1\" \/>\n<link rel=\"canonical\" href=\"https:\/\/kaizen-blog.org\/en\/panzer-parade-praesident-trumps-aufstieg-zum-feldmarschall-des-volkes-tanks-parade-president-trumps-rise-to-field-marshal-of-the-people\/\" \/>\n<meta property=\"og:locale\" content=\"en_US\" \/>\n<meta property=\"og:type\" content=\"article\" \/>\n<meta property=\"og:title\" content=\"Panzer, Parade, Pr\u00e4sident \u2013 Trumps Aufstieg zum Feldmarschall des Volkes \/ Tanks, Parade, President \u2013 Trump\u2019s Rise to Field Marshal of the People\" \/>\n<meta property=\"og:description\" content=\"Kr\u00f6nt er sich selbst \u2013 oder bleibt die Parade am Ende doch nur ein Wunschtraum? Washington, 14. Juni 2025. Die Wirtschaft taumelt, Milch kostet noch rund 4 Dollar Dollar, ein Job reicht nicht mehr zum Leben, und auf den Flugh\u00e4fen winken Bundesbeamte ahnungslose Migranten mit venezolanischen P\u00e4ssen in Chartermaschinen Richtung El Salvador. In dieser Weltlage [&hellip;]\" \/>\n<meta property=\"og:url\" content=\"https:\/\/kaizen-blog.org\/en\/panzer-parade-praesident-trumps-aufstieg-zum-feldmarschall-des-volkes-tanks-parade-president-trumps-rise-to-field-marshal-of-the-people\/\" \/>\n<meta property=\"og:site_name\" content=\"The Kaizen Blog\" \/>\n<meta property=\"article:publisher\" content=\"https:\/\/www.facebook.com\/rainer.hofmann.2025\/\" \/>\n<meta property=\"article:published_time\" content=\"2025-05-02T22:26:03+00:00\" \/>\n<meta property=\"article:modified_time\" content=\"2025-05-25T19:04:56+00:00\" \/>\n<meta property=\"og:image\" content=\"https:\/\/kaizen-blog.org\/wp-content\/uploads\/2025\/05\/kim-trump-putin.webp\" \/>\n\t<meta property=\"og:image:width\" content=\"994\" \/>\n\t<meta property=\"og:image:height\" content=\"508\" \/>\n\t<meta property=\"og:image:type\" content=\"image\/webp\" \/>\n<meta name=\"author\" content=\"Rainer Hofmann\" \/>\n<meta name=\"twitter:card\" content=\"summary_large_image\" \/>\n<meta name=\"twitter:label1\" content=\"Written by\" \/>\n\t<meta name=\"twitter:data1\" content=\"Rainer Hofmann\" \/>\n\t<meta name=\"twitter:label2\" content=\"Est. reading time\" \/>\n\t<meta name=\"twitter:data2\" content=\"3 minutes\" \/>\n<script type=\"application\/ld+json\" class=\"yoast-schema-graph\">{\"@context\":\"https:\\\/\\\/schema.org\",\"@graph\":[{\"@type\":\"Article\",\"@id\":\"https:\\\/\\\/kaizen-blog.org\\\/panzer-parade-praesident-trumps-aufstieg-zum-feldmarschall-des-volkes-tanks-parade-president-trumps-rise-to-field-marshal-of-the-people\\\/#article\",\"isPartOf\":{\"@id\":\"https:\\\/\\\/kaizen-blog.org\\\/panzer-parade-praesident-trumps-aufstieg-zum-feldmarschall-des-volkes-tanks-parade-president-trumps-rise-to-field-marshal-of-the-people\\\/\"},\"author\":{\"name\":\"Rainer Hofmann\",\"@id\":\"https:\\\/\\\/kaizen-blog.org\\\/#\\\/schema\\\/person\\\/7d3fc7346e2501a389ea3daa48b99ad0\"},\"headline\":\"Panzer, Parade, Pr\u00e4sident \u2013 Trumps Aufstieg zum Feldmarschall des Volkes\",\"datePublished\":\"2025-05-02T22:26:03+00:00\",\"dateModified\":\"2025-05-25T19:04:56+00:00\",\"mainEntityOfPage\":{\"@id\":\"https:\\\/\\\/kaizen-blog.org\\\/panzer-parade-praesident-trumps-aufstieg-zum-feldmarschall-des-volkes-tanks-parade-president-trumps-rise-to-field-marshal-of-the-people\\\/\"},\"wordCount\":532,\"commentCount\":0,\"image\":{\"@id\":\"https:\\\/\\\/kaizen-blog.org\\\/panzer-parade-praesident-trumps-aufstieg-zum-feldmarschall-des-volkes-tanks-parade-president-trumps-rise-to-field-marshal-of-the-people\\\/#primaryimage\"},\"thumbnailUrl\":\"https:\\\/\\\/i0.wp.com\\\/kaizen-blog.org\\\/wp-content\\\/uploads\\\/2025\\\/05\\\/kim-trump-putin.webp?fit=994%2C508&ssl=1\",\"articleSection\":[\"Trumpland\"],\"inLanguage\":\"en-US\",\"potentialAction\":[{\"@type\":\"CommentAction\",\"name\":\"Comment\",\"target\":[\"https:\\\/\\\/kaizen-blog.org\\\/panzer-parade-praesident-trumps-aufstieg-zum-feldmarschall-des-volkes-tanks-parade-president-trumps-rise-to-field-marshal-of-the-people\\\/#respond\"]}]},{\"@type\":\"WebPage\",\"@id\":\"https:\\\/\\\/kaizen-blog.org\\\/panzer-parade-praesident-trumps-aufstieg-zum-feldmarschall-des-volkes-tanks-parade-president-trumps-rise-to-field-marshal-of-the-people\\\/\",\"url\":\"https:\\\/\\\/kaizen-blog.org\\\/panzer-parade-praesident-trumps-aufstieg-zum-feldmarschall-des-volkes-tanks-parade-president-trumps-rise-to-field-marshal-of-the-people\\\/\",\"name\":\"Panzer, Parade, Pr\u00e4sident \u2013 Trumps Aufstieg zum Feldmarschall des Volkes - The Kaizen Blog\",\"isPartOf\":{\"@id\":\"https:\\\/\\\/kaizen-blog.org\\\/#website\"},\"primaryImageOfPage\":{\"@id\":\"https:\\\/\\\/kaizen-blog.org\\\/panzer-parade-praesident-trumps-aufstieg-zum-feldmarschall-des-volkes-tanks-parade-president-trumps-rise-to-field-marshal-of-the-people\\\/#primaryimage\"},\"image\":{\"@id\":\"https:\\\/\\\/kaizen-blog.org\\\/panzer-parade-praesident-trumps-aufstieg-zum-feldmarschall-des-volkes-tanks-parade-president-trumps-rise-to-field-marshal-of-the-people\\\/#primaryimage\"},\"thumbnailUrl\":\"https:\\\/\\\/i0.wp.com\\\/kaizen-blog.org\\\/wp-content\\\/uploads\\\/2025\\\/05\\\/kim-trump-putin.webp?fit=994%2C508&ssl=1\",\"datePublished\":\"2025-05-02T22:26:03+00:00\",\"dateModified\":\"2025-05-25T19:04:56+00:00\",\"author\":{\"@id\":\"https:\\\/\\\/kaizen-blog.org\\\/#\\\/schema\\\/person\\\/7d3fc7346e2501a389ea3daa48b99ad0\"},\"breadcrumb\":{\"@id\":\"https:\\\/\\\/kaizen-blog.org\\\/panzer-parade-praesident-trumps-aufstieg-zum-feldmarschall-des-volkes-tanks-parade-president-trumps-rise-to-field-marshal-of-the-people\\\/#breadcrumb\"},\"inLanguage\":\"en-US\",\"potentialAction\":[{\"@type\":\"ReadAction\",\"target\":[\"https:\\\/\\\/kaizen-blog.org\\\/panzer-parade-praesident-trumps-aufstieg-zum-feldmarschall-des-volkes-tanks-parade-president-trumps-rise-to-field-marshal-of-the-people\\\/\"]}]},{\"@type\":\"ImageObject\",\"inLanguage\":\"en-US\",\"@id\":\"https:\\\/\\\/kaizen-blog.org\\\/panzer-parade-praesident-trumps-aufstieg-zum-feldmarschall-des-volkes-tanks-parade-president-trumps-rise-to-field-marshal-of-the-people\\\/#primaryimage\",\"url\":\"https:\\\/\\\/i0.wp.com\\\/kaizen-blog.org\\\/wp-content\\\/uploads\\\/2025\\\/05\\\/kim-trump-putin.webp?fit=994%2C508&ssl=1\",\"contentUrl\":\"https:\\\/\\\/i0.wp.com\\\/kaizen-blog.org\\\/wp-content\\\/uploads\\\/2025\\\/05\\\/kim-trump-putin.webp?fit=994%2C508&ssl=1\",\"width\":994,\"height\":508},{\"@type\":\"BreadcrumbList\",\"@id\":\"https:\\\/\\\/kaizen-blog.org\\\/panzer-parade-praesident-trumps-aufstieg-zum-feldmarschall-des-volkes-tanks-parade-president-trumps-rise-to-field-marshal-of-the-people\\\/#breadcrumb\",\"itemListElement\":[{\"@type\":\"ListItem\",\"position\":1,\"name\":\"Startseite\",\"item\":\"https:\\\/\\\/kaizen-blog.org\\\/\"},{\"@type\":\"ListItem\",\"position\":2,\"name\":\"Panzer, Parade, Pr\u00e4sident \u2013 Trumps Aufstieg zum Feldmarschall des Volkes\"}]},{\"@type\":\"WebSite\",\"@id\":\"https:\\\/\\\/kaizen-blog.org\\\/#website\",\"url\":\"https:\\\/\\\/kaizen-blog.org\\\/\",\"name\":\"The Kaizen Blog\",\"description\":\"Investigativer Journalismus\",\"potentialAction\":[{\"@type\":\"SearchAction\",\"target\":{\"@type\":\"EntryPoint\",\"urlTemplate\":\"https:\\\/\\\/kaizen-blog.org\\\/?s={search_term_string}\"},\"query-input\":{\"@type\":\"PropertyValueSpecification\",\"valueRequired\":true,\"valueName\":\"search_term_string\"}}],\"inLanguage\":\"en-US\"},{\"@type\":\"Person\",\"@id\":\"https:\\\/\\\/kaizen-blog.org\\\/#\\\/schema\\\/person\\\/7d3fc7346e2501a389ea3daa48b99ad0\",\"name\":\"Rainer Hofmann\",\"image\":{\"@type\":\"ImageObject\",\"inLanguage\":\"en-US\",\"@id\":\"\\\/\\\/www.gravatar.com\\\/avatar\\\/21e5b26d4f12b21206d8094d7aea4ab6?s=96&#038;r=g&#038;d=initials\",\"url\":\"\\\/\\\/www.gravatar.com\\\/avatar\\\/21e5b26d4f12b21206d8094d7aea4ab6?s=96&#038;r=g&#038;d=initials\",\"contentUrl\":\"\\\/\\\/www.gravatar.com\\\/avatar\\\/21e5b26d4f12b21206d8094d7aea4ab6?s=96&#038;r=g&#038;d=initials\",\"caption\":\"Rainer Hofmann\"},\"sameAs\":[\"https:\\\/\\\/kaizen-blog.org\"],\"url\":\"https:\\\/\\\/kaizen-blog.org\\\/en\\\/author\\\/admin\\\/\"}]}<\/script>\n<!-- \/ Yoast SEO plugin. -->","yoast_head_json":{"title":"Panzer, Parade, Pr\u00e4sident \u2013 Trumps Aufstieg zum Feldmarschall des Volkes - The Kaizen Blog","robots":{"index":"index","follow":"follow","max-snippet":"max-snippet:-1","max-image-preview":"max-image-preview:large","max-video-preview":"max-video-preview:-1"},"canonical":"https:\/\/kaizen-blog.org\/en\/panzer-parade-praesident-trumps-aufstieg-zum-feldmarschall-des-volkes-tanks-parade-president-trumps-rise-to-field-marshal-of-the-people\/","og_locale":"en_US","og_type":"article","og_title":"Panzer, Parade, Pr\u00e4sident \u2013 Trumps Aufstieg zum Feldmarschall des Volkes \/ Tanks, Parade, President \u2013 Trump\u2019s Rise to Field Marshal of the People","og_description":"Kr\u00f6nt er sich selbst \u2013 oder bleibt die Parade am Ende doch nur ein Wunschtraum? Washington, 14. Juni 2025. Die Wirtschaft taumelt, Milch kostet noch rund 4 Dollar Dollar, ein Job reicht nicht mehr zum Leben, und auf den Flugh\u00e4fen winken Bundesbeamte ahnungslose Migranten mit venezolanischen P\u00e4ssen in Chartermaschinen Richtung El Salvador. In dieser Weltlage [&hellip;]","og_url":"https:\/\/kaizen-blog.org\/en\/panzer-parade-praesident-trumps-aufstieg-zum-feldmarschall-des-volkes-tanks-parade-president-trumps-rise-to-field-marshal-of-the-people\/","og_site_name":"The Kaizen Blog","article_publisher":"https:\/\/www.facebook.com\/rainer.hofmann.2025\/","article_published_time":"2025-05-02T22:26:03+00:00","article_modified_time":"2025-05-25T19:04:56+00:00","og_image":[{"width":994,"height":508,"url":"https:\/\/kaizen-blog.org\/wp-content\/uploads\/2025\/05\/kim-trump-putin.webp","type":"image\/webp"}],"author":"Rainer Hofmann","twitter_card":"summary_large_image","twitter_misc":{"Written by":"Rainer Hofmann","Est. reading time":"3 minutes"},"schema":{"@context":"https:\/\/schema.org","@graph":[{"@type":"Article","@id":"https:\/\/kaizen-blog.org\/panzer-parade-praesident-trumps-aufstieg-zum-feldmarschall-des-volkes-tanks-parade-president-trumps-rise-to-field-marshal-of-the-people\/#article","isPartOf":{"@id":"https:\/\/kaizen-blog.org\/panzer-parade-praesident-trumps-aufstieg-zum-feldmarschall-des-volkes-tanks-parade-president-trumps-rise-to-field-marshal-of-the-people\/"},"author":{"name":"Rainer Hofmann","@id":"https:\/\/kaizen-blog.org\/#\/schema\/person\/7d3fc7346e2501a389ea3daa48b99ad0"},"headline":"Panzer, Parade, Pr\u00e4sident \u2013 Trumps Aufstieg zum Feldmarschall des Volkes","datePublished":"2025-05-02T22:26:03+00:00","dateModified":"2025-05-25T19:04:56+00:00","mainEntityOfPage":{"@id":"https:\/\/kaizen-blog.org\/panzer-parade-praesident-trumps-aufstieg-zum-feldmarschall-des-volkes-tanks-parade-president-trumps-rise-to-field-marshal-of-the-people\/"},"wordCount":532,"commentCount":0,"image":{"@id":"https:\/\/kaizen-blog.org\/panzer-parade-praesident-trumps-aufstieg-zum-feldmarschall-des-volkes-tanks-parade-president-trumps-rise-to-field-marshal-of-the-people\/#primaryimage"},"thumbnailUrl":"https:\/\/i0.wp.com\/kaizen-blog.org\/wp-content\/uploads\/2025\/05\/kim-trump-putin.webp?fit=994%2C508&ssl=1","articleSection":["Trumpland"],"inLanguage":"en-US","potentialAction":[{"@type":"CommentAction","name":"Comment","target":["https:\/\/kaizen-blog.org\/panzer-parade-praesident-trumps-aufstieg-zum-feldmarschall-des-volkes-tanks-parade-president-trumps-rise-to-field-marshal-of-the-people\/#respond"]}]},{"@type":"WebPage","@id":"https:\/\/kaizen-blog.org\/panzer-parade-praesident-trumps-aufstieg-zum-feldmarschall-des-volkes-tanks-parade-president-trumps-rise-to-field-marshal-of-the-people\/","url":"https:\/\/kaizen-blog.org\/panzer-parade-praesident-trumps-aufstieg-zum-feldmarschall-des-volkes-tanks-parade-president-trumps-rise-to-field-marshal-of-the-people\/","name":"Panzer, Parade, Pr\u00e4sident \u2013 Trumps Aufstieg zum Feldmarschall des Volkes - The Kaizen Blog","isPartOf":{"@id":"https:\/\/kaizen-blog.org\/#website"},"primaryImageOfPage":{"@id":"https:\/\/kaizen-blog.org\/panzer-parade-praesident-trumps-aufstieg-zum-feldmarschall-des-volkes-tanks-parade-president-trumps-rise-to-field-marshal-of-the-people\/#primaryimage"},"image":{"@id":"https:\/\/kaizen-blog.org\/panzer-parade-praesident-trumps-aufstieg-zum-feldmarschall-des-volkes-tanks-parade-president-trumps-rise-to-field-marshal-of-the-people\/#primaryimage"},"thumbnailUrl":"https:\/\/i0.wp.com\/kaizen-blog.org\/wp-content\/uploads\/2025\/05\/kim-trump-putin.webp?fit=994%2C508&ssl=1","datePublished":"2025-05-02T22:26:03+00:00","dateModified":"2025-05-25T19:04:56+00:00","author":{"@id":"https:\/\/kaizen-blog.org\/#\/schema\/person\/7d3fc7346e2501a389ea3daa48b99ad0"},"breadcrumb":{"@id":"https:\/\/kaizen-blog.org\/panzer-parade-praesident-trumps-aufstieg-zum-feldmarschall-des-volkes-tanks-parade-president-trumps-rise-to-field-marshal-of-the-people\/#breadcrumb"},"inLanguage":"en-US","potentialAction":[{"@type":"ReadAction","target":["https:\/\/kaizen-blog.org\/panzer-parade-praesident-trumps-aufstieg-zum-feldmarschall-des-volkes-tanks-parade-president-trumps-rise-to-field-marshal-of-the-people\/"]}]},{"@type":"ImageObject","inLanguage":"en-US","@id":"https:\/\/kaizen-blog.org\/panzer-parade-praesident-trumps-aufstieg-zum-feldmarschall-des-volkes-tanks-parade-president-trumps-rise-to-field-marshal-of-the-people\/#primaryimage","url":"https:\/\/i0.wp.com\/kaizen-blog.org\/wp-content\/uploads\/2025\/05\/kim-trump-putin.webp?fit=994%2C508&ssl=1","contentUrl":"https:\/\/i0.wp.com\/kaizen-blog.org\/wp-content\/uploads\/2025\/05\/kim-trump-putin.webp?fit=994%2C508&ssl=1","width":994,"height":508},{"@type":"BreadcrumbList","@id":"https:\/\/kaizen-blog.org\/panzer-parade-praesident-trumps-aufstieg-zum-feldmarschall-des-volkes-tanks-parade-president-trumps-rise-to-field-marshal-of-the-people\/#breadcrumb","itemListElement":[{"@type":"ListItem","position":1,"name":"Startseite","item":"https:\/\/kaizen-blog.org\/"},{"@type":"ListItem","position":2,"name":"Panzer, Parade, Pr\u00e4sident \u2013 Trumps Aufstieg zum Feldmarschall des Volkes"}]},{"@type":"WebSite","@id":"https:\/\/kaizen-blog.org\/#website","url":"https:\/\/kaizen-blog.org\/","name":"The Kaizen Blog","description":"Investigative Journalism","potentialAction":[{"@type":"SearchAction","target":{"@type":"EntryPoint","urlTemplate":"https:\/\/kaizen-blog.org\/?s={search_term_string}"},"query-input":{"@type":"PropertyValueSpecification","valueRequired":true,"valueName":"search_term_string"}}],"inLanguage":"en-US"},{"@type":"Person","@id":"https:\/\/kaizen-blog.org\/#\/schema\/person\/7d3fc7346e2501a389ea3daa48b99ad0","name":"Rainer Hofmann","image":{"@type":"ImageObject","inLanguage":"en-US","@id":"\/\/www.gravatar.com\/avatar\/21e5b26d4f12b21206d8094d7aea4ab6?s=96&#038;r=g&#038;d=initials","url":"\/\/www.gravatar.com\/avatar\/21e5b26d4f12b21206d8094d7aea4ab6?s=96&#038;r=g&#038;d=initials","contentUrl":"\/\/www.gravatar.com\/avatar\/21e5b26d4f12b21206d8094d7aea4ab6?s=96&#038;r=g&#038;d=initials","caption":"Rainer Hofmann"},"sameAs":["https:\/\/kaizen-blog.org"],"url":"https:\/\/kaizen-blog.org\/en\/author\/admin\/"}]}},"jetpack_publicize_connections":[],"jetpack_featured_media_url":"https:\/\/i0.wp.com\/kaizen-blog.org\/wp-content\/uploads\/2025\/05\/kim-trump-putin.webp?fit=994%2C508&ssl=1","jetpack_sharing_enabled":true,"jetpack-related-posts":[{"id":4822,"url":"https:\/\/kaizen-blog.org\/en\/geburtstag-mit-platzkarte-wie-trump-sich-seine-parade-leerreservieren-liess\/","url_meta":{"origin":1001,"position":0},"title":"Birthday with a Seat Reservation - How Trump Got His Parade Booked Out and Emptied","author":"Rainer Hofmann","date":"June 16, 2025","format":false,"excerpt":"Washington, 16. Juni 2025 \u2013 Es war der gro\u00dfe Tag des gro\u00dfen Mannes. Die Armee wurde 250, Trump 79 \u2013 und gemeinsam marschierten sie auf, als sei die Nation noch intakt. Doch was als Triumph des Milit\u00e4rs und des Egos gedacht war, endete in einer Choreografie des Leerlaufs. Wo einst\u2026","rel":"","context":"In &quot;Topstory&quot;","block_context":{"text":"Topstory","link":"https:\/\/kaizen-blog.org\/en\/category\/topstory\/"},"img":{"alt_text":"","src":"https:\/\/i0.wp.com\/kaizen-blog.org\/wp-content\/uploads\/2025\/06\/parade.webp?fit=850%2C508&ssl=1&resize=350%2C200","width":350,"height":200,"srcset":"https:\/\/i0.wp.com\/kaizen-blog.org\/wp-content\/uploads\/2025\/06\/parade.webp?fit=850%2C508&ssl=1&resize=350%2C200 1x, https:\/\/i0.wp.com\/kaizen-blog.org\/wp-content\/uploads\/2025\/06\/parade.webp?fit=850%2C508&ssl=1&resize=525%2C300 1.5x, https:\/\/i0.wp.com\/kaizen-blog.org\/wp-content\/uploads\/2025\/06\/parade.webp?fit=850%2C508&ssl=1&resize=700%2C400 2x"},"classes":[]},{"id":4603,"url":"https:\/\/kaizen-blog.org\/en\/die-parade-der-peinlichkeit-wie-trump-das-militaer-zu-seinem-geburtstag-degradierte\/","url_meta":{"origin":1001,"position":1},"title":"The Parade of Embarrassment - How Trump Degraded the Military for His Birthday","author":"Rainer Hofmann","date":"June 14, 2025","format":false,"excerpt":"Washington, 14. Juni 2025 \u2013 Es regnete keine Ehrbekundungen, sondern Spott. Die Armee der Vereinigten Staaten marschierte an diesem Samstag \u00fcber die National Mall \u2013 schwer bewaffnet, orchestriert, routiniert \u2013 und doch wirkte alles wie ein grotesk aufgeblasener Faschingsumzug ohne Pointe. Pr\u00e4sident Donald Trump hatte zum 250. Jubil\u00e4um der US-Armee\u2026","rel":"","context":"In &quot;Topstory&quot;","block_context":{"text":"Topstory","link":"https:\/\/kaizen-blog.org\/en\/category\/topstory\/"},"img":{"alt_text":"","src":"https:\/\/i0.wp.com\/kaizen-blog.org\/wp-content\/uploads\/2025\/06\/parade4.webp?fit=850%2C508&ssl=1&resize=350%2C200","width":350,"height":200,"srcset":"https:\/\/i0.wp.com\/kaizen-blog.org\/wp-content\/uploads\/2025\/06\/parade4.webp?fit=850%2C508&ssl=1&resize=350%2C200 1x, https:\/\/i0.wp.com\/kaizen-blog.org\/wp-content\/uploads\/2025\/06\/parade4.webp?fit=850%2C508&ssl=1&resize=525%2C300 1.5x, https:\/\/i0.wp.com\/kaizen-blog.org\/wp-content\/uploads\/2025\/06\/parade4.webp?fit=850%2C508&ssl=1&resize=700%2C400 2x"},"classes":[]},{"id":4754,"url":"https:\/\/kaizen-blog.org\/en\/hier-marschieren-die-wahren-profis-was-trump-von-der-mexikanischen-welpen-parade-lernen-koennte\/","url_meta":{"origin":1001,"position":2},"title":"Here Come the Real Professionals - What Trump Could Learn from the Mexican Puppy Parade","author":"Rainer Hofmann","date":"June 16, 2025","format":false,"excerpt":"Es war der 14. Juni 2025, und Donald Trump hatte wieder einmal zur gro\u00dfen Parade geladen \u2013 ein milit\u00e4risches Spektakel zum eigenen Geburtstag, gewandet in Pomp, Pathos und PR. Kostenpunkt: bis zu 45 Millionen Dollar. Ergebnis: eine Mischung aus leerem Asphalt, verirrten Blicken und endlosen Reden. Die Zuschauer? Sp\u00e4rlich. Die\u2026","rel":"","context":"In &quot;NEWS&quot;","block_context":{"text":"NEWS","link":"https:\/\/kaizen-blog.org\/en\/category\/news\/"},"img":{"alt_text":"","src":"https:\/\/i0.wp.com\/kaizen-blog.org\/wp-content\/uploads\/2025\/06\/puppy.webp?fit=850%2C508&ssl=1&resize=350%2C200","width":350,"height":200,"srcset":"https:\/\/i0.wp.com\/kaizen-blog.org\/wp-content\/uploads\/2025\/06\/puppy.webp?fit=850%2C508&ssl=1&resize=350%2C200 1x, https:\/\/i0.wp.com\/kaizen-blog.org\/wp-content\/uploads\/2025\/06\/puppy.webp?fit=850%2C508&ssl=1&resize=525%2C300 1.5x, https:\/\/i0.wp.com\/kaizen-blog.org\/wp-content\/uploads\/2025\/06\/puppy.webp?fit=850%2C508&ssl=1&resize=700%2C400 2x"},"classes":[]},{"id":4981,"url":"https:\/\/kaizen-blog.org\/en\/trump-zerlegt-hegseth-parade-zu-nett-soldaten-zu-freundlich\/","url_meta":{"origin":1001,"position":3},"title":"Trump Rips Into Hegseth: Parade \u201cToo Nice,\u201d Soldiers \u201cToo Friendly\u201d","author":"Rainer Hofmann","date":"June 17, 2025","format":false,"excerpt":"Es h\u00e4tte ein Donnerhall der Macht werden sollen. Ein Triumphmarsch aus Stahl, Disziplin und todernster Miene. Doch stattdessen: gewunken, gel\u00e4chelt, gewippt. Und das alles \u2013 vor leeren R\u00e4ngen. Donald Trump ist au\u00dfer sich. Der Mann, der an seinem 79. Geburtstag nicht nur die Armee feierte, sondern auch sich selbst, sieht\u2026","rel":"","context":"In &quot;Topstory&quot;","block_context":{"text":"Topstory","link":"https:\/\/kaizen-blog.org\/en\/category\/topstory\/"},"img":{"alt_text":"","src":"https:\/\/i0.wp.com\/kaizen-blog.org\/wp-content\/uploads\/2025\/06\/ramedout.webp?fit=850%2C508&ssl=1&resize=350%2C200","width":350,"height":200,"srcset":"https:\/\/i0.wp.com\/kaizen-blog.org\/wp-content\/uploads\/2025\/06\/ramedout.webp?fit=850%2C508&ssl=1&resize=350%2C200 1x, https:\/\/i0.wp.com\/kaizen-blog.org\/wp-content\/uploads\/2025\/06\/ramedout.webp?fit=850%2C508&ssl=1&resize=525%2C300 1.5x, https:\/\/i0.wp.com\/kaizen-blog.org\/wp-content\/uploads\/2025\/06\/ramedout.webp?fit=850%2C508&ssl=1&resize=700%2C400 2x"},"classes":[]},{"id":3810,"url":"https:\/\/kaizen-blog.org\/en\/eine-stadt-im-ausnahmezustand-wie-donald-trump-washington-in-ein-militaerisches-schaulaufen-verwandelt\/","url_meta":{"origin":1001,"position":4},"title":"A City Under Siege - How Donald Trump Turns Washington Into a Military Spectacle","author":"Rainer Hofmann","date":"June 10, 2025","format":false,"excerpt":"Es ist kaum eine Woche vergangen, seit sich Regenbogenfahnen durch die Stra\u00dfen Washingtons zogen, als World Pride die Hauptstadt in ein Fest der Vielfalt verwandelte. Die Stra\u00dfen waren bunt, die Botschaft klar: Gleichheit, Sichtbarkeit, Freiheit. Doch nun ist es, als h\u00e4tte jemand den Vorhang zugezogen und das B\u00fchnenbild radikal ausgetauscht.\u2026","rel":"","context":"In &quot;NEWS&quot;","block_context":{"text":"NEWS","link":"https:\/\/kaizen-blog.org\/en\/category\/news\/"},"img":{"alt_text":"","src":"https:\/\/i0.wp.com\/kaizen-blog.org\/wp-content\/uploads\/2025\/06\/parade-washington.webp?fit=850%2C508&ssl=1&resize=350%2C200","width":350,"height":200,"srcset":"https:\/\/i0.wp.com\/kaizen-blog.org\/wp-content\/uploads\/2025\/06\/parade-washington.webp?fit=850%2C508&ssl=1&resize=350%2C200 1x, https:\/\/i0.wp.com\/kaizen-blog.org\/wp-content\/uploads\/2025\/06\/parade-washington.webp?fit=850%2C508&ssl=1&resize=525%2C300 1.5x, https:\/\/i0.wp.com\/kaizen-blog.org\/wp-content\/uploads\/2025\/06\/parade-washington.webp?fit=850%2C508&ssl=1&resize=700%2C400 2x"},"classes":[]},{"id":3904,"url":"https:\/\/kaizen-blog.org\/en\/befreiung-im-namen-des-krieges-donald-trumps-rede-in-fort-bragg-und-das-ende-der-republikanischen-maske\/","url_meta":{"origin":1001,"position":5},"title":"\u201cLiberation\u201d in the Name of War \u2013 Donald Trump\u2019s Speech at Fort Bragg and the End of the Republican Mask","author":"Rainer Hofmann","date":"June 11, 2025","format":false,"excerpt":"Es war als Feier angek\u00fcndigt \u2013 ein Festtag zu Ehren der 250-j\u00e4hrigen Geschichte der US-Armee. Doch was Donald Trump am 10. Juni 2025 in Fort Bragg, North Carolina, ins Mikrofon br\u00fcllte, klang weniger nach patriotischer W\u00fcrdigung als nach einer dunklen Vision der Gegenwart: eine Rede, geschmiedet aus Zorn, Herrschaftsphantasien und\u2026","rel":"","context":"In &quot;Dark America&quot;","block_context":{"text":"Dark America","link":"https:\/\/kaizen-blog.org\/en\/category\/dark-america\/"},"img":{"alt_text":"","src":"https:\/\/i0.wp.com\/kaizen-blog.org\/wp-content\/uploads\/2025\/06\/trump-speech.webp?fit=850%2C508&ssl=1&resize=350%2C200","width":350,"height":200,"srcset":"https:\/\/i0.wp.com\/kaizen-blog.org\/wp-content\/uploads\/2025\/06\/trump-speech.webp?fit=850%2C508&ssl=1&resize=350%2C200 1x, https:\/\/i0.wp.com\/kaizen-blog.org\/wp-content\/uploads\/2025\/06\/trump-speech.webp?fit=850%2C508&ssl=1&resize=525%2C300 1.5x, https:\/\/i0.wp.com\/kaizen-blog.org\/wp-content\/uploads\/2025\/06\/trump-speech.webp?fit=850%2C508&ssl=1&resize=700%2C400 2x"},"classes":[]}],"_links":{"self":[{"href":"https:\/\/kaizen-blog.org\/en\/wp-json\/wp\/v2\/posts\/1001","targetHints":{"allow":["GET"]}}],"collection":[{"href":"https:\/\/kaizen-blog.org\/en\/wp-json\/wp\/v2\/posts"}],"about":[{"href":"https:\/\/kaizen-blog.org\/en\/wp-json\/wp\/v2\/types\/post"}],"author":[{"embeddable":true,"href":"https:\/\/kaizen-blog.org\/en\/wp-json\/wp\/v2\/users\/1"}],"replies":[{"embeddable":true,"href":"https:\/\/kaizen-blog.org\/en\/wp-json\/wp\/v2\/comments?post=1001"}],"version-history":[{"count":0,"href":"https:\/\/kaizen-blog.org\/en\/wp-json\/wp\/v2\/posts\/1001\/revisions"}],"wp:featuredmedia":[{"embeddable":true,"href":"https:\/\/kaizen-blog.org\/en\/wp-json\/wp\/v2\/media\/1002"}],"wp:attachment":[{"href":"https:\/\/kaizen-blog.org\/en\/wp-json\/wp\/v2\/media?parent=1001"}],"wp:term":[{"taxonomy":"category","embeddable":true,"href":"https:\/\/kaizen-blog.org\/en\/wp-json\/wp\/v2\/categories?post=1001"},{"taxonomy":"post_tag","embeddable":true,"href":"https:\/\/kaizen-blog.org\/en\/wp-json\/wp\/v2\/tags?post=1001"}],"curies":[{"name":"wp","href":"https:\/\/api.w.org\/{rel}","templated":true}]}}